{"id":38618,"date":"2019-08-06T14:51:13","date_gmt":"2019-08-06T18:51:13","guid":{"rendered":"https:\/\/dev.explora.cl\/tarapaca\/?p=38618"},"modified":"2020-06-26T17:18:40","modified_gmt":"2020-06-26T21:18:40","slug":"album-explora-explicara-con-laminas-y-experimentos-la-importancia-del-sol-a-los-ninos-y-ninas-de-tarapaca","status":"publish","type":"post","link":"https:\/\/dev.explora.cl\/tarapaca\/album-explora-explicara-con-laminas-y-experimentos-la-importancia-del-sol-a-los-ninos-y-ninas-de-tarapaca\/","title":{"rendered":"\u00c1lbum Explora explica con l\u00e1minas y experimentos la importancia del sol a los ni\u00f1os y ni\u00f1as de Tarapac\u00e1"},"content":{"rendered":"<p class=\"western\" style=\"text-align: left\" align=\"center\"><span lang=\"es-ES\"><i><b>*\u00c1lbum \u201cEclipsados\u201d del PAR Explora de CONICYT Tarapac\u00e1, busca promover la ciencia y la tecnolog\u00eda ni\u00f1os desde educaci\u00f3n parvularia hasta cuarto b\u00e1sico de los establecimientos educacionales de toda la regi\u00f3n.<\/b><\/i><\/span><\/p>\n<p class=\"western\" align=\"justify\"><span lang=\"es-ES\">\u00bfC\u00f3mo los estudiantes de Tarapac\u00e1 podr\u00edan ayudar a Rodo, Tina, El\u00edas, Olga y el simp\u00e1tico gato \u201cEclipse\u201d para salvar la tierra de la \u201cOscuridad\u201d? Esta es la propuesta que desarrolla el lbum Explora 2019.Esta nueva herramienta pedag\u00f3gica, en formato de \u00e1lbum de 34 p\u00e1ginas llamada \u201cEclipsados, en busca de los poderes del sol\u201d, se realiza en el marco del \u201ca\u00f1o del Sol\u201d para el proyecto Explora de la Comisi\u00f3n Nacional de Investigaci\u00f3n Cient\u00edfica y Tecnol\u00f3gica (CONICYT). El \u00e1lbum se pone a disposici\u00f3n de estudiantes desde educaci\u00f3n parvularia hasta cuarto b\u00e1sico de todos los establecimientos educacionales de la regi\u00f3n de Tarapac\u00e1, quienes podr\u00e1n inscribir m\u00e1s de un curso por establecimiento. El \u00e1lbum, que tiene 45 l\u00e1minas coleccionables, tambi\u00e9n ense\u00f1ar\u00e1 sobre la importancia del Sol a trav\u00e9s de 8 actividades pedag\u00f3gicas.<\/span><\/p>\n<p class=\"western\" align=\"justify\"><a name=\"_GoBack\"><\/a> <span lang=\"es-ES\">La directora del PAR Explora de CONICYT Tarapac\u00e1, Valeska Zepeda Cordero se\u00f1ala que \u201cesta es una gran herramienta pedag\u00f3gica que ilustra a los ni\u00f1os y ni\u00f1as sobre la importancia del sol a trav\u00e9s de una entretenida historia, que adem\u00e1s se complementa con experimentos llamativos para los m\u00e1s peque\u00f1os. Esperamos que los docentes inscriban a sus cursos cuanto antes, para hacer efectiva la entrega en la capacitaci\u00f3n. Para los ganadores de esta iniciativa tendremos una excursi\u00f3n. El a\u00f1o pasado fuimos a la oficina salitrera Santiago Humberstone\u201d. <\/span><\/p>\n<p class=\"western\" align=\"justify\"><span lang=\"es-ES\">El PAR Explora de CONICYT Tarapac\u00e1 ofrecer\u00e1 tres capacitaciones en la regi\u00f3n, oportunidad en la cual tambi\u00e9n se har\u00e1 entrega de los \u00e1lbum solicitados por plataforma. La primera es para los establecimientos educacionales de Alto Hospicio, la cual se realizar\u00e1 en el Colegio Macaya, a las 17:00 horas del martes 13 de agosto. Una segunda capacitaci\u00f3n ser\u00e1 para los establecimientos educacionales de Iquique, a realizarse el mi\u00e9rcoles 14 de agosto, a las 17:00 horas, en Baquedano #1335, donde se encuentra ubicada el \u00e1rea de Pedagog\u00eda de la Universidad de Tarapac\u00e1. Finalmente, los establecimientos educacionales de la provincia del Tamarugal se reunir\u00e1n en la comuna de Huara, donde su capacitaci\u00f3n ser\u00e1 el lunes 19 de agosto, a las 10:30 de la ma\u00f1ana, en el Liceo de Huara.<\/span><\/p>\n<p class=\"western\" align=\"justify\"><span lang=\"es-ES\">Para conocer e inscribir cursos deben visitar la web <\/span><span style=\"color: #0000ff\"><u><a href=\"http:\/\/www.albumdev.explora.cl\/\"><span lang=\"es-ES\">www.albumdev.explora.cl<\/span><\/a><\/u><\/span><span lang=\"es-ES\"> hasta el 18 de agosto. Sin embargo, para mayor informaci\u00f3n pueden tomar contacto con el Encargado del \u201c\u00c1lbum Explora\u201d, Alejandro \u00c1lvarez, al correo electr\u00f3nico: alejandro.alvarez.explora@gmail.com.<\/span><\/p>\n","protected":false},"excerpt":{"rendered":"<p>\u00c1lbum \u201cEclipsados\u201d del PAR Explora de CONICYT Tarapac\u00e1, busca promover la ciencia y la tecnolog\u00eda ni\u00f1os desde educaci\u00f3n parvularia hasta cuarto b\u00e1sico de los establecimientos educacionales de toda la regi\u00f3n.<\/p>\n","protected":false},"author":18,"featured_media":38624,"comment_status":"open","ping_status":"open","sticky":false,"template":"","format":"standard","meta":{"_acf_changed":false,"_exactmetrics_skip_tracking":false,"_exactmetrics_sitenote_active":false,"_exactmetrics_sitenote_note":"","_exactmetrics_sitenote_category":0,"footnotes":"","_links_to":"","_links_to_target":""},"categories":[4],"tags":[],"class_list":["post-38618","post","type-post","status-publish","format-standard","has-post-thumbnail","hentry","category-noticias"],"acf":[],"yoast_head":"<!-- This site is optimized with the Yoast SEO plugin v26.7 - https:\/\/yoast.com\/wordpress\/plugins\/seo\/ -->\n<title>\u00c1lbum Explora explica con l\u00e1minas y experimentos la importancia del sol a los ni\u00f1os y ni\u00f1as de Tarapac\u00e1 - Tarapaca<\/title>\n<meta name=\"robots\" content=\"index, follow, max-snippet:-1, max-image-preview:large, max-video-preview:-1\" \/>\n<link rel=\"canonical\" href=\"https:\/\/dev.explora.cl\/tarapaca\/album-explora-explicara-con-laminas-y-experimentos-la-importancia-del-sol-a-los-ninos-y-ninas-de-tarapaca\/\" class=\"yoast-seo-meta-tag\" \/>\n<meta property=\"og:locale\" content=\"es_ES\" class=\"yoast-seo-meta-tag\" \/>\n<meta property=\"og:type\" content=\"article\" class=\"yoast-seo-meta-tag\" \/>\n<meta property=\"og:title\" content=\"\u00c1lbum Explora explica con l\u00e1minas y experimentos la importancia del sol a los ni\u00f1os y ni\u00f1as de Tarapac\u00e1 - Tarapaca\" class=\"yoast-seo-meta-tag\" \/>\n<meta property=\"og:description\" content=\"\u00c1lbum \u201cEclipsados\u201d del PAR Explora de CONICYT Tarapac\u00e1, busca promover la ciencia y la tecnolog\u00eda ni\u00f1os desde educaci\u00f3n parvularia hasta cuarto b\u00e1sico de los establecimientos educacionales de toda la regi\u00f3n.\" class=\"yoast-seo-meta-tag\" \/>\n<meta property=\"og:url\" content=\"https:\/\/dev.explora.cl\/tarapaca\/album-explora-explicara-con-laminas-y-experimentos-la-importancia-del-sol-a-los-ninos-y-ninas-de-tarapaca\/\" class=\"yoast-seo-meta-tag\" \/>\n<meta property=\"og:site_name\" content=\"Tarapaca\" class=\"yoast-seo-meta-tag\" \/>\n<meta property=\"article:published_time\" content=\"2019-08-06T18:51:13+00:00\" class=\"yoast-seo-meta-tag\" \/>\n<meta property=\"article:modified_time\" content=\"2020-06-26T21:18:40+00:00\" class=\"yoast-seo-meta-tag\" \/>\n<meta property=\"og:image\" content=\"https:\/\/dev.explora.cl\/tarapaca\/wp-content\/uploads\/sites\/3\/2019\/08\/banner-web-album-01.jpg\" class=\"yoast-seo-meta-tag\" \/>\n\t<meta property=\"og:image:width\" content=\"3067\" class=\"yoast-seo-meta-tag\" \/>\n\t<meta property=\"og:image:height\" content=\"1750\" class=\"yoast-seo-meta-tag\" \/>\n\t<meta property=\"og:image:type\" content=\"image\/jpeg\" class=\"yoast-seo-meta-tag\" \/>\n<meta name=\"author\" content=\"admintarapaca\" class=\"yoast-seo-meta-tag\" \/>\n<meta name=\"twitter:card\" content=\"summary_large_image\" class=\"yoast-seo-meta-tag\" \/>\n<meta name=\"twitter:label1\" content=\"Escrito por\" class=\"yoast-seo-meta-tag\" \/>\n\t<meta name=\"twitter:data1\" content=\"admintarapaca\" class=\"yoast-seo-meta-tag\" \/>\n\t<meta name=\"twitter:label2\" content=\"Tiempo estimado de lectura\" class=\"yoast-seo-meta-tag\" \/>\n\t<meta name=\"twitter:data2\" content=\"2 minutos\" class=\"yoast-seo-meta-tag\" \/>\n<script type=\"application\/ld+json\" class=\"yoast-schema-graph\">{\"@context\":\"https:\/\/schema.org\",\"@graph\":[{\"@type\":\"Article\",\"@id\":\"https:\/\/dev.explora.cl\/tarapaca\/album-explora-explicara-con-laminas-y-experimentos-la-importancia-del-sol-a-los-ninos-y-ninas-de-tarapaca\/#article\",\"isPartOf\":{\"@id\":\"https:\/\/dev.explora.cl\/tarapaca\/album-explora-explicara-con-laminas-y-experimentos-la-importancia-del-sol-a-los-ninos-y-ninas-de-tarapaca\/\"},\"author\":{\"name\":\"admintarapaca\",\"@id\":\"https:\/\/dev.explora.cl\/tarapaca\/#\/schema\/person\/ca04f8a8f8e25243bd462d34eb1ca505\"},\"headline\":\"\u00c1lbum Explora explica con l\u00e1minas y experimentos la importancia del sol a los ni\u00f1os y ni\u00f1as de Tarapac\u00e1\",\"datePublished\":\"2019-08-06T18:51:13+00:00\",\"dateModified\":\"2020-06-26T21:18:40+00:00\",\"mainEntityOfPage\":{\"@id\":\"https:\/\/dev.explora.cl\/tarapaca\/album-explora-explicara-con-laminas-y-experimentos-la-importancia-del-sol-a-los-ninos-y-ninas-de-tarapaca\/\"},\"wordCount\":470,\"commentCount\":0,\"image\":{\"@id\":\"https:\/\/dev.explora.cl\/tarapaca\/album-explora-explicara-con-laminas-y-experimentos-la-importancia-del-sol-a-los-ninos-y-ninas-de-tarapaca\/#primaryimage\"},\"thumbnailUrl\":\"https:\/\/dev.explora.cl\/tarapaca\/wp-content\/uploads\/sites\/3\/2019\/08\/banner-web-album-01.jpg\",\"articleSection\":[\"Noticias\"],\"inLanguage\":\"es-CL\",\"potentialAction\":[{\"@type\":\"CommentAction\",\"name\":\"Comment\",\"target\":[\"https:\/\/dev.explora.cl\/tarapaca\/album-explora-explicara-con-laminas-y-experimentos-la-importancia-del-sol-a-los-ninos-y-ninas-de-tarapaca\/#respond\"]}]},{\"@type\":\"WebPage\",\"@id\":\"https:\/\/dev.explora.cl\/tarapaca\/album-explora-explicara-con-laminas-y-experimentos-la-importancia-del-sol-a-los-ninos-y-ninas-de-tarapaca\/\",\"url\":\"https:\/\/dev.explora.cl\/tarapaca\/album-explora-explicara-con-laminas-y-experimentos-la-importancia-del-sol-a-los-ninos-y-ninas-de-tarapaca\/\",\"name\":\"\u00c1lbum Explora explica con l\u00e1minas y experimentos la importancia del sol a los ni\u00f1os y ni\u00f1as de Tarapac\u00e1 - Tarapaca\",\"isPartOf\":{\"@id\":\"https:\/\/dev.explora.cl\/tarapaca\/#website\"},\"primaryImageOfPage\":{\"@id\":\"https:\/\/dev.explora.cl\/tarapaca\/album-explora-explicara-con-laminas-y-experimentos-la-importancia-del-sol-a-los-ninos-y-ninas-de-tarapaca\/#primaryimage\"},\"image\":{\"@id\":\"https:\/\/dev.explora.cl\/tarapaca\/album-explora-explicara-con-laminas-y-experimentos-la-importancia-del-sol-a-los-ninos-y-ninas-de-tarapaca\/#primaryimage\"},\"thumbnailUrl\":\"https:\/\/dev.explora.cl\/tarapaca\/wp-content\/uploads\/sites\/3\/2019\/08\/banner-web-album-01.jpg\",\"datePublished\":\"2019-08-06T18:51:13+00:00\",\"dateModified\":\"2020-06-26T21:18:40+00:00\",\"author\":{\"@id\":\"https:\/\/dev.explora.cl\/tarapaca\/#\/schema\/person\/ca04f8a8f8e25243bd462d34eb1ca505\"},\"breadcrumb\":{\"@id\":\"https:\/\/dev.explora.cl\/tarapaca\/album-explora-explicara-con-laminas-y-experimentos-la-importancia-del-sol-a-los-ninos-y-ninas-de-tarapaca\/#breadcrumb\"},\"inLanguage\":\"es-CL\",\"potentialAction\":[{\"@type\":\"ReadAction\",\"target\":[\"https:\/\/dev.explora.cl\/tarapaca\/album-explora-explicara-con-laminas-y-experimentos-la-importancia-del-sol-a-los-ninos-y-ninas-de-tarapaca\/\"]}]},{\"@type\":\"ImageObject\",\"inLanguage\":\"es-CL\",\"@id\":\"https:\/\/dev.explora.cl\/tarapaca\/album-explora-explicara-con-laminas-y-experimentos-la-importancia-del-sol-a-los-ninos-y-ninas-de-tarapaca\/#primaryimage\",\"url\":\"https:\/\/dev.explora.cl\/tarapaca\/wp-content\/uploads\/sites\/3\/2019\/08\/banner-web-album-01.jpg\",\"contentUrl\":\"https:\/\/dev.explora.cl\/tarapaca\/wp-content\/uploads\/sites\/3\/2019\/08\/banner-web-album-01.jpg\",\"width\":3067,\"height\":1750},{\"@type\":\"BreadcrumbList\",\"@id\":\"https:\/\/dev.explora.cl\/tarapaca\/album-explora-explicara-con-laminas-y-experimentos-la-importancia-del-sol-a-los-ninos-y-ninas-de-tarapaca\/#breadcrumb\",\"itemListElement\":[{\"@type\":\"ListItem\",\"position\":1,\"name\":\"Portada\",\"item\":\"https:\/\/dev.explora.cl\/tarapaca\/\"},{\"@type\":\"ListItem\",\"position\":2,\"name\":\"\u00c1lbum Explora explica con l\u00e1minas y experimentos la importancia del sol a los ni\u00f1os y ni\u00f1as de Tarapac\u00e1\"}]},{\"@type\":\"WebSite\",\"@id\":\"https:\/\/dev.explora.cl\/tarapaca\/#website\",\"url\":\"https:\/\/dev.explora.cl\/tarapaca\/\",\"name\":\"Tarapaca\",\"description\":\"Otro sitio m\u00e1s de dev.explora.cl\",\"potentialAction\":[{\"@type\":\"SearchAction\",\"target\":{\"@type\":\"EntryPoint\",\"urlTemplate\":\"https:\/\/dev.explora.cl\/tarapaca\/?s={search_term_string}\"},\"query-input\":{\"@type\":\"PropertyValueSpecification\",\"valueRequired\":true,\"valueName\":\"search_term_string\"}}],\"inLanguage\":\"es-CL\"},{\"@type\":\"Person\",\"@id\":\"https:\/\/dev.explora.cl\/tarapaca\/#\/schema\/person\/ca04f8a8f8e25243bd462d34eb1ca505\",\"name\":\"admintarapaca\",\"image\":{\"@type\":\"ImageObject\",\"inLanguage\":\"es-CL\",\"@id\":\"https:\/\/dev.explora.cl\/tarapaca\/#\/schema\/person\/image\/\",\"url\":\"https:\/\/secure.gravatar.com\/avatar\/8ff4762fabbf7a1732a126425c82d628f08ba754529d77a55358cbb74e14343f?s=96&d=mm&r=g\",\"contentUrl\":\"https:\/\/secure.gravatar.com\/avatar\/8ff4762fabbf7a1732a126425c82d628f08ba754529d77a55358cbb74e14343f?s=96&d=mm&r=g\",\"caption\":\"admintarapaca\"},\"url\":\"https:\/\/dev.explora.cl\/tarapaca\/author\/dolivares\/\"}]}<\/script>\n<!-- \/ Yoast SEO plugin. -->","yoast_head_json":{"title":"\u00c1lbum Explora explica con l\u00e1minas y experimentos la importancia del sol a los ni\u00f1os y ni\u00f1as de Tarapac\u00e1 - Tarapaca","robots":{"index":"index","follow":"follow","max-snippet":"max-snippet:-1","max-image-preview":"max-image-preview:large","max-video-preview":"max-video-preview:-1"},"canonical":"https:\/\/dev.explora.cl\/tarapaca\/album-explora-explicara-con-laminas-y-experimentos-la-importancia-del-sol-a-los-ninos-y-ninas-de-tarapaca\/","og_locale":"es_ES","og_type":"article","og_title":"\u00c1lbum Explora explica con l\u00e1minas y experimentos la importancia del sol a los ni\u00f1os y ni\u00f1as de Tarapac\u00e1 - Tarapaca","og_description":"\u00c1lbum \u201cEclipsados\u201d del PAR Explora de CONICYT Tarapac\u00e1, busca promover la ciencia y la tecnolog\u00eda ni\u00f1os desde educaci\u00f3n parvularia hasta cuarto b\u00e1sico de los establecimientos educacionales de toda la regi\u00f3n.","og_url":"https:\/\/dev.explora.cl\/tarapaca\/album-explora-explicara-con-laminas-y-experimentos-la-importancia-del-sol-a-los-ninos-y-ninas-de-tarapaca\/","og_site_name":"Tarapaca","article_published_time":"2019-08-06T18:51:13+00:00","article_modified_time":"2020-06-26T21:18:40+00:00","og_image":[{"width":3067,"height":1750,"url":"https:\/\/dev.explora.cl\/tarapaca\/wp-content\/uploads\/sites\/3\/2019\/08\/banner-web-album-01.jpg","type":"image\/jpeg"}],"author":"admintarapaca","twitter_card":"summary_large_image","twitter_misc":{"Escrito por":"admintarapaca","Tiempo estimado de lectura":"2 minutos"},"schema":{"@context":"https:\/\/schema.org","@graph":[{"@type":"Article","@id":"https:\/\/dev.explora.cl\/tarapaca\/album-explora-explicara-con-laminas-y-experimentos-la-importancia-del-sol-a-los-ninos-y-ninas-de-tarapaca\/#article","isPartOf":{"@id":"https:\/\/dev.explora.cl\/tarapaca\/album-explora-explicara-con-laminas-y-experimentos-la-importancia-del-sol-a-los-ninos-y-ninas-de-tarapaca\/"},"author":{"name":"admintarapaca","@id":"https:\/\/dev.explora.cl\/tarapaca\/#\/schema\/person\/ca04f8a8f8e25243bd462d34eb1ca505"},"headline":"\u00c1lbum Explora explica con l\u00e1minas y experimentos la importancia del sol a los ni\u00f1os y ni\u00f1as de Tarapac\u00e1","datePublished":"2019-08-06T18:51:13+00:00","dateModified":"2020-06-26T21:18:40+00:00","mainEntityOfPage":{"@id":"https:\/\/dev.explora.cl\/tarapaca\/album-explora-explicara-con-laminas-y-experimentos-la-importancia-del-sol-a-los-ninos-y-ninas-de-tarapaca\/"},"wordCount":470,"commentCount":0,"image":{"@id":"https:\/\/dev.explora.cl\/tarapaca\/album-explora-explicara-con-laminas-y-experimentos-la-importancia-del-sol-a-los-ninos-y-ninas-de-tarapaca\/#primaryimage"},"thumbnailUrl":"https:\/\/dev.explora.cl\/tarapaca\/wp-content\/uploads\/sites\/3\/2019\/08\/banner-web-album-01.jpg","articleSection":["Noticias"],"inLanguage":"es-CL","potentialAction":[{"@type":"CommentAction","name":"Comment","target":["https:\/\/dev.explora.cl\/tarapaca\/album-explora-explicara-con-laminas-y-experimentos-la-importancia-del-sol-a-los-ninos-y-ninas-de-tarapaca\/#respond"]}]},{"@type":"WebPage","@id":"https:\/\/dev.explora.cl\/tarapaca\/album-explora-explicara-con-laminas-y-experimentos-la-importancia-del-sol-a-los-ninos-y-ninas-de-tarapaca\/","url":"https:\/\/dev.explora.cl\/tarapaca\/album-explora-explicara-con-laminas-y-experimentos-la-importancia-del-sol-a-los-ninos-y-ninas-de-tarapaca\/","name":"\u00c1lbum Explora explica con l\u00e1minas y experimentos la importancia del sol a los ni\u00f1os y ni\u00f1as de Tarapac\u00e1 - Tarapaca","isPartOf":{"@id":"https:\/\/dev.explora.cl\/tarapaca\/#website"},"primaryImageOfPage":{"@id":"https:\/\/dev.explora.cl\/tarapaca\/album-explora-explicara-con-laminas-y-experimentos-la-importancia-del-sol-a-los-ninos-y-ninas-de-tarapaca\/#primaryimage"},"image":{"@id":"https:\/\/dev.explora.cl\/tarapaca\/album-explora-explicara-con-laminas-y-experimentos-la-importancia-del-sol-a-los-ninos-y-ninas-de-tarapaca\/#primaryimage"},"thumbnailUrl":"https:\/\/dev.explora.cl\/tarapaca\/wp-content\/uploads\/sites\/3\/2019\/08\/banner-web-album-01.jpg","datePublished":"2019-08-06T18:51:13+00:00","dateModified":"2020-06-26T21:18:40+00:00","author":{"@id":"https:\/\/dev.explora.cl\/tarapaca\/#\/schema\/person\/ca04f8a8f8e25243bd462d34eb1ca505"},"breadcrumb":{"@id":"https:\/\/dev.explora.cl\/tarapaca\/album-explora-explicara-con-laminas-y-experimentos-la-importancia-del-sol-a-los-ninos-y-ninas-de-tarapaca\/#breadcrumb"},"inLanguage":"es-CL","potentialAction":[{"@type":"ReadAction","target":["https:\/\/dev.explora.cl\/tarapaca\/album-explora-explicara-con-laminas-y-experimentos-la-importancia-del-sol-a-los-ninos-y-ninas-de-tarapaca\/"]}]},{"@type":"ImageObject","inLanguage":"es-CL","@id":"https:\/\/dev.explora.cl\/tarapaca\/album-explora-explicara-con-laminas-y-experimentos-la-importancia-del-sol-a-los-ninos-y-ninas-de-tarapaca\/#primaryimage","url":"https:\/\/dev.explora.cl\/tarapaca\/wp-content\/uploads\/sites\/3\/2019\/08\/banner-web-album-01.jpg","contentUrl":"https:\/\/dev.explora.cl\/tarapaca\/wp-content\/uploads\/sites\/3\/2019\/08\/banner-web-album-01.jpg","width":3067,"height":1750},{"@type":"BreadcrumbList","@id":"https:\/\/dev.explora.cl\/tarapaca\/album-explora-explicara-con-laminas-y-experimentos-la-importancia-del-sol-a-los-ninos-y-ninas-de-tarapaca\/#breadcrumb","itemListElement":[{"@type":"ListItem","position":1,"name":"Portada","item":"https:\/\/dev.explora.cl\/tarapaca\/"},{"@type":"ListItem","position":2,"name":"\u00c1lbum Explora explica con l\u00e1minas y experimentos la importancia del sol a los ni\u00f1os y ni\u00f1as de Tarapac\u00e1"}]},{"@type":"WebSite","@id":"https:\/\/dev.explora.cl\/tarapaca\/#website","url":"https:\/\/dev.explora.cl\/tarapaca\/","name":"Tarapaca","description":"Otro sitio m\u00e1s de dev.explora.cl","potentialAction":[{"@type":"SearchAction","target":{"@type":"EntryPoint","urlTemplate":"https:\/\/dev.explora.cl\/tarapaca\/?s={search_term_string}"},"query-input":{"@type":"PropertyValueSpecification","valueRequired":true,"valueName":"search_term_string"}}],"inLanguage":"es-CL"},{"@type":"Person","@id":"https:\/\/dev.explora.cl\/tarapaca\/#\/schema\/person\/ca04f8a8f8e25243bd462d34eb1ca505","name":"admintarapaca","image":{"@type":"ImageObject","inLanguage":"es-CL","@id":"https:\/\/dev.explora.cl\/tarapaca\/#\/schema\/person\/image\/","url":"https:\/\/secure.gravatar.com\/avatar\/8ff4762fabbf7a1732a126425c82d628f08ba754529d77a55358cbb74e14343f?s=96&d=mm&r=g","contentUrl":"https:\/\/secure.gravatar.com\/avatar\/8ff4762fabbf7a1732a126425c82d628f08ba754529d77a55358cbb74e14343f?s=96&d=mm&r=g","caption":"admintarapaca"},"url":"https:\/\/dev.explora.cl\/tarapaca\/author\/dolivares\/"}]}},"_links":{"self":[{"href":"https:\/\/dev.explora.cl\/tarapaca\/wp-json\/wp\/v2\/posts\/38618","targetHints":{"allow":["GET"]}}],"collection":[{"href":"https:\/\/dev.explora.cl\/tarapaca\/wp-json\/wp\/v2\/posts"}],"about":[{"href":"https:\/\/dev.explora.cl\/tarapaca\/wp-json\/wp\/v2\/types\/post"}],"author":[{"embeddable":true,"href":"https:\/\/dev.explora.cl\/tarapaca\/wp-json\/wp\/v2\/users\/18"}],"replies":[{"embeddable":true,"href":"https:\/\/dev.explora.cl\/tarapaca\/wp-json\/wp\/v2\/comments?post=38618"}],"version-history":[{"count":5,"href":"https:\/\/dev.explora.cl\/tarapaca\/wp-json\/wp\/v2\/posts\/38618\/revisions"}],"predecessor-version":[{"id":38653,"href":"https:\/\/dev.explora.cl\/tarapaca\/wp-json\/wp\/v2\/posts\/38618\/revisions\/38653"}],"wp:featuredmedia":[{"embeddable":true,"href":"https:\/\/dev.explora.cl\/tarapaca\/wp-json\/wp\/v2\/media\/38624"}],"wp:attachment":[{"href":"https:\/\/dev.explora.cl\/tarapaca\/wp-json\/wp\/v2\/media?parent=38618"}],"wp:term":[{"taxonomy":"category","embeddable":true,"href":"https:\/\/dev.explora.cl\/tarapaca\/wp-json\/wp\/v2\/categories?post=38618"},{"taxonomy":"post_tag","embeddable":true,"href":"https:\/\/dev.explora.cl\/tarapaca\/wp-json\/wp\/v2\/tags?post=38618"}],"curies":[{"name":"wp","href":"https:\/\/api.w.org\/{rel}","templated":true}]}}