{"id":38471,"date":"2019-06-14T17:07:57","date_gmt":"2019-06-14T21:07:57","guid":{"rendered":"https:\/\/dev.explora.cl\/tarapaca\/?p=38471"},"modified":"2019-11-20T13:52:34","modified_gmt":"2019-11-20T16:52:34","slug":"congresoescolar_cienciaytecnologia","status":"publish","type":"post","link":"https:\/\/dev.explora.cl\/tarapaca\/congresoescolar_cienciaytecnologia\/","title":{"rendered":"Congreso Regional Escolar de las Ciencias y Tecnolog\u00eda (CRECyT) 2019"},"content":{"rendered":"<p>[vc_row][vc_column width=&#8221;2\/3&#8243;][vc_column_text]<img loading=\"lazy\" decoding=\"async\" class=\"size-medium wp-image-38589 alignright\" src=\"https:\/\/dev.explora.cl\/tarapaca\/wp-content\/uploads\/sites\/3\/2019\/06\/congreso_escolar_ciencia-240x300.jpg\" alt=\"\" width=\"240\" height=\"300\" srcset=\"https:\/\/dev.explora.cl\/tarapaca\/wp-content\/uploads\/sites\/3\/2019\/06\/congreso_escolar_ciencia-240x300.jpg 240w, https:\/\/dev.explora.cl\/tarapaca\/wp-content\/uploads\/sites\/3\/2019\/06\/congreso_escolar_ciencia-768x960.jpg 768w, https:\/\/dev.explora.cl\/tarapaca\/wp-content\/uploads\/sites\/3\/2019\/06\/congreso_escolar_ciencia-819x1024.jpg 819w, https:\/\/dev.explora.cl\/tarapaca\/wp-content\/uploads\/sites\/3\/2019\/06\/congreso_escolar_ciencia.jpg 1080w\" sizes=\"auto, (max-width: 240px) 100vw, 240px\" \/><\/p>\n<p>El Congreso Regional Escolar de las Ciencias y la Tecnolog\u00eda (CRECyT) es un encuentro de divulgaci\u00f3n de investigaciones escolares, donde estudiantes entre 5\u00b0 a\u00f1o de Educaci\u00f3n B\u00e1sica a 4\u00b0 a\u00f1o de Educaci\u00f3n Media, de establecimientos p\u00fablicos, particulares subvencionados y particulares pagados, presentan los resultados de sus proyectos de investigaci\u00f3n, basados en los procesos asociados al desarrollo de competencias cient\u00edficas. A su vez es una plataforma para compartir, conocer e interactuar con otros, ni\u00f1os, ni\u00f1as y adolescentes de otras comunas y contextos.<\/p>\n<p>Este a\u00f1o se presenta en su versi\u00f3n XVI y espera recibir iniciativas de toda la regi\u00f3n de Tarapac\u00e1. Al final de este sitio web puedes encontrar toda la documentaci\u00f3n necesaria para la postulaci\u00f3n de las iniciativas de investigaci\u00f3n cient\u00edfica escolar.<\/p>\n<p>Para cualquier duda o consulta, no dudes en escribirnos al correo electr\u00f3nico: <strong>mildren.araya.explora@gmail.com<\/strong>[\/vc_column_text][\/vc_column][vc_column width=&#8221;1\/3&#8243;][vc_video link=&#8221;https:\/\/www.youtube.com\/watch?v=2CIwx1k89gA&#8221;][vc_btn title=&#8221;PARA INSCRIBIRTE CONT\u00c1CTATE AQU\u00cd&#8221; shape=&#8221;square&#8221; align=&#8221;center&#8221; button_block=&#8221;true&#8221; link=&#8221;url:mailto%3A%20mildren.araya.explora%40gmail.com||target:%20_blank|&#8221;][\/vc_column][\/vc_row][vc_row][vc_column width=&#8221;1\/4&#8243;][vc_btn title=&#8221;BASES CONGRESO ESCOLAR EN CIENCIAS&#8221; link=&#8221;url:https%3A%2F%2Fdev.explora.cl%2Ftarapaca%2Fwp-content%2Fuploads%2Fsites%2F3%2F2019%2F07%2Fbases_congresoxvi.pdf|||&#8221;][vc_btn title=&#8221;ANEXOS CONGRESO&#8221; align=&#8221;center&#8221; button_block=&#8221;true&#8221; link=&#8221;url:https%3A%2F%2Fdev.explora.cl%2Ftarapaca%2Fwp-content%2Fuploads%2Fsites%2F3%2F2019%2F07%2Fanexos_congresoxvi.docx|||&#8221;][\/vc_column][vc_column width=&#8221;1\/4&#8243;][vc_btn title=&#8221;FORMULARIO CIENCIAS NATURALES&#8221; link=&#8221;url:https%3A%2F%2Fdev.explora.cl%2Ftarapaca%2Fwp-content%2Fuploads%2Fsites%2F3%2F2019%2F07%2Fformulario_cienciasnaturales.docx|||&#8221;][vc_btn title=&#8221;EVALUACI\u00d3N ESCRITA CIENCIAS NATURALES&#8221; link=&#8221;url:https%3A%2F%2Fdev.explora.cl%2Ftarapaca%2Fwp-content%2Fuploads%2Fsites%2F3%2F2019%2F07%2Fevaluacion_ciencias_trabajoescrito.docx|||&#8221;][vc_btn title=&#8221;EVALUACI\u00d3N STAND CIENCIAS NATURALES&#8221; link=&#8221;url:https%3A%2F%2Fdev.explora.cl%2Ftarapaca%2Fwp-content%2Fuploads%2Fsites%2F3%2F2019%2F07%2Fevaluacion_ciencias_trabajostand.docx|||&#8221;][\/vc_column][vc_column width=&#8221;1\/4&#8243;][vc_btn title=&#8221;FORMULARIO CIENCIAS SOCIALES&#8221; link=&#8221;url:https%3A%2F%2Fdev.explora.cl%2Ftarapaca%2Fwp-content%2Fuploads%2Fsites%2F3%2F2019%2F07%2Fformulario_cienciassociales.docx|||&#8221;][vc_btn title=&#8221;EVALUACI\u00d3N ESCRITA CIENCIAS SOCIALES&#8221; link=&#8221;url:https%3A%2F%2Fdev.explora.cl%2Ftarapaca%2Fwp-content%2Fuploads%2Fsites%2F3%2F2019%2F07%2Fevaluacion_cs_trabajoescrito.docx|||&#8221;][vc_btn title=&#8221;EVALUACI\u00d3N STAND CIENCIAS SOCIALES&#8221; link=&#8221;url:https%3A%2F%2Fdev.explora.cl%2Ftarapaca%2Fwp-content%2Fuploads%2Fsites%2F3%2F2019%2F07%2Fevaluacion_cs_trabajostand.docx|||&#8221;][\/vc_column][vc_column width=&#8221;1\/4&#8243;][vc_btn title=&#8221;FORMULARIO INGENIER\u00cdA Y TECNOLOG\u00cdA&#8221; link=&#8221;url:https%3A%2F%2Fdev.explora.cl%2Ftarapaca%2Fwp-content%2Fuploads%2Fsites%2F3%2F2019%2F07%2Fformulario_ingenieriaytecnologia.docx|||&#8221;][vc_btn title=&#8221;EVALUACI\u00d3N ESCRITA INGENIER\u00cdA Y TECNOLOG\u00cdA&#8221; link=&#8221;url:https%3A%2F%2Fdev.explora.cl%2Ftarapaca%2Fwp-content%2Fuploads%2Fsites%2F3%2F2019%2F07%2Fevaluacion_ing_tecno_trabajoescrito.docx|||&#8221;][vc_btn title=&#8221;EVALUACI\u00d3N STAND INGENIER\u00cdA Y TECNOLOG\u00cdA&#8221; link=&#8221;url:https%3A%2F%2Fdev.explora.cl%2Ftarapaca%2Fwp-content%2Fuploads%2Fsites%2F3%2F2019%2F07%2Fevaluacion_ing_tecno_trabajostand.docx|||&#8221;][\/vc_column][\/vc_row]<\/p>\n","protected":false},"excerpt":{"rendered":"<p>Celebraci\u00f3n nacional que busca la difusi\u00f3n de la Astronom\u00eda en toda la ciudadan\u00eda y que ejecuta diversos tipos de eventos en todo el pa\u00eds. Charlas de astr\u00f3nomos, observaciones abiertas a todo p\u00fablico, visitas a observatorios y conciertos son algunas de las actividades comunes de esta fiesta que en realidad no dura s\u00f3lo un d\u00eda, sino que casi una semana. <\/p>\n","protected":false},"author":18,"featured_media":38472,"comment_status":"closed","ping_status":"open","sticky":false,"template":"","format":"standard","meta":{"_acf_changed":false,"_exactmetrics_skip_tracking":false,"_exactmetrics_sitenote_active":false,"_exactmetrics_sitenote_note":"","_exactmetrics_sitenote_category":0,"footnotes":"","_links_to":"","_links_to_target":""},"categories":[127,116],"tags":[],"class_list":["post-38471","post","type-post","status-publish","format-standard","has-post-thumbnail","hentry","category-iniciativas_publ_grl","category-para-comunidad-escolar"],"acf":[],"yoast_head":"<!-- This site is optimized with the Yoast SEO plugin v26.7 - https:\/\/yoast.com\/wordpress\/plugins\/seo\/ -->\n<title>Congreso Regional Escolar de las Ciencias y Tecnolog\u00eda (CRECyT) 2019 - Tarapaca<\/title>\n<meta name=\"robots\" content=\"index, follow, max-snippet:-1, max-image-preview:large, max-video-preview:-1\" \/>\n<link rel=\"canonical\" href=\"https:\/\/dev.explora.cl\/tarapaca\/congresoescolar_cienciaytecnologia\/\" class=\"yoast-seo-meta-tag\" \/>\n<meta property=\"og:locale\" content=\"es_ES\" class=\"yoast-seo-meta-tag\" \/>\n<meta property=\"og:type\" content=\"article\" class=\"yoast-seo-meta-tag\" \/>\n<meta property=\"og:title\" content=\"Congreso Regional Escolar de las Ciencias y Tecnolog\u00eda (CRECyT) 2019 - Tarapaca\" class=\"yoast-seo-meta-tag\" \/>\n<meta property=\"og:description\" content=\"Celebraci\u00f3n nacional que busca la difusi\u00f3n de la Astronom\u00eda en toda la ciudadan\u00eda y que ejecuta diversos tipos de eventos en todo el pa\u00eds. Charlas de astr\u00f3nomos, observaciones abiertas a todo p\u00fablico, visitas a observatorios y conciertos son algunas de las actividades comunes de esta fiesta que en realidad no dura s\u00f3lo un d\u00eda, sino que casi una semana.\" class=\"yoast-seo-meta-tag\" \/>\n<meta property=\"og:url\" content=\"https:\/\/dev.explora.cl\/tarapaca\/congresoescolar_cienciaytecnologia\/\" class=\"yoast-seo-meta-tag\" \/>\n<meta property=\"og:site_name\" content=\"Tarapaca\" class=\"yoast-seo-meta-tag\" \/>\n<meta property=\"article:published_time\" content=\"2019-06-14T21:07:57+00:00\" class=\"yoast-seo-meta-tag\" \/>\n<meta property=\"article:modified_time\" content=\"2019-11-20T16:52:34+00:00\" class=\"yoast-seo-meta-tag\" \/>\n<meta property=\"og:image\" content=\"https:\/\/dev.explora.cl\/tarapaca\/wp-content\/uploads\/sites\/3\/2019\/06\/FOTO-CLUBES-1024x768.jpg\" class=\"yoast-seo-meta-tag\" \/>\n\t<meta property=\"og:image:width\" content=\"1024\" class=\"yoast-seo-meta-tag\" \/>\n\t<meta property=\"og:image:height\" content=\"768\" class=\"yoast-seo-meta-tag\" \/>\n\t<meta property=\"og:image:type\" content=\"image\/jpeg\" class=\"yoast-seo-meta-tag\" \/>\n<meta name=\"author\" content=\"admintarapaca\" class=\"yoast-seo-meta-tag\" \/>\n<meta name=\"twitter:card\" content=\"summary_large_image\" class=\"yoast-seo-meta-tag\" \/>\n<meta name=\"twitter:label1\" content=\"Escrito por\" class=\"yoast-seo-meta-tag\" \/>\n\t<meta name=\"twitter:data1\" content=\"admintarapaca\" class=\"yoast-seo-meta-tag\" \/>\n\t<meta name=\"twitter:label2\" content=\"Tiempo estimado de lectura\" class=\"yoast-seo-meta-tag\" \/>\n\t<meta name=\"twitter:data2\" content=\"3 minutos\" class=\"yoast-seo-meta-tag\" \/>\n<script type=\"application\/ld+json\" class=\"yoast-schema-graph\">{\"@context\":\"https:\/\/schema.org\",\"@graph\":[{\"@type\":\"Article\",\"@id\":\"https:\/\/dev.explora.cl\/tarapaca\/congresoescolar_cienciaytecnologia\/#article\",\"isPartOf\":{\"@id\":\"https:\/\/dev.explora.cl\/tarapaca\/congresoescolar_cienciaytecnologia\/\"},\"author\":{\"name\":\"admintarapaca\",\"@id\":\"https:\/\/dev.explora.cl\/tarapaca\/#\/schema\/person\/ca04f8a8f8e25243bd462d34eb1ca505\"},\"headline\":\"Congreso Regional Escolar de las Ciencias y Tecnolog\u00eda (CRECyT) 2019\",\"datePublished\":\"2019-06-14T21:07:57+00:00\",\"dateModified\":\"2019-11-20T16:52:34+00:00\",\"mainEntityOfPage\":{\"@id\":\"https:\/\/dev.explora.cl\/tarapaca\/congresoescolar_cienciaytecnologia\/\"},\"wordCount\":547,\"image\":{\"@id\":\"https:\/\/dev.explora.cl\/tarapaca\/congresoescolar_cienciaytecnologia\/#primaryimage\"},\"thumbnailUrl\":\"https:\/\/dev.explora.cl\/tarapaca\/wp-content\/uploads\/sites\/3\/2019\/06\/FOTO-CLUBES.jpg\",\"articleSection\":[\"Iniciativas\",\"Para Comunidad Escolar\"],\"inLanguage\":\"es-CL\"},{\"@type\":\"WebPage\",\"@id\":\"https:\/\/dev.explora.cl\/tarapaca\/congresoescolar_cienciaytecnologia\/\",\"url\":\"https:\/\/dev.explora.cl\/tarapaca\/congresoescolar_cienciaytecnologia\/\",\"name\":\"Congreso Regional Escolar de las Ciencias y Tecnolog\u00eda (CRECyT) 2019 - Tarapaca\",\"isPartOf\":{\"@id\":\"https:\/\/dev.explora.cl\/tarapaca\/#website\"},\"primaryImageOfPage\":{\"@id\":\"https:\/\/dev.explora.cl\/tarapaca\/congresoescolar_cienciaytecnologia\/#primaryimage\"},\"image\":{\"@id\":\"https:\/\/dev.explora.cl\/tarapaca\/congresoescolar_cienciaytecnologia\/#primaryimage\"},\"thumbnailUrl\":\"https:\/\/dev.explora.cl\/tarapaca\/wp-content\/uploads\/sites\/3\/2019\/06\/FOTO-CLUBES.jpg\",\"datePublished\":\"2019-06-14T21:07:57+00:00\",\"dateModified\":\"2019-11-20T16:52:34+00:00\",\"author\":{\"@id\":\"https:\/\/dev.explora.cl\/tarapaca\/#\/schema\/person\/ca04f8a8f8e25243bd462d34eb1ca505\"},\"breadcrumb\":{\"@id\":\"https:\/\/dev.explora.cl\/tarapaca\/congresoescolar_cienciaytecnologia\/#breadcrumb\"},\"inLanguage\":\"es-CL\",\"potentialAction\":[{\"@type\":\"ReadAction\",\"target\":[\"https:\/\/dev.explora.cl\/tarapaca\/congresoescolar_cienciaytecnologia\/\"]}]},{\"@type\":\"ImageObject\",\"inLanguage\":\"es-CL\",\"@id\":\"https:\/\/dev.explora.cl\/tarapaca\/congresoescolar_cienciaytecnologia\/#primaryimage\",\"url\":\"https:\/\/dev.explora.cl\/tarapaca\/wp-content\/uploads\/sites\/3\/2019\/06\/FOTO-CLUBES.jpg\",\"contentUrl\":\"https:\/\/dev.explora.cl\/tarapaca\/wp-content\/uploads\/sites\/3\/2019\/06\/FOTO-CLUBES.jpg\",\"width\":4128,\"height\":3096},{\"@type\":\"BreadcrumbList\",\"@id\":\"https:\/\/dev.explora.cl\/tarapaca\/congresoescolar_cienciaytecnologia\/#breadcrumb\",\"itemListElement\":[{\"@type\":\"ListItem\",\"position\":1,\"name\":\"Portada\",\"item\":\"https:\/\/dev.explora.cl\/tarapaca\/\"},{\"@type\":\"ListItem\",\"position\":2,\"name\":\"Congreso Regional Escolar de las Ciencias y Tecnolog\u00eda (CRECyT) 2019\"}]},{\"@type\":\"WebSite\",\"@id\":\"https:\/\/dev.explora.cl\/tarapaca\/#website\",\"url\":\"https:\/\/dev.explora.cl\/tarapaca\/\",\"name\":\"Tarapaca\",\"description\":\"Otro sitio m\u00e1s de dev.explora.cl\",\"potentialAction\":[{\"@type\":\"SearchAction\",\"target\":{\"@type\":\"EntryPoint\",\"urlTemplate\":\"https:\/\/dev.explora.cl\/tarapaca\/?s={search_term_string}\"},\"query-input\":{\"@type\":\"PropertyValueSpecification\",\"valueRequired\":true,\"valueName\":\"search_term_string\"}}],\"inLanguage\":\"es-CL\"},{\"@type\":\"Person\",\"@id\":\"https:\/\/dev.explora.cl\/tarapaca\/#\/schema\/person\/ca04f8a8f8e25243bd462d34eb1ca505\",\"name\":\"admintarapaca\",\"image\":{\"@type\":\"ImageObject\",\"inLanguage\":\"es-CL\",\"@id\":\"https:\/\/dev.explora.cl\/tarapaca\/#\/schema\/person\/image\/\",\"url\":\"https:\/\/secure.gravatar.com\/avatar\/8ff4762fabbf7a1732a126425c82d628f08ba754529d77a55358cbb74e14343f?s=96&d=mm&r=g\",\"contentUrl\":\"https:\/\/secure.gravatar.com\/avatar\/8ff4762fabbf7a1732a126425c82d628f08ba754529d77a55358cbb74e14343f?s=96&d=mm&r=g\",\"caption\":\"admintarapaca\"},\"url\":\"https:\/\/dev.explora.cl\/tarapaca\/author\/dolivares\/\"}]}<\/script>\n<!-- \/ Yoast SEO plugin. -->","yoast_head_json":{"title":"Congreso Regional Escolar de las Ciencias y Tecnolog\u00eda (CRECyT) 2019 - Tarapaca","robots":{"index":"index","follow":"follow","max-snippet":"max-snippet:-1","max-image-preview":"max-image-preview:large","max-video-preview":"max-video-preview:-1"},"canonical":"https:\/\/dev.explora.cl\/tarapaca\/congresoescolar_cienciaytecnologia\/","og_locale":"es_ES","og_type":"article","og_title":"Congreso Regional Escolar de las Ciencias y Tecnolog\u00eda (CRECyT) 2019 - Tarapaca","og_description":"Celebraci\u00f3n nacional que busca la difusi\u00f3n de la Astronom\u00eda en toda la ciudadan\u00eda y que ejecuta diversos tipos de eventos en todo el pa\u00eds. Charlas de astr\u00f3nomos, observaciones abiertas a todo p\u00fablico, visitas a observatorios y conciertos son algunas de las actividades comunes de esta fiesta que en realidad no dura s\u00f3lo un d\u00eda, sino que casi una semana.","og_url":"https:\/\/dev.explora.cl\/tarapaca\/congresoescolar_cienciaytecnologia\/","og_site_name":"Tarapaca","article_published_time":"2019-06-14T21:07:57+00:00","article_modified_time":"2019-11-20T16:52:34+00:00","og_image":[{"width":1024,"height":768,"url":"https:\/\/dev.explora.cl\/tarapaca\/wp-content\/uploads\/sites\/3\/2019\/06\/FOTO-CLUBES-1024x768.jpg","type":"image\/jpeg"}],"author":"admintarapaca","twitter_card":"summary_large_image","twitter_misc":{"Escrito por":"admintarapaca","Tiempo estimado de lectura":"3 minutos"},"schema":{"@context":"https:\/\/schema.org","@graph":[{"@type":"Article","@id":"https:\/\/dev.explora.cl\/tarapaca\/congresoescolar_cienciaytecnologia\/#article","isPartOf":{"@id":"https:\/\/dev.explora.cl\/tarapaca\/congresoescolar_cienciaytecnologia\/"},"author":{"name":"admintarapaca","@id":"https:\/\/dev.explora.cl\/tarapaca\/#\/schema\/person\/ca04f8a8f8e25243bd462d34eb1ca505"},"headline":"Congreso Regional Escolar de las Ciencias y Tecnolog\u00eda (CRECyT) 2019","datePublished":"2019-06-14T21:07:57+00:00","dateModified":"2019-11-20T16:52:34+00:00","mainEntityOfPage":{"@id":"https:\/\/dev.explora.cl\/tarapaca\/congresoescolar_cienciaytecnologia\/"},"wordCount":547,"image":{"@id":"https:\/\/dev.explora.cl\/tarapaca\/congresoescolar_cienciaytecnologia\/#primaryimage"},"thumbnailUrl":"https:\/\/dev.explora.cl\/tarapaca\/wp-content\/uploads\/sites\/3\/2019\/06\/FOTO-CLUBES.jpg","articleSection":["Iniciativas","Para Comunidad Escolar"],"inLanguage":"es-CL"},{"@type":"WebPage","@id":"https:\/\/dev.explora.cl\/tarapaca\/congresoescolar_cienciaytecnologia\/","url":"https:\/\/dev.explora.cl\/tarapaca\/congresoescolar_cienciaytecnologia\/","name":"Congreso Regional Escolar de las Ciencias y Tecnolog\u00eda (CRECyT) 2019 - Tarapaca","isPartOf":{"@id":"https:\/\/dev.explora.cl\/tarapaca\/#website"},"primaryImageOfPage":{"@id":"https:\/\/dev.explora.cl\/tarapaca\/congresoescolar_cienciaytecnologia\/#primaryimage"},"image":{"@id":"https:\/\/dev.explora.cl\/tarapaca\/congresoescolar_cienciaytecnologia\/#primaryimage"},"thumbnailUrl":"https:\/\/dev.explora.cl\/tarapaca\/wp-content\/uploads\/sites\/3\/2019\/06\/FOTO-CLUBES.jpg","datePublished":"2019-06-14T21:07:57+00:00","dateModified":"2019-11-20T16:52:34+00:00","author":{"@id":"https:\/\/dev.explora.cl\/tarapaca\/#\/schema\/person\/ca04f8a8f8e25243bd462d34eb1ca505"},"breadcrumb":{"@id":"https:\/\/dev.explora.cl\/tarapaca\/congresoescolar_cienciaytecnologia\/#breadcrumb"},"inLanguage":"es-CL","potentialAction":[{"@type":"ReadAction","target":["https:\/\/dev.explora.cl\/tarapaca\/congresoescolar_cienciaytecnologia\/"]}]},{"@type":"ImageObject","inLanguage":"es-CL","@id":"https:\/\/dev.explora.cl\/tarapaca\/congresoescolar_cienciaytecnologia\/#primaryimage","url":"https:\/\/dev.explora.cl\/tarapaca\/wp-content\/uploads\/sites\/3\/2019\/06\/FOTO-CLUBES.jpg","contentUrl":"https:\/\/dev.explora.cl\/tarapaca\/wp-content\/uploads\/sites\/3\/2019\/06\/FOTO-CLUBES.jpg","width":4128,"height":3096},{"@type":"BreadcrumbList","@id":"https:\/\/dev.explora.cl\/tarapaca\/congresoescolar_cienciaytecnologia\/#breadcrumb","itemListElement":[{"@type":"ListItem","position":1,"name":"Portada","item":"https:\/\/dev.explora.cl\/tarapaca\/"},{"@type":"ListItem","position":2,"name":"Congreso Regional Escolar de las Ciencias y Tecnolog\u00eda (CRECyT) 2019"}]},{"@type":"WebSite","@id":"https:\/\/dev.explora.cl\/tarapaca\/#website","url":"https:\/\/dev.explora.cl\/tarapaca\/","name":"Tarapaca","description":"Otro sitio m\u00e1s de dev.explora.cl","potentialAction":[{"@type":"SearchAction","target":{"@type":"EntryPoint","urlTemplate":"https:\/\/dev.explora.cl\/tarapaca\/?s={search_term_string}"},"query-input":{"@type":"PropertyValueSpecification","valueRequired":true,"valueName":"search_term_string"}}],"inLanguage":"es-CL"},{"@type":"Person","@id":"https:\/\/dev.explora.cl\/tarapaca\/#\/schema\/person\/ca04f8a8f8e25243bd462d34eb1ca505","name":"admintarapaca","image":{"@type":"ImageObject","inLanguage":"es-CL","@id":"https:\/\/dev.explora.cl\/tarapaca\/#\/schema\/person\/image\/","url":"https:\/\/secure.gravatar.com\/avatar\/8ff4762fabbf7a1732a126425c82d628f08ba754529d77a55358cbb74e14343f?s=96&d=mm&r=g","contentUrl":"https:\/\/secure.gravatar.com\/avatar\/8ff4762fabbf7a1732a126425c82d628f08ba754529d77a55358cbb74e14343f?s=96&d=mm&r=g","caption":"admintarapaca"},"url":"https:\/\/dev.explora.cl\/tarapaca\/author\/dolivares\/"}]}},"_links":{"self":[{"href":"https:\/\/dev.explora.cl\/tarapaca\/wp-json\/wp\/v2\/posts\/38471","targetHints":{"allow":["GET"]}}],"collection":[{"href":"https:\/\/dev.explora.cl\/tarapaca\/wp-json\/wp\/v2\/posts"}],"about":[{"href":"https:\/\/dev.explora.cl\/tarapaca\/wp-json\/wp\/v2\/types\/post"}],"author":[{"embeddable":true,"href":"https:\/\/dev.explora.cl\/tarapaca\/wp-json\/wp\/v2\/users\/18"}],"replies":[{"embeddable":true,"href":"https:\/\/dev.explora.cl\/tarapaca\/wp-json\/wp\/v2\/comments?post=38471"}],"version-history":[{"count":21,"href":"https:\/\/dev.explora.cl\/tarapaca\/wp-json\/wp\/v2\/posts\/38471\/revisions"}],"predecessor-version":[{"id":38694,"href":"https:\/\/dev.explora.cl\/tarapaca\/wp-json\/wp\/v2\/posts\/38471\/revisions\/38694"}],"wp:featuredmedia":[{"embeddable":true,"href":"https:\/\/dev.explora.cl\/tarapaca\/wp-json\/wp\/v2\/media\/38472"}],"wp:attachment":[{"href":"https:\/\/dev.explora.cl\/tarapaca\/wp-json\/wp\/v2\/media?parent=38471"}],"wp:term":[{"taxonomy":"category","embeddable":true,"href":"https:\/\/dev.explora.cl\/tarapaca\/wp-json\/wp\/v2\/categories?post=38471"},{"taxonomy":"post_tag","embeddable":true,"href":"https:\/\/dev.explora.cl\/tarapaca\/wp-json\/wp\/v2\/tags?post=38471"}],"curies":[{"name":"wp","href":"https:\/\/api.w.org\/{rel}","templated":true}]}}