{"id":37979,"date":"2014-10-14T20:16:56","date_gmt":"2014-10-14T20:16:56","guid":{"rendered":"https:\/\/dev.explora.cl\/tarapaca\/blog\/2014\/10\/14\/el-dia-de-la-ciencia-en-mi-colegio-llego-al-liceo-academia-iquique\/"},"modified":"2019-05-16T02:06:42","modified_gmt":"2019-05-16T02:06:42","slug":"el-dia-de-la-ciencia-en-mi-colegio-llego-al-liceo-academia-iquique","status":"publish","type":"post","link":"https:\/\/dev.explora.cl\/tarapaca\/el-dia-de-la-ciencia-en-mi-colegio-llego-al-liceo-academia-iquique\/","title":{"rendered":"\u201cEl D\u00eda de la Ciencia en mi Colegio\u201d lleg\u00f3 al Liceo Academia Iquique"},"content":{"rendered":"<p><img loading=\"lazy\" decoding=\"async\" class=\" size-full wp-image-6210\" src=\"http:\/\/ec2-34-218-253-251.us-west-2.compute.amazonaws.com\/wp-content\/uploads\/2014\/10\/62e970426f624312f014202b967182a4.jpg\" alt=\"\" width=\"3008\" height=\"2000\" \/><\/p>\n<p>Una especial tabla peri\u00f3dica realizaron los estudiantes de segundo b\u00e1sico del Liceo Academia Iquique para \u201cEl D\u00eda de la Ciencia en mi Colegio\u201d ya que esta estaba s\u00f3lo hecha de cupcakes.<\/p>\n<p>En la inauguraci\u00f3n estuvo presente la Directora (S) del PAR EXPLORA Tarapac\u00e1, M\u00f3nica Cuevas Ceballos y el Director del establecimiento, Miguel Rivera Alvarado.<\/p>\n<p>La Directora (S) PAR EXPLORA Tarapac\u00e1 se refiri\u00f3 a la importancia de la ciencia en la formaci\u00f3n de los nuevos \u201cEl d\u00eda de la ciencia en mi colegio es una actividad muy importante ya que con ella incentivamos la formaci\u00f3n de nuevos cient\u00edficos\u201d, se\u00f1al\u00f3.<\/p>\n<p>En la oportunidad estudiantes realizaron diversos experimentos orientados a la f\u00edsica y qu\u00edmica, adem\u00e1s de la presentaci\u00f3n de trabajos de la asignatura de biolog\u00eda a cargo de la profesora Gladys Rojas.<\/p>\n","protected":false},"excerpt":{"rendered":"<p>Una especial tabla peri\u00f3dica realizaron los estudiantes de segundo b\u00e1sico del Liceo Academia Iquique para \u201cEl D\u00eda de la Ciencia en mi Colegio\u201d ya que esta estaba s\u00f3lo hecha de cupcakes. En la inauguraci\u00f3n estuvo presente la Directora (S) del PAR EXPLORA Tarapac\u00e1, M\u00f3nica Cuevas Ceballos y el Director del establecimiento, Miguel Rivera Alvarado. La [&hellip;]<\/p>\n","protected":false},"author":2,"featured_media":6210,"comment_status":"closed","ping_status":"open","sticky":false,"template":"","format":"standard","meta":{"_acf_changed":false,"_exactmetrics_skip_tracking":false,"_exactmetrics_sitenote_active":false,"_exactmetrics_sitenote_note":"","_exactmetrics_sitenote_category":0,"footnotes":"","_links_to":"","_links_to_target":""},"categories":[4],"tags":[],"class_list":["post-37979","post","type-post","status-publish","format-standard","has-post-thumbnail","hentry","category-noticias"],"acf":[],"yoast_head":"<!-- This site is optimized with the Yoast SEO plugin v26.7 - https:\/\/yoast.com\/wordpress\/plugins\/seo\/ -->\n<title>\u201cEl D\u00eda de la Ciencia en mi Colegio\u201d lleg\u00f3 al Liceo Academia Iquique - Tarapaca<\/title>\n<meta name=\"robots\" content=\"index, follow, max-snippet:-1, max-image-preview:large, max-video-preview:-1\" \/>\n<link rel=\"canonical\" href=\"https:\/\/dev.explora.cl\/tarapaca\/el-dia-de-la-ciencia-en-mi-colegio-llego-al-liceo-academia-iquique\/\" class=\"yoast-seo-meta-tag\" \/>\n<meta property=\"og:locale\" content=\"es_ES\" class=\"yoast-seo-meta-tag\" \/>\n<meta property=\"og:type\" content=\"article\" class=\"yoast-seo-meta-tag\" \/>\n<meta property=\"og:title\" content=\"\u201cEl D\u00eda de la Ciencia en mi Colegio\u201d lleg\u00f3 al Liceo Academia Iquique - Tarapaca\" class=\"yoast-seo-meta-tag\" \/>\n<meta property=\"og:description\" content=\"Una especial tabla peri\u00f3dica realizaron los estudiantes de segundo b\u00e1sico del Liceo Academia Iquique para \u201cEl D\u00eda de la Ciencia en mi Colegio\u201d ya que esta estaba s\u00f3lo hecha de cupcakes. En la inauguraci\u00f3n estuvo presente la Directora (S) del PAR EXPLORA Tarapac\u00e1, M\u00f3nica Cuevas Ceballos y el Director del establecimiento, Miguel Rivera Alvarado. La [&hellip;]\" class=\"yoast-seo-meta-tag\" \/>\n<meta property=\"og:url\" content=\"https:\/\/dev.explora.cl\/tarapaca\/el-dia-de-la-ciencia-en-mi-colegio-llego-al-liceo-academia-iquique\/\" class=\"yoast-seo-meta-tag\" \/>\n<meta property=\"og:site_name\" content=\"Tarapaca\" class=\"yoast-seo-meta-tag\" \/>\n<meta property=\"article:published_time\" content=\"2014-10-14T20:16:56+00:00\" class=\"yoast-seo-meta-tag\" \/>\n<meta property=\"article:modified_time\" content=\"2019-05-16T02:06:42+00:00\" class=\"yoast-seo-meta-tag\" \/>\n<meta name=\"author\" content=\"webman\" class=\"yoast-seo-meta-tag\" \/>\n<meta name=\"twitter:card\" content=\"summary_large_image\" class=\"yoast-seo-meta-tag\" \/>\n<meta name=\"twitter:label1\" content=\"Escrito por\" class=\"yoast-seo-meta-tag\" \/>\n\t<meta name=\"twitter:data1\" content=\"webman\" class=\"yoast-seo-meta-tag\" \/>\n\t<meta name=\"twitter:label2\" content=\"Tiempo estimado de lectura\" class=\"yoast-seo-meta-tag\" \/>\n\t<meta name=\"twitter:data2\" content=\"1 minuto\" class=\"yoast-seo-meta-tag\" \/>\n<script type=\"application\/ld+json\" class=\"yoast-schema-graph\">{\"@context\":\"https:\/\/schema.org\",\"@graph\":[{\"@type\":\"Article\",\"@id\":\"https:\/\/dev.explora.cl\/tarapaca\/el-dia-de-la-ciencia-en-mi-colegio-llego-al-liceo-academia-iquique\/#article\",\"isPartOf\":{\"@id\":\"https:\/\/dev.explora.cl\/tarapaca\/el-dia-de-la-ciencia-en-mi-colegio-llego-al-liceo-academia-iquique\/\"},\"author\":{\"name\":\"webman\",\"@id\":\"https:\/\/dev.explora.cl\/tarapaca\/#\/schema\/person\/cb8349c13ea2d324080adf8480d7ba5d\"},\"headline\":\"\u201cEl D\u00eda de la Ciencia en mi Colegio\u201d lleg\u00f3 al Liceo Academia Iquique\",\"datePublished\":\"2014-10-14T20:16:56+00:00\",\"dateModified\":\"2019-05-16T02:06:42+00:00\",\"mainEntityOfPage\":{\"@id\":\"https:\/\/dev.explora.cl\/tarapaca\/el-dia-de-la-ciencia-en-mi-colegio-llego-al-liceo-academia-iquique\/\"},\"wordCount\":159,\"image\":{\"@id\":\"https:\/\/dev.explora.cl\/tarapaca\/el-dia-de-la-ciencia-en-mi-colegio-llego-al-liceo-academia-iquique\/#primaryimage\"},\"thumbnailUrl\":\"\",\"articleSection\":[\"Noticias\"],\"inLanguage\":\"es-CL\"},{\"@type\":\"WebPage\",\"@id\":\"https:\/\/dev.explora.cl\/tarapaca\/el-dia-de-la-ciencia-en-mi-colegio-llego-al-liceo-academia-iquique\/\",\"url\":\"https:\/\/dev.explora.cl\/tarapaca\/el-dia-de-la-ciencia-en-mi-colegio-llego-al-liceo-academia-iquique\/\",\"name\":\"\u201cEl D\u00eda de la Ciencia en mi Colegio\u201d lleg\u00f3 al Liceo Academia Iquique - Tarapaca\",\"isPartOf\":{\"@id\":\"https:\/\/dev.explora.cl\/tarapaca\/#website\"},\"primaryImageOfPage\":{\"@id\":\"https:\/\/dev.explora.cl\/tarapaca\/el-dia-de-la-ciencia-en-mi-colegio-llego-al-liceo-academia-iquique\/#primaryimage\"},\"image\":{\"@id\":\"https:\/\/dev.explora.cl\/tarapaca\/el-dia-de-la-ciencia-en-mi-colegio-llego-al-liceo-academia-iquique\/#primaryimage\"},\"thumbnailUrl\":\"\",\"datePublished\":\"2014-10-14T20:16:56+00:00\",\"dateModified\":\"2019-05-16T02:06:42+00:00\",\"author\":{\"@id\":\"https:\/\/dev.explora.cl\/tarapaca\/#\/schema\/person\/cb8349c13ea2d324080adf8480d7ba5d\"},\"breadcrumb\":{\"@id\":\"https:\/\/dev.explora.cl\/tarapaca\/el-dia-de-la-ciencia-en-mi-colegio-llego-al-liceo-academia-iquique\/#breadcrumb\"},\"inLanguage\":\"es-CL\",\"potentialAction\":[{\"@type\":\"ReadAction\",\"target\":[\"https:\/\/dev.explora.cl\/tarapaca\/el-dia-de-la-ciencia-en-mi-colegio-llego-al-liceo-academia-iquique\/\"]}]},{\"@type\":\"ImageObject\",\"inLanguage\":\"es-CL\",\"@id\":\"https:\/\/dev.explora.cl\/tarapaca\/el-dia-de-la-ciencia-en-mi-colegio-llego-al-liceo-academia-iquique\/#primaryimage\",\"url\":\"\",\"contentUrl\":\"\"},{\"@type\":\"BreadcrumbList\",\"@id\":\"https:\/\/dev.explora.cl\/tarapaca\/el-dia-de-la-ciencia-en-mi-colegio-llego-al-liceo-academia-iquique\/#breadcrumb\",\"itemListElement\":[{\"@type\":\"ListItem\",\"position\":1,\"name\":\"Portada\",\"item\":\"https:\/\/dev.explora.cl\/tarapaca\/\"},{\"@type\":\"ListItem\",\"position\":2,\"name\":\"\u201cEl D\u00eda de la Ciencia en mi Colegio\u201d lleg\u00f3 al Liceo Academia Iquique\"}]},{\"@type\":\"WebSite\",\"@id\":\"https:\/\/dev.explora.cl\/tarapaca\/#website\",\"url\":\"https:\/\/dev.explora.cl\/tarapaca\/\",\"name\":\"Tarapaca\",\"description\":\"Otro sitio m\u00e1s de dev.explora.cl\",\"potentialAction\":[{\"@type\":\"SearchAction\",\"target\":{\"@type\":\"EntryPoint\",\"urlTemplate\":\"https:\/\/dev.explora.cl\/tarapaca\/?s={search_term_string}\"},\"query-input\":{\"@type\":\"PropertyValueSpecification\",\"valueRequired\":true,\"valueName\":\"search_term_string\"}}],\"inLanguage\":\"es-CL\"},{\"@type\":\"Person\",\"@id\":\"https:\/\/dev.explora.cl\/tarapaca\/#\/schema\/person\/cb8349c13ea2d324080adf8480d7ba5d\",\"name\":\"webman\",\"image\":{\"@type\":\"ImageObject\",\"inLanguage\":\"es-CL\",\"@id\":\"https:\/\/dev.explora.cl\/tarapaca\/#\/schema\/person\/image\/\",\"url\":\"https:\/\/secure.gravatar.com\/avatar\/eeff3c82f2c02f7177d13663b7e6f890e9a6a0647ce9bb29cae02dcb094c7312?s=96&d=mm&r=g\",\"contentUrl\":\"https:\/\/secure.gravatar.com\/avatar\/eeff3c82f2c02f7177d13663b7e6f890e9a6a0647ce9bb29cae02dcb094c7312?s=96&d=mm&r=g\",\"caption\":\"webman\"},\"url\":\"https:\/\/dev.explora.cl\/tarapaca\/author\/webman\/\"}]}<\/script>\n<!-- \/ Yoast SEO plugin. -->","yoast_head_json":{"title":"\u201cEl D\u00eda de la Ciencia en mi Colegio\u201d lleg\u00f3 al Liceo Academia Iquique - Tarapaca","robots":{"index":"index","follow":"follow","max-snippet":"max-snippet:-1","max-image-preview":"max-image-preview:large","max-video-preview":"max-video-preview:-1"},"canonical":"https:\/\/dev.explora.cl\/tarapaca\/el-dia-de-la-ciencia-en-mi-colegio-llego-al-liceo-academia-iquique\/","og_locale":"es_ES","og_type":"article","og_title":"\u201cEl D\u00eda de la Ciencia en mi Colegio\u201d lleg\u00f3 al Liceo Academia Iquique - Tarapaca","og_description":"Una especial tabla peri\u00f3dica realizaron los estudiantes de segundo b\u00e1sico del Liceo Academia Iquique para \u201cEl D\u00eda de la Ciencia en mi Colegio\u201d ya que esta estaba s\u00f3lo hecha de cupcakes. En la inauguraci\u00f3n estuvo presente la Directora (S) del PAR EXPLORA Tarapac\u00e1, M\u00f3nica Cuevas Ceballos y el Director del establecimiento, Miguel Rivera Alvarado. La [&hellip;]","og_url":"https:\/\/dev.explora.cl\/tarapaca\/el-dia-de-la-ciencia-en-mi-colegio-llego-al-liceo-academia-iquique\/","og_site_name":"Tarapaca","article_published_time":"2014-10-14T20:16:56+00:00","article_modified_time":"2019-05-16T02:06:42+00:00","author":"webman","twitter_card":"summary_large_image","twitter_misc":{"Escrito por":"webman","Tiempo estimado de lectura":"1 minuto"},"schema":{"@context":"https:\/\/schema.org","@graph":[{"@type":"Article","@id":"https:\/\/dev.explora.cl\/tarapaca\/el-dia-de-la-ciencia-en-mi-colegio-llego-al-liceo-academia-iquique\/#article","isPartOf":{"@id":"https:\/\/dev.explora.cl\/tarapaca\/el-dia-de-la-ciencia-en-mi-colegio-llego-al-liceo-academia-iquique\/"},"author":{"name":"webman","@id":"https:\/\/dev.explora.cl\/tarapaca\/#\/schema\/person\/cb8349c13ea2d324080adf8480d7ba5d"},"headline":"\u201cEl D\u00eda de la Ciencia en mi Colegio\u201d lleg\u00f3 al Liceo Academia Iquique","datePublished":"2014-10-14T20:16:56+00:00","dateModified":"2019-05-16T02:06:42+00:00","mainEntityOfPage":{"@id":"https:\/\/dev.explora.cl\/tarapaca\/el-dia-de-la-ciencia-en-mi-colegio-llego-al-liceo-academia-iquique\/"},"wordCount":159,"image":{"@id":"https:\/\/dev.explora.cl\/tarapaca\/el-dia-de-la-ciencia-en-mi-colegio-llego-al-liceo-academia-iquique\/#primaryimage"},"thumbnailUrl":"","articleSection":["Noticias"],"inLanguage":"es-CL"},{"@type":"WebPage","@id":"https:\/\/dev.explora.cl\/tarapaca\/el-dia-de-la-ciencia-en-mi-colegio-llego-al-liceo-academia-iquique\/","url":"https:\/\/dev.explora.cl\/tarapaca\/el-dia-de-la-ciencia-en-mi-colegio-llego-al-liceo-academia-iquique\/","name":"\u201cEl D\u00eda de la Ciencia en mi Colegio\u201d lleg\u00f3 al Liceo Academia Iquique - Tarapaca","isPartOf":{"@id":"https:\/\/dev.explora.cl\/tarapaca\/#website"},"primaryImageOfPage":{"@id":"https:\/\/dev.explora.cl\/tarapaca\/el-dia-de-la-ciencia-en-mi-colegio-llego-al-liceo-academia-iquique\/#primaryimage"},"image":{"@id":"https:\/\/dev.explora.cl\/tarapaca\/el-dia-de-la-ciencia-en-mi-colegio-llego-al-liceo-academia-iquique\/#primaryimage"},"thumbnailUrl":"","datePublished":"2014-10-14T20:16:56+00:00","dateModified":"2019-05-16T02:06:42+00:00","author":{"@id":"https:\/\/dev.explora.cl\/tarapaca\/#\/schema\/person\/cb8349c13ea2d324080adf8480d7ba5d"},"breadcrumb":{"@id":"https:\/\/dev.explora.cl\/tarapaca\/el-dia-de-la-ciencia-en-mi-colegio-llego-al-liceo-academia-iquique\/#breadcrumb"},"inLanguage":"es-CL","potentialAction":[{"@type":"ReadAction","target":["https:\/\/dev.explora.cl\/tarapaca\/el-dia-de-la-ciencia-en-mi-colegio-llego-al-liceo-academia-iquique\/"]}]},{"@type":"ImageObject","inLanguage":"es-CL","@id":"https:\/\/dev.explora.cl\/tarapaca\/el-dia-de-la-ciencia-en-mi-colegio-llego-al-liceo-academia-iquique\/#primaryimage","url":"","contentUrl":""},{"@type":"BreadcrumbList","@id":"https:\/\/dev.explora.cl\/tarapaca\/el-dia-de-la-ciencia-en-mi-colegio-llego-al-liceo-academia-iquique\/#breadcrumb","itemListElement":[{"@type":"ListItem","position":1,"name":"Portada","item":"https:\/\/dev.explora.cl\/tarapaca\/"},{"@type":"ListItem","position":2,"name":"\u201cEl D\u00eda de la Ciencia en mi Colegio\u201d lleg\u00f3 al Liceo Academia Iquique"}]},{"@type":"WebSite","@id":"https:\/\/dev.explora.cl\/tarapaca\/#website","url":"https:\/\/dev.explora.cl\/tarapaca\/","name":"Tarapaca","description":"Otro sitio m\u00e1s de dev.explora.cl","potentialAction":[{"@type":"SearchAction","target":{"@type":"EntryPoint","urlTemplate":"https:\/\/dev.explora.cl\/tarapaca\/?s={search_term_string}"},"query-input":{"@type":"PropertyValueSpecification","valueRequired":true,"valueName":"search_term_string"}}],"inLanguage":"es-CL"},{"@type":"Person","@id":"https:\/\/dev.explora.cl\/tarapaca\/#\/schema\/person\/cb8349c13ea2d324080adf8480d7ba5d","name":"webman","image":{"@type":"ImageObject","inLanguage":"es-CL","@id":"https:\/\/dev.explora.cl\/tarapaca\/#\/schema\/person\/image\/","url":"https:\/\/secure.gravatar.com\/avatar\/eeff3c82f2c02f7177d13663b7e6f890e9a6a0647ce9bb29cae02dcb094c7312?s=96&d=mm&r=g","contentUrl":"https:\/\/secure.gravatar.com\/avatar\/eeff3c82f2c02f7177d13663b7e6f890e9a6a0647ce9bb29cae02dcb094c7312?s=96&d=mm&r=g","caption":"webman"},"url":"https:\/\/dev.explora.cl\/tarapaca\/author\/webman\/"}]}},"_links":{"self":[{"href":"https:\/\/dev.explora.cl\/tarapaca\/wp-json\/wp\/v2\/posts\/37979","targetHints":{"allow":["GET"]}}],"collection":[{"href":"https:\/\/dev.explora.cl\/tarapaca\/wp-json\/wp\/v2\/posts"}],"about":[{"href":"https:\/\/dev.explora.cl\/tarapaca\/wp-json\/wp\/v2\/types\/post"}],"author":[{"embeddable":true,"href":"https:\/\/dev.explora.cl\/tarapaca\/wp-json\/wp\/v2\/users\/2"}],"replies":[{"embeddable":true,"href":"https:\/\/dev.explora.cl\/tarapaca\/wp-json\/wp\/v2\/comments?post=37979"}],"version-history":[{"count":1,"href":"https:\/\/dev.explora.cl\/tarapaca\/wp-json\/wp\/v2\/posts\/37979\/revisions"}],"predecessor-version":[{"id":38240,"href":"https:\/\/dev.explora.cl\/tarapaca\/wp-json\/wp\/v2\/posts\/37979\/revisions\/38240"}],"wp:featuredmedia":[{"embeddable":true,"href":"https:\/\/dev.explora.cl\/tarapaca\/wp-json\/"}],"wp:attachment":[{"href":"https:\/\/dev.explora.cl\/tarapaca\/wp-json\/wp\/v2\/media?parent=37979"}],"wp:term":[{"taxonomy":"category","embeddable":true,"href":"https:\/\/dev.explora.cl\/tarapaca\/wp-json\/wp\/v2\/categories?post=37979"},{"taxonomy":"post_tag","embeddable":true,"href":"https:\/\/dev.explora.cl\/tarapaca\/wp-json\/wp\/v2\/tags?post=37979"}],"curies":[{"name":"wp","href":"https:\/\/api.w.org\/{rel}","templated":true}]}}