{"id":37975,"date":"2014-10-07T16:57:59","date_gmt":"2014-10-07T16:57:59","guid":{"rendered":"https:\/\/dev.explora.cl\/tarapaca\/blog\/2014\/10\/07\/estudiantes-participan-en-charla-dictada-por-el-premio-nacional-de-historia-21014\/"},"modified":"2019-05-16T02:06:44","modified_gmt":"2019-05-16T02:06:44","slug":"estudiantes-participan-en-charla-dictada-por-el-premio-nacional-de-historia-21014","status":"publish","type":"post","link":"https:\/\/dev.explora.cl\/tarapaca\/estudiantes-participan-en-charla-dictada-por-el-premio-nacional-de-historia-21014\/","title":{"rendered":"Estudiantes participan en charla dictada por el Premio Nacional de Historia 21014"},"content":{"rendered":"<p><img loading=\"lazy\" decoding=\"async\" class=\" size-full wp-image-5928\" src=\"http:\/\/ec2-34-218-253-251.us-west-2.compute.amazonaws.com\/wp-content\/uploads\/2014\/10\/70ef4777a4e277b1b938d90f28ffaaf3.jpg\" alt=\"\" width=\"3008\" height=\"2000\" \/><\/p>\n<p>\u00a0<span style=\"font-size: 12.0120115280151px;line-height: 1.3em\">M\u00e1s de 120 estudiantes participaron de la charla inaugural de la XX Semana Nacional de la Ciencia y la Tecnolog\u00eda \u201cViajeros Cient\u00edficos en Iquique durante el siglo XIX\u201d, dictada por el Premio Nacional de Historia 2014, Dr. Sergio Gonz\u00e1lez Miranda.<\/span><\/p>\n<p>En la ocasi\u00f3n particip\u00f3 el Liceo Polit\u00e9cnico, Elena Duvauchelle, Luis Cruz Mart\u00ednez y Academia Nacional de Alto Hospicio quienes escucharon atentamente sobre los primeros visitantes extranjeros.<\/p>\n<p>El Rector de la UNAP, Gustavo Soto Bringas, se\u00f1al\u00f3 que \u201cla importancia de esta Semana de la Ciencia y Tecnolog\u00eda es muy grande, ayer lanzamos Animalia y estuvimos con la educaci\u00f3n parvularia y hoy estamos con los estudiantes de ense\u00f1anza media y el Premio Nacional de Historia, quien con esta exposici\u00f3n les transmite conocimiento y parte de la historia de Iquique a nuestros j\u00f3venes\u201d.<\/p>\n<p>Asimismo el Dr. Sergio Gonz\u00e1lez expres\u00f3 que \u201clos j\u00f3venes estuvieron muy atentos e interesados por lo que estoy muy agradecido de EXPLORA Tarapac\u00e1 por invitarme a esta actividad\u201d.<\/p>\n<p>\u00a0<\/p>\n","protected":false},"excerpt":{"rendered":"<p>\u00a0M\u00e1s de 120 estudiantes participaron de la charla inaugural de la XX Semana Nacional de la Ciencia y la Tecnolog\u00eda \u201cViajeros Cient\u00edficos en Iquique durante el siglo XIX\u201d, dictada por el Premio Nacional de Historia 2014, Dr. Sergio Gonz\u00e1lez Miranda. En la ocasi\u00f3n particip\u00f3 el Liceo Polit\u00e9cnico, Elena Duvauchelle, Luis Cruz Mart\u00ednez y Academia Nacional [&hellip;]<\/p>\n","protected":false},"author":2,"featured_media":5928,"comment_status":"closed","ping_status":"open","sticky":false,"template":"","format":"standard","meta":{"_acf_changed":false,"_exactmetrics_skip_tracking":false,"_exactmetrics_sitenote_active":false,"_exactmetrics_sitenote_note":"","_exactmetrics_sitenote_category":0,"footnotes":"","_links_to":"","_links_to_target":""},"categories":[4],"tags":[],"class_list":["post-37975","post","type-post","status-publish","format-standard","has-post-thumbnail","hentry","category-noticias"],"acf":[],"yoast_head":"<!-- This site is optimized with the Yoast SEO plugin v26.7 - https:\/\/yoast.com\/wordpress\/plugins\/seo\/ -->\n<title>Estudiantes participan en charla dictada por el Premio Nacional de Historia 21014 - Tarapaca<\/title>\n<meta name=\"robots\" content=\"index, follow, max-snippet:-1, max-image-preview:large, max-video-preview:-1\" \/>\n<link rel=\"canonical\" href=\"https:\/\/dev.explora.cl\/tarapaca\/estudiantes-participan-en-charla-dictada-por-el-premio-nacional-de-historia-21014\/\" class=\"yoast-seo-meta-tag\" \/>\n<meta property=\"og:locale\" content=\"es_ES\" class=\"yoast-seo-meta-tag\" \/>\n<meta property=\"og:type\" content=\"article\" class=\"yoast-seo-meta-tag\" \/>\n<meta property=\"og:title\" content=\"Estudiantes participan en charla dictada por el Premio Nacional de Historia 21014 - Tarapaca\" class=\"yoast-seo-meta-tag\" \/>\n<meta property=\"og:description\" content=\"\u00a0M\u00e1s de 120 estudiantes participaron de la charla inaugural de la XX Semana Nacional de la Ciencia y la Tecnolog\u00eda \u201cViajeros Cient\u00edficos en Iquique durante el siglo XIX\u201d, dictada por el Premio Nacional de Historia 2014, Dr. Sergio Gonz\u00e1lez Miranda. En la ocasi\u00f3n particip\u00f3 el Liceo Polit\u00e9cnico, Elena Duvauchelle, Luis Cruz Mart\u00ednez y Academia Nacional [&hellip;]\" class=\"yoast-seo-meta-tag\" \/>\n<meta property=\"og:url\" content=\"https:\/\/dev.explora.cl\/tarapaca\/estudiantes-participan-en-charla-dictada-por-el-premio-nacional-de-historia-21014\/\" class=\"yoast-seo-meta-tag\" \/>\n<meta property=\"og:site_name\" content=\"Tarapaca\" class=\"yoast-seo-meta-tag\" \/>\n<meta property=\"article:published_time\" content=\"2014-10-07T16:57:59+00:00\" class=\"yoast-seo-meta-tag\" \/>\n<meta property=\"article:modified_time\" content=\"2019-05-16T02:06:44+00:00\" class=\"yoast-seo-meta-tag\" \/>\n<meta name=\"author\" content=\"webman\" class=\"yoast-seo-meta-tag\" \/>\n<meta name=\"twitter:card\" content=\"summary_large_image\" class=\"yoast-seo-meta-tag\" \/>\n<meta name=\"twitter:label1\" content=\"Escrito por\" class=\"yoast-seo-meta-tag\" \/>\n\t<meta name=\"twitter:data1\" content=\"webman\" class=\"yoast-seo-meta-tag\" \/>\n\t<meta name=\"twitter:label2\" content=\"Tiempo estimado de lectura\" class=\"yoast-seo-meta-tag\" \/>\n\t<meta name=\"twitter:data2\" content=\"1 minuto\" class=\"yoast-seo-meta-tag\" \/>\n<script type=\"application\/ld+json\" class=\"yoast-schema-graph\">{\"@context\":\"https:\/\/schema.org\",\"@graph\":[{\"@type\":\"Article\",\"@id\":\"https:\/\/dev.explora.cl\/tarapaca\/estudiantes-participan-en-charla-dictada-por-el-premio-nacional-de-historia-21014\/#article\",\"isPartOf\":{\"@id\":\"https:\/\/dev.explora.cl\/tarapaca\/estudiantes-participan-en-charla-dictada-por-el-premio-nacional-de-historia-21014\/\"},\"author\":{\"name\":\"webman\",\"@id\":\"https:\/\/dev.explora.cl\/tarapaca\/#\/schema\/person\/cb8349c13ea2d324080adf8480d7ba5d\"},\"headline\":\"Estudiantes participan en charla dictada por el Premio Nacional de Historia 21014\",\"datePublished\":\"2014-10-07T16:57:59+00:00\",\"dateModified\":\"2019-05-16T02:06:44+00:00\",\"mainEntityOfPage\":{\"@id\":\"https:\/\/dev.explora.cl\/tarapaca\/estudiantes-participan-en-charla-dictada-por-el-premio-nacional-de-historia-21014\/\"},\"wordCount\":182,\"image\":{\"@id\":\"https:\/\/dev.explora.cl\/tarapaca\/estudiantes-participan-en-charla-dictada-por-el-premio-nacional-de-historia-21014\/#primaryimage\"},\"thumbnailUrl\":\"\",\"articleSection\":[\"Noticias\"],\"inLanguage\":\"es-CL\"},{\"@type\":\"WebPage\",\"@id\":\"https:\/\/dev.explora.cl\/tarapaca\/estudiantes-participan-en-charla-dictada-por-el-premio-nacional-de-historia-21014\/\",\"url\":\"https:\/\/dev.explora.cl\/tarapaca\/estudiantes-participan-en-charla-dictada-por-el-premio-nacional-de-historia-21014\/\",\"name\":\"Estudiantes participan en charla dictada por el Premio Nacional de Historia 21014 - Tarapaca\",\"isPartOf\":{\"@id\":\"https:\/\/dev.explora.cl\/tarapaca\/#website\"},\"primaryImageOfPage\":{\"@id\":\"https:\/\/dev.explora.cl\/tarapaca\/estudiantes-participan-en-charla-dictada-por-el-premio-nacional-de-historia-21014\/#primaryimage\"},\"image\":{\"@id\":\"https:\/\/dev.explora.cl\/tarapaca\/estudiantes-participan-en-charla-dictada-por-el-premio-nacional-de-historia-21014\/#primaryimage\"},\"thumbnailUrl\":\"\",\"datePublished\":\"2014-10-07T16:57:59+00:00\",\"dateModified\":\"2019-05-16T02:06:44+00:00\",\"author\":{\"@id\":\"https:\/\/dev.explora.cl\/tarapaca\/#\/schema\/person\/cb8349c13ea2d324080adf8480d7ba5d\"},\"breadcrumb\":{\"@id\":\"https:\/\/dev.explora.cl\/tarapaca\/estudiantes-participan-en-charla-dictada-por-el-premio-nacional-de-historia-21014\/#breadcrumb\"},\"inLanguage\":\"es-CL\",\"potentialAction\":[{\"@type\":\"ReadAction\",\"target\":[\"https:\/\/dev.explora.cl\/tarapaca\/estudiantes-participan-en-charla-dictada-por-el-premio-nacional-de-historia-21014\/\"]}]},{\"@type\":\"ImageObject\",\"inLanguage\":\"es-CL\",\"@id\":\"https:\/\/dev.explora.cl\/tarapaca\/estudiantes-participan-en-charla-dictada-por-el-premio-nacional-de-historia-21014\/#primaryimage\",\"url\":\"\",\"contentUrl\":\"\"},{\"@type\":\"BreadcrumbList\",\"@id\":\"https:\/\/dev.explora.cl\/tarapaca\/estudiantes-participan-en-charla-dictada-por-el-premio-nacional-de-historia-21014\/#breadcrumb\",\"itemListElement\":[{\"@type\":\"ListItem\",\"position\":1,\"name\":\"Portada\",\"item\":\"https:\/\/dev.explora.cl\/tarapaca\/\"},{\"@type\":\"ListItem\",\"position\":2,\"name\":\"Estudiantes participan en charla dictada por el Premio Nacional de Historia 21014\"}]},{\"@type\":\"WebSite\",\"@id\":\"https:\/\/dev.explora.cl\/tarapaca\/#website\",\"url\":\"https:\/\/dev.explora.cl\/tarapaca\/\",\"name\":\"Tarapaca\",\"description\":\"Otro sitio m\u00e1s de dev.explora.cl\",\"potentialAction\":[{\"@type\":\"SearchAction\",\"target\":{\"@type\":\"EntryPoint\",\"urlTemplate\":\"https:\/\/dev.explora.cl\/tarapaca\/?s={search_term_string}\"},\"query-input\":{\"@type\":\"PropertyValueSpecification\",\"valueRequired\":true,\"valueName\":\"search_term_string\"}}],\"inLanguage\":\"es-CL\"},{\"@type\":\"Person\",\"@id\":\"https:\/\/dev.explora.cl\/tarapaca\/#\/schema\/person\/cb8349c13ea2d324080adf8480d7ba5d\",\"name\":\"webman\",\"image\":{\"@type\":\"ImageObject\",\"inLanguage\":\"es-CL\",\"@id\":\"https:\/\/dev.explora.cl\/tarapaca\/#\/schema\/person\/image\/\",\"url\":\"https:\/\/secure.gravatar.com\/avatar\/eeff3c82f2c02f7177d13663b7e6f890e9a6a0647ce9bb29cae02dcb094c7312?s=96&d=mm&r=g\",\"contentUrl\":\"https:\/\/secure.gravatar.com\/avatar\/eeff3c82f2c02f7177d13663b7e6f890e9a6a0647ce9bb29cae02dcb094c7312?s=96&d=mm&r=g\",\"caption\":\"webman\"},\"url\":\"https:\/\/dev.explora.cl\/tarapaca\/author\/webman\/\"}]}<\/script>\n<!-- \/ Yoast SEO plugin. -->","yoast_head_json":{"title":"Estudiantes participan en charla dictada por el Premio Nacional de Historia 21014 - Tarapaca","robots":{"index":"index","follow":"follow","max-snippet":"max-snippet:-1","max-image-preview":"max-image-preview:large","max-video-preview":"max-video-preview:-1"},"canonical":"https:\/\/dev.explora.cl\/tarapaca\/estudiantes-participan-en-charla-dictada-por-el-premio-nacional-de-historia-21014\/","og_locale":"es_ES","og_type":"article","og_title":"Estudiantes participan en charla dictada por el Premio Nacional de Historia 21014 - Tarapaca","og_description":"\u00a0M\u00e1s de 120 estudiantes participaron de la charla inaugural de la XX Semana Nacional de la Ciencia y la Tecnolog\u00eda \u201cViajeros Cient\u00edficos en Iquique durante el siglo XIX\u201d, dictada por el Premio Nacional de Historia 2014, Dr. Sergio Gonz\u00e1lez Miranda. En la ocasi\u00f3n particip\u00f3 el Liceo Polit\u00e9cnico, Elena Duvauchelle, Luis Cruz Mart\u00ednez y Academia Nacional [&hellip;]","og_url":"https:\/\/dev.explora.cl\/tarapaca\/estudiantes-participan-en-charla-dictada-por-el-premio-nacional-de-historia-21014\/","og_site_name":"Tarapaca","article_published_time":"2014-10-07T16:57:59+00:00","article_modified_time":"2019-05-16T02:06:44+00:00","author":"webman","twitter_card":"summary_large_image","twitter_misc":{"Escrito por":"webman","Tiempo estimado de lectura":"1 minuto"},"schema":{"@context":"https:\/\/schema.org","@graph":[{"@type":"Article","@id":"https:\/\/dev.explora.cl\/tarapaca\/estudiantes-participan-en-charla-dictada-por-el-premio-nacional-de-historia-21014\/#article","isPartOf":{"@id":"https:\/\/dev.explora.cl\/tarapaca\/estudiantes-participan-en-charla-dictada-por-el-premio-nacional-de-historia-21014\/"},"author":{"name":"webman","@id":"https:\/\/dev.explora.cl\/tarapaca\/#\/schema\/person\/cb8349c13ea2d324080adf8480d7ba5d"},"headline":"Estudiantes participan en charla dictada por el Premio Nacional de Historia 21014","datePublished":"2014-10-07T16:57:59+00:00","dateModified":"2019-05-16T02:06:44+00:00","mainEntityOfPage":{"@id":"https:\/\/dev.explora.cl\/tarapaca\/estudiantes-participan-en-charla-dictada-por-el-premio-nacional-de-historia-21014\/"},"wordCount":182,"image":{"@id":"https:\/\/dev.explora.cl\/tarapaca\/estudiantes-participan-en-charla-dictada-por-el-premio-nacional-de-historia-21014\/#primaryimage"},"thumbnailUrl":"","articleSection":["Noticias"],"inLanguage":"es-CL"},{"@type":"WebPage","@id":"https:\/\/dev.explora.cl\/tarapaca\/estudiantes-participan-en-charla-dictada-por-el-premio-nacional-de-historia-21014\/","url":"https:\/\/dev.explora.cl\/tarapaca\/estudiantes-participan-en-charla-dictada-por-el-premio-nacional-de-historia-21014\/","name":"Estudiantes participan en charla dictada por el Premio Nacional de Historia 21014 - Tarapaca","isPartOf":{"@id":"https:\/\/dev.explora.cl\/tarapaca\/#website"},"primaryImageOfPage":{"@id":"https:\/\/dev.explora.cl\/tarapaca\/estudiantes-participan-en-charla-dictada-por-el-premio-nacional-de-historia-21014\/#primaryimage"},"image":{"@id":"https:\/\/dev.explora.cl\/tarapaca\/estudiantes-participan-en-charla-dictada-por-el-premio-nacional-de-historia-21014\/#primaryimage"},"thumbnailUrl":"","datePublished":"2014-10-07T16:57:59+00:00","dateModified":"2019-05-16T02:06:44+00:00","author":{"@id":"https:\/\/dev.explora.cl\/tarapaca\/#\/schema\/person\/cb8349c13ea2d324080adf8480d7ba5d"},"breadcrumb":{"@id":"https:\/\/dev.explora.cl\/tarapaca\/estudiantes-participan-en-charla-dictada-por-el-premio-nacional-de-historia-21014\/#breadcrumb"},"inLanguage":"es-CL","potentialAction":[{"@type":"ReadAction","target":["https:\/\/dev.explora.cl\/tarapaca\/estudiantes-participan-en-charla-dictada-por-el-premio-nacional-de-historia-21014\/"]}]},{"@type":"ImageObject","inLanguage":"es-CL","@id":"https:\/\/dev.explora.cl\/tarapaca\/estudiantes-participan-en-charla-dictada-por-el-premio-nacional-de-historia-21014\/#primaryimage","url":"","contentUrl":""},{"@type":"BreadcrumbList","@id":"https:\/\/dev.explora.cl\/tarapaca\/estudiantes-participan-en-charla-dictada-por-el-premio-nacional-de-historia-21014\/#breadcrumb","itemListElement":[{"@type":"ListItem","position":1,"name":"Portada","item":"https:\/\/dev.explora.cl\/tarapaca\/"},{"@type":"ListItem","position":2,"name":"Estudiantes participan en charla dictada por el Premio Nacional de Historia 21014"}]},{"@type":"WebSite","@id":"https:\/\/dev.explora.cl\/tarapaca\/#website","url":"https:\/\/dev.explora.cl\/tarapaca\/","name":"Tarapaca","description":"Otro sitio m\u00e1s de dev.explora.cl","potentialAction":[{"@type":"SearchAction","target":{"@type":"EntryPoint","urlTemplate":"https:\/\/dev.explora.cl\/tarapaca\/?s={search_term_string}"},"query-input":{"@type":"PropertyValueSpecification","valueRequired":true,"valueName":"search_term_string"}}],"inLanguage":"es-CL"},{"@type":"Person","@id":"https:\/\/dev.explora.cl\/tarapaca\/#\/schema\/person\/cb8349c13ea2d324080adf8480d7ba5d","name":"webman","image":{"@type":"ImageObject","inLanguage":"es-CL","@id":"https:\/\/dev.explora.cl\/tarapaca\/#\/schema\/person\/image\/","url":"https:\/\/secure.gravatar.com\/avatar\/eeff3c82f2c02f7177d13663b7e6f890e9a6a0647ce9bb29cae02dcb094c7312?s=96&d=mm&r=g","contentUrl":"https:\/\/secure.gravatar.com\/avatar\/eeff3c82f2c02f7177d13663b7e6f890e9a6a0647ce9bb29cae02dcb094c7312?s=96&d=mm&r=g","caption":"webman"},"url":"https:\/\/dev.explora.cl\/tarapaca\/author\/webman\/"}]}},"_links":{"self":[{"href":"https:\/\/dev.explora.cl\/tarapaca\/wp-json\/wp\/v2\/posts\/37975","targetHints":{"allow":["GET"]}}],"collection":[{"href":"https:\/\/dev.explora.cl\/tarapaca\/wp-json\/wp\/v2\/posts"}],"about":[{"href":"https:\/\/dev.explora.cl\/tarapaca\/wp-json\/wp\/v2\/types\/post"}],"author":[{"embeddable":true,"href":"https:\/\/dev.explora.cl\/tarapaca\/wp-json\/wp\/v2\/users\/2"}],"replies":[{"embeddable":true,"href":"https:\/\/dev.explora.cl\/tarapaca\/wp-json\/wp\/v2\/comments?post=37975"}],"version-history":[{"count":1,"href":"https:\/\/dev.explora.cl\/tarapaca\/wp-json\/wp\/v2\/posts\/37975\/revisions"}],"predecessor-version":[{"id":38246,"href":"https:\/\/dev.explora.cl\/tarapaca\/wp-json\/wp\/v2\/posts\/37975\/revisions\/38246"}],"wp:featuredmedia":[{"embeddable":true,"href":"https:\/\/dev.explora.cl\/tarapaca\/wp-json\/"}],"wp:attachment":[{"href":"https:\/\/dev.explora.cl\/tarapaca\/wp-json\/wp\/v2\/media?parent=37975"}],"wp:term":[{"taxonomy":"category","embeddable":true,"href":"https:\/\/dev.explora.cl\/tarapaca\/wp-json\/wp\/v2\/categories?post=37975"},{"taxonomy":"post_tag","embeddable":true,"href":"https:\/\/dev.explora.cl\/tarapaca\/wp-json\/wp\/v2\/tags?post=37975"}],"curies":[{"name":"wp","href":"https:\/\/api.w.org\/{rel}","templated":true}]}}