{"id":37965,"date":"2014-05-19T22:26:41","date_gmt":"2014-05-19T22:26:41","guid":{"rendered":"https:\/\/dev.explora.cl\/tarapaca\/blog\/2014\/05\/19\/plantilla-noticias-regionales-tarapaca-6\/"},"modified":"2019-05-16T02:07:27","modified_gmt":"2019-05-16T02:07:27","slug":"plantilla-noticias-regionales-tarapaca-6","status":"publish","type":"post","link":"https:\/\/dev.explora.cl\/tarapaca\/plantilla-noticias-regionales-tarapaca-6\/","title":{"rendered":"ESCOLARES APRENDEN SOBRE EL RECICLAJE"},"content":{"rendered":"<table style=\"height: 144px;width: 540px\" border=\"0\">\n<tbody>\n<tr>\n<td valign=\"top\"><img loading=\"lazy\" decoding=\"async\" class=\" size-full wp-image-2294\" src=\"http:\/\/ec2-34-218-253-251.us-west-2.compute.amazonaws.com\/wp-content\/uploads\/2014\/05\/reciclaje_grande.jpg\" alt=\"reciclaje grande\" width=\"200\" height=\"132\" \/><\/td>\n<td>\n<p style=\"margin-top: 10px;margin-bottom: 5px;color: #444444;font-family: 'Trebuchet MS', sans-serif;font-size: 12px;line-height: 16px\">Estudiantes de diversos establecimientos educacionales de Iquique participaron la ma\u00f1ana &nbsp;del 15 de mayo, de la actividad denominada \u201cJuntos Reciclamos\u201d organizada por el Proyecto Asociativo EXPLORA CONICYT regi\u00f3n de Tarapac\u00e1, la Secretar\u00eda Regional Ministerial de Medio Ambiente y la empresa Triciclos, la que se llev\u00f3 a cabo en el Punto Limpio de Playa Brava.<\/p>\n<\/td>\n<\/tr>\n<tr>\n<td colspan=\"2\">\n<p style=\"margin-top: 10px;margin-bottom: 5px;color: #444444;font-family: 'Trebuchet MS',sans-serif;font-size: 12px;line-height: 16px\">En la actividad estudiantes del Colegio Ingl\u00e9s pertenecientes al grupo \u201cForjadores Ambientales\u201d de s\u00e9ptimo a\u00f1o b\u00e1sico y estudiantes del Eagles College de segundo a\u00f1o b\u00e1sico tuvieron la oportunidad de aprender acerca del reciclaje y qu\u00e9 hacer con los residuos.<\/p>\n<p style=\"margin-top: 10px;margin-bottom: 5px;color: #444444;font-family: 'Trebuchet MS',sans-serif;font-size: 12px;line-height: 16px\">Milca Bola\u00f1o, encargada del punto de reciclaje de la empresa Triciclos, fue quien realiz\u00f3 el recorrido a los ni\u00f1os ense\u00f1\u00e1ndoles qu\u00e9 se puede reciclar se\u00f1alando que \u201cal punto de reciclaje pueden traer pl\u00e1sticos, papeles, cartones, latas y vidrios, en donde cada uno tiene un lugar espec\u00edfico para ser depositado\u201d.<\/p>\n<p style=\"margin-top: 10px;margin-bottom: 5px;color: #444444;font-family: 'Trebuchet MS',sans-serif;font-size: 12px;line-height: 16px\">Adem\u00e1s expres\u00f3 que \u201cesta es la primera etapa y de aqu\u00ed el material se va a Santiago en donde ingresa a una planta de reciclaje y se transforma en otro material\u201d.<\/p>\n<p style=\"margin-top: 10px;margin-bottom: 5px;color: #444444;font-family: 'Trebuchet MS',sans-serif;font-size: 12px;line-height: 16px\">Juan Carlos Liendo, Seremi de Medio Ambiente, manifest\u00f3 que \u201ccon esta actividad pretendemos crear conciencia acerca del reciclaje\u201d. En tanto Margarita Brice\u00f1o Toledo, Vicerrectora de Investigaci\u00f3n, Innovaci\u00f3n Y Postgrado de la Universidad Arturo Prat adujo que \u201ccomo Universidad es muy relevante este tipo de actividades, &nbsp;ya que tenemos a cargo el Proyecto Asociativo EXPLORA CONICYT regi\u00f3n de Tarapac\u00e1 y para nosotros es un punto importante ya que con esto podemos clasificar nuestros residuos y vivir en una regi\u00f3n m\u00e1s limpia\u201d.<\/p>\n<p style=\"margin-top: 10px;margin-bottom: 5px;color: #444444;font-family: 'Trebuchet MS',sans-serif;font-size: 12px;line-height: 16px\">Finalmente, Milca Bola\u00f1o hizo un llamado a la comunidad a reciclar expresando que \u201cel punto limpio est\u00e1 abierto de lunes a s\u00e1bado de 8.30 a 18.30&nbsp; por lo que invito a todos a reciclar y as\u00ed contribuir con el medio ambiente\u201d.<\/p>\n<\/td>\n<\/tr>\n<\/tbody>\n<\/table>\n","protected":false},"excerpt":{"rendered":"<p>Estudiantes de diversos establecimientos educacionales de Iquique participaron la ma\u00f1ana &nbsp;del 15 de mayo, de la actividad denominada \u201cJuntos Reciclamos\u201d organizada por el Proyecto Asociativo EXPLORA CONICYT regi\u00f3n de Tarapac\u00e1, la Secretar\u00eda Regional Ministerial de Medio Ambiente y la empresa Triciclos, la que se llev\u00f3 a cabo en el Punto Limpio de Playa Brava. En [&hellip;]<\/p>\n","protected":false},"author":2,"featured_media":2294,"comment_status":"closed","ping_status":"open","sticky":false,"template":"","format":"standard","meta":{"_acf_changed":false,"_exactmetrics_skip_tracking":false,"_exactmetrics_sitenote_active":false,"_exactmetrics_sitenote_note":"","_exactmetrics_sitenote_category":0,"footnotes":"","_links_to":"","_links_to_target":""},"categories":[4],"tags":[],"class_list":["post-37965","post","type-post","status-publish","format-standard","has-post-thumbnail","hentry","category-noticias"],"acf":[],"yoast_head":"<!-- This site is optimized with the Yoast SEO plugin v26.7 - https:\/\/yoast.com\/wordpress\/plugins\/seo\/ -->\n<title>ESCOLARES APRENDEN SOBRE EL RECICLAJE - Tarapaca<\/title>\n<meta name=\"robots\" content=\"index, follow, max-snippet:-1, max-image-preview:large, max-video-preview:-1\" \/>\n<link rel=\"canonical\" href=\"https:\/\/dev.explora.cl\/tarapaca\/plantilla-noticias-regionales-tarapaca-6\/\" class=\"yoast-seo-meta-tag\" \/>\n<meta property=\"og:locale\" content=\"es_ES\" class=\"yoast-seo-meta-tag\" \/>\n<meta property=\"og:type\" content=\"article\" class=\"yoast-seo-meta-tag\" \/>\n<meta property=\"og:title\" content=\"ESCOLARES APRENDEN SOBRE EL RECICLAJE - Tarapaca\" class=\"yoast-seo-meta-tag\" \/>\n<meta property=\"og:description\" content=\"Estudiantes de diversos establecimientos educacionales de Iquique participaron la ma\u00f1ana &nbsp;del 15 de mayo, de la actividad denominada \u201cJuntos Reciclamos\u201d organizada por el Proyecto Asociativo EXPLORA CONICYT regi\u00f3n de Tarapac\u00e1, la Secretar\u00eda Regional Ministerial de Medio Ambiente y la empresa Triciclos, la que se llev\u00f3 a cabo en el Punto Limpio de Playa Brava. En [&hellip;]\" class=\"yoast-seo-meta-tag\" \/>\n<meta property=\"og:url\" content=\"https:\/\/dev.explora.cl\/tarapaca\/plantilla-noticias-regionales-tarapaca-6\/\" class=\"yoast-seo-meta-tag\" \/>\n<meta property=\"og:site_name\" content=\"Tarapaca\" class=\"yoast-seo-meta-tag\" \/>\n<meta property=\"article:published_time\" content=\"2014-05-19T22:26:41+00:00\" class=\"yoast-seo-meta-tag\" \/>\n<meta property=\"article:modified_time\" content=\"2019-05-16T02:07:27+00:00\" class=\"yoast-seo-meta-tag\" \/>\n<meta name=\"author\" content=\"webman\" class=\"yoast-seo-meta-tag\" \/>\n<meta name=\"twitter:card\" content=\"summary_large_image\" class=\"yoast-seo-meta-tag\" \/>\n<meta name=\"twitter:label1\" content=\"Escrito por\" class=\"yoast-seo-meta-tag\" \/>\n\t<meta name=\"twitter:data1\" content=\"webman\" class=\"yoast-seo-meta-tag\" \/>\n\t<meta name=\"twitter:label2\" content=\"Tiempo estimado de lectura\" class=\"yoast-seo-meta-tag\" \/>\n\t<meta name=\"twitter:data2\" content=\"2 minutos\" class=\"yoast-seo-meta-tag\" \/>\n<script type=\"application\/ld+json\" class=\"yoast-schema-graph\">{\"@context\":\"https:\/\/schema.org\",\"@graph\":[{\"@type\":\"Article\",\"@id\":\"https:\/\/dev.explora.cl\/tarapaca\/plantilla-noticias-regionales-tarapaca-6\/#article\",\"isPartOf\":{\"@id\":\"https:\/\/dev.explora.cl\/tarapaca\/plantilla-noticias-regionales-tarapaca-6\/\"},\"author\":{\"name\":\"webman\",\"@id\":\"https:\/\/dev.explora.cl\/tarapaca\/#\/schema\/person\/cb8349c13ea2d324080adf8480d7ba5d\"},\"headline\":\"ESCOLARES APRENDEN SOBRE EL RECICLAJE\",\"datePublished\":\"2014-05-19T22:26:41+00:00\",\"dateModified\":\"2019-05-16T02:07:27+00:00\",\"mainEntityOfPage\":{\"@id\":\"https:\/\/dev.explora.cl\/tarapaca\/plantilla-noticias-regionales-tarapaca-6\/\"},\"wordCount\":323,\"image\":{\"@id\":\"https:\/\/dev.explora.cl\/tarapaca\/plantilla-noticias-regionales-tarapaca-6\/#primaryimage\"},\"thumbnailUrl\":\"\",\"articleSection\":[\"Noticias\"],\"inLanguage\":\"es-CL\"},{\"@type\":\"WebPage\",\"@id\":\"https:\/\/dev.explora.cl\/tarapaca\/plantilla-noticias-regionales-tarapaca-6\/\",\"url\":\"https:\/\/dev.explora.cl\/tarapaca\/plantilla-noticias-regionales-tarapaca-6\/\",\"name\":\"ESCOLARES APRENDEN SOBRE EL RECICLAJE - Tarapaca\",\"isPartOf\":{\"@id\":\"https:\/\/dev.explora.cl\/tarapaca\/#website\"},\"primaryImageOfPage\":{\"@id\":\"https:\/\/dev.explora.cl\/tarapaca\/plantilla-noticias-regionales-tarapaca-6\/#primaryimage\"},\"image\":{\"@id\":\"https:\/\/dev.explora.cl\/tarapaca\/plantilla-noticias-regionales-tarapaca-6\/#primaryimage\"},\"thumbnailUrl\":\"\",\"datePublished\":\"2014-05-19T22:26:41+00:00\",\"dateModified\":\"2019-05-16T02:07:27+00:00\",\"author\":{\"@id\":\"https:\/\/dev.explora.cl\/tarapaca\/#\/schema\/person\/cb8349c13ea2d324080adf8480d7ba5d\"},\"breadcrumb\":{\"@id\":\"https:\/\/dev.explora.cl\/tarapaca\/plantilla-noticias-regionales-tarapaca-6\/#breadcrumb\"},\"inLanguage\":\"es-CL\",\"potentialAction\":[{\"@type\":\"ReadAction\",\"target\":[\"https:\/\/dev.explora.cl\/tarapaca\/plantilla-noticias-regionales-tarapaca-6\/\"]}]},{\"@type\":\"ImageObject\",\"inLanguage\":\"es-CL\",\"@id\":\"https:\/\/dev.explora.cl\/tarapaca\/plantilla-noticias-regionales-tarapaca-6\/#primaryimage\",\"url\":\"\",\"contentUrl\":\"\"},{\"@type\":\"BreadcrumbList\",\"@id\":\"https:\/\/dev.explora.cl\/tarapaca\/plantilla-noticias-regionales-tarapaca-6\/#breadcrumb\",\"itemListElement\":[{\"@type\":\"ListItem\",\"position\":1,\"name\":\"Portada\",\"item\":\"https:\/\/dev.explora.cl\/tarapaca\/\"},{\"@type\":\"ListItem\",\"position\":2,\"name\":\"ESCOLARES APRENDEN SOBRE EL RECICLAJE\"}]},{\"@type\":\"WebSite\",\"@id\":\"https:\/\/dev.explora.cl\/tarapaca\/#website\",\"url\":\"https:\/\/dev.explora.cl\/tarapaca\/\",\"name\":\"Tarapaca\",\"description\":\"Otro sitio m\u00e1s de dev.explora.cl\",\"potentialAction\":[{\"@type\":\"SearchAction\",\"target\":{\"@type\":\"EntryPoint\",\"urlTemplate\":\"https:\/\/dev.explora.cl\/tarapaca\/?s={search_term_string}\"},\"query-input\":{\"@type\":\"PropertyValueSpecification\",\"valueRequired\":true,\"valueName\":\"search_term_string\"}}],\"inLanguage\":\"es-CL\"},{\"@type\":\"Person\",\"@id\":\"https:\/\/dev.explora.cl\/tarapaca\/#\/schema\/person\/cb8349c13ea2d324080adf8480d7ba5d\",\"name\":\"webman\",\"image\":{\"@type\":\"ImageObject\",\"inLanguage\":\"es-CL\",\"@id\":\"https:\/\/dev.explora.cl\/tarapaca\/#\/schema\/person\/image\/\",\"url\":\"https:\/\/secure.gravatar.com\/avatar\/eeff3c82f2c02f7177d13663b7e6f890e9a6a0647ce9bb29cae02dcb094c7312?s=96&d=mm&r=g\",\"contentUrl\":\"https:\/\/secure.gravatar.com\/avatar\/eeff3c82f2c02f7177d13663b7e6f890e9a6a0647ce9bb29cae02dcb094c7312?s=96&d=mm&r=g\",\"caption\":\"webman\"},\"url\":\"https:\/\/dev.explora.cl\/tarapaca\/author\/webman\/\"}]}<\/script>\n<!-- \/ Yoast SEO plugin. -->","yoast_head_json":{"title":"ESCOLARES APRENDEN SOBRE EL RECICLAJE - Tarapaca","robots":{"index":"index","follow":"follow","max-snippet":"max-snippet:-1","max-image-preview":"max-image-preview:large","max-video-preview":"max-video-preview:-1"},"canonical":"https:\/\/dev.explora.cl\/tarapaca\/plantilla-noticias-regionales-tarapaca-6\/","og_locale":"es_ES","og_type":"article","og_title":"ESCOLARES APRENDEN SOBRE EL RECICLAJE - Tarapaca","og_description":"Estudiantes de diversos establecimientos educacionales de Iquique participaron la ma\u00f1ana &nbsp;del 15 de mayo, de la actividad denominada \u201cJuntos Reciclamos\u201d organizada por el Proyecto Asociativo EXPLORA CONICYT regi\u00f3n de Tarapac\u00e1, la Secretar\u00eda Regional Ministerial de Medio Ambiente y la empresa Triciclos, la que se llev\u00f3 a cabo en el Punto Limpio de Playa Brava. En [&hellip;]","og_url":"https:\/\/dev.explora.cl\/tarapaca\/plantilla-noticias-regionales-tarapaca-6\/","og_site_name":"Tarapaca","article_published_time":"2014-05-19T22:26:41+00:00","article_modified_time":"2019-05-16T02:07:27+00:00","author":"webman","twitter_card":"summary_large_image","twitter_misc":{"Escrito por":"webman","Tiempo estimado de lectura":"2 minutos"},"schema":{"@context":"https:\/\/schema.org","@graph":[{"@type":"Article","@id":"https:\/\/dev.explora.cl\/tarapaca\/plantilla-noticias-regionales-tarapaca-6\/#article","isPartOf":{"@id":"https:\/\/dev.explora.cl\/tarapaca\/plantilla-noticias-regionales-tarapaca-6\/"},"author":{"name":"webman","@id":"https:\/\/dev.explora.cl\/tarapaca\/#\/schema\/person\/cb8349c13ea2d324080adf8480d7ba5d"},"headline":"ESCOLARES APRENDEN SOBRE EL RECICLAJE","datePublished":"2014-05-19T22:26:41+00:00","dateModified":"2019-05-16T02:07:27+00:00","mainEntityOfPage":{"@id":"https:\/\/dev.explora.cl\/tarapaca\/plantilla-noticias-regionales-tarapaca-6\/"},"wordCount":323,"image":{"@id":"https:\/\/dev.explora.cl\/tarapaca\/plantilla-noticias-regionales-tarapaca-6\/#primaryimage"},"thumbnailUrl":"","articleSection":["Noticias"],"inLanguage":"es-CL"},{"@type":"WebPage","@id":"https:\/\/dev.explora.cl\/tarapaca\/plantilla-noticias-regionales-tarapaca-6\/","url":"https:\/\/dev.explora.cl\/tarapaca\/plantilla-noticias-regionales-tarapaca-6\/","name":"ESCOLARES APRENDEN SOBRE EL RECICLAJE - Tarapaca","isPartOf":{"@id":"https:\/\/dev.explora.cl\/tarapaca\/#website"},"primaryImageOfPage":{"@id":"https:\/\/dev.explora.cl\/tarapaca\/plantilla-noticias-regionales-tarapaca-6\/#primaryimage"},"image":{"@id":"https:\/\/dev.explora.cl\/tarapaca\/plantilla-noticias-regionales-tarapaca-6\/#primaryimage"},"thumbnailUrl":"","datePublished":"2014-05-19T22:26:41+00:00","dateModified":"2019-05-16T02:07:27+00:00","author":{"@id":"https:\/\/dev.explora.cl\/tarapaca\/#\/schema\/person\/cb8349c13ea2d324080adf8480d7ba5d"},"breadcrumb":{"@id":"https:\/\/dev.explora.cl\/tarapaca\/plantilla-noticias-regionales-tarapaca-6\/#breadcrumb"},"inLanguage":"es-CL","potentialAction":[{"@type":"ReadAction","target":["https:\/\/dev.explora.cl\/tarapaca\/plantilla-noticias-regionales-tarapaca-6\/"]}]},{"@type":"ImageObject","inLanguage":"es-CL","@id":"https:\/\/dev.explora.cl\/tarapaca\/plantilla-noticias-regionales-tarapaca-6\/#primaryimage","url":"","contentUrl":""},{"@type":"BreadcrumbList","@id":"https:\/\/dev.explora.cl\/tarapaca\/plantilla-noticias-regionales-tarapaca-6\/#breadcrumb","itemListElement":[{"@type":"ListItem","position":1,"name":"Portada","item":"https:\/\/dev.explora.cl\/tarapaca\/"},{"@type":"ListItem","position":2,"name":"ESCOLARES APRENDEN SOBRE EL RECICLAJE"}]},{"@type":"WebSite","@id":"https:\/\/dev.explora.cl\/tarapaca\/#website","url":"https:\/\/dev.explora.cl\/tarapaca\/","name":"Tarapaca","description":"Otro sitio m\u00e1s de dev.explora.cl","potentialAction":[{"@type":"SearchAction","target":{"@type":"EntryPoint","urlTemplate":"https:\/\/dev.explora.cl\/tarapaca\/?s={search_term_string}"},"query-input":{"@type":"PropertyValueSpecification","valueRequired":true,"valueName":"search_term_string"}}],"inLanguage":"es-CL"},{"@type":"Person","@id":"https:\/\/dev.explora.cl\/tarapaca\/#\/schema\/person\/cb8349c13ea2d324080adf8480d7ba5d","name":"webman","image":{"@type":"ImageObject","inLanguage":"es-CL","@id":"https:\/\/dev.explora.cl\/tarapaca\/#\/schema\/person\/image\/","url":"https:\/\/secure.gravatar.com\/avatar\/eeff3c82f2c02f7177d13663b7e6f890e9a6a0647ce9bb29cae02dcb094c7312?s=96&d=mm&r=g","contentUrl":"https:\/\/secure.gravatar.com\/avatar\/eeff3c82f2c02f7177d13663b7e6f890e9a6a0647ce9bb29cae02dcb094c7312?s=96&d=mm&r=g","caption":"webman"},"url":"https:\/\/dev.explora.cl\/tarapaca\/author\/webman\/"}]}},"_links":{"self":[{"href":"https:\/\/dev.explora.cl\/tarapaca\/wp-json\/wp\/v2\/posts\/37965","targetHints":{"allow":["GET"]}}],"collection":[{"href":"https:\/\/dev.explora.cl\/tarapaca\/wp-json\/wp\/v2\/posts"}],"about":[{"href":"https:\/\/dev.explora.cl\/tarapaca\/wp-json\/wp\/v2\/types\/post"}],"author":[{"embeddable":true,"href":"https:\/\/dev.explora.cl\/tarapaca\/wp-json\/wp\/v2\/users\/2"}],"replies":[{"embeddable":true,"href":"https:\/\/dev.explora.cl\/tarapaca\/wp-json\/wp\/v2\/comments?post=37965"}],"version-history":[{"count":1,"href":"https:\/\/dev.explora.cl\/tarapaca\/wp-json\/wp\/v2\/posts\/37965\/revisions"}],"predecessor-version":[{"id":38308,"href":"https:\/\/dev.explora.cl\/tarapaca\/wp-json\/wp\/v2\/posts\/37965\/revisions\/38308"}],"wp:featuredmedia":[{"embeddable":true,"href":"https:\/\/dev.explora.cl\/tarapaca\/wp-json\/"}],"wp:attachment":[{"href":"https:\/\/dev.explora.cl\/tarapaca\/wp-json\/wp\/v2\/media?parent=37965"}],"wp:term":[{"taxonomy":"category","embeddable":true,"href":"https:\/\/dev.explora.cl\/tarapaca\/wp-json\/wp\/v2\/categories?post=37965"},{"taxonomy":"post_tag","embeddable":true,"href":"https:\/\/dev.explora.cl\/tarapaca\/wp-json\/wp\/v2\/tags?post=37965"}],"curies":[{"name":"wp","href":"https:\/\/api.w.org\/{rel}","templated":true}]}}