{"id":37511,"date":"2019-04-14T10:51:12","date_gmt":"2019-04-14T14:51:12","guid":{"rendered":"https:\/\/dev.explora.cl\/tarapaca\/?p=37511"},"modified":"2019-09-24T14:16:43","modified_gmt":"2019-09-24T17:16:43","slug":"explora-tarapaca-participo-en-inauguracion-del-ano-academico-de-la-uta-sede-iquique","status":"publish","type":"post","link":"https:\/\/dev.explora.cl\/tarapaca\/explora-tarapaca-participo-en-inauguracion-del-ano-academico-de-la-uta-sede-iquique\/","title":{"rendered":"Explora Tarapac\u00e1 particip\u00f3 en inauguraci\u00f3n del a\u00f1o acad\u00e9mico de la UTA Sede Iquique"},"content":{"rendered":"<p><strong><em>*Equipo Explora Tarapac\u00e1 estuvo presente en importante actividad institucional de la casa de estudios superiores.<\/em><\/strong><\/p>\n<p>El pasado mi\u00e9rcoles 10 de abril el Sal\u00f3n Tarapac\u00e1 de Iquique se llen\u00f3 de esperanza, motivaci\u00f3n y un aire renovador. A las 11:30 de la ma\u00f1ana se realiz\u00f3 la inauguraci\u00f3n del a\u00f1o acad\u00e9mico de la Universidad de Tarapac\u00e1 Sede Iquique, que tuvo una diversa y enriquecedora presencia de instituciones, servicios, empresas, pero tambi\u00e9n establecimientos educacionales, que fueron invitados por el Proyecto Asociativo Regional Explora de CONICYT Tarapac\u00e1.<br \/>\nEl evento parti\u00f3 con un motivador mensaje del rector, Dr. Emilio Rodr\u00edguez Ponce, quien hizo una reflexi\u00f3n sobre las proyecciones de la Universidad de Tarapac\u00e1 Sede Iquique y sobre la inversi\u00f3n de 4.260 millones para los arreglos del Campus \u201cLa Tirana\u201d de la Sede Iquique, pero tambi\u00e9n recalc\u00f3 el liderazgo que mantiene la Universidad al haberse adjudicado 10 de 20 proyectos de investigaci\u00f3n del Fondo de Desarrollo Cient\u00edfico y Tecnol\u00f3gico (FONDECYT). \u201cVamos avanzando con fuerza, decididamente, dentro del espiral de crecimiento y desarrollo que tiene Tarapac\u00e1\u201d, enfatizo la autoridad de la Universidad que fue elegida a principios del 2018.<br \/>\nSeguidamente al rector se realiz\u00f3 una charla magistral sobre el \u201cEstado actual de la educaci\u00f3n suprior y sus desaf\u00edos de futuro\u201d, la cual fue dictada por el Dr. Jos\u00e9 Joaqu\u00edn Brunner, quien plante\u00f3 un an\u00e1lisis de contingencia de la educaci\u00f3n superior en el contexto internacional.<br \/>\nPara la directora del PAR Explora de CONICYT Tarapac\u00e1, Valeska Zepeda Cordero: \u201cEsta es una muy buena instancia en donde la academia se acerca a la comunidad para contarle qu\u00e9 est\u00e1 haciendo y que es lo que quiere hacer. Sin duda un puntapi\u00e9 inicial que motiva e ilusiona\u201d. \u201cDesde el PAR Explora Tarapac\u00e1 nos dedicaremos a promover el inter\u00e9s por la ciencia con ni\u00f1as, ni\u00f1os y j\u00f3venes de toda la regi\u00f3n, para explicar que la ciencia est\u00e1 en lo cotidiano. Adem\u00e1s, queremos aportar a seguir fortaleciendo el v\u00ednculo de la Universidad con la comunidad\u201d, enfatiz\u00f3 la directora.<br \/>\nCabe mencionar, que para el periodo 2019-2022 la Universidad de Tarapac\u00e1 cuenta con la ejecuci\u00f3n de los dos Proyectos Asociativos Regionales (PAR) Explora de CONICYT en el extremo norte del pa\u00eds, uno que se encuentra instalado y trabajando en la sede casa central de Arica y este nuevo proyecto que se instala en la sede de Iquique.<\/p>\n","protected":false},"excerpt":{"rendered":"<p>*Equipo Explora Tarapac\u00e1 estuvo presente en importante actividad institucional de la casa de estudios superiores. El pasado mi\u00e9rcoles 10 de abril el Sal\u00f3n Tarapac\u00e1 de Iquique se llen\u00f3 de esperanza, motivaci\u00f3n y un aire renovador. A las 11:30 de la ma\u00f1ana se realiz\u00f3 la inauguraci\u00f3n del a\u00f1o acad\u00e9mico de la Universidad de Tarapac\u00e1 Sede Iquique, [&hellip;]<\/p>\n","protected":false},"author":2,"featured_media":37521,"comment_status":"closed","ping_status":"open","sticky":false,"template":"","format":"standard","meta":{"_acf_changed":false,"_exactmetrics_skip_tracking":false,"_exactmetrics_sitenote_active":false,"_exactmetrics_sitenote_note":"","_exactmetrics_sitenote_category":0,"footnotes":"","_links_to":"","_links_to_target":""},"categories":[4],"tags":[],"class_list":["post-37511","post","type-post","status-publish","format-standard","has-post-thumbnail","hentry","category-noticias"],"acf":[],"yoast_head":"<!-- This site is optimized with the Yoast SEO plugin v26.7 - https:\/\/yoast.com\/wordpress\/plugins\/seo\/ -->\n<title>Explora Tarapac\u00e1 particip\u00f3 en inauguraci\u00f3n del a\u00f1o acad\u00e9mico de la UTA Sede Iquique - Tarapaca<\/title>\n<meta name=\"robots\" content=\"index, follow, max-snippet:-1, max-image-preview:large, max-video-preview:-1\" \/>\n<link rel=\"canonical\" href=\"https:\/\/dev.explora.cl\/tarapaca\/explora-tarapaca-participo-en-inauguracion-del-ano-academico-de-la-uta-sede-iquique\/\" class=\"yoast-seo-meta-tag\" \/>\n<meta property=\"og:locale\" content=\"es_ES\" class=\"yoast-seo-meta-tag\" \/>\n<meta property=\"og:type\" content=\"article\" class=\"yoast-seo-meta-tag\" \/>\n<meta property=\"og:title\" content=\"Explora Tarapac\u00e1 particip\u00f3 en inauguraci\u00f3n del a\u00f1o acad\u00e9mico de la UTA Sede Iquique - Tarapaca\" class=\"yoast-seo-meta-tag\" \/>\n<meta property=\"og:description\" content=\"*Equipo Explora Tarapac\u00e1 estuvo presente en importante actividad institucional de la casa de estudios superiores. El pasado mi\u00e9rcoles 10 de abril el Sal\u00f3n Tarapac\u00e1 de Iquique se llen\u00f3 de esperanza, motivaci\u00f3n y un aire renovador. A las 11:30 de la ma\u00f1ana se realiz\u00f3 la inauguraci\u00f3n del a\u00f1o acad\u00e9mico de la Universidad de Tarapac\u00e1 Sede Iquique, [&hellip;]\" class=\"yoast-seo-meta-tag\" \/>\n<meta property=\"og:url\" content=\"https:\/\/dev.explora.cl\/tarapaca\/explora-tarapaca-participo-en-inauguracion-del-ano-academico-de-la-uta-sede-iquique\/\" class=\"yoast-seo-meta-tag\" \/>\n<meta property=\"og:site_name\" content=\"Tarapaca\" class=\"yoast-seo-meta-tag\" \/>\n<meta property=\"article:published_time\" content=\"2019-04-14T14:51:12+00:00\" class=\"yoast-seo-meta-tag\" \/>\n<meta property=\"article:modified_time\" content=\"2019-09-24T17:16:43+00:00\" class=\"yoast-seo-meta-tag\" \/>\n<meta property=\"og:image\" content=\"https:\/\/dev.explora.cl\/tarapaca\/wp-content\/uploads\/sites\/3\/2019\/04\/1035x425.jpg\" class=\"yoast-seo-meta-tag\" \/>\n\t<meta property=\"og:image:width\" content=\"1035\" class=\"yoast-seo-meta-tag\" \/>\n\t<meta property=\"og:image:height\" content=\"425\" class=\"yoast-seo-meta-tag\" \/>\n\t<meta property=\"og:image:type\" content=\"image\/jpeg\" class=\"yoast-seo-meta-tag\" \/>\n<meta name=\"author\" content=\"webman\" class=\"yoast-seo-meta-tag\" \/>\n<meta name=\"twitter:card\" content=\"summary_large_image\" class=\"yoast-seo-meta-tag\" \/>\n<meta name=\"twitter:label1\" content=\"Escrito por\" class=\"yoast-seo-meta-tag\" \/>\n\t<meta name=\"twitter:data1\" content=\"webman\" class=\"yoast-seo-meta-tag\" \/>\n\t<meta name=\"twitter:label2\" content=\"Tiempo estimado de lectura\" class=\"yoast-seo-meta-tag\" \/>\n\t<meta name=\"twitter:data2\" content=\"2 minutos\" class=\"yoast-seo-meta-tag\" \/>\n<script type=\"application\/ld+json\" class=\"yoast-schema-graph\">{\"@context\":\"https:\/\/schema.org\",\"@graph\":[{\"@type\":\"Article\",\"@id\":\"https:\/\/dev.explora.cl\/tarapaca\/explora-tarapaca-participo-en-inauguracion-del-ano-academico-de-la-uta-sede-iquique\/#article\",\"isPartOf\":{\"@id\":\"https:\/\/dev.explora.cl\/tarapaca\/explora-tarapaca-participo-en-inauguracion-del-ano-academico-de-la-uta-sede-iquique\/\"},\"author\":{\"name\":\"webman\",\"@id\":\"https:\/\/dev.explora.cl\/tarapaca\/#\/schema\/person\/cb8349c13ea2d324080adf8480d7ba5d\"},\"headline\":\"Explora Tarapac\u00e1 particip\u00f3 en inauguraci\u00f3n del a\u00f1o acad\u00e9mico de la UTA Sede Iquique\",\"datePublished\":\"2019-04-14T14:51:12+00:00\",\"dateModified\":\"2019-09-24T17:16:43+00:00\",\"mainEntityOfPage\":{\"@id\":\"https:\/\/dev.explora.cl\/tarapaca\/explora-tarapaca-participo-en-inauguracion-del-ano-academico-de-la-uta-sede-iquique\/\"},\"wordCount\":419,\"image\":{\"@id\":\"https:\/\/dev.explora.cl\/tarapaca\/explora-tarapaca-participo-en-inauguracion-del-ano-academico-de-la-uta-sede-iquique\/#primaryimage\"},\"thumbnailUrl\":\"https:\/\/dev.explora.cl\/tarapaca\/wp-content\/uploads\/sites\/3\/2019\/04\/1035x425.jpg\",\"articleSection\":[\"Noticias\"],\"inLanguage\":\"es-CL\"},{\"@type\":\"WebPage\",\"@id\":\"https:\/\/dev.explora.cl\/tarapaca\/explora-tarapaca-participo-en-inauguracion-del-ano-academico-de-la-uta-sede-iquique\/\",\"url\":\"https:\/\/dev.explora.cl\/tarapaca\/explora-tarapaca-participo-en-inauguracion-del-ano-academico-de-la-uta-sede-iquique\/\",\"name\":\"Explora Tarapac\u00e1 particip\u00f3 en inauguraci\u00f3n del a\u00f1o acad\u00e9mico de la UTA Sede Iquique - Tarapaca\",\"isPartOf\":{\"@id\":\"https:\/\/dev.explora.cl\/tarapaca\/#website\"},\"primaryImageOfPage\":{\"@id\":\"https:\/\/dev.explora.cl\/tarapaca\/explora-tarapaca-participo-en-inauguracion-del-ano-academico-de-la-uta-sede-iquique\/#primaryimage\"},\"image\":{\"@id\":\"https:\/\/dev.explora.cl\/tarapaca\/explora-tarapaca-participo-en-inauguracion-del-ano-academico-de-la-uta-sede-iquique\/#primaryimage\"},\"thumbnailUrl\":\"https:\/\/dev.explora.cl\/tarapaca\/wp-content\/uploads\/sites\/3\/2019\/04\/1035x425.jpg\",\"datePublished\":\"2019-04-14T14:51:12+00:00\",\"dateModified\":\"2019-09-24T17:16:43+00:00\",\"author\":{\"@id\":\"https:\/\/dev.explora.cl\/tarapaca\/#\/schema\/person\/cb8349c13ea2d324080adf8480d7ba5d\"},\"breadcrumb\":{\"@id\":\"https:\/\/dev.explora.cl\/tarapaca\/explora-tarapaca-participo-en-inauguracion-del-ano-academico-de-la-uta-sede-iquique\/#breadcrumb\"},\"inLanguage\":\"es-CL\",\"potentialAction\":[{\"@type\":\"ReadAction\",\"target\":[\"https:\/\/dev.explora.cl\/tarapaca\/explora-tarapaca-participo-en-inauguracion-del-ano-academico-de-la-uta-sede-iquique\/\"]}]},{\"@type\":\"ImageObject\",\"inLanguage\":\"es-CL\",\"@id\":\"https:\/\/dev.explora.cl\/tarapaca\/explora-tarapaca-participo-en-inauguracion-del-ano-academico-de-la-uta-sede-iquique\/#primaryimage\",\"url\":\"https:\/\/dev.explora.cl\/tarapaca\/wp-content\/uploads\/sites\/3\/2019\/04\/1035x425.jpg\",\"contentUrl\":\"https:\/\/dev.explora.cl\/tarapaca\/wp-content\/uploads\/sites\/3\/2019\/04\/1035x425.jpg\",\"width\":1035,\"height\":425},{\"@type\":\"BreadcrumbList\",\"@id\":\"https:\/\/dev.explora.cl\/tarapaca\/explora-tarapaca-participo-en-inauguracion-del-ano-academico-de-la-uta-sede-iquique\/#breadcrumb\",\"itemListElement\":[{\"@type\":\"ListItem\",\"position\":1,\"name\":\"Portada\",\"item\":\"https:\/\/dev.explora.cl\/tarapaca\/\"},{\"@type\":\"ListItem\",\"position\":2,\"name\":\"Explora Tarapac\u00e1 particip\u00f3 en inauguraci\u00f3n del a\u00f1o acad\u00e9mico de la UTA Sede Iquique\"}]},{\"@type\":\"WebSite\",\"@id\":\"https:\/\/dev.explora.cl\/tarapaca\/#website\",\"url\":\"https:\/\/dev.explora.cl\/tarapaca\/\",\"name\":\"Tarapaca\",\"description\":\"Otro sitio m\u00e1s de dev.explora.cl\",\"potentialAction\":[{\"@type\":\"SearchAction\",\"target\":{\"@type\":\"EntryPoint\",\"urlTemplate\":\"https:\/\/dev.explora.cl\/tarapaca\/?s={search_term_string}\"},\"query-input\":{\"@type\":\"PropertyValueSpecification\",\"valueRequired\":true,\"valueName\":\"search_term_string\"}}],\"inLanguage\":\"es-CL\"},{\"@type\":\"Person\",\"@id\":\"https:\/\/dev.explora.cl\/tarapaca\/#\/schema\/person\/cb8349c13ea2d324080adf8480d7ba5d\",\"name\":\"webman\",\"image\":{\"@type\":\"ImageObject\",\"inLanguage\":\"es-CL\",\"@id\":\"https:\/\/dev.explora.cl\/tarapaca\/#\/schema\/person\/image\/\",\"url\":\"https:\/\/secure.gravatar.com\/avatar\/eeff3c82f2c02f7177d13663b7e6f890e9a6a0647ce9bb29cae02dcb094c7312?s=96&d=mm&r=g\",\"contentUrl\":\"https:\/\/secure.gravatar.com\/avatar\/eeff3c82f2c02f7177d13663b7e6f890e9a6a0647ce9bb29cae02dcb094c7312?s=96&d=mm&r=g\",\"caption\":\"webman\"},\"url\":\"https:\/\/dev.explora.cl\/tarapaca\/author\/webman\/\"}]}<\/script>\n<!-- \/ Yoast SEO plugin. -->","yoast_head_json":{"title":"Explora Tarapac\u00e1 particip\u00f3 en inauguraci\u00f3n del a\u00f1o acad\u00e9mico de la UTA Sede Iquique - Tarapaca","robots":{"index":"index","follow":"follow","max-snippet":"max-snippet:-1","max-image-preview":"max-image-preview:large","max-video-preview":"max-video-preview:-1"},"canonical":"https:\/\/dev.explora.cl\/tarapaca\/explora-tarapaca-participo-en-inauguracion-del-ano-academico-de-la-uta-sede-iquique\/","og_locale":"es_ES","og_type":"article","og_title":"Explora Tarapac\u00e1 particip\u00f3 en inauguraci\u00f3n del a\u00f1o acad\u00e9mico de la UTA Sede Iquique - Tarapaca","og_description":"*Equipo Explora Tarapac\u00e1 estuvo presente en importante actividad institucional de la casa de estudios superiores. El pasado mi\u00e9rcoles 10 de abril el Sal\u00f3n Tarapac\u00e1 de Iquique se llen\u00f3 de esperanza, motivaci\u00f3n y un aire renovador. A las 11:30 de la ma\u00f1ana se realiz\u00f3 la inauguraci\u00f3n del a\u00f1o acad\u00e9mico de la Universidad de Tarapac\u00e1 Sede Iquique, [&hellip;]","og_url":"https:\/\/dev.explora.cl\/tarapaca\/explora-tarapaca-participo-en-inauguracion-del-ano-academico-de-la-uta-sede-iquique\/","og_site_name":"Tarapaca","article_published_time":"2019-04-14T14:51:12+00:00","article_modified_time":"2019-09-24T17:16:43+00:00","og_image":[{"width":1035,"height":425,"url":"https:\/\/dev.explora.cl\/tarapaca\/wp-content\/uploads\/sites\/3\/2019\/04\/1035x425.jpg","type":"image\/jpeg"}],"author":"webman","twitter_card":"summary_large_image","twitter_misc":{"Escrito por":"webman","Tiempo estimado de lectura":"2 minutos"},"schema":{"@context":"https:\/\/schema.org","@graph":[{"@type":"Article","@id":"https:\/\/dev.explora.cl\/tarapaca\/explora-tarapaca-participo-en-inauguracion-del-ano-academico-de-la-uta-sede-iquique\/#article","isPartOf":{"@id":"https:\/\/dev.explora.cl\/tarapaca\/explora-tarapaca-participo-en-inauguracion-del-ano-academico-de-la-uta-sede-iquique\/"},"author":{"name":"webman","@id":"https:\/\/dev.explora.cl\/tarapaca\/#\/schema\/person\/cb8349c13ea2d324080adf8480d7ba5d"},"headline":"Explora Tarapac\u00e1 particip\u00f3 en inauguraci\u00f3n del a\u00f1o acad\u00e9mico de la UTA Sede Iquique","datePublished":"2019-04-14T14:51:12+00:00","dateModified":"2019-09-24T17:16:43+00:00","mainEntityOfPage":{"@id":"https:\/\/dev.explora.cl\/tarapaca\/explora-tarapaca-participo-en-inauguracion-del-ano-academico-de-la-uta-sede-iquique\/"},"wordCount":419,"image":{"@id":"https:\/\/dev.explora.cl\/tarapaca\/explora-tarapaca-participo-en-inauguracion-del-ano-academico-de-la-uta-sede-iquique\/#primaryimage"},"thumbnailUrl":"https:\/\/dev.explora.cl\/tarapaca\/wp-content\/uploads\/sites\/3\/2019\/04\/1035x425.jpg","articleSection":["Noticias"],"inLanguage":"es-CL"},{"@type":"WebPage","@id":"https:\/\/dev.explora.cl\/tarapaca\/explora-tarapaca-participo-en-inauguracion-del-ano-academico-de-la-uta-sede-iquique\/","url":"https:\/\/dev.explora.cl\/tarapaca\/explora-tarapaca-participo-en-inauguracion-del-ano-academico-de-la-uta-sede-iquique\/","name":"Explora Tarapac\u00e1 particip\u00f3 en inauguraci\u00f3n del a\u00f1o acad\u00e9mico de la UTA Sede Iquique - Tarapaca","isPartOf":{"@id":"https:\/\/dev.explora.cl\/tarapaca\/#website"},"primaryImageOfPage":{"@id":"https:\/\/dev.explora.cl\/tarapaca\/explora-tarapaca-participo-en-inauguracion-del-ano-academico-de-la-uta-sede-iquique\/#primaryimage"},"image":{"@id":"https:\/\/dev.explora.cl\/tarapaca\/explora-tarapaca-participo-en-inauguracion-del-ano-academico-de-la-uta-sede-iquique\/#primaryimage"},"thumbnailUrl":"https:\/\/dev.explora.cl\/tarapaca\/wp-content\/uploads\/sites\/3\/2019\/04\/1035x425.jpg","datePublished":"2019-04-14T14:51:12+00:00","dateModified":"2019-09-24T17:16:43+00:00","author":{"@id":"https:\/\/dev.explora.cl\/tarapaca\/#\/schema\/person\/cb8349c13ea2d324080adf8480d7ba5d"},"breadcrumb":{"@id":"https:\/\/dev.explora.cl\/tarapaca\/explora-tarapaca-participo-en-inauguracion-del-ano-academico-de-la-uta-sede-iquique\/#breadcrumb"},"inLanguage":"es-CL","potentialAction":[{"@type":"ReadAction","target":["https:\/\/dev.explora.cl\/tarapaca\/explora-tarapaca-participo-en-inauguracion-del-ano-academico-de-la-uta-sede-iquique\/"]}]},{"@type":"ImageObject","inLanguage":"es-CL","@id":"https:\/\/dev.explora.cl\/tarapaca\/explora-tarapaca-participo-en-inauguracion-del-ano-academico-de-la-uta-sede-iquique\/#primaryimage","url":"https:\/\/dev.explora.cl\/tarapaca\/wp-content\/uploads\/sites\/3\/2019\/04\/1035x425.jpg","contentUrl":"https:\/\/dev.explora.cl\/tarapaca\/wp-content\/uploads\/sites\/3\/2019\/04\/1035x425.jpg","width":1035,"height":425},{"@type":"BreadcrumbList","@id":"https:\/\/dev.explora.cl\/tarapaca\/explora-tarapaca-participo-en-inauguracion-del-ano-academico-de-la-uta-sede-iquique\/#breadcrumb","itemListElement":[{"@type":"ListItem","position":1,"name":"Portada","item":"https:\/\/dev.explora.cl\/tarapaca\/"},{"@type":"ListItem","position":2,"name":"Explora Tarapac\u00e1 particip\u00f3 en inauguraci\u00f3n del a\u00f1o acad\u00e9mico de la UTA Sede Iquique"}]},{"@type":"WebSite","@id":"https:\/\/dev.explora.cl\/tarapaca\/#website","url":"https:\/\/dev.explora.cl\/tarapaca\/","name":"Tarapaca","description":"Otro sitio m\u00e1s de dev.explora.cl","potentialAction":[{"@type":"SearchAction","target":{"@type":"EntryPoint","urlTemplate":"https:\/\/dev.explora.cl\/tarapaca\/?s={search_term_string}"},"query-input":{"@type":"PropertyValueSpecification","valueRequired":true,"valueName":"search_term_string"}}],"inLanguage":"es-CL"},{"@type":"Person","@id":"https:\/\/dev.explora.cl\/tarapaca\/#\/schema\/person\/cb8349c13ea2d324080adf8480d7ba5d","name":"webman","image":{"@type":"ImageObject","inLanguage":"es-CL","@id":"https:\/\/dev.explora.cl\/tarapaca\/#\/schema\/person\/image\/","url":"https:\/\/secure.gravatar.com\/avatar\/eeff3c82f2c02f7177d13663b7e6f890e9a6a0647ce9bb29cae02dcb094c7312?s=96&d=mm&r=g","contentUrl":"https:\/\/secure.gravatar.com\/avatar\/eeff3c82f2c02f7177d13663b7e6f890e9a6a0647ce9bb29cae02dcb094c7312?s=96&d=mm&r=g","caption":"webman"},"url":"https:\/\/dev.explora.cl\/tarapaca\/author\/webman\/"}]}},"_links":{"self":[{"href":"https:\/\/dev.explora.cl\/tarapaca\/wp-json\/wp\/v2\/posts\/37511","targetHints":{"allow":["GET"]}}],"collection":[{"href":"https:\/\/dev.explora.cl\/tarapaca\/wp-json\/wp\/v2\/posts"}],"about":[{"href":"https:\/\/dev.explora.cl\/tarapaca\/wp-json\/wp\/v2\/types\/post"}],"author":[{"embeddable":true,"href":"https:\/\/dev.explora.cl\/tarapaca\/wp-json\/wp\/v2\/users\/2"}],"replies":[{"embeddable":true,"href":"https:\/\/dev.explora.cl\/tarapaca\/wp-json\/wp\/v2\/comments?post=37511"}],"version-history":[{"count":1,"href":"https:\/\/dev.explora.cl\/tarapaca\/wp-json\/wp\/v2\/posts\/37511\/revisions"}],"predecessor-version":[{"id":38026,"href":"https:\/\/dev.explora.cl\/tarapaca\/wp-json\/wp\/v2\/posts\/37511\/revisions\/38026"}],"wp:featuredmedia":[{"embeddable":true,"href":"https:\/\/dev.explora.cl\/tarapaca\/wp-json\/wp\/v2\/media\/37521"}],"wp:attachment":[{"href":"https:\/\/dev.explora.cl\/tarapaca\/wp-json\/wp\/v2\/media?parent=37511"}],"wp:term":[{"taxonomy":"category","embeddable":true,"href":"https:\/\/dev.explora.cl\/tarapaca\/wp-json\/wp\/v2\/categories?post=37511"},{"taxonomy":"post_tag","embeddable":true,"href":"https:\/\/dev.explora.cl\/tarapaca\/wp-json\/wp\/v2\/tags?post=37511"}],"curies":[{"name":"wp","href":"https:\/\/api.w.org\/{rel}","templated":true}]}}