{"id":37299,"date":"2018-11-23T18:17:27","date_gmt":"2018-11-23T22:17:27","guid":{"rendered":"https:\/\/dev.explora.cl\/tarapaca\/?p=37299"},"modified":"2019-05-16T02:03:59","modified_gmt":"2019-05-16T02:03:59","slug":"parvulos-dan-a-conocer-experiencias-cientificas-en-feria-de-explora","status":"publish","type":"post","link":"https:\/\/dev.explora.cl\/tarapaca\/parvulos-dan-a-conocer-experiencias-cientificas-en-feria-de-explora\/","title":{"rendered":"P\u00e1rvulos dan a conocer experiencias cient\u00edficas en feria de Explora"},"content":{"rendered":"<ul>\n<li style=\"font-weight: 400\"><strong>Evento reuni\u00f3 a 19 jardines infantiles en la Plaza Prat de Iquique para evidenciar el trabajo desarrollado en el programa \u201cTus Competencias en Ciencias\u201d.<\/strong><\/li>\n<\/ul>\n<p style=\"font-weight: 400\">El pasado 21 de noviembre el PAR Explora de CONICYT Tarapac\u00e1, ejecutado por la Corporaci\u00f3n de Desarrollo de Tarapac\u00e1, realiz\u00f3 la feria de ciencia y tecnolog\u00eda \u201cPeque\u00f1os Exploradores\u201d, que reuni\u00f3 a una serie de jardines infantiles de Pica, Pozo Almonte, Huara, Alto Hospicio e Iquique en la Plaza Prat, con el objetivo de reconocer en la pr\u00e1ctica algunas de las 30 experiencias que desarrolla el programa con las educadores y t\u00e9cnicos en educaci\u00f3n parvularia y que las ha llevado a especializarse por meses con toda una metodolog\u00eda.<\/p>\n<p style=\"font-weight: 400\">La oportunidad fue una instancia para evidenciar los aprendizajes desarrollados por las ni\u00f1as y los ni\u00f1os. Ah\u00ed, Matilda Fern\u00e1ndez, del Jard\u00edn Infantil Oasis del saber quiso compartirnos su reflexi\u00f3n y dijo: \u201cme gust\u00f3 hacer experimentos con algunos juguetes del jard\u00edn porque as\u00ed aprendo otras cosas\u201d.<\/p>\n<p style=\"font-weight: 400\">El evento cont\u00f3 con la participaci\u00f3n de autoridades, entre los cuales estuvo el Intendente Subrogante \u00c1lvaro Jofr\u00e9, quien muy emocionado felicit\u00f3 la participaci\u00f3n de los p\u00e1rvulos asistentes, comentando: \u201cestoy feliz con la participaci\u00f3n de todos estos ni\u00f1os que desarrollan ciencia y tecnolog\u00eda desde muy peque\u00f1os\u201d.<\/p>\n<p style=\"font-weight: 400\">El programa Tus Competencias en Ciencias considera el desarrollo de una serie de actividades en ciencia y tecnolog\u00eda con un acompa\u00f1amiento permanente por parte del PAR Explora de CONICYT Tarapac\u00e1. La encargada del programa Tus Competencias en Ciencias, Iris Escopinich, felicit\u00f3 a las familias, agregando: \u201ces muy importante el inter\u00e9s y la dedicaci\u00f3n de las educadoras en instancias de \u00e9ste tipo, pero esto tambi\u00e9n es muy importante el apoyo que reciben de las familias para desarrollar ciencia\u201d.<\/p>\n<p style=\"font-weight: 400\">Por su parte Jonathan Poblete, uno de los emocionados padres del jard\u00edn infantil \u201cOasis del saber\u201d, comenta: \u201cme parece bueno el aprendizaje que se logra en ciencias y la integraci\u00f3n que ha logrado mi hija con sus mismos compa\u00f1eros. \u00c9stas actividades son muy buenas para ella\u201d.<\/p>\n<p style=\"font-weight: 400\">Para la Corporaci\u00f3n de Desarrollo de Tarapac\u00e1, \u00e9sta instancias son muy importantes para el desarrollo del conocimiento, la ciencia y la tecnolog\u00eda con ni\u00f1os de distintas comunas de la regi\u00f3n, lo cual viene a formar, desde muy peque\u00f1os, a los l\u00edderes del futuro con pr\u00e1ctica cient\u00edfica.<\/p>\n<p style=\"font-weight: 400\">El programa \u201cTus Competencias en Ciencias\u201d seguir\u00e1 desarrollando una labor de seguimiento, hasta terminar en marzo pr\u00f3ximo con toda la capacitaci\u00f3n asociada a la ciencia y la tecnolog\u00eda con los p\u00e1rvulos de Tarapac\u00e1.<\/p>\n","protected":false},"excerpt":{"rendered":"<p>Evento reuni\u00f3 a 19 jardines infantiles en la Plaza Prat de Iquique para evidenciar el trabajo desarrollado en el programa \u201cTus Competencias en Ciencias\u201d. El pasado 21 de noviembre el PAR Explora de CONICYT Tarapac\u00e1, ejecutado por la Corporaci\u00f3n de Desarrollo de Tarapac\u00e1, realiz\u00f3 la feria de ciencia y tecnolog\u00eda \u201cPeque\u00f1os Exploradores\u201d, que reuni\u00f3 a [&hellip;]<\/p>\n","protected":false},"author":2,"featured_media":37257,"comment_status":"closed","ping_status":"open","sticky":false,"template":"","format":"standard","meta":{"_acf_changed":false,"_exactmetrics_skip_tracking":false,"_exactmetrics_sitenote_active":false,"_exactmetrics_sitenote_note":"","_exactmetrics_sitenote_category":0,"footnotes":"","_links_to":"","_links_to_target":""},"categories":[4],"tags":[],"class_list":["post-37299","post","type-post","status-publish","format-standard","has-post-thumbnail","hentry","category-noticias"],"acf":[],"yoast_head":"<!-- This site is optimized with the Yoast SEO plugin v26.7 - https:\/\/yoast.com\/wordpress\/plugins\/seo\/ -->\n<title>P\u00e1rvulos dan a conocer experiencias cient\u00edficas en feria de Explora - Tarapaca<\/title>\n<meta name=\"robots\" content=\"index, follow, max-snippet:-1, max-image-preview:large, max-video-preview:-1\" \/>\n<link rel=\"canonical\" href=\"https:\/\/dev.explora.cl\/tarapaca\/parvulos-dan-a-conocer-experiencias-cientificas-en-feria-de-explora\/\" class=\"yoast-seo-meta-tag\" \/>\n<meta property=\"og:locale\" content=\"es_ES\" class=\"yoast-seo-meta-tag\" \/>\n<meta property=\"og:type\" content=\"article\" class=\"yoast-seo-meta-tag\" \/>\n<meta property=\"og:title\" content=\"P\u00e1rvulos dan a conocer experiencias cient\u00edficas en feria de Explora - Tarapaca\" class=\"yoast-seo-meta-tag\" \/>\n<meta property=\"og:description\" content=\"Evento reuni\u00f3 a 19 jardines infantiles en la Plaza Prat de Iquique para evidenciar el trabajo desarrollado en el programa \u201cTus Competencias en Ciencias\u201d. El pasado 21 de noviembre el PAR Explora de CONICYT Tarapac\u00e1, ejecutado por la Corporaci\u00f3n de Desarrollo de Tarapac\u00e1, realiz\u00f3 la feria de ciencia y tecnolog\u00eda \u201cPeque\u00f1os Exploradores\u201d, que reuni\u00f3 a [&hellip;]\" class=\"yoast-seo-meta-tag\" \/>\n<meta property=\"og:url\" content=\"https:\/\/dev.explora.cl\/tarapaca\/parvulos-dan-a-conocer-experiencias-cientificas-en-feria-de-explora\/\" class=\"yoast-seo-meta-tag\" \/>\n<meta property=\"og:site_name\" content=\"Tarapaca\" class=\"yoast-seo-meta-tag\" \/>\n<meta property=\"article:published_time\" content=\"2018-11-23T22:17:27+00:00\" class=\"yoast-seo-meta-tag\" \/>\n<meta property=\"article:modified_time\" content=\"2019-05-16T02:03:59+00:00\" class=\"yoast-seo-meta-tag\" \/>\n<meta property=\"og:image\" content=\"https:\/\/dev.explora.cl\/tarapaca\/wp-content\/uploads\/sites\/3\/2018\/12\/feriapeque\u00f1osexploradores_2.jpg\" class=\"yoast-seo-meta-tag\" \/>\n\t<meta property=\"og:image:width\" content=\"2048\" class=\"yoast-seo-meta-tag\" \/>\n\t<meta property=\"og:image:height\" content=\"1365\" class=\"yoast-seo-meta-tag\" \/>\n\t<meta property=\"og:image:type\" content=\"image\/jpeg\" class=\"yoast-seo-meta-tag\" \/>\n<meta name=\"author\" content=\"webman\" class=\"yoast-seo-meta-tag\" \/>\n<meta name=\"twitter:card\" content=\"summary_large_image\" class=\"yoast-seo-meta-tag\" \/>\n<meta name=\"twitter:label1\" content=\"Escrito por\" class=\"yoast-seo-meta-tag\" \/>\n\t<meta name=\"twitter:data1\" content=\"webman\" class=\"yoast-seo-meta-tag\" \/>\n\t<meta name=\"twitter:label2\" content=\"Tiempo estimado de lectura\" class=\"yoast-seo-meta-tag\" \/>\n\t<meta name=\"twitter:data2\" content=\"2 minutos\" class=\"yoast-seo-meta-tag\" \/>\n<script type=\"application\/ld+json\" class=\"yoast-schema-graph\">{\"@context\":\"https:\/\/schema.org\",\"@graph\":[{\"@type\":\"Article\",\"@id\":\"https:\/\/dev.explora.cl\/tarapaca\/parvulos-dan-a-conocer-experiencias-cientificas-en-feria-de-explora\/#article\",\"isPartOf\":{\"@id\":\"https:\/\/dev.explora.cl\/tarapaca\/parvulos-dan-a-conocer-experiencias-cientificas-en-feria-de-explora\/\"},\"author\":{\"name\":\"webman\",\"@id\":\"https:\/\/dev.explora.cl\/tarapaca\/#\/schema\/person\/cb8349c13ea2d324080adf8480d7ba5d\"},\"headline\":\"P\u00e1rvulos dan a conocer experiencias cient\u00edficas en feria de Explora\",\"datePublished\":\"2018-11-23T22:17:27+00:00\",\"dateModified\":\"2019-05-16T02:03:59+00:00\",\"mainEntityOfPage\":{\"@id\":\"https:\/\/dev.explora.cl\/tarapaca\/parvulos-dan-a-conocer-experiencias-cientificas-en-feria-de-explora\/\"},\"wordCount\":452,\"image\":{\"@id\":\"https:\/\/dev.explora.cl\/tarapaca\/parvulos-dan-a-conocer-experiencias-cientificas-en-feria-de-explora\/#primaryimage\"},\"thumbnailUrl\":\"https:\/\/dev.explora.cl\/tarapaca\/wp-content\/uploads\/sites\/3\/2018\/12\/feriapeque\u00f1osexploradores_2.jpg\",\"articleSection\":[\"Noticias\"],\"inLanguage\":\"es-CL\"},{\"@type\":\"WebPage\",\"@id\":\"https:\/\/dev.explora.cl\/tarapaca\/parvulos-dan-a-conocer-experiencias-cientificas-en-feria-de-explora\/\",\"url\":\"https:\/\/dev.explora.cl\/tarapaca\/parvulos-dan-a-conocer-experiencias-cientificas-en-feria-de-explora\/\",\"name\":\"P\u00e1rvulos dan a conocer experiencias cient\u00edficas en feria de Explora - Tarapaca\",\"isPartOf\":{\"@id\":\"https:\/\/dev.explora.cl\/tarapaca\/#website\"},\"primaryImageOfPage\":{\"@id\":\"https:\/\/dev.explora.cl\/tarapaca\/parvulos-dan-a-conocer-experiencias-cientificas-en-feria-de-explora\/#primaryimage\"},\"image\":{\"@id\":\"https:\/\/dev.explora.cl\/tarapaca\/parvulos-dan-a-conocer-experiencias-cientificas-en-feria-de-explora\/#primaryimage\"},\"thumbnailUrl\":\"https:\/\/dev.explora.cl\/tarapaca\/wp-content\/uploads\/sites\/3\/2018\/12\/feriapeque\u00f1osexploradores_2.jpg\",\"datePublished\":\"2018-11-23T22:17:27+00:00\",\"dateModified\":\"2019-05-16T02:03:59+00:00\",\"author\":{\"@id\":\"https:\/\/dev.explora.cl\/tarapaca\/#\/schema\/person\/cb8349c13ea2d324080adf8480d7ba5d\"},\"breadcrumb\":{\"@id\":\"https:\/\/dev.explora.cl\/tarapaca\/parvulos-dan-a-conocer-experiencias-cientificas-en-feria-de-explora\/#breadcrumb\"},\"inLanguage\":\"es-CL\",\"potentialAction\":[{\"@type\":\"ReadAction\",\"target\":[\"https:\/\/dev.explora.cl\/tarapaca\/parvulos-dan-a-conocer-experiencias-cientificas-en-feria-de-explora\/\"]}]},{\"@type\":\"ImageObject\",\"inLanguage\":\"es-CL\",\"@id\":\"https:\/\/dev.explora.cl\/tarapaca\/parvulos-dan-a-conocer-experiencias-cientificas-en-feria-de-explora\/#primaryimage\",\"url\":\"https:\/\/dev.explora.cl\/tarapaca\/wp-content\/uploads\/sites\/3\/2018\/12\/feriapeque\u00f1osexploradores_2.jpg\",\"contentUrl\":\"https:\/\/dev.explora.cl\/tarapaca\/wp-content\/uploads\/sites\/3\/2018\/12\/feriapeque\u00f1osexploradores_2.jpg\",\"width\":2048,\"height\":1365},{\"@type\":\"BreadcrumbList\",\"@id\":\"https:\/\/dev.explora.cl\/tarapaca\/parvulos-dan-a-conocer-experiencias-cientificas-en-feria-de-explora\/#breadcrumb\",\"itemListElement\":[{\"@type\":\"ListItem\",\"position\":1,\"name\":\"Portada\",\"item\":\"https:\/\/dev.explora.cl\/tarapaca\/\"},{\"@type\":\"ListItem\",\"position\":2,\"name\":\"P\u00e1rvulos dan a conocer experiencias cient\u00edficas en feria de Explora\"}]},{\"@type\":\"WebSite\",\"@id\":\"https:\/\/dev.explora.cl\/tarapaca\/#website\",\"url\":\"https:\/\/dev.explora.cl\/tarapaca\/\",\"name\":\"Tarapaca\",\"description\":\"Otro sitio m\u00e1s de dev.explora.cl\",\"potentialAction\":[{\"@type\":\"SearchAction\",\"target\":{\"@type\":\"EntryPoint\",\"urlTemplate\":\"https:\/\/dev.explora.cl\/tarapaca\/?s={search_term_string}\"},\"query-input\":{\"@type\":\"PropertyValueSpecification\",\"valueRequired\":true,\"valueName\":\"search_term_string\"}}],\"inLanguage\":\"es-CL\"},{\"@type\":\"Person\",\"@id\":\"https:\/\/dev.explora.cl\/tarapaca\/#\/schema\/person\/cb8349c13ea2d324080adf8480d7ba5d\",\"name\":\"webman\",\"image\":{\"@type\":\"ImageObject\",\"inLanguage\":\"es-CL\",\"@id\":\"https:\/\/dev.explora.cl\/tarapaca\/#\/schema\/person\/image\/\",\"url\":\"https:\/\/secure.gravatar.com\/avatar\/eeff3c82f2c02f7177d13663b7e6f890e9a6a0647ce9bb29cae02dcb094c7312?s=96&d=mm&r=g\",\"contentUrl\":\"https:\/\/secure.gravatar.com\/avatar\/eeff3c82f2c02f7177d13663b7e6f890e9a6a0647ce9bb29cae02dcb094c7312?s=96&d=mm&r=g\",\"caption\":\"webman\"},\"url\":\"https:\/\/dev.explora.cl\/tarapaca\/author\/webman\/\"}]}<\/script>\n<!-- \/ Yoast SEO plugin. -->","yoast_head_json":{"title":"P\u00e1rvulos dan a conocer experiencias cient\u00edficas en feria de Explora - Tarapaca","robots":{"index":"index","follow":"follow","max-snippet":"max-snippet:-1","max-image-preview":"max-image-preview:large","max-video-preview":"max-video-preview:-1"},"canonical":"https:\/\/dev.explora.cl\/tarapaca\/parvulos-dan-a-conocer-experiencias-cientificas-en-feria-de-explora\/","og_locale":"es_ES","og_type":"article","og_title":"P\u00e1rvulos dan a conocer experiencias cient\u00edficas en feria de Explora - Tarapaca","og_description":"Evento reuni\u00f3 a 19 jardines infantiles en la Plaza Prat de Iquique para evidenciar el trabajo desarrollado en el programa \u201cTus Competencias en Ciencias\u201d. El pasado 21 de noviembre el PAR Explora de CONICYT Tarapac\u00e1, ejecutado por la Corporaci\u00f3n de Desarrollo de Tarapac\u00e1, realiz\u00f3 la feria de ciencia y tecnolog\u00eda \u201cPeque\u00f1os Exploradores\u201d, que reuni\u00f3 a [&hellip;]","og_url":"https:\/\/dev.explora.cl\/tarapaca\/parvulos-dan-a-conocer-experiencias-cientificas-en-feria-de-explora\/","og_site_name":"Tarapaca","article_published_time":"2018-11-23T22:17:27+00:00","article_modified_time":"2019-05-16T02:03:59+00:00","og_image":[{"width":2048,"height":1365,"url":"https:\/\/dev.explora.cl\/tarapaca\/wp-content\/uploads\/sites\/3\/2018\/12\/feriapeque\u00f1osexploradores_2.jpg","type":"image\/jpeg"}],"author":"webman","twitter_card":"summary_large_image","twitter_misc":{"Escrito por":"webman","Tiempo estimado de lectura":"2 minutos"},"schema":{"@context":"https:\/\/schema.org","@graph":[{"@type":"Article","@id":"https:\/\/dev.explora.cl\/tarapaca\/parvulos-dan-a-conocer-experiencias-cientificas-en-feria-de-explora\/#article","isPartOf":{"@id":"https:\/\/dev.explora.cl\/tarapaca\/parvulos-dan-a-conocer-experiencias-cientificas-en-feria-de-explora\/"},"author":{"name":"webman","@id":"https:\/\/dev.explora.cl\/tarapaca\/#\/schema\/person\/cb8349c13ea2d324080adf8480d7ba5d"},"headline":"P\u00e1rvulos dan a conocer experiencias cient\u00edficas en feria de Explora","datePublished":"2018-11-23T22:17:27+00:00","dateModified":"2019-05-16T02:03:59+00:00","mainEntityOfPage":{"@id":"https:\/\/dev.explora.cl\/tarapaca\/parvulos-dan-a-conocer-experiencias-cientificas-en-feria-de-explora\/"},"wordCount":452,"image":{"@id":"https:\/\/dev.explora.cl\/tarapaca\/parvulos-dan-a-conocer-experiencias-cientificas-en-feria-de-explora\/#primaryimage"},"thumbnailUrl":"https:\/\/dev.explora.cl\/tarapaca\/wp-content\/uploads\/sites\/3\/2018\/12\/feriapeque\u00f1osexploradores_2.jpg","articleSection":["Noticias"],"inLanguage":"es-CL"},{"@type":"WebPage","@id":"https:\/\/dev.explora.cl\/tarapaca\/parvulos-dan-a-conocer-experiencias-cientificas-en-feria-de-explora\/","url":"https:\/\/dev.explora.cl\/tarapaca\/parvulos-dan-a-conocer-experiencias-cientificas-en-feria-de-explora\/","name":"P\u00e1rvulos dan a conocer experiencias cient\u00edficas en feria de Explora - Tarapaca","isPartOf":{"@id":"https:\/\/dev.explora.cl\/tarapaca\/#website"},"primaryImageOfPage":{"@id":"https:\/\/dev.explora.cl\/tarapaca\/parvulos-dan-a-conocer-experiencias-cientificas-en-feria-de-explora\/#primaryimage"},"image":{"@id":"https:\/\/dev.explora.cl\/tarapaca\/parvulos-dan-a-conocer-experiencias-cientificas-en-feria-de-explora\/#primaryimage"},"thumbnailUrl":"https:\/\/dev.explora.cl\/tarapaca\/wp-content\/uploads\/sites\/3\/2018\/12\/feriapeque\u00f1osexploradores_2.jpg","datePublished":"2018-11-23T22:17:27+00:00","dateModified":"2019-05-16T02:03:59+00:00","author":{"@id":"https:\/\/dev.explora.cl\/tarapaca\/#\/schema\/person\/cb8349c13ea2d324080adf8480d7ba5d"},"breadcrumb":{"@id":"https:\/\/dev.explora.cl\/tarapaca\/parvulos-dan-a-conocer-experiencias-cientificas-en-feria-de-explora\/#breadcrumb"},"inLanguage":"es-CL","potentialAction":[{"@type":"ReadAction","target":["https:\/\/dev.explora.cl\/tarapaca\/parvulos-dan-a-conocer-experiencias-cientificas-en-feria-de-explora\/"]}]},{"@type":"ImageObject","inLanguage":"es-CL","@id":"https:\/\/dev.explora.cl\/tarapaca\/parvulos-dan-a-conocer-experiencias-cientificas-en-feria-de-explora\/#primaryimage","url":"https:\/\/dev.explora.cl\/tarapaca\/wp-content\/uploads\/sites\/3\/2018\/12\/feriapeque\u00f1osexploradores_2.jpg","contentUrl":"https:\/\/dev.explora.cl\/tarapaca\/wp-content\/uploads\/sites\/3\/2018\/12\/feriapeque\u00f1osexploradores_2.jpg","width":2048,"height":1365},{"@type":"BreadcrumbList","@id":"https:\/\/dev.explora.cl\/tarapaca\/parvulos-dan-a-conocer-experiencias-cientificas-en-feria-de-explora\/#breadcrumb","itemListElement":[{"@type":"ListItem","position":1,"name":"Portada","item":"https:\/\/dev.explora.cl\/tarapaca\/"},{"@type":"ListItem","position":2,"name":"P\u00e1rvulos dan a conocer experiencias cient\u00edficas en feria de Explora"}]},{"@type":"WebSite","@id":"https:\/\/dev.explora.cl\/tarapaca\/#website","url":"https:\/\/dev.explora.cl\/tarapaca\/","name":"Tarapaca","description":"Otro sitio m\u00e1s de dev.explora.cl","potentialAction":[{"@type":"SearchAction","target":{"@type":"EntryPoint","urlTemplate":"https:\/\/dev.explora.cl\/tarapaca\/?s={search_term_string}"},"query-input":{"@type":"PropertyValueSpecification","valueRequired":true,"valueName":"search_term_string"}}],"inLanguage":"es-CL"},{"@type":"Person","@id":"https:\/\/dev.explora.cl\/tarapaca\/#\/schema\/person\/cb8349c13ea2d324080adf8480d7ba5d","name":"webman","image":{"@type":"ImageObject","inLanguage":"es-CL","@id":"https:\/\/dev.explora.cl\/tarapaca\/#\/schema\/person\/image\/","url":"https:\/\/secure.gravatar.com\/avatar\/eeff3c82f2c02f7177d13663b7e6f890e9a6a0647ce9bb29cae02dcb094c7312?s=96&d=mm&r=g","contentUrl":"https:\/\/secure.gravatar.com\/avatar\/eeff3c82f2c02f7177d13663b7e6f890e9a6a0647ce9bb29cae02dcb094c7312?s=96&d=mm&r=g","caption":"webman"},"url":"https:\/\/dev.explora.cl\/tarapaca\/author\/webman\/"}]}},"_links":{"self":[{"href":"https:\/\/dev.explora.cl\/tarapaca\/wp-json\/wp\/v2\/posts\/37299","targetHints":{"allow":["GET"]}}],"collection":[{"href":"https:\/\/dev.explora.cl\/tarapaca\/wp-json\/wp\/v2\/posts"}],"about":[{"href":"https:\/\/dev.explora.cl\/tarapaca\/wp-json\/wp\/v2\/types\/post"}],"author":[{"embeddable":true,"href":"https:\/\/dev.explora.cl\/tarapaca\/wp-json\/wp\/v2\/users\/2"}],"replies":[{"embeddable":true,"href":"https:\/\/dev.explora.cl\/tarapaca\/wp-json\/wp\/v2\/comments?post=37299"}],"version-history":[{"count":1,"href":"https:\/\/dev.explora.cl\/tarapaca\/wp-json\/wp\/v2\/posts\/37299\/revisions"}],"predecessor-version":[{"id":38038,"href":"https:\/\/dev.explora.cl\/tarapaca\/wp-json\/wp\/v2\/posts\/37299\/revisions\/38038"}],"wp:featuredmedia":[{"embeddable":true,"href":"https:\/\/dev.explora.cl\/tarapaca\/wp-json\/wp\/v2\/media\/37257"}],"wp:attachment":[{"href":"https:\/\/dev.explora.cl\/tarapaca\/wp-json\/wp\/v2\/media?parent=37299"}],"wp:term":[{"taxonomy":"category","embeddable":true,"href":"https:\/\/dev.explora.cl\/tarapaca\/wp-json\/wp\/v2\/categories?post=37299"},{"taxonomy":"post_tag","embeddable":true,"href":"https:\/\/dev.explora.cl\/tarapaca\/wp-json\/wp\/v2\/tags?post=37299"}],"curies":[{"name":"wp","href":"https:\/\/api.w.org\/{rel}","templated":true}]}}