{"id":37250,"date":"2018-10-18T20:53:00","date_gmt":"2018-10-19T00:53:00","guid":{"rendered":"https:\/\/dev.explora.cl\/blog\/2018\/10\/18\/mas-de-2000-estudiantes-de-tarapaca-reciben-charlas-cientificas\/"},"modified":"2019-05-16T02:03:59","modified_gmt":"2019-05-16T02:03:59","slug":"mas-de-2000-estudiantes-de-tarapaca-reciben-charlas-cientificas","status":"publish","type":"post","link":"https:\/\/dev.explora.cl\/tarapaca\/mas-de-2000-estudiantes-de-tarapaca-reciben-charlas-cientificas\/","title":{"rendered":"M\u00e1s de 2000 estudiantes de Tarapac\u00e1 reciben charlas cient\u00edficas"},"content":{"rendered":"<p><img loading=\"lazy\" decoding=\"async\" class=\" size-full wp-image-37249\" src=\"https:\/\/dev.explora.cl\/wp-content\/uploads\/2018\/10\/collage_1000c1000a_copia.jpg\" alt=\"collage 1000c1000a copia\" width=\"938\" height=\"483\" \/><\/p>\n<ul>\n<li style=\"text-align: justify\"><strong>Iniciativa de Explora \u201c1000 Cient\u00edficos 1000 Aulas\u201d lleva 60 charlas para llegar a los distintos establecimientos educacionales de la regi\u00f3n. \u00a0<\/strong><\/li>\n<\/ul>\n<p>Desde el mes de junio el Proyecto Asociativo Regional Explora de CONICYT Tarapac\u00e1, ejecutado por la Corporaci\u00f3n de Desarrollo de Tarapac\u00e1, viene desarrollando la apuesta \u201c1000 Cient\u00edficos 1000 aulas\u201d, la cual se basa concretamente en charlas de cient\u00edficos, profesionales o investigadores que hayan desarrollado en profundidad alg\u00fan tema de inter\u00e9s y que pueda dado a conocer a estudiantes de la regi\u00f3n.<br \/>\nEsta iniciativa que comenz\u00f3 en el mes de junio con una charla magistral del soci\u00f3logo y Premio Nacional del 2014, Sergio Gonz\u00e1lez, ha logrado captar el inter\u00e9s de profesionales y por sobretodo en el mes de Octubre, en el marco de la \u201cXXIV Semana nacional de la ciencia y la tecnolog\u00eda\u201d, cuenta con diversos cient\u00edficos, profesionales e investigadores de la Universidad de Tarapac\u00e1, de la Universidad Arturo Prat, profesionales de servicios p\u00fablicos, profesionales independientes e investigadores que se siguen sumando para dar a conocer sus trabajos y compartir conocimiento.<br \/>\nEntre algunas de las charlas m\u00e1s destacas est\u00e1n: \u201cEl futuro en el cosmos, la pr\u00f3xima frontera\u201d, del Astr\u00f3nomo Pablo Gonz\u00e1lez; \u201cTaller de cohetes\u201d, del astr\u00f3nomo aficionado Elias Mella; \u201cLas tres R\u201d, de la funcionaria de la Seremi del Medioambiente Yerlis Cort\u00e9s; \u201cEntendiendo el acoso callejero\u201d, de la soci\u00f3loga de la UNAP Fernanda Chac\u00f3n; \u201cMicroorganismos en la vida\u201d y \u201cBiominer\u00eda y biotecnolog\u00eda en Tarapac\u00e1\u201d, de la biotecnologa Karla Delgado y \u201c\u00bfQu\u00e9 sabemos del VIH y del SIDA?\u201d, del Bioqu\u00edmico Fernando Valiente.<br \/>\nDesde el PAR Explora reconocen el inter\u00e9s cada vez m\u00e1s creciente de los establecimientos educacionales de las comunas del interior y frente a lo cual han tenido que responder y llegar por lo menos a un establecimiento por comuna.<br \/>\nLa encargada de las charlas \u201c1000 cient\u00edficos 1000 aulas\u201d, Paula Escobar, precis\u00f3 que \u201cestamos muy felices de informar el gran inter\u00e9s en las charlas, seguiremos hasta noviembre en todas las comunas de la regi\u00f3n. Ya van m\u00e1s de 2000 beneficiarios, pero queremos seguir avanzando en la entrega de conocimiento a estudiantes de toda la regi\u00f3n\u201d.<br \/>\nDesde la Corporaci\u00f3n de Desarrollo de Tarapac\u00e1, destacaron, que la instancia permite llevar a cient\u00edficos, profesionales e investigadores que dedican su vida a la investigaci\u00f3n a los establecimientos educacionales, con el objetivo de compartir su conocimiento junto a los estudiantes de la regi\u00f3n, de esta manera motivarlos en temas tan importantes como son las ciencias y la tecnolog\u00eda, as\u00ed acercarlos a diversos aprendizajes.<br \/>\nFinalmente, se invita a los cient\u00edficos, profesionales e investigadores interesados en inscribir una charla, pueden hacerlo hasta el mes de noviembre, al correo electr\u00f3nico:\u00a0<a href=\"mailto:paula.escobar.explora@corporaciontarapaca.cl\">paula.escobar.explora@corporaciontarapaca.cl<\/a><\/p>\n","protected":false},"excerpt":{"rendered":"<p>Iniciativa de Explora \u201c1000 Cient\u00edficos 1000 Aulas\u201d lleva 60 charlas para llegar a los distintos establecimientos educacionales de la regi\u00f3n. \u00a0 Desde el mes de junio el Proyecto Asociativo Regional Explora de CONICYT Tarapac\u00e1, ejecutado por la Corporaci\u00f3n de Desarrollo de Tarapac\u00e1, viene desarrollando la apuesta \u201c1000 Cient\u00edficos 1000 aulas\u201d, la cual se basa concretamente [&hellip;]<\/p>\n","protected":false},"author":2,"featured_media":37262,"comment_status":"closed","ping_status":"open","sticky":false,"template":"","format":"standard","meta":{"_acf_changed":false,"_exactmetrics_skip_tracking":false,"_exactmetrics_sitenote_active":false,"_exactmetrics_sitenote_note":"","_exactmetrics_sitenote_category":0,"footnotes":"","_links_to":"","_links_to_target":""},"categories":[4],"tags":[],"class_list":["post-37250","post","type-post","status-publish","format-standard","has-post-thumbnail","hentry","category-noticias"],"acf":[],"yoast_head":"<!-- This site is optimized with the Yoast SEO plugin v26.7 - https:\/\/yoast.com\/wordpress\/plugins\/seo\/ -->\n<title>M\u00e1s de 2000 estudiantes de Tarapac\u00e1 reciben charlas cient\u00edficas - Tarapaca<\/title>\n<meta name=\"robots\" content=\"index, follow, max-snippet:-1, max-image-preview:large, max-video-preview:-1\" \/>\n<link rel=\"canonical\" href=\"https:\/\/dev.explora.cl\/tarapaca\/mas-de-2000-estudiantes-de-tarapaca-reciben-charlas-cientificas\/\" class=\"yoast-seo-meta-tag\" \/>\n<meta property=\"og:locale\" content=\"es_ES\" class=\"yoast-seo-meta-tag\" \/>\n<meta property=\"og:type\" content=\"article\" class=\"yoast-seo-meta-tag\" \/>\n<meta property=\"og:title\" content=\"M\u00e1s de 2000 estudiantes de Tarapac\u00e1 reciben charlas cient\u00edficas - Tarapaca\" class=\"yoast-seo-meta-tag\" \/>\n<meta property=\"og:description\" content=\"Iniciativa de Explora \u201c1000 Cient\u00edficos 1000 Aulas\u201d lleva 60 charlas para llegar a los distintos establecimientos educacionales de la regi\u00f3n. \u00a0 Desde el mes de junio el Proyecto Asociativo Regional Explora de CONICYT Tarapac\u00e1, ejecutado por la Corporaci\u00f3n de Desarrollo de Tarapac\u00e1, viene desarrollando la apuesta \u201c1000 Cient\u00edficos 1000 aulas\u201d, la cual se basa concretamente [&hellip;]\" class=\"yoast-seo-meta-tag\" \/>\n<meta property=\"og:url\" content=\"https:\/\/dev.explora.cl\/tarapaca\/mas-de-2000-estudiantes-de-tarapaca-reciben-charlas-cientificas\/\" class=\"yoast-seo-meta-tag\" \/>\n<meta property=\"og:site_name\" content=\"Tarapaca\" class=\"yoast-seo-meta-tag\" \/>\n<meta property=\"article:published_time\" content=\"2018-10-19T00:53:00+00:00\" class=\"yoast-seo-meta-tag\" \/>\n<meta property=\"article:modified_time\" content=\"2019-05-16T02:03:59+00:00\" class=\"yoast-seo-meta-tag\" \/>\n<meta property=\"og:image\" content=\"https:\/\/dev.explora.cl\/tarapaca\/wp-content\/uploads\/sites\/3\/2018\/10\/collage_1000c1000a_copia.jpg\" class=\"yoast-seo-meta-tag\" \/>\n\t<meta property=\"og:image:width\" content=\"1632\" class=\"yoast-seo-meta-tag\" \/>\n\t<meta property=\"og:image:height\" content=\"840\" class=\"yoast-seo-meta-tag\" \/>\n\t<meta property=\"og:image:type\" content=\"image\/jpeg\" class=\"yoast-seo-meta-tag\" \/>\n<meta name=\"author\" content=\"webman\" class=\"yoast-seo-meta-tag\" \/>\n<meta name=\"twitter:card\" content=\"summary_large_image\" class=\"yoast-seo-meta-tag\" \/>\n<meta name=\"twitter:label1\" content=\"Escrito por\" class=\"yoast-seo-meta-tag\" \/>\n\t<meta name=\"twitter:data1\" content=\"webman\" class=\"yoast-seo-meta-tag\" \/>\n\t<meta name=\"twitter:label2\" content=\"Tiempo estimado de lectura\" class=\"yoast-seo-meta-tag\" \/>\n\t<meta name=\"twitter:data2\" content=\"2 minutos\" class=\"yoast-seo-meta-tag\" \/>\n<script type=\"application\/ld+json\" class=\"yoast-schema-graph\">{\"@context\":\"https:\/\/schema.org\",\"@graph\":[{\"@type\":\"Article\",\"@id\":\"https:\/\/dev.explora.cl\/tarapaca\/mas-de-2000-estudiantes-de-tarapaca-reciben-charlas-cientificas\/#article\",\"isPartOf\":{\"@id\":\"https:\/\/dev.explora.cl\/tarapaca\/mas-de-2000-estudiantes-de-tarapaca-reciben-charlas-cientificas\/\"},\"author\":{\"name\":\"webman\",\"@id\":\"https:\/\/dev.explora.cl\/tarapaca\/#\/schema\/person\/cb8349c13ea2d324080adf8480d7ba5d\"},\"headline\":\"M\u00e1s de 2000 estudiantes de Tarapac\u00e1 reciben charlas cient\u00edficas\",\"datePublished\":\"2018-10-19T00:53:00+00:00\",\"dateModified\":\"2019-05-16T02:03:59+00:00\",\"mainEntityOfPage\":{\"@id\":\"https:\/\/dev.explora.cl\/tarapaca\/mas-de-2000-estudiantes-de-tarapaca-reciben-charlas-cientificas\/\"},\"wordCount\":477,\"image\":{\"@id\":\"https:\/\/dev.explora.cl\/tarapaca\/mas-de-2000-estudiantes-de-tarapaca-reciben-charlas-cientificas\/#primaryimage\"},\"thumbnailUrl\":\"https:\/\/dev.explora.cl\/tarapaca\/wp-content\/uploads\/sites\/3\/2018\/10\/collage_1000c1000a_copia.jpg\",\"articleSection\":[\"Noticias\"],\"inLanguage\":\"es-CL\"},{\"@type\":\"WebPage\",\"@id\":\"https:\/\/dev.explora.cl\/tarapaca\/mas-de-2000-estudiantes-de-tarapaca-reciben-charlas-cientificas\/\",\"url\":\"https:\/\/dev.explora.cl\/tarapaca\/mas-de-2000-estudiantes-de-tarapaca-reciben-charlas-cientificas\/\",\"name\":\"M\u00e1s de 2000 estudiantes de Tarapac\u00e1 reciben charlas cient\u00edficas - Tarapaca\",\"isPartOf\":{\"@id\":\"https:\/\/dev.explora.cl\/tarapaca\/#website\"},\"primaryImageOfPage\":{\"@id\":\"https:\/\/dev.explora.cl\/tarapaca\/mas-de-2000-estudiantes-de-tarapaca-reciben-charlas-cientificas\/#primaryimage\"},\"image\":{\"@id\":\"https:\/\/dev.explora.cl\/tarapaca\/mas-de-2000-estudiantes-de-tarapaca-reciben-charlas-cientificas\/#primaryimage\"},\"thumbnailUrl\":\"https:\/\/dev.explora.cl\/tarapaca\/wp-content\/uploads\/sites\/3\/2018\/10\/collage_1000c1000a_copia.jpg\",\"datePublished\":\"2018-10-19T00:53:00+00:00\",\"dateModified\":\"2019-05-16T02:03:59+00:00\",\"author\":{\"@id\":\"https:\/\/dev.explora.cl\/tarapaca\/#\/schema\/person\/cb8349c13ea2d324080adf8480d7ba5d\"},\"breadcrumb\":{\"@id\":\"https:\/\/dev.explora.cl\/tarapaca\/mas-de-2000-estudiantes-de-tarapaca-reciben-charlas-cientificas\/#breadcrumb\"},\"inLanguage\":\"es-CL\",\"potentialAction\":[{\"@type\":\"ReadAction\",\"target\":[\"https:\/\/dev.explora.cl\/tarapaca\/mas-de-2000-estudiantes-de-tarapaca-reciben-charlas-cientificas\/\"]}]},{\"@type\":\"ImageObject\",\"inLanguage\":\"es-CL\",\"@id\":\"https:\/\/dev.explora.cl\/tarapaca\/mas-de-2000-estudiantes-de-tarapaca-reciben-charlas-cientificas\/#primaryimage\",\"url\":\"https:\/\/dev.explora.cl\/tarapaca\/wp-content\/uploads\/sites\/3\/2018\/10\/collage_1000c1000a_copia.jpg\",\"contentUrl\":\"https:\/\/dev.explora.cl\/tarapaca\/wp-content\/uploads\/sites\/3\/2018\/10\/collage_1000c1000a_copia.jpg\",\"width\":1632,\"height\":840},{\"@type\":\"BreadcrumbList\",\"@id\":\"https:\/\/dev.explora.cl\/tarapaca\/mas-de-2000-estudiantes-de-tarapaca-reciben-charlas-cientificas\/#breadcrumb\",\"itemListElement\":[{\"@type\":\"ListItem\",\"position\":1,\"name\":\"Portada\",\"item\":\"https:\/\/dev.explora.cl\/tarapaca\/\"},{\"@type\":\"ListItem\",\"position\":2,\"name\":\"M\u00e1s de 2000 estudiantes de Tarapac\u00e1 reciben charlas cient\u00edficas\"}]},{\"@type\":\"WebSite\",\"@id\":\"https:\/\/dev.explora.cl\/tarapaca\/#website\",\"url\":\"https:\/\/dev.explora.cl\/tarapaca\/\",\"name\":\"Tarapaca\",\"description\":\"Otro sitio m\u00e1s de dev.explora.cl\",\"potentialAction\":[{\"@type\":\"SearchAction\",\"target\":{\"@type\":\"EntryPoint\",\"urlTemplate\":\"https:\/\/dev.explora.cl\/tarapaca\/?s={search_term_string}\"},\"query-input\":{\"@type\":\"PropertyValueSpecification\",\"valueRequired\":true,\"valueName\":\"search_term_string\"}}],\"inLanguage\":\"es-CL\"},{\"@type\":\"Person\",\"@id\":\"https:\/\/dev.explora.cl\/tarapaca\/#\/schema\/person\/cb8349c13ea2d324080adf8480d7ba5d\",\"name\":\"webman\",\"image\":{\"@type\":\"ImageObject\",\"inLanguage\":\"es-CL\",\"@id\":\"https:\/\/dev.explora.cl\/tarapaca\/#\/schema\/person\/image\/\",\"url\":\"https:\/\/secure.gravatar.com\/avatar\/eeff3c82f2c02f7177d13663b7e6f890e9a6a0647ce9bb29cae02dcb094c7312?s=96&d=mm&r=g\",\"contentUrl\":\"https:\/\/secure.gravatar.com\/avatar\/eeff3c82f2c02f7177d13663b7e6f890e9a6a0647ce9bb29cae02dcb094c7312?s=96&d=mm&r=g\",\"caption\":\"webman\"},\"url\":\"https:\/\/dev.explora.cl\/tarapaca\/author\/webman\/\"}]}<\/script>\n<!-- \/ Yoast SEO plugin. -->","yoast_head_json":{"title":"M\u00e1s de 2000 estudiantes de Tarapac\u00e1 reciben charlas cient\u00edficas - Tarapaca","robots":{"index":"index","follow":"follow","max-snippet":"max-snippet:-1","max-image-preview":"max-image-preview:large","max-video-preview":"max-video-preview:-1"},"canonical":"https:\/\/dev.explora.cl\/tarapaca\/mas-de-2000-estudiantes-de-tarapaca-reciben-charlas-cientificas\/","og_locale":"es_ES","og_type":"article","og_title":"M\u00e1s de 2000 estudiantes de Tarapac\u00e1 reciben charlas cient\u00edficas - Tarapaca","og_description":"Iniciativa de Explora \u201c1000 Cient\u00edficos 1000 Aulas\u201d lleva 60 charlas para llegar a los distintos establecimientos educacionales de la regi\u00f3n. \u00a0 Desde el mes de junio el Proyecto Asociativo Regional Explora de CONICYT Tarapac\u00e1, ejecutado por la Corporaci\u00f3n de Desarrollo de Tarapac\u00e1, viene desarrollando la apuesta \u201c1000 Cient\u00edficos 1000 aulas\u201d, la cual se basa concretamente [&hellip;]","og_url":"https:\/\/dev.explora.cl\/tarapaca\/mas-de-2000-estudiantes-de-tarapaca-reciben-charlas-cientificas\/","og_site_name":"Tarapaca","article_published_time":"2018-10-19T00:53:00+00:00","article_modified_time":"2019-05-16T02:03:59+00:00","og_image":[{"width":1632,"height":840,"url":"https:\/\/dev.explora.cl\/tarapaca\/wp-content\/uploads\/sites\/3\/2018\/10\/collage_1000c1000a_copia.jpg","type":"image\/jpeg"}],"author":"webman","twitter_card":"summary_large_image","twitter_misc":{"Escrito por":"webman","Tiempo estimado de lectura":"2 minutos"},"schema":{"@context":"https:\/\/schema.org","@graph":[{"@type":"Article","@id":"https:\/\/dev.explora.cl\/tarapaca\/mas-de-2000-estudiantes-de-tarapaca-reciben-charlas-cientificas\/#article","isPartOf":{"@id":"https:\/\/dev.explora.cl\/tarapaca\/mas-de-2000-estudiantes-de-tarapaca-reciben-charlas-cientificas\/"},"author":{"name":"webman","@id":"https:\/\/dev.explora.cl\/tarapaca\/#\/schema\/person\/cb8349c13ea2d324080adf8480d7ba5d"},"headline":"M\u00e1s de 2000 estudiantes de Tarapac\u00e1 reciben charlas cient\u00edficas","datePublished":"2018-10-19T00:53:00+00:00","dateModified":"2019-05-16T02:03:59+00:00","mainEntityOfPage":{"@id":"https:\/\/dev.explora.cl\/tarapaca\/mas-de-2000-estudiantes-de-tarapaca-reciben-charlas-cientificas\/"},"wordCount":477,"image":{"@id":"https:\/\/dev.explora.cl\/tarapaca\/mas-de-2000-estudiantes-de-tarapaca-reciben-charlas-cientificas\/#primaryimage"},"thumbnailUrl":"https:\/\/dev.explora.cl\/tarapaca\/wp-content\/uploads\/sites\/3\/2018\/10\/collage_1000c1000a_copia.jpg","articleSection":["Noticias"],"inLanguage":"es-CL"},{"@type":"WebPage","@id":"https:\/\/dev.explora.cl\/tarapaca\/mas-de-2000-estudiantes-de-tarapaca-reciben-charlas-cientificas\/","url":"https:\/\/dev.explora.cl\/tarapaca\/mas-de-2000-estudiantes-de-tarapaca-reciben-charlas-cientificas\/","name":"M\u00e1s de 2000 estudiantes de Tarapac\u00e1 reciben charlas cient\u00edficas - Tarapaca","isPartOf":{"@id":"https:\/\/dev.explora.cl\/tarapaca\/#website"},"primaryImageOfPage":{"@id":"https:\/\/dev.explora.cl\/tarapaca\/mas-de-2000-estudiantes-de-tarapaca-reciben-charlas-cientificas\/#primaryimage"},"image":{"@id":"https:\/\/dev.explora.cl\/tarapaca\/mas-de-2000-estudiantes-de-tarapaca-reciben-charlas-cientificas\/#primaryimage"},"thumbnailUrl":"https:\/\/dev.explora.cl\/tarapaca\/wp-content\/uploads\/sites\/3\/2018\/10\/collage_1000c1000a_copia.jpg","datePublished":"2018-10-19T00:53:00+00:00","dateModified":"2019-05-16T02:03:59+00:00","author":{"@id":"https:\/\/dev.explora.cl\/tarapaca\/#\/schema\/person\/cb8349c13ea2d324080adf8480d7ba5d"},"breadcrumb":{"@id":"https:\/\/dev.explora.cl\/tarapaca\/mas-de-2000-estudiantes-de-tarapaca-reciben-charlas-cientificas\/#breadcrumb"},"inLanguage":"es-CL","potentialAction":[{"@type":"ReadAction","target":["https:\/\/dev.explora.cl\/tarapaca\/mas-de-2000-estudiantes-de-tarapaca-reciben-charlas-cientificas\/"]}]},{"@type":"ImageObject","inLanguage":"es-CL","@id":"https:\/\/dev.explora.cl\/tarapaca\/mas-de-2000-estudiantes-de-tarapaca-reciben-charlas-cientificas\/#primaryimage","url":"https:\/\/dev.explora.cl\/tarapaca\/wp-content\/uploads\/sites\/3\/2018\/10\/collage_1000c1000a_copia.jpg","contentUrl":"https:\/\/dev.explora.cl\/tarapaca\/wp-content\/uploads\/sites\/3\/2018\/10\/collage_1000c1000a_copia.jpg","width":1632,"height":840},{"@type":"BreadcrumbList","@id":"https:\/\/dev.explora.cl\/tarapaca\/mas-de-2000-estudiantes-de-tarapaca-reciben-charlas-cientificas\/#breadcrumb","itemListElement":[{"@type":"ListItem","position":1,"name":"Portada","item":"https:\/\/dev.explora.cl\/tarapaca\/"},{"@type":"ListItem","position":2,"name":"M\u00e1s de 2000 estudiantes de Tarapac\u00e1 reciben charlas cient\u00edficas"}]},{"@type":"WebSite","@id":"https:\/\/dev.explora.cl\/tarapaca\/#website","url":"https:\/\/dev.explora.cl\/tarapaca\/","name":"Tarapaca","description":"Otro sitio m\u00e1s de dev.explora.cl","potentialAction":[{"@type":"SearchAction","target":{"@type":"EntryPoint","urlTemplate":"https:\/\/dev.explora.cl\/tarapaca\/?s={search_term_string}"},"query-input":{"@type":"PropertyValueSpecification","valueRequired":true,"valueName":"search_term_string"}}],"inLanguage":"es-CL"},{"@type":"Person","@id":"https:\/\/dev.explora.cl\/tarapaca\/#\/schema\/person\/cb8349c13ea2d324080adf8480d7ba5d","name":"webman","image":{"@type":"ImageObject","inLanguage":"es-CL","@id":"https:\/\/dev.explora.cl\/tarapaca\/#\/schema\/person\/image\/","url":"https:\/\/secure.gravatar.com\/avatar\/eeff3c82f2c02f7177d13663b7e6f890e9a6a0647ce9bb29cae02dcb094c7312?s=96&d=mm&r=g","contentUrl":"https:\/\/secure.gravatar.com\/avatar\/eeff3c82f2c02f7177d13663b7e6f890e9a6a0647ce9bb29cae02dcb094c7312?s=96&d=mm&r=g","caption":"webman"},"url":"https:\/\/dev.explora.cl\/tarapaca\/author\/webman\/"}]}},"_links":{"self":[{"href":"https:\/\/dev.explora.cl\/tarapaca\/wp-json\/wp\/v2\/posts\/37250","targetHints":{"allow":["GET"]}}],"collection":[{"href":"https:\/\/dev.explora.cl\/tarapaca\/wp-json\/wp\/v2\/posts"}],"about":[{"href":"https:\/\/dev.explora.cl\/tarapaca\/wp-json\/wp\/v2\/types\/post"}],"author":[{"embeddable":true,"href":"https:\/\/dev.explora.cl\/tarapaca\/wp-json\/wp\/v2\/users\/2"}],"replies":[{"embeddable":true,"href":"https:\/\/dev.explora.cl\/tarapaca\/wp-json\/wp\/v2\/comments?post=37250"}],"version-history":[{"count":1,"href":"https:\/\/dev.explora.cl\/tarapaca\/wp-json\/wp\/v2\/posts\/37250\/revisions"}],"predecessor-version":[{"id":38041,"href":"https:\/\/dev.explora.cl\/tarapaca\/wp-json\/wp\/v2\/posts\/37250\/revisions\/38041"}],"wp:featuredmedia":[{"embeddable":true,"href":"https:\/\/dev.explora.cl\/tarapaca\/wp-json\/wp\/v2\/media\/37262"}],"wp:attachment":[{"href":"https:\/\/dev.explora.cl\/tarapaca\/wp-json\/wp\/v2\/media?parent=37250"}],"wp:term":[{"taxonomy":"category","embeddable":true,"href":"https:\/\/dev.explora.cl\/tarapaca\/wp-json\/wp\/v2\/categories?post=37250"},{"taxonomy":"post_tag","embeddable":true,"href":"https:\/\/dev.explora.cl\/tarapaca\/wp-json\/wp\/v2\/tags?post=37250"}],"curies":[{"name":"wp","href":"https:\/\/api.w.org\/{rel}","templated":true}]}}