{"id":36941,"date":"2018-10-03T22:06:05","date_gmt":"2018-10-04T02:06:05","guid":{"rendered":"https:\/\/dev.explora.cl\/tarapaca\/blog\/2018\/10\/03\/partio-el-xv-congreso-regional-escolar-de-ciencia-y-tecnologia-de-explora-tarapaca-importante-evento-que-reune-a-37-proyectos-de-investigacion-cientifica-de-toda-la-region-se-estara-realizando-h"},"modified":"2019-05-16T02:04:01","modified_gmt":"2019-05-16T02:04:01","slug":"partio-el-xv-congreso-regional-escolar-de-ciencia-y-tecnologia-de-explora-tarapaca-importante-evento-que-reune-a-37-proyectos-de-investigacion-cientifica-de-toda-la-region-se-estara-realizando-hasta-e","status":"publish","type":"post","link":"https:\/\/dev.explora.cl\/tarapaca\/partio-el-xv-congreso-regional-escolar-de-ciencia-y-tecnologia-de-explora-tarapaca-importante-evento-que-reune-a-37-proyectos-de-investigacion-cientifica-de-toda-la-region-se-estara-realizando-hasta-e\/","title":{"rendered":"Parti\u00f3 el XV Congreso Regional Escolar de Ciencia y Tecnolog\u00eda de Explora Tarapac\u00e1"},"content":{"rendered":"<p><img loading=\"lazy\" decoding=\"async\" class=\" size-full wp-image-36939\" src=\"https:\/\/dev.explora.cl\/wp-content\/uploads\/2018\/10\/congreso_header.jpeg\" alt=\"congreso header\" width=\"1024\" height=\"665\" \/><\/p>\n<ul>\n<li><strong><em>Importante evento que re\u00fane a 37 proyectos de investigaci\u00f3n cient\u00edfica de toda la regi\u00f3n se estar\u00e1 realizando hasta el pr\u00f3ximo viernes 5 de Octubre.<\/em><\/strong><\/li>\n<\/ul>\n<p>Con 37 proyectos de investigaci\u00f3n en competencia, el pasado martes en horas de la tarde los estudiantes de diversos establecimientos educacionales de la regi\u00f3n se dieron cita en INACAP Iquique para dar el puntapi\u00e9 inicial al Congreso Regional de Ciencia y Tecnolog\u00eda de Tarapac\u00e1, organizado por la Corporaci\u00f3n de Desarrollo de Tarapac\u00e1, a trav\u00e9s de su iniciativa PAR Explora de CONICYT.<br \/>\n<img loading=\"lazy\" decoding=\"async\" class=\" alignright size-full wp-image-36940\" style=\"float: right\" src=\"https:\/\/dev.explora.cl\/wp-content\/uploads\/2018\/10\/congreso2.jpeg\" alt=\"congreso2\" width=\"431\" height=\"287\" \/>Mientras que este mi\u00e9rcoles en la ma\u00f1ana se realiz\u00f3 la Feria Cient\u00edfica en el marco de Congreso, la cual llen\u00f3 de asistentes y transe\u00fantes el Hemiciclo de la Plaza Prat. Entre algunas de estas innovadoras propuestas cient\u00edficas y tecnol\u00f3gicas desarrolladas est\u00e1n: \u201cel pedaleo sustentable\u201d, \u201chuerto escolar sustentable\u201d, \u201ccultivo aerop\u00f3nico en Matilla\u201d, \u201cel PH en el agua de la comuna de Colchane\u201d, \u201cLim\u00f3n de Pica, sabor y aroma del Tamarugal\u201d, \u201cCultivos de plantas medicinales con controladores de plagas\u201d, \u201cDe papel a biopl\u00e1stico y biocombustible\u201d, \u201cAtrapaniebla\u201d, \u201cLas microalgas en la cocina\u201d, \u201cla rob\u00f3tica, una herramienta para la seguridad en el hogar\u201d, entre otras.<br \/>\nDurante la jornada de la ma\u00f1ana los entusiastas y motivados estudiantes explicaron con gran voluntad sus iniciativas a la comunidad y a los evaluadores. Pasado el medio d\u00eda la presencia del Intendente Regional Miguel \u00c1ngel Quezada; de la Seremi de Gobierno, Ana Mar\u00eda Tiemann; del Director de Sercotec, Patricio Burg; del Alcalde Mauricio Soria Macchiavello y del Grenten General de la Corporaci\u00f3n de Desarrollo de Tarapac\u00e1, Rodrigo Guagama, dieron realce a esta actividad cient\u00edfico-escolar.<br \/>\nEn horas de la tarde el Congreso continu\u00f3 con talleres te\u00f3rico-pr\u00e1cticos para los j\u00f3venes participantes, realizados en la Sede Baquedano de la Universidad de Tarapac\u00e1, mientras que este jueves se realizar\u00e1n las presentaciones orales de los proyectos de investigaci\u00f3n en competencia.<br \/>\nEl Gerente General (S) de la Corporaci\u00f3n de Desarrollo de Tarapac\u00e1, Rodrigo Guagama, precis\u00f3 que \u201cPara nosotros es muy importante como Corporaci\u00f3n aportar al desarrollo regional, a trav\u00e9s de la ciencia y la tecnolog\u00eda y fortalecer el v\u00ednculo que tenemos con los ni\u00f1os y j\u00f3venes de la regi\u00f3n. Estamos llegando a las distintas comunas de la regi\u00f3n para trabajar con todos y todas, especialmente con las comunas rurales que bajan hasta Iquique para presentar sus proyectos como aporte al desarrollo de la regi\u00f3n\u201d.<br \/>\nPor su parte el Intendente Regional Miguel Angel Quezada, quien particip\u00f3 muy activamente del evento, coment\u00f3: \u201cLo m\u00e1s importante de este evento es la motivaci\u00f3n y el inter\u00e9s de los ni\u00f1os de la regi\u00f3n, quienes son los futuros cient\u00edficos y gobernantes, para llevar adelante la investigaci\u00f3n y el desarrollo de Tarapac\u00e1\u201d.<br \/>\nEste evento de promoci\u00f3n cient\u00edfica y tecnol\u00f3gica termina este viernes, oportunidad en donde se conocer\u00e1 a los ganadores que participar\u00e1n en el Congreso Nacional Escolar de Ciencia y Tecnolog\u00eda de Explora.<br \/>\n&nbsp;<\/p>\n","protected":false},"excerpt":{"rendered":"<p>Importante evento que re\u00fane a 37 proyectos de investigaci\u00f3n cient\u00edfica de toda la regi\u00f3n se estar\u00e1 realizando hasta el pr\u00f3ximo viernes 5 de Octubre. Con 37 proyectos de investigaci\u00f3n en competencia, el pasado martes en horas de la tarde los estudiantes de diversos establecimientos educacionales de la regi\u00f3n se dieron cita en INACAP Iquique para [&hellip;]<\/p>\n","protected":false},"author":2,"featured_media":37277,"comment_status":"closed","ping_status":"open","sticky":false,"template":"","format":"standard","meta":{"_acf_changed":false,"_exactmetrics_skip_tracking":false,"_exactmetrics_sitenote_active":false,"_exactmetrics_sitenote_note":"","_exactmetrics_sitenote_category":0,"footnotes":"","_links_to":"","_links_to_target":""},"categories":[4],"tags":[],"class_list":["post-36941","post","type-post","status-publish","format-standard","has-post-thumbnail","hentry","category-noticias"],"acf":[],"yoast_head":"<!-- This site is optimized with the Yoast SEO plugin v26.7 - https:\/\/yoast.com\/wordpress\/plugins\/seo\/ -->\n<title>Parti\u00f3 el XV Congreso Regional Escolar de Ciencia y Tecnolog\u00eda de Explora Tarapac\u00e1 - Tarapaca<\/title>\n<meta name=\"robots\" content=\"index, follow, max-snippet:-1, max-image-preview:large, max-video-preview:-1\" \/>\n<link rel=\"canonical\" href=\"https:\/\/dev.explora.cl\/tarapaca\/partio-el-xv-congreso-regional-escolar-de-ciencia-y-tecnologia-de-explora-tarapaca-importante-evento-que-reune-a-37-proyectos-de-investigacion-cientifica-de-toda-la-region-se-estara-realizando-hasta-e\/\" class=\"yoast-seo-meta-tag\" \/>\n<meta property=\"og:locale\" content=\"es_ES\" class=\"yoast-seo-meta-tag\" \/>\n<meta property=\"og:type\" content=\"article\" class=\"yoast-seo-meta-tag\" \/>\n<meta property=\"og:title\" content=\"Parti\u00f3 el XV Congreso Regional Escolar de Ciencia y Tecnolog\u00eda de Explora Tarapac\u00e1 - Tarapaca\" class=\"yoast-seo-meta-tag\" \/>\n<meta property=\"og:description\" content=\"Importante evento que re\u00fane a 37 proyectos de investigaci\u00f3n cient\u00edfica de toda la regi\u00f3n se estar\u00e1 realizando hasta el pr\u00f3ximo viernes 5 de Octubre. Con 37 proyectos de investigaci\u00f3n en competencia, el pasado martes en horas de la tarde los estudiantes de diversos establecimientos educacionales de la regi\u00f3n se dieron cita en INACAP Iquique para [&hellip;]\" class=\"yoast-seo-meta-tag\" \/>\n<meta property=\"og:url\" content=\"https:\/\/dev.explora.cl\/tarapaca\/partio-el-xv-congreso-regional-escolar-de-ciencia-y-tecnologia-de-explora-tarapaca-importante-evento-que-reune-a-37-proyectos-de-investigacion-cientifica-de-toda-la-region-se-estara-realizando-hasta-e\/\" class=\"yoast-seo-meta-tag\" \/>\n<meta property=\"og:site_name\" content=\"Tarapaca\" class=\"yoast-seo-meta-tag\" \/>\n<meta property=\"article:published_time\" content=\"2018-10-04T02:06:05+00:00\" class=\"yoast-seo-meta-tag\" \/>\n<meta property=\"article:modified_time\" content=\"2019-05-16T02:04:01+00:00\" class=\"yoast-seo-meta-tag\" \/>\n<meta property=\"og:image\" content=\"https:\/\/dev.explora.cl\/tarapaca\/wp-content\/uploads\/sites\/3\/2018\/10\/congreso2.jpeg\" class=\"yoast-seo-meta-tag\" \/>\n\t<meta property=\"og:image:width\" content=\"1280\" class=\"yoast-seo-meta-tag\" \/>\n\t<meta property=\"og:image:height\" content=\"853\" class=\"yoast-seo-meta-tag\" \/>\n\t<meta property=\"og:image:type\" content=\"image\/jpeg\" class=\"yoast-seo-meta-tag\" \/>\n<meta name=\"author\" content=\"webman\" class=\"yoast-seo-meta-tag\" \/>\n<meta name=\"twitter:card\" content=\"summary_large_image\" class=\"yoast-seo-meta-tag\" \/>\n<meta name=\"twitter:label1\" content=\"Escrito por\" class=\"yoast-seo-meta-tag\" \/>\n\t<meta name=\"twitter:data1\" content=\"webman\" class=\"yoast-seo-meta-tag\" \/>\n\t<meta name=\"twitter:label2\" content=\"Tiempo estimado de lectura\" class=\"yoast-seo-meta-tag\" \/>\n\t<meta name=\"twitter:data2\" content=\"3 minutos\" class=\"yoast-seo-meta-tag\" \/>\n<script type=\"application\/ld+json\" class=\"yoast-schema-graph\">{\"@context\":\"https:\/\/schema.org\",\"@graph\":[{\"@type\":\"Article\",\"@id\":\"https:\/\/dev.explora.cl\/tarapaca\/partio-el-xv-congreso-regional-escolar-de-ciencia-y-tecnologia-de-explora-tarapaca-importante-evento-que-reune-a-37-proyectos-de-investigacion-cientifica-de-toda-la-region-se-estara-realizando-hasta-e\/#article\",\"isPartOf\":{\"@id\":\"https:\/\/dev.explora.cl\/tarapaca\/partio-el-xv-congreso-regional-escolar-de-ciencia-y-tecnologia-de-explora-tarapaca-importante-evento-que-reune-a-37-proyectos-de-investigacion-cientifica-de-toda-la-region-se-estara-realizando-hasta-e\/\"},\"author\":{\"name\":\"webman\",\"@id\":\"https:\/\/dev.explora.cl\/tarapaca\/#\/schema\/person\/cb8349c13ea2d324080adf8480d7ba5d\"},\"headline\":\"Parti\u00f3 el XV Congreso Regional Escolar de Ciencia y Tecnolog\u00eda de Explora Tarapac\u00e1\",\"datePublished\":\"2018-10-04T02:06:05+00:00\",\"dateModified\":\"2019-05-16T02:04:01+00:00\",\"mainEntityOfPage\":{\"@id\":\"https:\/\/dev.explora.cl\/tarapaca\/partio-el-xv-congreso-regional-escolar-de-ciencia-y-tecnologia-de-explora-tarapaca-importante-evento-que-reune-a-37-proyectos-de-investigacion-cientifica-de-toda-la-region-se-estara-realizando-hasta-e\/\"},\"wordCount\":531,\"image\":{\"@id\":\"https:\/\/dev.explora.cl\/tarapaca\/partio-el-xv-congreso-regional-escolar-de-ciencia-y-tecnologia-de-explora-tarapaca-importante-evento-que-reune-a-37-proyectos-de-investigacion-cientifica-de-toda-la-region-se-estara-realizando-hasta-e\/#primaryimage\"},\"thumbnailUrl\":\"https:\/\/dev.explora.cl\/tarapaca\/wp-content\/uploads\/sites\/3\/2018\/10\/congreso2.jpeg\",\"articleSection\":[\"Noticias\"],\"inLanguage\":\"es-CL\"},{\"@type\":\"WebPage\",\"@id\":\"https:\/\/dev.explora.cl\/tarapaca\/partio-el-xv-congreso-regional-escolar-de-ciencia-y-tecnologia-de-explora-tarapaca-importante-evento-que-reune-a-37-proyectos-de-investigacion-cientifica-de-toda-la-region-se-estara-realizando-hasta-e\/\",\"url\":\"https:\/\/dev.explora.cl\/tarapaca\/partio-el-xv-congreso-regional-escolar-de-ciencia-y-tecnologia-de-explora-tarapaca-importante-evento-que-reune-a-37-proyectos-de-investigacion-cientifica-de-toda-la-region-se-estara-realizando-hasta-e\/\",\"name\":\"Parti\u00f3 el XV Congreso Regional Escolar de Ciencia y Tecnolog\u00eda de Explora Tarapac\u00e1 - Tarapaca\",\"isPartOf\":{\"@id\":\"https:\/\/dev.explora.cl\/tarapaca\/#website\"},\"primaryImageOfPage\":{\"@id\":\"https:\/\/dev.explora.cl\/tarapaca\/partio-el-xv-congreso-regional-escolar-de-ciencia-y-tecnologia-de-explora-tarapaca-importante-evento-que-reune-a-37-proyectos-de-investigacion-cientifica-de-toda-la-region-se-estara-realizando-hasta-e\/#primaryimage\"},\"image\":{\"@id\":\"https:\/\/dev.explora.cl\/tarapaca\/partio-el-xv-congreso-regional-escolar-de-ciencia-y-tecnologia-de-explora-tarapaca-importante-evento-que-reune-a-37-proyectos-de-investigacion-cientifica-de-toda-la-region-se-estara-realizando-hasta-e\/#primaryimage\"},\"thumbnailUrl\":\"https:\/\/dev.explora.cl\/tarapaca\/wp-content\/uploads\/sites\/3\/2018\/10\/congreso2.jpeg\",\"datePublished\":\"2018-10-04T02:06:05+00:00\",\"dateModified\":\"2019-05-16T02:04:01+00:00\",\"author\":{\"@id\":\"https:\/\/dev.explora.cl\/tarapaca\/#\/schema\/person\/cb8349c13ea2d324080adf8480d7ba5d\"},\"breadcrumb\":{\"@id\":\"https:\/\/dev.explora.cl\/tarapaca\/partio-el-xv-congreso-regional-escolar-de-ciencia-y-tecnologia-de-explora-tarapaca-importante-evento-que-reune-a-37-proyectos-de-investigacion-cientifica-de-toda-la-region-se-estara-realizando-hasta-e\/#breadcrumb\"},\"inLanguage\":\"es-CL\",\"potentialAction\":[{\"@type\":\"ReadAction\",\"target\":[\"https:\/\/dev.explora.cl\/tarapaca\/partio-el-xv-congreso-regional-escolar-de-ciencia-y-tecnologia-de-explora-tarapaca-importante-evento-que-reune-a-37-proyectos-de-investigacion-cientifica-de-toda-la-region-se-estara-realizando-hasta-e\/\"]}]},{\"@type\":\"ImageObject\",\"inLanguage\":\"es-CL\",\"@id\":\"https:\/\/dev.explora.cl\/tarapaca\/partio-el-xv-congreso-regional-escolar-de-ciencia-y-tecnologia-de-explora-tarapaca-importante-evento-que-reune-a-37-proyectos-de-investigacion-cientifica-de-toda-la-region-se-estara-realizando-hasta-e\/#primaryimage\",\"url\":\"https:\/\/dev.explora.cl\/tarapaca\/wp-content\/uploads\/sites\/3\/2018\/10\/congreso2.jpeg\",\"contentUrl\":\"https:\/\/dev.explora.cl\/tarapaca\/wp-content\/uploads\/sites\/3\/2018\/10\/congreso2.jpeg\",\"width\":1280,\"height\":853},{\"@type\":\"BreadcrumbList\",\"@id\":\"https:\/\/dev.explora.cl\/tarapaca\/partio-el-xv-congreso-regional-escolar-de-ciencia-y-tecnologia-de-explora-tarapaca-importante-evento-que-reune-a-37-proyectos-de-investigacion-cientifica-de-toda-la-region-se-estara-realizando-hasta-e\/#breadcrumb\",\"itemListElement\":[{\"@type\":\"ListItem\",\"position\":1,\"name\":\"Portada\",\"item\":\"https:\/\/dev.explora.cl\/tarapaca\/\"},{\"@type\":\"ListItem\",\"position\":2,\"name\":\"Parti\u00f3 el XV Congreso Regional Escolar de Ciencia y Tecnolog\u00eda de Explora Tarapac\u00e1\"}]},{\"@type\":\"WebSite\",\"@id\":\"https:\/\/dev.explora.cl\/tarapaca\/#website\",\"url\":\"https:\/\/dev.explora.cl\/tarapaca\/\",\"name\":\"Tarapaca\",\"description\":\"Otro sitio m\u00e1s de dev.explora.cl\",\"potentialAction\":[{\"@type\":\"SearchAction\",\"target\":{\"@type\":\"EntryPoint\",\"urlTemplate\":\"https:\/\/dev.explora.cl\/tarapaca\/?s={search_term_string}\"},\"query-input\":{\"@type\":\"PropertyValueSpecification\",\"valueRequired\":true,\"valueName\":\"search_term_string\"}}],\"inLanguage\":\"es-CL\"},{\"@type\":\"Person\",\"@id\":\"https:\/\/dev.explora.cl\/tarapaca\/#\/schema\/person\/cb8349c13ea2d324080adf8480d7ba5d\",\"name\":\"webman\",\"image\":{\"@type\":\"ImageObject\",\"inLanguage\":\"es-CL\",\"@id\":\"https:\/\/dev.explora.cl\/tarapaca\/#\/schema\/person\/image\/\",\"url\":\"https:\/\/secure.gravatar.com\/avatar\/eeff3c82f2c02f7177d13663b7e6f890e9a6a0647ce9bb29cae02dcb094c7312?s=96&d=mm&r=g\",\"contentUrl\":\"https:\/\/secure.gravatar.com\/avatar\/eeff3c82f2c02f7177d13663b7e6f890e9a6a0647ce9bb29cae02dcb094c7312?s=96&d=mm&r=g\",\"caption\":\"webman\"},\"url\":\"https:\/\/dev.explora.cl\/tarapaca\/author\/webman\/\"}]}<\/script>\n<!-- \/ Yoast SEO plugin. -->","yoast_head_json":{"title":"Parti\u00f3 el XV Congreso Regional Escolar de Ciencia y Tecnolog\u00eda de Explora Tarapac\u00e1 - Tarapaca","robots":{"index":"index","follow":"follow","max-snippet":"max-snippet:-1","max-image-preview":"max-image-preview:large","max-video-preview":"max-video-preview:-1"},"canonical":"https:\/\/dev.explora.cl\/tarapaca\/partio-el-xv-congreso-regional-escolar-de-ciencia-y-tecnologia-de-explora-tarapaca-importante-evento-que-reune-a-37-proyectos-de-investigacion-cientifica-de-toda-la-region-se-estara-realizando-hasta-e\/","og_locale":"es_ES","og_type":"article","og_title":"Parti\u00f3 el XV Congreso Regional Escolar de Ciencia y Tecnolog\u00eda de Explora Tarapac\u00e1 - Tarapaca","og_description":"Importante evento que re\u00fane a 37 proyectos de investigaci\u00f3n cient\u00edfica de toda la regi\u00f3n se estar\u00e1 realizando hasta el pr\u00f3ximo viernes 5 de Octubre. Con 37 proyectos de investigaci\u00f3n en competencia, el pasado martes en horas de la tarde los estudiantes de diversos establecimientos educacionales de la regi\u00f3n se dieron cita en INACAP Iquique para [&hellip;]","og_url":"https:\/\/dev.explora.cl\/tarapaca\/partio-el-xv-congreso-regional-escolar-de-ciencia-y-tecnologia-de-explora-tarapaca-importante-evento-que-reune-a-37-proyectos-de-investigacion-cientifica-de-toda-la-region-se-estara-realizando-hasta-e\/","og_site_name":"Tarapaca","article_published_time":"2018-10-04T02:06:05+00:00","article_modified_time":"2019-05-16T02:04:01+00:00","og_image":[{"width":1280,"height":853,"url":"https:\/\/dev.explora.cl\/tarapaca\/wp-content\/uploads\/sites\/3\/2018\/10\/congreso2.jpeg","type":"image\/jpeg"}],"author":"webman","twitter_card":"summary_large_image","twitter_misc":{"Escrito por":"webman","Tiempo estimado de lectura":"3 minutos"},"schema":{"@context":"https:\/\/schema.org","@graph":[{"@type":"Article","@id":"https:\/\/dev.explora.cl\/tarapaca\/partio-el-xv-congreso-regional-escolar-de-ciencia-y-tecnologia-de-explora-tarapaca-importante-evento-que-reune-a-37-proyectos-de-investigacion-cientifica-de-toda-la-region-se-estara-realizando-hasta-e\/#article","isPartOf":{"@id":"https:\/\/dev.explora.cl\/tarapaca\/partio-el-xv-congreso-regional-escolar-de-ciencia-y-tecnologia-de-explora-tarapaca-importante-evento-que-reune-a-37-proyectos-de-investigacion-cientifica-de-toda-la-region-se-estara-realizando-hasta-e\/"},"author":{"name":"webman","@id":"https:\/\/dev.explora.cl\/tarapaca\/#\/schema\/person\/cb8349c13ea2d324080adf8480d7ba5d"},"headline":"Parti\u00f3 el XV Congreso Regional Escolar de Ciencia y Tecnolog\u00eda de Explora Tarapac\u00e1","datePublished":"2018-10-04T02:06:05+00:00","dateModified":"2019-05-16T02:04:01+00:00","mainEntityOfPage":{"@id":"https:\/\/dev.explora.cl\/tarapaca\/partio-el-xv-congreso-regional-escolar-de-ciencia-y-tecnologia-de-explora-tarapaca-importante-evento-que-reune-a-37-proyectos-de-investigacion-cientifica-de-toda-la-region-se-estara-realizando-hasta-e\/"},"wordCount":531,"image":{"@id":"https:\/\/dev.explora.cl\/tarapaca\/partio-el-xv-congreso-regional-escolar-de-ciencia-y-tecnologia-de-explora-tarapaca-importante-evento-que-reune-a-37-proyectos-de-investigacion-cientifica-de-toda-la-region-se-estara-realizando-hasta-e\/#primaryimage"},"thumbnailUrl":"https:\/\/dev.explora.cl\/tarapaca\/wp-content\/uploads\/sites\/3\/2018\/10\/congreso2.jpeg","articleSection":["Noticias"],"inLanguage":"es-CL"},{"@type":"WebPage","@id":"https:\/\/dev.explora.cl\/tarapaca\/partio-el-xv-congreso-regional-escolar-de-ciencia-y-tecnologia-de-explora-tarapaca-importante-evento-que-reune-a-37-proyectos-de-investigacion-cientifica-de-toda-la-region-se-estara-realizando-hasta-e\/","url":"https:\/\/dev.explora.cl\/tarapaca\/partio-el-xv-congreso-regional-escolar-de-ciencia-y-tecnologia-de-explora-tarapaca-importante-evento-que-reune-a-37-proyectos-de-investigacion-cientifica-de-toda-la-region-se-estara-realizando-hasta-e\/","name":"Parti\u00f3 el XV Congreso Regional Escolar de Ciencia y Tecnolog\u00eda de Explora Tarapac\u00e1 - Tarapaca","isPartOf":{"@id":"https:\/\/dev.explora.cl\/tarapaca\/#website"},"primaryImageOfPage":{"@id":"https:\/\/dev.explora.cl\/tarapaca\/partio-el-xv-congreso-regional-escolar-de-ciencia-y-tecnologia-de-explora-tarapaca-importante-evento-que-reune-a-37-proyectos-de-investigacion-cientifica-de-toda-la-region-se-estara-realizando-hasta-e\/#primaryimage"},"image":{"@id":"https:\/\/dev.explora.cl\/tarapaca\/partio-el-xv-congreso-regional-escolar-de-ciencia-y-tecnologia-de-explora-tarapaca-importante-evento-que-reune-a-37-proyectos-de-investigacion-cientifica-de-toda-la-region-se-estara-realizando-hasta-e\/#primaryimage"},"thumbnailUrl":"https:\/\/dev.explora.cl\/tarapaca\/wp-content\/uploads\/sites\/3\/2018\/10\/congreso2.jpeg","datePublished":"2018-10-04T02:06:05+00:00","dateModified":"2019-05-16T02:04:01+00:00","author":{"@id":"https:\/\/dev.explora.cl\/tarapaca\/#\/schema\/person\/cb8349c13ea2d324080adf8480d7ba5d"},"breadcrumb":{"@id":"https:\/\/dev.explora.cl\/tarapaca\/partio-el-xv-congreso-regional-escolar-de-ciencia-y-tecnologia-de-explora-tarapaca-importante-evento-que-reune-a-37-proyectos-de-investigacion-cientifica-de-toda-la-region-se-estara-realizando-hasta-e\/#breadcrumb"},"inLanguage":"es-CL","potentialAction":[{"@type":"ReadAction","target":["https:\/\/dev.explora.cl\/tarapaca\/partio-el-xv-congreso-regional-escolar-de-ciencia-y-tecnologia-de-explora-tarapaca-importante-evento-que-reune-a-37-proyectos-de-investigacion-cientifica-de-toda-la-region-se-estara-realizando-hasta-e\/"]}]},{"@type":"ImageObject","inLanguage":"es-CL","@id":"https:\/\/dev.explora.cl\/tarapaca\/partio-el-xv-congreso-regional-escolar-de-ciencia-y-tecnologia-de-explora-tarapaca-importante-evento-que-reune-a-37-proyectos-de-investigacion-cientifica-de-toda-la-region-se-estara-realizando-hasta-e\/#primaryimage","url":"https:\/\/dev.explora.cl\/tarapaca\/wp-content\/uploads\/sites\/3\/2018\/10\/congreso2.jpeg","contentUrl":"https:\/\/dev.explora.cl\/tarapaca\/wp-content\/uploads\/sites\/3\/2018\/10\/congreso2.jpeg","width":1280,"height":853},{"@type":"BreadcrumbList","@id":"https:\/\/dev.explora.cl\/tarapaca\/partio-el-xv-congreso-regional-escolar-de-ciencia-y-tecnologia-de-explora-tarapaca-importante-evento-que-reune-a-37-proyectos-de-investigacion-cientifica-de-toda-la-region-se-estara-realizando-hasta-e\/#breadcrumb","itemListElement":[{"@type":"ListItem","position":1,"name":"Portada","item":"https:\/\/dev.explora.cl\/tarapaca\/"},{"@type":"ListItem","position":2,"name":"Parti\u00f3 el XV Congreso Regional Escolar de Ciencia y Tecnolog\u00eda de Explora Tarapac\u00e1"}]},{"@type":"WebSite","@id":"https:\/\/dev.explora.cl\/tarapaca\/#website","url":"https:\/\/dev.explora.cl\/tarapaca\/","name":"Tarapaca","description":"Otro sitio m\u00e1s de dev.explora.cl","potentialAction":[{"@type":"SearchAction","target":{"@type":"EntryPoint","urlTemplate":"https:\/\/dev.explora.cl\/tarapaca\/?s={search_term_string}"},"query-input":{"@type":"PropertyValueSpecification","valueRequired":true,"valueName":"search_term_string"}}],"inLanguage":"es-CL"},{"@type":"Person","@id":"https:\/\/dev.explora.cl\/tarapaca\/#\/schema\/person\/cb8349c13ea2d324080adf8480d7ba5d","name":"webman","image":{"@type":"ImageObject","inLanguage":"es-CL","@id":"https:\/\/dev.explora.cl\/tarapaca\/#\/schema\/person\/image\/","url":"https:\/\/secure.gravatar.com\/avatar\/eeff3c82f2c02f7177d13663b7e6f890e9a6a0647ce9bb29cae02dcb094c7312?s=96&d=mm&r=g","contentUrl":"https:\/\/secure.gravatar.com\/avatar\/eeff3c82f2c02f7177d13663b7e6f890e9a6a0647ce9bb29cae02dcb094c7312?s=96&d=mm&r=g","caption":"webman"},"url":"https:\/\/dev.explora.cl\/tarapaca\/author\/webman\/"}]}},"_links":{"self":[{"href":"https:\/\/dev.explora.cl\/tarapaca\/wp-json\/wp\/v2\/posts\/36941","targetHints":{"allow":["GET"]}}],"collection":[{"href":"https:\/\/dev.explora.cl\/tarapaca\/wp-json\/wp\/v2\/posts"}],"about":[{"href":"https:\/\/dev.explora.cl\/tarapaca\/wp-json\/wp\/v2\/types\/post"}],"author":[{"embeddable":true,"href":"https:\/\/dev.explora.cl\/tarapaca\/wp-json\/wp\/v2\/users\/2"}],"replies":[{"embeddable":true,"href":"https:\/\/dev.explora.cl\/tarapaca\/wp-json\/wp\/v2\/comments?post=36941"}],"version-history":[{"count":1,"href":"https:\/\/dev.explora.cl\/tarapaca\/wp-json\/wp\/v2\/posts\/36941\/revisions"}],"predecessor-version":[{"id":38046,"href":"https:\/\/dev.explora.cl\/tarapaca\/wp-json\/wp\/v2\/posts\/36941\/revisions\/38046"}],"wp:featuredmedia":[{"embeddable":true,"href":"https:\/\/dev.explora.cl\/tarapaca\/wp-json\/wp\/v2\/media\/37277"}],"wp:attachment":[{"href":"https:\/\/dev.explora.cl\/tarapaca\/wp-json\/wp\/v2\/media?parent=36941"}],"wp:term":[{"taxonomy":"category","embeddable":true,"href":"https:\/\/dev.explora.cl\/tarapaca\/wp-json\/wp\/v2\/categories?post=36941"},{"taxonomy":"post_tag","embeddable":true,"href":"https:\/\/dev.explora.cl\/tarapaca\/wp-json\/wp\/v2\/tags?post=36941"}],"curies":[{"name":"wp","href":"https:\/\/api.w.org\/{rel}","templated":true}]}}