{"id":36590,"date":"2018-09-11T17:48:22","date_gmt":"2018-09-11T21:48:22","guid":{"rendered":"https:\/\/dev.explora.cl\/blog\/2018\/09\/11\/un-viaje-por-el-universo-de-los-por-que-llega-al-par-explora-tarapaca\/"},"modified":"2019-05-16T02:04:01","modified_gmt":"2019-05-16T02:04:01","slug":"un-viaje-por-el-universo-de-los-por-que-llega-al-par-explora-tarapaca","status":"publish","type":"post","link":"https:\/\/dev.explora.cl\/tarapaca\/un-viaje-por-el-universo-de-los-por-que-llega-al-par-explora-tarapaca\/","title":{"rendered":"Un Viaje por el Universo de los \u00bfPor Qu\u00e9? llega al PAR Explora Tarapac\u00e1"},"content":{"rendered":"<p style=\"text-align: justify\"><strong><em><img loading=\"lazy\" decoding=\"async\" class=\" alignleft size-full wp-image-36589\" style=\"float: left\" src=\"https:\/\/dev.explora.cl\/wp-content\/uploads\/2018\/09\/album_explora_2.jpeg\" alt=\"album explora 2\" width=\"491\" height=\"491\" \/>\u00bfDe qu\u00e9 color es la luz? \u00bfPor qu\u00e9 se hace de d\u00eda y luego de noche? Estas son algunas de las preguntas que se hacen Tina, Rodo, Olga y El\u00edas, los protagonistas del \u00c1lbum Explora 2018.<\/em><\/strong><\/p>\n<p style=\"text-align: justify\">El acto de cuestionar, de preguntarse y de experimentar es inherente al ser humano. La ciencia nos permite satisfacer esa curiosidad, ayud\u00e1ndonos a entender de mejor manera el mundo natural. El Programa Explora de CONICYT, a trav\u00e9s del \u00e1lbum \u201cUn viaje al universo de los \u00bfPOR QU\u00c9?\u201d, incentiva la generaci\u00f3n de preguntas simples de ni\u00f1os y ni\u00f1as de educaci\u00f3n b\u00e1sica (parvularia y primer ciclo de educaci\u00f3n b\u00e1sica), mediante actividades que se implementan dentro o fuera del aula, guiados por un docente.<\/p>\n<p style=\"text-align: justify\">La publicaci\u00f3n impresa a todo color cuenta con 32 p\u00e1ginas y 45 l\u00e1minas coleccionables y, una de sus principales caracter\u00edsticas, es que los contenidos est\u00e1n alineados con el curr\u00edculum escolar: todas las actividades pr\u00e1cticas est\u00e1n dise\u00f1adas para trabajar en el aula, cuenta con videos y orientaciones pedag\u00f3gicas, adem\u00e1s de una plataforma web.<\/p>\n<p style=\"text-align: justify\">El \u00e1lbum incluye material en PDF que se puede descargar para la implementaci\u00f3n de los ejercicios, nivel acad\u00e9mico sugerido, objetivo de la actividad, nivel de aprendizaje, din\u00e1mica, y una breve explicaci\u00f3n del fen\u00f3meno o propiedad descrita. Adem\u00e1s, se dispone de una plataforma digital donde es posible consultar videos tutoriales para las actividades propuestas y una plataforma de seguimiento en l\u00ednea.<\/p>\n<p style=\"text-align: justify\">Natalia Mackenzie, directora del Programa Explora de CONICYT, se\u00f1ala que \u201cla publicaci\u00f3n es parte de las nuevas estrategias que estamos promoviendo para el aprendizaje de la ciencia y la tecnolog\u00eda en Chile, con iniciativas que motivan a los estudiantes a involucrarse de manera directa en estas disciplinas, a trav\u00e9s de actividades pr\u00e1cticas como las que propone el \u00e1lbum\u201d.<\/p>\n<p style=\"text-align: justify\"><strong>\u00bfC\u00f3mo obtener el \u00e1lbum?<\/strong><\/p>\n<p style=\"text-align: justify\">El o la docente interesado\/a en utilizar el \u00e1lbum con su grupo-curso tendr\u00e1 que ingresar a\u00a0<a href=\"http:\/\/www.albumdev.explora.cl\/\">www.albumdev.explora.cl<\/a>\u00a0y registrarse como usuario. Completar el \u201cFormulario de Registro\u201d indicando datos de contacto, establecimiento y n\u00famero de estudiantes que participar\u00e1n en esta iniciativa.<\/p>\n<p style=\"text-align: justify\">Cada Proyecto Asociativo Regional brindar\u00e1 a los o las docentes los \u00e1lbumes y las l\u00e1minas respectivas. En el caso del PAR Explora de CONICYT Tarapac\u00e1 se distribuir\u00e1 el material a los establecimientos educacionales pertenecientes a las\u00a0comunas de la regi\u00f3n de Tarapac\u00e1\u00a0con las que trabaja el Proyecto, priorizando la entrega en escuelas p\u00fablicas.<\/p>\n<p style=\"text-align: justify\">A medida que los estudiantes van realizando las actividades, el docente debe subir al sitio web las evidencias que permiten ir alcanzado logros y aprendizajes de los escolares.<\/p>\n<p style=\"text-align: justify\">Podr\u00e1n acceder a los premios los participantes que completen su \u00e1lbum y hayan enviado evidencias para, al menos, cuatro actividades. Los criterios para la elecci\u00f3n de los ganadores ser\u00e1n de competencia del PAR Explora de CONICYT Tarapac\u00e1, sobre la base de actividades realizadas y evidencias subidas a la plataforma web.<\/p>\n<p><strong>Para informaci\u00f3n y detalles sobre el album en Tarapac\u00e1, se puede contactar al Encargado de Album, Alejandro \u00c1lvarez, al correo electr\u00f3nico:\u00a0<a href=\"mailto:alejandro.alvarez.explora@corporaciontarapaca.cl&gt;\">alejandro.alvarez.explora@corporaciontarapaca.cl<\/a>\u00a0o a su tel\u00e9fono celular: +56 988155555<\/strong><\/p>\n","protected":false},"excerpt":{"rendered":"<p>\u00bfDe qu\u00e9 color es la luz? \u00bfPor qu\u00e9 se hace de d\u00eda y luego de noche? Estas son algunas de las preguntas que se hacen Tina, Rodo, Olga y El\u00edas, los protagonistas del \u00c1lbum Explora 2018. El acto de cuestionar, de preguntarse y de experimentar es inherente al ser humano. La ciencia nos permite satisfacer [&hellip;]<\/p>\n","protected":false},"author":2,"featured_media":37278,"comment_status":"closed","ping_status":"open","sticky":false,"template":"","format":"standard","meta":{"_acf_changed":false,"_exactmetrics_skip_tracking":false,"_exactmetrics_sitenote_active":false,"_exactmetrics_sitenote_note":"","_exactmetrics_sitenote_category":0,"footnotes":"","_links_to":"","_links_to_target":""},"categories":[4],"tags":[],"class_list":["post-36590","post","type-post","status-publish","format-standard","has-post-thumbnail","hentry","category-noticias"],"acf":[],"yoast_head":"<!-- This site is optimized with the Yoast SEO plugin v26.7 - https:\/\/yoast.com\/wordpress\/plugins\/seo\/ -->\n<title>Un Viaje por el Universo de los \u00bfPor Qu\u00e9? llega al PAR Explora Tarapac\u00e1 - Tarapaca<\/title>\n<meta name=\"robots\" content=\"index, follow, max-snippet:-1, max-image-preview:large, max-video-preview:-1\" \/>\n<link rel=\"canonical\" href=\"https:\/\/dev.explora.cl\/tarapaca\/un-viaje-por-el-universo-de-los-por-que-llega-al-par-explora-tarapaca\/\" class=\"yoast-seo-meta-tag\" \/>\n<meta property=\"og:locale\" content=\"es_ES\" class=\"yoast-seo-meta-tag\" \/>\n<meta property=\"og:type\" content=\"article\" class=\"yoast-seo-meta-tag\" \/>\n<meta property=\"og:title\" content=\"Un Viaje por el Universo de los \u00bfPor Qu\u00e9? llega al PAR Explora Tarapac\u00e1 - Tarapaca\" class=\"yoast-seo-meta-tag\" \/>\n<meta property=\"og:description\" content=\"\u00bfDe qu\u00e9 color es la luz? \u00bfPor qu\u00e9 se hace de d\u00eda y luego de noche? Estas son algunas de las preguntas que se hacen Tina, Rodo, Olga y El\u00edas, los protagonistas del \u00c1lbum Explora 2018. El acto de cuestionar, de preguntarse y de experimentar es inherente al ser humano. La ciencia nos permite satisfacer [&hellip;]\" class=\"yoast-seo-meta-tag\" \/>\n<meta property=\"og:url\" content=\"https:\/\/dev.explora.cl\/tarapaca\/un-viaje-por-el-universo-de-los-por-que-llega-al-par-explora-tarapaca\/\" class=\"yoast-seo-meta-tag\" \/>\n<meta property=\"og:site_name\" content=\"Tarapaca\" class=\"yoast-seo-meta-tag\" \/>\n<meta property=\"article:published_time\" content=\"2018-09-11T21:48:22+00:00\" class=\"yoast-seo-meta-tag\" \/>\n<meta property=\"article:modified_time\" content=\"2019-05-16T02:04:01+00:00\" class=\"yoast-seo-meta-tag\" \/>\n<meta property=\"og:image\" content=\"https:\/\/dev.explora.cl\/tarapaca\/wp-content\/uploads\/sites\/3\/2018\/09\/album_explora_2.jpeg\" class=\"yoast-seo-meta-tag\" \/>\n\t<meta property=\"og:image:width\" content=\"1280\" class=\"yoast-seo-meta-tag\" \/>\n\t<meta property=\"og:image:height\" content=\"1280\" class=\"yoast-seo-meta-tag\" \/>\n\t<meta property=\"og:image:type\" content=\"image\/jpeg\" class=\"yoast-seo-meta-tag\" \/>\n<meta name=\"author\" content=\"webman\" class=\"yoast-seo-meta-tag\" \/>\n<meta name=\"twitter:card\" content=\"summary_large_image\" class=\"yoast-seo-meta-tag\" \/>\n<meta name=\"twitter:label1\" content=\"Escrito por\" class=\"yoast-seo-meta-tag\" \/>\n\t<meta name=\"twitter:data1\" content=\"webman\" class=\"yoast-seo-meta-tag\" \/>\n\t<meta name=\"twitter:label2\" content=\"Tiempo estimado de lectura\" class=\"yoast-seo-meta-tag\" \/>\n\t<meta name=\"twitter:data2\" content=\"3 minutos\" class=\"yoast-seo-meta-tag\" \/>\n<script type=\"application\/ld+json\" class=\"yoast-schema-graph\">{\"@context\":\"https:\/\/schema.org\",\"@graph\":[{\"@type\":\"Article\",\"@id\":\"https:\/\/dev.explora.cl\/tarapaca\/un-viaje-por-el-universo-de-los-por-que-llega-al-par-explora-tarapaca\/#article\",\"isPartOf\":{\"@id\":\"https:\/\/dev.explora.cl\/tarapaca\/un-viaje-por-el-universo-de-los-por-que-llega-al-par-explora-tarapaca\/\"},\"author\":{\"name\":\"webman\",\"@id\":\"https:\/\/dev.explora.cl\/tarapaca\/#\/schema\/person\/cb8349c13ea2d324080adf8480d7ba5d\"},\"headline\":\"Un Viaje por el Universo de los \u00bfPor Qu\u00e9? llega al PAR Explora Tarapac\u00e1\",\"datePublished\":\"2018-09-11T21:48:22+00:00\",\"dateModified\":\"2019-05-16T02:04:01+00:00\",\"mainEntityOfPage\":{\"@id\":\"https:\/\/dev.explora.cl\/tarapaca\/un-viaje-por-el-universo-de-los-por-que-llega-al-par-explora-tarapaca\/\"},\"wordCount\":555,\"image\":{\"@id\":\"https:\/\/dev.explora.cl\/tarapaca\/un-viaje-por-el-universo-de-los-por-que-llega-al-par-explora-tarapaca\/#primaryimage\"},\"thumbnailUrl\":\"https:\/\/dev.explora.cl\/tarapaca\/wp-content\/uploads\/sites\/3\/2018\/09\/album_explora_2.jpeg\",\"articleSection\":[\"Noticias\"],\"inLanguage\":\"es-CL\"},{\"@type\":\"WebPage\",\"@id\":\"https:\/\/dev.explora.cl\/tarapaca\/un-viaje-por-el-universo-de-los-por-que-llega-al-par-explora-tarapaca\/\",\"url\":\"https:\/\/dev.explora.cl\/tarapaca\/un-viaje-por-el-universo-de-los-por-que-llega-al-par-explora-tarapaca\/\",\"name\":\"Un Viaje por el Universo de los \u00bfPor Qu\u00e9? llega al PAR Explora Tarapac\u00e1 - Tarapaca\",\"isPartOf\":{\"@id\":\"https:\/\/dev.explora.cl\/tarapaca\/#website\"},\"primaryImageOfPage\":{\"@id\":\"https:\/\/dev.explora.cl\/tarapaca\/un-viaje-por-el-universo-de-los-por-que-llega-al-par-explora-tarapaca\/#primaryimage\"},\"image\":{\"@id\":\"https:\/\/dev.explora.cl\/tarapaca\/un-viaje-por-el-universo-de-los-por-que-llega-al-par-explora-tarapaca\/#primaryimage\"},\"thumbnailUrl\":\"https:\/\/dev.explora.cl\/tarapaca\/wp-content\/uploads\/sites\/3\/2018\/09\/album_explora_2.jpeg\",\"datePublished\":\"2018-09-11T21:48:22+00:00\",\"dateModified\":\"2019-05-16T02:04:01+00:00\",\"author\":{\"@id\":\"https:\/\/dev.explora.cl\/tarapaca\/#\/schema\/person\/cb8349c13ea2d324080adf8480d7ba5d\"},\"breadcrumb\":{\"@id\":\"https:\/\/dev.explora.cl\/tarapaca\/un-viaje-por-el-universo-de-los-por-que-llega-al-par-explora-tarapaca\/#breadcrumb\"},\"inLanguage\":\"es-CL\",\"potentialAction\":[{\"@type\":\"ReadAction\",\"target\":[\"https:\/\/dev.explora.cl\/tarapaca\/un-viaje-por-el-universo-de-los-por-que-llega-al-par-explora-tarapaca\/\"]}]},{\"@type\":\"ImageObject\",\"inLanguage\":\"es-CL\",\"@id\":\"https:\/\/dev.explora.cl\/tarapaca\/un-viaje-por-el-universo-de-los-por-que-llega-al-par-explora-tarapaca\/#primaryimage\",\"url\":\"https:\/\/dev.explora.cl\/tarapaca\/wp-content\/uploads\/sites\/3\/2018\/09\/album_explora_2.jpeg\",\"contentUrl\":\"https:\/\/dev.explora.cl\/tarapaca\/wp-content\/uploads\/sites\/3\/2018\/09\/album_explora_2.jpeg\",\"width\":1280,\"height\":1280},{\"@type\":\"BreadcrumbList\",\"@id\":\"https:\/\/dev.explora.cl\/tarapaca\/un-viaje-por-el-universo-de-los-por-que-llega-al-par-explora-tarapaca\/#breadcrumb\",\"itemListElement\":[{\"@type\":\"ListItem\",\"position\":1,\"name\":\"Portada\",\"item\":\"https:\/\/dev.explora.cl\/tarapaca\/\"},{\"@type\":\"ListItem\",\"position\":2,\"name\":\"Un Viaje por el Universo de los \u00bfPor Qu\u00e9? llega al PAR Explora Tarapac\u00e1\"}]},{\"@type\":\"WebSite\",\"@id\":\"https:\/\/dev.explora.cl\/tarapaca\/#website\",\"url\":\"https:\/\/dev.explora.cl\/tarapaca\/\",\"name\":\"Tarapaca\",\"description\":\"Otro sitio m\u00e1s de dev.explora.cl\",\"potentialAction\":[{\"@type\":\"SearchAction\",\"target\":{\"@type\":\"EntryPoint\",\"urlTemplate\":\"https:\/\/dev.explora.cl\/tarapaca\/?s={search_term_string}\"},\"query-input\":{\"@type\":\"PropertyValueSpecification\",\"valueRequired\":true,\"valueName\":\"search_term_string\"}}],\"inLanguage\":\"es-CL\"},{\"@type\":\"Person\",\"@id\":\"https:\/\/dev.explora.cl\/tarapaca\/#\/schema\/person\/cb8349c13ea2d324080adf8480d7ba5d\",\"name\":\"webman\",\"image\":{\"@type\":\"ImageObject\",\"inLanguage\":\"es-CL\",\"@id\":\"https:\/\/dev.explora.cl\/tarapaca\/#\/schema\/person\/image\/\",\"url\":\"https:\/\/secure.gravatar.com\/avatar\/eeff3c82f2c02f7177d13663b7e6f890e9a6a0647ce9bb29cae02dcb094c7312?s=96&d=mm&r=g\",\"contentUrl\":\"https:\/\/secure.gravatar.com\/avatar\/eeff3c82f2c02f7177d13663b7e6f890e9a6a0647ce9bb29cae02dcb094c7312?s=96&d=mm&r=g\",\"caption\":\"webman\"},\"url\":\"https:\/\/dev.explora.cl\/tarapaca\/author\/webman\/\"}]}<\/script>\n<!-- \/ Yoast SEO plugin. -->","yoast_head_json":{"title":"Un Viaje por el Universo de los \u00bfPor Qu\u00e9? llega al PAR Explora Tarapac\u00e1 - Tarapaca","robots":{"index":"index","follow":"follow","max-snippet":"max-snippet:-1","max-image-preview":"max-image-preview:large","max-video-preview":"max-video-preview:-1"},"canonical":"https:\/\/dev.explora.cl\/tarapaca\/un-viaje-por-el-universo-de-los-por-que-llega-al-par-explora-tarapaca\/","og_locale":"es_ES","og_type":"article","og_title":"Un Viaje por el Universo de los \u00bfPor Qu\u00e9? llega al PAR Explora Tarapac\u00e1 - Tarapaca","og_description":"\u00bfDe qu\u00e9 color es la luz? \u00bfPor qu\u00e9 se hace de d\u00eda y luego de noche? Estas son algunas de las preguntas que se hacen Tina, Rodo, Olga y El\u00edas, los protagonistas del \u00c1lbum Explora 2018. El acto de cuestionar, de preguntarse y de experimentar es inherente al ser humano. La ciencia nos permite satisfacer [&hellip;]","og_url":"https:\/\/dev.explora.cl\/tarapaca\/un-viaje-por-el-universo-de-los-por-que-llega-al-par-explora-tarapaca\/","og_site_name":"Tarapaca","article_published_time":"2018-09-11T21:48:22+00:00","article_modified_time":"2019-05-16T02:04:01+00:00","og_image":[{"width":1280,"height":1280,"url":"https:\/\/dev.explora.cl\/tarapaca\/wp-content\/uploads\/sites\/3\/2018\/09\/album_explora_2.jpeg","type":"image\/jpeg"}],"author":"webman","twitter_card":"summary_large_image","twitter_misc":{"Escrito por":"webman","Tiempo estimado de lectura":"3 minutos"},"schema":{"@context":"https:\/\/schema.org","@graph":[{"@type":"Article","@id":"https:\/\/dev.explora.cl\/tarapaca\/un-viaje-por-el-universo-de-los-por-que-llega-al-par-explora-tarapaca\/#article","isPartOf":{"@id":"https:\/\/dev.explora.cl\/tarapaca\/un-viaje-por-el-universo-de-los-por-que-llega-al-par-explora-tarapaca\/"},"author":{"name":"webman","@id":"https:\/\/dev.explora.cl\/tarapaca\/#\/schema\/person\/cb8349c13ea2d324080adf8480d7ba5d"},"headline":"Un Viaje por el Universo de los \u00bfPor Qu\u00e9? llega al PAR Explora Tarapac\u00e1","datePublished":"2018-09-11T21:48:22+00:00","dateModified":"2019-05-16T02:04:01+00:00","mainEntityOfPage":{"@id":"https:\/\/dev.explora.cl\/tarapaca\/un-viaje-por-el-universo-de-los-por-que-llega-al-par-explora-tarapaca\/"},"wordCount":555,"image":{"@id":"https:\/\/dev.explora.cl\/tarapaca\/un-viaje-por-el-universo-de-los-por-que-llega-al-par-explora-tarapaca\/#primaryimage"},"thumbnailUrl":"https:\/\/dev.explora.cl\/tarapaca\/wp-content\/uploads\/sites\/3\/2018\/09\/album_explora_2.jpeg","articleSection":["Noticias"],"inLanguage":"es-CL"},{"@type":"WebPage","@id":"https:\/\/dev.explora.cl\/tarapaca\/un-viaje-por-el-universo-de-los-por-que-llega-al-par-explora-tarapaca\/","url":"https:\/\/dev.explora.cl\/tarapaca\/un-viaje-por-el-universo-de-los-por-que-llega-al-par-explora-tarapaca\/","name":"Un Viaje por el Universo de los \u00bfPor Qu\u00e9? llega al PAR Explora Tarapac\u00e1 - Tarapaca","isPartOf":{"@id":"https:\/\/dev.explora.cl\/tarapaca\/#website"},"primaryImageOfPage":{"@id":"https:\/\/dev.explora.cl\/tarapaca\/un-viaje-por-el-universo-de-los-por-que-llega-al-par-explora-tarapaca\/#primaryimage"},"image":{"@id":"https:\/\/dev.explora.cl\/tarapaca\/un-viaje-por-el-universo-de-los-por-que-llega-al-par-explora-tarapaca\/#primaryimage"},"thumbnailUrl":"https:\/\/dev.explora.cl\/tarapaca\/wp-content\/uploads\/sites\/3\/2018\/09\/album_explora_2.jpeg","datePublished":"2018-09-11T21:48:22+00:00","dateModified":"2019-05-16T02:04:01+00:00","author":{"@id":"https:\/\/dev.explora.cl\/tarapaca\/#\/schema\/person\/cb8349c13ea2d324080adf8480d7ba5d"},"breadcrumb":{"@id":"https:\/\/dev.explora.cl\/tarapaca\/un-viaje-por-el-universo-de-los-por-que-llega-al-par-explora-tarapaca\/#breadcrumb"},"inLanguage":"es-CL","potentialAction":[{"@type":"ReadAction","target":["https:\/\/dev.explora.cl\/tarapaca\/un-viaje-por-el-universo-de-los-por-que-llega-al-par-explora-tarapaca\/"]}]},{"@type":"ImageObject","inLanguage":"es-CL","@id":"https:\/\/dev.explora.cl\/tarapaca\/un-viaje-por-el-universo-de-los-por-que-llega-al-par-explora-tarapaca\/#primaryimage","url":"https:\/\/dev.explora.cl\/tarapaca\/wp-content\/uploads\/sites\/3\/2018\/09\/album_explora_2.jpeg","contentUrl":"https:\/\/dev.explora.cl\/tarapaca\/wp-content\/uploads\/sites\/3\/2018\/09\/album_explora_2.jpeg","width":1280,"height":1280},{"@type":"BreadcrumbList","@id":"https:\/\/dev.explora.cl\/tarapaca\/un-viaje-por-el-universo-de-los-por-que-llega-al-par-explora-tarapaca\/#breadcrumb","itemListElement":[{"@type":"ListItem","position":1,"name":"Portada","item":"https:\/\/dev.explora.cl\/tarapaca\/"},{"@type":"ListItem","position":2,"name":"Un Viaje por el Universo de los \u00bfPor Qu\u00e9? llega al PAR Explora Tarapac\u00e1"}]},{"@type":"WebSite","@id":"https:\/\/dev.explora.cl\/tarapaca\/#website","url":"https:\/\/dev.explora.cl\/tarapaca\/","name":"Tarapaca","description":"Otro sitio m\u00e1s de dev.explora.cl","potentialAction":[{"@type":"SearchAction","target":{"@type":"EntryPoint","urlTemplate":"https:\/\/dev.explora.cl\/tarapaca\/?s={search_term_string}"},"query-input":{"@type":"PropertyValueSpecification","valueRequired":true,"valueName":"search_term_string"}}],"inLanguage":"es-CL"},{"@type":"Person","@id":"https:\/\/dev.explora.cl\/tarapaca\/#\/schema\/person\/cb8349c13ea2d324080adf8480d7ba5d","name":"webman","image":{"@type":"ImageObject","inLanguage":"es-CL","@id":"https:\/\/dev.explora.cl\/tarapaca\/#\/schema\/person\/image\/","url":"https:\/\/secure.gravatar.com\/avatar\/eeff3c82f2c02f7177d13663b7e6f890e9a6a0647ce9bb29cae02dcb094c7312?s=96&d=mm&r=g","contentUrl":"https:\/\/secure.gravatar.com\/avatar\/eeff3c82f2c02f7177d13663b7e6f890e9a6a0647ce9bb29cae02dcb094c7312?s=96&d=mm&r=g","caption":"webman"},"url":"https:\/\/dev.explora.cl\/tarapaca\/author\/webman\/"}]}},"_links":{"self":[{"href":"https:\/\/dev.explora.cl\/tarapaca\/wp-json\/wp\/v2\/posts\/36590","targetHints":{"allow":["GET"]}}],"collection":[{"href":"https:\/\/dev.explora.cl\/tarapaca\/wp-json\/wp\/v2\/posts"}],"about":[{"href":"https:\/\/dev.explora.cl\/tarapaca\/wp-json\/wp\/v2\/types\/post"}],"author":[{"embeddable":true,"href":"https:\/\/dev.explora.cl\/tarapaca\/wp-json\/wp\/v2\/users\/2"}],"replies":[{"embeddable":true,"href":"https:\/\/dev.explora.cl\/tarapaca\/wp-json\/wp\/v2\/comments?post=36590"}],"version-history":[{"count":1,"href":"https:\/\/dev.explora.cl\/tarapaca\/wp-json\/wp\/v2\/posts\/36590\/revisions"}],"predecessor-version":[{"id":38047,"href":"https:\/\/dev.explora.cl\/tarapaca\/wp-json\/wp\/v2\/posts\/36590\/revisions\/38047"}],"wp:featuredmedia":[{"embeddable":true,"href":"https:\/\/dev.explora.cl\/tarapaca\/wp-json\/wp\/v2\/media\/37278"}],"wp:attachment":[{"href":"https:\/\/dev.explora.cl\/tarapaca\/wp-json\/wp\/v2\/media?parent=36590"}],"wp:term":[{"taxonomy":"category","embeddable":true,"href":"https:\/\/dev.explora.cl\/tarapaca\/wp-json\/wp\/v2\/categories?post=36590"},{"taxonomy":"post_tag","embeddable":true,"href":"https:\/\/dev.explora.cl\/tarapaca\/wp-json\/wp\/v2\/tags?post=36590"}],"curies":[{"name":"wp","href":"https:\/\/api.w.org\/{rel}","templated":true}]}}