{"id":35230,"date":"2018-08-13T15:08:15","date_gmt":"2018-08-13T19:08:15","guid":{"rendered":"https:\/\/dev.explora.cl\/blog\/2018\/08\/13\/explora-invita-a-establecimientos-educacionales-para-inscribirse-en-encuentro-intercultural-de-ciencia-y-tecnologia-de-colchane\/"},"modified":"2019-05-16T02:04:01","modified_gmt":"2019-05-16T02:04:01","slug":"explora-invita-a-establecimientos-educacionales-para-inscribirse-en-encuentro-intercultural-de-ciencia-y-tecnologia-de-colchane","status":"publish","type":"post","link":"https:\/\/dev.explora.cl\/tarapaca\/explora-invita-a-establecimientos-educacionales-para-inscribirse-en-encuentro-intercultural-de-ciencia-y-tecnologia-de-colchane\/","title":{"rendered":"Explora invita a establecimientos educacionales para inscribirse en Encuentro Intercultural de Ciencia y Tecnolog\u00eda de Colchane"},"content":{"rendered":"<p><strong><em>*Inscripciones son hasta el 20 de Agosto y hay pocos cupos para los interesados.<\/em><\/strong><\/p>\n<p style=\"text-align: justify\"><img loading=\"lazy\" decoding=\"async\" class=\" alignleft size-full wp-image-35229\" style=\"float: left\" src=\"https:\/\/dev.explora.cl\/wp-content\/uploads\/2018\/08\/encuentro_colchane.jpg\" alt=\"encuentro colchane\" width=\"367\" height=\"367\" \/><\/p>\n<p>El PAR Explora de Conicyt Tarapac\u00e1, proyecto ejecutado por la Corporaci\u00f3n de Desarrollo de Tarapac\u00e1, realiza un nuevo llamado a los establecimientos educacionales de la regi\u00f3n para participar del Segundo Encuentro Intercultural de Ciencia y Tecnolog\u00eda que se realizar\u00e1 en la comuna de Colchane, el 3 y 4 de Septiembre.<br \/>\nEste encuentro intercultural que contempla la participaci\u00f3n de comunas urbanas y rurales de Tarapac\u00e1, para las cuales hay ciertos cupos, ser\u00e1 un encuentro que tiene como eje principal la interculturalidad, pero que adem\u00e1s ser\u00e1 internacional, ya que incluir\u00e1 la participaci\u00f3n de la Escuela de Pisiga Bolivar de Bolivia y establecimientos educacionales de Argentina, Per\u00fa y Ecuador. El evento es un trabajo conjunto con la Municipalidad de Colchane y la Seremi de Educaci\u00f3n que busca de acercar tem\u00e1ticas cient\u00edficas a ni\u00f1os y ni\u00f1as y potenciar la propia curiosidad de los estudiantes.<br \/>\nPara la Directora del Par Explora de Conicyt Tarapac\u00e1, Valeska Zepeda \u201ceste es un espacio de encuentro muy enriquecedor para los estudiantes, quienes se acercar\u00e1n a la ciencia en Colchane, pero al mismo tiempo tendr\u00e1n la posibilidad de compartir experiencias con ni\u00f1os de otros pa\u00edses que est\u00e9n desarrollando algunas iniciativas en ciencias. Este es un trabajo conjunto con la Seremi de Educaci\u00f3n, CONADI, Municipalidad de Colchane y el profesor Mauricio Gonz\u00e1lez, quienes respaldan y creen en esta iniciativa de interculturalidad y ciencias\u201d.<\/p>\n<p style=\"text-align: justify\"><strong>Para la inscripci\u00f3n<\/strong><\/p>\n<p>Los establecimientos educacionales de ense\u00f1anza b\u00e1sica y media que est\u00e9n interesados en la regi\u00f3n tendr\u00e1n la posibilidad de inscribirse hasta el 20 de agosto y los cupos est\u00e1n determinados para dos establecimientos de Iquique, dos establecimientos de Alto Hospicio y cuatro establecimientos educacionales de comunas rurales. Por establecimiento podr\u00e1n participar llenando un \u201cformulario de inscripci\u00f3n\u201d existente en dev.explora.cl\/tarapaca, que integre a grupos de cuatro estudiantes m\u00e1s un profesor asesor que deber\u00e1n presentar una \u201cactividad a realizar\u201d para el encuentro. Y para mayor informaci\u00f3n pueden contactar a Paula Escobar Mar\u00edn, Coordinadora Acciones de Divulgaci\u00f3n PAR Explora Tarapac\u00e1, al tel\u00e9fono: 995323538 o a su correo electr\u00f3nico <a href=\"mailto:paula.escobar.explora@corporaciontarapaca.cl\">paula.escobar.explora@corporaciontarapaca.cl<\/a><\/p>\n","protected":false},"excerpt":{"rendered":"<p>*Inscripciones son hasta el 20 de Agosto y hay pocos cupos para los interesados. El PAR Explora de Conicyt Tarapac\u00e1, proyecto ejecutado por la Corporaci\u00f3n de Desarrollo de Tarapac\u00e1, realiza un nuevo llamado a los establecimientos educacionales de la regi\u00f3n para participar del Segundo Encuentro Intercultural de Ciencia y Tecnolog\u00eda que se realizar\u00e1 en la [&hellip;]<\/p>\n","protected":false},"author":2,"featured_media":37287,"comment_status":"closed","ping_status":"open","sticky":false,"template":"","format":"standard","meta":{"_acf_changed":false,"_exactmetrics_skip_tracking":false,"_exactmetrics_sitenote_active":false,"_exactmetrics_sitenote_note":"","_exactmetrics_sitenote_category":0,"footnotes":"","_links_to":"","_links_to_target":""},"categories":[4],"tags":[],"class_list":["post-35230","post","type-post","status-publish","format-standard","has-post-thumbnail","hentry","category-noticias"],"acf":[],"yoast_head":"<!-- This site is optimized with the Yoast SEO plugin v26.7 - https:\/\/yoast.com\/wordpress\/plugins\/seo\/ -->\n<title>Explora invita a establecimientos educacionales para inscribirse en Encuentro Intercultural de Ciencia y Tecnolog\u00eda de Colchane - Tarapaca<\/title>\n<meta name=\"robots\" content=\"index, follow, max-snippet:-1, max-image-preview:large, max-video-preview:-1\" \/>\n<link rel=\"canonical\" href=\"https:\/\/dev.explora.cl\/tarapaca\/explora-invita-a-establecimientos-educacionales-para-inscribirse-en-encuentro-intercultural-de-ciencia-y-tecnologia-de-colchane\/\" class=\"yoast-seo-meta-tag\" \/>\n<meta property=\"og:locale\" content=\"es_ES\" class=\"yoast-seo-meta-tag\" \/>\n<meta property=\"og:type\" content=\"article\" class=\"yoast-seo-meta-tag\" \/>\n<meta property=\"og:title\" content=\"Explora invita a establecimientos educacionales para inscribirse en Encuentro Intercultural de Ciencia y Tecnolog\u00eda de Colchane - Tarapaca\" class=\"yoast-seo-meta-tag\" \/>\n<meta property=\"og:description\" content=\"*Inscripciones son hasta el 20 de Agosto y hay pocos cupos para los interesados. El PAR Explora de Conicyt Tarapac\u00e1, proyecto ejecutado por la Corporaci\u00f3n de Desarrollo de Tarapac\u00e1, realiza un nuevo llamado a los establecimientos educacionales de la regi\u00f3n para participar del Segundo Encuentro Intercultural de Ciencia y Tecnolog\u00eda que se realizar\u00e1 en la [&hellip;]\" class=\"yoast-seo-meta-tag\" \/>\n<meta property=\"og:url\" content=\"https:\/\/dev.explora.cl\/tarapaca\/explora-invita-a-establecimientos-educacionales-para-inscribirse-en-encuentro-intercultural-de-ciencia-y-tecnologia-de-colchane\/\" class=\"yoast-seo-meta-tag\" \/>\n<meta property=\"og:site_name\" content=\"Tarapaca\" class=\"yoast-seo-meta-tag\" \/>\n<meta property=\"article:published_time\" content=\"2018-08-13T19:08:15+00:00\" class=\"yoast-seo-meta-tag\" \/>\n<meta property=\"article:modified_time\" content=\"2019-05-16T02:04:01+00:00\" class=\"yoast-seo-meta-tag\" \/>\n<meta property=\"og:image\" content=\"https:\/\/dev.explora.cl\/tarapaca\/wp-content\/uploads\/sites\/3\/2018\/08\/encuentro_colchane.jpg\" class=\"yoast-seo-meta-tag\" \/>\n\t<meta property=\"og:image:width\" content=\"1080\" class=\"yoast-seo-meta-tag\" \/>\n\t<meta property=\"og:image:height\" content=\"1080\" class=\"yoast-seo-meta-tag\" \/>\n\t<meta property=\"og:image:type\" content=\"image\/jpeg\" class=\"yoast-seo-meta-tag\" \/>\n<meta name=\"author\" content=\"webman\" class=\"yoast-seo-meta-tag\" \/>\n<meta name=\"twitter:card\" content=\"summary_large_image\" class=\"yoast-seo-meta-tag\" \/>\n<meta name=\"twitter:label1\" content=\"Escrito por\" class=\"yoast-seo-meta-tag\" \/>\n\t<meta name=\"twitter:data1\" content=\"webman\" class=\"yoast-seo-meta-tag\" \/>\n\t<meta name=\"twitter:label2\" content=\"Tiempo estimado de lectura\" class=\"yoast-seo-meta-tag\" \/>\n\t<meta name=\"twitter:data2\" content=\"2 minutos\" class=\"yoast-seo-meta-tag\" \/>\n<script type=\"application\/ld+json\" class=\"yoast-schema-graph\">{\"@context\":\"https:\/\/schema.org\",\"@graph\":[{\"@type\":\"Article\",\"@id\":\"https:\/\/dev.explora.cl\/tarapaca\/explora-invita-a-establecimientos-educacionales-para-inscribirse-en-encuentro-intercultural-de-ciencia-y-tecnologia-de-colchane\/#article\",\"isPartOf\":{\"@id\":\"https:\/\/dev.explora.cl\/tarapaca\/explora-invita-a-establecimientos-educacionales-para-inscribirse-en-encuentro-intercultural-de-ciencia-y-tecnologia-de-colchane\/\"},\"author\":{\"name\":\"webman\",\"@id\":\"https:\/\/dev.explora.cl\/tarapaca\/#\/schema\/person\/cb8349c13ea2d324080adf8480d7ba5d\"},\"headline\":\"Explora invita a establecimientos educacionales para inscribirse en Encuentro Intercultural de Ciencia y Tecnolog\u00eda de Colchane\",\"datePublished\":\"2018-08-13T19:08:15+00:00\",\"dateModified\":\"2019-05-16T02:04:01+00:00\",\"mainEntityOfPage\":{\"@id\":\"https:\/\/dev.explora.cl\/tarapaca\/explora-invita-a-establecimientos-educacionales-para-inscribirse-en-encuentro-intercultural-de-ciencia-y-tecnologia-de-colchane\/\"},\"wordCount\":397,\"image\":{\"@id\":\"https:\/\/dev.explora.cl\/tarapaca\/explora-invita-a-establecimientos-educacionales-para-inscribirse-en-encuentro-intercultural-de-ciencia-y-tecnologia-de-colchane\/#primaryimage\"},\"thumbnailUrl\":\"https:\/\/dev.explora.cl\/tarapaca\/wp-content\/uploads\/sites\/3\/2018\/08\/encuentro_colchane.jpg\",\"articleSection\":[\"Noticias\"],\"inLanguage\":\"es-CL\"},{\"@type\":\"WebPage\",\"@id\":\"https:\/\/dev.explora.cl\/tarapaca\/explora-invita-a-establecimientos-educacionales-para-inscribirse-en-encuentro-intercultural-de-ciencia-y-tecnologia-de-colchane\/\",\"url\":\"https:\/\/dev.explora.cl\/tarapaca\/explora-invita-a-establecimientos-educacionales-para-inscribirse-en-encuentro-intercultural-de-ciencia-y-tecnologia-de-colchane\/\",\"name\":\"Explora invita a establecimientos educacionales para inscribirse en Encuentro Intercultural de Ciencia y Tecnolog\u00eda de Colchane - Tarapaca\",\"isPartOf\":{\"@id\":\"https:\/\/dev.explora.cl\/tarapaca\/#website\"},\"primaryImageOfPage\":{\"@id\":\"https:\/\/dev.explora.cl\/tarapaca\/explora-invita-a-establecimientos-educacionales-para-inscribirse-en-encuentro-intercultural-de-ciencia-y-tecnologia-de-colchane\/#primaryimage\"},\"image\":{\"@id\":\"https:\/\/dev.explora.cl\/tarapaca\/explora-invita-a-establecimientos-educacionales-para-inscribirse-en-encuentro-intercultural-de-ciencia-y-tecnologia-de-colchane\/#primaryimage\"},\"thumbnailUrl\":\"https:\/\/dev.explora.cl\/tarapaca\/wp-content\/uploads\/sites\/3\/2018\/08\/encuentro_colchane.jpg\",\"datePublished\":\"2018-08-13T19:08:15+00:00\",\"dateModified\":\"2019-05-16T02:04:01+00:00\",\"author\":{\"@id\":\"https:\/\/dev.explora.cl\/tarapaca\/#\/schema\/person\/cb8349c13ea2d324080adf8480d7ba5d\"},\"breadcrumb\":{\"@id\":\"https:\/\/dev.explora.cl\/tarapaca\/explora-invita-a-establecimientos-educacionales-para-inscribirse-en-encuentro-intercultural-de-ciencia-y-tecnologia-de-colchane\/#breadcrumb\"},\"inLanguage\":\"es-CL\",\"potentialAction\":[{\"@type\":\"ReadAction\",\"target\":[\"https:\/\/dev.explora.cl\/tarapaca\/explora-invita-a-establecimientos-educacionales-para-inscribirse-en-encuentro-intercultural-de-ciencia-y-tecnologia-de-colchane\/\"]}]},{\"@type\":\"ImageObject\",\"inLanguage\":\"es-CL\",\"@id\":\"https:\/\/dev.explora.cl\/tarapaca\/explora-invita-a-establecimientos-educacionales-para-inscribirse-en-encuentro-intercultural-de-ciencia-y-tecnologia-de-colchane\/#primaryimage\",\"url\":\"https:\/\/dev.explora.cl\/tarapaca\/wp-content\/uploads\/sites\/3\/2018\/08\/encuentro_colchane.jpg\",\"contentUrl\":\"https:\/\/dev.explora.cl\/tarapaca\/wp-content\/uploads\/sites\/3\/2018\/08\/encuentro_colchane.jpg\",\"width\":1080,\"height\":1080},{\"@type\":\"BreadcrumbList\",\"@id\":\"https:\/\/dev.explora.cl\/tarapaca\/explora-invita-a-establecimientos-educacionales-para-inscribirse-en-encuentro-intercultural-de-ciencia-y-tecnologia-de-colchane\/#breadcrumb\",\"itemListElement\":[{\"@type\":\"ListItem\",\"position\":1,\"name\":\"Portada\",\"item\":\"https:\/\/dev.explora.cl\/tarapaca\/\"},{\"@type\":\"ListItem\",\"position\":2,\"name\":\"Explora invita a establecimientos educacionales para inscribirse en Encuentro Intercultural de Ciencia y Tecnolog\u00eda de Colchane\"}]},{\"@type\":\"WebSite\",\"@id\":\"https:\/\/dev.explora.cl\/tarapaca\/#website\",\"url\":\"https:\/\/dev.explora.cl\/tarapaca\/\",\"name\":\"Tarapaca\",\"description\":\"Otro sitio m\u00e1s de dev.explora.cl\",\"potentialAction\":[{\"@type\":\"SearchAction\",\"target\":{\"@type\":\"EntryPoint\",\"urlTemplate\":\"https:\/\/dev.explora.cl\/tarapaca\/?s={search_term_string}\"},\"query-input\":{\"@type\":\"PropertyValueSpecification\",\"valueRequired\":true,\"valueName\":\"search_term_string\"}}],\"inLanguage\":\"es-CL\"},{\"@type\":\"Person\",\"@id\":\"https:\/\/dev.explora.cl\/tarapaca\/#\/schema\/person\/cb8349c13ea2d324080adf8480d7ba5d\",\"name\":\"webman\",\"image\":{\"@type\":\"ImageObject\",\"inLanguage\":\"es-CL\",\"@id\":\"https:\/\/dev.explora.cl\/tarapaca\/#\/schema\/person\/image\/\",\"url\":\"https:\/\/secure.gravatar.com\/avatar\/eeff3c82f2c02f7177d13663b7e6f890e9a6a0647ce9bb29cae02dcb094c7312?s=96&d=mm&r=g\",\"contentUrl\":\"https:\/\/secure.gravatar.com\/avatar\/eeff3c82f2c02f7177d13663b7e6f890e9a6a0647ce9bb29cae02dcb094c7312?s=96&d=mm&r=g\",\"caption\":\"webman\"},\"url\":\"https:\/\/dev.explora.cl\/tarapaca\/author\/webman\/\"}]}<\/script>\n<!-- \/ Yoast SEO plugin. -->","yoast_head_json":{"title":"Explora invita a establecimientos educacionales para inscribirse en Encuentro Intercultural de Ciencia y Tecnolog\u00eda de Colchane - Tarapaca","robots":{"index":"index","follow":"follow","max-snippet":"max-snippet:-1","max-image-preview":"max-image-preview:large","max-video-preview":"max-video-preview:-1"},"canonical":"https:\/\/dev.explora.cl\/tarapaca\/explora-invita-a-establecimientos-educacionales-para-inscribirse-en-encuentro-intercultural-de-ciencia-y-tecnologia-de-colchane\/","og_locale":"es_ES","og_type":"article","og_title":"Explora invita a establecimientos educacionales para inscribirse en Encuentro Intercultural de Ciencia y Tecnolog\u00eda de Colchane - Tarapaca","og_description":"*Inscripciones son hasta el 20 de Agosto y hay pocos cupos para los interesados. El PAR Explora de Conicyt Tarapac\u00e1, proyecto ejecutado por la Corporaci\u00f3n de Desarrollo de Tarapac\u00e1, realiza un nuevo llamado a los establecimientos educacionales de la regi\u00f3n para participar del Segundo Encuentro Intercultural de Ciencia y Tecnolog\u00eda que se realizar\u00e1 en la [&hellip;]","og_url":"https:\/\/dev.explora.cl\/tarapaca\/explora-invita-a-establecimientos-educacionales-para-inscribirse-en-encuentro-intercultural-de-ciencia-y-tecnologia-de-colchane\/","og_site_name":"Tarapaca","article_published_time":"2018-08-13T19:08:15+00:00","article_modified_time":"2019-05-16T02:04:01+00:00","og_image":[{"width":1080,"height":1080,"url":"https:\/\/dev.explora.cl\/tarapaca\/wp-content\/uploads\/sites\/3\/2018\/08\/encuentro_colchane.jpg","type":"image\/jpeg"}],"author":"webman","twitter_card":"summary_large_image","twitter_misc":{"Escrito por":"webman","Tiempo estimado de lectura":"2 minutos"},"schema":{"@context":"https:\/\/schema.org","@graph":[{"@type":"Article","@id":"https:\/\/dev.explora.cl\/tarapaca\/explora-invita-a-establecimientos-educacionales-para-inscribirse-en-encuentro-intercultural-de-ciencia-y-tecnologia-de-colchane\/#article","isPartOf":{"@id":"https:\/\/dev.explora.cl\/tarapaca\/explora-invita-a-establecimientos-educacionales-para-inscribirse-en-encuentro-intercultural-de-ciencia-y-tecnologia-de-colchane\/"},"author":{"name":"webman","@id":"https:\/\/dev.explora.cl\/tarapaca\/#\/schema\/person\/cb8349c13ea2d324080adf8480d7ba5d"},"headline":"Explora invita a establecimientos educacionales para inscribirse en Encuentro Intercultural de Ciencia y Tecnolog\u00eda de Colchane","datePublished":"2018-08-13T19:08:15+00:00","dateModified":"2019-05-16T02:04:01+00:00","mainEntityOfPage":{"@id":"https:\/\/dev.explora.cl\/tarapaca\/explora-invita-a-establecimientos-educacionales-para-inscribirse-en-encuentro-intercultural-de-ciencia-y-tecnologia-de-colchane\/"},"wordCount":397,"image":{"@id":"https:\/\/dev.explora.cl\/tarapaca\/explora-invita-a-establecimientos-educacionales-para-inscribirse-en-encuentro-intercultural-de-ciencia-y-tecnologia-de-colchane\/#primaryimage"},"thumbnailUrl":"https:\/\/dev.explora.cl\/tarapaca\/wp-content\/uploads\/sites\/3\/2018\/08\/encuentro_colchane.jpg","articleSection":["Noticias"],"inLanguage":"es-CL"},{"@type":"WebPage","@id":"https:\/\/dev.explora.cl\/tarapaca\/explora-invita-a-establecimientos-educacionales-para-inscribirse-en-encuentro-intercultural-de-ciencia-y-tecnologia-de-colchane\/","url":"https:\/\/dev.explora.cl\/tarapaca\/explora-invita-a-establecimientos-educacionales-para-inscribirse-en-encuentro-intercultural-de-ciencia-y-tecnologia-de-colchane\/","name":"Explora invita a establecimientos educacionales para inscribirse en Encuentro Intercultural de Ciencia y Tecnolog\u00eda de Colchane - Tarapaca","isPartOf":{"@id":"https:\/\/dev.explora.cl\/tarapaca\/#website"},"primaryImageOfPage":{"@id":"https:\/\/dev.explora.cl\/tarapaca\/explora-invita-a-establecimientos-educacionales-para-inscribirse-en-encuentro-intercultural-de-ciencia-y-tecnologia-de-colchane\/#primaryimage"},"image":{"@id":"https:\/\/dev.explora.cl\/tarapaca\/explora-invita-a-establecimientos-educacionales-para-inscribirse-en-encuentro-intercultural-de-ciencia-y-tecnologia-de-colchane\/#primaryimage"},"thumbnailUrl":"https:\/\/dev.explora.cl\/tarapaca\/wp-content\/uploads\/sites\/3\/2018\/08\/encuentro_colchane.jpg","datePublished":"2018-08-13T19:08:15+00:00","dateModified":"2019-05-16T02:04:01+00:00","author":{"@id":"https:\/\/dev.explora.cl\/tarapaca\/#\/schema\/person\/cb8349c13ea2d324080adf8480d7ba5d"},"breadcrumb":{"@id":"https:\/\/dev.explora.cl\/tarapaca\/explora-invita-a-establecimientos-educacionales-para-inscribirse-en-encuentro-intercultural-de-ciencia-y-tecnologia-de-colchane\/#breadcrumb"},"inLanguage":"es-CL","potentialAction":[{"@type":"ReadAction","target":["https:\/\/dev.explora.cl\/tarapaca\/explora-invita-a-establecimientos-educacionales-para-inscribirse-en-encuentro-intercultural-de-ciencia-y-tecnologia-de-colchane\/"]}]},{"@type":"ImageObject","inLanguage":"es-CL","@id":"https:\/\/dev.explora.cl\/tarapaca\/explora-invita-a-establecimientos-educacionales-para-inscribirse-en-encuentro-intercultural-de-ciencia-y-tecnologia-de-colchane\/#primaryimage","url":"https:\/\/dev.explora.cl\/tarapaca\/wp-content\/uploads\/sites\/3\/2018\/08\/encuentro_colchane.jpg","contentUrl":"https:\/\/dev.explora.cl\/tarapaca\/wp-content\/uploads\/sites\/3\/2018\/08\/encuentro_colchane.jpg","width":1080,"height":1080},{"@type":"BreadcrumbList","@id":"https:\/\/dev.explora.cl\/tarapaca\/explora-invita-a-establecimientos-educacionales-para-inscribirse-en-encuentro-intercultural-de-ciencia-y-tecnologia-de-colchane\/#breadcrumb","itemListElement":[{"@type":"ListItem","position":1,"name":"Portada","item":"https:\/\/dev.explora.cl\/tarapaca\/"},{"@type":"ListItem","position":2,"name":"Explora invita a establecimientos educacionales para inscribirse en Encuentro Intercultural de Ciencia y Tecnolog\u00eda de Colchane"}]},{"@type":"WebSite","@id":"https:\/\/dev.explora.cl\/tarapaca\/#website","url":"https:\/\/dev.explora.cl\/tarapaca\/","name":"Tarapaca","description":"Otro sitio m\u00e1s de dev.explora.cl","potentialAction":[{"@type":"SearchAction","target":{"@type":"EntryPoint","urlTemplate":"https:\/\/dev.explora.cl\/tarapaca\/?s={search_term_string}"},"query-input":{"@type":"PropertyValueSpecification","valueRequired":true,"valueName":"search_term_string"}}],"inLanguage":"es-CL"},{"@type":"Person","@id":"https:\/\/dev.explora.cl\/tarapaca\/#\/schema\/person\/cb8349c13ea2d324080adf8480d7ba5d","name":"webman","image":{"@type":"ImageObject","inLanguage":"es-CL","@id":"https:\/\/dev.explora.cl\/tarapaca\/#\/schema\/person\/image\/","url":"https:\/\/secure.gravatar.com\/avatar\/eeff3c82f2c02f7177d13663b7e6f890e9a6a0647ce9bb29cae02dcb094c7312?s=96&d=mm&r=g","contentUrl":"https:\/\/secure.gravatar.com\/avatar\/eeff3c82f2c02f7177d13663b7e6f890e9a6a0647ce9bb29cae02dcb094c7312?s=96&d=mm&r=g","caption":"webman"},"url":"https:\/\/dev.explora.cl\/tarapaca\/author\/webman\/"}]}},"_links":{"self":[{"href":"https:\/\/dev.explora.cl\/tarapaca\/wp-json\/wp\/v2\/posts\/35230","targetHints":{"allow":["GET"]}}],"collection":[{"href":"https:\/\/dev.explora.cl\/tarapaca\/wp-json\/wp\/v2\/posts"}],"about":[{"href":"https:\/\/dev.explora.cl\/tarapaca\/wp-json\/wp\/v2\/types\/post"}],"author":[{"embeddable":true,"href":"https:\/\/dev.explora.cl\/tarapaca\/wp-json\/wp\/v2\/users\/2"}],"replies":[{"embeddable":true,"href":"https:\/\/dev.explora.cl\/tarapaca\/wp-json\/wp\/v2\/comments?post=35230"}],"version-history":[{"count":1,"href":"https:\/\/dev.explora.cl\/tarapaca\/wp-json\/wp\/v2\/posts\/35230\/revisions"}],"predecessor-version":[{"id":38050,"href":"https:\/\/dev.explora.cl\/tarapaca\/wp-json\/wp\/v2\/posts\/35230\/revisions\/38050"}],"wp:featuredmedia":[{"embeddable":true,"href":"https:\/\/dev.explora.cl\/tarapaca\/wp-json\/wp\/v2\/media\/37287"}],"wp:attachment":[{"href":"https:\/\/dev.explora.cl\/tarapaca\/wp-json\/wp\/v2\/media?parent=35230"}],"wp:term":[{"taxonomy":"category","embeddable":true,"href":"https:\/\/dev.explora.cl\/tarapaca\/wp-json\/wp\/v2\/categories?post=35230"},{"taxonomy":"post_tag","embeddable":true,"href":"https:\/\/dev.explora.cl\/tarapaca\/wp-json\/wp\/v2\/tags?post=35230"}],"curies":[{"name":"wp","href":"https:\/\/api.w.org\/{rel}","templated":true}]}}