{"id":35186,"date":"2018-08-09T21:14:12","date_gmt":"2018-08-10T01:14:12","guid":{"rendered":"https:\/\/dev.explora.cl\/blog\/2018\/08\/09\/profesores-del-campamento-de-ciencias-explora-va-2018-se-reunen-para-evaluar-sus-contenidos\/"},"modified":"2019-05-16T02:04:02","modified_gmt":"2019-05-16T02:04:02","slug":"profesores-del-campamento-de-ciencias-explora-va-2018-se-reunen-para-evaluar-sus-contenidos","status":"publish","type":"post","link":"https:\/\/dev.explora.cl\/tarapaca\/profesores-del-campamento-de-ciencias-explora-va-2018-se-reunen-para-evaluar-sus-contenidos\/","title":{"rendered":"Profesores del Campamento de Ciencias \u201cExplora Va!\u201d 2018 se re\u00fanen para evaluar sus contenidos"},"content":{"rendered":"<p style=\"text-align: justify\"><strong><em>*Participaron 25 profesores del norte grande, que pudieron evaluar el campamento pasado y sugerir propuestas para el 2019.<\/em><\/strong><\/p>\n<p style=\"text-align: justify\"><img loading=\"lazy\" decoding=\"async\" class=\" alignleft size-full wp-image-35185\" style=\"float: left\" src=\"https:\/\/dev.explora.cl\/wp-content\/uploads\/2018\/08\/encuentro_profesores_2.jpg\" alt=\"encuentro profesores 2\" width=\"404\" height=\"269\" \/>Una amena instancia de encuentro y convivencia realiz\u00f3 el programa Explora de Conicyt Tarapac\u00e1, ejecutado por la Corporaci\u00f3n de Desarrollo Tarapac\u00e1, con motivo de evaluar \u201cCampamento de Ciencias para Profes Explora Va!\u201d, realizado en Enero del 2018 en la comuna de Pica.<\/p>\n<p style=\"text-align: justify\">El encuentro desarrollado el pasado 3 de agosto en la Biblioteca Municipal \u201cAlonso de Ercilla\u201d se transform\u00f3 en una jornada de evaluaci\u00f3n de los contenidos y una instancia para compartir que reuni\u00f3 a 25 profesores provenientes de todo el norte grande y que espec\u00edficamente cont\u00f3 con participantes de las regiones de Arica y Parinacota, Tarapac\u00e1 y Antofagasta.<\/p>\n<p style=\"text-align: justify\">La jornada estuvo comprendida por una serie de preguntas que los profesores tuvieron que tuvieron que responder en una encuesta, pero en la misma instancia compartieron sus principales apreciaciones respecto de la ejecuci\u00f3n del programa realizado en el verano pasado.<\/p>\n<p style=\"text-align: justify\">Para la Directora del PAR Explora de Conicyt Tarapac\u00e1, Valeska Zepeda, \u201cestas instancias son enriquecedoras porque permiten encontrarnos con nuestros principales colaboradores: los profesores y profesoras, pero a la vez evaluar la ruta formativa y el programa de actividades desarrollados en Pica y las proyecciones que queremos para el pr\u00f3ximo a\u00f1o\u201d.<\/p>\n<p style=\"text-align: justify\">Adem\u00e1s, el encuentro cont\u00f3 con participaci\u00f3n especial de \u201cIron Man\u201d, quien les transmiti\u00f3 el hombre o mujeres de hierro que deben ser en el desarrollo pedag\u00f3gico, para saludar a los asistentes y dar paso a un reconocimiento l\u00fadico de los participantes denominado \u201cAwards Explora Va!\u201d, el cual llen\u00f3 de simpat\u00eda la instancia formal de evaluaci\u00f3n.<\/p>\n<p style=\"text-align: justify\">Durante estos pr\u00f3ximos meses el equipo de Explora se encontrar\u00e1 desarrollando el \u201cCampamento Explora Va! 2019\u201d para seguir apoyando a los profesores en su trabajo en el aula.<\/p>\n","protected":false},"excerpt":{"rendered":"<p>*Participaron 25 profesores del norte grande, que pudieron evaluar el campamento pasado y sugerir propuestas para el 2019. Una amena instancia de encuentro y convivencia realiz\u00f3 el programa Explora de Conicyt Tarapac\u00e1, ejecutado por la Corporaci\u00f3n de Desarrollo Tarapac\u00e1, con motivo de evaluar \u201cCampamento de Ciencias para Profes Explora Va!\u201d, realizado en Enero del 2018 [&hellip;]<\/p>\n","protected":false},"author":2,"featured_media":37326,"comment_status":"closed","ping_status":"open","sticky":false,"template":"","format":"standard","meta":{"_acf_changed":false,"_exactmetrics_skip_tracking":false,"_exactmetrics_sitenote_active":false,"_exactmetrics_sitenote_note":"","_exactmetrics_sitenote_category":0,"footnotes":"","_links_to":"","_links_to_target":""},"categories":[4],"tags":[],"class_list":["post-35186","post","type-post","status-publish","format-standard","has-post-thumbnail","hentry","category-noticias"],"acf":[],"yoast_head":"<!-- This site is optimized with the Yoast SEO plugin v26.7 - https:\/\/yoast.com\/wordpress\/plugins\/seo\/ -->\n<title>Profesores del Campamento de Ciencias \u201cExplora Va!\u201d 2018 se re\u00fanen para evaluar sus contenidos - Tarapaca<\/title>\n<meta name=\"robots\" content=\"index, follow, max-snippet:-1, max-image-preview:large, max-video-preview:-1\" \/>\n<link rel=\"canonical\" href=\"https:\/\/dev.explora.cl\/tarapaca\/profesores-del-campamento-de-ciencias-explora-va-2018-se-reunen-para-evaluar-sus-contenidos\/\" class=\"yoast-seo-meta-tag\" \/>\n<meta property=\"og:locale\" content=\"es_ES\" class=\"yoast-seo-meta-tag\" \/>\n<meta property=\"og:type\" content=\"article\" class=\"yoast-seo-meta-tag\" \/>\n<meta property=\"og:title\" content=\"Profesores del Campamento de Ciencias \u201cExplora Va!\u201d 2018 se re\u00fanen para evaluar sus contenidos - Tarapaca\" class=\"yoast-seo-meta-tag\" \/>\n<meta property=\"og:description\" content=\"*Participaron 25 profesores del norte grande, que pudieron evaluar el campamento pasado y sugerir propuestas para el 2019. Una amena instancia de encuentro y convivencia realiz\u00f3 el programa Explora de Conicyt Tarapac\u00e1, ejecutado por la Corporaci\u00f3n de Desarrollo Tarapac\u00e1, con motivo de evaluar \u201cCampamento de Ciencias para Profes Explora Va!\u201d, realizado en Enero del 2018 [&hellip;]\" class=\"yoast-seo-meta-tag\" \/>\n<meta property=\"og:url\" content=\"https:\/\/dev.explora.cl\/tarapaca\/profesores-del-campamento-de-ciencias-explora-va-2018-se-reunen-para-evaluar-sus-contenidos\/\" class=\"yoast-seo-meta-tag\" \/>\n<meta property=\"og:site_name\" content=\"Tarapaca\" class=\"yoast-seo-meta-tag\" \/>\n<meta property=\"article:published_time\" content=\"2018-08-10T01:14:12+00:00\" class=\"yoast-seo-meta-tag\" \/>\n<meta property=\"article:modified_time\" content=\"2019-05-16T02:04:02+00:00\" class=\"yoast-seo-meta-tag\" \/>\n<meta property=\"og:image\" content=\"https:\/\/dev.explora.cl\/tarapaca\/wp-content\/uploads\/sites\/3\/2018\/08\/encuentro_profesores_2-1.jpg\" class=\"yoast-seo-meta-tag\" \/>\n\t<meta property=\"og:image:width\" content=\"1936\" class=\"yoast-seo-meta-tag\" \/>\n\t<meta property=\"og:image:height\" content=\"1296\" class=\"yoast-seo-meta-tag\" \/>\n\t<meta property=\"og:image:type\" content=\"image\/jpeg\" class=\"yoast-seo-meta-tag\" \/>\n<meta name=\"author\" content=\"webman\" class=\"yoast-seo-meta-tag\" \/>\n<meta name=\"twitter:card\" content=\"summary_large_image\" class=\"yoast-seo-meta-tag\" \/>\n<meta name=\"twitter:label1\" content=\"Escrito por\" class=\"yoast-seo-meta-tag\" \/>\n\t<meta name=\"twitter:data1\" content=\"webman\" class=\"yoast-seo-meta-tag\" \/>\n\t<meta name=\"twitter:label2\" content=\"Tiempo estimado de lectura\" class=\"yoast-seo-meta-tag\" \/>\n\t<meta name=\"twitter:data2\" content=\"1 minuto\" class=\"yoast-seo-meta-tag\" \/>\n<script type=\"application\/ld+json\" class=\"yoast-schema-graph\">{\"@context\":\"https:\/\/schema.org\",\"@graph\":[{\"@type\":\"Article\",\"@id\":\"https:\/\/dev.explora.cl\/tarapaca\/profesores-del-campamento-de-ciencias-explora-va-2018-se-reunen-para-evaluar-sus-contenidos\/#article\",\"isPartOf\":{\"@id\":\"https:\/\/dev.explora.cl\/tarapaca\/profesores-del-campamento-de-ciencias-explora-va-2018-se-reunen-para-evaluar-sus-contenidos\/\"},\"author\":{\"name\":\"webman\",\"@id\":\"https:\/\/dev.explora.cl\/tarapaca\/#\/schema\/person\/cb8349c13ea2d324080adf8480d7ba5d\"},\"headline\":\"Profesores del Campamento de Ciencias \u201cExplora Va!\u201d 2018 se re\u00fanen para evaluar sus contenidos\",\"datePublished\":\"2018-08-10T01:14:12+00:00\",\"dateModified\":\"2019-05-16T02:04:02+00:00\",\"mainEntityOfPage\":{\"@id\":\"https:\/\/dev.explora.cl\/tarapaca\/profesores-del-campamento-de-ciencias-explora-va-2018-se-reunen-para-evaluar-sus-contenidos\/\"},\"wordCount\":312,\"image\":{\"@id\":\"https:\/\/dev.explora.cl\/tarapaca\/profesores-del-campamento-de-ciencias-explora-va-2018-se-reunen-para-evaluar-sus-contenidos\/#primaryimage\"},\"thumbnailUrl\":\"https:\/\/dev.explora.cl\/tarapaca\/wp-content\/uploads\/sites\/3\/2018\/08\/encuentro_profesores_2-1.jpg\",\"articleSection\":[\"Noticias\"],\"inLanguage\":\"es-CL\"},{\"@type\":\"WebPage\",\"@id\":\"https:\/\/dev.explora.cl\/tarapaca\/profesores-del-campamento-de-ciencias-explora-va-2018-se-reunen-para-evaluar-sus-contenidos\/\",\"url\":\"https:\/\/dev.explora.cl\/tarapaca\/profesores-del-campamento-de-ciencias-explora-va-2018-se-reunen-para-evaluar-sus-contenidos\/\",\"name\":\"Profesores del Campamento de Ciencias \u201cExplora Va!\u201d 2018 se re\u00fanen para evaluar sus contenidos - Tarapaca\",\"isPartOf\":{\"@id\":\"https:\/\/dev.explora.cl\/tarapaca\/#website\"},\"primaryImageOfPage\":{\"@id\":\"https:\/\/dev.explora.cl\/tarapaca\/profesores-del-campamento-de-ciencias-explora-va-2018-se-reunen-para-evaluar-sus-contenidos\/#primaryimage\"},\"image\":{\"@id\":\"https:\/\/dev.explora.cl\/tarapaca\/profesores-del-campamento-de-ciencias-explora-va-2018-se-reunen-para-evaluar-sus-contenidos\/#primaryimage\"},\"thumbnailUrl\":\"https:\/\/dev.explora.cl\/tarapaca\/wp-content\/uploads\/sites\/3\/2018\/08\/encuentro_profesores_2-1.jpg\",\"datePublished\":\"2018-08-10T01:14:12+00:00\",\"dateModified\":\"2019-05-16T02:04:02+00:00\",\"author\":{\"@id\":\"https:\/\/dev.explora.cl\/tarapaca\/#\/schema\/person\/cb8349c13ea2d324080adf8480d7ba5d\"},\"breadcrumb\":{\"@id\":\"https:\/\/dev.explora.cl\/tarapaca\/profesores-del-campamento-de-ciencias-explora-va-2018-se-reunen-para-evaluar-sus-contenidos\/#breadcrumb\"},\"inLanguage\":\"es-CL\",\"potentialAction\":[{\"@type\":\"ReadAction\",\"target\":[\"https:\/\/dev.explora.cl\/tarapaca\/profesores-del-campamento-de-ciencias-explora-va-2018-se-reunen-para-evaluar-sus-contenidos\/\"]}]},{\"@type\":\"ImageObject\",\"inLanguage\":\"es-CL\",\"@id\":\"https:\/\/dev.explora.cl\/tarapaca\/profesores-del-campamento-de-ciencias-explora-va-2018-se-reunen-para-evaluar-sus-contenidos\/#primaryimage\",\"url\":\"https:\/\/dev.explora.cl\/tarapaca\/wp-content\/uploads\/sites\/3\/2018\/08\/encuentro_profesores_2-1.jpg\",\"contentUrl\":\"https:\/\/dev.explora.cl\/tarapaca\/wp-content\/uploads\/sites\/3\/2018\/08\/encuentro_profesores_2-1.jpg\",\"width\":1936,\"height\":1296},{\"@type\":\"BreadcrumbList\",\"@id\":\"https:\/\/dev.explora.cl\/tarapaca\/profesores-del-campamento-de-ciencias-explora-va-2018-se-reunen-para-evaluar-sus-contenidos\/#breadcrumb\",\"itemListElement\":[{\"@type\":\"ListItem\",\"position\":1,\"name\":\"Portada\",\"item\":\"https:\/\/dev.explora.cl\/tarapaca\/\"},{\"@type\":\"ListItem\",\"position\":2,\"name\":\"Profesores del Campamento de Ciencias \u201cExplora Va!\u201d 2018 se re\u00fanen para evaluar sus contenidos\"}]},{\"@type\":\"WebSite\",\"@id\":\"https:\/\/dev.explora.cl\/tarapaca\/#website\",\"url\":\"https:\/\/dev.explora.cl\/tarapaca\/\",\"name\":\"Tarapaca\",\"description\":\"Otro sitio m\u00e1s de dev.explora.cl\",\"potentialAction\":[{\"@type\":\"SearchAction\",\"target\":{\"@type\":\"EntryPoint\",\"urlTemplate\":\"https:\/\/dev.explora.cl\/tarapaca\/?s={search_term_string}\"},\"query-input\":{\"@type\":\"PropertyValueSpecification\",\"valueRequired\":true,\"valueName\":\"search_term_string\"}}],\"inLanguage\":\"es-CL\"},{\"@type\":\"Person\",\"@id\":\"https:\/\/dev.explora.cl\/tarapaca\/#\/schema\/person\/cb8349c13ea2d324080adf8480d7ba5d\",\"name\":\"webman\",\"image\":{\"@type\":\"ImageObject\",\"inLanguage\":\"es-CL\",\"@id\":\"https:\/\/dev.explora.cl\/tarapaca\/#\/schema\/person\/image\/\",\"url\":\"https:\/\/secure.gravatar.com\/avatar\/eeff3c82f2c02f7177d13663b7e6f890e9a6a0647ce9bb29cae02dcb094c7312?s=96&d=mm&r=g\",\"contentUrl\":\"https:\/\/secure.gravatar.com\/avatar\/eeff3c82f2c02f7177d13663b7e6f890e9a6a0647ce9bb29cae02dcb094c7312?s=96&d=mm&r=g\",\"caption\":\"webman\"},\"url\":\"https:\/\/dev.explora.cl\/tarapaca\/author\/webman\/\"}]}<\/script>\n<!-- \/ Yoast SEO plugin. -->","yoast_head_json":{"title":"Profesores del Campamento de Ciencias \u201cExplora Va!\u201d 2018 se re\u00fanen para evaluar sus contenidos - Tarapaca","robots":{"index":"index","follow":"follow","max-snippet":"max-snippet:-1","max-image-preview":"max-image-preview:large","max-video-preview":"max-video-preview:-1"},"canonical":"https:\/\/dev.explora.cl\/tarapaca\/profesores-del-campamento-de-ciencias-explora-va-2018-se-reunen-para-evaluar-sus-contenidos\/","og_locale":"es_ES","og_type":"article","og_title":"Profesores del Campamento de Ciencias \u201cExplora Va!\u201d 2018 se re\u00fanen para evaluar sus contenidos - Tarapaca","og_description":"*Participaron 25 profesores del norte grande, que pudieron evaluar el campamento pasado y sugerir propuestas para el 2019. Una amena instancia de encuentro y convivencia realiz\u00f3 el programa Explora de Conicyt Tarapac\u00e1, ejecutado por la Corporaci\u00f3n de Desarrollo Tarapac\u00e1, con motivo de evaluar \u201cCampamento de Ciencias para Profes Explora Va!\u201d, realizado en Enero del 2018 [&hellip;]","og_url":"https:\/\/dev.explora.cl\/tarapaca\/profesores-del-campamento-de-ciencias-explora-va-2018-se-reunen-para-evaluar-sus-contenidos\/","og_site_name":"Tarapaca","article_published_time":"2018-08-10T01:14:12+00:00","article_modified_time":"2019-05-16T02:04:02+00:00","og_image":[{"width":1936,"height":1296,"url":"https:\/\/dev.explora.cl\/tarapaca\/wp-content\/uploads\/sites\/3\/2018\/08\/encuentro_profesores_2-1.jpg","type":"image\/jpeg"}],"author":"webman","twitter_card":"summary_large_image","twitter_misc":{"Escrito por":"webman","Tiempo estimado de lectura":"1 minuto"},"schema":{"@context":"https:\/\/schema.org","@graph":[{"@type":"Article","@id":"https:\/\/dev.explora.cl\/tarapaca\/profesores-del-campamento-de-ciencias-explora-va-2018-se-reunen-para-evaluar-sus-contenidos\/#article","isPartOf":{"@id":"https:\/\/dev.explora.cl\/tarapaca\/profesores-del-campamento-de-ciencias-explora-va-2018-se-reunen-para-evaluar-sus-contenidos\/"},"author":{"name":"webman","@id":"https:\/\/dev.explora.cl\/tarapaca\/#\/schema\/person\/cb8349c13ea2d324080adf8480d7ba5d"},"headline":"Profesores del Campamento de Ciencias \u201cExplora Va!\u201d 2018 se re\u00fanen para evaluar sus contenidos","datePublished":"2018-08-10T01:14:12+00:00","dateModified":"2019-05-16T02:04:02+00:00","mainEntityOfPage":{"@id":"https:\/\/dev.explora.cl\/tarapaca\/profesores-del-campamento-de-ciencias-explora-va-2018-se-reunen-para-evaluar-sus-contenidos\/"},"wordCount":312,"image":{"@id":"https:\/\/dev.explora.cl\/tarapaca\/profesores-del-campamento-de-ciencias-explora-va-2018-se-reunen-para-evaluar-sus-contenidos\/#primaryimage"},"thumbnailUrl":"https:\/\/dev.explora.cl\/tarapaca\/wp-content\/uploads\/sites\/3\/2018\/08\/encuentro_profesores_2-1.jpg","articleSection":["Noticias"],"inLanguage":"es-CL"},{"@type":"WebPage","@id":"https:\/\/dev.explora.cl\/tarapaca\/profesores-del-campamento-de-ciencias-explora-va-2018-se-reunen-para-evaluar-sus-contenidos\/","url":"https:\/\/dev.explora.cl\/tarapaca\/profesores-del-campamento-de-ciencias-explora-va-2018-se-reunen-para-evaluar-sus-contenidos\/","name":"Profesores del Campamento de Ciencias \u201cExplora Va!\u201d 2018 se re\u00fanen para evaluar sus contenidos - Tarapaca","isPartOf":{"@id":"https:\/\/dev.explora.cl\/tarapaca\/#website"},"primaryImageOfPage":{"@id":"https:\/\/dev.explora.cl\/tarapaca\/profesores-del-campamento-de-ciencias-explora-va-2018-se-reunen-para-evaluar-sus-contenidos\/#primaryimage"},"image":{"@id":"https:\/\/dev.explora.cl\/tarapaca\/profesores-del-campamento-de-ciencias-explora-va-2018-se-reunen-para-evaluar-sus-contenidos\/#primaryimage"},"thumbnailUrl":"https:\/\/dev.explora.cl\/tarapaca\/wp-content\/uploads\/sites\/3\/2018\/08\/encuentro_profesores_2-1.jpg","datePublished":"2018-08-10T01:14:12+00:00","dateModified":"2019-05-16T02:04:02+00:00","author":{"@id":"https:\/\/dev.explora.cl\/tarapaca\/#\/schema\/person\/cb8349c13ea2d324080adf8480d7ba5d"},"breadcrumb":{"@id":"https:\/\/dev.explora.cl\/tarapaca\/profesores-del-campamento-de-ciencias-explora-va-2018-se-reunen-para-evaluar-sus-contenidos\/#breadcrumb"},"inLanguage":"es-CL","potentialAction":[{"@type":"ReadAction","target":["https:\/\/dev.explora.cl\/tarapaca\/profesores-del-campamento-de-ciencias-explora-va-2018-se-reunen-para-evaluar-sus-contenidos\/"]}]},{"@type":"ImageObject","inLanguage":"es-CL","@id":"https:\/\/dev.explora.cl\/tarapaca\/profesores-del-campamento-de-ciencias-explora-va-2018-se-reunen-para-evaluar-sus-contenidos\/#primaryimage","url":"https:\/\/dev.explora.cl\/tarapaca\/wp-content\/uploads\/sites\/3\/2018\/08\/encuentro_profesores_2-1.jpg","contentUrl":"https:\/\/dev.explora.cl\/tarapaca\/wp-content\/uploads\/sites\/3\/2018\/08\/encuentro_profesores_2-1.jpg","width":1936,"height":1296},{"@type":"BreadcrumbList","@id":"https:\/\/dev.explora.cl\/tarapaca\/profesores-del-campamento-de-ciencias-explora-va-2018-se-reunen-para-evaluar-sus-contenidos\/#breadcrumb","itemListElement":[{"@type":"ListItem","position":1,"name":"Portada","item":"https:\/\/dev.explora.cl\/tarapaca\/"},{"@type":"ListItem","position":2,"name":"Profesores del Campamento de Ciencias \u201cExplora Va!\u201d 2018 se re\u00fanen para evaluar sus contenidos"}]},{"@type":"WebSite","@id":"https:\/\/dev.explora.cl\/tarapaca\/#website","url":"https:\/\/dev.explora.cl\/tarapaca\/","name":"Tarapaca","description":"Otro sitio m\u00e1s de dev.explora.cl","potentialAction":[{"@type":"SearchAction","target":{"@type":"EntryPoint","urlTemplate":"https:\/\/dev.explora.cl\/tarapaca\/?s={search_term_string}"},"query-input":{"@type":"PropertyValueSpecification","valueRequired":true,"valueName":"search_term_string"}}],"inLanguage":"es-CL"},{"@type":"Person","@id":"https:\/\/dev.explora.cl\/tarapaca\/#\/schema\/person\/cb8349c13ea2d324080adf8480d7ba5d","name":"webman","image":{"@type":"ImageObject","inLanguage":"es-CL","@id":"https:\/\/dev.explora.cl\/tarapaca\/#\/schema\/person\/image\/","url":"https:\/\/secure.gravatar.com\/avatar\/eeff3c82f2c02f7177d13663b7e6f890e9a6a0647ce9bb29cae02dcb094c7312?s=96&d=mm&r=g","contentUrl":"https:\/\/secure.gravatar.com\/avatar\/eeff3c82f2c02f7177d13663b7e6f890e9a6a0647ce9bb29cae02dcb094c7312?s=96&d=mm&r=g","caption":"webman"},"url":"https:\/\/dev.explora.cl\/tarapaca\/author\/webman\/"}]}},"_links":{"self":[{"href":"https:\/\/dev.explora.cl\/tarapaca\/wp-json\/wp\/v2\/posts\/35186","targetHints":{"allow":["GET"]}}],"collection":[{"href":"https:\/\/dev.explora.cl\/tarapaca\/wp-json\/wp\/v2\/posts"}],"about":[{"href":"https:\/\/dev.explora.cl\/tarapaca\/wp-json\/wp\/v2\/types\/post"}],"author":[{"embeddable":true,"href":"https:\/\/dev.explora.cl\/tarapaca\/wp-json\/wp\/v2\/users\/2"}],"replies":[{"embeddable":true,"href":"https:\/\/dev.explora.cl\/tarapaca\/wp-json\/wp\/v2\/comments?post=35186"}],"version-history":[{"count":1,"href":"https:\/\/dev.explora.cl\/tarapaca\/wp-json\/wp\/v2\/posts\/35186\/revisions"}],"predecessor-version":[{"id":38051,"href":"https:\/\/dev.explora.cl\/tarapaca\/wp-json\/wp\/v2\/posts\/35186\/revisions\/38051"}],"wp:featuredmedia":[{"embeddable":true,"href":"https:\/\/dev.explora.cl\/tarapaca\/wp-json\/wp\/v2\/media\/37326"}],"wp:attachment":[{"href":"https:\/\/dev.explora.cl\/tarapaca\/wp-json\/wp\/v2\/media?parent=35186"}],"wp:term":[{"taxonomy":"category","embeddable":true,"href":"https:\/\/dev.explora.cl\/tarapaca\/wp-json\/wp\/v2\/categories?post=35186"},{"taxonomy":"post_tag","embeddable":true,"href":"https:\/\/dev.explora.cl\/tarapaca\/wp-json\/wp\/v2\/tags?post=35186"}],"curies":[{"name":"wp","href":"https:\/\/api.w.org\/{rel}","templated":true}]}}