{"id":32671,"date":"2014-05-19T22:24:27","date_gmt":"2014-05-19T22:24:27","guid":{"rendered":"https:\/\/dev.explora.cl\/tarapaca\/blog\/2014\/05\/19\/plantilla-noticias-regionales-tarapaca-5\/"},"modified":"2019-05-16T02:07:27","modified_gmt":"2019-05-16T02:07:27","slug":"plantilla-noticias-regionales-tarapaca-5","status":"publish","type":"post","link":"https:\/\/dev.explora.cl\/tarapaca\/plantilla-noticias-regionales-tarapaca-5\/","title":{"rendered":"Proyecto Asociativo Regional EXPLORA CONICYT Tarapac\u00e1 participa en mesa de prevenci\u00f3n de alcohol y drogas"},"content":{"rendered":"<table style=\"height: 236px;width: 540px\" border=\"0\">\n<tbody>\n<tr>\n<td valign=\"top\"><img loading=\"lazy\" decoding=\"async\" class=\" size-full wp-image-2292\" src=\"http:\/\/ec2-34-218-253-251.us-west-2.compute.amazonaws.com\/wp-content\/uploads\/2014\/05\/Senda_grande.jpg\" alt=\"Senda grande\" width=\"200\" height=\"132\" \/><\/td>\n<td>\n<p style=\"margin-top: 10px;margin-bottom: 5px;color: #444444;font-family: 'Trebuchet MS', sans-serif;font-size: 12px;line-height: 16px\">Diversas son las actividades en las que participa el Proyecto Asociativo Regional EXPLORA CONICYT Tarapac\u00e1,&nbsp;&nbsp;una de ellas es la Mesa de Prevenci\u00f3n de alcohol y drogas organizado por Senda.<\/p>\n<p style=\"margin-top: 10px;margin-bottom: 5px;color: #444444;font-family: 'Trebuchet MS', sans-serif;font-size: 12px;line-height: 16px\">El objetivo principal de la mesa de trabajo fue establecer una pol\u00edtica comunal de drogas y alcohol, en la cual se sugirieron iniciativas, programas y acciones que abarcan desde la prevenci\u00f3n universal de drogas l\u00edcitas, adem\u00e1s de c\u00f3mo enfrentar el tema.<\/p>\n<\/td>\n<\/tr>\n<tr>\n<td colspan=\"2\">\n<p style=\"margin-top: 10px;margin-bottom: 5px;color: #444444;font-family: 'Trebuchet MS',sans-serif;font-size: 12px;line-height: 16px\">Otro de los puntos abordados fue el aumento de ciertas drogas post terremoto. Horacio Gonz\u00e1lez, coordinador comunal de Senda-Previene manifest\u00f3 que frente al tema \u201cse debe tomar conocimiento y conciencia de lo que ocurre en la regi\u00f3n tras el terremoto\u201d.<\/p>\n<p style=\"margin-top: 10px;margin-bottom: 5px;color: #444444;font-family: 'Trebuchet MS',sans-serif;font-size: 12px;line-height: 16px\">Finalmente se acord\u00f3 seguir con este tipo de reuniones ya que congreg\u00f3 a diversos sectores tales como las polic\u00edas, establecimientos educacionales y servicios p\u00fablicos, los que otorgaron diversas opiniones sobre el tema.<\/p>\n<\/td>\n<\/tr>\n<\/tbody>\n<\/table>\n","protected":false},"excerpt":{"rendered":"<p>Diversas son las actividades en las que participa el Proyecto Asociativo Regional EXPLORA CONICYT Tarapac\u00e1,&nbsp;&nbsp;una de ellas es la Mesa de Prevenci\u00f3n de alcohol y drogas organizado por Senda. El objetivo principal de la mesa de trabajo fue establecer una pol\u00edtica comunal de drogas y alcohol, en la cual se sugirieron iniciativas, programas y acciones [&hellip;]<\/p>\n","protected":false},"author":2,"featured_media":2292,"comment_status":"closed","ping_status":"open","sticky":false,"template":"","format":"standard","meta":{"_acf_changed":false,"_exactmetrics_skip_tracking":false,"_exactmetrics_sitenote_active":false,"_exactmetrics_sitenote_note":"","_exactmetrics_sitenote_category":0,"footnotes":"","_links_to":"","_links_to_target":""},"categories":[4],"tags":[],"class_list":["post-32671","post","type-post","status-publish","format-standard","has-post-thumbnail","hentry","category-noticias"],"acf":[],"yoast_head":"<!-- This site is optimized with the Yoast SEO plugin v26.7 - https:\/\/yoast.com\/wordpress\/plugins\/seo\/ -->\n<title>Proyecto Asociativo Regional EXPLORA CONICYT Tarapac\u00e1 participa en mesa de prevenci\u00f3n de alcohol y drogas - Tarapaca<\/title>\n<meta name=\"robots\" content=\"index, follow, max-snippet:-1, max-image-preview:large, max-video-preview:-1\" \/>\n<link rel=\"canonical\" href=\"https:\/\/dev.explora.cl\/tarapaca\/plantilla-noticias-regionales-tarapaca-5\/\" class=\"yoast-seo-meta-tag\" \/>\n<meta property=\"og:locale\" content=\"es_ES\" class=\"yoast-seo-meta-tag\" \/>\n<meta property=\"og:type\" content=\"article\" class=\"yoast-seo-meta-tag\" \/>\n<meta property=\"og:title\" content=\"Proyecto Asociativo Regional EXPLORA CONICYT Tarapac\u00e1 participa en mesa de prevenci\u00f3n de alcohol y drogas - Tarapaca\" class=\"yoast-seo-meta-tag\" \/>\n<meta property=\"og:description\" content=\"Diversas son las actividades en las que participa el Proyecto Asociativo Regional EXPLORA CONICYT Tarapac\u00e1,&nbsp;&nbsp;una de ellas es la Mesa de Prevenci\u00f3n de alcohol y drogas organizado por Senda. El objetivo principal de la mesa de trabajo fue establecer una pol\u00edtica comunal de drogas y alcohol, en la cual se sugirieron iniciativas, programas y acciones [&hellip;]\" class=\"yoast-seo-meta-tag\" \/>\n<meta property=\"og:url\" content=\"https:\/\/dev.explora.cl\/tarapaca\/plantilla-noticias-regionales-tarapaca-5\/\" class=\"yoast-seo-meta-tag\" \/>\n<meta property=\"og:site_name\" content=\"Tarapaca\" class=\"yoast-seo-meta-tag\" \/>\n<meta property=\"article:published_time\" content=\"2014-05-19T22:24:27+00:00\" class=\"yoast-seo-meta-tag\" \/>\n<meta property=\"article:modified_time\" content=\"2019-05-16T02:07:27+00:00\" class=\"yoast-seo-meta-tag\" \/>\n<meta name=\"author\" content=\"webman\" class=\"yoast-seo-meta-tag\" \/>\n<meta name=\"twitter:card\" content=\"summary_large_image\" class=\"yoast-seo-meta-tag\" \/>\n<meta name=\"twitter:label1\" content=\"Escrito por\" class=\"yoast-seo-meta-tag\" \/>\n\t<meta name=\"twitter:data1\" content=\"webman\" class=\"yoast-seo-meta-tag\" \/>\n\t<meta name=\"twitter:label2\" content=\"Tiempo estimado de lectura\" class=\"yoast-seo-meta-tag\" \/>\n\t<meta name=\"twitter:data2\" content=\"1 minuto\" class=\"yoast-seo-meta-tag\" \/>\n<script type=\"application\/ld+json\" class=\"yoast-schema-graph\">{\"@context\":\"https:\/\/schema.org\",\"@graph\":[{\"@type\":\"Article\",\"@id\":\"https:\/\/dev.explora.cl\/tarapaca\/plantilla-noticias-regionales-tarapaca-5\/#article\",\"isPartOf\":{\"@id\":\"https:\/\/dev.explora.cl\/tarapaca\/plantilla-noticias-regionales-tarapaca-5\/\"},\"author\":{\"name\":\"webman\",\"@id\":\"https:\/\/dev.explora.cl\/tarapaca\/#\/schema\/person\/cb8349c13ea2d324080adf8480d7ba5d\"},\"headline\":\"Proyecto Asociativo Regional EXPLORA CONICYT Tarapac\u00e1 participa en mesa de prevenci\u00f3n de alcohol y drogas\",\"datePublished\":\"2014-05-19T22:24:27+00:00\",\"dateModified\":\"2019-05-16T02:07:27+00:00\",\"mainEntityOfPage\":{\"@id\":\"https:\/\/dev.explora.cl\/tarapaca\/plantilla-noticias-regionales-tarapaca-5\/\"},\"wordCount\":171,\"image\":{\"@id\":\"https:\/\/dev.explora.cl\/tarapaca\/plantilla-noticias-regionales-tarapaca-5\/#primaryimage\"},\"thumbnailUrl\":\"\",\"articleSection\":[\"Noticias\"],\"inLanguage\":\"es-CL\"},{\"@type\":\"WebPage\",\"@id\":\"https:\/\/dev.explora.cl\/tarapaca\/plantilla-noticias-regionales-tarapaca-5\/\",\"url\":\"https:\/\/dev.explora.cl\/tarapaca\/plantilla-noticias-regionales-tarapaca-5\/\",\"name\":\"Proyecto Asociativo Regional EXPLORA CONICYT Tarapac\u00e1 participa en mesa de prevenci\u00f3n de alcohol y drogas - Tarapaca\",\"isPartOf\":{\"@id\":\"https:\/\/dev.explora.cl\/tarapaca\/#website\"},\"primaryImageOfPage\":{\"@id\":\"https:\/\/dev.explora.cl\/tarapaca\/plantilla-noticias-regionales-tarapaca-5\/#primaryimage\"},\"image\":{\"@id\":\"https:\/\/dev.explora.cl\/tarapaca\/plantilla-noticias-regionales-tarapaca-5\/#primaryimage\"},\"thumbnailUrl\":\"\",\"datePublished\":\"2014-05-19T22:24:27+00:00\",\"dateModified\":\"2019-05-16T02:07:27+00:00\",\"author\":{\"@id\":\"https:\/\/dev.explora.cl\/tarapaca\/#\/schema\/person\/cb8349c13ea2d324080adf8480d7ba5d\"},\"breadcrumb\":{\"@id\":\"https:\/\/dev.explora.cl\/tarapaca\/plantilla-noticias-regionales-tarapaca-5\/#breadcrumb\"},\"inLanguage\":\"es-CL\",\"potentialAction\":[{\"@type\":\"ReadAction\",\"target\":[\"https:\/\/dev.explora.cl\/tarapaca\/plantilla-noticias-regionales-tarapaca-5\/\"]}]},{\"@type\":\"ImageObject\",\"inLanguage\":\"es-CL\",\"@id\":\"https:\/\/dev.explora.cl\/tarapaca\/plantilla-noticias-regionales-tarapaca-5\/#primaryimage\",\"url\":\"\",\"contentUrl\":\"\"},{\"@type\":\"BreadcrumbList\",\"@id\":\"https:\/\/dev.explora.cl\/tarapaca\/plantilla-noticias-regionales-tarapaca-5\/#breadcrumb\",\"itemListElement\":[{\"@type\":\"ListItem\",\"position\":1,\"name\":\"Portada\",\"item\":\"https:\/\/dev.explora.cl\/tarapaca\/\"},{\"@type\":\"ListItem\",\"position\":2,\"name\":\"Proyecto Asociativo Regional EXPLORA CONICYT Tarapac\u00e1 participa en mesa de prevenci\u00f3n de alcohol y drogas\"}]},{\"@type\":\"WebSite\",\"@id\":\"https:\/\/dev.explora.cl\/tarapaca\/#website\",\"url\":\"https:\/\/dev.explora.cl\/tarapaca\/\",\"name\":\"Tarapaca\",\"description\":\"Otro sitio m\u00e1s de dev.explora.cl\",\"potentialAction\":[{\"@type\":\"SearchAction\",\"target\":{\"@type\":\"EntryPoint\",\"urlTemplate\":\"https:\/\/dev.explora.cl\/tarapaca\/?s={search_term_string}\"},\"query-input\":{\"@type\":\"PropertyValueSpecification\",\"valueRequired\":true,\"valueName\":\"search_term_string\"}}],\"inLanguage\":\"es-CL\"},{\"@type\":\"Person\",\"@id\":\"https:\/\/dev.explora.cl\/tarapaca\/#\/schema\/person\/cb8349c13ea2d324080adf8480d7ba5d\",\"name\":\"webman\",\"image\":{\"@type\":\"ImageObject\",\"inLanguage\":\"es-CL\",\"@id\":\"https:\/\/dev.explora.cl\/tarapaca\/#\/schema\/person\/image\/\",\"url\":\"https:\/\/secure.gravatar.com\/avatar\/eeff3c82f2c02f7177d13663b7e6f890e9a6a0647ce9bb29cae02dcb094c7312?s=96&d=mm&r=g\",\"contentUrl\":\"https:\/\/secure.gravatar.com\/avatar\/eeff3c82f2c02f7177d13663b7e6f890e9a6a0647ce9bb29cae02dcb094c7312?s=96&d=mm&r=g\",\"caption\":\"webman\"},\"url\":\"https:\/\/dev.explora.cl\/tarapaca\/author\/webman\/\"}]}<\/script>\n<!-- \/ Yoast SEO plugin. -->","yoast_head_json":{"title":"Proyecto Asociativo Regional EXPLORA CONICYT Tarapac\u00e1 participa en mesa de prevenci\u00f3n de alcohol y drogas - Tarapaca","robots":{"index":"index","follow":"follow","max-snippet":"max-snippet:-1","max-image-preview":"max-image-preview:large","max-video-preview":"max-video-preview:-1"},"canonical":"https:\/\/dev.explora.cl\/tarapaca\/plantilla-noticias-regionales-tarapaca-5\/","og_locale":"es_ES","og_type":"article","og_title":"Proyecto Asociativo Regional EXPLORA CONICYT Tarapac\u00e1 participa en mesa de prevenci\u00f3n de alcohol y drogas - Tarapaca","og_description":"Diversas son las actividades en las que participa el Proyecto Asociativo Regional EXPLORA CONICYT Tarapac\u00e1,&nbsp;&nbsp;una de ellas es la Mesa de Prevenci\u00f3n de alcohol y drogas organizado por Senda. El objetivo principal de la mesa de trabajo fue establecer una pol\u00edtica comunal de drogas y alcohol, en la cual se sugirieron iniciativas, programas y acciones [&hellip;]","og_url":"https:\/\/dev.explora.cl\/tarapaca\/plantilla-noticias-regionales-tarapaca-5\/","og_site_name":"Tarapaca","article_published_time":"2014-05-19T22:24:27+00:00","article_modified_time":"2019-05-16T02:07:27+00:00","author":"webman","twitter_card":"summary_large_image","twitter_misc":{"Escrito por":"webman","Tiempo estimado de lectura":"1 minuto"},"schema":{"@context":"https:\/\/schema.org","@graph":[{"@type":"Article","@id":"https:\/\/dev.explora.cl\/tarapaca\/plantilla-noticias-regionales-tarapaca-5\/#article","isPartOf":{"@id":"https:\/\/dev.explora.cl\/tarapaca\/plantilla-noticias-regionales-tarapaca-5\/"},"author":{"name":"webman","@id":"https:\/\/dev.explora.cl\/tarapaca\/#\/schema\/person\/cb8349c13ea2d324080adf8480d7ba5d"},"headline":"Proyecto Asociativo Regional EXPLORA CONICYT Tarapac\u00e1 participa en mesa de prevenci\u00f3n de alcohol y drogas","datePublished":"2014-05-19T22:24:27+00:00","dateModified":"2019-05-16T02:07:27+00:00","mainEntityOfPage":{"@id":"https:\/\/dev.explora.cl\/tarapaca\/plantilla-noticias-regionales-tarapaca-5\/"},"wordCount":171,"image":{"@id":"https:\/\/dev.explora.cl\/tarapaca\/plantilla-noticias-regionales-tarapaca-5\/#primaryimage"},"thumbnailUrl":"","articleSection":["Noticias"],"inLanguage":"es-CL"},{"@type":"WebPage","@id":"https:\/\/dev.explora.cl\/tarapaca\/plantilla-noticias-regionales-tarapaca-5\/","url":"https:\/\/dev.explora.cl\/tarapaca\/plantilla-noticias-regionales-tarapaca-5\/","name":"Proyecto Asociativo Regional EXPLORA CONICYT Tarapac\u00e1 participa en mesa de prevenci\u00f3n de alcohol y drogas - Tarapaca","isPartOf":{"@id":"https:\/\/dev.explora.cl\/tarapaca\/#website"},"primaryImageOfPage":{"@id":"https:\/\/dev.explora.cl\/tarapaca\/plantilla-noticias-regionales-tarapaca-5\/#primaryimage"},"image":{"@id":"https:\/\/dev.explora.cl\/tarapaca\/plantilla-noticias-regionales-tarapaca-5\/#primaryimage"},"thumbnailUrl":"","datePublished":"2014-05-19T22:24:27+00:00","dateModified":"2019-05-16T02:07:27+00:00","author":{"@id":"https:\/\/dev.explora.cl\/tarapaca\/#\/schema\/person\/cb8349c13ea2d324080adf8480d7ba5d"},"breadcrumb":{"@id":"https:\/\/dev.explora.cl\/tarapaca\/plantilla-noticias-regionales-tarapaca-5\/#breadcrumb"},"inLanguage":"es-CL","potentialAction":[{"@type":"ReadAction","target":["https:\/\/dev.explora.cl\/tarapaca\/plantilla-noticias-regionales-tarapaca-5\/"]}]},{"@type":"ImageObject","inLanguage":"es-CL","@id":"https:\/\/dev.explora.cl\/tarapaca\/plantilla-noticias-regionales-tarapaca-5\/#primaryimage","url":"","contentUrl":""},{"@type":"BreadcrumbList","@id":"https:\/\/dev.explora.cl\/tarapaca\/plantilla-noticias-regionales-tarapaca-5\/#breadcrumb","itemListElement":[{"@type":"ListItem","position":1,"name":"Portada","item":"https:\/\/dev.explora.cl\/tarapaca\/"},{"@type":"ListItem","position":2,"name":"Proyecto Asociativo Regional EXPLORA CONICYT Tarapac\u00e1 participa en mesa de prevenci\u00f3n de alcohol y drogas"}]},{"@type":"WebSite","@id":"https:\/\/dev.explora.cl\/tarapaca\/#website","url":"https:\/\/dev.explora.cl\/tarapaca\/","name":"Tarapaca","description":"Otro sitio m\u00e1s de dev.explora.cl","potentialAction":[{"@type":"SearchAction","target":{"@type":"EntryPoint","urlTemplate":"https:\/\/dev.explora.cl\/tarapaca\/?s={search_term_string}"},"query-input":{"@type":"PropertyValueSpecification","valueRequired":true,"valueName":"search_term_string"}}],"inLanguage":"es-CL"},{"@type":"Person","@id":"https:\/\/dev.explora.cl\/tarapaca\/#\/schema\/person\/cb8349c13ea2d324080adf8480d7ba5d","name":"webman","image":{"@type":"ImageObject","inLanguage":"es-CL","@id":"https:\/\/dev.explora.cl\/tarapaca\/#\/schema\/person\/image\/","url":"https:\/\/secure.gravatar.com\/avatar\/eeff3c82f2c02f7177d13663b7e6f890e9a6a0647ce9bb29cae02dcb094c7312?s=96&d=mm&r=g","contentUrl":"https:\/\/secure.gravatar.com\/avatar\/eeff3c82f2c02f7177d13663b7e6f890e9a6a0647ce9bb29cae02dcb094c7312?s=96&d=mm&r=g","caption":"webman"},"url":"https:\/\/dev.explora.cl\/tarapaca\/author\/webman\/"}]}},"_links":{"self":[{"href":"https:\/\/dev.explora.cl\/tarapaca\/wp-json\/wp\/v2\/posts\/32671","targetHints":{"allow":["GET"]}}],"collection":[{"href":"https:\/\/dev.explora.cl\/tarapaca\/wp-json\/wp\/v2\/posts"}],"about":[{"href":"https:\/\/dev.explora.cl\/tarapaca\/wp-json\/wp\/v2\/types\/post"}],"author":[{"embeddable":true,"href":"https:\/\/dev.explora.cl\/tarapaca\/wp-json\/wp\/v2\/users\/2"}],"replies":[{"embeddable":true,"href":"https:\/\/dev.explora.cl\/tarapaca\/wp-json\/wp\/v2\/comments?post=32671"}],"version-history":[{"count":1,"href":"https:\/\/dev.explora.cl\/tarapaca\/wp-json\/wp\/v2\/posts\/32671\/revisions"}],"predecessor-version":[{"id":38309,"href":"https:\/\/dev.explora.cl\/tarapaca\/wp-json\/wp\/v2\/posts\/32671\/revisions\/38309"}],"wp:featuredmedia":[{"embeddable":true,"href":"https:\/\/dev.explora.cl\/tarapaca\/wp-json\/"}],"wp:attachment":[{"href":"https:\/\/dev.explora.cl\/tarapaca\/wp-json\/wp\/v2\/media?parent=32671"}],"wp:term":[{"taxonomy":"category","embeddable":true,"href":"https:\/\/dev.explora.cl\/tarapaca\/wp-json\/wp\/v2\/categories?post=32671"},{"taxonomy":"post_tag","embeddable":true,"href":"https:\/\/dev.explora.cl\/tarapaca\/wp-json\/wp\/v2\/tags?post=32671"}],"curies":[{"name":"wp","href":"https:\/\/api.w.org\/{rel}","templated":true}]}}