{"id":32543,"date":"2014-10-06T21:33:29","date_gmt":"2014-10-06T21:33:29","guid":{"rendered":"https:\/\/dev.explora.cl\/tarapaca\/blog\/2014\/10\/06\/con-pasacalle-vive-animalia-comienza-xx-semana-nacional-de-la-ciencia-y-la-tecnologia\/"},"modified":"2019-05-16T02:06:44","modified_gmt":"2019-05-16T02:06:44","slug":"con-pasacalle-vive-animalia-comienza-xx-semana-nacional-de-la-ciencia-y-la-tecnologia","status":"publish","type":"post","link":"https:\/\/dev.explora.cl\/tarapaca\/con-pasacalle-vive-animalia-comienza-xx-semana-nacional-de-la-ciencia-y-la-tecnologia\/","title":{"rendered":"Con pasacalle \u201cVive Animalia\u201d comenz\u00f3 XX Semana Nacional de la Ciencia y la Tecnolog\u00eda"},"content":{"rendered":"<p><img loading=\"lazy\" decoding=\"async\" class=\" size-full wp-image-5899\" src=\"http:\/\/ec2-34-218-253-251.us-west-2.compute.amazonaws.com\/wp-content\/uploads\/2014\/10\/37fa4092f14e2c21a8e3ee6da2b41ef9.jpg\" alt=\"\" width=\"3008\" height=\"2000\" \/><\/p>\n<p align=\"center\">M\u00e1s de mil personas participaron del pasacalle y feria \u201cVive Animalia\u201d, actividad de lanzamiento de la Semana Nacional de la Ciencia y la Tecnolog\u00eda, organizada por el PAR EXPLORA Tarapac\u00e1 de la UNAP.<\/p>\n<p>Estudiantes parvularios pertenecientes a la red Junji, Integra, Cormudesi y particulares marcharon por el sector de Playa Brava en un colorido pasacalle al ritmo de una banda de bronce, en el cu\u00e1l exig\u00edan el cuidado y preservaci\u00f3n de la fauna nortina.<\/p>\n<p>Posteriormente cada establecimiento mont\u00f3 un stand donde mostraron a toda la comunidad diferentes proyectos cient\u00edficos y tecnol\u00f3gicos, uno de ellos fue el del jard\u00edn Infantil Dragoncitos, quienes presentaron el trabajo a cargo de la educadora Graciela Mu\u00f1oz sobre el cultivo de lombrices en la regi\u00f3n de Tarapac\u00e1.<\/p>\n<p>Hasta el lanzamiento tambi\u00e9n lleg\u00f3 la Banda Marina del jard\u00edn Purum Nayra, adem\u00e1s de la participaci\u00f3n de las tortugas ninja de Carabineros. Entre los colaboradores tambi\u00e9n estuvo PDI y el grupo animalista Yo Adopto.<\/p>\n<p>La Directora (S) del PAR EXPLORA Tarapac\u00e1, M\u00f3nica Cuevas Ceballos, invit\u00f3 a la comunidad a seguir participando de las actividades de la XX SNCyT, se\u00f1alando que \u201cdurante todo octubre tendremos distintas actividades cient\u00edficas y tecnol\u00f3gicas en las cuales pueden participar\u201d.<\/p>\n<p>La actividad tambi\u00e9n cont\u00f3 con la participaci\u00f3n de autoridades nacionales como la Vicepresidenta de Junji, Desiree L\u00f3pez de Maturana, y regionales como el rector de UNAP; Gustavo Soto Bringas, director de Junji; Juan Rocabado y directora Integra; Jocelin Sanhueza, quienes se refirieron a los presentes sobre la importancia de la educaci\u00f3n inicial.<\/p>\n","protected":false},"excerpt":{"rendered":"<p>M\u00e1s de mil personas participaron del pasacalle y feria \u201cVive Animalia\u201d, actividad de lanzamiento de la Semana Nacional de la Ciencia y la Tecnolog\u00eda, organizada por el PAR EXPLORA Tarapac\u00e1 de la UNAP. Estudiantes parvularios pertenecientes a la red Junji, Integra, Cormudesi y particulares marcharon por el sector de Playa Brava en un colorido pasacalle [&hellip;]<\/p>\n","protected":false},"author":2,"featured_media":5899,"comment_status":"closed","ping_status":"open","sticky":false,"template":"","format":"standard","meta":{"_acf_changed":false,"_exactmetrics_skip_tracking":false,"_exactmetrics_sitenote_active":false,"_exactmetrics_sitenote_note":"","_exactmetrics_sitenote_category":0,"footnotes":"","_links_to":"","_links_to_target":""},"categories":[4],"tags":[],"class_list":["post-32543","post","type-post","status-publish","format-standard","has-post-thumbnail","hentry","category-noticias"],"acf":[],"yoast_head":"<!-- This site is optimized with the Yoast SEO plugin v26.7 - https:\/\/yoast.com\/wordpress\/plugins\/seo\/ -->\n<title>Con pasacalle \u201cVive Animalia\u201d comenz\u00f3 XX Semana Nacional de la Ciencia y la Tecnolog\u00eda - Tarapaca<\/title>\n<meta name=\"robots\" content=\"index, follow, max-snippet:-1, max-image-preview:large, max-video-preview:-1\" \/>\n<link rel=\"canonical\" href=\"https:\/\/dev.explora.cl\/tarapaca\/con-pasacalle-vive-animalia-comienza-xx-semana-nacional-de-la-ciencia-y-la-tecnologia\/\" class=\"yoast-seo-meta-tag\" \/>\n<meta property=\"og:locale\" content=\"es_ES\" class=\"yoast-seo-meta-tag\" \/>\n<meta property=\"og:type\" content=\"article\" class=\"yoast-seo-meta-tag\" \/>\n<meta property=\"og:title\" content=\"Con pasacalle \u201cVive Animalia\u201d comenz\u00f3 XX Semana Nacional de la Ciencia y la Tecnolog\u00eda - Tarapaca\" class=\"yoast-seo-meta-tag\" \/>\n<meta property=\"og:description\" content=\"M\u00e1s de mil personas participaron del pasacalle y feria \u201cVive Animalia\u201d, actividad de lanzamiento de la Semana Nacional de la Ciencia y la Tecnolog\u00eda, organizada por el PAR EXPLORA Tarapac\u00e1 de la UNAP. Estudiantes parvularios pertenecientes a la red Junji, Integra, Cormudesi y particulares marcharon por el sector de Playa Brava en un colorido pasacalle [&hellip;]\" class=\"yoast-seo-meta-tag\" \/>\n<meta property=\"og:url\" content=\"https:\/\/dev.explora.cl\/tarapaca\/con-pasacalle-vive-animalia-comienza-xx-semana-nacional-de-la-ciencia-y-la-tecnologia\/\" class=\"yoast-seo-meta-tag\" \/>\n<meta property=\"og:site_name\" content=\"Tarapaca\" class=\"yoast-seo-meta-tag\" \/>\n<meta property=\"article:published_time\" content=\"2014-10-06T21:33:29+00:00\" class=\"yoast-seo-meta-tag\" \/>\n<meta property=\"article:modified_time\" content=\"2019-05-16T02:06:44+00:00\" class=\"yoast-seo-meta-tag\" \/>\n<meta name=\"author\" content=\"webman\" class=\"yoast-seo-meta-tag\" \/>\n<meta name=\"twitter:card\" content=\"summary_large_image\" class=\"yoast-seo-meta-tag\" \/>\n<meta name=\"twitter:label1\" content=\"Escrito por\" class=\"yoast-seo-meta-tag\" \/>\n\t<meta name=\"twitter:data1\" content=\"webman\" class=\"yoast-seo-meta-tag\" \/>\n\t<meta name=\"twitter:label2\" content=\"Tiempo estimado de lectura\" class=\"yoast-seo-meta-tag\" \/>\n\t<meta name=\"twitter:data2\" content=\"1 minuto\" class=\"yoast-seo-meta-tag\" \/>\n<script type=\"application\/ld+json\" class=\"yoast-schema-graph\">{\"@context\":\"https:\/\/schema.org\",\"@graph\":[{\"@type\":\"Article\",\"@id\":\"https:\/\/dev.explora.cl\/tarapaca\/con-pasacalle-vive-animalia-comienza-xx-semana-nacional-de-la-ciencia-y-la-tecnologia\/#article\",\"isPartOf\":{\"@id\":\"https:\/\/dev.explora.cl\/tarapaca\/con-pasacalle-vive-animalia-comienza-xx-semana-nacional-de-la-ciencia-y-la-tecnologia\/\"},\"author\":{\"name\":\"webman\",\"@id\":\"https:\/\/dev.explora.cl\/tarapaca\/#\/schema\/person\/cb8349c13ea2d324080adf8480d7ba5d\"},\"headline\":\"Con pasacalle \u201cVive Animalia\u201d comenz\u00f3 XX Semana Nacional de la Ciencia y la Tecnolog\u00eda\",\"datePublished\":\"2014-10-06T21:33:29+00:00\",\"dateModified\":\"2019-05-16T02:06:44+00:00\",\"mainEntityOfPage\":{\"@id\":\"https:\/\/dev.explora.cl\/tarapaca\/con-pasacalle-vive-animalia-comienza-xx-semana-nacional-de-la-ciencia-y-la-tecnologia\/\"},\"wordCount\":285,\"image\":{\"@id\":\"https:\/\/dev.explora.cl\/tarapaca\/con-pasacalle-vive-animalia-comienza-xx-semana-nacional-de-la-ciencia-y-la-tecnologia\/#primaryimage\"},\"thumbnailUrl\":\"\",\"articleSection\":[\"Noticias\"],\"inLanguage\":\"es-CL\"},{\"@type\":\"WebPage\",\"@id\":\"https:\/\/dev.explora.cl\/tarapaca\/con-pasacalle-vive-animalia-comienza-xx-semana-nacional-de-la-ciencia-y-la-tecnologia\/\",\"url\":\"https:\/\/dev.explora.cl\/tarapaca\/con-pasacalle-vive-animalia-comienza-xx-semana-nacional-de-la-ciencia-y-la-tecnologia\/\",\"name\":\"Con pasacalle \u201cVive Animalia\u201d comenz\u00f3 XX Semana Nacional de la Ciencia y la Tecnolog\u00eda - Tarapaca\",\"isPartOf\":{\"@id\":\"https:\/\/dev.explora.cl\/tarapaca\/#website\"},\"primaryImageOfPage\":{\"@id\":\"https:\/\/dev.explora.cl\/tarapaca\/con-pasacalle-vive-animalia-comienza-xx-semana-nacional-de-la-ciencia-y-la-tecnologia\/#primaryimage\"},\"image\":{\"@id\":\"https:\/\/dev.explora.cl\/tarapaca\/con-pasacalle-vive-animalia-comienza-xx-semana-nacional-de-la-ciencia-y-la-tecnologia\/#primaryimage\"},\"thumbnailUrl\":\"\",\"datePublished\":\"2014-10-06T21:33:29+00:00\",\"dateModified\":\"2019-05-16T02:06:44+00:00\",\"author\":{\"@id\":\"https:\/\/dev.explora.cl\/tarapaca\/#\/schema\/person\/cb8349c13ea2d324080adf8480d7ba5d\"},\"breadcrumb\":{\"@id\":\"https:\/\/dev.explora.cl\/tarapaca\/con-pasacalle-vive-animalia-comienza-xx-semana-nacional-de-la-ciencia-y-la-tecnologia\/#breadcrumb\"},\"inLanguage\":\"es-CL\",\"potentialAction\":[{\"@type\":\"ReadAction\",\"target\":[\"https:\/\/dev.explora.cl\/tarapaca\/con-pasacalle-vive-animalia-comienza-xx-semana-nacional-de-la-ciencia-y-la-tecnologia\/\"]}]},{\"@type\":\"ImageObject\",\"inLanguage\":\"es-CL\",\"@id\":\"https:\/\/dev.explora.cl\/tarapaca\/con-pasacalle-vive-animalia-comienza-xx-semana-nacional-de-la-ciencia-y-la-tecnologia\/#primaryimage\",\"url\":\"\",\"contentUrl\":\"\"},{\"@type\":\"BreadcrumbList\",\"@id\":\"https:\/\/dev.explora.cl\/tarapaca\/con-pasacalle-vive-animalia-comienza-xx-semana-nacional-de-la-ciencia-y-la-tecnologia\/#breadcrumb\",\"itemListElement\":[{\"@type\":\"ListItem\",\"position\":1,\"name\":\"Portada\",\"item\":\"https:\/\/dev.explora.cl\/tarapaca\/\"},{\"@type\":\"ListItem\",\"position\":2,\"name\":\"Con pasacalle \u201cVive Animalia\u201d comenz\u00f3 XX Semana Nacional de la Ciencia y la Tecnolog\u00eda\"}]},{\"@type\":\"WebSite\",\"@id\":\"https:\/\/dev.explora.cl\/tarapaca\/#website\",\"url\":\"https:\/\/dev.explora.cl\/tarapaca\/\",\"name\":\"Tarapaca\",\"description\":\"Otro sitio m\u00e1s de dev.explora.cl\",\"potentialAction\":[{\"@type\":\"SearchAction\",\"target\":{\"@type\":\"EntryPoint\",\"urlTemplate\":\"https:\/\/dev.explora.cl\/tarapaca\/?s={search_term_string}\"},\"query-input\":{\"@type\":\"PropertyValueSpecification\",\"valueRequired\":true,\"valueName\":\"search_term_string\"}}],\"inLanguage\":\"es-CL\"},{\"@type\":\"Person\",\"@id\":\"https:\/\/dev.explora.cl\/tarapaca\/#\/schema\/person\/cb8349c13ea2d324080adf8480d7ba5d\",\"name\":\"webman\",\"image\":{\"@type\":\"ImageObject\",\"inLanguage\":\"es-CL\",\"@id\":\"https:\/\/dev.explora.cl\/tarapaca\/#\/schema\/person\/image\/\",\"url\":\"https:\/\/secure.gravatar.com\/avatar\/eeff3c82f2c02f7177d13663b7e6f890e9a6a0647ce9bb29cae02dcb094c7312?s=96&d=mm&r=g\",\"contentUrl\":\"https:\/\/secure.gravatar.com\/avatar\/eeff3c82f2c02f7177d13663b7e6f890e9a6a0647ce9bb29cae02dcb094c7312?s=96&d=mm&r=g\",\"caption\":\"webman\"},\"url\":\"https:\/\/dev.explora.cl\/tarapaca\/author\/webman\/\"}]}<\/script>\n<!-- \/ Yoast SEO plugin. -->","yoast_head_json":{"title":"Con pasacalle \u201cVive Animalia\u201d comenz\u00f3 XX Semana Nacional de la Ciencia y la Tecnolog\u00eda - Tarapaca","robots":{"index":"index","follow":"follow","max-snippet":"max-snippet:-1","max-image-preview":"max-image-preview:large","max-video-preview":"max-video-preview:-1"},"canonical":"https:\/\/dev.explora.cl\/tarapaca\/con-pasacalle-vive-animalia-comienza-xx-semana-nacional-de-la-ciencia-y-la-tecnologia\/","og_locale":"es_ES","og_type":"article","og_title":"Con pasacalle \u201cVive Animalia\u201d comenz\u00f3 XX Semana Nacional de la Ciencia y la Tecnolog\u00eda - Tarapaca","og_description":"M\u00e1s de mil personas participaron del pasacalle y feria \u201cVive Animalia\u201d, actividad de lanzamiento de la Semana Nacional de la Ciencia y la Tecnolog\u00eda, organizada por el PAR EXPLORA Tarapac\u00e1 de la UNAP. Estudiantes parvularios pertenecientes a la red Junji, Integra, Cormudesi y particulares marcharon por el sector de Playa Brava en un colorido pasacalle [&hellip;]","og_url":"https:\/\/dev.explora.cl\/tarapaca\/con-pasacalle-vive-animalia-comienza-xx-semana-nacional-de-la-ciencia-y-la-tecnologia\/","og_site_name":"Tarapaca","article_published_time":"2014-10-06T21:33:29+00:00","article_modified_time":"2019-05-16T02:06:44+00:00","author":"webman","twitter_card":"summary_large_image","twitter_misc":{"Escrito por":"webman","Tiempo estimado de lectura":"1 minuto"},"schema":{"@context":"https:\/\/schema.org","@graph":[{"@type":"Article","@id":"https:\/\/dev.explora.cl\/tarapaca\/con-pasacalle-vive-animalia-comienza-xx-semana-nacional-de-la-ciencia-y-la-tecnologia\/#article","isPartOf":{"@id":"https:\/\/dev.explora.cl\/tarapaca\/con-pasacalle-vive-animalia-comienza-xx-semana-nacional-de-la-ciencia-y-la-tecnologia\/"},"author":{"name":"webman","@id":"https:\/\/dev.explora.cl\/tarapaca\/#\/schema\/person\/cb8349c13ea2d324080adf8480d7ba5d"},"headline":"Con pasacalle \u201cVive Animalia\u201d comenz\u00f3 XX Semana Nacional de la Ciencia y la Tecnolog\u00eda","datePublished":"2014-10-06T21:33:29+00:00","dateModified":"2019-05-16T02:06:44+00:00","mainEntityOfPage":{"@id":"https:\/\/dev.explora.cl\/tarapaca\/con-pasacalle-vive-animalia-comienza-xx-semana-nacional-de-la-ciencia-y-la-tecnologia\/"},"wordCount":285,"image":{"@id":"https:\/\/dev.explora.cl\/tarapaca\/con-pasacalle-vive-animalia-comienza-xx-semana-nacional-de-la-ciencia-y-la-tecnologia\/#primaryimage"},"thumbnailUrl":"","articleSection":["Noticias"],"inLanguage":"es-CL"},{"@type":"WebPage","@id":"https:\/\/dev.explora.cl\/tarapaca\/con-pasacalle-vive-animalia-comienza-xx-semana-nacional-de-la-ciencia-y-la-tecnologia\/","url":"https:\/\/dev.explora.cl\/tarapaca\/con-pasacalle-vive-animalia-comienza-xx-semana-nacional-de-la-ciencia-y-la-tecnologia\/","name":"Con pasacalle \u201cVive Animalia\u201d comenz\u00f3 XX Semana Nacional de la Ciencia y la Tecnolog\u00eda - Tarapaca","isPartOf":{"@id":"https:\/\/dev.explora.cl\/tarapaca\/#website"},"primaryImageOfPage":{"@id":"https:\/\/dev.explora.cl\/tarapaca\/con-pasacalle-vive-animalia-comienza-xx-semana-nacional-de-la-ciencia-y-la-tecnologia\/#primaryimage"},"image":{"@id":"https:\/\/dev.explora.cl\/tarapaca\/con-pasacalle-vive-animalia-comienza-xx-semana-nacional-de-la-ciencia-y-la-tecnologia\/#primaryimage"},"thumbnailUrl":"","datePublished":"2014-10-06T21:33:29+00:00","dateModified":"2019-05-16T02:06:44+00:00","author":{"@id":"https:\/\/dev.explora.cl\/tarapaca\/#\/schema\/person\/cb8349c13ea2d324080adf8480d7ba5d"},"breadcrumb":{"@id":"https:\/\/dev.explora.cl\/tarapaca\/con-pasacalle-vive-animalia-comienza-xx-semana-nacional-de-la-ciencia-y-la-tecnologia\/#breadcrumb"},"inLanguage":"es-CL","potentialAction":[{"@type":"ReadAction","target":["https:\/\/dev.explora.cl\/tarapaca\/con-pasacalle-vive-animalia-comienza-xx-semana-nacional-de-la-ciencia-y-la-tecnologia\/"]}]},{"@type":"ImageObject","inLanguage":"es-CL","@id":"https:\/\/dev.explora.cl\/tarapaca\/con-pasacalle-vive-animalia-comienza-xx-semana-nacional-de-la-ciencia-y-la-tecnologia\/#primaryimage","url":"","contentUrl":""},{"@type":"BreadcrumbList","@id":"https:\/\/dev.explora.cl\/tarapaca\/con-pasacalle-vive-animalia-comienza-xx-semana-nacional-de-la-ciencia-y-la-tecnologia\/#breadcrumb","itemListElement":[{"@type":"ListItem","position":1,"name":"Portada","item":"https:\/\/dev.explora.cl\/tarapaca\/"},{"@type":"ListItem","position":2,"name":"Con pasacalle \u201cVive Animalia\u201d comenz\u00f3 XX Semana Nacional de la Ciencia y la Tecnolog\u00eda"}]},{"@type":"WebSite","@id":"https:\/\/dev.explora.cl\/tarapaca\/#website","url":"https:\/\/dev.explora.cl\/tarapaca\/","name":"Tarapaca","description":"Otro sitio m\u00e1s de dev.explora.cl","potentialAction":[{"@type":"SearchAction","target":{"@type":"EntryPoint","urlTemplate":"https:\/\/dev.explora.cl\/tarapaca\/?s={search_term_string}"},"query-input":{"@type":"PropertyValueSpecification","valueRequired":true,"valueName":"search_term_string"}}],"inLanguage":"es-CL"},{"@type":"Person","@id":"https:\/\/dev.explora.cl\/tarapaca\/#\/schema\/person\/cb8349c13ea2d324080adf8480d7ba5d","name":"webman","image":{"@type":"ImageObject","inLanguage":"es-CL","@id":"https:\/\/dev.explora.cl\/tarapaca\/#\/schema\/person\/image\/","url":"https:\/\/secure.gravatar.com\/avatar\/eeff3c82f2c02f7177d13663b7e6f890e9a6a0647ce9bb29cae02dcb094c7312?s=96&d=mm&r=g","contentUrl":"https:\/\/secure.gravatar.com\/avatar\/eeff3c82f2c02f7177d13663b7e6f890e9a6a0647ce9bb29cae02dcb094c7312?s=96&d=mm&r=g","caption":"webman"},"url":"https:\/\/dev.explora.cl\/tarapaca\/author\/webman\/"}]}},"_links":{"self":[{"href":"https:\/\/dev.explora.cl\/tarapaca\/wp-json\/wp\/v2\/posts\/32543","targetHints":{"allow":["GET"]}}],"collection":[{"href":"https:\/\/dev.explora.cl\/tarapaca\/wp-json\/wp\/v2\/posts"}],"about":[{"href":"https:\/\/dev.explora.cl\/tarapaca\/wp-json\/wp\/v2\/types\/post"}],"author":[{"embeddable":true,"href":"https:\/\/dev.explora.cl\/tarapaca\/wp-json\/wp\/v2\/users\/2"}],"replies":[{"embeddable":true,"href":"https:\/\/dev.explora.cl\/tarapaca\/wp-json\/wp\/v2\/comments?post=32543"}],"version-history":[{"count":1,"href":"https:\/\/dev.explora.cl\/tarapaca\/wp-json\/wp\/v2\/posts\/32543\/revisions"}],"predecessor-version":[{"id":38247,"href":"https:\/\/dev.explora.cl\/tarapaca\/wp-json\/wp\/v2\/posts\/32543\/revisions\/38247"}],"wp:featuredmedia":[{"embeddable":true,"href":"https:\/\/dev.explora.cl\/tarapaca\/wp-json\/"}],"wp:attachment":[{"href":"https:\/\/dev.explora.cl\/tarapaca\/wp-json\/wp\/v2\/media?parent=32543"}],"wp:term":[{"taxonomy":"category","embeddable":true,"href":"https:\/\/dev.explora.cl\/tarapaca\/wp-json\/wp\/v2\/categories?post=32543"},{"taxonomy":"post_tag","embeddable":true,"href":"https:\/\/dev.explora.cl\/tarapaca\/wp-json\/wp\/v2\/tags?post=32543"}],"curies":[{"name":"wp","href":"https:\/\/api.w.org\/{rel}","templated":true}]}}