{"id":32531,"date":"2014-10-10T14:53:28","date_gmt":"2014-10-10T14:53:28","guid":{"rendered":"https:\/\/dev.explora.cl\/tarapaca\/blog\/2014\/10\/10\/participa-del-ix-desafio-tecnologico-transformacion-de-energia-para-generar-autonomia\/"},"modified":"2019-05-16T02:06:42","modified_gmt":"2019-05-16T02:06:42","slug":"participa-del-ix-desafio-tecnologico-transformacion-de-energia-para-generar-autonomia","status":"publish","type":"post","link":"https:\/\/dev.explora.cl\/tarapaca\/participa-del-ix-desafio-tecnologico-transformacion-de-energia-para-generar-autonomia\/","title":{"rendered":"Participa del IX Desaf\u00edo Tecnol\u00f3gico &quot;Transformaci\u00f3n de Energ\u00eda para Generar Autonom\u00eda&quot;"},"content":{"rendered":"<p><img loading=\"lazy\" decoding=\"async\" class=\" size-full wp-image-6066\" src=\"http:\/\/ec2-34-218-253-251.us-west-2.compute.amazonaws.com\/wp-content\/uploads\/2014\/10\/eef964b56feba29f2e49fd18f1f5df6c.jpg\" alt=\"\" width=\"3300\" height=\"2550\" \/><\/p>\n<p>Durante el 27 y 28 de noviembre se realizar\u00e1 el certamen interregional<strong>\u00a0IX\u00a0Desaf\u00edo\u00a0Tecnol\u00f3gico\u00a0&#8220;Transformaci\u00f3n de Energ\u00eda para Generar Autonom\u00eda&#8221;\u00a0<\/strong> a partir de las 8.00 horas en Colegio Humberstone, ubicado en Rancagua 3264, en el cu\u00e1l participar\u00e1n establecimientos de diversas regiones.<\/p>\n<p>\u00a0<\/p>\n<p>Descarga bases y formulario para mayor informaci\u00f3n \u00a0 \u00a0 \u00a0 \u00a0 \u00a0 \u00a0 \u00a0 \u00a0 \u00a0 \u00a0 \u00a0 \u00a0 \u00a0 \u00a0 \u00a0 \u00a0 \u00a0 \u00a0 \u00a0 \u00a0 \u00a0 \u00a0 \u00a0 \u00a0 \u00a0 \u00a0 \u00a0 \u00a0 \u00a0 \u00a0 \u00a0 \u00a0 \u00a0 \u00a0 \u00a0 \u00a0\u00a0<\/p>\n","protected":false},"excerpt":{"rendered":"<p>Durante el 27 y 28 de noviembre se realizar\u00e1 el certamen interregional\u00a0IX\u00a0Desaf\u00edo\u00a0Tecnol\u00f3gico\u00a0&#8220;Transformaci\u00f3n de Energ\u00eda para Generar Autonom\u00eda&#8221;\u00a0 a partir de las 8.00 horas en Colegio Humberstone, ubicado en Rancagua 3264, en el cu\u00e1l participar\u00e1n establecimientos de diversas regiones. \u00a0 Descarga bases y formulario para mayor informaci\u00f3n \u00a0 \u00a0 \u00a0 \u00a0 \u00a0 \u00a0 \u00a0 \u00a0 \u00a0 [&hellip;]<\/p>\n","protected":false},"author":2,"featured_media":6066,"comment_status":"closed","ping_status":"open","sticky":false,"template":"","format":"standard","meta":{"_acf_changed":false,"_exactmetrics_skip_tracking":false,"_exactmetrics_sitenote_active":false,"_exactmetrics_sitenote_note":"","_exactmetrics_sitenote_category":0,"footnotes":"","_links_to":"","_links_to_target":""},"categories":[4],"tags":[],"class_list":["post-32531","post","type-post","status-publish","format-standard","has-post-thumbnail","hentry","category-noticias"],"acf":[],"yoast_head":"<!-- This site is optimized with the Yoast SEO plugin v26.7 - https:\/\/yoast.com\/wordpress\/plugins\/seo\/ -->\n<title>Participa del IX Desaf\u00edo Tecnol\u00f3gico &quot;Transformaci\u00f3n de Energ\u00eda para Generar Autonom\u00eda&quot; - Tarapaca<\/title>\n<meta name=\"robots\" content=\"index, follow, max-snippet:-1, max-image-preview:large, max-video-preview:-1\" \/>\n<link rel=\"canonical\" href=\"https:\/\/dev.explora.cl\/tarapaca\/participa-del-ix-desafio-tecnologico-transformacion-de-energia-para-generar-autonomia\/\" class=\"yoast-seo-meta-tag\" \/>\n<meta property=\"og:locale\" content=\"es_ES\" class=\"yoast-seo-meta-tag\" \/>\n<meta property=\"og:type\" content=\"article\" class=\"yoast-seo-meta-tag\" \/>\n<meta property=\"og:title\" content=\"Participa del IX Desaf\u00edo Tecnol\u00f3gico &quot;Transformaci\u00f3n de Energ\u00eda para Generar Autonom\u00eda&quot; - Tarapaca\" class=\"yoast-seo-meta-tag\" \/>\n<meta property=\"og:description\" content=\"Durante el 27 y 28 de noviembre se realizar\u00e1 el certamen interregional\u00a0IX\u00a0Desaf\u00edo\u00a0Tecnol\u00f3gico\u00a0&#8220;Transformaci\u00f3n de Energ\u00eda para Generar Autonom\u00eda&#8221;\u00a0 a partir de las 8.00 horas en Colegio Humberstone, ubicado en Rancagua 3264, en el cu\u00e1l participar\u00e1n establecimientos de diversas regiones. \u00a0 Descarga bases y formulario para mayor informaci\u00f3n \u00a0 \u00a0 \u00a0 \u00a0 \u00a0 \u00a0 \u00a0 \u00a0 \u00a0 [&hellip;]\" class=\"yoast-seo-meta-tag\" \/>\n<meta property=\"og:url\" content=\"https:\/\/dev.explora.cl\/tarapaca\/participa-del-ix-desafio-tecnologico-transformacion-de-energia-para-generar-autonomia\/\" class=\"yoast-seo-meta-tag\" \/>\n<meta property=\"og:site_name\" content=\"Tarapaca\" class=\"yoast-seo-meta-tag\" \/>\n<meta property=\"article:published_time\" content=\"2014-10-10T14:53:28+00:00\" class=\"yoast-seo-meta-tag\" \/>\n<meta property=\"article:modified_time\" content=\"2019-05-16T02:06:42+00:00\" class=\"yoast-seo-meta-tag\" \/>\n<meta name=\"author\" content=\"webman\" class=\"yoast-seo-meta-tag\" \/>\n<meta name=\"twitter:card\" content=\"summary_large_image\" class=\"yoast-seo-meta-tag\" \/>\n<meta name=\"twitter:label1\" content=\"Escrito por\" class=\"yoast-seo-meta-tag\" \/>\n\t<meta name=\"twitter:data1\" content=\"webman\" class=\"yoast-seo-meta-tag\" \/>\n<script type=\"application\/ld+json\" class=\"yoast-schema-graph\">{\"@context\":\"https:\/\/schema.org\",\"@graph\":[{\"@type\":\"Article\",\"@id\":\"https:\/\/dev.explora.cl\/tarapaca\/participa-del-ix-desafio-tecnologico-transformacion-de-energia-para-generar-autonomia\/#article\",\"isPartOf\":{\"@id\":\"https:\/\/dev.explora.cl\/tarapaca\/participa-del-ix-desafio-tecnologico-transformacion-de-energia-para-generar-autonomia\/\"},\"author\":{\"name\":\"webman\",\"@id\":\"https:\/\/dev.explora.cl\/tarapaca\/#\/schema\/person\/cb8349c13ea2d324080adf8480d7ba5d\"},\"headline\":\"Participa del IX Desaf\u00edo Tecnol\u00f3gico &quot;Transformaci\u00f3n de Energ\u00eda para Generar Autonom\u00eda&quot;\",\"datePublished\":\"2014-10-10T14:53:28+00:00\",\"dateModified\":\"2019-05-16T02:06:42+00:00\",\"mainEntityOfPage\":{\"@id\":\"https:\/\/dev.explora.cl\/tarapaca\/participa-del-ix-desafio-tecnologico-transformacion-de-energia-para-generar-autonomia\/\"},\"wordCount\":71,\"image\":{\"@id\":\"https:\/\/dev.explora.cl\/tarapaca\/participa-del-ix-desafio-tecnologico-transformacion-de-energia-para-generar-autonomia\/#primaryimage\"},\"thumbnailUrl\":\"\",\"articleSection\":[\"Noticias\"],\"inLanguage\":\"es-CL\"},{\"@type\":\"WebPage\",\"@id\":\"https:\/\/dev.explora.cl\/tarapaca\/participa-del-ix-desafio-tecnologico-transformacion-de-energia-para-generar-autonomia\/\",\"url\":\"https:\/\/dev.explora.cl\/tarapaca\/participa-del-ix-desafio-tecnologico-transformacion-de-energia-para-generar-autonomia\/\",\"name\":\"Participa del IX Desaf\u00edo Tecnol\u00f3gico &quot;Transformaci\u00f3n de Energ\u00eda para Generar Autonom\u00eda&quot; - Tarapaca\",\"isPartOf\":{\"@id\":\"https:\/\/dev.explora.cl\/tarapaca\/#website\"},\"primaryImageOfPage\":{\"@id\":\"https:\/\/dev.explora.cl\/tarapaca\/participa-del-ix-desafio-tecnologico-transformacion-de-energia-para-generar-autonomia\/#primaryimage\"},\"image\":{\"@id\":\"https:\/\/dev.explora.cl\/tarapaca\/participa-del-ix-desafio-tecnologico-transformacion-de-energia-para-generar-autonomia\/#primaryimage\"},\"thumbnailUrl\":\"\",\"datePublished\":\"2014-10-10T14:53:28+00:00\",\"dateModified\":\"2019-05-16T02:06:42+00:00\",\"author\":{\"@id\":\"https:\/\/dev.explora.cl\/tarapaca\/#\/schema\/person\/cb8349c13ea2d324080adf8480d7ba5d\"},\"breadcrumb\":{\"@id\":\"https:\/\/dev.explora.cl\/tarapaca\/participa-del-ix-desafio-tecnologico-transformacion-de-energia-para-generar-autonomia\/#breadcrumb\"},\"inLanguage\":\"es-CL\",\"potentialAction\":[{\"@type\":\"ReadAction\",\"target\":[\"https:\/\/dev.explora.cl\/tarapaca\/participa-del-ix-desafio-tecnologico-transformacion-de-energia-para-generar-autonomia\/\"]}]},{\"@type\":\"ImageObject\",\"inLanguage\":\"es-CL\",\"@id\":\"https:\/\/dev.explora.cl\/tarapaca\/participa-del-ix-desafio-tecnologico-transformacion-de-energia-para-generar-autonomia\/#primaryimage\",\"url\":\"\",\"contentUrl\":\"\"},{\"@type\":\"BreadcrumbList\",\"@id\":\"https:\/\/dev.explora.cl\/tarapaca\/participa-del-ix-desafio-tecnologico-transformacion-de-energia-para-generar-autonomia\/#breadcrumb\",\"itemListElement\":[{\"@type\":\"ListItem\",\"position\":1,\"name\":\"Portada\",\"item\":\"https:\/\/dev.explora.cl\/tarapaca\/\"},{\"@type\":\"ListItem\",\"position\":2,\"name\":\"Participa del IX Desaf\u00edo Tecnol\u00f3gico &quot;Transformaci\u00f3n de Energ\u00eda para Generar Autonom\u00eda&quot;\"}]},{\"@type\":\"WebSite\",\"@id\":\"https:\/\/dev.explora.cl\/tarapaca\/#website\",\"url\":\"https:\/\/dev.explora.cl\/tarapaca\/\",\"name\":\"Tarapaca\",\"description\":\"Otro sitio m\u00e1s de dev.explora.cl\",\"potentialAction\":[{\"@type\":\"SearchAction\",\"target\":{\"@type\":\"EntryPoint\",\"urlTemplate\":\"https:\/\/dev.explora.cl\/tarapaca\/?s={search_term_string}\"},\"query-input\":{\"@type\":\"PropertyValueSpecification\",\"valueRequired\":true,\"valueName\":\"search_term_string\"}}],\"inLanguage\":\"es-CL\"},{\"@type\":\"Person\",\"@id\":\"https:\/\/dev.explora.cl\/tarapaca\/#\/schema\/person\/cb8349c13ea2d324080adf8480d7ba5d\",\"name\":\"webman\",\"image\":{\"@type\":\"ImageObject\",\"inLanguage\":\"es-CL\",\"@id\":\"https:\/\/dev.explora.cl\/tarapaca\/#\/schema\/person\/image\/\",\"url\":\"https:\/\/secure.gravatar.com\/avatar\/eeff3c82f2c02f7177d13663b7e6f890e9a6a0647ce9bb29cae02dcb094c7312?s=96&d=mm&r=g\",\"contentUrl\":\"https:\/\/secure.gravatar.com\/avatar\/eeff3c82f2c02f7177d13663b7e6f890e9a6a0647ce9bb29cae02dcb094c7312?s=96&d=mm&r=g\",\"caption\":\"webman\"},\"url\":\"https:\/\/dev.explora.cl\/tarapaca\/author\/webman\/\"}]}<\/script>\n<!-- \/ Yoast SEO plugin. -->","yoast_head_json":{"title":"Participa del IX Desaf\u00edo Tecnol\u00f3gico &quot;Transformaci\u00f3n de Energ\u00eda para Generar Autonom\u00eda&quot; - Tarapaca","robots":{"index":"index","follow":"follow","max-snippet":"max-snippet:-1","max-image-preview":"max-image-preview:large","max-video-preview":"max-video-preview:-1"},"canonical":"https:\/\/dev.explora.cl\/tarapaca\/participa-del-ix-desafio-tecnologico-transformacion-de-energia-para-generar-autonomia\/","og_locale":"es_ES","og_type":"article","og_title":"Participa del IX Desaf\u00edo Tecnol\u00f3gico &quot;Transformaci\u00f3n de Energ\u00eda para Generar Autonom\u00eda&quot; - Tarapaca","og_description":"Durante el 27 y 28 de noviembre se realizar\u00e1 el certamen interregional\u00a0IX\u00a0Desaf\u00edo\u00a0Tecnol\u00f3gico\u00a0&#8220;Transformaci\u00f3n de Energ\u00eda para Generar Autonom\u00eda&#8221;\u00a0 a partir de las 8.00 horas en Colegio Humberstone, ubicado en Rancagua 3264, en el cu\u00e1l participar\u00e1n establecimientos de diversas regiones. \u00a0 Descarga bases y formulario para mayor informaci\u00f3n \u00a0 \u00a0 \u00a0 \u00a0 \u00a0 \u00a0 \u00a0 \u00a0 \u00a0 [&hellip;]","og_url":"https:\/\/dev.explora.cl\/tarapaca\/participa-del-ix-desafio-tecnologico-transformacion-de-energia-para-generar-autonomia\/","og_site_name":"Tarapaca","article_published_time":"2014-10-10T14:53:28+00:00","article_modified_time":"2019-05-16T02:06:42+00:00","author":"webman","twitter_card":"summary_large_image","twitter_misc":{"Escrito por":"webman"},"schema":{"@context":"https:\/\/schema.org","@graph":[{"@type":"Article","@id":"https:\/\/dev.explora.cl\/tarapaca\/participa-del-ix-desafio-tecnologico-transformacion-de-energia-para-generar-autonomia\/#article","isPartOf":{"@id":"https:\/\/dev.explora.cl\/tarapaca\/participa-del-ix-desafio-tecnologico-transformacion-de-energia-para-generar-autonomia\/"},"author":{"name":"webman","@id":"https:\/\/dev.explora.cl\/tarapaca\/#\/schema\/person\/cb8349c13ea2d324080adf8480d7ba5d"},"headline":"Participa del IX Desaf\u00edo Tecnol\u00f3gico &quot;Transformaci\u00f3n de Energ\u00eda para Generar Autonom\u00eda&quot;","datePublished":"2014-10-10T14:53:28+00:00","dateModified":"2019-05-16T02:06:42+00:00","mainEntityOfPage":{"@id":"https:\/\/dev.explora.cl\/tarapaca\/participa-del-ix-desafio-tecnologico-transformacion-de-energia-para-generar-autonomia\/"},"wordCount":71,"image":{"@id":"https:\/\/dev.explora.cl\/tarapaca\/participa-del-ix-desafio-tecnologico-transformacion-de-energia-para-generar-autonomia\/#primaryimage"},"thumbnailUrl":"","articleSection":["Noticias"],"inLanguage":"es-CL"},{"@type":"WebPage","@id":"https:\/\/dev.explora.cl\/tarapaca\/participa-del-ix-desafio-tecnologico-transformacion-de-energia-para-generar-autonomia\/","url":"https:\/\/dev.explora.cl\/tarapaca\/participa-del-ix-desafio-tecnologico-transformacion-de-energia-para-generar-autonomia\/","name":"Participa del IX Desaf\u00edo Tecnol\u00f3gico &quot;Transformaci\u00f3n de Energ\u00eda para Generar Autonom\u00eda&quot; - Tarapaca","isPartOf":{"@id":"https:\/\/dev.explora.cl\/tarapaca\/#website"},"primaryImageOfPage":{"@id":"https:\/\/dev.explora.cl\/tarapaca\/participa-del-ix-desafio-tecnologico-transformacion-de-energia-para-generar-autonomia\/#primaryimage"},"image":{"@id":"https:\/\/dev.explora.cl\/tarapaca\/participa-del-ix-desafio-tecnologico-transformacion-de-energia-para-generar-autonomia\/#primaryimage"},"thumbnailUrl":"","datePublished":"2014-10-10T14:53:28+00:00","dateModified":"2019-05-16T02:06:42+00:00","author":{"@id":"https:\/\/dev.explora.cl\/tarapaca\/#\/schema\/person\/cb8349c13ea2d324080adf8480d7ba5d"},"breadcrumb":{"@id":"https:\/\/dev.explora.cl\/tarapaca\/participa-del-ix-desafio-tecnologico-transformacion-de-energia-para-generar-autonomia\/#breadcrumb"},"inLanguage":"es-CL","potentialAction":[{"@type":"ReadAction","target":["https:\/\/dev.explora.cl\/tarapaca\/participa-del-ix-desafio-tecnologico-transformacion-de-energia-para-generar-autonomia\/"]}]},{"@type":"ImageObject","inLanguage":"es-CL","@id":"https:\/\/dev.explora.cl\/tarapaca\/participa-del-ix-desafio-tecnologico-transformacion-de-energia-para-generar-autonomia\/#primaryimage","url":"","contentUrl":""},{"@type":"BreadcrumbList","@id":"https:\/\/dev.explora.cl\/tarapaca\/participa-del-ix-desafio-tecnologico-transformacion-de-energia-para-generar-autonomia\/#breadcrumb","itemListElement":[{"@type":"ListItem","position":1,"name":"Portada","item":"https:\/\/dev.explora.cl\/tarapaca\/"},{"@type":"ListItem","position":2,"name":"Participa del IX Desaf\u00edo Tecnol\u00f3gico &quot;Transformaci\u00f3n de Energ\u00eda para Generar Autonom\u00eda&quot;"}]},{"@type":"WebSite","@id":"https:\/\/dev.explora.cl\/tarapaca\/#website","url":"https:\/\/dev.explora.cl\/tarapaca\/","name":"Tarapaca","description":"Otro sitio m\u00e1s de dev.explora.cl","potentialAction":[{"@type":"SearchAction","target":{"@type":"EntryPoint","urlTemplate":"https:\/\/dev.explora.cl\/tarapaca\/?s={search_term_string}"},"query-input":{"@type":"PropertyValueSpecification","valueRequired":true,"valueName":"search_term_string"}}],"inLanguage":"es-CL"},{"@type":"Person","@id":"https:\/\/dev.explora.cl\/tarapaca\/#\/schema\/person\/cb8349c13ea2d324080adf8480d7ba5d","name":"webman","image":{"@type":"ImageObject","inLanguage":"es-CL","@id":"https:\/\/dev.explora.cl\/tarapaca\/#\/schema\/person\/image\/","url":"https:\/\/secure.gravatar.com\/avatar\/eeff3c82f2c02f7177d13663b7e6f890e9a6a0647ce9bb29cae02dcb094c7312?s=96&d=mm&r=g","contentUrl":"https:\/\/secure.gravatar.com\/avatar\/eeff3c82f2c02f7177d13663b7e6f890e9a6a0647ce9bb29cae02dcb094c7312?s=96&d=mm&r=g","caption":"webman"},"url":"https:\/\/dev.explora.cl\/tarapaca\/author\/webman\/"}]}},"_links":{"self":[{"href":"https:\/\/dev.explora.cl\/tarapaca\/wp-json\/wp\/v2\/posts\/32531","targetHints":{"allow":["GET"]}}],"collection":[{"href":"https:\/\/dev.explora.cl\/tarapaca\/wp-json\/wp\/v2\/posts"}],"about":[{"href":"https:\/\/dev.explora.cl\/tarapaca\/wp-json\/wp\/v2\/types\/post"}],"author":[{"embeddable":true,"href":"https:\/\/dev.explora.cl\/tarapaca\/wp-json\/wp\/v2\/users\/2"}],"replies":[{"embeddable":true,"href":"https:\/\/dev.explora.cl\/tarapaca\/wp-json\/wp\/v2\/comments?post=32531"}],"version-history":[{"count":1,"href":"https:\/\/dev.explora.cl\/tarapaca\/wp-json\/wp\/v2\/posts\/32531\/revisions"}],"predecessor-version":[{"id":38241,"href":"https:\/\/dev.explora.cl\/tarapaca\/wp-json\/wp\/v2\/posts\/32531\/revisions\/38241"}],"wp:featuredmedia":[{"embeddable":true,"href":"https:\/\/dev.explora.cl\/tarapaca\/wp-json\/"}],"wp:attachment":[{"href":"https:\/\/dev.explora.cl\/tarapaca\/wp-json\/wp\/v2\/media?parent=32531"}],"wp:term":[{"taxonomy":"category","embeddable":true,"href":"https:\/\/dev.explora.cl\/tarapaca\/wp-json\/wp\/v2\/categories?post=32531"},{"taxonomy":"post_tag","embeddable":true,"href":"https:\/\/dev.explora.cl\/tarapaca\/wp-json\/wp\/v2\/tags?post=32531"}],"curies":[{"name":"wp","href":"https:\/\/api.w.org\/{rel}","templated":true}]}}