{"id":32527,"date":"2014-10-16T12:47:07","date_gmt":"2014-10-16T12:47:07","guid":{"rendered":"https:\/\/dev.explora.cl\/tarapaca\/blog\/2014\/10\/16\/exposicion-de-inach-en-liceo-politecnico\/"},"modified":"2019-05-16T02:06:42","modified_gmt":"2019-05-16T02:06:42","slug":"exposicion-de-inach-en-liceo-politecnico","status":"publish","type":"post","link":"https:\/\/dev.explora.cl\/tarapaca\/exposicion-de-inach-en-liceo-politecnico\/","title":{"rendered":"Exposici\u00f3n de INACH en Liceo Polit\u00e9cnico"},"content":{"rendered":"<p><img loading=\"lazy\" decoding=\"async\" class=\" size-full wp-image-6261\" src=\"http:\/\/ec2-34-218-253-251.us-west-2.compute.amazonaws.com\/wp-content\/uploads\/2014\/10\/bbef2b7b679c4a3f6307636a786d3b79.jpg\" alt=\"\" width=\"3648\" height=\"2736\" \/><\/p>\n<p>Estudiantes del Liceo Polit\u00e9cnico visitaron la exposici\u00f3n itinerante del Instituto Ant\u00e1rtico Chileno, INACH, denominada \u201cAnt\u00e1rtica, nuestra exposici\u00f3n fotogr\u00e1fica\u201d, en la cual se mostraron los principales atractivos de la zona, adem\u00e1s de las actividades realizadas por los ganadores de la Feria Ant\u00e1rtica Escolar, FAE.<\/p>\n<p>\u00a0<\/p>\n","protected":false},"excerpt":{"rendered":"<p>Estudiantes del Liceo Polit\u00e9cnico visitaron la exposici\u00f3n itinerante del Instituto Ant\u00e1rtico Chileno, INACH, denominada \u201cAnt\u00e1rtica, nuestra exposici\u00f3n fotogr\u00e1fica\u201d, en la cual se mostraron los principales atractivos de la zona, adem\u00e1s de las actividades realizadas por los ganadores de la Feria Ant\u00e1rtica Escolar, FAE. \u00a0<\/p>\n","protected":false},"author":2,"featured_media":6261,"comment_status":"closed","ping_status":"open","sticky":false,"template":"","format":"standard","meta":{"_acf_changed":false,"_exactmetrics_skip_tracking":false,"_exactmetrics_sitenote_active":false,"_exactmetrics_sitenote_note":"","_exactmetrics_sitenote_category":0,"footnotes":"","_links_to":"","_links_to_target":""},"categories":[4],"tags":[],"class_list":["post-32527","post","type-post","status-publish","format-standard","has-post-thumbnail","hentry","category-noticias"],"acf":[],"yoast_head":"<!-- This site is optimized with the Yoast SEO plugin v26.7 - https:\/\/yoast.com\/wordpress\/plugins\/seo\/ -->\n<title>Exposici\u00f3n de INACH en Liceo Polit\u00e9cnico - Tarapaca<\/title>\n<meta name=\"robots\" content=\"index, follow, max-snippet:-1, max-image-preview:large, max-video-preview:-1\" \/>\n<link rel=\"canonical\" href=\"https:\/\/dev.explora.cl\/tarapaca\/exposicion-de-inach-en-liceo-politecnico\/\" class=\"yoast-seo-meta-tag\" \/>\n<meta property=\"og:locale\" content=\"es_ES\" class=\"yoast-seo-meta-tag\" \/>\n<meta property=\"og:type\" content=\"article\" class=\"yoast-seo-meta-tag\" \/>\n<meta property=\"og:title\" content=\"Exposici\u00f3n de INACH en Liceo Polit\u00e9cnico - Tarapaca\" class=\"yoast-seo-meta-tag\" \/>\n<meta property=\"og:description\" content=\"Estudiantes del Liceo Polit\u00e9cnico visitaron la exposici\u00f3n itinerante del Instituto Ant\u00e1rtico Chileno, INACH, denominada \u201cAnt\u00e1rtica, nuestra exposici\u00f3n fotogr\u00e1fica\u201d, en la cual se mostraron los principales atractivos de la zona, adem\u00e1s de las actividades realizadas por los ganadores de la Feria Ant\u00e1rtica Escolar, FAE. \u00a0\" class=\"yoast-seo-meta-tag\" \/>\n<meta property=\"og:url\" content=\"https:\/\/dev.explora.cl\/tarapaca\/exposicion-de-inach-en-liceo-politecnico\/\" class=\"yoast-seo-meta-tag\" \/>\n<meta property=\"og:site_name\" content=\"Tarapaca\" class=\"yoast-seo-meta-tag\" \/>\n<meta property=\"article:published_time\" content=\"2014-10-16T12:47:07+00:00\" class=\"yoast-seo-meta-tag\" \/>\n<meta property=\"article:modified_time\" content=\"2019-05-16T02:06:42+00:00\" class=\"yoast-seo-meta-tag\" \/>\n<meta name=\"author\" content=\"webman\" class=\"yoast-seo-meta-tag\" \/>\n<meta name=\"twitter:card\" content=\"summary_large_image\" class=\"yoast-seo-meta-tag\" \/>\n<meta name=\"twitter:label1\" content=\"Escrito por\" class=\"yoast-seo-meta-tag\" \/>\n\t<meta name=\"twitter:data1\" content=\"webman\" class=\"yoast-seo-meta-tag\" \/>\n<script type=\"application\/ld+json\" class=\"yoast-schema-graph\">{\"@context\":\"https:\/\/schema.org\",\"@graph\":[{\"@type\":\"Article\",\"@id\":\"https:\/\/dev.explora.cl\/tarapaca\/exposicion-de-inach-en-liceo-politecnico\/#article\",\"isPartOf\":{\"@id\":\"https:\/\/dev.explora.cl\/tarapaca\/exposicion-de-inach-en-liceo-politecnico\/\"},\"author\":{\"name\":\"webman\",\"@id\":\"https:\/\/dev.explora.cl\/tarapaca\/#\/schema\/person\/cb8349c13ea2d324080adf8480d7ba5d\"},\"headline\":\"Exposici\u00f3n de INACH en Liceo Polit\u00e9cnico\",\"datePublished\":\"2014-10-16T12:47:07+00:00\",\"dateModified\":\"2019-05-16T02:06:42+00:00\",\"mainEntityOfPage\":{\"@id\":\"https:\/\/dev.explora.cl\/tarapaca\/exposicion-de-inach-en-liceo-politecnico\/\"},\"wordCount\":59,\"image\":{\"@id\":\"https:\/\/dev.explora.cl\/tarapaca\/exposicion-de-inach-en-liceo-politecnico\/#primaryimage\"},\"thumbnailUrl\":\"\",\"articleSection\":[\"Noticias\"],\"inLanguage\":\"es-CL\"},{\"@type\":\"WebPage\",\"@id\":\"https:\/\/dev.explora.cl\/tarapaca\/exposicion-de-inach-en-liceo-politecnico\/\",\"url\":\"https:\/\/dev.explora.cl\/tarapaca\/exposicion-de-inach-en-liceo-politecnico\/\",\"name\":\"Exposici\u00f3n de INACH en Liceo Polit\u00e9cnico - Tarapaca\",\"isPartOf\":{\"@id\":\"https:\/\/dev.explora.cl\/tarapaca\/#website\"},\"primaryImageOfPage\":{\"@id\":\"https:\/\/dev.explora.cl\/tarapaca\/exposicion-de-inach-en-liceo-politecnico\/#primaryimage\"},\"image\":{\"@id\":\"https:\/\/dev.explora.cl\/tarapaca\/exposicion-de-inach-en-liceo-politecnico\/#primaryimage\"},\"thumbnailUrl\":\"\",\"datePublished\":\"2014-10-16T12:47:07+00:00\",\"dateModified\":\"2019-05-16T02:06:42+00:00\",\"author\":{\"@id\":\"https:\/\/dev.explora.cl\/tarapaca\/#\/schema\/person\/cb8349c13ea2d324080adf8480d7ba5d\"},\"breadcrumb\":{\"@id\":\"https:\/\/dev.explora.cl\/tarapaca\/exposicion-de-inach-en-liceo-politecnico\/#breadcrumb\"},\"inLanguage\":\"es-CL\",\"potentialAction\":[{\"@type\":\"ReadAction\",\"target\":[\"https:\/\/dev.explora.cl\/tarapaca\/exposicion-de-inach-en-liceo-politecnico\/\"]}]},{\"@type\":\"ImageObject\",\"inLanguage\":\"es-CL\",\"@id\":\"https:\/\/dev.explora.cl\/tarapaca\/exposicion-de-inach-en-liceo-politecnico\/#primaryimage\",\"url\":\"\",\"contentUrl\":\"\"},{\"@type\":\"BreadcrumbList\",\"@id\":\"https:\/\/dev.explora.cl\/tarapaca\/exposicion-de-inach-en-liceo-politecnico\/#breadcrumb\",\"itemListElement\":[{\"@type\":\"ListItem\",\"position\":1,\"name\":\"Portada\",\"item\":\"https:\/\/dev.explora.cl\/tarapaca\/\"},{\"@type\":\"ListItem\",\"position\":2,\"name\":\"Exposici\u00f3n de INACH en Liceo Polit\u00e9cnico\"}]},{\"@type\":\"WebSite\",\"@id\":\"https:\/\/dev.explora.cl\/tarapaca\/#website\",\"url\":\"https:\/\/dev.explora.cl\/tarapaca\/\",\"name\":\"Tarapaca\",\"description\":\"Otro sitio m\u00e1s de dev.explora.cl\",\"potentialAction\":[{\"@type\":\"SearchAction\",\"target\":{\"@type\":\"EntryPoint\",\"urlTemplate\":\"https:\/\/dev.explora.cl\/tarapaca\/?s={search_term_string}\"},\"query-input\":{\"@type\":\"PropertyValueSpecification\",\"valueRequired\":true,\"valueName\":\"search_term_string\"}}],\"inLanguage\":\"es-CL\"},{\"@type\":\"Person\",\"@id\":\"https:\/\/dev.explora.cl\/tarapaca\/#\/schema\/person\/cb8349c13ea2d324080adf8480d7ba5d\",\"name\":\"webman\",\"image\":{\"@type\":\"ImageObject\",\"inLanguage\":\"es-CL\",\"@id\":\"https:\/\/dev.explora.cl\/tarapaca\/#\/schema\/person\/image\/\",\"url\":\"https:\/\/secure.gravatar.com\/avatar\/eeff3c82f2c02f7177d13663b7e6f890e9a6a0647ce9bb29cae02dcb094c7312?s=96&d=mm&r=g\",\"contentUrl\":\"https:\/\/secure.gravatar.com\/avatar\/eeff3c82f2c02f7177d13663b7e6f890e9a6a0647ce9bb29cae02dcb094c7312?s=96&d=mm&r=g\",\"caption\":\"webman\"},\"url\":\"https:\/\/dev.explora.cl\/tarapaca\/author\/webman\/\"}]}<\/script>\n<!-- \/ Yoast SEO plugin. -->","yoast_head_json":{"title":"Exposici\u00f3n de INACH en Liceo Polit\u00e9cnico - Tarapaca","robots":{"index":"index","follow":"follow","max-snippet":"max-snippet:-1","max-image-preview":"max-image-preview:large","max-video-preview":"max-video-preview:-1"},"canonical":"https:\/\/dev.explora.cl\/tarapaca\/exposicion-de-inach-en-liceo-politecnico\/","og_locale":"es_ES","og_type":"article","og_title":"Exposici\u00f3n de INACH en Liceo Polit\u00e9cnico - Tarapaca","og_description":"Estudiantes del Liceo Polit\u00e9cnico visitaron la exposici\u00f3n itinerante del Instituto Ant\u00e1rtico Chileno, INACH, denominada \u201cAnt\u00e1rtica, nuestra exposici\u00f3n fotogr\u00e1fica\u201d, en la cual se mostraron los principales atractivos de la zona, adem\u00e1s de las actividades realizadas por los ganadores de la Feria Ant\u00e1rtica Escolar, FAE. \u00a0","og_url":"https:\/\/dev.explora.cl\/tarapaca\/exposicion-de-inach-en-liceo-politecnico\/","og_site_name":"Tarapaca","article_published_time":"2014-10-16T12:47:07+00:00","article_modified_time":"2019-05-16T02:06:42+00:00","author":"webman","twitter_card":"summary_large_image","twitter_misc":{"Escrito por":"webman"},"schema":{"@context":"https:\/\/schema.org","@graph":[{"@type":"Article","@id":"https:\/\/dev.explora.cl\/tarapaca\/exposicion-de-inach-en-liceo-politecnico\/#article","isPartOf":{"@id":"https:\/\/dev.explora.cl\/tarapaca\/exposicion-de-inach-en-liceo-politecnico\/"},"author":{"name":"webman","@id":"https:\/\/dev.explora.cl\/tarapaca\/#\/schema\/person\/cb8349c13ea2d324080adf8480d7ba5d"},"headline":"Exposici\u00f3n de INACH en Liceo Polit\u00e9cnico","datePublished":"2014-10-16T12:47:07+00:00","dateModified":"2019-05-16T02:06:42+00:00","mainEntityOfPage":{"@id":"https:\/\/dev.explora.cl\/tarapaca\/exposicion-de-inach-en-liceo-politecnico\/"},"wordCount":59,"image":{"@id":"https:\/\/dev.explora.cl\/tarapaca\/exposicion-de-inach-en-liceo-politecnico\/#primaryimage"},"thumbnailUrl":"","articleSection":["Noticias"],"inLanguage":"es-CL"},{"@type":"WebPage","@id":"https:\/\/dev.explora.cl\/tarapaca\/exposicion-de-inach-en-liceo-politecnico\/","url":"https:\/\/dev.explora.cl\/tarapaca\/exposicion-de-inach-en-liceo-politecnico\/","name":"Exposici\u00f3n de INACH en Liceo Polit\u00e9cnico - Tarapaca","isPartOf":{"@id":"https:\/\/dev.explora.cl\/tarapaca\/#website"},"primaryImageOfPage":{"@id":"https:\/\/dev.explora.cl\/tarapaca\/exposicion-de-inach-en-liceo-politecnico\/#primaryimage"},"image":{"@id":"https:\/\/dev.explora.cl\/tarapaca\/exposicion-de-inach-en-liceo-politecnico\/#primaryimage"},"thumbnailUrl":"","datePublished":"2014-10-16T12:47:07+00:00","dateModified":"2019-05-16T02:06:42+00:00","author":{"@id":"https:\/\/dev.explora.cl\/tarapaca\/#\/schema\/person\/cb8349c13ea2d324080adf8480d7ba5d"},"breadcrumb":{"@id":"https:\/\/dev.explora.cl\/tarapaca\/exposicion-de-inach-en-liceo-politecnico\/#breadcrumb"},"inLanguage":"es-CL","potentialAction":[{"@type":"ReadAction","target":["https:\/\/dev.explora.cl\/tarapaca\/exposicion-de-inach-en-liceo-politecnico\/"]}]},{"@type":"ImageObject","inLanguage":"es-CL","@id":"https:\/\/dev.explora.cl\/tarapaca\/exposicion-de-inach-en-liceo-politecnico\/#primaryimage","url":"","contentUrl":""},{"@type":"BreadcrumbList","@id":"https:\/\/dev.explora.cl\/tarapaca\/exposicion-de-inach-en-liceo-politecnico\/#breadcrumb","itemListElement":[{"@type":"ListItem","position":1,"name":"Portada","item":"https:\/\/dev.explora.cl\/tarapaca\/"},{"@type":"ListItem","position":2,"name":"Exposici\u00f3n de INACH en Liceo Polit\u00e9cnico"}]},{"@type":"WebSite","@id":"https:\/\/dev.explora.cl\/tarapaca\/#website","url":"https:\/\/dev.explora.cl\/tarapaca\/","name":"Tarapaca","description":"Otro sitio m\u00e1s de dev.explora.cl","potentialAction":[{"@type":"SearchAction","target":{"@type":"EntryPoint","urlTemplate":"https:\/\/dev.explora.cl\/tarapaca\/?s={search_term_string}"},"query-input":{"@type":"PropertyValueSpecification","valueRequired":true,"valueName":"search_term_string"}}],"inLanguage":"es-CL"},{"@type":"Person","@id":"https:\/\/dev.explora.cl\/tarapaca\/#\/schema\/person\/cb8349c13ea2d324080adf8480d7ba5d","name":"webman","image":{"@type":"ImageObject","inLanguage":"es-CL","@id":"https:\/\/dev.explora.cl\/tarapaca\/#\/schema\/person\/image\/","url":"https:\/\/secure.gravatar.com\/avatar\/eeff3c82f2c02f7177d13663b7e6f890e9a6a0647ce9bb29cae02dcb094c7312?s=96&d=mm&r=g","contentUrl":"https:\/\/secure.gravatar.com\/avatar\/eeff3c82f2c02f7177d13663b7e6f890e9a6a0647ce9bb29cae02dcb094c7312?s=96&d=mm&r=g","caption":"webman"},"url":"https:\/\/dev.explora.cl\/tarapaca\/author\/webman\/"}]}},"_links":{"self":[{"href":"https:\/\/dev.explora.cl\/tarapaca\/wp-json\/wp\/v2\/posts\/32527","targetHints":{"allow":["GET"]}}],"collection":[{"href":"https:\/\/dev.explora.cl\/tarapaca\/wp-json\/wp\/v2\/posts"}],"about":[{"href":"https:\/\/dev.explora.cl\/tarapaca\/wp-json\/wp\/v2\/types\/post"}],"author":[{"embeddable":true,"href":"https:\/\/dev.explora.cl\/tarapaca\/wp-json\/wp\/v2\/users\/2"}],"replies":[{"embeddable":true,"href":"https:\/\/dev.explora.cl\/tarapaca\/wp-json\/wp\/v2\/comments?post=32527"}],"version-history":[{"count":1,"href":"https:\/\/dev.explora.cl\/tarapaca\/wp-json\/wp\/v2\/posts\/32527\/revisions"}],"predecessor-version":[{"id":38239,"href":"https:\/\/dev.explora.cl\/tarapaca\/wp-json\/wp\/v2\/posts\/32527\/revisions\/38239"}],"wp:featuredmedia":[{"embeddable":true,"href":"https:\/\/dev.explora.cl\/tarapaca\/wp-json\/"}],"wp:attachment":[{"href":"https:\/\/dev.explora.cl\/tarapaca\/wp-json\/wp\/v2\/media?parent=32527"}],"wp:term":[{"taxonomy":"category","embeddable":true,"href":"https:\/\/dev.explora.cl\/tarapaca\/wp-json\/wp\/v2\/categories?post=32527"},{"taxonomy":"post_tag","embeddable":true,"href":"https:\/\/dev.explora.cl\/tarapaca\/wp-json\/wp\/v2\/tags?post=32527"}],"curies":[{"name":"wp","href":"https:\/\/api.w.org\/{rel}","templated":true}]}}