{"id":32523,"date":"2014-10-17T14:28:22","date_gmt":"2014-10-17T14:28:22","guid":{"rendered":"https:\/\/dev.explora.cl\/tarapaca\/blog\/2014\/10\/17\/liceo-elena-duvauchelle-en-el-dia-de-la-ciencia-en-mi-colegio\/"},"modified":"2019-05-16T02:06:41","modified_gmt":"2019-05-16T02:06:41","slug":"liceo-elena-duvauchelle-en-el-dia-de-la-ciencia-en-mi-colegio","status":"publish","type":"post","link":"https:\/\/dev.explora.cl\/tarapaca\/liceo-elena-duvauchelle-en-el-dia-de-la-ciencia-en-mi-colegio\/","title":{"rendered":"Liceo Elena Duvauchelle en \u201cEl D\u00eda de la Ciencia en Mi colegio\u201d"},"content":{"rendered":"<p><img loading=\"lazy\" decoding=\"async\" class=\" size-full wp-image-6304\" src=\"http:\/\/ec2-34-218-253-251.us-west-2.compute.amazonaws.com\/wp-content\/uploads\/2014\/10\/02d8012e1db1554c5c16460f67368f3a.jpg\" alt=\"\" width=\"3008\" height=\"2000\" \/><\/p>\n<p>Estudiantes de tercero y cuarto medio del liceo Elena Duvauchelle tambi\u00e9n tuvieron su \u201cD\u00eda de la Ciencia\u201d. En la ocasi\u00f3n el profesor a cargo Juan Luengo, abri\u00f3 las puertas a toda la comunidad estudiantil del laboratorio de qu\u00edmica del establecimiento.<\/p>\n<p>Margarita Cisternas, encargada de Iniciativas Regionales, del PAR EXPLORA Tarapac\u00e1 de la UNAP, se\u00f1al\u00f3 que \u201cla idea es convertir salas de clases y el patio del establecimiento en un laboratorio abierto, logrando as\u00ed mostrar a la comunidad los trabajos cient\u00edficos realizados durante el a\u00f1o\u201d, concluy\u00f3.<\/p>\n","protected":false},"excerpt":{"rendered":"<p>Estudiantes de tercero y cuarto medio del liceo Elena Duvauchelle tambi\u00e9n tuvieron su \u201cD\u00eda de la Ciencia\u201d. En la ocasi\u00f3n el profesor a cargo Juan Luengo, abri\u00f3 las puertas a toda la comunidad estudiantil del laboratorio de qu\u00edmica del establecimiento. Margarita Cisternas, encargada de Iniciativas Regionales, del PAR EXPLORA Tarapac\u00e1 de la UNAP, se\u00f1al\u00f3 que [&hellip;]<\/p>\n","protected":false},"author":2,"featured_media":6304,"comment_status":"closed","ping_status":"open","sticky":false,"template":"","format":"standard","meta":{"_acf_changed":false,"_exactmetrics_skip_tracking":false,"_exactmetrics_sitenote_active":false,"_exactmetrics_sitenote_note":"","_exactmetrics_sitenote_category":0,"footnotes":"","_links_to":"","_links_to_target":""},"categories":[4],"tags":[],"class_list":["post-32523","post","type-post","status-publish","format-standard","has-post-thumbnail","hentry","category-noticias"],"acf":[],"yoast_head":"<!-- This site is optimized with the Yoast SEO plugin v26.7 - https:\/\/yoast.com\/wordpress\/plugins\/seo\/ -->\n<title>Liceo Elena Duvauchelle en \u201cEl D\u00eda de la Ciencia en Mi colegio\u201d - Tarapaca<\/title>\n<meta name=\"robots\" content=\"index, follow, max-snippet:-1, max-image-preview:large, max-video-preview:-1\" \/>\n<link rel=\"canonical\" href=\"https:\/\/dev.explora.cl\/tarapaca\/liceo-elena-duvauchelle-en-el-dia-de-la-ciencia-en-mi-colegio\/\" class=\"yoast-seo-meta-tag\" \/>\n<meta property=\"og:locale\" content=\"es_ES\" class=\"yoast-seo-meta-tag\" \/>\n<meta property=\"og:type\" content=\"article\" class=\"yoast-seo-meta-tag\" \/>\n<meta property=\"og:title\" content=\"Liceo Elena Duvauchelle en \u201cEl D\u00eda de la Ciencia en Mi colegio\u201d - Tarapaca\" class=\"yoast-seo-meta-tag\" \/>\n<meta property=\"og:description\" content=\"Estudiantes de tercero y cuarto medio del liceo Elena Duvauchelle tambi\u00e9n tuvieron su \u201cD\u00eda de la Ciencia\u201d. En la ocasi\u00f3n el profesor a cargo Juan Luengo, abri\u00f3 las puertas a toda la comunidad estudiantil del laboratorio de qu\u00edmica del establecimiento. Margarita Cisternas, encargada de Iniciativas Regionales, del PAR EXPLORA Tarapac\u00e1 de la UNAP, se\u00f1al\u00f3 que [&hellip;]\" class=\"yoast-seo-meta-tag\" \/>\n<meta property=\"og:url\" content=\"https:\/\/dev.explora.cl\/tarapaca\/liceo-elena-duvauchelle-en-el-dia-de-la-ciencia-en-mi-colegio\/\" class=\"yoast-seo-meta-tag\" \/>\n<meta property=\"og:site_name\" content=\"Tarapaca\" class=\"yoast-seo-meta-tag\" \/>\n<meta property=\"article:published_time\" content=\"2014-10-17T14:28:22+00:00\" class=\"yoast-seo-meta-tag\" \/>\n<meta property=\"article:modified_time\" content=\"2019-05-16T02:06:41+00:00\" class=\"yoast-seo-meta-tag\" \/>\n<meta name=\"author\" content=\"webman\" class=\"yoast-seo-meta-tag\" \/>\n<meta name=\"twitter:card\" content=\"summary_large_image\" class=\"yoast-seo-meta-tag\" \/>\n<meta name=\"twitter:label1\" content=\"Escrito por\" class=\"yoast-seo-meta-tag\" \/>\n\t<meta name=\"twitter:data1\" content=\"webman\" class=\"yoast-seo-meta-tag\" \/>\n<script type=\"application\/ld+json\" class=\"yoast-schema-graph\">{\"@context\":\"https:\/\/schema.org\",\"@graph\":[{\"@type\":\"Article\",\"@id\":\"https:\/\/dev.explora.cl\/tarapaca\/liceo-elena-duvauchelle-en-el-dia-de-la-ciencia-en-mi-colegio\/#article\",\"isPartOf\":{\"@id\":\"https:\/\/dev.explora.cl\/tarapaca\/liceo-elena-duvauchelle-en-el-dia-de-la-ciencia-en-mi-colegio\/\"},\"author\":{\"name\":\"webman\",\"@id\":\"https:\/\/dev.explora.cl\/tarapaca\/#\/schema\/person\/cb8349c13ea2d324080adf8480d7ba5d\"},\"headline\":\"Liceo Elena Duvauchelle en \u201cEl D\u00eda de la Ciencia en Mi colegio\u201d\",\"datePublished\":\"2014-10-17T14:28:22+00:00\",\"dateModified\":\"2019-05-16T02:06:41+00:00\",\"mainEntityOfPage\":{\"@id\":\"https:\/\/dev.explora.cl\/tarapaca\/liceo-elena-duvauchelle-en-el-dia-de-la-ciencia-en-mi-colegio\/\"},\"wordCount\":105,\"image\":{\"@id\":\"https:\/\/dev.explora.cl\/tarapaca\/liceo-elena-duvauchelle-en-el-dia-de-la-ciencia-en-mi-colegio\/#primaryimage\"},\"thumbnailUrl\":\"\",\"articleSection\":[\"Noticias\"],\"inLanguage\":\"es-CL\"},{\"@type\":\"WebPage\",\"@id\":\"https:\/\/dev.explora.cl\/tarapaca\/liceo-elena-duvauchelle-en-el-dia-de-la-ciencia-en-mi-colegio\/\",\"url\":\"https:\/\/dev.explora.cl\/tarapaca\/liceo-elena-duvauchelle-en-el-dia-de-la-ciencia-en-mi-colegio\/\",\"name\":\"Liceo Elena Duvauchelle en \u201cEl D\u00eda de la Ciencia en Mi colegio\u201d - Tarapaca\",\"isPartOf\":{\"@id\":\"https:\/\/dev.explora.cl\/tarapaca\/#website\"},\"primaryImageOfPage\":{\"@id\":\"https:\/\/dev.explora.cl\/tarapaca\/liceo-elena-duvauchelle-en-el-dia-de-la-ciencia-en-mi-colegio\/#primaryimage\"},\"image\":{\"@id\":\"https:\/\/dev.explora.cl\/tarapaca\/liceo-elena-duvauchelle-en-el-dia-de-la-ciencia-en-mi-colegio\/#primaryimage\"},\"thumbnailUrl\":\"\",\"datePublished\":\"2014-10-17T14:28:22+00:00\",\"dateModified\":\"2019-05-16T02:06:41+00:00\",\"author\":{\"@id\":\"https:\/\/dev.explora.cl\/tarapaca\/#\/schema\/person\/cb8349c13ea2d324080adf8480d7ba5d\"},\"breadcrumb\":{\"@id\":\"https:\/\/dev.explora.cl\/tarapaca\/liceo-elena-duvauchelle-en-el-dia-de-la-ciencia-en-mi-colegio\/#breadcrumb\"},\"inLanguage\":\"es-CL\",\"potentialAction\":[{\"@type\":\"ReadAction\",\"target\":[\"https:\/\/dev.explora.cl\/tarapaca\/liceo-elena-duvauchelle-en-el-dia-de-la-ciencia-en-mi-colegio\/\"]}]},{\"@type\":\"ImageObject\",\"inLanguage\":\"es-CL\",\"@id\":\"https:\/\/dev.explora.cl\/tarapaca\/liceo-elena-duvauchelle-en-el-dia-de-la-ciencia-en-mi-colegio\/#primaryimage\",\"url\":\"\",\"contentUrl\":\"\"},{\"@type\":\"BreadcrumbList\",\"@id\":\"https:\/\/dev.explora.cl\/tarapaca\/liceo-elena-duvauchelle-en-el-dia-de-la-ciencia-en-mi-colegio\/#breadcrumb\",\"itemListElement\":[{\"@type\":\"ListItem\",\"position\":1,\"name\":\"Portada\",\"item\":\"https:\/\/dev.explora.cl\/tarapaca\/\"},{\"@type\":\"ListItem\",\"position\":2,\"name\":\"Liceo Elena Duvauchelle en \u201cEl D\u00eda de la Ciencia en Mi colegio\u201d\"}]},{\"@type\":\"WebSite\",\"@id\":\"https:\/\/dev.explora.cl\/tarapaca\/#website\",\"url\":\"https:\/\/dev.explora.cl\/tarapaca\/\",\"name\":\"Tarapaca\",\"description\":\"Otro sitio m\u00e1s de dev.explora.cl\",\"potentialAction\":[{\"@type\":\"SearchAction\",\"target\":{\"@type\":\"EntryPoint\",\"urlTemplate\":\"https:\/\/dev.explora.cl\/tarapaca\/?s={search_term_string}\"},\"query-input\":{\"@type\":\"PropertyValueSpecification\",\"valueRequired\":true,\"valueName\":\"search_term_string\"}}],\"inLanguage\":\"es-CL\"},{\"@type\":\"Person\",\"@id\":\"https:\/\/dev.explora.cl\/tarapaca\/#\/schema\/person\/cb8349c13ea2d324080adf8480d7ba5d\",\"name\":\"webman\",\"image\":{\"@type\":\"ImageObject\",\"inLanguage\":\"es-CL\",\"@id\":\"https:\/\/dev.explora.cl\/tarapaca\/#\/schema\/person\/image\/\",\"url\":\"https:\/\/secure.gravatar.com\/avatar\/eeff3c82f2c02f7177d13663b7e6f890e9a6a0647ce9bb29cae02dcb094c7312?s=96&d=mm&r=g\",\"contentUrl\":\"https:\/\/secure.gravatar.com\/avatar\/eeff3c82f2c02f7177d13663b7e6f890e9a6a0647ce9bb29cae02dcb094c7312?s=96&d=mm&r=g\",\"caption\":\"webman\"},\"url\":\"https:\/\/dev.explora.cl\/tarapaca\/author\/webman\/\"}]}<\/script>\n<!-- \/ Yoast SEO plugin. -->","yoast_head_json":{"title":"Liceo Elena Duvauchelle en \u201cEl D\u00eda de la Ciencia en Mi colegio\u201d - Tarapaca","robots":{"index":"index","follow":"follow","max-snippet":"max-snippet:-1","max-image-preview":"max-image-preview:large","max-video-preview":"max-video-preview:-1"},"canonical":"https:\/\/dev.explora.cl\/tarapaca\/liceo-elena-duvauchelle-en-el-dia-de-la-ciencia-en-mi-colegio\/","og_locale":"es_ES","og_type":"article","og_title":"Liceo Elena Duvauchelle en \u201cEl D\u00eda de la Ciencia en Mi colegio\u201d - Tarapaca","og_description":"Estudiantes de tercero y cuarto medio del liceo Elena Duvauchelle tambi\u00e9n tuvieron su \u201cD\u00eda de la Ciencia\u201d. En la ocasi\u00f3n el profesor a cargo Juan Luengo, abri\u00f3 las puertas a toda la comunidad estudiantil del laboratorio de qu\u00edmica del establecimiento. Margarita Cisternas, encargada de Iniciativas Regionales, del PAR EXPLORA Tarapac\u00e1 de la UNAP, se\u00f1al\u00f3 que [&hellip;]","og_url":"https:\/\/dev.explora.cl\/tarapaca\/liceo-elena-duvauchelle-en-el-dia-de-la-ciencia-en-mi-colegio\/","og_site_name":"Tarapaca","article_published_time":"2014-10-17T14:28:22+00:00","article_modified_time":"2019-05-16T02:06:41+00:00","author":"webman","twitter_card":"summary_large_image","twitter_misc":{"Escrito por":"webman"},"schema":{"@context":"https:\/\/schema.org","@graph":[{"@type":"Article","@id":"https:\/\/dev.explora.cl\/tarapaca\/liceo-elena-duvauchelle-en-el-dia-de-la-ciencia-en-mi-colegio\/#article","isPartOf":{"@id":"https:\/\/dev.explora.cl\/tarapaca\/liceo-elena-duvauchelle-en-el-dia-de-la-ciencia-en-mi-colegio\/"},"author":{"name":"webman","@id":"https:\/\/dev.explora.cl\/tarapaca\/#\/schema\/person\/cb8349c13ea2d324080adf8480d7ba5d"},"headline":"Liceo Elena Duvauchelle en \u201cEl D\u00eda de la Ciencia en Mi colegio\u201d","datePublished":"2014-10-17T14:28:22+00:00","dateModified":"2019-05-16T02:06:41+00:00","mainEntityOfPage":{"@id":"https:\/\/dev.explora.cl\/tarapaca\/liceo-elena-duvauchelle-en-el-dia-de-la-ciencia-en-mi-colegio\/"},"wordCount":105,"image":{"@id":"https:\/\/dev.explora.cl\/tarapaca\/liceo-elena-duvauchelle-en-el-dia-de-la-ciencia-en-mi-colegio\/#primaryimage"},"thumbnailUrl":"","articleSection":["Noticias"],"inLanguage":"es-CL"},{"@type":"WebPage","@id":"https:\/\/dev.explora.cl\/tarapaca\/liceo-elena-duvauchelle-en-el-dia-de-la-ciencia-en-mi-colegio\/","url":"https:\/\/dev.explora.cl\/tarapaca\/liceo-elena-duvauchelle-en-el-dia-de-la-ciencia-en-mi-colegio\/","name":"Liceo Elena Duvauchelle en \u201cEl D\u00eda de la Ciencia en Mi colegio\u201d - Tarapaca","isPartOf":{"@id":"https:\/\/dev.explora.cl\/tarapaca\/#website"},"primaryImageOfPage":{"@id":"https:\/\/dev.explora.cl\/tarapaca\/liceo-elena-duvauchelle-en-el-dia-de-la-ciencia-en-mi-colegio\/#primaryimage"},"image":{"@id":"https:\/\/dev.explora.cl\/tarapaca\/liceo-elena-duvauchelle-en-el-dia-de-la-ciencia-en-mi-colegio\/#primaryimage"},"thumbnailUrl":"","datePublished":"2014-10-17T14:28:22+00:00","dateModified":"2019-05-16T02:06:41+00:00","author":{"@id":"https:\/\/dev.explora.cl\/tarapaca\/#\/schema\/person\/cb8349c13ea2d324080adf8480d7ba5d"},"breadcrumb":{"@id":"https:\/\/dev.explora.cl\/tarapaca\/liceo-elena-duvauchelle-en-el-dia-de-la-ciencia-en-mi-colegio\/#breadcrumb"},"inLanguage":"es-CL","potentialAction":[{"@type":"ReadAction","target":["https:\/\/dev.explora.cl\/tarapaca\/liceo-elena-duvauchelle-en-el-dia-de-la-ciencia-en-mi-colegio\/"]}]},{"@type":"ImageObject","inLanguage":"es-CL","@id":"https:\/\/dev.explora.cl\/tarapaca\/liceo-elena-duvauchelle-en-el-dia-de-la-ciencia-en-mi-colegio\/#primaryimage","url":"","contentUrl":""},{"@type":"BreadcrumbList","@id":"https:\/\/dev.explora.cl\/tarapaca\/liceo-elena-duvauchelle-en-el-dia-de-la-ciencia-en-mi-colegio\/#breadcrumb","itemListElement":[{"@type":"ListItem","position":1,"name":"Portada","item":"https:\/\/dev.explora.cl\/tarapaca\/"},{"@type":"ListItem","position":2,"name":"Liceo Elena Duvauchelle en \u201cEl D\u00eda de la Ciencia en Mi colegio\u201d"}]},{"@type":"WebSite","@id":"https:\/\/dev.explora.cl\/tarapaca\/#website","url":"https:\/\/dev.explora.cl\/tarapaca\/","name":"Tarapaca","description":"Otro sitio m\u00e1s de dev.explora.cl","potentialAction":[{"@type":"SearchAction","target":{"@type":"EntryPoint","urlTemplate":"https:\/\/dev.explora.cl\/tarapaca\/?s={search_term_string}"},"query-input":{"@type":"PropertyValueSpecification","valueRequired":true,"valueName":"search_term_string"}}],"inLanguage":"es-CL"},{"@type":"Person","@id":"https:\/\/dev.explora.cl\/tarapaca\/#\/schema\/person\/cb8349c13ea2d324080adf8480d7ba5d","name":"webman","image":{"@type":"ImageObject","inLanguage":"es-CL","@id":"https:\/\/dev.explora.cl\/tarapaca\/#\/schema\/person\/image\/","url":"https:\/\/secure.gravatar.com\/avatar\/eeff3c82f2c02f7177d13663b7e6f890e9a6a0647ce9bb29cae02dcb094c7312?s=96&d=mm&r=g","contentUrl":"https:\/\/secure.gravatar.com\/avatar\/eeff3c82f2c02f7177d13663b7e6f890e9a6a0647ce9bb29cae02dcb094c7312?s=96&d=mm&r=g","caption":"webman"},"url":"https:\/\/dev.explora.cl\/tarapaca\/author\/webman\/"}]}},"_links":{"self":[{"href":"https:\/\/dev.explora.cl\/tarapaca\/wp-json\/wp\/v2\/posts\/32523","targetHints":{"allow":["GET"]}}],"collection":[{"href":"https:\/\/dev.explora.cl\/tarapaca\/wp-json\/wp\/v2\/posts"}],"about":[{"href":"https:\/\/dev.explora.cl\/tarapaca\/wp-json\/wp\/v2\/types\/post"}],"author":[{"embeddable":true,"href":"https:\/\/dev.explora.cl\/tarapaca\/wp-json\/wp\/v2\/users\/2"}],"replies":[{"embeddable":true,"href":"https:\/\/dev.explora.cl\/tarapaca\/wp-json\/wp\/v2\/comments?post=32523"}],"version-history":[{"count":1,"href":"https:\/\/dev.explora.cl\/tarapaca\/wp-json\/wp\/v2\/posts\/32523\/revisions"}],"predecessor-version":[{"id":38238,"href":"https:\/\/dev.explora.cl\/tarapaca\/wp-json\/wp\/v2\/posts\/32523\/revisions\/38238"}],"wp:featuredmedia":[{"embeddable":true,"href":"https:\/\/dev.explora.cl\/tarapaca\/wp-json\/"}],"wp:attachment":[{"href":"https:\/\/dev.explora.cl\/tarapaca\/wp-json\/wp\/v2\/media?parent=32523"}],"wp:term":[{"taxonomy":"category","embeddable":true,"href":"https:\/\/dev.explora.cl\/tarapaca\/wp-json\/wp\/v2\/categories?post=32523"},{"taxonomy":"post_tag","embeddable":true,"href":"https:\/\/dev.explora.cl\/tarapaca\/wp-json\/wp\/v2\/tags?post=32523"}],"curies":[{"name":"wp","href":"https:\/\/api.w.org\/{rel}","templated":true}]}}