{"id":32509,"date":"2014-11-04T12:49:11","date_gmt":"2014-11-04T12:49:11","guid":{"rendered":"https:\/\/dev.explora.cl\/tarapaca\/blog\/2014\/11\/04\/participa-de-la-charla-colisiones-galacticas\/"},"modified":"2019-05-16T02:06:39","modified_gmt":"2019-05-16T02:06:39","slug":"participa-de-la-charla-colisiones-galacticas","status":"publish","type":"post","link":"https:\/\/dev.explora.cl\/tarapaca\/participa-de-la-charla-colisiones-galacticas\/","title":{"rendered":"Participa de la charla \u201cColisiones Gal\u00e1cticas\u201d"},"content":{"rendered":"<p><img loading=\"lazy\" decoding=\"async\" class=\" size-full wp-image-6791\" src=\"http:\/\/ec2-34-218-253-251.us-west-2.compute.amazonaws.com\/wp-content\/uploads\/2014\/11\/7d2b44e1acb81d8cdd76dd8b774e17df.jpg\" alt=\"\" width=\"2126\" height=\"1417\" \/><\/p>\n<p>Este viernes 7 de noviembre en la sala CRP 41 de la UNAP se realizar\u00e1 la charla dictada por el Dr. Ezequiel Treister \u201cColisiones Gal\u00e1cticas\u201d.<\/p>\n<p>\u00a0A la actividad est\u00e1n invitados todos quienes quieran participar de esta entretenida tem\u00e1tica. Adem\u00e1s pueden reservar entradas a trav\u00e9s de nuestro sitio web <a href=\"lista-eventos-nacional\/968-charla-colisiones-galacticas\">https:\/\/dev.explora.cl\/lista-eventos-nacional\/968-charla-colisiones-galacticas<\/a><\/p>\n<p>\u00a0<\/p>\n<p>Curr\u00edculum<\/p>\n<p>El Dr. Ezequiel Treister es actualmente profesor del Departamento de Astronom\u00eda de la\u00a0Facultad de Ciencias F\u00edsicas y Matem\u00e1ticas de la Universidad de Concepci\u00f3n. Obtuvo su\u00a0doctorado en Astronom\u00eda en 2005 en el programa conjunto de la Universidad de Chile y<\/p>\n<p>Yale en Estados Unidos. Posteriormente, realiz\u00f3 estad\u00edas de investigaci\u00f3n\u00a0postdoctorales en la ESO (Observatorio Europeo Austral) trabajando en el observatorio\u00a0Cerro Paranal y luego en la Universidad de Hawaii en Estados Unidos gracias a una beca de la<\/p>\n<p>NASA asociada al observatorio en rayos-X Chandra.<\/p>\n<p>\u00a0El Dr. Treister ha publicado m\u00e1s de 60 investigaciones cient\u00edficas, incluyendo art\u00edculos\u00a0en las revistas Science y Nature. Su tema de investigaci\u00f3n principal es el estudio del\u00a0crecimiento de los agujeros negros supermasivos y su relaci\u00f3n con la formaci\u00f3n y evoluci\u00f3n<\/p>\n<p>de galaxias utilizando para esto los telescopios m\u00e1s grandes del planeta y el espacio. Actualmente\u00a0es director del proyecto Anillo de CONICYT: EMBIGGEN, que re\u00fane a m\u00e1s de 30\u00a0investigadores buscando entender la relaci\u00f3n entre los choques de galaxias, el crecimiento<\/p>\n<p>de agujeros negros y la formaci\u00f3n y evoluci\u00f3n de galaxias. Es adem\u00e1s el\u00a0representante y encargado del proyecto Galaxy Zoo en Espa\u00f1ol. Recientemente, \u00a0fue elegido uno de los 30 investigadores menores de 40 a\u00f1os m\u00e1s relevantes de latinoam\u00e9rica<\/p>\n<p>por la revista Qu\u00e9 pasa y el blog Latin American Science.<\/p>\n","protected":false},"excerpt":{"rendered":"<p>Este viernes 7 de noviembre en la sala CRP 41 de la UNAP se realizar\u00e1 la charla dictada por el Dr. Ezequiel Treister \u201cColisiones Gal\u00e1cticas\u201d. \u00a0A la actividad est\u00e1n invitados todos quienes quieran participar de esta entretenida tem\u00e1tica. Adem\u00e1s pueden reservar entradas a trav\u00e9s de nuestro sitio web https:\/\/dev.explora.cl\/lista-eventos-nacional\/968-charla-colisiones-galacticas \u00a0 Curr\u00edculum El Dr. Ezequiel Treister [&hellip;]<\/p>\n","protected":false},"author":2,"featured_media":6791,"comment_status":"closed","ping_status":"open","sticky":false,"template":"","format":"standard","meta":{"_acf_changed":false,"_exactmetrics_skip_tracking":false,"_exactmetrics_sitenote_active":false,"_exactmetrics_sitenote_note":"","_exactmetrics_sitenote_category":0,"footnotes":"","_links_to":"","_links_to_target":""},"categories":[4],"tags":[],"class_list":["post-32509","post","type-post","status-publish","format-standard","has-post-thumbnail","hentry","category-noticias"],"acf":[],"yoast_head":"<!-- This site is optimized with the Yoast SEO plugin v26.7 - https:\/\/yoast.com\/wordpress\/plugins\/seo\/ -->\n<title>Participa de la charla \u201cColisiones Gal\u00e1cticas\u201d - Tarapaca<\/title>\n<meta name=\"robots\" content=\"index, follow, max-snippet:-1, max-image-preview:large, max-video-preview:-1\" \/>\n<link rel=\"canonical\" href=\"https:\/\/dev.explora.cl\/tarapaca\/participa-de-la-charla-colisiones-galacticas\/\" class=\"yoast-seo-meta-tag\" \/>\n<meta property=\"og:locale\" content=\"es_ES\" class=\"yoast-seo-meta-tag\" \/>\n<meta property=\"og:type\" content=\"article\" class=\"yoast-seo-meta-tag\" \/>\n<meta property=\"og:title\" content=\"Participa de la charla \u201cColisiones Gal\u00e1cticas\u201d - Tarapaca\" class=\"yoast-seo-meta-tag\" \/>\n<meta property=\"og:description\" content=\"Este viernes 7 de noviembre en la sala CRP 41 de la UNAP se realizar\u00e1 la charla dictada por el Dr. Ezequiel Treister \u201cColisiones Gal\u00e1cticas\u201d. \u00a0A la actividad est\u00e1n invitados todos quienes quieran participar de esta entretenida tem\u00e1tica. Adem\u00e1s pueden reservar entradas a trav\u00e9s de nuestro sitio web https:\/\/dev.explora.cl\/lista-eventos-nacional\/968-charla-colisiones-galacticas \u00a0 Curr\u00edculum El Dr. Ezequiel Treister [&hellip;]\" class=\"yoast-seo-meta-tag\" \/>\n<meta property=\"og:url\" content=\"https:\/\/dev.explora.cl\/tarapaca\/participa-de-la-charla-colisiones-galacticas\/\" class=\"yoast-seo-meta-tag\" \/>\n<meta property=\"og:site_name\" content=\"Tarapaca\" class=\"yoast-seo-meta-tag\" \/>\n<meta property=\"article:published_time\" content=\"2014-11-04T12:49:11+00:00\" class=\"yoast-seo-meta-tag\" \/>\n<meta property=\"article:modified_time\" content=\"2019-05-16T02:06:39+00:00\" class=\"yoast-seo-meta-tag\" \/>\n<meta name=\"author\" content=\"webman\" class=\"yoast-seo-meta-tag\" \/>\n<meta name=\"twitter:card\" content=\"summary_large_image\" class=\"yoast-seo-meta-tag\" \/>\n<meta name=\"twitter:label1\" content=\"Escrito por\" class=\"yoast-seo-meta-tag\" \/>\n\t<meta name=\"twitter:data1\" content=\"webman\" class=\"yoast-seo-meta-tag\" \/>\n\t<meta name=\"twitter:label2\" content=\"Tiempo estimado de lectura\" class=\"yoast-seo-meta-tag\" \/>\n\t<meta name=\"twitter:data2\" content=\"1 minuto\" class=\"yoast-seo-meta-tag\" \/>\n<script type=\"application\/ld+json\" class=\"yoast-schema-graph\">{\"@context\":\"https:\/\/schema.org\",\"@graph\":[{\"@type\":\"Article\",\"@id\":\"https:\/\/dev.explora.cl\/tarapaca\/participa-de-la-charla-colisiones-galacticas\/#article\",\"isPartOf\":{\"@id\":\"https:\/\/dev.explora.cl\/tarapaca\/participa-de-la-charla-colisiones-galacticas\/\"},\"author\":{\"name\":\"webman\",\"@id\":\"https:\/\/dev.explora.cl\/tarapaca\/#\/schema\/person\/cb8349c13ea2d324080adf8480d7ba5d\"},\"headline\":\"Participa de la charla \u201cColisiones Gal\u00e1cticas\u201d\",\"datePublished\":\"2014-11-04T12:49:11+00:00\",\"dateModified\":\"2019-05-16T02:06:39+00:00\",\"mainEntityOfPage\":{\"@id\":\"https:\/\/dev.explora.cl\/tarapaca\/participa-de-la-charla-colisiones-galacticas\/\"},\"wordCount\":303,\"image\":{\"@id\":\"https:\/\/dev.explora.cl\/tarapaca\/participa-de-la-charla-colisiones-galacticas\/#primaryimage\"},\"thumbnailUrl\":\"\",\"articleSection\":[\"Noticias\"],\"inLanguage\":\"es-CL\"},{\"@type\":\"WebPage\",\"@id\":\"https:\/\/dev.explora.cl\/tarapaca\/participa-de-la-charla-colisiones-galacticas\/\",\"url\":\"https:\/\/dev.explora.cl\/tarapaca\/participa-de-la-charla-colisiones-galacticas\/\",\"name\":\"Participa de la charla \u201cColisiones Gal\u00e1cticas\u201d - Tarapaca\",\"isPartOf\":{\"@id\":\"https:\/\/dev.explora.cl\/tarapaca\/#website\"},\"primaryImageOfPage\":{\"@id\":\"https:\/\/dev.explora.cl\/tarapaca\/participa-de-la-charla-colisiones-galacticas\/#primaryimage\"},\"image\":{\"@id\":\"https:\/\/dev.explora.cl\/tarapaca\/participa-de-la-charla-colisiones-galacticas\/#primaryimage\"},\"thumbnailUrl\":\"\",\"datePublished\":\"2014-11-04T12:49:11+00:00\",\"dateModified\":\"2019-05-16T02:06:39+00:00\",\"author\":{\"@id\":\"https:\/\/dev.explora.cl\/tarapaca\/#\/schema\/person\/cb8349c13ea2d324080adf8480d7ba5d\"},\"breadcrumb\":{\"@id\":\"https:\/\/dev.explora.cl\/tarapaca\/participa-de-la-charla-colisiones-galacticas\/#breadcrumb\"},\"inLanguage\":\"es-CL\",\"potentialAction\":[{\"@type\":\"ReadAction\",\"target\":[\"https:\/\/dev.explora.cl\/tarapaca\/participa-de-la-charla-colisiones-galacticas\/\"]}]},{\"@type\":\"ImageObject\",\"inLanguage\":\"es-CL\",\"@id\":\"https:\/\/dev.explora.cl\/tarapaca\/participa-de-la-charla-colisiones-galacticas\/#primaryimage\",\"url\":\"\",\"contentUrl\":\"\"},{\"@type\":\"BreadcrumbList\",\"@id\":\"https:\/\/dev.explora.cl\/tarapaca\/participa-de-la-charla-colisiones-galacticas\/#breadcrumb\",\"itemListElement\":[{\"@type\":\"ListItem\",\"position\":1,\"name\":\"Portada\",\"item\":\"https:\/\/dev.explora.cl\/tarapaca\/\"},{\"@type\":\"ListItem\",\"position\":2,\"name\":\"Participa de la charla \u201cColisiones Gal\u00e1cticas\u201d\"}]},{\"@type\":\"WebSite\",\"@id\":\"https:\/\/dev.explora.cl\/tarapaca\/#website\",\"url\":\"https:\/\/dev.explora.cl\/tarapaca\/\",\"name\":\"Tarapaca\",\"description\":\"Otro sitio m\u00e1s de dev.explora.cl\",\"potentialAction\":[{\"@type\":\"SearchAction\",\"target\":{\"@type\":\"EntryPoint\",\"urlTemplate\":\"https:\/\/dev.explora.cl\/tarapaca\/?s={search_term_string}\"},\"query-input\":{\"@type\":\"PropertyValueSpecification\",\"valueRequired\":true,\"valueName\":\"search_term_string\"}}],\"inLanguage\":\"es-CL\"},{\"@type\":\"Person\",\"@id\":\"https:\/\/dev.explora.cl\/tarapaca\/#\/schema\/person\/cb8349c13ea2d324080adf8480d7ba5d\",\"name\":\"webman\",\"image\":{\"@type\":\"ImageObject\",\"inLanguage\":\"es-CL\",\"@id\":\"https:\/\/dev.explora.cl\/tarapaca\/#\/schema\/person\/image\/\",\"url\":\"https:\/\/secure.gravatar.com\/avatar\/eeff3c82f2c02f7177d13663b7e6f890e9a6a0647ce9bb29cae02dcb094c7312?s=96&d=mm&r=g\",\"contentUrl\":\"https:\/\/secure.gravatar.com\/avatar\/eeff3c82f2c02f7177d13663b7e6f890e9a6a0647ce9bb29cae02dcb094c7312?s=96&d=mm&r=g\",\"caption\":\"webman\"},\"url\":\"https:\/\/dev.explora.cl\/tarapaca\/author\/webman\/\"}]}<\/script>\n<!-- \/ Yoast SEO plugin. -->","yoast_head_json":{"title":"Participa de la charla \u201cColisiones Gal\u00e1cticas\u201d - Tarapaca","robots":{"index":"index","follow":"follow","max-snippet":"max-snippet:-1","max-image-preview":"max-image-preview:large","max-video-preview":"max-video-preview:-1"},"canonical":"https:\/\/dev.explora.cl\/tarapaca\/participa-de-la-charla-colisiones-galacticas\/","og_locale":"es_ES","og_type":"article","og_title":"Participa de la charla \u201cColisiones Gal\u00e1cticas\u201d - Tarapaca","og_description":"Este viernes 7 de noviembre en la sala CRP 41 de la UNAP se realizar\u00e1 la charla dictada por el Dr. Ezequiel Treister \u201cColisiones Gal\u00e1cticas\u201d. \u00a0A la actividad est\u00e1n invitados todos quienes quieran participar de esta entretenida tem\u00e1tica. Adem\u00e1s pueden reservar entradas a trav\u00e9s de nuestro sitio web https:\/\/dev.explora.cl\/lista-eventos-nacional\/968-charla-colisiones-galacticas \u00a0 Curr\u00edculum El Dr. Ezequiel Treister [&hellip;]","og_url":"https:\/\/dev.explora.cl\/tarapaca\/participa-de-la-charla-colisiones-galacticas\/","og_site_name":"Tarapaca","article_published_time":"2014-11-04T12:49:11+00:00","article_modified_time":"2019-05-16T02:06:39+00:00","author":"webman","twitter_card":"summary_large_image","twitter_misc":{"Escrito por":"webman","Tiempo estimado de lectura":"1 minuto"},"schema":{"@context":"https:\/\/schema.org","@graph":[{"@type":"Article","@id":"https:\/\/dev.explora.cl\/tarapaca\/participa-de-la-charla-colisiones-galacticas\/#article","isPartOf":{"@id":"https:\/\/dev.explora.cl\/tarapaca\/participa-de-la-charla-colisiones-galacticas\/"},"author":{"name":"webman","@id":"https:\/\/dev.explora.cl\/tarapaca\/#\/schema\/person\/cb8349c13ea2d324080adf8480d7ba5d"},"headline":"Participa de la charla \u201cColisiones Gal\u00e1cticas\u201d","datePublished":"2014-11-04T12:49:11+00:00","dateModified":"2019-05-16T02:06:39+00:00","mainEntityOfPage":{"@id":"https:\/\/dev.explora.cl\/tarapaca\/participa-de-la-charla-colisiones-galacticas\/"},"wordCount":303,"image":{"@id":"https:\/\/dev.explora.cl\/tarapaca\/participa-de-la-charla-colisiones-galacticas\/#primaryimage"},"thumbnailUrl":"","articleSection":["Noticias"],"inLanguage":"es-CL"},{"@type":"WebPage","@id":"https:\/\/dev.explora.cl\/tarapaca\/participa-de-la-charla-colisiones-galacticas\/","url":"https:\/\/dev.explora.cl\/tarapaca\/participa-de-la-charla-colisiones-galacticas\/","name":"Participa de la charla \u201cColisiones Gal\u00e1cticas\u201d - Tarapaca","isPartOf":{"@id":"https:\/\/dev.explora.cl\/tarapaca\/#website"},"primaryImageOfPage":{"@id":"https:\/\/dev.explora.cl\/tarapaca\/participa-de-la-charla-colisiones-galacticas\/#primaryimage"},"image":{"@id":"https:\/\/dev.explora.cl\/tarapaca\/participa-de-la-charla-colisiones-galacticas\/#primaryimage"},"thumbnailUrl":"","datePublished":"2014-11-04T12:49:11+00:00","dateModified":"2019-05-16T02:06:39+00:00","author":{"@id":"https:\/\/dev.explora.cl\/tarapaca\/#\/schema\/person\/cb8349c13ea2d324080adf8480d7ba5d"},"breadcrumb":{"@id":"https:\/\/dev.explora.cl\/tarapaca\/participa-de-la-charla-colisiones-galacticas\/#breadcrumb"},"inLanguage":"es-CL","potentialAction":[{"@type":"ReadAction","target":["https:\/\/dev.explora.cl\/tarapaca\/participa-de-la-charla-colisiones-galacticas\/"]}]},{"@type":"ImageObject","inLanguage":"es-CL","@id":"https:\/\/dev.explora.cl\/tarapaca\/participa-de-la-charla-colisiones-galacticas\/#primaryimage","url":"","contentUrl":""},{"@type":"BreadcrumbList","@id":"https:\/\/dev.explora.cl\/tarapaca\/participa-de-la-charla-colisiones-galacticas\/#breadcrumb","itemListElement":[{"@type":"ListItem","position":1,"name":"Portada","item":"https:\/\/dev.explora.cl\/tarapaca\/"},{"@type":"ListItem","position":2,"name":"Participa de la charla \u201cColisiones Gal\u00e1cticas\u201d"}]},{"@type":"WebSite","@id":"https:\/\/dev.explora.cl\/tarapaca\/#website","url":"https:\/\/dev.explora.cl\/tarapaca\/","name":"Tarapaca","description":"Otro sitio m\u00e1s de dev.explora.cl","potentialAction":[{"@type":"SearchAction","target":{"@type":"EntryPoint","urlTemplate":"https:\/\/dev.explora.cl\/tarapaca\/?s={search_term_string}"},"query-input":{"@type":"PropertyValueSpecification","valueRequired":true,"valueName":"search_term_string"}}],"inLanguage":"es-CL"},{"@type":"Person","@id":"https:\/\/dev.explora.cl\/tarapaca\/#\/schema\/person\/cb8349c13ea2d324080adf8480d7ba5d","name":"webman","image":{"@type":"ImageObject","inLanguage":"es-CL","@id":"https:\/\/dev.explora.cl\/tarapaca\/#\/schema\/person\/image\/","url":"https:\/\/secure.gravatar.com\/avatar\/eeff3c82f2c02f7177d13663b7e6f890e9a6a0647ce9bb29cae02dcb094c7312?s=96&d=mm&r=g","contentUrl":"https:\/\/secure.gravatar.com\/avatar\/eeff3c82f2c02f7177d13663b7e6f890e9a6a0647ce9bb29cae02dcb094c7312?s=96&d=mm&r=g","caption":"webman"},"url":"https:\/\/dev.explora.cl\/tarapaca\/author\/webman\/"}]}},"_links":{"self":[{"href":"https:\/\/dev.explora.cl\/tarapaca\/wp-json\/wp\/v2\/posts\/32509","targetHints":{"allow":["GET"]}}],"collection":[{"href":"https:\/\/dev.explora.cl\/tarapaca\/wp-json\/wp\/v2\/posts"}],"about":[{"href":"https:\/\/dev.explora.cl\/tarapaca\/wp-json\/wp\/v2\/types\/post"}],"author":[{"embeddable":true,"href":"https:\/\/dev.explora.cl\/tarapaca\/wp-json\/wp\/v2\/users\/2"}],"replies":[{"embeddable":true,"href":"https:\/\/dev.explora.cl\/tarapaca\/wp-json\/wp\/v2\/comments?post=32509"}],"version-history":[{"count":1,"href":"https:\/\/dev.explora.cl\/tarapaca\/wp-json\/wp\/v2\/posts\/32509\/revisions"}],"predecessor-version":[{"id":38231,"href":"https:\/\/dev.explora.cl\/tarapaca\/wp-json\/wp\/v2\/posts\/32509\/revisions\/38231"}],"wp:featuredmedia":[{"embeddable":true,"href":"https:\/\/dev.explora.cl\/tarapaca\/wp-json\/"}],"wp:attachment":[{"href":"https:\/\/dev.explora.cl\/tarapaca\/wp-json\/wp\/v2\/media?parent=32509"}],"wp:term":[{"taxonomy":"category","embeddable":true,"href":"https:\/\/dev.explora.cl\/tarapaca\/wp-json\/wp\/v2\/categories?post=32509"},{"taxonomy":"post_tag","embeddable":true,"href":"https:\/\/dev.explora.cl\/tarapaca\/wp-json\/wp\/v2\/tags?post=32509"}],"curies":[{"name":"wp","href":"https:\/\/api.w.org\/{rel}","templated":true}]}}