{"id":31520,"date":"2018-05-18T21:42:21","date_gmt":"2018-05-18T21:42:21","guid":{"rendered":"http:\/\/ec2-54-245-22-188.us-west-2.compute.amazonaws.com\/2018\/05\/18\/explora-capacitara-a-participantes-de-torneo-de-debates-escolares\/"},"modified":"2019-05-16T02:04:07","modified_gmt":"2019-05-16T02:04:07","slug":"explora-capacitara-a-participantes-de-torneo-de-debates-escolares","status":"publish","type":"post","link":"https:\/\/dev.explora.cl\/tarapaca\/explora-capacitara-a-participantes-de-torneo-de-debates-escolares\/","title":{"rendered":"Explora capacitar\u00e1 a participantes de torneo de debates escolares"},"content":{"rendered":"<p>*Jornadas de capacitaci\u00f3n se desarrollar\u00e1n el pr\u00f3ximo 24 y 25 de mayo como antesala al \u201cIX Torneo de Debates Escolares en Ciencia y Tecnolog\u00eda\u201d.<\/p>\n<p>El pr\u00f3ximo 24 y 25 de mayo en el Sal\u00f3n Tarapac\u00e1 se realizar\u00e1 una nueva etapa del pr\u00f3ximo \u201cIX Torneo de debates escolares en ciencia y tecnolog\u00eda\u201d, ya que durante esos dos d\u00edas se capacitar\u00e1 a profesores, estudiantes y jueces para explicar la metodolog\u00eda del pr\u00f3ximo evento.La capacitaci\u00f3n en sus dos jornadas es obligatoria para los participantes y abordar\u00e1 temas como: debate cr\u00edtico, conceptos b\u00e1sicos de argumentaci\u00f3n, habilidades de pensamiento cr\u00edtico, el rol de los profesores en la preparaci\u00f3n de sus equipos de debate y sobre el sistema de evaluaci\u00f3n de plantillas y puntajes.<\/p>\n<p>En este pr\u00f3ximo torneo de debate participar\u00e1n estudiantes de entre s\u00e9ptimo b\u00e1sico y cuarto medio de los establecimientos educacionales que se inscribieron hasta el 14 de mayo y la novedad de este a\u00f1o es el considerable aumento de participantes, el cual aument\u00f3 de 16 a 22 establecimientos, respecto del a\u00f1o anterior y la participaci\u00f3n de escuelas rurales.<\/p>\n<p>\u201cEste a\u00f1o constatamos el inter\u00e9s en debatir de los establecimientos, ya que aumentamos de 16 a 22 los participantes, pero lo que nos parece m\u00e1s significativo es contar con la participaci\u00f3n de establecimientos rurales como el Liceo de Cami\u00f1a, el Liceo de Huara y la Escuela B\u00e1sica de Pisagua\u201d, precis\u00f3 Valeska Zepeda, Directora de PAR Explora de Conicyt Tarapac\u00e1.<\/p>\n<p><img loading=\"lazy\" decoding=\"async\" class=\" size-full wp-image-31519\" src=\"https:\/\/dev.explora.cl\/wp-content\/uploads\/2018\/05\/explora_debates_tarapaca.JPG\" alt=\"explora debates tarapaca\" width=\"1920\" height=\"1280\" \/><\/p>\n<p>&nbsp;<strong>Sobre el torneo 2018<\/strong><\/p>\n<p>El torneo est\u00e1 enfocado en fortalecer a los estudiantes en habilidades vinculadas al pensamiento cr\u00edtico mediante el discurso argumentativo y las tem\u00e1ticas a desarrollar durante este a\u00f1o est\u00e1n relacionada a problem\u00e1ticas regionales o nacionales, basados en el respeto y la informaci\u00f3n objetiva, incentivando el compromiso y responsabilidad social del estudiante con su entorno y comunidad.&nbsp;<\/p>\n<p>Cabe destacar que la Final Interregional de debates Escolares en Ciencia y Tecnolog\u00eda se desarrollar\u00e1 en Magallanes, en el mes de octubre donde participar\u00e1n delegaciones de Tarapac\u00e1, Ays\u00e9n y Regi\u00f3n Metropolitana.<\/p>\n<p>El PAR Explora de CONICYT Tarapac\u00e1 es un proyecto ejecutado por la Corporaci\u00f3n Tarapac\u00e1, apoyada por el Gobierno Regional y en alianza con la Universidad de Tarapac\u00e1 y que&nbsp; tiene como objetivo, el promover la participaci\u00f3n de la comunidad.<\/p>\n<p>A continuaci\u00f3n dejamos la lista de los establecimientos participantes de este a\u00f1o:<\/p>\n<p>Colegio San Pedro<\/p>\n<p>Liceo Bicentenario Minero SS Juan Pablo Segundo<\/p>\n<p>Liceo Academia Nacional<\/p>\n<p>Colegio Sagrado Coraz\u00f3n de Jesus<\/p>\n<p>Colegio Salesiano Santo Domingo Savio<\/p>\n<p>Colegio Academia Hospicio<\/p>\n<p>Colegio Nirvana<\/p>\n<p>Liceo de Cami\u00f1a<\/p>\n<p>Liceo de Huara<\/p>\n<p>Escuela B\u00e1sica G 69 de Pisagua<\/p>\n<p>Liceo Polit\u00e9cnico Jos\u00e9 Gutierrez de la Fuente<\/p>\n<p>Liceo Presidente Anibal Pinto Garmendia<\/p>\n<p>Colegio Ingl\u00e9s<\/p>\n<p>Colegio Hispano Britanico<\/p>\n<p>Liceo A-7 Libertador General Bernardo O\u2019higgins<\/p>\n<p>Colegio Hispano Italiano<\/p>\n<p>Colegio Salesiano de Iquique \u201cDon Bosco\u201d<\/p>\n<p>Colegio Humberstone<\/p>\n<p>Instituto del Mar Almirante Carlos Condell<\/p>\n<p>Colegio Academia Tarapac\u00e1<\/p>\n<p>Liceo Academia Iquique<\/p>\n<p>Liceo Bicentenario Domingo Santa Mar\u00eda<\/p>\n","protected":false},"excerpt":{"rendered":"<p>*Jornadas de capacitaci\u00f3n se desarrollar\u00e1n el pr\u00f3ximo 24 y 25 de mayo como antesala al \u201cIX Torneo de Debates Escolares en Ciencia y Tecnolog\u00eda\u201d. El pr\u00f3ximo 24 y 25 de mayo en el Sal\u00f3n Tarapac\u00e1 se realizar\u00e1 una nueva etapa del pr\u00f3ximo \u201cIX Torneo de debates escolares en ciencia y tecnolog\u00eda\u201d, ya que durante esos [&hellip;]<\/p>\n","protected":false},"author":2,"featured_media":31518,"comment_status":"closed","ping_status":"open","sticky":false,"template":"","format":"standard","meta":{"_acf_changed":false,"_exactmetrics_skip_tracking":false,"_exactmetrics_sitenote_active":false,"_exactmetrics_sitenote_note":"","_exactmetrics_sitenote_category":0,"footnotes":"","_links_to":"","_links_to_target":""},"categories":[4],"tags":[],"class_list":["post-31520","post","type-post","status-publish","format-standard","has-post-thumbnail","hentry","category-noticias"],"acf":[],"yoast_head":"<!-- This site is optimized with the Yoast SEO plugin v26.7 - https:\/\/yoast.com\/wordpress\/plugins\/seo\/ -->\n<title>Explora capacitar\u00e1 a participantes de torneo de debates escolares - Tarapaca<\/title>\n<meta name=\"robots\" content=\"index, follow, max-snippet:-1, max-image-preview:large, max-video-preview:-1\" \/>\n<link rel=\"canonical\" href=\"https:\/\/dev.explora.cl\/tarapaca\/explora-capacitara-a-participantes-de-torneo-de-debates-escolares\/\" class=\"yoast-seo-meta-tag\" \/>\n<meta property=\"og:locale\" content=\"es_ES\" class=\"yoast-seo-meta-tag\" \/>\n<meta property=\"og:type\" content=\"article\" class=\"yoast-seo-meta-tag\" \/>\n<meta property=\"og:title\" content=\"Explora capacitar\u00e1 a participantes de torneo de debates escolares - Tarapaca\" class=\"yoast-seo-meta-tag\" \/>\n<meta property=\"og:description\" content=\"*Jornadas de capacitaci\u00f3n se desarrollar\u00e1n el pr\u00f3ximo 24 y 25 de mayo como antesala al \u201cIX Torneo de Debates Escolares en Ciencia y Tecnolog\u00eda\u201d. El pr\u00f3ximo 24 y 25 de mayo en el Sal\u00f3n Tarapac\u00e1 se realizar\u00e1 una nueva etapa del pr\u00f3ximo \u201cIX Torneo de debates escolares en ciencia y tecnolog\u00eda\u201d, ya que durante esos [&hellip;]\" class=\"yoast-seo-meta-tag\" \/>\n<meta property=\"og:url\" content=\"https:\/\/dev.explora.cl\/tarapaca\/explora-capacitara-a-participantes-de-torneo-de-debates-escolares\/\" class=\"yoast-seo-meta-tag\" \/>\n<meta property=\"og:site_name\" content=\"Tarapaca\" class=\"yoast-seo-meta-tag\" \/>\n<meta property=\"article:published_time\" content=\"2018-05-18T21:42:21+00:00\" class=\"yoast-seo-meta-tag\" \/>\n<meta property=\"article:modified_time\" content=\"2019-05-16T02:04:07+00:00\" class=\"yoast-seo-meta-tag\" \/>\n<meta property=\"og:image\" content=\"https:\/\/dev.explora.cl\/tarapaca\/wp-content\/uploads\/sites\/3\/2018\/05\/explora_debates_tarapaca.jpg\" class=\"yoast-seo-meta-tag\" \/>\n\t<meta property=\"og:image:width\" content=\"1920\" class=\"yoast-seo-meta-tag\" \/>\n\t<meta property=\"og:image:height\" content=\"1280\" class=\"yoast-seo-meta-tag\" \/>\n\t<meta property=\"og:image:type\" content=\"image\/jpeg\" class=\"yoast-seo-meta-tag\" \/>\n<meta name=\"author\" content=\"webman\" class=\"yoast-seo-meta-tag\" \/>\n<meta name=\"twitter:card\" content=\"summary_large_image\" class=\"yoast-seo-meta-tag\" \/>\n<meta name=\"twitter:label1\" content=\"Escrito por\" class=\"yoast-seo-meta-tag\" \/>\n\t<meta name=\"twitter:data1\" content=\"webman\" class=\"yoast-seo-meta-tag\" \/>\n\t<meta name=\"twitter:label2\" content=\"Tiempo estimado de lectura\" class=\"yoast-seo-meta-tag\" \/>\n\t<meta name=\"twitter:data2\" content=\"3 minutos\" class=\"yoast-seo-meta-tag\" \/>\n<script type=\"application\/ld+json\" class=\"yoast-schema-graph\">{\"@context\":\"https:\/\/schema.org\",\"@graph\":[{\"@type\":\"Article\",\"@id\":\"https:\/\/dev.explora.cl\/tarapaca\/explora-capacitara-a-participantes-de-torneo-de-debates-escolares\/#article\",\"isPartOf\":{\"@id\":\"https:\/\/dev.explora.cl\/tarapaca\/explora-capacitara-a-participantes-de-torneo-de-debates-escolares\/\"},\"author\":{\"name\":\"webman\",\"@id\":\"https:\/\/dev.explora.cl\/tarapaca\/#\/schema\/person\/cb8349c13ea2d324080adf8480d7ba5d\"},\"headline\":\"Explora capacitar\u00e1 a participantes de torneo de debates escolares\",\"datePublished\":\"2018-05-18T21:42:21+00:00\",\"dateModified\":\"2019-05-16T02:04:07+00:00\",\"mainEntityOfPage\":{\"@id\":\"https:\/\/dev.explora.cl\/tarapaca\/explora-capacitara-a-participantes-de-torneo-de-debates-escolares\/\"},\"wordCount\":520,\"image\":{\"@id\":\"https:\/\/dev.explora.cl\/tarapaca\/explora-capacitara-a-participantes-de-torneo-de-debates-escolares\/#primaryimage\"},\"thumbnailUrl\":\"https:\/\/dev.explora.cl\/tarapaca\/wp-content\/uploads\/sites\/3\/2018\/05\/explora_debates_tarapaca.jpg\",\"articleSection\":[\"Noticias\"],\"inLanguage\":\"es-CL\"},{\"@type\":\"WebPage\",\"@id\":\"https:\/\/dev.explora.cl\/tarapaca\/explora-capacitara-a-participantes-de-torneo-de-debates-escolares\/\",\"url\":\"https:\/\/dev.explora.cl\/tarapaca\/explora-capacitara-a-participantes-de-torneo-de-debates-escolares\/\",\"name\":\"Explora capacitar\u00e1 a participantes de torneo de debates escolares - Tarapaca\",\"isPartOf\":{\"@id\":\"https:\/\/dev.explora.cl\/tarapaca\/#website\"},\"primaryImageOfPage\":{\"@id\":\"https:\/\/dev.explora.cl\/tarapaca\/explora-capacitara-a-participantes-de-torneo-de-debates-escolares\/#primaryimage\"},\"image\":{\"@id\":\"https:\/\/dev.explora.cl\/tarapaca\/explora-capacitara-a-participantes-de-torneo-de-debates-escolares\/#primaryimage\"},\"thumbnailUrl\":\"https:\/\/dev.explora.cl\/tarapaca\/wp-content\/uploads\/sites\/3\/2018\/05\/explora_debates_tarapaca.jpg\",\"datePublished\":\"2018-05-18T21:42:21+00:00\",\"dateModified\":\"2019-05-16T02:04:07+00:00\",\"author\":{\"@id\":\"https:\/\/dev.explora.cl\/tarapaca\/#\/schema\/person\/cb8349c13ea2d324080adf8480d7ba5d\"},\"breadcrumb\":{\"@id\":\"https:\/\/dev.explora.cl\/tarapaca\/explora-capacitara-a-participantes-de-torneo-de-debates-escolares\/#breadcrumb\"},\"inLanguage\":\"es-CL\",\"potentialAction\":[{\"@type\":\"ReadAction\",\"target\":[\"https:\/\/dev.explora.cl\/tarapaca\/explora-capacitara-a-participantes-de-torneo-de-debates-escolares\/\"]}]},{\"@type\":\"ImageObject\",\"inLanguage\":\"es-CL\",\"@id\":\"https:\/\/dev.explora.cl\/tarapaca\/explora-capacitara-a-participantes-de-torneo-de-debates-escolares\/#primaryimage\",\"url\":\"https:\/\/dev.explora.cl\/tarapaca\/wp-content\/uploads\/sites\/3\/2018\/05\/explora_debates_tarapaca.jpg\",\"contentUrl\":\"https:\/\/dev.explora.cl\/tarapaca\/wp-content\/uploads\/sites\/3\/2018\/05\/explora_debates_tarapaca.jpg\",\"width\":1920,\"height\":1280},{\"@type\":\"BreadcrumbList\",\"@id\":\"https:\/\/dev.explora.cl\/tarapaca\/explora-capacitara-a-participantes-de-torneo-de-debates-escolares\/#breadcrumb\",\"itemListElement\":[{\"@type\":\"ListItem\",\"position\":1,\"name\":\"Portada\",\"item\":\"https:\/\/dev.explora.cl\/tarapaca\/\"},{\"@type\":\"ListItem\",\"position\":2,\"name\":\"Explora capacitar\u00e1 a participantes de torneo de debates escolares\"}]},{\"@type\":\"WebSite\",\"@id\":\"https:\/\/dev.explora.cl\/tarapaca\/#website\",\"url\":\"https:\/\/dev.explora.cl\/tarapaca\/\",\"name\":\"Tarapaca\",\"description\":\"Otro sitio m\u00e1s de dev.explora.cl\",\"potentialAction\":[{\"@type\":\"SearchAction\",\"target\":{\"@type\":\"EntryPoint\",\"urlTemplate\":\"https:\/\/dev.explora.cl\/tarapaca\/?s={search_term_string}\"},\"query-input\":{\"@type\":\"PropertyValueSpecification\",\"valueRequired\":true,\"valueName\":\"search_term_string\"}}],\"inLanguage\":\"es-CL\"},{\"@type\":\"Person\",\"@id\":\"https:\/\/dev.explora.cl\/tarapaca\/#\/schema\/person\/cb8349c13ea2d324080adf8480d7ba5d\",\"name\":\"webman\",\"image\":{\"@type\":\"ImageObject\",\"inLanguage\":\"es-CL\",\"@id\":\"https:\/\/dev.explora.cl\/tarapaca\/#\/schema\/person\/image\/\",\"url\":\"https:\/\/secure.gravatar.com\/avatar\/eeff3c82f2c02f7177d13663b7e6f890e9a6a0647ce9bb29cae02dcb094c7312?s=96&d=mm&r=g\",\"contentUrl\":\"https:\/\/secure.gravatar.com\/avatar\/eeff3c82f2c02f7177d13663b7e6f890e9a6a0647ce9bb29cae02dcb094c7312?s=96&d=mm&r=g\",\"caption\":\"webman\"},\"url\":\"https:\/\/dev.explora.cl\/tarapaca\/author\/webman\/\"}]}<\/script>\n<!-- \/ Yoast SEO plugin. -->","yoast_head_json":{"title":"Explora capacitar\u00e1 a participantes de torneo de debates escolares - Tarapaca","robots":{"index":"index","follow":"follow","max-snippet":"max-snippet:-1","max-image-preview":"max-image-preview:large","max-video-preview":"max-video-preview:-1"},"canonical":"https:\/\/dev.explora.cl\/tarapaca\/explora-capacitara-a-participantes-de-torneo-de-debates-escolares\/","og_locale":"es_ES","og_type":"article","og_title":"Explora capacitar\u00e1 a participantes de torneo de debates escolares - Tarapaca","og_description":"*Jornadas de capacitaci\u00f3n se desarrollar\u00e1n el pr\u00f3ximo 24 y 25 de mayo como antesala al \u201cIX Torneo de Debates Escolares en Ciencia y Tecnolog\u00eda\u201d. El pr\u00f3ximo 24 y 25 de mayo en el Sal\u00f3n Tarapac\u00e1 se realizar\u00e1 una nueva etapa del pr\u00f3ximo \u201cIX Torneo de debates escolares en ciencia y tecnolog\u00eda\u201d, ya que durante esos [&hellip;]","og_url":"https:\/\/dev.explora.cl\/tarapaca\/explora-capacitara-a-participantes-de-torneo-de-debates-escolares\/","og_site_name":"Tarapaca","article_published_time":"2018-05-18T21:42:21+00:00","article_modified_time":"2019-05-16T02:04:07+00:00","og_image":[{"width":1920,"height":1280,"url":"https:\/\/dev.explora.cl\/tarapaca\/wp-content\/uploads\/sites\/3\/2018\/05\/explora_debates_tarapaca.jpg","type":"image\/jpeg"}],"author":"webman","twitter_card":"summary_large_image","twitter_misc":{"Escrito por":"webman","Tiempo estimado de lectura":"3 minutos"},"schema":{"@context":"https:\/\/schema.org","@graph":[{"@type":"Article","@id":"https:\/\/dev.explora.cl\/tarapaca\/explora-capacitara-a-participantes-de-torneo-de-debates-escolares\/#article","isPartOf":{"@id":"https:\/\/dev.explora.cl\/tarapaca\/explora-capacitara-a-participantes-de-torneo-de-debates-escolares\/"},"author":{"name":"webman","@id":"https:\/\/dev.explora.cl\/tarapaca\/#\/schema\/person\/cb8349c13ea2d324080adf8480d7ba5d"},"headline":"Explora capacitar\u00e1 a participantes de torneo de debates escolares","datePublished":"2018-05-18T21:42:21+00:00","dateModified":"2019-05-16T02:04:07+00:00","mainEntityOfPage":{"@id":"https:\/\/dev.explora.cl\/tarapaca\/explora-capacitara-a-participantes-de-torneo-de-debates-escolares\/"},"wordCount":520,"image":{"@id":"https:\/\/dev.explora.cl\/tarapaca\/explora-capacitara-a-participantes-de-torneo-de-debates-escolares\/#primaryimage"},"thumbnailUrl":"https:\/\/dev.explora.cl\/tarapaca\/wp-content\/uploads\/sites\/3\/2018\/05\/explora_debates_tarapaca.jpg","articleSection":["Noticias"],"inLanguage":"es-CL"},{"@type":"WebPage","@id":"https:\/\/dev.explora.cl\/tarapaca\/explora-capacitara-a-participantes-de-torneo-de-debates-escolares\/","url":"https:\/\/dev.explora.cl\/tarapaca\/explora-capacitara-a-participantes-de-torneo-de-debates-escolares\/","name":"Explora capacitar\u00e1 a participantes de torneo de debates escolares - Tarapaca","isPartOf":{"@id":"https:\/\/dev.explora.cl\/tarapaca\/#website"},"primaryImageOfPage":{"@id":"https:\/\/dev.explora.cl\/tarapaca\/explora-capacitara-a-participantes-de-torneo-de-debates-escolares\/#primaryimage"},"image":{"@id":"https:\/\/dev.explora.cl\/tarapaca\/explora-capacitara-a-participantes-de-torneo-de-debates-escolares\/#primaryimage"},"thumbnailUrl":"https:\/\/dev.explora.cl\/tarapaca\/wp-content\/uploads\/sites\/3\/2018\/05\/explora_debates_tarapaca.jpg","datePublished":"2018-05-18T21:42:21+00:00","dateModified":"2019-05-16T02:04:07+00:00","author":{"@id":"https:\/\/dev.explora.cl\/tarapaca\/#\/schema\/person\/cb8349c13ea2d324080adf8480d7ba5d"},"breadcrumb":{"@id":"https:\/\/dev.explora.cl\/tarapaca\/explora-capacitara-a-participantes-de-torneo-de-debates-escolares\/#breadcrumb"},"inLanguage":"es-CL","potentialAction":[{"@type":"ReadAction","target":["https:\/\/dev.explora.cl\/tarapaca\/explora-capacitara-a-participantes-de-torneo-de-debates-escolares\/"]}]},{"@type":"ImageObject","inLanguage":"es-CL","@id":"https:\/\/dev.explora.cl\/tarapaca\/explora-capacitara-a-participantes-de-torneo-de-debates-escolares\/#primaryimage","url":"https:\/\/dev.explora.cl\/tarapaca\/wp-content\/uploads\/sites\/3\/2018\/05\/explora_debates_tarapaca.jpg","contentUrl":"https:\/\/dev.explora.cl\/tarapaca\/wp-content\/uploads\/sites\/3\/2018\/05\/explora_debates_tarapaca.jpg","width":1920,"height":1280},{"@type":"BreadcrumbList","@id":"https:\/\/dev.explora.cl\/tarapaca\/explora-capacitara-a-participantes-de-torneo-de-debates-escolares\/#breadcrumb","itemListElement":[{"@type":"ListItem","position":1,"name":"Portada","item":"https:\/\/dev.explora.cl\/tarapaca\/"},{"@type":"ListItem","position":2,"name":"Explora capacitar\u00e1 a participantes de torneo de debates escolares"}]},{"@type":"WebSite","@id":"https:\/\/dev.explora.cl\/tarapaca\/#website","url":"https:\/\/dev.explora.cl\/tarapaca\/","name":"Tarapaca","description":"Otro sitio m\u00e1s de dev.explora.cl","potentialAction":[{"@type":"SearchAction","target":{"@type":"EntryPoint","urlTemplate":"https:\/\/dev.explora.cl\/tarapaca\/?s={search_term_string}"},"query-input":{"@type":"PropertyValueSpecification","valueRequired":true,"valueName":"search_term_string"}}],"inLanguage":"es-CL"},{"@type":"Person","@id":"https:\/\/dev.explora.cl\/tarapaca\/#\/schema\/person\/cb8349c13ea2d324080adf8480d7ba5d","name":"webman","image":{"@type":"ImageObject","inLanguage":"es-CL","@id":"https:\/\/dev.explora.cl\/tarapaca\/#\/schema\/person\/image\/","url":"https:\/\/secure.gravatar.com\/avatar\/eeff3c82f2c02f7177d13663b7e6f890e9a6a0647ce9bb29cae02dcb094c7312?s=96&d=mm&r=g","contentUrl":"https:\/\/secure.gravatar.com\/avatar\/eeff3c82f2c02f7177d13663b7e6f890e9a6a0647ce9bb29cae02dcb094c7312?s=96&d=mm&r=g","caption":"webman"},"url":"https:\/\/dev.explora.cl\/tarapaca\/author\/webman\/"}]}},"_links":{"self":[{"href":"https:\/\/dev.explora.cl\/tarapaca\/wp-json\/wp\/v2\/posts\/31520","targetHints":{"allow":["GET"]}}],"collection":[{"href":"https:\/\/dev.explora.cl\/tarapaca\/wp-json\/wp\/v2\/posts"}],"about":[{"href":"https:\/\/dev.explora.cl\/tarapaca\/wp-json\/wp\/v2\/types\/post"}],"author":[{"embeddable":true,"href":"https:\/\/dev.explora.cl\/tarapaca\/wp-json\/wp\/v2\/users\/2"}],"replies":[{"embeddable":true,"href":"https:\/\/dev.explora.cl\/tarapaca\/wp-json\/wp\/v2\/comments?post=31520"}],"version-history":[{"count":1,"href":"https:\/\/dev.explora.cl\/tarapaca\/wp-json\/wp\/v2\/posts\/31520\/revisions"}],"predecessor-version":[{"id":38062,"href":"https:\/\/dev.explora.cl\/tarapaca\/wp-json\/wp\/v2\/posts\/31520\/revisions\/38062"}],"wp:featuredmedia":[{"embeddable":true,"href":"https:\/\/dev.explora.cl\/tarapaca\/wp-json\/wp\/v2\/media\/31518"}],"wp:attachment":[{"href":"https:\/\/dev.explora.cl\/tarapaca\/wp-json\/wp\/v2\/media?parent=31520"}],"wp:term":[{"taxonomy":"category","embeddable":true,"href":"https:\/\/dev.explora.cl\/tarapaca\/wp-json\/wp\/v2\/categories?post=31520"},{"taxonomy":"post_tag","embeddable":true,"href":"https:\/\/dev.explora.cl\/tarapaca\/wp-json\/wp\/v2\/tags?post=31520"}],"curies":[{"name":"wp","href":"https:\/\/api.w.org\/{rel}","templated":true}]}}