{"id":42510,"date":"2024-06-12T16:55:51","date_gmt":"2024-06-12T20:55:51","guid":{"rendered":"https:\/\/dev.explora.cl\/rmsuroriente\/?p=42510"},"modified":"2024-07-08T15:17:24","modified_gmt":"2024-07-08T19:17:24","slug":"encuentro-pipe-sobre-necesidades-educativas-especiales-una-oportunidad-para-incorporar-la-diversidad","status":"publish","type":"post","link":"https:\/\/dev.explora.cl\/rmsuroriente\/encuentro-pipe-sobre-necesidades-educativas-especiales-una-oportunidad-para-incorporar-la-diversidad\/","title":{"rendered":"Encuentro PIPE sobre Necesidades Educativas Especiales: una oportunidad para incorporar la diversidad"},"content":{"rendered":"<p>[vc_row][vc_column][vc_column_text]<span data-contrast=\"none\">Inclusi\u00f3n, diversificaci\u00f3n y reflexi\u00f3n pedag\u00f3gica. Con estas palabras podr\u00edamos resumir el cuarto encuentro PIPE: \u201cNecesidades Educativas Especiales y Diversidades\u201d que se desarroll\u00f3 en la Facultad de Matem\u00e1ticas del Campus San Joaqu\u00edn de la Universidad Cat\u00f3lica, y que fue organizado por el PAR Explora RM Sur Oriente de la UC a partir del inter\u00e9s de los y las participantes en los encuentros realizados en 2023.<\/span><span data-ccp-props=\"{&quot;201341983&quot;:0,&quot;335559739&quot;:160,&quot;335559740&quot;:279}\">\u00a0<\/span><\/p>\n<p><span data-contrast=\"none\">El objetivo del encuentro fue construir aprendizajes sobre la diversidad que existe en los espacios educativos, sobre las necesidades educativas especiales (NEE), y abordar estrategias pedag\u00f3gicas y adecuaci\u00f3n de experiencias en funci\u00f3n de la inclusi\u00f3n.\u00a0<\/span><span data-ccp-props=\"{&quot;134233117&quot;:false,&quot;134233118&quot;:false,&quot;201341983&quot;:0,&quot;335551550&quot;:6,&quot;335551620&quot;:6,&quot;335559738&quot;:0,&quot;335559739&quot;:0,&quot;335559740&quot;:279}\">\u00a0<\/span><\/p>\n<p><span data-contrast=\"none\">Dos universidades trabajaron de manera colaborativa para el dise\u00f1o conjunto de este taller: la Universidad Mayor (UMayor) y la Universidad Cat\u00f3lica (UC). Mar\u00eda Paz G\u00f3mez, Coordinadora de pr\u00e1cticas de Pedagog\u00eda en Educaci\u00f3n Especial de la UC; Pamela Rodr\u00edguez, jefa de carrera de Pedagog\u00eda en Educaci\u00f3n Parvularia de la UC; Francisco Oviedo, acad\u00e9mico de Educaci\u00f3n F\u00edsica y Salud de la UC, y Magdalena Lecaros, docente y coordinadora de pr\u00e1cticas de Pedagog\u00eda en Educaci\u00f3n Diferencial de la UMayor, se encargaron de codise\u00f1ar y liderar el espacio de formaci\u00f3n sobre Necesidades Educativas Especiales y Diversidades.<\/span><span data-ccp-props=\"{&quot;134233117&quot;:false,&quot;134233118&quot;:false,&quot;201341983&quot;:0,&quot;335551550&quot;:6,&quot;335551620&quot;:6,&quot;335559685&quot;:0,&quot;335559737&quot;:0,&quot;335559738&quot;:0,&quot;335559739&quot;:0,&quot;335559740&quot;:279}\">\u00a0<\/span>[\/vc_column_text][vc_single_image image=&#8221;42511&#8243;][vc_column_text]<span data-contrast=\"none\">Mar\u00eda Paz G\u00f3mez abord\u00f3 la inclusi\u00f3n y equidad en la educaci\u00f3n y las posibilidades que provoca el incorporar una perspectiva diversa en la ense\u00f1anza. \u201cLas oportunidades tienen que ver con el poder generar espacios m\u00e1s asequibles, curr\u00edculum m\u00e1s diversos y flexibles, con did\u00e1cticas m\u00e1s diversas tambi\u00e9n. Debemos generar pol\u00edticas que permitan implementar el significado de la inclusi\u00f3n dentro del aula con los ni\u00f1os y las ni\u00f1as. Es una oportunidad para valorar la diferencia\u201d, coment\u00f3.\u00a0<\/span><span data-ccp-props=\"{&quot;134233117&quot;:false,&quot;134233118&quot;:false,&quot;201341983&quot;:0,&quot;335551550&quot;:6,&quot;335551620&quot;:6,&quot;335559738&quot;:0,&quot;335559739&quot;:0,&quot;335559740&quot;:279}\">\u00a0<\/span><\/p>\n<p><span data-contrast=\"none\">Magdalena Lecaros, en tanto, subray\u00f3 la necesidad de transitar del reconocimiento a la valoraci\u00f3n de la diversidad. \u201cHay que reconocer la diversidad, hay que aceptarla, pero lo m\u00e1s importante es que yo, como Educadora de P\u00e1rvulos, tengo que valorar esta diversidad, porque hace que el aprendizaje sea mucho m\u00e1s significativo\u201d, coment\u00f3 la docente.<\/span><span data-ccp-props=\"{&quot;134233117&quot;:false,&quot;134233118&quot;:false,&quot;201341983&quot;:0,&quot;335551550&quot;:6,&quot;335551620&quot;:6,&quot;335559738&quot;:0,&quot;335559739&quot;:0,&quot;335559740&quot;:279}\">\u00a0<\/span><\/p>\n<p><span data-contrast=\"none\">Las educadoras participaron, adem\u00e1s, de un taller al aire libre para identificar las m\u00faltiples oportunidades de aprendizaje que existen en el entorno y que pueden ser accesibles para todos y todas, instancia que fue liderado por Francisco Oviedo y po<\/span><span data-contrast=\"none\">r <\/span><span data-contrast=\"none\">Pamela Rodr\u00edguez, e<\/span><span data-contrast=\"none\">n la segunda jornada.\u00a0<\/span><span data-ccp-props=\"{&quot;134233117&quot;:false,&quot;134233118&quot;:false,&quot;201341983&quot;:0,&quot;335551550&quot;:6,&quot;335551620&quot;:6,&quot;335559685&quot;:0,&quot;335559737&quot;:0,&quot;335559738&quot;:0,&quot;335559739&quot;:0,&quot;335559740&quot;:279}\">\u00a0<\/span>[\/vc_column_text][vc_single_image image=&#8221;42512&#8243;][vc_column_text]<span data-contrast=\"none\">Para Marjorie Sep\u00falveda, educadora de p\u00e1rvulos de Nivel Medio Mayor de la Sala Cuna y Jard\u00edn Infantil Las Almendritas de Pirque, la jornada fue \u201cs\u00faper enriquecedora. Me voy con varios desaf\u00edos y hartas nuevas ideas, y esto es s\u00faper bueno para valorar el ambiente, el espacio y todas las cosas que nosotros hemos avanzado\u201d. Para ella, una de las grandes tareas respecto a la inclusi\u00f3n es \u201cc\u00f3mo involucrar a los ni\u00f1os y a las ni\u00f1as, y al resto, en el mundo de los ni\u00f1os con necesidades educativas especiales\u201d, agreg\u00f3.\u00a0<\/span><span data-ccp-props=\"{&quot;134233117&quot;:false,&quot;134233118&quot;:false,&quot;201341983&quot;:0,&quot;335551550&quot;:6,&quot;335551620&quot;:6,&quot;335559738&quot;:0,&quot;335559739&quot;:0,&quot;335559740&quot;:279}\">\u00a0<\/span><\/p>\n<p><span data-contrast=\"none\">Respecto a los aprendizajes y herramientas adquiridas en el encuentro, Francisca Solar, del Jard\u00edn Infantil Paidahue de La Reina, se\u00f1al\u00f3 que \u201cSiempre existe mucha necesidad, pero creo que el poder llevar estas herramientas a nuestra unidad educativa; el poder compartirlo, va a dar un poco de tranquilidad a nuestros equipos, del c\u00f3mo vamos desarrollando nuestro trabajo, que lo estamos haciendo bien y que vamos a poder seguir trabajando\u201d.\u00a0<\/span><span data-ccp-props=\"{&quot;134233117&quot;:false,&quot;134233118&quot;:false,&quot;201341983&quot;:0,&quot;335551550&quot;:6,&quot;335551620&quot;:6,&quot;335559738&quot;:0,&quot;335559739&quot;:0,&quot;335559740&quot;:279}\">\u00a0<\/span><\/p>\n<p><span data-contrast=\"none\">El Programa de Indagaci\u00f3n para Primeras Edades (PIPE) busca fortalecer las capacidades de los equipos pedag\u00f3gicos de Educaci\u00f3n Parvularia, para despertar la curiosidad y desarrollar competencias y habilidades de ni\u00f1os y ni\u00f1as desde el enfoque de la indagaci\u00f3n. Las y los participantes de estos encuentros adecuar\u00e1n el material y los conocimientos reflexionados en estas jornadas para favorecer la inclusi\u00f3n en sus entornos educativos, de la mano del PAR Explora RM Sur Oriente de la UC.<\/span><span data-ccp-props=\"{&quot;134233117&quot;:false,&quot;134233118&quot;:false,&quot;201341983&quot;:0,&quot;335551550&quot;:6,&quot;335551620&quot;:6,&quot;335559738&quot;:0,&quot;335559739&quot;:0,&quot;335559740&quot;:279}\">\u00a0<\/span><\/p>\n<p><span data-contrast=\"none\">\u00a0<\/span><span data-ccp-props=\"{&quot;134233117&quot;:false,&quot;134233118&quot;:false,&quot;201341983&quot;:0,&quot;335551550&quot;:6,&quot;335551620&quot;:6,&quot;335559738&quot;:0,&quot;335559739&quot;:0,&quot;335559740&quot;:279}\">\u00a0<\/span><\/p>\n<h5><b><span data-contrast=\"none\">PAR Explora RM Sur Oriente de la UC\u202f<\/span><\/b><span data-ccp-props=\"{&quot;201341983&quot;:0,&quot;335551550&quot;:6,&quot;335551620&quot;:6,&quot;335557856&quot;:16777215,&quot;335559739&quot;:0,&quot;335559740&quot;:240}\">\u00a0<\/span><\/h5>\n<h5><span data-contrast=\"none\">El Proyecto Asociativo Regional Explora (PAR Explora) RM Sur Oriente es ejecutado por la Vicerrector\u00eda de Investigaci\u00f3n de la Pontificia Universidad Cat\u00f3lica de Chile, a trav\u00e9s de su Unidad de Comunicaci\u00f3n del Conocimiento, con fondos del Ministerio de Ciencia, Tecnolog\u00eda, Conocimiento e Innovaci\u00f3n (CTCI).\u00a0<\/span><span data-ccp-props=\"{&quot;201341983&quot;:0,&quot;335551550&quot;:6,&quot;335551620&quot;:6,&quot;335557856&quot;:16777215,&quot;335559739&quot;:0,&quot;335559740&quot;:240}\">\u00a0<\/span><\/h5>\n<h5><span data-contrast=\"none\">El PAR Explora RM Sur Oriente de la UC busca conectar a las comunidades escolares con el mundo de la CTCI a trav\u00e9s de trabajos colaborativos y voluntarios entre docentes, educadores, especialistas, investigadores y estudiantes, que privilegien el codise\u00f1o y el saber interdisciplinario. Esta conexi\u00f3n es una oportunidad para fortalecer competencias CTCI que contribuyan y aporten a los procesos pedag\u00f3gicos de los establecimientos educativos.<\/span><span data-ccp-props=\"{&quot;201341983&quot;:0,&quot;335551550&quot;:6,&quot;335551620&quot;:6,&quot;335557856&quot;:16777215,&quot;335559739&quot;:0,&quot;335559740&quot;:240}\">\u00a0<\/span><\/h5>\n<p>[\/vc_column_text][\/vc_column][\/vc_row]<\/p>\n","protected":false},"excerpt":{"rendered":"<p>Inclusi\u00f3n, diversificaci\u00f3n y reflexi\u00f3n pedag\u00f3gica. Con estas palabras podr\u00edamos resumir el cuarto encuentro PIPE: \u201cNecesidades Educativas Especiales y Diversidades\u201d que se desarroll\u00f3 en la Facultad de Matem\u00e1ticas del Campus San Joaqu\u00edn de la Universidad Cat\u00f3lica, y que fue organizado por el PAR Explora RM Sur Oriente de la UC a partir del inter\u00e9s de los y las participantes en los encuentros realizados en 2023. <\/p>\n","protected":false},"author":27,"featured_media":42513,"comment_status":"open","ping_status":"open","sticky":false,"template":"","format":"standard","meta":{"_acf_changed":false,"_exactmetrics_skip_tracking":false,"_exactmetrics_sitenote_active":false,"_exactmetrics_sitenote_note":"","_exactmetrics_sitenote_category":0,"footnotes":"","_links_to":"","_links_to_target":""},"categories":[143,4,116,121,126],"tags":[294,259,261,306],"class_list":["post-42510","post","type-post","status-publish","format-standard","has-post-thumbnail","hentry","category-lugar-8","category-noticias","category-para-comunidad-escolar","category-para-divulgadores","category-para-publico-general","tag-ciencias","tag-educacion-parvularia","tag-pipe","tag-programa-de-indagacion-para-primeras-edades"],"acf":[],"yoast_head":"<!-- This site is optimized with the Yoast SEO plugin v26.7 - https:\/\/yoast.com\/wordpress\/plugins\/seo\/ -->\n<title>Encuentro PIPE sobre Necesidades Educativas Especiales: una oportunidad para incorporar la diversidad - RM Sur Oriente<\/title>\n<meta name=\"robots\" content=\"index, follow, max-snippet:-1, max-image-preview:large, max-video-preview:-1\" \/>\n<link rel=\"canonical\" href=\"https:\/\/dev.explora.cl\/rmsuroriente\/encuentro-pipe-sobre-necesidades-educativas-especiales-una-oportunidad-para-incorporar-la-diversidad\/\" class=\"yoast-seo-meta-tag\" \/>\n<meta property=\"og:locale\" content=\"es_ES\" class=\"yoast-seo-meta-tag\" \/>\n<meta property=\"og:type\" content=\"article\" class=\"yoast-seo-meta-tag\" \/>\n<meta property=\"og:title\" content=\"Encuentro PIPE sobre Necesidades Educativas Especiales: una oportunidad para incorporar la diversidad - RM Sur Oriente\" class=\"yoast-seo-meta-tag\" \/>\n<meta property=\"og:description\" content=\"Inclusi\u00f3n, diversificaci\u00f3n y reflexi\u00f3n pedag\u00f3gica. Con estas palabras podr\u00edamos resumir el cuarto encuentro PIPE: \u201cNecesidades Educativas Especiales y Diversidades\u201d que se desarroll\u00f3 en la Facultad de Matem\u00e1ticas del Campus San Joaqu\u00edn de la Universidad Cat\u00f3lica, y que fue organizado por el PAR Explora RM Sur Oriente de la UC a partir del inter\u00e9s de los y las participantes en los encuentros realizados en 2023.\" class=\"yoast-seo-meta-tag\" \/>\n<meta property=\"og:url\" content=\"https:\/\/dev.explora.cl\/rmsuroriente\/encuentro-pipe-sobre-necesidades-educativas-especiales-una-oportunidad-para-incorporar-la-diversidad\/\" class=\"yoast-seo-meta-tag\" \/>\n<meta property=\"og:site_name\" content=\"RM Sur Oriente\" class=\"yoast-seo-meta-tag\" \/>\n<meta property=\"article:published_time\" content=\"2024-06-12T20:55:51+00:00\" class=\"yoast-seo-meta-tag\" \/>\n<meta property=\"article:modified_time\" content=\"2024-07-08T19:17:24+00:00\" class=\"yoast-seo-meta-tag\" \/>\n<meta property=\"og:image\" content=\"https:\/\/dev.explora.cl\/rmsuroriente\/wp-content\/uploads\/sites\/12\/2024\/06\/DSC01756-1620x1080.jpg\" class=\"yoast-seo-meta-tag\" \/>\n\t<meta property=\"og:image:width\" content=\"1620\" class=\"yoast-seo-meta-tag\" \/>\n\t<meta property=\"og:image:height\" content=\"1080\" class=\"yoast-seo-meta-tag\" \/>\n\t<meta property=\"og:image:type\" content=\"image\/jpeg\" class=\"yoast-seo-meta-tag\" \/>\n<meta name=\"author\" content=\"RMSO PUC\" class=\"yoast-seo-meta-tag\" \/>\n<meta name=\"twitter:card\" content=\"summary_large_image\" class=\"yoast-seo-meta-tag\" \/>\n<meta name=\"twitter:label1\" content=\"Escrito por\" class=\"yoast-seo-meta-tag\" \/>\n\t<meta name=\"twitter:data1\" content=\"RMSO PUC\" class=\"yoast-seo-meta-tag\" \/>\n\t<meta name=\"twitter:label2\" content=\"Tiempo estimado de lectura\" class=\"yoast-seo-meta-tag\" \/>\n\t<meta name=\"twitter:data2\" content=\"4 minutos\" class=\"yoast-seo-meta-tag\" \/>\n<script type=\"application\/ld+json\" class=\"yoast-schema-graph\">{\"@context\":\"https:\/\/schema.org\",\"@graph\":[{\"@type\":\"Article\",\"@id\":\"https:\/\/dev.explora.cl\/rmsuroriente\/encuentro-pipe-sobre-necesidades-educativas-especiales-una-oportunidad-para-incorporar-la-diversidad\/#article\",\"isPartOf\":{\"@id\":\"https:\/\/dev.explora.cl\/rmsuroriente\/encuentro-pipe-sobre-necesidades-educativas-especiales-una-oportunidad-para-incorporar-la-diversidad\/\"},\"author\":{\"name\":\"RMSO PUC\",\"@id\":\"https:\/\/dev.explora.cl\/rmsuroriente\/#\/schema\/person\/164f0bfb03507b3d5dd75257d8e71697\"},\"headline\":\"Encuentro PIPE sobre Necesidades Educativas Especiales: una oportunidad para incorporar la diversidad\",\"datePublished\":\"2024-06-12T20:55:51+00:00\",\"dateModified\":\"2024-07-08T19:17:24+00:00\",\"mainEntityOfPage\":{\"@id\":\"https:\/\/dev.explora.cl\/rmsuroriente\/encuentro-pipe-sobre-necesidades-educativas-especiales-una-oportunidad-para-incorporar-la-diversidad\/\"},\"wordCount\":845,\"commentCount\":0,\"publisher\":{\"@id\":\"https:\/\/dev.explora.cl\/rmsuroriente\/#organization\"},\"image\":{\"@id\":\"https:\/\/dev.explora.cl\/rmsuroriente\/encuentro-pipe-sobre-necesidades-educativas-especiales-una-oportunidad-para-incorporar-la-diversidad\/#primaryimage\"},\"thumbnailUrl\":\"https:\/\/dev.explora.cl\/rmsuroriente\/wp-content\/uploads\/sites\/12\/2024\/06\/DSC01756.jpg\",\"keywords\":[\"Ciencias\",\"educacion parvularia\",\"PIPE\",\"Programa de indagaci\u00f3n para Primeras Edades\"],\"articleSection\":[\"Lugar 8\",\"Noticias\",\"Para Comunidad Escolar\",\"Para Divulgadores\",\"Para P\u00fablico General\"],\"inLanguage\":\"es-CL\",\"potentialAction\":[{\"@type\":\"CommentAction\",\"name\":\"Comment\",\"target\":[\"https:\/\/dev.explora.cl\/rmsuroriente\/encuentro-pipe-sobre-necesidades-educativas-especiales-una-oportunidad-para-incorporar-la-diversidad\/#respond\"]}]},{\"@type\":\"WebPage\",\"@id\":\"https:\/\/dev.explora.cl\/rmsuroriente\/encuentro-pipe-sobre-necesidades-educativas-especiales-una-oportunidad-para-incorporar-la-diversidad\/\",\"url\":\"https:\/\/dev.explora.cl\/rmsuroriente\/encuentro-pipe-sobre-necesidades-educativas-especiales-una-oportunidad-para-incorporar-la-diversidad\/\",\"name\":\"Encuentro PIPE sobre Necesidades Educativas Especiales: una oportunidad para incorporar la diversidad - RM Sur Oriente\",\"isPartOf\":{\"@id\":\"https:\/\/dev.explora.cl\/rmsuroriente\/#website\"},\"primaryImageOfPage\":{\"@id\":\"https:\/\/dev.explora.cl\/rmsuroriente\/encuentro-pipe-sobre-necesidades-educativas-especiales-una-oportunidad-para-incorporar-la-diversidad\/#primaryimage\"},\"image\":{\"@id\":\"https:\/\/dev.explora.cl\/rmsuroriente\/encuentro-pipe-sobre-necesidades-educativas-especiales-una-oportunidad-para-incorporar-la-diversidad\/#primaryimage\"},\"thumbnailUrl\":\"https:\/\/dev.explora.cl\/rmsuroriente\/wp-content\/uploads\/sites\/12\/2024\/06\/DSC01756.jpg\",\"datePublished\":\"2024-06-12T20:55:51+00:00\",\"dateModified\":\"2024-07-08T19:17:24+00:00\",\"breadcrumb\":{\"@id\":\"https:\/\/dev.explora.cl\/rmsuroriente\/encuentro-pipe-sobre-necesidades-educativas-especiales-una-oportunidad-para-incorporar-la-diversidad\/#breadcrumb\"},\"inLanguage\":\"es-CL\",\"potentialAction\":[{\"@type\":\"ReadAction\",\"target\":[\"https:\/\/dev.explora.cl\/rmsuroriente\/encuentro-pipe-sobre-necesidades-educativas-especiales-una-oportunidad-para-incorporar-la-diversidad\/\"]}]},{\"@type\":\"ImageObject\",\"inLanguage\":\"es-CL\",\"@id\":\"https:\/\/dev.explora.cl\/rmsuroriente\/encuentro-pipe-sobre-necesidades-educativas-especiales-una-oportunidad-para-incorporar-la-diversidad\/#primaryimage\",\"url\":\"https:\/\/dev.explora.cl\/rmsuroriente\/wp-content\/uploads\/sites\/12\/2024\/06\/DSC01756.jpg\",\"contentUrl\":\"https:\/\/dev.explora.cl\/rmsuroriente\/wp-content\/uploads\/sites\/12\/2024\/06\/DSC01756.jpg\",\"width\":6000,\"height\":4000},{\"@type\":\"BreadcrumbList\",\"@id\":\"https:\/\/dev.explora.cl\/rmsuroriente\/encuentro-pipe-sobre-necesidades-educativas-especiales-una-oportunidad-para-incorporar-la-diversidad\/#breadcrumb\",\"itemListElement\":[{\"@type\":\"ListItem\",\"position\":1,\"name\":\"Portada\",\"item\":\"https:\/\/dev.explora.cl\/rmsuroriente\/\"},{\"@type\":\"ListItem\",\"position\":2,\"name\":\"Encuentro PIPE sobre Necesidades Educativas Especiales: una oportunidad para incorporar la diversidad\"}]},{\"@type\":\"WebSite\",\"@id\":\"https:\/\/dev.explora.cl\/rmsuroriente\/#website\",\"url\":\"https:\/\/dev.explora.cl\/rmsuroriente\/\",\"name\":\"RM Sur Oriente\",\"description\":\"Otro sitio m\u00e1s de dev.explora.cl\",\"publisher\":{\"@id\":\"https:\/\/dev.explora.cl\/rmsuroriente\/#organization\"},\"potentialAction\":[{\"@type\":\"SearchAction\",\"target\":{\"@type\":\"EntryPoint\",\"urlTemplate\":\"https:\/\/dev.explora.cl\/rmsuroriente\/?s={search_term_string}\"},\"query-input\":{\"@type\":\"PropertyValueSpecification\",\"valueRequired\":true,\"valueName\":\"search_term_string\"}}],\"inLanguage\":\"es-CL\"},{\"@type\":\"Organization\",\"@id\":\"https:\/\/dev.explora.cl\/rmsuroriente\/#organization\",\"name\":\"RM Sur Oriente\",\"url\":\"https:\/\/dev.explora.cl\/rmsuroriente\/\",\"logo\":{\"@type\":\"ImageObject\",\"inLanguage\":\"es-CL\",\"@id\":\"https:\/\/dev.explora.cl\/rmsuroriente\/#\/schema\/logo\/image\/\",\"url\":\"https:\/\/dev.explora.cl\/rmsuroriente\/wp-content\/uploads\/sites\/12\/2025\/04\/cropped-LogoPAR_RMSO-Azul-UC.png\",\"contentUrl\":\"https:\/\/dev.explora.cl\/rmsuroriente\/wp-content\/uploads\/sites\/12\/2025\/04\/cropped-LogoPAR_RMSO-Azul-UC.png\",\"width\":411,\"height\":409,\"caption\":\"RM Sur Oriente\"},\"image\":{\"@id\":\"https:\/\/dev.explora.cl\/rmsuroriente\/#\/schema\/logo\/image\/\"}},{\"@type\":\"Person\",\"@id\":\"https:\/\/dev.explora.cl\/rmsuroriente\/#\/schema\/person\/164f0bfb03507b3d5dd75257d8e71697\",\"name\":\"RMSO PUC\",\"image\":{\"@type\":\"ImageObject\",\"inLanguage\":\"es-CL\",\"@id\":\"https:\/\/dev.explora.cl\/rmsuroriente\/#\/schema\/person\/image\/\",\"url\":\"https:\/\/secure.gravatar.com\/avatar\/16f7131f033ed433ea432d3fc2b04af9756004afdb5a6b61c705d795f6425ea0?s=96&d=mm&r=g\",\"contentUrl\":\"https:\/\/secure.gravatar.com\/avatar\/16f7131f033ed433ea432d3fc2b04af9756004afdb5a6b61c705d795f6425ea0?s=96&d=mm&r=g\",\"caption\":\"RMSO PUC\"},\"url\":\"https:\/\/dev.explora.cl\/rmsuroriente\/author\/myanez\/\"}]}<\/script>\n<!-- \/ Yoast SEO plugin. -->","yoast_head_json":{"title":"Encuentro PIPE sobre Necesidades Educativas Especiales: una oportunidad para incorporar la diversidad - RM Sur Oriente","robots":{"index":"index","follow":"follow","max-snippet":"max-snippet:-1","max-image-preview":"max-image-preview:large","max-video-preview":"max-video-preview:-1"},"canonical":"https:\/\/dev.explora.cl\/rmsuroriente\/encuentro-pipe-sobre-necesidades-educativas-especiales-una-oportunidad-para-incorporar-la-diversidad\/","og_locale":"es_ES","og_type":"article","og_title":"Encuentro PIPE sobre Necesidades Educativas Especiales: una oportunidad para incorporar la diversidad - RM Sur Oriente","og_description":"Inclusi\u00f3n, diversificaci\u00f3n y reflexi\u00f3n pedag\u00f3gica. Con estas palabras podr\u00edamos resumir el cuarto encuentro PIPE: \u201cNecesidades Educativas Especiales y Diversidades\u201d que se desarroll\u00f3 en la Facultad de Matem\u00e1ticas del Campus San Joaqu\u00edn de la Universidad Cat\u00f3lica, y que fue organizado por el PAR Explora RM Sur Oriente de la UC a partir del inter\u00e9s de los y las participantes en los encuentros realizados en 2023.","og_url":"https:\/\/dev.explora.cl\/rmsuroriente\/encuentro-pipe-sobre-necesidades-educativas-especiales-una-oportunidad-para-incorporar-la-diversidad\/","og_site_name":"RM Sur Oriente","article_published_time":"2024-06-12T20:55:51+00:00","article_modified_time":"2024-07-08T19:17:24+00:00","og_image":[{"width":1620,"height":1080,"url":"https:\/\/dev.explora.cl\/rmsuroriente\/wp-content\/uploads\/sites\/12\/2024\/06\/DSC01756-1620x1080.jpg","type":"image\/jpeg"}],"author":"RMSO PUC","twitter_card":"summary_large_image","twitter_misc":{"Escrito por":"RMSO PUC","Tiempo estimado de lectura":"4 minutos"},"schema":{"@context":"https:\/\/schema.org","@graph":[{"@type":"Article","@id":"https:\/\/dev.explora.cl\/rmsuroriente\/encuentro-pipe-sobre-necesidades-educativas-especiales-una-oportunidad-para-incorporar-la-diversidad\/#article","isPartOf":{"@id":"https:\/\/dev.explora.cl\/rmsuroriente\/encuentro-pipe-sobre-necesidades-educativas-especiales-una-oportunidad-para-incorporar-la-diversidad\/"},"author":{"name":"RMSO PUC","@id":"https:\/\/dev.explora.cl\/rmsuroriente\/#\/schema\/person\/164f0bfb03507b3d5dd75257d8e71697"},"headline":"Encuentro PIPE sobre Necesidades Educativas Especiales: una oportunidad para incorporar la diversidad","datePublished":"2024-06-12T20:55:51+00:00","dateModified":"2024-07-08T19:17:24+00:00","mainEntityOfPage":{"@id":"https:\/\/dev.explora.cl\/rmsuroriente\/encuentro-pipe-sobre-necesidades-educativas-especiales-una-oportunidad-para-incorporar-la-diversidad\/"},"wordCount":845,"commentCount":0,"publisher":{"@id":"https:\/\/dev.explora.cl\/rmsuroriente\/#organization"},"image":{"@id":"https:\/\/dev.explora.cl\/rmsuroriente\/encuentro-pipe-sobre-necesidades-educativas-especiales-una-oportunidad-para-incorporar-la-diversidad\/#primaryimage"},"thumbnailUrl":"https:\/\/dev.explora.cl\/rmsuroriente\/wp-content\/uploads\/sites\/12\/2024\/06\/DSC01756.jpg","keywords":["Ciencias","educacion parvularia","PIPE","Programa de indagaci\u00f3n para Primeras Edades"],"articleSection":["Lugar 8","Noticias","Para Comunidad Escolar","Para Divulgadores","Para P\u00fablico General"],"inLanguage":"es-CL","potentialAction":[{"@type":"CommentAction","name":"Comment","target":["https:\/\/dev.explora.cl\/rmsuroriente\/encuentro-pipe-sobre-necesidades-educativas-especiales-una-oportunidad-para-incorporar-la-diversidad\/#respond"]}]},{"@type":"WebPage","@id":"https:\/\/dev.explora.cl\/rmsuroriente\/encuentro-pipe-sobre-necesidades-educativas-especiales-una-oportunidad-para-incorporar-la-diversidad\/","url":"https:\/\/dev.explora.cl\/rmsuroriente\/encuentro-pipe-sobre-necesidades-educativas-especiales-una-oportunidad-para-incorporar-la-diversidad\/","name":"Encuentro PIPE sobre Necesidades Educativas Especiales: una oportunidad para incorporar la diversidad - RM Sur Oriente","isPartOf":{"@id":"https:\/\/dev.explora.cl\/rmsuroriente\/#website"},"primaryImageOfPage":{"@id":"https:\/\/dev.explora.cl\/rmsuroriente\/encuentro-pipe-sobre-necesidades-educativas-especiales-una-oportunidad-para-incorporar-la-diversidad\/#primaryimage"},"image":{"@id":"https:\/\/dev.explora.cl\/rmsuroriente\/encuentro-pipe-sobre-necesidades-educativas-especiales-una-oportunidad-para-incorporar-la-diversidad\/#primaryimage"},"thumbnailUrl":"https:\/\/dev.explora.cl\/rmsuroriente\/wp-content\/uploads\/sites\/12\/2024\/06\/DSC01756.jpg","datePublished":"2024-06-12T20:55:51+00:00","dateModified":"2024-07-08T19:17:24+00:00","breadcrumb":{"@id":"https:\/\/dev.explora.cl\/rmsuroriente\/encuentro-pipe-sobre-necesidades-educativas-especiales-una-oportunidad-para-incorporar-la-diversidad\/#breadcrumb"},"inLanguage":"es-CL","potentialAction":[{"@type":"ReadAction","target":["https:\/\/dev.explora.cl\/rmsuroriente\/encuentro-pipe-sobre-necesidades-educativas-especiales-una-oportunidad-para-incorporar-la-diversidad\/"]}]},{"@type":"ImageObject","inLanguage":"es-CL","@id":"https:\/\/dev.explora.cl\/rmsuroriente\/encuentro-pipe-sobre-necesidades-educativas-especiales-una-oportunidad-para-incorporar-la-diversidad\/#primaryimage","url":"https:\/\/dev.explora.cl\/rmsuroriente\/wp-content\/uploads\/sites\/12\/2024\/06\/DSC01756.jpg","contentUrl":"https:\/\/dev.explora.cl\/rmsuroriente\/wp-content\/uploads\/sites\/12\/2024\/06\/DSC01756.jpg","width":6000,"height":4000},{"@type":"BreadcrumbList","@id":"https:\/\/dev.explora.cl\/rmsuroriente\/encuentro-pipe-sobre-necesidades-educativas-especiales-una-oportunidad-para-incorporar-la-diversidad\/#breadcrumb","itemListElement":[{"@type":"ListItem","position":1,"name":"Portada","item":"https:\/\/dev.explora.cl\/rmsuroriente\/"},{"@type":"ListItem","position":2,"name":"Encuentro PIPE sobre Necesidades Educativas Especiales: una oportunidad para incorporar la diversidad"}]},{"@type":"WebSite","@id":"https:\/\/dev.explora.cl\/rmsuroriente\/#website","url":"https:\/\/dev.explora.cl\/rmsuroriente\/","name":"RM Sur Oriente","description":"Otro sitio m\u00e1s de dev.explora.cl","publisher":{"@id":"https:\/\/dev.explora.cl\/rmsuroriente\/#organization"},"potentialAction":[{"@type":"SearchAction","target":{"@type":"EntryPoint","urlTemplate":"https:\/\/dev.explora.cl\/rmsuroriente\/?s={search_term_string}"},"query-input":{"@type":"PropertyValueSpecification","valueRequired":true,"valueName":"search_term_string"}}],"inLanguage":"es-CL"},{"@type":"Organization","@id":"https:\/\/dev.explora.cl\/rmsuroriente\/#organization","name":"RM Sur Oriente","url":"https:\/\/dev.explora.cl\/rmsuroriente\/","logo":{"@type":"ImageObject","inLanguage":"es-CL","@id":"https:\/\/dev.explora.cl\/rmsuroriente\/#\/schema\/logo\/image\/","url":"https:\/\/dev.explora.cl\/rmsuroriente\/wp-content\/uploads\/sites\/12\/2025\/04\/cropped-LogoPAR_RMSO-Azul-UC.png","contentUrl":"https:\/\/dev.explora.cl\/rmsuroriente\/wp-content\/uploads\/sites\/12\/2025\/04\/cropped-LogoPAR_RMSO-Azul-UC.png","width":411,"height":409,"caption":"RM Sur Oriente"},"image":{"@id":"https:\/\/dev.explora.cl\/rmsuroriente\/#\/schema\/logo\/image\/"}},{"@type":"Person","@id":"https:\/\/dev.explora.cl\/rmsuroriente\/#\/schema\/person\/164f0bfb03507b3d5dd75257d8e71697","name":"RMSO PUC","image":{"@type":"ImageObject","inLanguage":"es-CL","@id":"https:\/\/dev.explora.cl\/rmsuroriente\/#\/schema\/person\/image\/","url":"https:\/\/secure.gravatar.com\/avatar\/16f7131f033ed433ea432d3fc2b04af9756004afdb5a6b61c705d795f6425ea0?s=96&d=mm&r=g","contentUrl":"https:\/\/secure.gravatar.com\/avatar\/16f7131f033ed433ea432d3fc2b04af9756004afdb5a6b61c705d795f6425ea0?s=96&d=mm&r=g","caption":"RMSO PUC"},"url":"https:\/\/dev.explora.cl\/rmsuroriente\/author\/myanez\/"}]}},"_links":{"self":[{"href":"https:\/\/dev.explora.cl\/rmsuroriente\/wp-json\/wp\/v2\/posts\/42510","targetHints":{"allow":["GET"]}}],"collection":[{"href":"https:\/\/dev.explora.cl\/rmsuroriente\/wp-json\/wp\/v2\/posts"}],"about":[{"href":"https:\/\/dev.explora.cl\/rmsuroriente\/wp-json\/wp\/v2\/types\/post"}],"author":[{"embeddable":true,"href":"https:\/\/dev.explora.cl\/rmsuroriente\/wp-json\/wp\/v2\/users\/27"}],"replies":[{"embeddable":true,"href":"https:\/\/dev.explora.cl\/rmsuroriente\/wp-json\/wp\/v2\/comments?post=42510"}],"version-history":[{"count":2,"href":"https:\/\/dev.explora.cl\/rmsuroriente\/wp-json\/wp\/v2\/posts\/42510\/revisions"}],"predecessor-version":[{"id":42515,"href":"https:\/\/dev.explora.cl\/rmsuroriente\/wp-json\/wp\/v2\/posts\/42510\/revisions\/42515"}],"wp:featuredmedia":[{"embeddable":true,"href":"https:\/\/dev.explora.cl\/rmsuroriente\/wp-json\/wp\/v2\/media\/42513"}],"wp:attachment":[{"href":"https:\/\/dev.explora.cl\/rmsuroriente\/wp-json\/wp\/v2\/media?parent=42510"}],"wp:term":[{"taxonomy":"category","embeddable":true,"href":"https:\/\/dev.explora.cl\/rmsuroriente\/wp-json\/wp\/v2\/categories?post=42510"},{"taxonomy":"post_tag","embeddable":true,"href":"https:\/\/dev.explora.cl\/rmsuroriente\/wp-json\/wp\/v2\/tags?post=42510"}],"curies":[{"name":"wp","href":"https:\/\/api.w.org\/{rel}","templated":true}]}}