{"id":42342,"date":"2024-04-01T17:53:40","date_gmt":"2024-04-01T20:53:40","guid":{"rendered":"https:\/\/dev.explora.cl\/rmsuroriente\/?p=42342"},"modified":"2024-04-09T14:59:19","modified_gmt":"2024-04-09T18:59:19","slug":"ven-y-se-parte-de-la-red-ctci-al-servicio-de-la-educacion","status":"publish","type":"post","link":"https:\/\/dev.explora.cl\/rmsuroriente\/ven-y-se-parte-de-la-red-ctci-al-servicio-de-la-educacion\/","title":{"rendered":"\u00a1Ven y s\u00e9 parte de la Red CTCI al servicio de la educaci\u00f3n!"},"content":{"rendered":"<p>[vc_row][vc_column][vc_column_text]<span data-contrast=\"auto\">Si te fascina lo que investigas y quieres compartirlo con p\u00e1rvulos, escolares o con docentes, ya est\u00e1 disponible la convocatoria 2024 de la Red CTCI del PAR Explora RM Sur Oriente ejecutado por la Vicerrector\u00eda de Investigaci\u00f3n UC. Una oportunidad para ser parte de una comunidad abierta con especialistas de distintas disciplinas la Ciencia, Tecnolog\u00eda, Conocimiento e Innovaci\u00f3n (CTCI) para el trabajo con escuelas y liceos de 17 comunas de la zona sur oriente de la Regi\u00f3n Metropolitana.<\/span><span data-ccp-props=\"{&quot;201341983&quot;:0,&quot;335551550&quot;:6,&quot;335551620&quot;:6,&quot;335559740&quot;:276}\">\u00a0<\/span><\/p>\n<p><b><span data-contrast=\"auto\">\u00bfC\u00f3mo ser parte?<\/span><\/b><span data-contrast=\"auto\"> Para inscribirte en la Red CTCI solo debes completar <\/span><a href=\"https:\/\/docs.google.com\/forms\/d\/e\/1FAIpQLSc0QTtps_cvY1JGhXdBjAFGBMy1b73c_n5Zf3tboNVBAflE2A\/viewform\"><b><span data-contrast=\"none\">el formulario haciendo click aqu\u00ed.<\/span><\/b><\/a><span data-contrast=\"auto\"> La convocatoria est\u00e1 abierta para todas y todos los especialistas independientes o que est\u00e1n afiliados a las diversas universidades, centros de investigaci\u00f3n, fundaciones, Organizaciones No Gubernamentales u otro tipo de instituciones.<\/span><span data-ccp-props=\"{&quot;201341983&quot;:0,&quot;335551550&quot;:6,&quot;335551620&quot;:6,&quot;335559740&quot;:276}\">\u00a0<\/span><\/p>\n<p><b><span data-contrast=\"auto\">\u00bfC\u00f3mo puedo conocer m\u00e1s de esta red? <\/span><\/b><span data-contrast=\"auto\">El mi\u00e9rcoles 3 de abril el PAR Explora RM Sur Oriente-UC realizar\u00e1 un evento de bienvenida para convocar a nuevos integrantes y reunir a los ya inscritos. La actividad ser\u00e1 en la sala 203, del <\/span><a href=\"https:\/\/www.google.com\/maps\/place\/Centro+de+Innovaci%C3%B3n+UC+Anacleto+Angelini\/@-33.4978661,-70.6152547,17z\/data=!3m1!4b1!4m6!3m5!1s0x9662d00ec943c1bf:0x1ca3b54d2446bb5d!8m2!3d-33.4978661!4d-70.6152547!16s%2Fg%2F11b7rts_sy?entry=ttu\"><b><span data-contrast=\"none\">Centro de Innovaci\u00f3n UC Anacleto Angelini,<\/span><\/b><\/a><span data-contrast=\"auto\"> del Campus San Joaqu\u00edn de la Pontificia Universidad Cat\u00f3lica, en Av. Vicu\u00f1a Mackenna 4860, Macul.<\/span><span data-ccp-props=\"{&quot;201341983&quot;:0,&quot;335551550&quot;:6,&quot;335551620&quot;:6,&quot;335559740&quot;:276}\">\u00a0<\/span><\/p>\n<p><span data-contrast=\"auto\">Te invitamos a inscribirte a este evento a trav\u00e9s de <\/span><a href=\"https:\/\/docs.google.com\/forms\/d\/e\/1FAIpQLSc2Y2w5yXH5cRqeW0dCwD6Va9rF6P0X7dh7EexvP3v9QC-Qqg\/viewform\"><b><span data-contrast=\"none\">este formulario<\/span><\/b><\/a><span data-contrast=\"auto\"> donde conocer\u00e1s m\u00e1s sobre las convocatorias 2024, participar\u00e1s de un taller pr\u00e1ctico, y descubrir\u00e1s los testimonios y experiencias de miembros activos de la red.<\/span><span data-ccp-props=\"{&quot;201341983&quot;:0,&quot;335551550&quot;:6,&quot;335551620&quot;:6,&quot;335559740&quot;:276}\">\u00a0<\/span><\/p>\n<p><span data-contrast=\"auto\">El PAR Explora RM Sur Oriente-UC lanz\u00f3 esta nueva convocatoria que permitir\u00e1:\u00a0<\/span><span data-ccp-props=\"{&quot;201341983&quot;:0,&quot;335551550&quot;:6,&quot;335551620&quot;:6,&quot;335559740&quot;:276}\">\u00a0<\/span><\/p>\n<p><span data-contrast=\"auto\">Asesorar proyectos desarrollados por docentes y estudiantes en el marco del instrumento de Investigaci\u00f3n e Innovaci\u00f3n Escolar del programa Explora, que consiste en un proceso de aprendizaje sistem\u00e1tico en las comunidades educativas. <\/span><span data-ccp-props=\"{&quot;201341983&quot;:0,&quot;335551550&quot;:6,&quot;335551620&quot;:6,&quot;335559740&quot;:276}\">\u00a0<\/span><\/p>\n<ul>\n<li data-leveltext=\"\u25cf\" data-font=\"Raleway\" data-listid=\"1\" data-list-defn-props=\"{&quot;335552541&quot;:1,&quot;335559685&quot;:720,&quot;335559991&quot;:360,&quot;469769242&quot;:[8226],&quot;469777803&quot;:&quot;left&quot;,&quot;469777804&quot;:&quot;\u25cf&quot;,&quot;469777815&quot;:&quot;multilevel&quot;}\" data-aria-posinset=\"2\" data-aria-level=\"1\"><span data-contrast=\"auto\">Desarrollar experiencias de aprendizaje para ni\u00f1as, ni\u00f1os y\/o adolescentes, tales como talleres, salidas a terreno, charlas y conversatorios.<\/span><span data-ccp-props=\"{&quot;201341983&quot;:0,&quot;335551550&quot;:6,&quot;335551620&quot;:6,&quot;335559740&quot;:276}\">\u00a0<\/span><\/li>\n<li data-leveltext=\"\u25cf\" data-font=\"Raleway\" data-listid=\"1\" data-list-defn-props=\"{&quot;335552541&quot;:1,&quot;335559685&quot;:720,&quot;335559991&quot;:360,&quot;469769242&quot;:[8226],&quot;469777803&quot;:&quot;left&quot;,&quot;469777804&quot;:&quot;\u25cf&quot;,&quot;469777815&quot;:&quot;multilevel&quot;}\" data-aria-posinset=\"3\" data-aria-level=\"1\"><span data-contrast=\"auto\">Ser parte de una variedad de actividades y materiales formativos dise\u00f1ados para enriquecer las pr\u00e1cticas educativas y contribuir al logro de los objetivos de aprendizaje escolar.<\/span><span data-ccp-props=\"{&quot;201341983&quot;:0,&quot;335551550&quot;:6,&quot;335551620&quot;:6,&quot;335557856&quot;:16777215,&quot;335559740&quot;:276}\">\u00a0<\/span><\/li>\n<li data-leveltext=\"\u25cf\" data-font=\"Raleway\" data-listid=\"1\" data-list-defn-props=\"{&quot;335552541&quot;:1,&quot;335559685&quot;:720,&quot;335559991&quot;:360,&quot;469769242&quot;:[8226],&quot;469777803&quot;:&quot;left&quot;,&quot;469777804&quot;:&quot;\u25cf&quot;,&quot;469777815&quot;:&quot;multilevel&quot;}\" data-aria-posinset=\"4\" data-aria-level=\"1\"><span data-contrast=\"auto\">Participar en instancias de aprendizaje colaborativas, que buscan potenciar el impacto de las iniciativas de apropiaci\u00f3n social del conocimiento con un enfoque transdisciplinario en las comunidades educativas.<\/span><span data-ccp-props=\"{&quot;201341983&quot;:0,&quot;335551550&quot;:6,&quot;335551620&quot;:6,&quot;335557856&quot;:16777215,&quot;335559740&quot;:276}\">\u00a0<\/span><\/li>\n<\/ul>\n<p>[\/vc_column_text][vc_single_image image=&#8221;42315&#8243; img_size=&#8221;full&#8221; alignment=&#8221;center&#8221; onclick=&#8221;custom_link&#8221; img_link_target=&#8221;_blank&#8221; link=&#8221;https:\/\/parexplora.stackerhq.com\/asesores\/register&#8221;][vc_column_text]<b><span data-contrast=\"auto\">Testimonios<\/span><\/b><span data-ccp-props=\"{&quot;201341983&quot;:0,&quot;335551550&quot;:6,&quot;335551620&quot;:6,&quot;335559740&quot;:276}\">\u00a0<\/span><\/p>\n<p><span data-contrast=\"auto\">\u201cParticipar de la Red CTCI me entreg\u00f3 varias herramientas profesionales y experiencias valiosas, como compartir con gente que particip\u00f3 del Congreso Futuro, lo que aplicar\u00e9 en mi especialidad\u201d, destac\u00f3 Sergio Le\u00f3n R\u00edos, sism\u00f3logo e investigador en el Centro Avanzado de Tecnolog\u00eda para la Miner\u00eda (AMTC) de la Universidad de Chile e integrante de la Red CTCI..<\/span><span data-ccp-props=\"{&quot;201341983&quot;:0,&quot;335551550&quot;:6,&quot;335551620&quot;:6,&quot;335559740&quot;:276}\">\u00a0<\/span><\/p>\n<p><span data-contrast=\"auto\">\u201cEstamos trabajando para que la Red CTCI tome, cada vez, mayor relevancia entre nuestros investigadores, estudiantes de doctorado y funcionarios UC. Existe una tremenda oportunidad de entregar nuestros conocimientos a las comunidades educativas, lo que coincide con nuestro compromiso p\u00fablico como universidad. Y, a su vez, esta red tambi\u00e9n busca generar capacidades en nuestra comunidad CTCI, por ejemplo, en el \u00e1mbito de las comunicaciones, de la pedagog\u00eda o de la inclusi\u00f3n\u201d, coment\u00f3 Pedro Bouchon, vicerrector de Investigaci\u00f3n UC.\u00a0<\/span><span data-ccp-props=\"{&quot;201341983&quot;:0,&quot;335551550&quot;:6,&quot;335551620&quot;:6,&quot;335557856&quot;:16777215,&quot;335559740&quot;:276}\">\u00a0<\/span><\/p>\n<p><span data-contrast=\"auto\">Claudia V\u00e9liz, docente de la Escuela de Odontolog\u00eda UC y parte de la Red CTCI. Junto a su equipo, implement\u00f3 el 2023 la iniciativa \u201cSonrisas saludables desde peque\u00f1os\u201d en la Escuela Villa Macul, que permiti\u00f3 conectar su quehacer acad\u00e9mico con las necesidades del sector educativo. \u201cPara nosotros fue un ganar-ganar, ya que ni\u00f1as y ni\u00f1os pudieron descubrir c\u00f3mo cuidarse, y nosotros aprender de ellas y ellos nuevas formas transmitir los conocimientos, una experiencia que me dej\u00f3 super emocionada\u201d, expres\u00f3 Claudia V\u00e9liz.<\/span><\/p>\n<p><span data-contrast=\"auto\">\u201cLo m\u00e1s valioso es la inquietud de los y las investigadores\/as de compartir su conocimiento, y nosotros como PAR Explora RM Sur Oriente nos encargamos de apoyarlos en el desarrollo de competencias para poder efectivamente generar encuentros significativos para los colegios y favorecer as\u00ed la apropiaci\u00f3n social del conocimiento\u201d, enfatiz\u00f3 la directora del PAR Explora Regi\u00f3n Metropolitana Sur Oriente, Ver\u00f3nica Luco.<\/span><span data-ccp-props=\"{&quot;201341983&quot;:0,&quot;335551550&quot;:6,&quot;335551620&quot;:6,&quot;335557856&quot;:16777215,&quot;335559740&quot;:276}\">\u00a0<\/span>[\/vc_column_text][\/vc_column][\/vc_row]<\/p>\n","protected":false},"excerpt":{"rendered":"<p>La convocatoria 2024 de la Red CTCI del PAR Explora RM Sur Oriente ya est\u00e1 abierta. Para conocer m\u00e1s de la iniciativa, el mi\u00e9rcoles 3 de abril se realizar\u00e1 un evento de bienvenida, a las 15.30 horas, en el Centro de Innovaci\u00f3n UC Anacleto Angelini, del Campus San Joaqu\u00edn de la Pontificia Universidad Cat\u00f3lica.<\/p>\n","protected":false},"author":27,"featured_media":42363,"comment_status":"open","ping_status":"open","sticky":false,"template":"","format":"standard","meta":{"_acf_changed":false,"_exactmetrics_skip_tracking":false,"_exactmetrics_sitenote_active":false,"_exactmetrics_sitenote_note":"","_exactmetrics_sitenote_category":0,"footnotes":"","_links_to":"","_links_to_target":""},"categories":[127,141,4,116],"tags":[107,168,86,284,296],"class_list":["post-42342","post","type-post","status-publish","format-standard","has-post-thumbnail","hentry","category-iniciativas_publ_grl","category-lugar-6","category-noticias","category-para-comunidad-escolar","tag-ciencia","tag-ciencia-y-tecnologia","tag-comunidad-cientifica","tag-ctci","tag-innovacion"],"acf":[],"yoast_head":"<!-- This site is optimized with the Yoast SEO plugin v26.7 - https:\/\/yoast.com\/wordpress\/plugins\/seo\/ -->\n<title>\u00a1Ven y s\u00e9 parte de la Red CTCI al servicio de la educaci\u00f3n! - RM Sur Oriente<\/title>\n<meta name=\"robots\" content=\"index, follow, max-snippet:-1, max-image-preview:large, max-video-preview:-1\" \/>\n<link rel=\"canonical\" href=\"https:\/\/dev.explora.cl\/rmsuroriente\/ven-y-se-parte-de-la-red-ctci-al-servicio-de-la-educacion\/\" class=\"yoast-seo-meta-tag\" \/>\n<meta property=\"og:locale\" content=\"es_ES\" class=\"yoast-seo-meta-tag\" \/>\n<meta property=\"og:type\" content=\"article\" class=\"yoast-seo-meta-tag\" \/>\n<meta property=\"og:title\" content=\"\u00a1Ven y s\u00e9 parte de la Red CTCI al servicio de la educaci\u00f3n! - RM Sur Oriente\" class=\"yoast-seo-meta-tag\" \/>\n<meta property=\"og:description\" content=\"La convocatoria 2024 de la Red CTCI del PAR Explora RM Sur Oriente ya est\u00e1 abierta. Para conocer m\u00e1s de la iniciativa, el mi\u00e9rcoles 3 de abril se realizar\u00e1 un evento de bienvenida, a las 15.30 horas, en el Centro de Innovaci\u00f3n UC Anacleto Angelini, del Campus San Joaqu\u00edn de la Pontificia Universidad Cat\u00f3lica.\" class=\"yoast-seo-meta-tag\" \/>\n<meta property=\"og:url\" content=\"https:\/\/dev.explora.cl\/rmsuroriente\/ven-y-se-parte-de-la-red-ctci-al-servicio-de-la-educacion\/\" class=\"yoast-seo-meta-tag\" \/>\n<meta property=\"og:site_name\" content=\"RM Sur Oriente\" class=\"yoast-seo-meta-tag\" \/>\n<meta property=\"article:published_time\" content=\"2024-04-01T20:53:40+00:00\" class=\"yoast-seo-meta-tag\" \/>\n<meta property=\"article:modified_time\" content=\"2024-04-09T18:59:19+00:00\" class=\"yoast-seo-meta-tag\" \/>\n<meta property=\"og:image\" content=\"https:\/\/dev.explora.cl\/rmsuroriente\/wp-content\/uploads\/sites\/12\/2024\/04\/03-RedCTCI_Banner-735x470.png\" class=\"yoast-seo-meta-tag\" \/>\n\t<meta property=\"og:image:width\" content=\"735\" class=\"yoast-seo-meta-tag\" \/>\n\t<meta property=\"og:image:height\" content=\"470\" class=\"yoast-seo-meta-tag\" \/>\n\t<meta property=\"og:image:type\" content=\"image\/png\" class=\"yoast-seo-meta-tag\" \/>\n<meta name=\"author\" content=\"RMSO PUC\" class=\"yoast-seo-meta-tag\" \/>\n<meta name=\"twitter:card\" content=\"summary_large_image\" class=\"yoast-seo-meta-tag\" \/>\n<meta name=\"twitter:label1\" content=\"Escrito por\" class=\"yoast-seo-meta-tag\" \/>\n\t<meta name=\"twitter:data1\" content=\"RMSO PUC\" class=\"yoast-seo-meta-tag\" \/>\n\t<meta name=\"twitter:label2\" content=\"Tiempo estimado de lectura\" class=\"yoast-seo-meta-tag\" \/>\n\t<meta name=\"twitter:data2\" content=\"4 minutos\" class=\"yoast-seo-meta-tag\" \/>\n<script type=\"application\/ld+json\" class=\"yoast-schema-graph\">{\"@context\":\"https:\/\/schema.org\",\"@graph\":[{\"@type\":\"Article\",\"@id\":\"https:\/\/dev.explora.cl\/rmsuroriente\/ven-y-se-parte-de-la-red-ctci-al-servicio-de-la-educacion\/#article\",\"isPartOf\":{\"@id\":\"https:\/\/dev.explora.cl\/rmsuroriente\/ven-y-se-parte-de-la-red-ctci-al-servicio-de-la-educacion\/\"},\"author\":{\"name\":\"RMSO PUC\",\"@id\":\"https:\/\/dev.explora.cl\/rmsuroriente\/#\/schema\/person\/164f0bfb03507b3d5dd75257d8e71697\"},\"headline\":\"\u00a1Ven y s\u00e9 parte de la Red CTCI al servicio de la educaci\u00f3n!\",\"datePublished\":\"2024-04-01T20:53:40+00:00\",\"dateModified\":\"2024-04-09T18:59:19+00:00\",\"mainEntityOfPage\":{\"@id\":\"https:\/\/dev.explora.cl\/rmsuroriente\/ven-y-se-parte-de-la-red-ctci-al-servicio-de-la-educacion\/\"},\"wordCount\":721,\"commentCount\":0,\"publisher\":{\"@id\":\"https:\/\/dev.explora.cl\/rmsuroriente\/#organization\"},\"image\":{\"@id\":\"https:\/\/dev.explora.cl\/rmsuroriente\/ven-y-se-parte-de-la-red-ctci-al-servicio-de-la-educacion\/#primaryimage\"},\"thumbnailUrl\":\"https:\/\/dev.explora.cl\/rmsuroriente\/wp-content\/uploads\/sites\/12\/2024\/04\/03-RedCTCI_Banner-735x470.png\",\"keywords\":[\"ciencia\",\"ciencia y tecnolog\u00eda\",\"comunidad cient\u00edfica\",\"CTCI\",\"Innovaci\u00f3n\"],\"articleSection\":[\"Iniciativas\",\"Lugar 6\",\"Noticias\",\"Para Comunidad Escolar\"],\"inLanguage\":\"es-CL\",\"potentialAction\":[{\"@type\":\"CommentAction\",\"name\":\"Comment\",\"target\":[\"https:\/\/dev.explora.cl\/rmsuroriente\/ven-y-se-parte-de-la-red-ctci-al-servicio-de-la-educacion\/#respond\"]}]},{\"@type\":\"WebPage\",\"@id\":\"https:\/\/dev.explora.cl\/rmsuroriente\/ven-y-se-parte-de-la-red-ctci-al-servicio-de-la-educacion\/\",\"url\":\"https:\/\/dev.explora.cl\/rmsuroriente\/ven-y-se-parte-de-la-red-ctci-al-servicio-de-la-educacion\/\",\"name\":\"\u00a1Ven y s\u00e9 parte de la Red CTCI al servicio de la educaci\u00f3n! - RM Sur Oriente\",\"isPartOf\":{\"@id\":\"https:\/\/dev.explora.cl\/rmsuroriente\/#website\"},\"primaryImageOfPage\":{\"@id\":\"https:\/\/dev.explora.cl\/rmsuroriente\/ven-y-se-parte-de-la-red-ctci-al-servicio-de-la-educacion\/#primaryimage\"},\"image\":{\"@id\":\"https:\/\/dev.explora.cl\/rmsuroriente\/ven-y-se-parte-de-la-red-ctci-al-servicio-de-la-educacion\/#primaryimage\"},\"thumbnailUrl\":\"https:\/\/dev.explora.cl\/rmsuroriente\/wp-content\/uploads\/sites\/12\/2024\/04\/03-RedCTCI_Banner-735x470.png\",\"datePublished\":\"2024-04-01T20:53:40+00:00\",\"dateModified\":\"2024-04-09T18:59:19+00:00\",\"breadcrumb\":{\"@id\":\"https:\/\/dev.explora.cl\/rmsuroriente\/ven-y-se-parte-de-la-red-ctci-al-servicio-de-la-educacion\/#breadcrumb\"},\"inLanguage\":\"es-CL\",\"potentialAction\":[{\"@type\":\"ReadAction\",\"target\":[\"https:\/\/dev.explora.cl\/rmsuroriente\/ven-y-se-parte-de-la-red-ctci-al-servicio-de-la-educacion\/\"]}]},{\"@type\":\"ImageObject\",\"inLanguage\":\"es-CL\",\"@id\":\"https:\/\/dev.explora.cl\/rmsuroriente\/ven-y-se-parte-de-la-red-ctci-al-servicio-de-la-educacion\/#primaryimage\",\"url\":\"https:\/\/dev.explora.cl\/rmsuroriente\/wp-content\/uploads\/sites\/12\/2024\/04\/03-RedCTCI_Banner-735x470.png\",\"contentUrl\":\"https:\/\/dev.explora.cl\/rmsuroriente\/wp-content\/uploads\/sites\/12\/2024\/04\/03-RedCTCI_Banner-735x470.png\",\"width\":735,\"height\":470},{\"@type\":\"BreadcrumbList\",\"@id\":\"https:\/\/dev.explora.cl\/rmsuroriente\/ven-y-se-parte-de-la-red-ctci-al-servicio-de-la-educacion\/#breadcrumb\",\"itemListElement\":[{\"@type\":\"ListItem\",\"position\":1,\"name\":\"Portada\",\"item\":\"https:\/\/dev.explora.cl\/rmsuroriente\/\"},{\"@type\":\"ListItem\",\"position\":2,\"name\":\"\u00a1Ven y s\u00e9 parte de la Red CTCI al servicio de la educaci\u00f3n!\"}]},{\"@type\":\"WebSite\",\"@id\":\"https:\/\/dev.explora.cl\/rmsuroriente\/#website\",\"url\":\"https:\/\/dev.explora.cl\/rmsuroriente\/\",\"name\":\"RM Sur Oriente\",\"description\":\"Otro sitio m\u00e1s de dev.explora.cl\",\"publisher\":{\"@id\":\"https:\/\/dev.explora.cl\/rmsuroriente\/#organization\"},\"potentialAction\":[{\"@type\":\"SearchAction\",\"target\":{\"@type\":\"EntryPoint\",\"urlTemplate\":\"https:\/\/dev.explora.cl\/rmsuroriente\/?s={search_term_string}\"},\"query-input\":{\"@type\":\"PropertyValueSpecification\",\"valueRequired\":true,\"valueName\":\"search_term_string\"}}],\"inLanguage\":\"es-CL\"},{\"@type\":\"Organization\",\"@id\":\"https:\/\/dev.explora.cl\/rmsuroriente\/#organization\",\"name\":\"RM Sur Oriente\",\"url\":\"https:\/\/dev.explora.cl\/rmsuroriente\/\",\"logo\":{\"@type\":\"ImageObject\",\"inLanguage\":\"es-CL\",\"@id\":\"https:\/\/dev.explora.cl\/rmsuroriente\/#\/schema\/logo\/image\/\",\"url\":\"https:\/\/dev.explora.cl\/rmsuroriente\/wp-content\/uploads\/sites\/12\/2025\/04\/cropped-LogoPAR_RMSO-Azul-UC.png\",\"contentUrl\":\"https:\/\/dev.explora.cl\/rmsuroriente\/wp-content\/uploads\/sites\/12\/2025\/04\/cropped-LogoPAR_RMSO-Azul-UC.png\",\"width\":411,\"height\":409,\"caption\":\"RM Sur Oriente\"},\"image\":{\"@id\":\"https:\/\/dev.explora.cl\/rmsuroriente\/#\/schema\/logo\/image\/\"}},{\"@type\":\"Person\",\"@id\":\"https:\/\/dev.explora.cl\/rmsuroriente\/#\/schema\/person\/164f0bfb03507b3d5dd75257d8e71697\",\"name\":\"RMSO PUC\",\"image\":{\"@type\":\"ImageObject\",\"inLanguage\":\"es-CL\",\"@id\":\"https:\/\/dev.explora.cl\/rmsuroriente\/#\/schema\/person\/image\/\",\"url\":\"https:\/\/secure.gravatar.com\/avatar\/16f7131f033ed433ea432d3fc2b04af9756004afdb5a6b61c705d795f6425ea0?s=96&d=mm&r=g\",\"contentUrl\":\"https:\/\/secure.gravatar.com\/avatar\/16f7131f033ed433ea432d3fc2b04af9756004afdb5a6b61c705d795f6425ea0?s=96&d=mm&r=g\",\"caption\":\"RMSO PUC\"},\"url\":\"https:\/\/dev.explora.cl\/rmsuroriente\/author\/myanez\/\"}]}<\/script>\n<!-- \/ Yoast SEO plugin. -->","yoast_head_json":{"title":"\u00a1Ven y s\u00e9 parte de la Red CTCI al servicio de la educaci\u00f3n! - RM Sur Oriente","robots":{"index":"index","follow":"follow","max-snippet":"max-snippet:-1","max-image-preview":"max-image-preview:large","max-video-preview":"max-video-preview:-1"},"canonical":"https:\/\/dev.explora.cl\/rmsuroriente\/ven-y-se-parte-de-la-red-ctci-al-servicio-de-la-educacion\/","og_locale":"es_ES","og_type":"article","og_title":"\u00a1Ven y s\u00e9 parte de la Red CTCI al servicio de la educaci\u00f3n! - RM Sur Oriente","og_description":"La convocatoria 2024 de la Red CTCI del PAR Explora RM Sur Oriente ya est\u00e1 abierta. Para conocer m\u00e1s de la iniciativa, el mi\u00e9rcoles 3 de abril se realizar\u00e1 un evento de bienvenida, a las 15.30 horas, en el Centro de Innovaci\u00f3n UC Anacleto Angelini, del Campus San Joaqu\u00edn de la Pontificia Universidad Cat\u00f3lica.","og_url":"https:\/\/dev.explora.cl\/rmsuroriente\/ven-y-se-parte-de-la-red-ctci-al-servicio-de-la-educacion\/","og_site_name":"RM Sur Oriente","article_published_time":"2024-04-01T20:53:40+00:00","article_modified_time":"2024-04-09T18:59:19+00:00","og_image":[{"width":735,"height":470,"url":"https:\/\/dev.explora.cl\/rmsuroriente\/wp-content\/uploads\/sites\/12\/2024\/04\/03-RedCTCI_Banner-735x470.png","type":"image\/png"}],"author":"RMSO PUC","twitter_card":"summary_large_image","twitter_misc":{"Escrito por":"RMSO PUC","Tiempo estimado de lectura":"4 minutos"},"schema":{"@context":"https:\/\/schema.org","@graph":[{"@type":"Article","@id":"https:\/\/dev.explora.cl\/rmsuroriente\/ven-y-se-parte-de-la-red-ctci-al-servicio-de-la-educacion\/#article","isPartOf":{"@id":"https:\/\/dev.explora.cl\/rmsuroriente\/ven-y-se-parte-de-la-red-ctci-al-servicio-de-la-educacion\/"},"author":{"name":"RMSO PUC","@id":"https:\/\/dev.explora.cl\/rmsuroriente\/#\/schema\/person\/164f0bfb03507b3d5dd75257d8e71697"},"headline":"\u00a1Ven y s\u00e9 parte de la Red CTCI al servicio de la educaci\u00f3n!","datePublished":"2024-04-01T20:53:40+00:00","dateModified":"2024-04-09T18:59:19+00:00","mainEntityOfPage":{"@id":"https:\/\/dev.explora.cl\/rmsuroriente\/ven-y-se-parte-de-la-red-ctci-al-servicio-de-la-educacion\/"},"wordCount":721,"commentCount":0,"publisher":{"@id":"https:\/\/dev.explora.cl\/rmsuroriente\/#organization"},"image":{"@id":"https:\/\/dev.explora.cl\/rmsuroriente\/ven-y-se-parte-de-la-red-ctci-al-servicio-de-la-educacion\/#primaryimage"},"thumbnailUrl":"https:\/\/dev.explora.cl\/rmsuroriente\/wp-content\/uploads\/sites\/12\/2024\/04\/03-RedCTCI_Banner-735x470.png","keywords":["ciencia","ciencia y tecnolog\u00eda","comunidad cient\u00edfica","CTCI","Innovaci\u00f3n"],"articleSection":["Iniciativas","Lugar 6","Noticias","Para Comunidad Escolar"],"inLanguage":"es-CL","potentialAction":[{"@type":"CommentAction","name":"Comment","target":["https:\/\/dev.explora.cl\/rmsuroriente\/ven-y-se-parte-de-la-red-ctci-al-servicio-de-la-educacion\/#respond"]}]},{"@type":"WebPage","@id":"https:\/\/dev.explora.cl\/rmsuroriente\/ven-y-se-parte-de-la-red-ctci-al-servicio-de-la-educacion\/","url":"https:\/\/dev.explora.cl\/rmsuroriente\/ven-y-se-parte-de-la-red-ctci-al-servicio-de-la-educacion\/","name":"\u00a1Ven y s\u00e9 parte de la Red CTCI al servicio de la educaci\u00f3n! - RM Sur Oriente","isPartOf":{"@id":"https:\/\/dev.explora.cl\/rmsuroriente\/#website"},"primaryImageOfPage":{"@id":"https:\/\/dev.explora.cl\/rmsuroriente\/ven-y-se-parte-de-la-red-ctci-al-servicio-de-la-educacion\/#primaryimage"},"image":{"@id":"https:\/\/dev.explora.cl\/rmsuroriente\/ven-y-se-parte-de-la-red-ctci-al-servicio-de-la-educacion\/#primaryimage"},"thumbnailUrl":"https:\/\/dev.explora.cl\/rmsuroriente\/wp-content\/uploads\/sites\/12\/2024\/04\/03-RedCTCI_Banner-735x470.png","datePublished":"2024-04-01T20:53:40+00:00","dateModified":"2024-04-09T18:59:19+00:00","breadcrumb":{"@id":"https:\/\/dev.explora.cl\/rmsuroriente\/ven-y-se-parte-de-la-red-ctci-al-servicio-de-la-educacion\/#breadcrumb"},"inLanguage":"es-CL","potentialAction":[{"@type":"ReadAction","target":["https:\/\/dev.explora.cl\/rmsuroriente\/ven-y-se-parte-de-la-red-ctci-al-servicio-de-la-educacion\/"]}]},{"@type":"ImageObject","inLanguage":"es-CL","@id":"https:\/\/dev.explora.cl\/rmsuroriente\/ven-y-se-parte-de-la-red-ctci-al-servicio-de-la-educacion\/#primaryimage","url":"https:\/\/dev.explora.cl\/rmsuroriente\/wp-content\/uploads\/sites\/12\/2024\/04\/03-RedCTCI_Banner-735x470.png","contentUrl":"https:\/\/dev.explora.cl\/rmsuroriente\/wp-content\/uploads\/sites\/12\/2024\/04\/03-RedCTCI_Banner-735x470.png","width":735,"height":470},{"@type":"BreadcrumbList","@id":"https:\/\/dev.explora.cl\/rmsuroriente\/ven-y-se-parte-de-la-red-ctci-al-servicio-de-la-educacion\/#breadcrumb","itemListElement":[{"@type":"ListItem","position":1,"name":"Portada","item":"https:\/\/dev.explora.cl\/rmsuroriente\/"},{"@type":"ListItem","position":2,"name":"\u00a1Ven y s\u00e9 parte de la Red CTCI al servicio de la educaci\u00f3n!"}]},{"@type":"WebSite","@id":"https:\/\/dev.explora.cl\/rmsuroriente\/#website","url":"https:\/\/dev.explora.cl\/rmsuroriente\/","name":"RM Sur Oriente","description":"Otro sitio m\u00e1s de dev.explora.cl","publisher":{"@id":"https:\/\/dev.explora.cl\/rmsuroriente\/#organization"},"potentialAction":[{"@type":"SearchAction","target":{"@type":"EntryPoint","urlTemplate":"https:\/\/dev.explora.cl\/rmsuroriente\/?s={search_term_string}"},"query-input":{"@type":"PropertyValueSpecification","valueRequired":true,"valueName":"search_term_string"}}],"inLanguage":"es-CL"},{"@type":"Organization","@id":"https:\/\/dev.explora.cl\/rmsuroriente\/#organization","name":"RM Sur Oriente","url":"https:\/\/dev.explora.cl\/rmsuroriente\/","logo":{"@type":"ImageObject","inLanguage":"es-CL","@id":"https:\/\/dev.explora.cl\/rmsuroriente\/#\/schema\/logo\/image\/","url":"https:\/\/dev.explora.cl\/rmsuroriente\/wp-content\/uploads\/sites\/12\/2025\/04\/cropped-LogoPAR_RMSO-Azul-UC.png","contentUrl":"https:\/\/dev.explora.cl\/rmsuroriente\/wp-content\/uploads\/sites\/12\/2025\/04\/cropped-LogoPAR_RMSO-Azul-UC.png","width":411,"height":409,"caption":"RM Sur Oriente"},"image":{"@id":"https:\/\/dev.explora.cl\/rmsuroriente\/#\/schema\/logo\/image\/"}},{"@type":"Person","@id":"https:\/\/dev.explora.cl\/rmsuroriente\/#\/schema\/person\/164f0bfb03507b3d5dd75257d8e71697","name":"RMSO PUC","image":{"@type":"ImageObject","inLanguage":"es-CL","@id":"https:\/\/dev.explora.cl\/rmsuroriente\/#\/schema\/person\/image\/","url":"https:\/\/secure.gravatar.com\/avatar\/16f7131f033ed433ea432d3fc2b04af9756004afdb5a6b61c705d795f6425ea0?s=96&d=mm&r=g","contentUrl":"https:\/\/secure.gravatar.com\/avatar\/16f7131f033ed433ea432d3fc2b04af9756004afdb5a6b61c705d795f6425ea0?s=96&d=mm&r=g","caption":"RMSO PUC"},"url":"https:\/\/dev.explora.cl\/rmsuroriente\/author\/myanez\/"}]}},"_links":{"self":[{"href":"https:\/\/dev.explora.cl\/rmsuroriente\/wp-json\/wp\/v2\/posts\/42342","targetHints":{"allow":["GET"]}}],"collection":[{"href":"https:\/\/dev.explora.cl\/rmsuroriente\/wp-json\/wp\/v2\/posts"}],"about":[{"href":"https:\/\/dev.explora.cl\/rmsuroriente\/wp-json\/wp\/v2\/types\/post"}],"author":[{"embeddable":true,"href":"https:\/\/dev.explora.cl\/rmsuroriente\/wp-json\/wp\/v2\/users\/27"}],"replies":[{"embeddable":true,"href":"https:\/\/dev.explora.cl\/rmsuroriente\/wp-json\/wp\/v2\/comments?post=42342"}],"version-history":[{"count":10,"href":"https:\/\/dev.explora.cl\/rmsuroriente\/wp-json\/wp\/v2\/posts\/42342\/revisions"}],"predecessor-version":[{"id":42356,"href":"https:\/\/dev.explora.cl\/rmsuroriente\/wp-json\/wp\/v2\/posts\/42342\/revisions\/42356"}],"wp:featuredmedia":[{"embeddable":true,"href":"https:\/\/dev.explora.cl\/rmsuroriente\/wp-json\/wp\/v2\/media\/42363"}],"wp:attachment":[{"href":"https:\/\/dev.explora.cl\/rmsuroriente\/wp-json\/wp\/v2\/media?parent=42342"}],"wp:term":[{"taxonomy":"category","embeddable":true,"href":"https:\/\/dev.explora.cl\/rmsuroriente\/wp-json\/wp\/v2\/categories?post=42342"},{"taxonomy":"post_tag","embeddable":true,"href":"https:\/\/dev.explora.cl\/rmsuroriente\/wp-json\/wp\/v2\/tags?post=42342"}],"curies":[{"name":"wp","href":"https:\/\/api.w.org\/{rel}","templated":true}]}}