{"id":42082,"date":"2023-10-04T17:12:11","date_gmt":"2023-10-04T20:12:11","guid":{"rendered":"https:\/\/dev.explora.cl\/rmsuroriente\/?p=42082"},"modified":"2023-11-16T16:02:04","modified_gmt":"2023-11-16T19:02:04","slug":"1er-encuentro-de-socializacion-de-equipos-iie","status":"publish","type":"post","link":"https:\/\/dev.explora.cl\/rmsuroriente\/1er-encuentro-de-socializacion-de-equipos-iie\/","title":{"rendered":"\u201cCompartiendo nuestros proyectos\u201d: 1er Encuentro de Socializaci\u00f3n de Equipos IIE convoca a estudiantes de 7mo b\u00e1sico a 4to medio"},"content":{"rendered":"<p><span data-contrast=\"none\">Tras dos jornadas dirigidas a docentes de los diversos establecimientos educacionales del territorio, el <\/span><b><span data-contrast=\"none\">programa de Investigaci\u00f3n e Innovaci\u00f3n Escolar del PAR Explora RM Sur Oriente<\/span><\/b><span data-contrast=\"none\"> avanz\u00f3 a su siguiente etapa e inici\u00f3 sus primeros encuentros de socializaci\u00f3n con estudiantes.<\/span><span data-ccp-props=\"{&quot;201341983&quot;:0,&quot;335551550&quot;:6,&quot;335551620&quot;:6,&quot;335559739&quot;:160,&quot;335559740&quot;:259}\">\u00a0<\/span><\/p>\n<p><span data-ccp-props=\"{&quot;201341983&quot;:0,&quot;335551550&quot;:6,&quot;335551620&quot;:6,&quot;335559739&quot;:160,&quot;335559740&quot;:259}\">\u00a0<\/span><\/p>\n<p><span data-contrast=\"none\">Esta vez las y los participantes fueron <\/span><b><span data-contrast=\"none\">j\u00f3venes de 7mo b\u00e1sico a 4to medio<\/span><\/b><span data-contrast=\"none\">, quienes llegaron hasta el campus San Joaqu\u00edn de la Universidad Cat\u00f3lica en compa\u00f1\u00eda de sus docentes para avanzar, en conjunto, con los proyectos de investigaci\u00f3n que est\u00e1n desarrollando a trav\u00e9s de <\/span><b><span data-contrast=\"none\">Equipos IIE<\/span><\/b><span data-contrast=\"none\">.<\/span><span data-ccp-props=\"{&quot;134233117&quot;:false,&quot;134233118&quot;:false,&quot;201341983&quot;:0,&quot;335551550&quot;:6,&quot;335551620&quot;:6,&quot;335559685&quot;:0,&quot;335559737&quot;:0,&quot;335559738&quot;:0,&quot;335559739&quot;:160,&quot;335559740&quot;:259}\">\u00a0<\/span><\/p>\n<p><span data-ccp-props=\"{&quot;134233117&quot;:false,&quot;134233118&quot;:false,&quot;201341983&quot;:0,&quot;335551550&quot;:6,&quot;335551620&quot;:6,&quot;335559685&quot;:0,&quot;335559737&quot;:0,&quot;335559738&quot;:0,&quot;335559739&quot;:160,&quot;335559740&quot;:259}\">\u00a0<\/span><\/p>\n<p><span data-contrast=\"none\">A lo largo de la ma\u00f1ana, las y los estudiantes participaron en diversas din\u00e1micas grupales que les permitieron recibir <\/span><b><span data-contrast=\"none\">comentarios y sugerencias en torno a sus proyectos<\/span><\/b><span data-contrast=\"none\"> por parte de especialistas, docentes y pares de otros establecimientos.<\/span><\/p>\n<p>&nbsp;<\/p>\n<p><span data-ccp-props=\"{&quot;134233117&quot;:false,&quot;134233118&quot;:false,&quot;201341983&quot;:0,&quot;335551550&quot;:6,&quot;335551620&quot;:6,&quot;335559685&quot;:0,&quot;335559737&quot;:0,&quot;335559738&quot;:0,&quot;335559739&quot;:160,&quot;335559740&quot;:259}\"><img loading=\"lazy\" decoding=\"async\" class=\"aligncenter wp-image-42084\" src=\"https:\/\/dev.explora.cl\/rmsuroriente\/wp-content\/uploads\/sites\/12\/2023\/10\/IMG_20231004_095336-s-1024x771.jpg\" alt=\"\" width=\"720\" height=\"542\" srcset=\"https:\/\/dev.explora.cl\/rmsuroriente\/wp-content\/uploads\/sites\/12\/2023\/10\/IMG_20231004_095336-s-1024x771.jpg 1024w, https:\/\/dev.explora.cl\/rmsuroriente\/wp-content\/uploads\/sites\/12\/2023\/10\/IMG_20231004_095336-s-300x226.jpg 300w, https:\/\/dev.explora.cl\/rmsuroriente\/wp-content\/uploads\/sites\/12\/2023\/10\/IMG_20231004_095336-s-768x578.jpg 768w\" sizes=\"auto, (max-width: 720px) 100vw, 720px\" \/>\u00a0<\/span><\/p>\n<p><span data-contrast=\"none\">&#8220;Me parece muy importante el trabajo colaborativo que se realiz\u00f3. Venir a este espacio les permiti\u00f3 compartir con estudiantes de otros niveles, de otros colegios. Para ellos es absolutamente enriquecedor\u201d, valor\u00f3 <strong>B<\/strong><\/span><b><span data-contrast=\"none\">lanca Plaza, profesora de Ciencias del Colegio Millant\u00fa de Macul<\/span><\/b><span data-contrast=\"none\">.<\/span><span data-ccp-props=\"{&quot;134233117&quot;:false,&quot;134233118&quot;:false,&quot;201341983&quot;:0,&quot;335551550&quot;:6,&quot;335551620&quot;:6,&quot;335559685&quot;:0,&quot;335559737&quot;:0,&quot;335559738&quot;:0,&quot;335559739&quot;:160,&quot;335559740&quot;:259}\">\u00a0<\/span><\/p>\n<p><span data-ccp-props=\"{&quot;134233117&quot;:false,&quot;134233118&quot;:false,&quot;201341983&quot;:0,&quot;335551550&quot;:6,&quot;335551620&quot;:6,&quot;335559685&quot;:0,&quot;335559737&quot;:0,&quot;335559738&quot;:0,&quot;335559739&quot;:160,&quot;335559740&quot;:259}\">\u00a0<\/span><\/p>\n<p><span data-contrast=\"none\">Las y los asistentes, adem\u00e1s, presenciaron la obra \u201c<\/span><b><span data-contrast=\"none\">Foster, el Observatorio del Cerro Tupahue<\/span><\/b><span data-contrast=\"none\">\u201d, a cargo del Tryo Teatro Banda, en el marco de las actividades del <\/span><b><span data-contrast=\"none\">Festival de las Ciencias 2023<\/span><\/b><span data-contrast=\"none\"> en la provincia de Santiago.<\/span><span data-ccp-props=\"{&quot;134233117&quot;:false,&quot;134233118&quot;:false,&quot;201341983&quot;:0,&quot;335551550&quot;:6,&quot;335551620&quot;:6,&quot;335559685&quot;:0,&quot;335559737&quot;:0,&quot;335559738&quot;:0,&quot;335559739&quot;:160,&quot;335559740&quot;:259}\">\u00a0<\/span><\/p>\n<p>&nbsp;<\/p>\n<p><span data-ccp-props=\"{&quot;134233117&quot;:false,&quot;134233118&quot;:false,&quot;201341983&quot;:0,&quot;335551550&quot;:6,&quot;335551620&quot;:6,&quot;335559685&quot;:0,&quot;335559737&quot;:0,&quot;335559738&quot;:0,&quot;335559739&quot;:160,&quot;335559740&quot;:259}\"><img loading=\"lazy\" decoding=\"async\" class=\"aligncenter wp-image-42085\" src=\"https:\/\/dev.explora.cl\/rmsuroriente\/wp-content\/uploads\/sites\/12\/2023\/10\/IMG_20231004_115639-s-1024x771.jpg\" alt=\"\" width=\"720\" height=\"542\" srcset=\"https:\/\/dev.explora.cl\/rmsuroriente\/wp-content\/uploads\/sites\/12\/2023\/10\/IMG_20231004_115639-s-1024x771.jpg 1024w, https:\/\/dev.explora.cl\/rmsuroriente\/wp-content\/uploads\/sites\/12\/2023\/10\/IMG_20231004_115639-s-300x226.jpg 300w, https:\/\/dev.explora.cl\/rmsuroriente\/wp-content\/uploads\/sites\/12\/2023\/10\/IMG_20231004_115639-s-768x578.jpg 768w\" sizes=\"auto, (max-width: 720px) 100vw, 720px\" \/>\u00a0<\/span><\/p>\n<p><span data-contrast=\"none\">&#8220;La encontr\u00e9 incre\u00edble y maravillosa, ya que supieron mezclar muy bien lo que es el arte y la ciencia, algo que mucha gente dice nunca van de la mano, pero yo creo que son experiencias que juntas pueden crear algo maravilloso, y eso fue lo que se demostr\u00f3\u201d, coment\u00f3 <\/span><b><span data-contrast=\"none\">Maritxu Vald\u00e9s, estudiante de 3ro medio del Liceo Monse\u00f1or Luis Arturo P\u00e9rez de Pedro Aguirre Cerda<\/span><\/b><span data-contrast=\"none\">.<\/span><span data-ccp-props=\"{&quot;134233117&quot;:false,&quot;134233118&quot;:false,&quot;201341983&quot;:0,&quot;335551550&quot;:6,&quot;335551620&quot;:6,&quot;335559685&quot;:0,&quot;335559737&quot;:0,&quot;335559738&quot;:0,&quot;335559739&quot;:160,&quot;335559740&quot;:259}\">\u00a0<\/span><\/p>\n<p><span data-ccp-props=\"{&quot;201341983&quot;:0,&quot;335551550&quot;:6,&quot;335551620&quot;:6,&quot;335559739&quot;:160,&quot;335559740&quot;:259}\">\u00a0<\/span><\/p>\n<p><span data-contrast=\"none\">El pr\u00f3ximo mi\u00e9rcoles 11 de octubre tendr\u00e1 lugar el <\/span><b><span data-contrast=\"none\">1er Encuentro de Socializaci\u00f3n de Clubes Explora<\/span><\/b><span data-contrast=\"none\">, jornada que convocar\u00e1 a estudiantes de <\/span><b><span data-contrast=\"none\">1ro a 6to b\u00e1sico<\/span><\/b><span data-contrast=\"none\"> que, al igual que las y los j\u00f3venes de 7mo b\u00e1sico a 4to medio, trabajar\u00e1n en proyectos de investigaci\u00f3n e innovaci\u00f3n junto a sus docentes.<\/span><span data-ccp-props=\"{&quot;134233117&quot;:false,&quot;134233118&quot;:false,&quot;201341983&quot;:0,&quot;335551550&quot;:6,&quot;335551620&quot;:6,&quot;335559685&quot;:0,&quot;335559737&quot;:0,&quot;335559738&quot;:0,&quot;335559739&quot;:160,&quot;335559740&quot;:259}\">\u00a0<\/span><\/p>\n","protected":false},"excerpt":{"rendered":"<p>La jornada permiti\u00f3 fortalecer, mediante el intercambio de experiencias, el di\u00e1logo y los aprendizajes colectivos, los proyectos impulsados por las y los j\u00f3venes junto a sus docentes, recibiendo comentarios y sugerencias de especialistas y pares.<\/p>\n","protected":false},"author":27,"featured_media":42083,"comment_status":"open","ping_status":"open","sticky":false,"template":"","format":"standard","meta":{"_acf_changed":false,"_exactmetrics_skip_tracking":false,"_exactmetrics_sitenote_active":false,"_exactmetrics_sitenote_note":"","_exactmetrics_sitenote_category":0,"footnotes":"","_links_to":"","_links_to_target":""},"categories":[128,4,116,121,126],"tags":[107,295,105,341,23,286,296,100,76],"class_list":["post-42082","post","type-post","status-publish","format-standard","has-post-thumbnail","hentry","category-eventos_publ_grl","category-noticias","category-para-comunidad-escolar","category-para-divulgadores","category-para-publico-general","tag-ciencia","tag-conocimiento","tag-educacion","tag-equipos","tag-explora","tag-iie","tag-innovacion","tag-investigacion","tag-tecnologia"],"acf":[],"yoast_head":"<!-- This site is optimized with the Yoast SEO plugin v26.7 - https:\/\/yoast.com\/wordpress\/plugins\/seo\/ -->\n<title>\u201cCompartiendo nuestros proyectos\u201d: 1er Encuentro de Socializaci\u00f3n de Equipos IIE convoca a estudiantes de 7mo b\u00e1sico a 4to medio - RM Sur Oriente<\/title>\n<meta name=\"robots\" content=\"index, follow, max-snippet:-1, max-image-preview:large, max-video-preview:-1\" \/>\n<link rel=\"canonical\" href=\"https:\/\/dev.explora.cl\/rmsuroriente\/1er-encuentro-de-socializacion-de-equipos-iie\/\" class=\"yoast-seo-meta-tag\" \/>\n<meta property=\"og:locale\" content=\"es_ES\" class=\"yoast-seo-meta-tag\" \/>\n<meta property=\"og:type\" content=\"article\" class=\"yoast-seo-meta-tag\" \/>\n<meta property=\"og:title\" content=\"\u201cCompartiendo nuestros proyectos\u201d: 1er Encuentro de Socializaci\u00f3n de Equipos IIE convoca a estudiantes de 7mo b\u00e1sico a 4to medio - RM Sur Oriente\" class=\"yoast-seo-meta-tag\" \/>\n<meta property=\"og:description\" content=\"La jornada permiti\u00f3 fortalecer, mediante el intercambio de experiencias, el di\u00e1logo y los aprendizajes colectivos, los proyectos impulsados por las y los j\u00f3venes junto a sus docentes, recibiendo comentarios y sugerencias de especialistas y pares.\" class=\"yoast-seo-meta-tag\" \/>\n<meta property=\"og:url\" content=\"https:\/\/dev.explora.cl\/rmsuroriente\/1er-encuentro-de-socializacion-de-equipos-iie\/\" class=\"yoast-seo-meta-tag\" \/>\n<meta property=\"og:site_name\" content=\"RM Sur Oriente\" class=\"yoast-seo-meta-tag\" \/>\n<meta property=\"article:published_time\" content=\"2023-10-04T20:12:11+00:00\" class=\"yoast-seo-meta-tag\" \/>\n<meta property=\"article:modified_time\" content=\"2023-11-16T19:02:04+00:00\" class=\"yoast-seo-meta-tag\" \/>\n<meta property=\"og:image\" content=\"https:\/\/dev.explora.cl\/rmsuroriente\/wp-content\/uploads\/sites\/12\/2023\/10\/IMG_20231004_124143-s-1024x771.jpg\" class=\"yoast-seo-meta-tag\" \/>\n\t<meta property=\"og:image:width\" content=\"1024\" class=\"yoast-seo-meta-tag\" \/>\n\t<meta property=\"og:image:height\" content=\"771\" class=\"yoast-seo-meta-tag\" \/>\n\t<meta property=\"og:image:type\" content=\"image\/jpeg\" class=\"yoast-seo-meta-tag\" \/>\n<meta name=\"author\" content=\"RMSO PUC\" class=\"yoast-seo-meta-tag\" \/>\n<meta name=\"twitter:card\" content=\"summary_large_image\" class=\"yoast-seo-meta-tag\" \/>\n<meta name=\"twitter:label1\" content=\"Escrito por\" class=\"yoast-seo-meta-tag\" \/>\n\t<meta name=\"twitter:data1\" content=\"RMSO PUC\" class=\"yoast-seo-meta-tag\" \/>\n\t<meta name=\"twitter:label2\" content=\"Tiempo estimado de lectura\" class=\"yoast-seo-meta-tag\" \/>\n\t<meta name=\"twitter:data2\" content=\"2 minutos\" class=\"yoast-seo-meta-tag\" \/>\n<script type=\"application\/ld+json\" class=\"yoast-schema-graph\">{\"@context\":\"https:\/\/schema.org\",\"@graph\":[{\"@type\":\"Article\",\"@id\":\"https:\/\/dev.explora.cl\/rmsuroriente\/1er-encuentro-de-socializacion-de-equipos-iie\/#article\",\"isPartOf\":{\"@id\":\"https:\/\/dev.explora.cl\/rmsuroriente\/1er-encuentro-de-socializacion-de-equipos-iie\/\"},\"author\":{\"name\":\"RMSO PUC\",\"@id\":\"https:\/\/dev.explora.cl\/rmsuroriente\/#\/schema\/person\/164f0bfb03507b3d5dd75257d8e71697\"},\"headline\":\"\u201cCompartiendo nuestros proyectos\u201d: 1er Encuentro de Socializaci\u00f3n de Equipos IIE convoca a estudiantes de 7mo b\u00e1sico a 4to medio\",\"datePublished\":\"2023-10-04T20:12:11+00:00\",\"dateModified\":\"2023-11-16T19:02:04+00:00\",\"mainEntityOfPage\":{\"@id\":\"https:\/\/dev.explora.cl\/rmsuroriente\/1er-encuentro-de-socializacion-de-equipos-iie\/\"},\"wordCount\":367,\"commentCount\":0,\"publisher\":{\"@id\":\"https:\/\/dev.explora.cl\/rmsuroriente\/#organization\"},\"image\":{\"@id\":\"https:\/\/dev.explora.cl\/rmsuroriente\/1er-encuentro-de-socializacion-de-equipos-iie\/#primaryimage\"},\"thumbnailUrl\":\"https:\/\/dev.explora.cl\/rmsuroriente\/wp-content\/uploads\/sites\/12\/2023\/10\/IMG_20231004_124143-s.jpg\",\"keywords\":[\"ciencia\",\"Conocimiento\",\"educaci\u00f3n\",\"equipos\",\"EXPLORA\",\"IIE\",\"Innovaci\u00f3n\",\"investigaci\u00f3n\",\"tecnolog\u00eda\"],\"articleSection\":[\"Eventos\",\"Noticias\",\"Para Comunidad Escolar\",\"Para Divulgadores\",\"Para P\u00fablico General\"],\"inLanguage\":\"es-CL\",\"potentialAction\":[{\"@type\":\"CommentAction\",\"name\":\"Comment\",\"target\":[\"https:\/\/dev.explora.cl\/rmsuroriente\/1er-encuentro-de-socializacion-de-equipos-iie\/#respond\"]}]},{\"@type\":\"WebPage\",\"@id\":\"https:\/\/dev.explora.cl\/rmsuroriente\/1er-encuentro-de-socializacion-de-equipos-iie\/\",\"url\":\"https:\/\/dev.explora.cl\/rmsuroriente\/1er-encuentro-de-socializacion-de-equipos-iie\/\",\"name\":\"\u201cCompartiendo nuestros proyectos\u201d: 1er Encuentro de Socializaci\u00f3n de Equipos IIE convoca a estudiantes de 7mo b\u00e1sico a 4to medio - RM Sur Oriente\",\"isPartOf\":{\"@id\":\"https:\/\/dev.explora.cl\/rmsuroriente\/#website\"},\"primaryImageOfPage\":{\"@id\":\"https:\/\/dev.explora.cl\/rmsuroriente\/1er-encuentro-de-socializacion-de-equipos-iie\/#primaryimage\"},\"image\":{\"@id\":\"https:\/\/dev.explora.cl\/rmsuroriente\/1er-encuentro-de-socializacion-de-equipos-iie\/#primaryimage\"},\"thumbnailUrl\":\"https:\/\/dev.explora.cl\/rmsuroriente\/wp-content\/uploads\/sites\/12\/2023\/10\/IMG_20231004_124143-s.jpg\",\"datePublished\":\"2023-10-04T20:12:11+00:00\",\"dateModified\":\"2023-11-16T19:02:04+00:00\",\"breadcrumb\":{\"@id\":\"https:\/\/dev.explora.cl\/rmsuroriente\/1er-encuentro-de-socializacion-de-equipos-iie\/#breadcrumb\"},\"inLanguage\":\"es-CL\",\"potentialAction\":[{\"@type\":\"ReadAction\",\"target\":[\"https:\/\/dev.explora.cl\/rmsuroriente\/1er-encuentro-de-socializacion-de-equipos-iie\/\"]}]},{\"@type\":\"ImageObject\",\"inLanguage\":\"es-CL\",\"@id\":\"https:\/\/dev.explora.cl\/rmsuroriente\/1er-encuentro-de-socializacion-de-equipos-iie\/#primaryimage\",\"url\":\"https:\/\/dev.explora.cl\/rmsuroriente\/wp-content\/uploads\/sites\/12\/2023\/10\/IMG_20231004_124143-s.jpg\",\"contentUrl\":\"https:\/\/dev.explora.cl\/rmsuroriente\/wp-content\/uploads\/sites\/12\/2023\/10\/IMG_20231004_124143-s.jpg\",\"width\":4080,\"height\":3072},{\"@type\":\"BreadcrumbList\",\"@id\":\"https:\/\/dev.explora.cl\/rmsuroriente\/1er-encuentro-de-socializacion-de-equipos-iie\/#breadcrumb\",\"itemListElement\":[{\"@type\":\"ListItem\",\"position\":1,\"name\":\"Portada\",\"item\":\"https:\/\/dev.explora.cl\/rmsuroriente\/\"},{\"@type\":\"ListItem\",\"position\":2,\"name\":\"\u201cCompartiendo nuestros proyectos\u201d: 1er Encuentro de Socializaci\u00f3n de Equipos IIE convoca a estudiantes de 7mo b\u00e1sico a 4to medio\"}]},{\"@type\":\"WebSite\",\"@id\":\"https:\/\/dev.explora.cl\/rmsuroriente\/#website\",\"url\":\"https:\/\/dev.explora.cl\/rmsuroriente\/\",\"name\":\"RM Sur Oriente\",\"description\":\"Otro sitio m\u00e1s de dev.explora.cl\",\"publisher\":{\"@id\":\"https:\/\/dev.explora.cl\/rmsuroriente\/#organization\"},\"potentialAction\":[{\"@type\":\"SearchAction\",\"target\":{\"@type\":\"EntryPoint\",\"urlTemplate\":\"https:\/\/dev.explora.cl\/rmsuroriente\/?s={search_term_string}\"},\"query-input\":{\"@type\":\"PropertyValueSpecification\",\"valueRequired\":true,\"valueName\":\"search_term_string\"}}],\"inLanguage\":\"es-CL\"},{\"@type\":\"Organization\",\"@id\":\"https:\/\/dev.explora.cl\/rmsuroriente\/#organization\",\"name\":\"RM Sur Oriente\",\"url\":\"https:\/\/dev.explora.cl\/rmsuroriente\/\",\"logo\":{\"@type\":\"ImageObject\",\"inLanguage\":\"es-CL\",\"@id\":\"https:\/\/dev.explora.cl\/rmsuroriente\/#\/schema\/logo\/image\/\",\"url\":\"https:\/\/dev.explora.cl\/rmsuroriente\/wp-content\/uploads\/sites\/12\/2025\/04\/cropped-LogoPAR_RMSO-Azul-UC.png\",\"contentUrl\":\"https:\/\/dev.explora.cl\/rmsuroriente\/wp-content\/uploads\/sites\/12\/2025\/04\/cropped-LogoPAR_RMSO-Azul-UC.png\",\"width\":411,\"height\":409,\"caption\":\"RM Sur Oriente\"},\"image\":{\"@id\":\"https:\/\/dev.explora.cl\/rmsuroriente\/#\/schema\/logo\/image\/\"}},{\"@type\":\"Person\",\"@id\":\"https:\/\/dev.explora.cl\/rmsuroriente\/#\/schema\/person\/164f0bfb03507b3d5dd75257d8e71697\",\"name\":\"RMSO PUC\",\"image\":{\"@type\":\"ImageObject\",\"inLanguage\":\"es-CL\",\"@id\":\"https:\/\/dev.explora.cl\/rmsuroriente\/#\/schema\/person\/image\/\",\"url\":\"https:\/\/secure.gravatar.com\/avatar\/16f7131f033ed433ea432d3fc2b04af9756004afdb5a6b61c705d795f6425ea0?s=96&d=mm&r=g\",\"contentUrl\":\"https:\/\/secure.gravatar.com\/avatar\/16f7131f033ed433ea432d3fc2b04af9756004afdb5a6b61c705d795f6425ea0?s=96&d=mm&r=g\",\"caption\":\"RMSO PUC\"},\"url\":\"https:\/\/dev.explora.cl\/rmsuroriente\/author\/myanez\/\"}]}<\/script>\n<!-- \/ Yoast SEO plugin. -->","yoast_head_json":{"title":"\u201cCompartiendo nuestros proyectos\u201d: 1er Encuentro de Socializaci\u00f3n de Equipos IIE convoca a estudiantes de 7mo b\u00e1sico a 4to medio - RM Sur Oriente","robots":{"index":"index","follow":"follow","max-snippet":"max-snippet:-1","max-image-preview":"max-image-preview:large","max-video-preview":"max-video-preview:-1"},"canonical":"https:\/\/dev.explora.cl\/rmsuroriente\/1er-encuentro-de-socializacion-de-equipos-iie\/","og_locale":"es_ES","og_type":"article","og_title":"\u201cCompartiendo nuestros proyectos\u201d: 1er Encuentro de Socializaci\u00f3n de Equipos IIE convoca a estudiantes de 7mo b\u00e1sico a 4to medio - RM Sur Oriente","og_description":"La jornada permiti\u00f3 fortalecer, mediante el intercambio de experiencias, el di\u00e1logo y los aprendizajes colectivos, los proyectos impulsados por las y los j\u00f3venes junto a sus docentes, recibiendo comentarios y sugerencias de especialistas y pares.","og_url":"https:\/\/dev.explora.cl\/rmsuroriente\/1er-encuentro-de-socializacion-de-equipos-iie\/","og_site_name":"RM Sur Oriente","article_published_time":"2023-10-04T20:12:11+00:00","article_modified_time":"2023-11-16T19:02:04+00:00","og_image":[{"width":1024,"height":771,"url":"https:\/\/dev.explora.cl\/rmsuroriente\/wp-content\/uploads\/sites\/12\/2023\/10\/IMG_20231004_124143-s-1024x771.jpg","type":"image\/jpeg"}],"author":"RMSO PUC","twitter_card":"summary_large_image","twitter_misc":{"Escrito por":"RMSO PUC","Tiempo estimado de lectura":"2 minutos"},"schema":{"@context":"https:\/\/schema.org","@graph":[{"@type":"Article","@id":"https:\/\/dev.explora.cl\/rmsuroriente\/1er-encuentro-de-socializacion-de-equipos-iie\/#article","isPartOf":{"@id":"https:\/\/dev.explora.cl\/rmsuroriente\/1er-encuentro-de-socializacion-de-equipos-iie\/"},"author":{"name":"RMSO PUC","@id":"https:\/\/dev.explora.cl\/rmsuroriente\/#\/schema\/person\/164f0bfb03507b3d5dd75257d8e71697"},"headline":"\u201cCompartiendo nuestros proyectos\u201d: 1er Encuentro de Socializaci\u00f3n de Equipos IIE convoca a estudiantes de 7mo b\u00e1sico a 4to medio","datePublished":"2023-10-04T20:12:11+00:00","dateModified":"2023-11-16T19:02:04+00:00","mainEntityOfPage":{"@id":"https:\/\/dev.explora.cl\/rmsuroriente\/1er-encuentro-de-socializacion-de-equipos-iie\/"},"wordCount":367,"commentCount":0,"publisher":{"@id":"https:\/\/dev.explora.cl\/rmsuroriente\/#organization"},"image":{"@id":"https:\/\/dev.explora.cl\/rmsuroriente\/1er-encuentro-de-socializacion-de-equipos-iie\/#primaryimage"},"thumbnailUrl":"https:\/\/dev.explora.cl\/rmsuroriente\/wp-content\/uploads\/sites\/12\/2023\/10\/IMG_20231004_124143-s.jpg","keywords":["ciencia","Conocimiento","educaci\u00f3n","equipos","EXPLORA","IIE","Innovaci\u00f3n","investigaci\u00f3n","tecnolog\u00eda"],"articleSection":["Eventos","Noticias","Para Comunidad Escolar","Para Divulgadores","Para P\u00fablico General"],"inLanguage":"es-CL","potentialAction":[{"@type":"CommentAction","name":"Comment","target":["https:\/\/dev.explora.cl\/rmsuroriente\/1er-encuentro-de-socializacion-de-equipos-iie\/#respond"]}]},{"@type":"WebPage","@id":"https:\/\/dev.explora.cl\/rmsuroriente\/1er-encuentro-de-socializacion-de-equipos-iie\/","url":"https:\/\/dev.explora.cl\/rmsuroriente\/1er-encuentro-de-socializacion-de-equipos-iie\/","name":"\u201cCompartiendo nuestros proyectos\u201d: 1er Encuentro de Socializaci\u00f3n de Equipos IIE convoca a estudiantes de 7mo b\u00e1sico a 4to medio - RM Sur Oriente","isPartOf":{"@id":"https:\/\/dev.explora.cl\/rmsuroriente\/#website"},"primaryImageOfPage":{"@id":"https:\/\/dev.explora.cl\/rmsuroriente\/1er-encuentro-de-socializacion-de-equipos-iie\/#primaryimage"},"image":{"@id":"https:\/\/dev.explora.cl\/rmsuroriente\/1er-encuentro-de-socializacion-de-equipos-iie\/#primaryimage"},"thumbnailUrl":"https:\/\/dev.explora.cl\/rmsuroriente\/wp-content\/uploads\/sites\/12\/2023\/10\/IMG_20231004_124143-s.jpg","datePublished":"2023-10-04T20:12:11+00:00","dateModified":"2023-11-16T19:02:04+00:00","breadcrumb":{"@id":"https:\/\/dev.explora.cl\/rmsuroriente\/1er-encuentro-de-socializacion-de-equipos-iie\/#breadcrumb"},"inLanguage":"es-CL","potentialAction":[{"@type":"ReadAction","target":["https:\/\/dev.explora.cl\/rmsuroriente\/1er-encuentro-de-socializacion-de-equipos-iie\/"]}]},{"@type":"ImageObject","inLanguage":"es-CL","@id":"https:\/\/dev.explora.cl\/rmsuroriente\/1er-encuentro-de-socializacion-de-equipos-iie\/#primaryimage","url":"https:\/\/dev.explora.cl\/rmsuroriente\/wp-content\/uploads\/sites\/12\/2023\/10\/IMG_20231004_124143-s.jpg","contentUrl":"https:\/\/dev.explora.cl\/rmsuroriente\/wp-content\/uploads\/sites\/12\/2023\/10\/IMG_20231004_124143-s.jpg","width":4080,"height":3072},{"@type":"BreadcrumbList","@id":"https:\/\/dev.explora.cl\/rmsuroriente\/1er-encuentro-de-socializacion-de-equipos-iie\/#breadcrumb","itemListElement":[{"@type":"ListItem","position":1,"name":"Portada","item":"https:\/\/dev.explora.cl\/rmsuroriente\/"},{"@type":"ListItem","position":2,"name":"\u201cCompartiendo nuestros proyectos\u201d: 1er Encuentro de Socializaci\u00f3n de Equipos IIE convoca a estudiantes de 7mo b\u00e1sico a 4to medio"}]},{"@type":"WebSite","@id":"https:\/\/dev.explora.cl\/rmsuroriente\/#website","url":"https:\/\/dev.explora.cl\/rmsuroriente\/","name":"RM Sur Oriente","description":"Otro sitio m\u00e1s de dev.explora.cl","publisher":{"@id":"https:\/\/dev.explora.cl\/rmsuroriente\/#organization"},"potentialAction":[{"@type":"SearchAction","target":{"@type":"EntryPoint","urlTemplate":"https:\/\/dev.explora.cl\/rmsuroriente\/?s={search_term_string}"},"query-input":{"@type":"PropertyValueSpecification","valueRequired":true,"valueName":"search_term_string"}}],"inLanguage":"es-CL"},{"@type":"Organization","@id":"https:\/\/dev.explora.cl\/rmsuroriente\/#organization","name":"RM Sur Oriente","url":"https:\/\/dev.explora.cl\/rmsuroriente\/","logo":{"@type":"ImageObject","inLanguage":"es-CL","@id":"https:\/\/dev.explora.cl\/rmsuroriente\/#\/schema\/logo\/image\/","url":"https:\/\/dev.explora.cl\/rmsuroriente\/wp-content\/uploads\/sites\/12\/2025\/04\/cropped-LogoPAR_RMSO-Azul-UC.png","contentUrl":"https:\/\/dev.explora.cl\/rmsuroriente\/wp-content\/uploads\/sites\/12\/2025\/04\/cropped-LogoPAR_RMSO-Azul-UC.png","width":411,"height":409,"caption":"RM Sur Oriente"},"image":{"@id":"https:\/\/dev.explora.cl\/rmsuroriente\/#\/schema\/logo\/image\/"}},{"@type":"Person","@id":"https:\/\/dev.explora.cl\/rmsuroriente\/#\/schema\/person\/164f0bfb03507b3d5dd75257d8e71697","name":"RMSO PUC","image":{"@type":"ImageObject","inLanguage":"es-CL","@id":"https:\/\/dev.explora.cl\/rmsuroriente\/#\/schema\/person\/image\/","url":"https:\/\/secure.gravatar.com\/avatar\/16f7131f033ed433ea432d3fc2b04af9756004afdb5a6b61c705d795f6425ea0?s=96&d=mm&r=g","contentUrl":"https:\/\/secure.gravatar.com\/avatar\/16f7131f033ed433ea432d3fc2b04af9756004afdb5a6b61c705d795f6425ea0?s=96&d=mm&r=g","caption":"RMSO PUC"},"url":"https:\/\/dev.explora.cl\/rmsuroriente\/author\/myanez\/"}]}},"_links":{"self":[{"href":"https:\/\/dev.explora.cl\/rmsuroriente\/wp-json\/wp\/v2\/posts\/42082","targetHints":{"allow":["GET"]}}],"collection":[{"href":"https:\/\/dev.explora.cl\/rmsuroriente\/wp-json\/wp\/v2\/posts"}],"about":[{"href":"https:\/\/dev.explora.cl\/rmsuroriente\/wp-json\/wp\/v2\/types\/post"}],"author":[{"embeddable":true,"href":"https:\/\/dev.explora.cl\/rmsuroriente\/wp-json\/wp\/v2\/users\/27"}],"replies":[{"embeddable":true,"href":"https:\/\/dev.explora.cl\/rmsuroriente\/wp-json\/wp\/v2\/comments?post=42082"}],"version-history":[{"count":3,"href":"https:\/\/dev.explora.cl\/rmsuroriente\/wp-json\/wp\/v2\/posts\/42082\/revisions"}],"predecessor-version":[{"id":42088,"href":"https:\/\/dev.explora.cl\/rmsuroriente\/wp-json\/wp\/v2\/posts\/42082\/revisions\/42088"}],"wp:featuredmedia":[{"embeddable":true,"href":"https:\/\/dev.explora.cl\/rmsuroriente\/wp-json\/wp\/v2\/media\/42083"}],"wp:attachment":[{"href":"https:\/\/dev.explora.cl\/rmsuroriente\/wp-json\/wp\/v2\/media?parent=42082"}],"wp:term":[{"taxonomy":"category","embeddable":true,"href":"https:\/\/dev.explora.cl\/rmsuroriente\/wp-json\/wp\/v2\/categories?post=42082"},{"taxonomy":"post_tag","embeddable":true,"href":"https:\/\/dev.explora.cl\/rmsuroriente\/wp-json\/wp\/v2\/tags?post=42082"}],"curies":[{"name":"wp","href":"https:\/\/api.w.org\/{rel}","templated":true}]}}