{"id":41950,"date":"2023-09-05T15:25:40","date_gmt":"2023-09-05T18:25:40","guid":{"rendered":"https:\/\/dev.explora.cl\/rmsuroriente\/?p=41950"},"modified":"2023-09-26T16:26:13","modified_gmt":"2023-09-26T19:26:13","slug":"premio-inspiratec-2023","status":"publish","type":"post","link":"https:\/\/dev.explora.cl\/rmsuroriente\/premio-inspiratec-2023\/","title":{"rendered":"Premio InspiraTEC 2023: Se abre convocatoria para destacar a mujeres en ciencia y tecnolog\u00eda"},"content":{"rendered":"<p>Con el objetivo de destacar y premiar a ni\u00f1as, j\u00f3venes y mujeres emprendedoras en ciencia, tecnolog\u00eda, ingenier\u00eda o matem\u00e1ticas (STEM) con emprendimientos que impacten positivamente en la econom\u00eda, el medio ambiente y la sociedad, la Subsecretar\u00eda de Econom\u00eda y Empresas de Menor Tama\u00f1o -perteneciente al Ministerio de Econom\u00eda, Fomento y Turismo- lanz\u00f3 la <strong>VII convocatoria del premio InspiraTEC 2023<\/strong>.<\/p>\n<p>&nbsp;<\/p>\n<p>Desde 2016, este premio busca reconocer las <strong>invenciones y desarrollo de proyectos de adolescentes, j\u00f3venes y mujeres emprendedoras en \u00e1reas STEM<\/strong> y desde el 2022 ha habido un esfuerzo por focalizar este premio en visibilizar los emprendimientos femeninos que est\u00e9n abordando los distintos desaf\u00edos de sostenibilidad que tiene nuestro pa\u00eds y el mundo, en torno a la econom\u00eda verde, la descarbonizaci\u00f3n justa, la resiliencia ante la crisis clim\u00e1tica y la sofisticaci\u00f3n y diversificaci\u00f3n productiva del pa\u00eds, en l\u00ednea con el Desarrollo Productivo Sostenible que Chile requiere y contin\u00faa impulsando.<\/p>\n<p>&nbsp;<\/p>\n<p>La convocatoria del premio InspiraTEC este a\u00f1o est\u00e1 dirigida a <strong>personas de g\u00e9nero femenino chilenas o extranjeras, con un m\u00ednimo de dos a\u00f1os de residencia en Chile<\/strong>, que sean fundadoras, part\u00edcipes o socias de proyectos o emprendimientos de base STEM. Las categor\u00edas a premiar son:<\/p>\n<p>*<strong>Joven Inspiradora<\/strong>: dirigida a ni\u00f1as y j\u00f3venes de s\u00e9ptimo a cuarto medio, destacadas por el desarrollo de proyectos de base STEM en su etapa escolar.<\/p>\n<p>*<strong>Emprendedora STEM<\/strong>: para due\u00f1as o socias de empresas, cooperativas o proyectos de innovaci\u00f3n con base STEM, en etapa temprana, de pilotaje, o validaci\u00f3n comercial, con o sin formalizaci\u00f3n y hasta 5 a\u00f1os de antig\u00fcedad desde su inicio de actividades en SII en primera categor\u00eda, con o sin ventas.<\/p>\n<p>*<strong>Empresaria STEM<\/strong>: para socias de empresas, cooperativas o proyectos de innovaci\u00f3n con base STEM, cuya empresa cuente con al menos 5 a\u00f1os de antig\u00fcedad desde su inicio de actividades en el SII y potencial de crecimiento demostrable.<\/p>\n<p>&nbsp;<\/p>\n<p>Las postulantes deber\u00e1n revisar las <a href=\"https:\/\/www.premioinspiratec.cl\/wp-content\/uploads\/2023\/08\/id-97972-bases-inspiratec-2023.pdf\">bases<\/a> y completar un <a href=\"https:\/\/www.premioinspiratec.cl\/p2023\/\">formulario virtual<\/a>\u00a0<strong>antes del 25 de septiembre<\/strong>. Para m\u00e1s informaci\u00f3n, ingresa a <a href=\"https:\/\/www.premioinspiratec.cl\">www.premioinspiratec.cl<\/a>.<\/p>\n","protected":false},"excerpt":{"rendered":"<p>Este premio busca reconocer las invenciones y desarrollo de proyectos de adolescentes, j\u00f3venes y mujeres emprendedoras en \u00e1reas STEM. \u00a1Postula antes del 25 de septiembre!<\/p>\n","protected":false},"author":27,"featured_media":42052,"comment_status":"open","ping_status":"open","sticky":false,"template":"","format":"standard","meta":{"_acf_changed":false,"_exactmetrics_skip_tracking":false,"_exactmetrics_sitenote_active":false,"_exactmetrics_sitenote_note":"","_exactmetrics_sitenote_category":0,"footnotes":"","_links_to":"","_links_to_target":""},"categories":[127,4,116,121,126,1],"tags":[39,107,295,284,346,296,342,347,344,343,345,76],"class_list":["post-41950","post","type-post","status-publish","format-standard","has-post-thumbnail","hentry","category-iniciativas_publ_grl","category-noticias","category-para-comunidad-escolar","category-para-divulgadores","category-para-publico-general","category-sin-categoria","tag-adolescentes","tag-ciencia","tag-conocimiento","tag-ctci","tag-ingenieria","tag-innovacion","tag-inspiratec","tag-matematicas","tag-mujeres","tag-ninas","tag-stem","tag-tecnologia"],"acf":[],"yoast_head":"<!-- This site is optimized with the Yoast SEO plugin v26.7 - https:\/\/yoast.com\/wordpress\/plugins\/seo\/ -->\n<title>Premio InspiraTEC 2023: Se abre convocatoria para destacar a mujeres en ciencia y tecnolog\u00eda - RM Sur Oriente<\/title>\n<meta name=\"robots\" content=\"index, follow, max-snippet:-1, max-image-preview:large, max-video-preview:-1\" \/>\n<link rel=\"canonical\" href=\"https:\/\/dev.explora.cl\/rmsuroriente\/premio-inspiratec-2023\/\" class=\"yoast-seo-meta-tag\" \/>\n<meta property=\"og:locale\" content=\"es_ES\" class=\"yoast-seo-meta-tag\" \/>\n<meta property=\"og:type\" content=\"article\" class=\"yoast-seo-meta-tag\" \/>\n<meta property=\"og:title\" content=\"Premio InspiraTEC 2023: Se abre convocatoria para destacar a mujeres en ciencia y tecnolog\u00eda - RM Sur Oriente\" class=\"yoast-seo-meta-tag\" \/>\n<meta property=\"og:description\" content=\"Este premio busca reconocer las invenciones y desarrollo de proyectos de adolescentes, j\u00f3venes y mujeres emprendedoras en \u00e1reas STEM. \u00a1Postula antes del 25 de septiembre!\" class=\"yoast-seo-meta-tag\" \/>\n<meta property=\"og:url\" content=\"https:\/\/dev.explora.cl\/rmsuroriente\/premio-inspiratec-2023\/\" class=\"yoast-seo-meta-tag\" \/>\n<meta property=\"og:site_name\" content=\"RM Sur Oriente\" class=\"yoast-seo-meta-tag\" \/>\n<meta property=\"article:published_time\" content=\"2023-09-05T18:25:40+00:00\" class=\"yoast-seo-meta-tag\" \/>\n<meta property=\"article:modified_time\" content=\"2023-09-26T19:26:13+00:00\" class=\"yoast-seo-meta-tag\" \/>\n<meta property=\"og:image\" content=\"https:\/\/dev.explora.cl\/rmsuroriente\/wp-content\/uploads\/sites\/12\/2023\/09\/6566171.jpg\" class=\"yoast-seo-meta-tag\" \/>\n\t<meta property=\"og:image:width\" content=\"3000\" class=\"yoast-seo-meta-tag\" \/>\n\t<meta property=\"og:image:height\" content=\"2000\" class=\"yoast-seo-meta-tag\" \/>\n\t<meta property=\"og:image:type\" content=\"image\/jpeg\" class=\"yoast-seo-meta-tag\" \/>\n<meta name=\"author\" content=\"RMSO PUC\" class=\"yoast-seo-meta-tag\" \/>\n<meta name=\"twitter:card\" content=\"summary_large_image\" class=\"yoast-seo-meta-tag\" \/>\n<meta name=\"twitter:label1\" content=\"Escrito por\" class=\"yoast-seo-meta-tag\" \/>\n\t<meta name=\"twitter:data1\" content=\"RMSO PUC\" class=\"yoast-seo-meta-tag\" \/>\n\t<meta name=\"twitter:label2\" content=\"Tiempo estimado de lectura\" class=\"yoast-seo-meta-tag\" \/>\n\t<meta name=\"twitter:data2\" content=\"2 minutos\" class=\"yoast-seo-meta-tag\" \/>\n<script type=\"application\/ld+json\" class=\"yoast-schema-graph\">{\"@context\":\"https:\/\/schema.org\",\"@graph\":[{\"@type\":\"Article\",\"@id\":\"https:\/\/dev.explora.cl\/rmsuroriente\/premio-inspiratec-2023\/#article\",\"isPartOf\":{\"@id\":\"https:\/\/dev.explora.cl\/rmsuroriente\/premio-inspiratec-2023\/\"},\"author\":{\"name\":\"RMSO PUC\",\"@id\":\"https:\/\/dev.explora.cl\/rmsuroriente\/#\/schema\/person\/164f0bfb03507b3d5dd75257d8e71697\"},\"headline\":\"Premio InspiraTEC 2023: Se abre convocatoria para destacar a mujeres en ciencia y tecnolog\u00eda\",\"datePublished\":\"2023-09-05T18:25:40+00:00\",\"dateModified\":\"2023-09-26T19:26:13+00:00\",\"mainEntityOfPage\":{\"@id\":\"https:\/\/dev.explora.cl\/rmsuroriente\/premio-inspiratec-2023\/\"},\"wordCount\":382,\"commentCount\":0,\"publisher\":{\"@id\":\"https:\/\/dev.explora.cl\/rmsuroriente\/#organization\"},\"image\":{\"@id\":\"https:\/\/dev.explora.cl\/rmsuroriente\/premio-inspiratec-2023\/#primaryimage\"},\"thumbnailUrl\":\"https:\/\/dev.explora.cl\/rmsuroriente\/wp-content\/uploads\/sites\/12\/2023\/09\/6566171.jpg\",\"keywords\":[\"adolescentes\",\"ciencia\",\"Conocimiento\",\"CTCI\",\"ingenieria\",\"Innovaci\u00f3n\",\"inspiratec\",\"matematicas\",\"mujeres\",\"ni\u00f1as\",\"stem\",\"tecnolog\u00eda\"],\"articleSection\":[\"Iniciativas\",\"Noticias\",\"Para Comunidad Escolar\",\"Para Divulgadores\",\"Para P\u00fablico General\"],\"inLanguage\":\"es-CL\",\"potentialAction\":[{\"@type\":\"CommentAction\",\"name\":\"Comment\",\"target\":[\"https:\/\/dev.explora.cl\/rmsuroriente\/premio-inspiratec-2023\/#respond\"]}]},{\"@type\":\"WebPage\",\"@id\":\"https:\/\/dev.explora.cl\/rmsuroriente\/premio-inspiratec-2023\/\",\"url\":\"https:\/\/dev.explora.cl\/rmsuroriente\/premio-inspiratec-2023\/\",\"name\":\"Premio InspiraTEC 2023: Se abre convocatoria para destacar a mujeres en ciencia y tecnolog\u00eda - RM Sur Oriente\",\"isPartOf\":{\"@id\":\"https:\/\/dev.explora.cl\/rmsuroriente\/#website\"},\"primaryImageOfPage\":{\"@id\":\"https:\/\/dev.explora.cl\/rmsuroriente\/premio-inspiratec-2023\/#primaryimage\"},\"image\":{\"@id\":\"https:\/\/dev.explora.cl\/rmsuroriente\/premio-inspiratec-2023\/#primaryimage\"},\"thumbnailUrl\":\"https:\/\/dev.explora.cl\/rmsuroriente\/wp-content\/uploads\/sites\/12\/2023\/09\/6566171.jpg\",\"datePublished\":\"2023-09-05T18:25:40+00:00\",\"dateModified\":\"2023-09-26T19:26:13+00:00\",\"breadcrumb\":{\"@id\":\"https:\/\/dev.explora.cl\/rmsuroriente\/premio-inspiratec-2023\/#breadcrumb\"},\"inLanguage\":\"es-CL\",\"potentialAction\":[{\"@type\":\"ReadAction\",\"target\":[\"https:\/\/dev.explora.cl\/rmsuroriente\/premio-inspiratec-2023\/\"]}]},{\"@type\":\"ImageObject\",\"inLanguage\":\"es-CL\",\"@id\":\"https:\/\/dev.explora.cl\/rmsuroriente\/premio-inspiratec-2023\/#primaryimage\",\"url\":\"https:\/\/dev.explora.cl\/rmsuroriente\/wp-content\/uploads\/sites\/12\/2023\/09\/6566171.jpg\",\"contentUrl\":\"https:\/\/dev.explora.cl\/rmsuroriente\/wp-content\/uploads\/sites\/12\/2023\/09\/6566171.jpg\",\"width\":3000,\"height\":2000},{\"@type\":\"BreadcrumbList\",\"@id\":\"https:\/\/dev.explora.cl\/rmsuroriente\/premio-inspiratec-2023\/#breadcrumb\",\"itemListElement\":[{\"@type\":\"ListItem\",\"position\":1,\"name\":\"Portada\",\"item\":\"https:\/\/dev.explora.cl\/rmsuroriente\/\"},{\"@type\":\"ListItem\",\"position\":2,\"name\":\"Premio InspiraTEC 2023: Se abre convocatoria para destacar a mujeres en ciencia y tecnolog\u00eda\"}]},{\"@type\":\"WebSite\",\"@id\":\"https:\/\/dev.explora.cl\/rmsuroriente\/#website\",\"url\":\"https:\/\/dev.explora.cl\/rmsuroriente\/\",\"name\":\"RM Sur Oriente\",\"description\":\"Otro sitio m\u00e1s de dev.explora.cl\",\"publisher\":{\"@id\":\"https:\/\/dev.explora.cl\/rmsuroriente\/#organization\"},\"potentialAction\":[{\"@type\":\"SearchAction\",\"target\":{\"@type\":\"EntryPoint\",\"urlTemplate\":\"https:\/\/dev.explora.cl\/rmsuroriente\/?s={search_term_string}\"},\"query-input\":{\"@type\":\"PropertyValueSpecification\",\"valueRequired\":true,\"valueName\":\"search_term_string\"}}],\"inLanguage\":\"es-CL\"},{\"@type\":\"Organization\",\"@id\":\"https:\/\/dev.explora.cl\/rmsuroriente\/#organization\",\"name\":\"RM Sur Oriente\",\"url\":\"https:\/\/dev.explora.cl\/rmsuroriente\/\",\"logo\":{\"@type\":\"ImageObject\",\"inLanguage\":\"es-CL\",\"@id\":\"https:\/\/dev.explora.cl\/rmsuroriente\/#\/schema\/logo\/image\/\",\"url\":\"https:\/\/dev.explora.cl\/rmsuroriente\/wp-content\/uploads\/sites\/12\/2025\/04\/cropped-LogoPAR_RMSO-Azul-UC.png\",\"contentUrl\":\"https:\/\/dev.explora.cl\/rmsuroriente\/wp-content\/uploads\/sites\/12\/2025\/04\/cropped-LogoPAR_RMSO-Azul-UC.png\",\"width\":411,\"height\":409,\"caption\":\"RM Sur Oriente\"},\"image\":{\"@id\":\"https:\/\/dev.explora.cl\/rmsuroriente\/#\/schema\/logo\/image\/\"}},{\"@type\":\"Person\",\"@id\":\"https:\/\/dev.explora.cl\/rmsuroriente\/#\/schema\/person\/164f0bfb03507b3d5dd75257d8e71697\",\"name\":\"RMSO PUC\",\"image\":{\"@type\":\"ImageObject\",\"inLanguage\":\"es-CL\",\"@id\":\"https:\/\/dev.explora.cl\/rmsuroriente\/#\/schema\/person\/image\/\",\"url\":\"https:\/\/secure.gravatar.com\/avatar\/16f7131f033ed433ea432d3fc2b04af9756004afdb5a6b61c705d795f6425ea0?s=96&d=mm&r=g\",\"contentUrl\":\"https:\/\/secure.gravatar.com\/avatar\/16f7131f033ed433ea432d3fc2b04af9756004afdb5a6b61c705d795f6425ea0?s=96&d=mm&r=g\",\"caption\":\"RMSO PUC\"},\"url\":\"https:\/\/dev.explora.cl\/rmsuroriente\/author\/myanez\/\"}]}<\/script>\n<!-- \/ Yoast SEO plugin. -->","yoast_head_json":{"title":"Premio InspiraTEC 2023: Se abre convocatoria para destacar a mujeres en ciencia y tecnolog\u00eda - RM Sur Oriente","robots":{"index":"index","follow":"follow","max-snippet":"max-snippet:-1","max-image-preview":"max-image-preview:large","max-video-preview":"max-video-preview:-1"},"canonical":"https:\/\/dev.explora.cl\/rmsuroriente\/premio-inspiratec-2023\/","og_locale":"es_ES","og_type":"article","og_title":"Premio InspiraTEC 2023: Se abre convocatoria para destacar a mujeres en ciencia y tecnolog\u00eda - RM Sur Oriente","og_description":"Este premio busca reconocer las invenciones y desarrollo de proyectos de adolescentes, j\u00f3venes y mujeres emprendedoras en \u00e1reas STEM. \u00a1Postula antes del 25 de septiembre!","og_url":"https:\/\/dev.explora.cl\/rmsuroriente\/premio-inspiratec-2023\/","og_site_name":"RM Sur Oriente","article_published_time":"2023-09-05T18:25:40+00:00","article_modified_time":"2023-09-26T19:26:13+00:00","og_image":[{"width":3000,"height":2000,"url":"https:\/\/dev.explora.cl\/rmsuroriente\/wp-content\/uploads\/sites\/12\/2023\/09\/6566171.jpg","type":"image\/jpeg"}],"author":"RMSO PUC","twitter_card":"summary_large_image","twitter_misc":{"Escrito por":"RMSO PUC","Tiempo estimado de lectura":"2 minutos"},"schema":{"@context":"https:\/\/schema.org","@graph":[{"@type":"Article","@id":"https:\/\/dev.explora.cl\/rmsuroriente\/premio-inspiratec-2023\/#article","isPartOf":{"@id":"https:\/\/dev.explora.cl\/rmsuroriente\/premio-inspiratec-2023\/"},"author":{"name":"RMSO PUC","@id":"https:\/\/dev.explora.cl\/rmsuroriente\/#\/schema\/person\/164f0bfb03507b3d5dd75257d8e71697"},"headline":"Premio InspiraTEC 2023: Se abre convocatoria para destacar a mujeres en ciencia y tecnolog\u00eda","datePublished":"2023-09-05T18:25:40+00:00","dateModified":"2023-09-26T19:26:13+00:00","mainEntityOfPage":{"@id":"https:\/\/dev.explora.cl\/rmsuroriente\/premio-inspiratec-2023\/"},"wordCount":382,"commentCount":0,"publisher":{"@id":"https:\/\/dev.explora.cl\/rmsuroriente\/#organization"},"image":{"@id":"https:\/\/dev.explora.cl\/rmsuroriente\/premio-inspiratec-2023\/#primaryimage"},"thumbnailUrl":"https:\/\/dev.explora.cl\/rmsuroriente\/wp-content\/uploads\/sites\/12\/2023\/09\/6566171.jpg","keywords":["adolescentes","ciencia","Conocimiento","CTCI","ingenieria","Innovaci\u00f3n","inspiratec","matematicas","mujeres","ni\u00f1as","stem","tecnolog\u00eda"],"articleSection":["Iniciativas","Noticias","Para Comunidad Escolar","Para Divulgadores","Para P\u00fablico General"],"inLanguage":"es-CL","potentialAction":[{"@type":"CommentAction","name":"Comment","target":["https:\/\/dev.explora.cl\/rmsuroriente\/premio-inspiratec-2023\/#respond"]}]},{"@type":"WebPage","@id":"https:\/\/dev.explora.cl\/rmsuroriente\/premio-inspiratec-2023\/","url":"https:\/\/dev.explora.cl\/rmsuroriente\/premio-inspiratec-2023\/","name":"Premio InspiraTEC 2023: Se abre convocatoria para destacar a mujeres en ciencia y tecnolog\u00eda - RM Sur Oriente","isPartOf":{"@id":"https:\/\/dev.explora.cl\/rmsuroriente\/#website"},"primaryImageOfPage":{"@id":"https:\/\/dev.explora.cl\/rmsuroriente\/premio-inspiratec-2023\/#primaryimage"},"image":{"@id":"https:\/\/dev.explora.cl\/rmsuroriente\/premio-inspiratec-2023\/#primaryimage"},"thumbnailUrl":"https:\/\/dev.explora.cl\/rmsuroriente\/wp-content\/uploads\/sites\/12\/2023\/09\/6566171.jpg","datePublished":"2023-09-05T18:25:40+00:00","dateModified":"2023-09-26T19:26:13+00:00","breadcrumb":{"@id":"https:\/\/dev.explora.cl\/rmsuroriente\/premio-inspiratec-2023\/#breadcrumb"},"inLanguage":"es-CL","potentialAction":[{"@type":"ReadAction","target":["https:\/\/dev.explora.cl\/rmsuroriente\/premio-inspiratec-2023\/"]}]},{"@type":"ImageObject","inLanguage":"es-CL","@id":"https:\/\/dev.explora.cl\/rmsuroriente\/premio-inspiratec-2023\/#primaryimage","url":"https:\/\/dev.explora.cl\/rmsuroriente\/wp-content\/uploads\/sites\/12\/2023\/09\/6566171.jpg","contentUrl":"https:\/\/dev.explora.cl\/rmsuroriente\/wp-content\/uploads\/sites\/12\/2023\/09\/6566171.jpg","width":3000,"height":2000},{"@type":"BreadcrumbList","@id":"https:\/\/dev.explora.cl\/rmsuroriente\/premio-inspiratec-2023\/#breadcrumb","itemListElement":[{"@type":"ListItem","position":1,"name":"Portada","item":"https:\/\/dev.explora.cl\/rmsuroriente\/"},{"@type":"ListItem","position":2,"name":"Premio InspiraTEC 2023: Se abre convocatoria para destacar a mujeres en ciencia y tecnolog\u00eda"}]},{"@type":"WebSite","@id":"https:\/\/dev.explora.cl\/rmsuroriente\/#website","url":"https:\/\/dev.explora.cl\/rmsuroriente\/","name":"RM Sur Oriente","description":"Otro sitio m\u00e1s de dev.explora.cl","publisher":{"@id":"https:\/\/dev.explora.cl\/rmsuroriente\/#organization"},"potentialAction":[{"@type":"SearchAction","target":{"@type":"EntryPoint","urlTemplate":"https:\/\/dev.explora.cl\/rmsuroriente\/?s={search_term_string}"},"query-input":{"@type":"PropertyValueSpecification","valueRequired":true,"valueName":"search_term_string"}}],"inLanguage":"es-CL"},{"@type":"Organization","@id":"https:\/\/dev.explora.cl\/rmsuroriente\/#organization","name":"RM Sur Oriente","url":"https:\/\/dev.explora.cl\/rmsuroriente\/","logo":{"@type":"ImageObject","inLanguage":"es-CL","@id":"https:\/\/dev.explora.cl\/rmsuroriente\/#\/schema\/logo\/image\/","url":"https:\/\/dev.explora.cl\/rmsuroriente\/wp-content\/uploads\/sites\/12\/2025\/04\/cropped-LogoPAR_RMSO-Azul-UC.png","contentUrl":"https:\/\/dev.explora.cl\/rmsuroriente\/wp-content\/uploads\/sites\/12\/2025\/04\/cropped-LogoPAR_RMSO-Azul-UC.png","width":411,"height":409,"caption":"RM Sur Oriente"},"image":{"@id":"https:\/\/dev.explora.cl\/rmsuroriente\/#\/schema\/logo\/image\/"}},{"@type":"Person","@id":"https:\/\/dev.explora.cl\/rmsuroriente\/#\/schema\/person\/164f0bfb03507b3d5dd75257d8e71697","name":"RMSO PUC","image":{"@type":"ImageObject","inLanguage":"es-CL","@id":"https:\/\/dev.explora.cl\/rmsuroriente\/#\/schema\/person\/image\/","url":"https:\/\/secure.gravatar.com\/avatar\/16f7131f033ed433ea432d3fc2b04af9756004afdb5a6b61c705d795f6425ea0?s=96&d=mm&r=g","contentUrl":"https:\/\/secure.gravatar.com\/avatar\/16f7131f033ed433ea432d3fc2b04af9756004afdb5a6b61c705d795f6425ea0?s=96&d=mm&r=g","caption":"RMSO PUC"},"url":"https:\/\/dev.explora.cl\/rmsuroriente\/author\/myanez\/"}]}},"_links":{"self":[{"href":"https:\/\/dev.explora.cl\/rmsuroriente\/wp-json\/wp\/v2\/posts\/41950","targetHints":{"allow":["GET"]}}],"collection":[{"href":"https:\/\/dev.explora.cl\/rmsuroriente\/wp-json\/wp\/v2\/posts"}],"about":[{"href":"https:\/\/dev.explora.cl\/rmsuroriente\/wp-json\/wp\/v2\/types\/post"}],"author":[{"embeddable":true,"href":"https:\/\/dev.explora.cl\/rmsuroriente\/wp-json\/wp\/v2\/users\/27"}],"replies":[{"embeddable":true,"href":"https:\/\/dev.explora.cl\/rmsuroriente\/wp-json\/wp\/v2\/comments?post=41950"}],"version-history":[{"count":11,"href":"https:\/\/dev.explora.cl\/rmsuroriente\/wp-json\/wp\/v2\/posts\/41950\/revisions"}],"predecessor-version":[{"id":41989,"href":"https:\/\/dev.explora.cl\/rmsuroriente\/wp-json\/wp\/v2\/posts\/41950\/revisions\/41989"}],"wp:featuredmedia":[{"embeddable":true,"href":"https:\/\/dev.explora.cl\/rmsuroriente\/wp-json\/wp\/v2\/media\/42052"}],"wp:attachment":[{"href":"https:\/\/dev.explora.cl\/rmsuroriente\/wp-json\/wp\/v2\/media?parent=41950"}],"wp:term":[{"taxonomy":"category","embeddable":true,"href":"https:\/\/dev.explora.cl\/rmsuroriente\/wp-json\/wp\/v2\/categories?post=41950"},{"taxonomy":"post_tag","embeddable":true,"href":"https:\/\/dev.explora.cl\/rmsuroriente\/wp-json\/wp\/v2\/tags?post=41950"}],"curies":[{"name":"wp","href":"https:\/\/api.w.org\/{rel}","templated":true}]}}