{"id":41838,"date":"2023-08-08T15:48:25","date_gmt":"2023-08-08T19:48:25","guid":{"rendered":"https:\/\/dev.explora.cl\/rmsuroriente\/?p=41838"},"modified":"2023-09-13T16:19:14","modified_gmt":"2023-09-13T19:19:14","slug":"con-exito-se-llevo-a-cabo-la-convocatoria-para-docentes-de-la-rm-sur-oriente","status":"publish","type":"post","link":"https:\/\/dev.explora.cl\/rmsuroriente\/con-exito-se-llevo-a-cabo-la-convocatoria-para-docentes-de-la-rm-sur-oriente\/","title":{"rendered":"Con \u00e9xito se llev\u00f3 a cabo la convocatoria para docentes de la RM Sur Oriente"},"content":{"rendered":"<p style=\"text-align: center\"><strong><em>En un espacio lleno de energ\u00eda y colaboraci\u00f3n, profesores\/as y equipos directivos se reunieron con el PAR Explora RM Sur Oriente para participar de un encuentro que busc\u00f3 potenciar la creatividad y el trabajo en red dentro del territorio.<\/em><\/strong><\/p>\n<p>En la Facultad de Matem\u00e1ticas del Campus San Joaqu\u00edn UC, el PAR Explora RM Sur Oriente organiz\u00f3 una actividad l\u00fadica y colaborativa dirigida a educadoras\/es de p\u00e1rvulos, t\u00e9cnicas\/os de p\u00e1rvulos, profesores\/as, jefes\/as de UTP, coordinadores\/as acad\u00e9micos y directores\/as de las comunidades educativas de todo el territorio. El evento, que se desarroll\u00f3 entre las 16:30 y las 18:00 horas, tuvo como objetivo fomentar el trabajo cooperativo y dar a conocer la visi\u00f3n y los programas que el PAR entrega en servicio a la educaci\u00f3n, como el Programa de Indagaci\u00f3n para Primeras Edades (PIPE) y el programa Investigaci\u00f3n e Innovaci\u00f3n Escolar (IIE).<\/p>\n<p>\u201cMe parece muy interesante que las ciencias bajen a las escuelas y se mezclen con todo lo cotidiano que nosotros realizamos. Que permita que nuestros ni\u00f1os tengan el acceso a todo lo que se produce en la Regi\u00f3n Metropolitana, porque nosotros en la comuna de San Bernardo vivimos un poco aislados siendo que estamos insertos en la misma ciudad. Lo m\u00e1s valioso del PAR Explora es que les abren horizontes y nuevas expectativas a los estudiantes\u201d agreg\u00f3 Mar\u00eda Isabel Mu\u00f1oz, directora de la Escuela Espa\u00f1a de San Bernardo, quien fue parte del evento.<\/p>\n<p>En el encuentro, los asistentes pudieron disfrutar de una experiencia que se enfoc\u00f3 en la creatividad, la generaci\u00f3n de preguntas, el an\u00e1lisis cr\u00edtico y el trabajo colaborativo. Se llevaron a cabo l\u00fadicas din\u00e1micas que permitieron la interacci\u00f3n y la participaci\u00f3n en grupo entre los representantes de las diversas comunas del territorio. Tambi\u00e9n, las actividades realizadas fueron entregadas a los y las educadores\/as con el fin de replicarlas con los y las estudiantes.<\/p>\n<p><img loading=\"lazy\" decoding=\"async\" class=\"aligncenter wp-image-41839 size-full\" src=\"https:\/\/dev.explora.cl\/rmsuroriente\/wp-content\/uploads\/sites\/12\/2023\/08\/6.png\" alt=\"\" width=\"735\" height=\"470\" srcset=\"https:\/\/dev.explora.cl\/rmsuroriente\/wp-content\/uploads\/sites\/12\/2023\/08\/6.png 735w, https:\/\/dev.explora.cl\/rmsuroriente\/wp-content\/uploads\/sites\/12\/2023\/08\/6-300x192.png 300w\" sizes=\"auto, (max-width: 735px) 100vw, 735px\" \/>Esta actividad permiti\u00f3 un c\u00e1lido acercamiento con las comunidades educativas RM Sur Oriente y el PAR, estableciendo conexiones y reflexionando sobre la importancia de construir redes de conocimiento en el territorio. En este sentido, se lograron apreciar las ventajas del trabajo cooperativo para la resoluci\u00f3n de problemas en los procesos de investigaci\u00f3n e innovaci\u00f3n, y en la elaboraci\u00f3n de preguntas y la b\u00fasqueda de respuestas.<\/p>\n<p>Carlos N\u00fa\u00f1ez, profesor de Historia y Geograf\u00eda del Liceo Nuestra Se\u00f1ora de las Mercedes de Puente Alto, particip\u00f3 del evento y asegur\u00f3 que \u201cla jornada fue bastante fruct\u00edfera desde el sentido del trabajo colaborativo. Fue bueno conocer diversas perspectivas y visiones con respecto a problem\u00e1ticas cotidianas y muy presentes en nuestra realidad. Fue muy fruct\u00edfero trabajar colaborativamente y conocer otras apreciaciones de colegas y profesionales de la educaci\u00f3n\u201d.<\/p>\n<p>Para cerrar el tiempo de din\u00e1micas, los participantes disfrutaron de una once para compartir y fortalecer v\u00ednculos, una instancia muy importante y necesaria para el trabajo en red. Luego, se les dio a conocer m\u00e1s sobre el PAR Explora RM Sur Oriente y sus programas, que buscan potenciar el proceso de aprendizaje y ofrecer soluciones, recursos y herramientas que beneficien a estudiantes, docentes e instituciones educativas.<\/p>\n<p><img loading=\"lazy\" decoding=\"async\" class=\"aligncenter wp-image-41841 size-full\" src=\"https:\/\/dev.explora.cl\/rmsuroriente\/wp-content\/uploads\/sites\/12\/2023\/08\/8.png\" alt=\"\" width=\"735\" height=\"470\" srcset=\"https:\/\/dev.explora.cl\/rmsuroriente\/wp-content\/uploads\/sites\/12\/2023\/08\/8.png 735w, https:\/\/dev.explora.cl\/rmsuroriente\/wp-content\/uploads\/sites\/12\/2023\/08\/8-300x192.png 300w\" sizes=\"auto, (max-width: 735px) 100vw, 735px\" \/>\u201cFue una instancia s\u00faper enriquecedora al momento de poder compartir con otro tipo de profesionales de la docencia. Buscamos estrategias, nos re\u00edmos mucho, lo pasamos bien en todas las din\u00e1micas y nos permiti\u00f3 conocer todos los programas del PAR Explora y poder generar redes significativas\u201d coment\u00f3 sobre el encuentro Valentina Miranda, educadora de p\u00e1rvulos de la Sala Cuna y Jard\u00edn Infantil Gregoria Diaz de Pirque.<\/p>\n<p>Este evento contribuy\u00f3 a sentar las bases para futuras colaboraciones entre el PAR Explora, la Universidad Cat\u00f3lica y las comunidades educativas, buscando conformar una red de educadores\/as de diversas instituciones en un esfuerzo conjunto por promover una mejor calidad educativa y potenciar el desarrollo acad\u00e9mico en el territorio.<\/p>\n<p><iframe loading=\"lazy\" title=\"Encuentro con docentes en el Campus UC San Joaqu\u00edn - 17 de julio de 2023\" width=\"1180\" height=\"664\" src=\"https:\/\/www.youtube.com\/embed\/4_A8Zl7jz3Q?feature=oembed\" frameborder=\"0\" allow=\"accelerometer; autoplay; clipboard-write; encrypted-media; gyroscope; picture-in-picture; web-share\" allowfullscreen><\/iframe><\/p>\n","protected":false},"excerpt":{"rendered":"<p>En un espacio lleno de energ\u00eda y colaboraci\u00f3n, profesores\/as y equipos directivos se reunieron con el PAR Explora RM Sur Oriente para participar de un encuentro que busc\u00f3 potenciar la creatividad y el trabajo en red dentro del territorio.<\/p>\n","protected":false},"author":27,"featured_media":41840,"comment_status":"open","ping_status":"open","sticky":false,"template":"","format":"standard","meta":{"_acf_changed":false,"_exactmetrics_skip_tracking":false,"_exactmetrics_sitenote_active":false,"_exactmetrics_sitenote_note":"","_exactmetrics_sitenote_category":0,"footnotes":"","_links_to":"","_links_to_target":""},"categories":[128,4,116],"tags":[294,295,284,197,262,308,23,286,296,317,261,68,76,271],"class_list":["post-41838","post","type-post","status-publish","format-standard","has-post-thumbnail","hentry","category-eventos_publ_grl","category-noticias","category-para-comunidad-escolar","tag-ciencias","tag-conocimiento","tag-ctci","tag-docentes","tag-educadoras","tag-educadores","tag-explora","tag-iie","tag-innovacion","tag-par-explora","tag-pipe","tag-programa-explora","tag-tecnologia","tag-territorio"],"acf":[],"yoast_head":"<!-- This site is optimized with the Yoast SEO plugin v26.7 - https:\/\/yoast.com\/wordpress\/plugins\/seo\/ -->\n<title>Con \u00e9xito se llev\u00f3 a cabo la convocatoria para docentes de la RM Sur Oriente - RM Sur Oriente<\/title>\n<meta name=\"robots\" content=\"index, follow, max-snippet:-1, max-image-preview:large, max-video-preview:-1\" \/>\n<link rel=\"canonical\" href=\"https:\/\/dev.explora.cl\/rmsuroriente\/con-exito-se-llevo-a-cabo-la-convocatoria-para-docentes-de-la-rm-sur-oriente\/\" class=\"yoast-seo-meta-tag\" \/>\n<meta property=\"og:locale\" content=\"es_ES\" class=\"yoast-seo-meta-tag\" \/>\n<meta property=\"og:type\" content=\"article\" class=\"yoast-seo-meta-tag\" \/>\n<meta property=\"og:title\" content=\"Con \u00e9xito se llev\u00f3 a cabo la convocatoria para docentes de la RM Sur Oriente - RM Sur Oriente\" class=\"yoast-seo-meta-tag\" \/>\n<meta property=\"og:description\" content=\"En un espacio lleno de energ\u00eda y colaboraci\u00f3n, profesores\/as y equipos directivos se reunieron con el PAR Explora RM Sur Oriente para participar de un encuentro que busc\u00f3 potenciar la creatividad y el trabajo en red dentro del territorio.\" class=\"yoast-seo-meta-tag\" \/>\n<meta property=\"og:url\" content=\"https:\/\/dev.explora.cl\/rmsuroriente\/con-exito-se-llevo-a-cabo-la-convocatoria-para-docentes-de-la-rm-sur-oriente\/\" class=\"yoast-seo-meta-tag\" \/>\n<meta property=\"og:site_name\" content=\"RM Sur Oriente\" class=\"yoast-seo-meta-tag\" \/>\n<meta property=\"article:published_time\" content=\"2023-08-08T19:48:25+00:00\" class=\"yoast-seo-meta-tag\" \/>\n<meta property=\"article:modified_time\" content=\"2023-09-13T19:19:14+00:00\" class=\"yoast-seo-meta-tag\" \/>\n<meta property=\"og:image\" content=\"https:\/\/dev.explora.cl\/rmsuroriente\/wp-content\/uploads\/sites\/12\/2023\/08\/7.png\" class=\"yoast-seo-meta-tag\" \/>\n\t<meta property=\"og:image:width\" content=\"735\" class=\"yoast-seo-meta-tag\" \/>\n\t<meta property=\"og:image:height\" content=\"470\" class=\"yoast-seo-meta-tag\" \/>\n\t<meta property=\"og:image:type\" content=\"image\/png\" class=\"yoast-seo-meta-tag\" \/>\n<meta name=\"author\" content=\"RMSO PUC\" class=\"yoast-seo-meta-tag\" \/>\n<meta name=\"twitter:card\" content=\"summary_large_image\" class=\"yoast-seo-meta-tag\" \/>\n<meta name=\"twitter:label1\" content=\"Escrito por\" class=\"yoast-seo-meta-tag\" \/>\n\t<meta name=\"twitter:data1\" content=\"RMSO PUC\" class=\"yoast-seo-meta-tag\" \/>\n\t<meta name=\"twitter:label2\" content=\"Tiempo estimado de lectura\" class=\"yoast-seo-meta-tag\" \/>\n\t<meta name=\"twitter:data2\" content=\"3 minutos\" class=\"yoast-seo-meta-tag\" \/>\n<script type=\"application\/ld+json\" class=\"yoast-schema-graph\">{\"@context\":\"https:\/\/schema.org\",\"@graph\":[{\"@type\":\"Article\",\"@id\":\"https:\/\/dev.explora.cl\/rmsuroriente\/con-exito-se-llevo-a-cabo-la-convocatoria-para-docentes-de-la-rm-sur-oriente\/#article\",\"isPartOf\":{\"@id\":\"https:\/\/dev.explora.cl\/rmsuroriente\/con-exito-se-llevo-a-cabo-la-convocatoria-para-docentes-de-la-rm-sur-oriente\/\"},\"author\":{\"name\":\"RMSO PUC\",\"@id\":\"https:\/\/dev.explora.cl\/rmsuroriente\/#\/schema\/person\/164f0bfb03507b3d5dd75257d8e71697\"},\"headline\":\"Con \u00e9xito se llev\u00f3 a cabo la convocatoria para docentes de la RM Sur Oriente\",\"datePublished\":\"2023-08-08T19:48:25+00:00\",\"dateModified\":\"2023-09-13T19:19:14+00:00\",\"mainEntityOfPage\":{\"@id\":\"https:\/\/dev.explora.cl\/rmsuroriente\/con-exito-se-llevo-a-cabo-la-convocatoria-para-docentes-de-la-rm-sur-oriente\/\"},\"wordCount\":701,\"commentCount\":0,\"publisher\":{\"@id\":\"https:\/\/dev.explora.cl\/rmsuroriente\/#organization\"},\"image\":{\"@id\":\"https:\/\/dev.explora.cl\/rmsuroriente\/con-exito-se-llevo-a-cabo-la-convocatoria-para-docentes-de-la-rm-sur-oriente\/#primaryimage\"},\"thumbnailUrl\":\"https:\/\/dev.explora.cl\/rmsuroriente\/wp-content\/uploads\/sites\/12\/2023\/08\/7.png\",\"keywords\":[\"Ciencias\",\"Conocimiento\",\"CTCI\",\"docentes\",\"educadoras\",\"Educadores\",\"EXPLORA\",\"IIE\",\"Innovaci\u00f3n\",\"PAR Explora\",\"PIPE\",\"programa EXPLORA\",\"tecnolog\u00eda\",\"Territorio\"],\"articleSection\":[\"Eventos\",\"Noticias\",\"Para Comunidad Escolar\"],\"inLanguage\":\"es-CL\",\"potentialAction\":[{\"@type\":\"CommentAction\",\"name\":\"Comment\",\"target\":[\"https:\/\/dev.explora.cl\/rmsuroriente\/con-exito-se-llevo-a-cabo-la-convocatoria-para-docentes-de-la-rm-sur-oriente\/#respond\"]}]},{\"@type\":\"WebPage\",\"@id\":\"https:\/\/dev.explora.cl\/rmsuroriente\/con-exito-se-llevo-a-cabo-la-convocatoria-para-docentes-de-la-rm-sur-oriente\/\",\"url\":\"https:\/\/dev.explora.cl\/rmsuroriente\/con-exito-se-llevo-a-cabo-la-convocatoria-para-docentes-de-la-rm-sur-oriente\/\",\"name\":\"Con \u00e9xito se llev\u00f3 a cabo la convocatoria para docentes de la RM Sur Oriente - RM Sur Oriente\",\"isPartOf\":{\"@id\":\"https:\/\/dev.explora.cl\/rmsuroriente\/#website\"},\"primaryImageOfPage\":{\"@id\":\"https:\/\/dev.explora.cl\/rmsuroriente\/con-exito-se-llevo-a-cabo-la-convocatoria-para-docentes-de-la-rm-sur-oriente\/#primaryimage\"},\"image\":{\"@id\":\"https:\/\/dev.explora.cl\/rmsuroriente\/con-exito-se-llevo-a-cabo-la-convocatoria-para-docentes-de-la-rm-sur-oriente\/#primaryimage\"},\"thumbnailUrl\":\"https:\/\/dev.explora.cl\/rmsuroriente\/wp-content\/uploads\/sites\/12\/2023\/08\/7.png\",\"datePublished\":\"2023-08-08T19:48:25+00:00\",\"dateModified\":\"2023-09-13T19:19:14+00:00\",\"breadcrumb\":{\"@id\":\"https:\/\/dev.explora.cl\/rmsuroriente\/con-exito-se-llevo-a-cabo-la-convocatoria-para-docentes-de-la-rm-sur-oriente\/#breadcrumb\"},\"inLanguage\":\"es-CL\",\"potentialAction\":[{\"@type\":\"ReadAction\",\"target\":[\"https:\/\/dev.explora.cl\/rmsuroriente\/con-exito-se-llevo-a-cabo-la-convocatoria-para-docentes-de-la-rm-sur-oriente\/\"]}]},{\"@type\":\"ImageObject\",\"inLanguage\":\"es-CL\",\"@id\":\"https:\/\/dev.explora.cl\/rmsuroriente\/con-exito-se-llevo-a-cabo-la-convocatoria-para-docentes-de-la-rm-sur-oriente\/#primaryimage\",\"url\":\"https:\/\/dev.explora.cl\/rmsuroriente\/wp-content\/uploads\/sites\/12\/2023\/08\/7.png\",\"contentUrl\":\"https:\/\/dev.explora.cl\/rmsuroriente\/wp-content\/uploads\/sites\/12\/2023\/08\/7.png\",\"width\":735,\"height\":470},{\"@type\":\"BreadcrumbList\",\"@id\":\"https:\/\/dev.explora.cl\/rmsuroriente\/con-exito-se-llevo-a-cabo-la-convocatoria-para-docentes-de-la-rm-sur-oriente\/#breadcrumb\",\"itemListElement\":[{\"@type\":\"ListItem\",\"position\":1,\"name\":\"Portada\",\"item\":\"https:\/\/dev.explora.cl\/rmsuroriente\/\"},{\"@type\":\"ListItem\",\"position\":2,\"name\":\"Con \u00e9xito se llev\u00f3 a cabo la convocatoria para docentes de la RM Sur Oriente\"}]},{\"@type\":\"WebSite\",\"@id\":\"https:\/\/dev.explora.cl\/rmsuroriente\/#website\",\"url\":\"https:\/\/dev.explora.cl\/rmsuroriente\/\",\"name\":\"RM Sur Oriente\",\"description\":\"Otro sitio m\u00e1s de dev.explora.cl\",\"publisher\":{\"@id\":\"https:\/\/dev.explora.cl\/rmsuroriente\/#organization\"},\"potentialAction\":[{\"@type\":\"SearchAction\",\"target\":{\"@type\":\"EntryPoint\",\"urlTemplate\":\"https:\/\/dev.explora.cl\/rmsuroriente\/?s={search_term_string}\"},\"query-input\":{\"@type\":\"PropertyValueSpecification\",\"valueRequired\":true,\"valueName\":\"search_term_string\"}}],\"inLanguage\":\"es-CL\"},{\"@type\":\"Organization\",\"@id\":\"https:\/\/dev.explora.cl\/rmsuroriente\/#organization\",\"name\":\"RM Sur Oriente\",\"url\":\"https:\/\/dev.explora.cl\/rmsuroriente\/\",\"logo\":{\"@type\":\"ImageObject\",\"inLanguage\":\"es-CL\",\"@id\":\"https:\/\/dev.explora.cl\/rmsuroriente\/#\/schema\/logo\/image\/\",\"url\":\"https:\/\/dev.explora.cl\/rmsuroriente\/wp-content\/uploads\/sites\/12\/2025\/04\/cropped-LogoPAR_RMSO-Azul-UC.png\",\"contentUrl\":\"https:\/\/dev.explora.cl\/rmsuroriente\/wp-content\/uploads\/sites\/12\/2025\/04\/cropped-LogoPAR_RMSO-Azul-UC.png\",\"width\":411,\"height\":409,\"caption\":\"RM Sur Oriente\"},\"image\":{\"@id\":\"https:\/\/dev.explora.cl\/rmsuroriente\/#\/schema\/logo\/image\/\"}},{\"@type\":\"Person\",\"@id\":\"https:\/\/dev.explora.cl\/rmsuroriente\/#\/schema\/person\/164f0bfb03507b3d5dd75257d8e71697\",\"name\":\"RMSO PUC\",\"image\":{\"@type\":\"ImageObject\",\"inLanguage\":\"es-CL\",\"@id\":\"https:\/\/dev.explora.cl\/rmsuroriente\/#\/schema\/person\/image\/\",\"url\":\"https:\/\/secure.gravatar.com\/avatar\/16f7131f033ed433ea432d3fc2b04af9756004afdb5a6b61c705d795f6425ea0?s=96&d=mm&r=g\",\"contentUrl\":\"https:\/\/secure.gravatar.com\/avatar\/16f7131f033ed433ea432d3fc2b04af9756004afdb5a6b61c705d795f6425ea0?s=96&d=mm&r=g\",\"caption\":\"RMSO PUC\"},\"url\":\"https:\/\/dev.explora.cl\/rmsuroriente\/author\/myanez\/\"}]}<\/script>\n<!-- \/ Yoast SEO plugin. -->","yoast_head_json":{"title":"Con \u00e9xito se llev\u00f3 a cabo la convocatoria para docentes de la RM Sur Oriente - RM Sur Oriente","robots":{"index":"index","follow":"follow","max-snippet":"max-snippet:-1","max-image-preview":"max-image-preview:large","max-video-preview":"max-video-preview:-1"},"canonical":"https:\/\/dev.explora.cl\/rmsuroriente\/con-exito-se-llevo-a-cabo-la-convocatoria-para-docentes-de-la-rm-sur-oriente\/","og_locale":"es_ES","og_type":"article","og_title":"Con \u00e9xito se llev\u00f3 a cabo la convocatoria para docentes de la RM Sur Oriente - RM Sur Oriente","og_description":"En un espacio lleno de energ\u00eda y colaboraci\u00f3n, profesores\/as y equipos directivos se reunieron con el PAR Explora RM Sur Oriente para participar de un encuentro que busc\u00f3 potenciar la creatividad y el trabajo en red dentro del territorio.","og_url":"https:\/\/dev.explora.cl\/rmsuroriente\/con-exito-se-llevo-a-cabo-la-convocatoria-para-docentes-de-la-rm-sur-oriente\/","og_site_name":"RM Sur Oriente","article_published_time":"2023-08-08T19:48:25+00:00","article_modified_time":"2023-09-13T19:19:14+00:00","og_image":[{"width":735,"height":470,"url":"https:\/\/dev.explora.cl\/rmsuroriente\/wp-content\/uploads\/sites\/12\/2023\/08\/7.png","type":"image\/png"}],"author":"RMSO PUC","twitter_card":"summary_large_image","twitter_misc":{"Escrito por":"RMSO PUC","Tiempo estimado de lectura":"3 minutos"},"schema":{"@context":"https:\/\/schema.org","@graph":[{"@type":"Article","@id":"https:\/\/dev.explora.cl\/rmsuroriente\/con-exito-se-llevo-a-cabo-la-convocatoria-para-docentes-de-la-rm-sur-oriente\/#article","isPartOf":{"@id":"https:\/\/dev.explora.cl\/rmsuroriente\/con-exito-se-llevo-a-cabo-la-convocatoria-para-docentes-de-la-rm-sur-oriente\/"},"author":{"name":"RMSO PUC","@id":"https:\/\/dev.explora.cl\/rmsuroriente\/#\/schema\/person\/164f0bfb03507b3d5dd75257d8e71697"},"headline":"Con \u00e9xito se llev\u00f3 a cabo la convocatoria para docentes de la RM Sur Oriente","datePublished":"2023-08-08T19:48:25+00:00","dateModified":"2023-09-13T19:19:14+00:00","mainEntityOfPage":{"@id":"https:\/\/dev.explora.cl\/rmsuroriente\/con-exito-se-llevo-a-cabo-la-convocatoria-para-docentes-de-la-rm-sur-oriente\/"},"wordCount":701,"commentCount":0,"publisher":{"@id":"https:\/\/dev.explora.cl\/rmsuroriente\/#organization"},"image":{"@id":"https:\/\/dev.explora.cl\/rmsuroriente\/con-exito-se-llevo-a-cabo-la-convocatoria-para-docentes-de-la-rm-sur-oriente\/#primaryimage"},"thumbnailUrl":"https:\/\/dev.explora.cl\/rmsuroriente\/wp-content\/uploads\/sites\/12\/2023\/08\/7.png","keywords":["Ciencias","Conocimiento","CTCI","docentes","educadoras","Educadores","EXPLORA","IIE","Innovaci\u00f3n","PAR Explora","PIPE","programa EXPLORA","tecnolog\u00eda","Territorio"],"articleSection":["Eventos","Noticias","Para Comunidad Escolar"],"inLanguage":"es-CL","potentialAction":[{"@type":"CommentAction","name":"Comment","target":["https:\/\/dev.explora.cl\/rmsuroriente\/con-exito-se-llevo-a-cabo-la-convocatoria-para-docentes-de-la-rm-sur-oriente\/#respond"]}]},{"@type":"WebPage","@id":"https:\/\/dev.explora.cl\/rmsuroriente\/con-exito-se-llevo-a-cabo-la-convocatoria-para-docentes-de-la-rm-sur-oriente\/","url":"https:\/\/dev.explora.cl\/rmsuroriente\/con-exito-se-llevo-a-cabo-la-convocatoria-para-docentes-de-la-rm-sur-oriente\/","name":"Con \u00e9xito se llev\u00f3 a cabo la convocatoria para docentes de la RM Sur Oriente - RM Sur Oriente","isPartOf":{"@id":"https:\/\/dev.explora.cl\/rmsuroriente\/#website"},"primaryImageOfPage":{"@id":"https:\/\/dev.explora.cl\/rmsuroriente\/con-exito-se-llevo-a-cabo-la-convocatoria-para-docentes-de-la-rm-sur-oriente\/#primaryimage"},"image":{"@id":"https:\/\/dev.explora.cl\/rmsuroriente\/con-exito-se-llevo-a-cabo-la-convocatoria-para-docentes-de-la-rm-sur-oriente\/#primaryimage"},"thumbnailUrl":"https:\/\/dev.explora.cl\/rmsuroriente\/wp-content\/uploads\/sites\/12\/2023\/08\/7.png","datePublished":"2023-08-08T19:48:25+00:00","dateModified":"2023-09-13T19:19:14+00:00","breadcrumb":{"@id":"https:\/\/dev.explora.cl\/rmsuroriente\/con-exito-se-llevo-a-cabo-la-convocatoria-para-docentes-de-la-rm-sur-oriente\/#breadcrumb"},"inLanguage":"es-CL","potentialAction":[{"@type":"ReadAction","target":["https:\/\/dev.explora.cl\/rmsuroriente\/con-exito-se-llevo-a-cabo-la-convocatoria-para-docentes-de-la-rm-sur-oriente\/"]}]},{"@type":"ImageObject","inLanguage":"es-CL","@id":"https:\/\/dev.explora.cl\/rmsuroriente\/con-exito-se-llevo-a-cabo-la-convocatoria-para-docentes-de-la-rm-sur-oriente\/#primaryimage","url":"https:\/\/dev.explora.cl\/rmsuroriente\/wp-content\/uploads\/sites\/12\/2023\/08\/7.png","contentUrl":"https:\/\/dev.explora.cl\/rmsuroriente\/wp-content\/uploads\/sites\/12\/2023\/08\/7.png","width":735,"height":470},{"@type":"BreadcrumbList","@id":"https:\/\/dev.explora.cl\/rmsuroriente\/con-exito-se-llevo-a-cabo-la-convocatoria-para-docentes-de-la-rm-sur-oriente\/#breadcrumb","itemListElement":[{"@type":"ListItem","position":1,"name":"Portada","item":"https:\/\/dev.explora.cl\/rmsuroriente\/"},{"@type":"ListItem","position":2,"name":"Con \u00e9xito se llev\u00f3 a cabo la convocatoria para docentes de la RM Sur Oriente"}]},{"@type":"WebSite","@id":"https:\/\/dev.explora.cl\/rmsuroriente\/#website","url":"https:\/\/dev.explora.cl\/rmsuroriente\/","name":"RM Sur Oriente","description":"Otro sitio m\u00e1s de dev.explora.cl","publisher":{"@id":"https:\/\/dev.explora.cl\/rmsuroriente\/#organization"},"potentialAction":[{"@type":"SearchAction","target":{"@type":"EntryPoint","urlTemplate":"https:\/\/dev.explora.cl\/rmsuroriente\/?s={search_term_string}"},"query-input":{"@type":"PropertyValueSpecification","valueRequired":true,"valueName":"search_term_string"}}],"inLanguage":"es-CL"},{"@type":"Organization","@id":"https:\/\/dev.explora.cl\/rmsuroriente\/#organization","name":"RM Sur Oriente","url":"https:\/\/dev.explora.cl\/rmsuroriente\/","logo":{"@type":"ImageObject","inLanguage":"es-CL","@id":"https:\/\/dev.explora.cl\/rmsuroriente\/#\/schema\/logo\/image\/","url":"https:\/\/dev.explora.cl\/rmsuroriente\/wp-content\/uploads\/sites\/12\/2025\/04\/cropped-LogoPAR_RMSO-Azul-UC.png","contentUrl":"https:\/\/dev.explora.cl\/rmsuroriente\/wp-content\/uploads\/sites\/12\/2025\/04\/cropped-LogoPAR_RMSO-Azul-UC.png","width":411,"height":409,"caption":"RM Sur Oriente"},"image":{"@id":"https:\/\/dev.explora.cl\/rmsuroriente\/#\/schema\/logo\/image\/"}},{"@type":"Person","@id":"https:\/\/dev.explora.cl\/rmsuroriente\/#\/schema\/person\/164f0bfb03507b3d5dd75257d8e71697","name":"RMSO PUC","image":{"@type":"ImageObject","inLanguage":"es-CL","@id":"https:\/\/dev.explora.cl\/rmsuroriente\/#\/schema\/person\/image\/","url":"https:\/\/secure.gravatar.com\/avatar\/16f7131f033ed433ea432d3fc2b04af9756004afdb5a6b61c705d795f6425ea0?s=96&d=mm&r=g","contentUrl":"https:\/\/secure.gravatar.com\/avatar\/16f7131f033ed433ea432d3fc2b04af9756004afdb5a6b61c705d795f6425ea0?s=96&d=mm&r=g","caption":"RMSO PUC"},"url":"https:\/\/dev.explora.cl\/rmsuroriente\/author\/myanez\/"}]}},"_links":{"self":[{"href":"https:\/\/dev.explora.cl\/rmsuroriente\/wp-json\/wp\/v2\/posts\/41838","targetHints":{"allow":["GET"]}}],"collection":[{"href":"https:\/\/dev.explora.cl\/rmsuroriente\/wp-json\/wp\/v2\/posts"}],"about":[{"href":"https:\/\/dev.explora.cl\/rmsuroriente\/wp-json\/wp\/v2\/types\/post"}],"author":[{"embeddable":true,"href":"https:\/\/dev.explora.cl\/rmsuroriente\/wp-json\/wp\/v2\/users\/27"}],"replies":[{"embeddable":true,"href":"https:\/\/dev.explora.cl\/rmsuroriente\/wp-json\/wp\/v2\/comments?post=41838"}],"version-history":[{"count":6,"href":"https:\/\/dev.explora.cl\/rmsuroriente\/wp-json\/wp\/v2\/posts\/41838\/revisions"}],"predecessor-version":[{"id":41909,"href":"https:\/\/dev.explora.cl\/rmsuroriente\/wp-json\/wp\/v2\/posts\/41838\/revisions\/41909"}],"wp:featuredmedia":[{"embeddable":true,"href":"https:\/\/dev.explora.cl\/rmsuroriente\/wp-json\/wp\/v2\/media\/41840"}],"wp:attachment":[{"href":"https:\/\/dev.explora.cl\/rmsuroriente\/wp-json\/wp\/v2\/media?parent=41838"}],"wp:term":[{"taxonomy":"category","embeddable":true,"href":"https:\/\/dev.explora.cl\/rmsuroriente\/wp-json\/wp\/v2\/categories?post=41838"},{"taxonomy":"post_tag","embeddable":true,"href":"https:\/\/dev.explora.cl\/rmsuroriente\/wp-json\/wp\/v2\/tags?post=41838"}],"curies":[{"name":"wp","href":"https:\/\/api.w.org\/{rel}","templated":true}]}}