{"id":41803,"date":"2023-07-27T19:41:18","date_gmt":"2023-07-27T23:41:18","guid":{"rendered":"https:\/\/dev.explora.cl\/rmsuroriente\/?p=41803"},"modified":"2023-09-05T11:18:29","modified_gmt":"2023-09-05T14:18:29","slug":"explora-rm-sur-oriente-abre-convocatoria-a-profesionales-de-las-ciencias-para-colaborar-en-la-red-ctci","status":"publish","type":"post","link":"https:\/\/dev.explora.cl\/rmsuroriente\/explora-rm-sur-oriente-abre-convocatoria-a-profesionales-de-las-ciencias-para-colaborar-en-la-red-ctci\/","title":{"rendered":"Explora RM Sur Oriente abre convocatoria a profesionales de las ciencias, para colaborar en la Red CTCI"},"content":{"rendered":"<p style=\"text-align: center\"><em><span class=\"NormalTextRun SCXW252757626 BCX0\">P<\/span><span class=\"NormalTextRun SCXW252757626 BCX0\">rofesionales y especialistas de diversas \u00e1reas<\/span><span class=\"NormalTextRun SCXW252757626 BCX0\"> podr\u00e1n ser parte<\/span> <span class=\"NormalTextRun SCXW252757626 BCX0\">de<\/span> <span class=\"NormalTextRun SCXW252757626 BCX0\">una comunidad <\/span><span class=\"NormalTextRun SCXW252757626 BCX0\">orientada a contribuir<\/span> <span class=\"NormalTextRun SCXW252757626 BCX0\">en<\/span><span class=\"NormalTextRun SCXW252757626 BCX0\"> la educaci\u00f3n<\/span><span class=\"NormalTextRun SCXW252757626 BCX0\">,<\/span><span class=\"NormalTextRun SCXW252757626 BCX0\"> mediante un trabajo colaborativo con docentes y estudiantes de diferentes niveles educativos<\/span><span class=\"NormalTextRun SCXW252757626 BCX0\">.<\/span><span class=\"NormalTextRun SCXW252757626 BCX0\">\u00a0<\/span><\/em><\/p>\n<p><span data-contrast=\"auto\">Hasta Campus San Joaqu\u00edn de la Universidad Cat\u00f3lica, llegaron unos 50 profesionales y especialistas de diversas disciplinas, para sumarse a la Red de Ciencia Tecnolog\u00eda Conocimiento e Innovaci\u00f3n (CTCI), de los dos proyectos regionales Explora adjudicados por la UC para el periodo 2023-2024, financiados por el Programa Explora del Ministerio de CTCI.<\/span><span data-ccp-props=\"{&quot;201341983&quot;:0,&quot;335559739&quot;:160,&quot;335559740&quot;:259}\">\u00a0<\/span><\/p>\n<p><span data-contrast=\"auto\">El encuentro cont\u00f3 con la asistencia de autoridades UC y de otras instituciones de educaci\u00f3n superior orientadas a la investigaci\u00f3n, divulgaci\u00f3n y cultura. La actividad comenz\u00f3 con las palabras de bienvenida de Pedro Bouchon, Vicerrector de Investigaci\u00f3n de la UC: <\/span><i><span data-contrast=\"auto\">\u201cComo universidad debemos incentivar la vinculaci\u00f3n de los acad\u00e9micos y acad\u00e9micas, estudiantes de pre y postgrado, profesionales y t\u00e9cnicos con las comunidades educativas. Como UC tenemos una tremenda responsabilidad de aportar a superar la crisis educacional que sufre nuestro pa\u00eds porque la buena educaci\u00f3n es una de las bases fundamentales para ampliar posibilidades. Afortunadamente, gracias a los dos PAR Explora con los que contamos, ese v\u00ednculo con las necesidades de las comunidades educativas se ve facilitado\u201d<\/span><\/i><span data-contrast=\"auto\">, coment\u00f3 el vicerrector.<\/span><span data-ccp-props=\"{&quot;201341983&quot;:0,&quot;335559739&quot;:160,&quot;335559740&quot;:259}\">\u00a0<\/span><\/p>\n<p><span data-contrast=\"auto\">El decano de la Facultad de Educaci\u00f3n de la UC, Alejandro <\/span><span data-contrast=\"auto\">Carrasco, tambi\u00e9n ofreci\u00f3 unas palabras relevando el trabajo en las dos regiones por ambos equipos Explora y fortaleciendo la invitaci\u00f3n a formar parte de la Red CTCI. Una invitaci\u00f3n que supone el desaf\u00edo de ponerse <\/span><i><span data-contrast=\"auto\">\u201cal servicio de la Educaci\u00f3n\u201d<\/span><\/i><span data-contrast=\"auto\"> en ambos territorios.<\/span><span data-ccp-props=\"{&quot;201341983&quot;:0,&quot;335559739&quot;:160,&quot;335559740&quot;:259}\">\u00a0<\/span><\/p>\n<p><span data-contrast=\"auto\">Tras ello, el director de PAR Explora La Araucan\u00eda, Daniel Opazo y la directora del PAR Explora RM Sur Oriente, Macarena Oc\u00e1riz, presentaron detalles de sus proyectos, iniciativas y funcionamiento de la Red CTCI en cada zona. El proyecto Explora ejecutado desde el Centro UC de Desarrollo Local, en Campus Villarica y el proyecto Explora liderado desde la Vicerrector\u00eda de Investigaci\u00f3n, presentan desaf\u00edos similares, <\/span><i><span data-contrast=\"auto\">\u201cles invitamos a comprometerse para fortalecer el v\u00ednculo de la academia con las comunidades educativas y sus entornos, ponernos al servicio de la educaci\u00f3n y desarrollar nuestras acciones en el territorio junto a la comunidad\u201d, <\/span><\/i><span data-contrast=\"auto\">coment\u00f3 Oc\u00e1riz. Por otra parte, Opazo invit\u00f3 a las y los asistentes a ser parte de una red para aportar a la sociedad desde sus conocimientos, habilidades y especialidades, vincularse con distintos territorios y realidades de La Araucan\u00eda.<\/span><span data-ccp-props=\"{&quot;201341983&quot;:0,&quot;335559739&quot;:160,&quot;335559740&quot;:259}\">\u00a0<\/span><\/p>\n<p><b><span data-contrast=\"auto\">El co-dise\u00f1o cobra sentido<\/span><\/b><span data-ccp-props=\"{&quot;201341983&quot;:0,&quot;335559739&quot;:160,&quot;335559740&quot;:259}\">\u00a0<\/span><\/p>\n<p>Durante el encuentro, las y los profesionales participantes pudieron compartir sus expectativas de c\u00f3mo va a funcionar la Red CTCI al servicio de la educaci\u00f3n, demostrando su compromiso y disposici\u00f3n a colaborar con Explora para poner en valor el trabajo conjunto, co-dise\u00f1o y en conexi\u00f3n con cada contexto donde se trabaje.<\/p>\n<p>&nbsp;<\/p>\n<p><img loading=\"lazy\" decoding=\"async\" class=\"aligncenter wp-image-41806\" src=\"https:\/\/dev.explora.cl\/rmsuroriente\/wp-content\/uploads\/sites\/12\/2023\/07\/DSC03724-300x169.jpg\" alt=\"\" width=\"500\" height=\"281\" srcset=\"https:\/\/dev.explora.cl\/rmsuroriente\/wp-content\/uploads\/sites\/12\/2023\/07\/DSC03724-300x169.jpg 300w, https:\/\/dev.explora.cl\/rmsuroriente\/wp-content\/uploads\/sites\/12\/2023\/07\/DSC03724-768x432.jpg 768w, https:\/\/dev.explora.cl\/rmsuroriente\/wp-content\/uploads\/sites\/12\/2023\/07\/DSC03724-1024x576.jpg 1024w\" sizes=\"auto, (max-width: 500px) 100vw, 500px\" \/><\/p>\n<p><span data-contrast=\"auto\">Mar\u00eda Antonieta \u00d3rdenes, profesora de Qu\u00edmica con menci\u00f3n en Educaci\u00f3n en Astronom\u00eda y candidata a doctora en Did\u00e1ctica de las Ciencias, comparti\u00f3 la siguiente reflexi\u00f3n luego de participar en la actividad: <\/span><i><span data-contrast=\"auto\">\u201cEl rol que tienen las y los investigadores para promover el conocimiento en las \u00e1reas de CTCI es relevante, ya que nos permite formar puentes entre la academia y el mundo escolar. Lo que, sin duda, va a promover una alfabetizaci\u00f3n cient\u00edfica apropiada, que nos permitir\u00e1 tambi\u00e9n poder democratizar el acceso a los conocimientos y a los distintos saberes en \u00e1reas cient\u00edficas u otras disciplinas, y tambi\u00e9n va a servir como un role model para que las y los estudiantes a nivel escolar puedan permitirse so\u00f1ar\u2026sentirse parte de lo que est\u00e1 sucediendo en la academia o procesos de investigaci\u00f3n, contribuyendo desde distintas aristas o desde su tribuna del mundo escolar\u201d.\u00a0<\/span><\/i><span data-ccp-props=\"{&quot;201341983&quot;:0,&quot;335559739&quot;:160,&quot;335559740&quot;:259}\">\u00a0<\/span><\/p>\n<p><span data-contrast=\"auto\">En ese sentido, desde Explora RM Sur Oriente se acompa\u00f1ar\u00e1 a todas y todos quienes formen parte de la Red CTCI en los procesos de apoyo a estudiantes y docentes y en la entrega de herramientas para facilitar el trabajo\u202fconjunto.<\/span><span data-ccp-props=\"{&quot;201341983&quot;:0,&quot;335559739&quot;:160,&quot;335559740&quot;:259}\">\u00a0<\/span><\/p>\n<p><b><span data-contrast=\"auto\">\u00a0<\/span><\/b><\/p>\n<p><img loading=\"lazy\" decoding=\"async\" class=\"aligncenter wp-image-41804\" src=\"https:\/\/dev.explora.cl\/rmsuroriente\/wp-content\/uploads\/sites\/12\/2023\/07\/DSC03679-300x169.jpg\" alt=\"\" width=\"500\" height=\"281\" srcset=\"https:\/\/dev.explora.cl\/rmsuroriente\/wp-content\/uploads\/sites\/12\/2023\/07\/DSC03679-300x169.jpg 300w, https:\/\/dev.explora.cl\/rmsuroriente\/wp-content\/uploads\/sites\/12\/2023\/07\/DSC03679-768x432.jpg 768w, https:\/\/dev.explora.cl\/rmsuroriente\/wp-content\/uploads\/sites\/12\/2023\/07\/DSC03679-1024x576.jpg 1024w\" sizes=\"auto, (max-width: 500px) 100vw, 500px\" \/><\/p>\n<p><b><span data-contrast=\"auto\">Testimonios que nos llenan de aprendizajes<\/span><\/b><\/p>\n<p><span data-contrast=\"auto\">Brandon Marcus Hutt es Licenciado en Ciencias Biol\u00f3gicas de la UC y fue seleccionado para ser parte del Mag\u00edster de Microbiolog\u00eda Marina del Instituto Max Planck de Alemania. En la cita, Hutt comparti\u00f3 con las y los asistentes su experiencia, <\/span><i><span data-contrast=\"auto\">\u201cSoy investigador&#8230;no lo fui siempre, mi profesora me acogi\u00f3 cuando estaba como en 7\u00ba u 8\u00ba b\u00e1sico, me eligi\u00f3 junto a dos compa\u00f1eras para participar en un proyecto de investigaci\u00f3n, que nos termin\u00f3 cambiando la vida\u201d. <\/span><\/i><span data-contrast=\"auto\">Su experiencia revel\u00f3 el impacto positivo que se genera en estudiantes apoyando las iniciativas del programa Explora, enfocadas en el fortalecimiento de competencias y habilidades relacionadas a las Ciencias, Tecnolog\u00eda, Conocimiento e Innovaci\u00f3n (CTCI).<\/span><span data-ccp-props=\"{&quot;201341983&quot;:0,&quot;335559739&quot;:160,&quot;335559740&quot;:259}\">\u00a0<\/span><\/p>\n<p><b><span data-contrast=\"auto\">La RED CTCI al servicio de la educaci\u00f3n en la RM Sur Oriente<\/span><\/b><span data-ccp-props=\"{&quot;201341983&quot;:0,&quot;335559739&quot;:160,&quot;335559740&quot;:259}\">\u00a0<\/span><\/p>\n<p><span data-contrast=\"auto\">La invitaci\u00f3n a profesionales y especialistas, a formar parte de esta red y aportar al desarrollo de la educaci\u00f3n en la zona sur oriente de la Regi\u00f3n Metropolitana, consiste en diferentes acciones, en las que pueden colaborar quienes formen parte de este entramado de especialistas de las CTCI:<\/span><span data-ccp-props=\"{&quot;201341983&quot;:0,&quot;335559739&quot;:160,&quot;335559740&quot;:259}\">\u00a0<\/span><\/p>\n<ol>\n<li data-leveltext=\"%1.\" data-font=\"Calibri\" data-listid=\"2\" data-list-defn-props=\"{&quot;335552541&quot;:0,&quot;335559684&quot;:-1,&quot;335559685&quot;:720,&quot;335559991&quot;:360,&quot;469769242&quot;:[65533,0],&quot;469777803&quot;:&quot;left&quot;,&quot;469777804&quot;:&quot;%1.&quot;,&quot;469777815&quot;:&quot;hybridMultilevel&quot;}\" data-aria-posinset=\"1\" data-aria-level=\"1\"><b><span data-contrast=\"auto\">Asesor\u00eda a Clubes Explora o Equipos IIE<\/span><\/b><span data-contrast=\"auto\">: Asesorando proyectos de investigaci\u00f3n e innovaci\u00f3n escolar desarrollados por docentes y estudiantes.<\/span><span data-ccp-props=\"{&quot;201341983&quot;:0,&quot;335559739&quot;:160,&quot;335559740&quot;:259}\">\u00a0<\/span><\/li>\n<\/ol>\n<ol>\n<li data-leveltext=\"%1.\" data-font=\"Calibri\" data-listid=\"2\" data-list-defn-props=\"{&quot;335552541&quot;:0,&quot;335559684&quot;:-1,&quot;335559685&quot;:720,&quot;335559991&quot;:360,&quot;469769242&quot;:[65533,0],&quot;469777803&quot;:&quot;left&quot;,&quot;469777804&quot;:&quot;%1.&quot;,&quot;469777815&quot;:&quot;hybridMultilevel&quot;}\" data-aria-posinset=\"2\" data-aria-level=\"1\"><b><span data-contrast=\"auto\">Experiencias de aprendizaje para ni\u00f1as, ni\u00f1os y\/o j\u00f3venes<\/span><\/b><span data-contrast=\"auto\">: Realizando experiencias de aprendizaje para los ni\u00f1os, ni\u00f1as y j\u00f3venes, tales como talleres, salidas a terreno, charlas y conversatorios.<\/span><span data-ccp-props=\"{&quot;201341983&quot;:0,&quot;335559739&quot;:160,&quot;335559740&quot;:259}\">\u00a0<\/span><\/li>\n<\/ol>\n<ol>\n<li data-leveltext=\"%1.\" data-font=\"Calibri\" data-listid=\"2\" data-list-defn-props=\"{&quot;335552541&quot;:0,&quot;335559684&quot;:-1,&quot;335559685&quot;:720,&quot;335559991&quot;:360,&quot;469769242&quot;:[65533,0],&quot;469777803&quot;:&quot;left&quot;,&quot;469777804&quot;:&quot;%1.&quot;,&quot;469777815&quot;:&quot;hybridMultilevel&quot;}\" data-aria-posinset=\"3\" data-aria-level=\"1\"><b><span data-contrast=\"auto\">Instancias de aprendizaje colaborativo<\/span><\/b><span data-contrast=\"auto\">: Participando en instancias de aprendizaje colaborativo que buscan potenciar el impacto de las iniciativas de apropiaci\u00f3n social de las ciencias con un enfoque transdisciplinar.<\/span><span data-ccp-props=\"{&quot;201341983&quot;:0,&quot;335559739&quot;:160,&quot;335559740&quot;:259}\">\u00a0<\/span><\/li>\n<\/ol>\n<p><b><i><span data-contrast=\"auto\">Para ser parte potenciando competencias y habilidades relacionadas a la CTCI que fortalecer\u00e1n la educaci\u00f3n y la apropiaci\u00f3n social del conocimiento en la zona sur oriente de la Regi\u00f3n Metropolitana y en la Regi\u00f3n de La Araucan\u00eda, ingresar al siguiente <\/span><\/i><\/b><a href=\"https:\/\/docs.google.com\/forms\/d\/e\/1FAIpQLSc0QTtps_cvY1JGhXdBjAFGBMy1b73c_n5Zf3tboNVBAflE2A\/viewform\"><b><i><span data-contrast=\"none\">formulario<\/span><\/i><\/b><\/a><b><i><span data-contrast=\"auto\">.<\/span><\/i><\/b><span data-ccp-props=\"{&quot;201341983&quot;:0,&quot;335559739&quot;:160,&quot;335559740&quot;:259}\">\u00a0<\/span><\/p>\n<p><span data-contrast=\"auto\"><a href=\"https:\/\/docs.google.com\/forms\/d\/e\/1FAIpQLSc0QTtps_cvY1JGhXdBjAFGBMy1b73c_n5Zf3tboNVBAflE2A\/viewform\" target=\"_blank\" rel=\"noopener noreferrer\"><img loading=\"lazy\" decoding=\"async\" class=\"aligncenter wp-image-41774 size-medium\" src=\"https:\/\/dev.explora.cl\/rmsuroriente\/wp-content\/uploads\/sites\/12\/2023\/07\/Botones_Red_CTCI_INSCRIPCIO\u0301N-300x83.png\" alt=\"\" width=\"300\" height=\"83\" srcset=\"https:\/\/dev.explora.cl\/rmsuroriente\/wp-content\/uploads\/sites\/12\/2023\/07\/Botones_Red_CTCI_INSCRIPCIO\u0301N-300x83.png 300w, https:\/\/dev.explora.cl\/rmsuroriente\/wp-content\/uploads\/sites\/12\/2023\/07\/Botones_Red_CTCI_INSCRIPCIO\u0301N-768x212.png 768w, https:\/\/dev.explora.cl\/rmsuroriente\/wp-content\/uploads\/sites\/12\/2023\/07\/Botones_Red_CTCI_INSCRIPCIO\u0301N-1024x283.png 1024w\" sizes=\"auto, (max-width: 300px) 100vw, 300px\" \/><\/a>Dudas, comentarios, para mayor claridad del proceso, escribir al correo electr\u00f3nico <\/span><a href=\"mailto:parexplora.rmso@uc.cl\"><span data-contrast=\"none\">parexplora.rmso@uc.cl<\/span><\/a><span data-contrast=\"auto\"> o llamar al +56 223544512.<\/span><span data-ccp-props=\"{&quot;201341983&quot;:0,&quot;335559739&quot;:160,&quot;335559740&quot;:259}\">\u00a0<\/span><\/p>\n<p><img loading=\"lazy\" decoding=\"async\" class=\"aligncenter wp-image-41805\" src=\"https:\/\/dev.explora.cl\/rmsuroriente\/wp-content\/uploads\/sites\/12\/2023\/07\/DSC03699-300x169.jpg\" alt=\"\" width=\"500\" height=\"281\" srcset=\"https:\/\/dev.explora.cl\/rmsuroriente\/wp-content\/uploads\/sites\/12\/2023\/07\/DSC03699-300x169.jpg 300w, https:\/\/dev.explora.cl\/rmsuroriente\/wp-content\/uploads\/sites\/12\/2023\/07\/DSC03699-768x432.jpg 768w, https:\/\/dev.explora.cl\/rmsuroriente\/wp-content\/uploads\/sites\/12\/2023\/07\/DSC03699-1024x576.jpg 1024w\" sizes=\"auto, (max-width: 500px) 100vw, 500px\" \/><\/p>\n","protected":false},"excerpt":{"rendered":"<p>Profesionales y especialistas de diversas \u00e1reas podr\u00e1n ser parte de una comunidad orientada a contribuir en la educaci\u00f3n, mediante un trabajo colaborativo con docentes y estudiantes de diferentes niveles educativos.\u00a0<\/p>\n","protected":false},"author":27,"featured_media":41807,"comment_status":"open","ping_status":"open","sticky":false,"template":"","format":"standard","meta":{"_acf_changed":false,"_exactmetrics_skip_tracking":false,"_exactmetrics_sitenote_active":false,"_exactmetrics_sitenote_note":"","_exactmetrics_sitenote_category":0,"footnotes":"","_links_to":"","_links_to_target":""},"categories":[151,128,4,121,126],"tags":[313,86,284,299,312,311,314,315,293],"class_list":["post-41803","post","type-post","status-publish","format-standard","has-post-thumbnail","hentry","category-banner","category-eventos_publ_grl","category-noticias","category-para-divulgadores","category-para-publico-general","tag-academia","tag-comunidad-cientifica","tag-ctci","tag-especialistas","tag-investigadoras","tag-investigadores","tag-profesionales","tag-red-ctci","tag-red-ctci-al-servicio-de-la-educacion"],"acf":[],"yoast_head":"<!-- This site is optimized with the Yoast SEO plugin v26.7 - https:\/\/yoast.com\/wordpress\/plugins\/seo\/ -->\n<title>Explora RM Sur Oriente abre convocatoria a profesionales de las ciencias, para colaborar en la Red CTCI - RM Sur Oriente<\/title>\n<meta name=\"robots\" content=\"index, follow, max-snippet:-1, max-image-preview:large, max-video-preview:-1\" \/>\n<link rel=\"canonical\" href=\"https:\/\/dev.explora.cl\/rmsuroriente\/explora-rm-sur-oriente-abre-convocatoria-a-profesionales-de-las-ciencias-para-colaborar-en-la-red-ctci\/\" class=\"yoast-seo-meta-tag\" \/>\n<meta property=\"og:locale\" content=\"es_ES\" class=\"yoast-seo-meta-tag\" \/>\n<meta property=\"og:type\" content=\"article\" class=\"yoast-seo-meta-tag\" \/>\n<meta property=\"og:title\" content=\"Explora RM Sur Oriente abre convocatoria a profesionales de las ciencias, para colaborar en la Red CTCI - RM Sur Oriente\" class=\"yoast-seo-meta-tag\" \/>\n<meta property=\"og:description\" content=\"Profesionales y especialistas de diversas \u00e1reas podr\u00e1n ser parte de una comunidad orientada a contribuir en la educaci\u00f3n, mediante un trabajo colaborativo con docentes y estudiantes de diferentes niveles educativos.\u00a0\" class=\"yoast-seo-meta-tag\" \/>\n<meta property=\"og:url\" content=\"https:\/\/dev.explora.cl\/rmsuroriente\/explora-rm-sur-oriente-abre-convocatoria-a-profesionales-de-las-ciencias-para-colaborar-en-la-red-ctci\/\" class=\"yoast-seo-meta-tag\" \/>\n<meta property=\"og:site_name\" content=\"RM Sur Oriente\" class=\"yoast-seo-meta-tag\" \/>\n<meta property=\"article:published_time\" content=\"2023-07-27T23:41:18+00:00\" class=\"yoast-seo-meta-tag\" \/>\n<meta property=\"article:modified_time\" content=\"2023-09-05T14:18:29+00:00\" class=\"yoast-seo-meta-tag\" \/>\n<meta property=\"og:image\" content=\"https:\/\/dev.explora.cl\/rmsuroriente\/wp-content\/uploads\/sites\/12\/2023\/07\/DSC03730-1024x576.jpg\" class=\"yoast-seo-meta-tag\" \/>\n\t<meta property=\"og:image:width\" content=\"1024\" class=\"yoast-seo-meta-tag\" \/>\n\t<meta property=\"og:image:height\" content=\"576\" class=\"yoast-seo-meta-tag\" \/>\n\t<meta property=\"og:image:type\" content=\"image\/jpeg\" class=\"yoast-seo-meta-tag\" \/>\n<meta name=\"author\" content=\"RMSO PUC\" class=\"yoast-seo-meta-tag\" \/>\n<meta name=\"twitter:card\" content=\"summary_large_image\" class=\"yoast-seo-meta-tag\" \/>\n<meta name=\"twitter:label1\" content=\"Escrito por\" class=\"yoast-seo-meta-tag\" \/>\n\t<meta name=\"twitter:data1\" content=\"RMSO PUC\" class=\"yoast-seo-meta-tag\" \/>\n\t<meta name=\"twitter:label2\" content=\"Tiempo estimado de lectura\" class=\"yoast-seo-meta-tag\" \/>\n\t<meta name=\"twitter:data2\" content=\"5 minutos\" class=\"yoast-seo-meta-tag\" \/>\n<script type=\"application\/ld+json\" class=\"yoast-schema-graph\">{\"@context\":\"https:\/\/schema.org\",\"@graph\":[{\"@type\":\"Article\",\"@id\":\"https:\/\/dev.explora.cl\/rmsuroriente\/explora-rm-sur-oriente-abre-convocatoria-a-profesionales-de-las-ciencias-para-colaborar-en-la-red-ctci\/#article\",\"isPartOf\":{\"@id\":\"https:\/\/dev.explora.cl\/rmsuroriente\/explora-rm-sur-oriente-abre-convocatoria-a-profesionales-de-las-ciencias-para-colaborar-en-la-red-ctci\/\"},\"author\":{\"name\":\"RMSO PUC\",\"@id\":\"https:\/\/dev.explora.cl\/rmsuroriente\/#\/schema\/person\/164f0bfb03507b3d5dd75257d8e71697\"},\"headline\":\"Explora RM Sur Oriente abre convocatoria a profesionales de las ciencias, para colaborar en la Red CTCI\",\"datePublished\":\"2023-07-27T23:41:18+00:00\",\"dateModified\":\"2023-09-05T14:18:29+00:00\",\"mainEntityOfPage\":{\"@id\":\"https:\/\/dev.explora.cl\/rmsuroriente\/explora-rm-sur-oriente-abre-convocatoria-a-profesionales-de-las-ciencias-para-colaborar-en-la-red-ctci\/\"},\"wordCount\":1040,\"commentCount\":0,\"publisher\":{\"@id\":\"https:\/\/dev.explora.cl\/rmsuroriente\/#organization\"},\"image\":{\"@id\":\"https:\/\/dev.explora.cl\/rmsuroriente\/explora-rm-sur-oriente-abre-convocatoria-a-profesionales-de-las-ciencias-para-colaborar-en-la-red-ctci\/#primaryimage\"},\"thumbnailUrl\":\"https:\/\/dev.explora.cl\/rmsuroriente\/wp-content\/uploads\/sites\/12\/2023\/07\/DSC03730.jpg\",\"keywords\":[\"Academia\",\"comunidad cient\u00edfica\",\"CTCI\",\"Especialistas\",\"Investigadoras\",\"Investigadores\",\"Profesionales\",\"Red CTCI\",\"Red CTCI al servicio de la educaci\u00f3n\"],\"articleSection\":[\"Banner\",\"Eventos\",\"Noticias\",\"Para Divulgadores\",\"Para P\u00fablico General\"],\"inLanguage\":\"es-CL\",\"potentialAction\":[{\"@type\":\"CommentAction\",\"name\":\"Comment\",\"target\":[\"https:\/\/dev.explora.cl\/rmsuroriente\/explora-rm-sur-oriente-abre-convocatoria-a-profesionales-de-las-ciencias-para-colaborar-en-la-red-ctci\/#respond\"]}]},{\"@type\":\"WebPage\",\"@id\":\"https:\/\/dev.explora.cl\/rmsuroriente\/explora-rm-sur-oriente-abre-convocatoria-a-profesionales-de-las-ciencias-para-colaborar-en-la-red-ctci\/\",\"url\":\"https:\/\/dev.explora.cl\/rmsuroriente\/explora-rm-sur-oriente-abre-convocatoria-a-profesionales-de-las-ciencias-para-colaborar-en-la-red-ctci\/\",\"name\":\"Explora RM Sur Oriente abre convocatoria a profesionales de las ciencias, para colaborar en la Red CTCI - RM Sur Oriente\",\"isPartOf\":{\"@id\":\"https:\/\/dev.explora.cl\/rmsuroriente\/#website\"},\"primaryImageOfPage\":{\"@id\":\"https:\/\/dev.explora.cl\/rmsuroriente\/explora-rm-sur-oriente-abre-convocatoria-a-profesionales-de-las-ciencias-para-colaborar-en-la-red-ctci\/#primaryimage\"},\"image\":{\"@id\":\"https:\/\/dev.explora.cl\/rmsuroriente\/explora-rm-sur-oriente-abre-convocatoria-a-profesionales-de-las-ciencias-para-colaborar-en-la-red-ctci\/#primaryimage\"},\"thumbnailUrl\":\"https:\/\/dev.explora.cl\/rmsuroriente\/wp-content\/uploads\/sites\/12\/2023\/07\/DSC03730.jpg\",\"datePublished\":\"2023-07-27T23:41:18+00:00\",\"dateModified\":\"2023-09-05T14:18:29+00:00\",\"breadcrumb\":{\"@id\":\"https:\/\/dev.explora.cl\/rmsuroriente\/explora-rm-sur-oriente-abre-convocatoria-a-profesionales-de-las-ciencias-para-colaborar-en-la-red-ctci\/#breadcrumb\"},\"inLanguage\":\"es-CL\",\"potentialAction\":[{\"@type\":\"ReadAction\",\"target\":[\"https:\/\/dev.explora.cl\/rmsuroriente\/explora-rm-sur-oriente-abre-convocatoria-a-profesionales-de-las-ciencias-para-colaborar-en-la-red-ctci\/\"]}]},{\"@type\":\"ImageObject\",\"inLanguage\":\"es-CL\",\"@id\":\"https:\/\/dev.explora.cl\/rmsuroriente\/explora-rm-sur-oriente-abre-convocatoria-a-profesionales-de-las-ciencias-para-colaborar-en-la-red-ctci\/#primaryimage\",\"url\":\"https:\/\/dev.explora.cl\/rmsuroriente\/wp-content\/uploads\/sites\/12\/2023\/07\/DSC03730.jpg\",\"contentUrl\":\"https:\/\/dev.explora.cl\/rmsuroriente\/wp-content\/uploads\/sites\/12\/2023\/07\/DSC03730.jpg\",\"width\":6000,\"height\":3376},{\"@type\":\"BreadcrumbList\",\"@id\":\"https:\/\/dev.explora.cl\/rmsuroriente\/explora-rm-sur-oriente-abre-convocatoria-a-profesionales-de-las-ciencias-para-colaborar-en-la-red-ctci\/#breadcrumb\",\"itemListElement\":[{\"@type\":\"ListItem\",\"position\":1,\"name\":\"Portada\",\"item\":\"https:\/\/dev.explora.cl\/rmsuroriente\/\"},{\"@type\":\"ListItem\",\"position\":2,\"name\":\"Explora RM Sur Oriente abre convocatoria a profesionales de las ciencias, para colaborar en la Red CTCI\"}]},{\"@type\":\"WebSite\",\"@id\":\"https:\/\/dev.explora.cl\/rmsuroriente\/#website\",\"url\":\"https:\/\/dev.explora.cl\/rmsuroriente\/\",\"name\":\"RM Sur Oriente\",\"description\":\"Otro sitio m\u00e1s de dev.explora.cl\",\"publisher\":{\"@id\":\"https:\/\/dev.explora.cl\/rmsuroriente\/#organization\"},\"potentialAction\":[{\"@type\":\"SearchAction\",\"target\":{\"@type\":\"EntryPoint\",\"urlTemplate\":\"https:\/\/dev.explora.cl\/rmsuroriente\/?s={search_term_string}\"},\"query-input\":{\"@type\":\"PropertyValueSpecification\",\"valueRequired\":true,\"valueName\":\"search_term_string\"}}],\"inLanguage\":\"es-CL\"},{\"@type\":\"Organization\",\"@id\":\"https:\/\/dev.explora.cl\/rmsuroriente\/#organization\",\"name\":\"RM Sur Oriente\",\"url\":\"https:\/\/dev.explora.cl\/rmsuroriente\/\",\"logo\":{\"@type\":\"ImageObject\",\"inLanguage\":\"es-CL\",\"@id\":\"https:\/\/dev.explora.cl\/rmsuroriente\/#\/schema\/logo\/image\/\",\"url\":\"https:\/\/dev.explora.cl\/rmsuroriente\/wp-content\/uploads\/sites\/12\/2025\/04\/cropped-LogoPAR_RMSO-Azul-UC.png\",\"contentUrl\":\"https:\/\/dev.explora.cl\/rmsuroriente\/wp-content\/uploads\/sites\/12\/2025\/04\/cropped-LogoPAR_RMSO-Azul-UC.png\",\"width\":411,\"height\":409,\"caption\":\"RM Sur Oriente\"},\"image\":{\"@id\":\"https:\/\/dev.explora.cl\/rmsuroriente\/#\/schema\/logo\/image\/\"}},{\"@type\":\"Person\",\"@id\":\"https:\/\/dev.explora.cl\/rmsuroriente\/#\/schema\/person\/164f0bfb03507b3d5dd75257d8e71697\",\"name\":\"RMSO PUC\",\"image\":{\"@type\":\"ImageObject\",\"inLanguage\":\"es-CL\",\"@id\":\"https:\/\/dev.explora.cl\/rmsuroriente\/#\/schema\/person\/image\/\",\"url\":\"https:\/\/secure.gravatar.com\/avatar\/16f7131f033ed433ea432d3fc2b04af9756004afdb5a6b61c705d795f6425ea0?s=96&d=mm&r=g\",\"contentUrl\":\"https:\/\/secure.gravatar.com\/avatar\/16f7131f033ed433ea432d3fc2b04af9756004afdb5a6b61c705d795f6425ea0?s=96&d=mm&r=g\",\"caption\":\"RMSO PUC\"},\"url\":\"https:\/\/dev.explora.cl\/rmsuroriente\/author\/myanez\/\"}]}<\/script>\n<!-- \/ Yoast SEO plugin. -->","yoast_head_json":{"title":"Explora RM Sur Oriente abre convocatoria a profesionales de las ciencias, para colaborar en la Red CTCI - RM Sur Oriente","robots":{"index":"index","follow":"follow","max-snippet":"max-snippet:-1","max-image-preview":"max-image-preview:large","max-video-preview":"max-video-preview:-1"},"canonical":"https:\/\/dev.explora.cl\/rmsuroriente\/explora-rm-sur-oriente-abre-convocatoria-a-profesionales-de-las-ciencias-para-colaborar-en-la-red-ctci\/","og_locale":"es_ES","og_type":"article","og_title":"Explora RM Sur Oriente abre convocatoria a profesionales de las ciencias, para colaborar en la Red CTCI - RM Sur Oriente","og_description":"Profesionales y especialistas de diversas \u00e1reas podr\u00e1n ser parte de una comunidad orientada a contribuir en la educaci\u00f3n, mediante un trabajo colaborativo con docentes y estudiantes de diferentes niveles educativos.\u00a0","og_url":"https:\/\/dev.explora.cl\/rmsuroriente\/explora-rm-sur-oriente-abre-convocatoria-a-profesionales-de-las-ciencias-para-colaborar-en-la-red-ctci\/","og_site_name":"RM Sur Oriente","article_published_time":"2023-07-27T23:41:18+00:00","article_modified_time":"2023-09-05T14:18:29+00:00","og_image":[{"width":1024,"height":576,"url":"https:\/\/dev.explora.cl\/rmsuroriente\/wp-content\/uploads\/sites\/12\/2023\/07\/DSC03730-1024x576.jpg","type":"image\/jpeg"}],"author":"RMSO PUC","twitter_card":"summary_large_image","twitter_misc":{"Escrito por":"RMSO PUC","Tiempo estimado de lectura":"5 minutos"},"schema":{"@context":"https:\/\/schema.org","@graph":[{"@type":"Article","@id":"https:\/\/dev.explora.cl\/rmsuroriente\/explora-rm-sur-oriente-abre-convocatoria-a-profesionales-de-las-ciencias-para-colaborar-en-la-red-ctci\/#article","isPartOf":{"@id":"https:\/\/dev.explora.cl\/rmsuroriente\/explora-rm-sur-oriente-abre-convocatoria-a-profesionales-de-las-ciencias-para-colaborar-en-la-red-ctci\/"},"author":{"name":"RMSO PUC","@id":"https:\/\/dev.explora.cl\/rmsuroriente\/#\/schema\/person\/164f0bfb03507b3d5dd75257d8e71697"},"headline":"Explora RM Sur Oriente abre convocatoria a profesionales de las ciencias, para colaborar en la Red CTCI","datePublished":"2023-07-27T23:41:18+00:00","dateModified":"2023-09-05T14:18:29+00:00","mainEntityOfPage":{"@id":"https:\/\/dev.explora.cl\/rmsuroriente\/explora-rm-sur-oriente-abre-convocatoria-a-profesionales-de-las-ciencias-para-colaborar-en-la-red-ctci\/"},"wordCount":1040,"commentCount":0,"publisher":{"@id":"https:\/\/dev.explora.cl\/rmsuroriente\/#organization"},"image":{"@id":"https:\/\/dev.explora.cl\/rmsuroriente\/explora-rm-sur-oriente-abre-convocatoria-a-profesionales-de-las-ciencias-para-colaborar-en-la-red-ctci\/#primaryimage"},"thumbnailUrl":"https:\/\/dev.explora.cl\/rmsuroriente\/wp-content\/uploads\/sites\/12\/2023\/07\/DSC03730.jpg","keywords":["Academia","comunidad cient\u00edfica","CTCI","Especialistas","Investigadoras","Investigadores","Profesionales","Red CTCI","Red CTCI al servicio de la educaci\u00f3n"],"articleSection":["Banner","Eventos","Noticias","Para Divulgadores","Para P\u00fablico General"],"inLanguage":"es-CL","potentialAction":[{"@type":"CommentAction","name":"Comment","target":["https:\/\/dev.explora.cl\/rmsuroriente\/explora-rm-sur-oriente-abre-convocatoria-a-profesionales-de-las-ciencias-para-colaborar-en-la-red-ctci\/#respond"]}]},{"@type":"WebPage","@id":"https:\/\/dev.explora.cl\/rmsuroriente\/explora-rm-sur-oriente-abre-convocatoria-a-profesionales-de-las-ciencias-para-colaborar-en-la-red-ctci\/","url":"https:\/\/dev.explora.cl\/rmsuroriente\/explora-rm-sur-oriente-abre-convocatoria-a-profesionales-de-las-ciencias-para-colaborar-en-la-red-ctci\/","name":"Explora RM Sur Oriente abre convocatoria a profesionales de las ciencias, para colaborar en la Red CTCI - RM Sur Oriente","isPartOf":{"@id":"https:\/\/dev.explora.cl\/rmsuroriente\/#website"},"primaryImageOfPage":{"@id":"https:\/\/dev.explora.cl\/rmsuroriente\/explora-rm-sur-oriente-abre-convocatoria-a-profesionales-de-las-ciencias-para-colaborar-en-la-red-ctci\/#primaryimage"},"image":{"@id":"https:\/\/dev.explora.cl\/rmsuroriente\/explora-rm-sur-oriente-abre-convocatoria-a-profesionales-de-las-ciencias-para-colaborar-en-la-red-ctci\/#primaryimage"},"thumbnailUrl":"https:\/\/dev.explora.cl\/rmsuroriente\/wp-content\/uploads\/sites\/12\/2023\/07\/DSC03730.jpg","datePublished":"2023-07-27T23:41:18+00:00","dateModified":"2023-09-05T14:18:29+00:00","breadcrumb":{"@id":"https:\/\/dev.explora.cl\/rmsuroriente\/explora-rm-sur-oriente-abre-convocatoria-a-profesionales-de-las-ciencias-para-colaborar-en-la-red-ctci\/#breadcrumb"},"inLanguage":"es-CL","potentialAction":[{"@type":"ReadAction","target":["https:\/\/dev.explora.cl\/rmsuroriente\/explora-rm-sur-oriente-abre-convocatoria-a-profesionales-de-las-ciencias-para-colaborar-en-la-red-ctci\/"]}]},{"@type":"ImageObject","inLanguage":"es-CL","@id":"https:\/\/dev.explora.cl\/rmsuroriente\/explora-rm-sur-oriente-abre-convocatoria-a-profesionales-de-las-ciencias-para-colaborar-en-la-red-ctci\/#primaryimage","url":"https:\/\/dev.explora.cl\/rmsuroriente\/wp-content\/uploads\/sites\/12\/2023\/07\/DSC03730.jpg","contentUrl":"https:\/\/dev.explora.cl\/rmsuroriente\/wp-content\/uploads\/sites\/12\/2023\/07\/DSC03730.jpg","width":6000,"height":3376},{"@type":"BreadcrumbList","@id":"https:\/\/dev.explora.cl\/rmsuroriente\/explora-rm-sur-oriente-abre-convocatoria-a-profesionales-de-las-ciencias-para-colaborar-en-la-red-ctci\/#breadcrumb","itemListElement":[{"@type":"ListItem","position":1,"name":"Portada","item":"https:\/\/dev.explora.cl\/rmsuroriente\/"},{"@type":"ListItem","position":2,"name":"Explora RM Sur Oriente abre convocatoria a profesionales de las ciencias, para colaborar en la Red CTCI"}]},{"@type":"WebSite","@id":"https:\/\/dev.explora.cl\/rmsuroriente\/#website","url":"https:\/\/dev.explora.cl\/rmsuroriente\/","name":"RM Sur Oriente","description":"Otro sitio m\u00e1s de dev.explora.cl","publisher":{"@id":"https:\/\/dev.explora.cl\/rmsuroriente\/#organization"},"potentialAction":[{"@type":"SearchAction","target":{"@type":"EntryPoint","urlTemplate":"https:\/\/dev.explora.cl\/rmsuroriente\/?s={search_term_string}"},"query-input":{"@type":"PropertyValueSpecification","valueRequired":true,"valueName":"search_term_string"}}],"inLanguage":"es-CL"},{"@type":"Organization","@id":"https:\/\/dev.explora.cl\/rmsuroriente\/#organization","name":"RM Sur Oriente","url":"https:\/\/dev.explora.cl\/rmsuroriente\/","logo":{"@type":"ImageObject","inLanguage":"es-CL","@id":"https:\/\/dev.explora.cl\/rmsuroriente\/#\/schema\/logo\/image\/","url":"https:\/\/dev.explora.cl\/rmsuroriente\/wp-content\/uploads\/sites\/12\/2025\/04\/cropped-LogoPAR_RMSO-Azul-UC.png","contentUrl":"https:\/\/dev.explora.cl\/rmsuroriente\/wp-content\/uploads\/sites\/12\/2025\/04\/cropped-LogoPAR_RMSO-Azul-UC.png","width":411,"height":409,"caption":"RM Sur Oriente"},"image":{"@id":"https:\/\/dev.explora.cl\/rmsuroriente\/#\/schema\/logo\/image\/"}},{"@type":"Person","@id":"https:\/\/dev.explora.cl\/rmsuroriente\/#\/schema\/person\/164f0bfb03507b3d5dd75257d8e71697","name":"RMSO PUC","image":{"@type":"ImageObject","inLanguage":"es-CL","@id":"https:\/\/dev.explora.cl\/rmsuroriente\/#\/schema\/person\/image\/","url":"https:\/\/secure.gravatar.com\/avatar\/16f7131f033ed433ea432d3fc2b04af9756004afdb5a6b61c705d795f6425ea0?s=96&d=mm&r=g","contentUrl":"https:\/\/secure.gravatar.com\/avatar\/16f7131f033ed433ea432d3fc2b04af9756004afdb5a6b61c705d795f6425ea0?s=96&d=mm&r=g","caption":"RMSO PUC"},"url":"https:\/\/dev.explora.cl\/rmsuroriente\/author\/myanez\/"}]}},"_links":{"self":[{"href":"https:\/\/dev.explora.cl\/rmsuroriente\/wp-json\/wp\/v2\/posts\/41803","targetHints":{"allow":["GET"]}}],"collection":[{"href":"https:\/\/dev.explora.cl\/rmsuroriente\/wp-json\/wp\/v2\/posts"}],"about":[{"href":"https:\/\/dev.explora.cl\/rmsuroriente\/wp-json\/wp\/v2\/types\/post"}],"author":[{"embeddable":true,"href":"https:\/\/dev.explora.cl\/rmsuroriente\/wp-json\/wp\/v2\/users\/27"}],"replies":[{"embeddable":true,"href":"https:\/\/dev.explora.cl\/rmsuroriente\/wp-json\/wp\/v2\/comments?post=41803"}],"version-history":[{"count":13,"href":"https:\/\/dev.explora.cl\/rmsuroriente\/wp-json\/wp\/v2\/posts\/41803\/revisions"}],"predecessor-version":[{"id":41820,"href":"https:\/\/dev.explora.cl\/rmsuroriente\/wp-json\/wp\/v2\/posts\/41803\/revisions\/41820"}],"wp:featuredmedia":[{"embeddable":true,"href":"https:\/\/dev.explora.cl\/rmsuroriente\/wp-json\/wp\/v2\/media\/41807"}],"wp:attachment":[{"href":"https:\/\/dev.explora.cl\/rmsuroriente\/wp-json\/wp\/v2\/media?parent=41803"}],"wp:term":[{"taxonomy":"category","embeddable":true,"href":"https:\/\/dev.explora.cl\/rmsuroriente\/wp-json\/wp\/v2\/categories?post=41803"},{"taxonomy":"post_tag","embeddable":true,"href":"https:\/\/dev.explora.cl\/rmsuroriente\/wp-json\/wp\/v2\/tags?post=41803"}],"curies":[{"name":"wp","href":"https:\/\/api.w.org\/{rel}","templated":true}]}}