{"id":41464,"date":"2022-12-23T11:32:53","date_gmt":"2022-12-23T14:32:53","guid":{"rendered":"https:\/\/dev.explora.cl\/rmsuroriente\/?p=41464"},"modified":"2022-12-23T12:45:24","modified_gmt":"2022-12-23T15:45:24","slug":"conoce-a-las-y-los-docentes-que-seran-parte-del-campamento-explora-va-2023","status":"publish","type":"post","link":"https:\/\/dev.explora.cl\/rmsuroriente\/conoce-a-las-y-los-docentes-que-seran-parte-del-campamento-explora-va-2023\/","title":{"rendered":"Conoce a las y los docentes que ser\u00e1n parte del Campamento Explora VA! 2023"},"content":{"rendered":"<p>[vc_row][vc_column][vc_column_text]<b>Entre el 4 y 10 de enero de 2023 se realizar\u00e1 el Campamento Explora Va!, el cu\u00e1l abordar\u00e1 la tem\u00e1tica \u201cTerritorio y Ciudad\u201d, el cual contar\u00e1 con la colaboraci\u00f3n de cuatro instituciones de vanguardia en la materia. Esta actividad, vuelve a la presencialidad luego de dos a\u00f1os, y se realizar\u00e1 en el Hotel Plaza San Francisco.<\/b><\/p>\n<p><span style=\"font-weight: 400\">El Proyecto Explora Regi\u00f3n Metropolitana Sur Oriente cerr\u00f3 la convocatoria para ser parte del Campamento Explora VA!, iniciativa que invita, de manera gratuita, a educadoras\/es de p\u00e1rvulos, docentes de educaci\u00f3n b\u00e1sica y media de cualquier disciplina y asistentes de educaci\u00f3n de la zona sur oriente de la Regi\u00f3n Metropolitana, a reflexionar sobre la creaci\u00f3n de estrategias did\u00e1cticas para mejorar la educaci\u00f3n de todas las disciplinas en la comunidad educativa.<\/span><\/p>\n<p><span style=\"font-weight: 400\">La versi\u00f3n 2023 del Campamento abordar\u00e1 la tem\u00e1tica \u201cTerritorio y Ciudad\u201d, y\u00a0 se llevar\u00e1 a cabo los d\u00edas 4, 5, 6, 9 y 10 de enero entre las 09.00 y 17.30 horas en el Hotel Plaza San Francisco, ubicado en Avenida Libertador Bernardo O\u00b4Higgins. En cada jornada, las y los participantes participar\u00e1n de talleres pr\u00e1cticos y reflexivos que ser\u00e1n desarrollados en conjunto con destacadas instituciones cient\u00edficas que abordar\u00e1n la tem\u00e1tica del territorio y la ciudad identificando problem\u00e1ticas desde el contexto.<\/span><\/p>\n<p><span style=\"font-weight: 400\">Es as\u00ed como la organizaci\u00f3n de los d\u00edas permitir\u00e1 a sus participantes ahondar en profundidad las diversas variables del territorio de manera coherente y cohesionada desde diversas disciplinas, que les llevar\u00e1n a reflexionar sobre nuevas estrategias did\u00e1cticas para fortalecer su pr\u00e1ctica pedag\u00f3gica.\u00a0 A continuaci\u00f3n, presentamos el sentido de cada d\u00eda y las instituciones cient\u00edficas que nos acompa\u00f1ar\u00e1n en el cumplimiento de nuestros objetivos:<\/span><\/p>\n<p><span style=\"font-weight: 400\">D\u00eda 1: Conozcamos el Territorio y la Ciudad, instituci\u00f3n invitada <\/span><a href=\"https:\/\/www.instagram.com\/ko_yaku\/?hl=es\" target=\"_blank\" rel=\"noopener noreferrer\"><b>Laboratorio de Investigaci\u00f3n interdisciplinaria en ciencias y tecnolog\u00eda del agua, Ko-Yaku, USACH. <\/b><\/a><span style=\"font-weight: 400\">En este d\u00eda, el objetivo es reconocer el contexto desde el cual pueden surgir preguntas que conlleven a sumar nuevo conocimiento, desarrollando un proceso de observaci\u00f3n e identificaci\u00f3n de las variables, factores, elementos que intervienen en la realidad a problematizar.<\/span><\/p>\n<p><span style=\"font-weight: 400\">D\u00eda 2: Indaguemos en el Territorio y Ciudad, instituciones invitadas <\/span><b><a href=\"https:\/\/educacion.udp.cl\/\" target=\"_blank\" rel=\"noopener noreferrer\">Facultad de Educaci\u00f3n de la UDP<\/a> y Observatorio Latinoamericano de Educaci\u00f3n Ambiental. <\/b><span style=\"font-weight: 400\">En esta jornada plantearemos situaciones que comprometan el entorno cercano como fuente primaria para la generaci\u00f3n de preguntas de investigaci\u00f3n.<\/span><\/p>\n<p><span style=\"font-weight: 400\">D\u00eda 3: En la b\u00fasqueda del conocimiento, preguntemos al Territorio y Ciudad, instituci\u00f3n invitada, <\/span><a href=\"https:\/\/www.ecosistemasurbanos.cl\/\" target=\"_blank\" rel=\"noopener noreferrer\"><b>Laboratorio de Ecosistemas Urbanos, PUC. <\/b><\/a><span style=\"font-weight: 400\">En esta oportunidad trabajaremos colectivamente para plantear estrategias para la generaci\u00f3n de preguntas de investigaci\u00f3n, distinguiendo las preguntas que pueden responderse a trav\u00e9s de las ciencias de aquellas que no.<\/span><\/p>\n<p><span style=\"font-weight: 400\">D\u00eda 4: Sistematizando el Territorio y la Ciudad, instituci\u00f3n invitada <\/span><a href=\"https:\/\/www.imhay.org\/\" target=\"_blank\" rel=\"noopener noreferrer\"><b>N\u00facleo Milenio para Mejorar la Salud Mental de Adolescentes y J\u00f3venes (IMHAY)<\/b><\/a><span style=\"font-weight: 400\">. Con IMHAY<\/span> <span style=\"font-weight: 400\">trabajaremos en distinguir diversas formas de sistematizar la informaci\u00f3n fines de educaci\u00f3n as\u00ed como de prevenci\u00f3n, aplicando los criterios de desempe\u00f1o de la competencia espec\u00edfica \u201cProblematizar desde el contexto, para la investigaci\u00f3n articulada con la competencia transversal \u201cTrabajo en Equipo\u201d.<\/span><\/p>\n<p><span style=\"font-weight: 400\">D\u00eda 5: Reflexiones en torno al conocimiento producido desde el Territorio y la Ciudad. Donde sistematizaremos y comunicaremos los logros, desempe\u00f1os y productos desarrollados por cada comunidad educativa conformada durante los 5 d\u00edas de capacitaci\u00f3n.<\/span><\/p>\n<p><span style=\"font-weight: 400\">Si quieres conocer a quienes ser\u00e1n parte de esta iniciativa, te invitamos a revisar la lista de las y los seleccionados:<\/span>[\/vc_column_text][\/vc_column][\/vc_row][vc_row][vc_column][vc_btn title=&#8221;Lista de seleccionadas\/os&#8221; link=&#8221;url:https%3A%2F%2Fdev.explora.cl%2Frmsuroriente%2Fwp-content%2Fuploads%2Fsites%2F12%2F2022%2F12%2FLista-de-seleccionadas-y-seleccionados-Campamento-2022.pdf|||&#8221;][\/vc_column][\/vc_row][vc_row][vc_column][vc_single_image image=&#8221;41468&#8243; img_size=&#8221;full&#8221;][\/vc_column][\/vc_row][vc_row][vc_column][vc_single_image image=&#8221;41469&#8243; img_size=&#8221;full&#8221;][\/vc_column][\/vc_row][vc_row][vc_column][vc_single_image image=&#8221;41470&#8243; img_size=&#8221;full&#8221;][\/vc_column][\/vc_row][vc_row][vc_column][vc_single_image image=&#8221;41475&#8243; img_size=&#8221;full&#8221;][\/vc_column][\/vc_row]<\/p>\n","protected":false},"excerpt":{"rendered":"<p>Entre el 4 y 10 de enero de 2023 se realizar\u00e1 el Campamento Explora Va!, el cu\u00e1l abordar\u00e1 la tem\u00e1tica \u201cTerritorio y Ciudad\u201d, el cual contar\u00e1 con la colaboraci\u00f3n de cuatro instituciones de vanguardia en la materia. Esta actividad, vuelve a la presencialidad luego de dos a\u00f1os, y se realizar\u00e1 en el Hotel Plaza San Francisco.<\/p>\n","protected":false},"author":27,"featured_media":41467,"comment_status":"open","ping_status":"open","sticky":false,"template":"","format":"standard","meta":{"_acf_changed":false,"_exactmetrics_skip_tracking":false,"_exactmetrics_sitenote_active":false,"_exactmetrics_sitenote_note":"","_exactmetrics_sitenote_category":0,"footnotes":"","_links_to":"","_links_to_target":""},"categories":[127,136,4,116,1],"tags":[],"class_list":["post-41464","post","type-post","status-publish","format-standard","has-post-thumbnail","hentry","category-iniciativas_publ_grl","category-lugar-1","category-noticias","category-para-comunidad-escolar","category-sin-categoria"],"acf":[],"yoast_head":"<!-- This site is optimized with the Yoast SEO plugin v26.7 - https:\/\/yoast.com\/wordpress\/plugins\/seo\/ -->\n<title>Conoce a las y los docentes que ser\u00e1n parte del Campamento Explora VA! 2023 - RM Sur Oriente<\/title>\n<meta name=\"description\" content=\"Entre el 4 y 10 de enero de 2023 se realizar\u00e1 el Campamento Explora Va!, el cu\u00e1l abordar\u00e1 la tem\u00e1tica \u201cTerritorio y Ciudad\u201d.\" class=\"yoast-seo-meta-tag\" \/>\n<meta name=\"robots\" content=\"index, follow, max-snippet:-1, max-image-preview:large, max-video-preview:-1\" \/>\n<link rel=\"canonical\" href=\"https:\/\/dev.explora.cl\/rmsuroriente\/conoce-a-las-y-los-docentes-que-seran-parte-del-campamento-explora-va-2023\/\" class=\"yoast-seo-meta-tag\" \/>\n<meta property=\"og:locale\" content=\"es_ES\" class=\"yoast-seo-meta-tag\" \/>\n<meta property=\"og:type\" content=\"article\" class=\"yoast-seo-meta-tag\" \/>\n<meta property=\"og:title\" content=\"Conoce a las y los docentes que ser\u00e1n parte del Campamento Explora VA! 2023 - RM Sur Oriente\" class=\"yoast-seo-meta-tag\" \/>\n<meta property=\"og:description\" content=\"Entre el 4 y 10 de enero de 2023 se realizar\u00e1 el Campamento Explora Va!, el cu\u00e1l abordar\u00e1 la tem\u00e1tica \u201cTerritorio y Ciudad\u201d.\" class=\"yoast-seo-meta-tag\" \/>\n<meta property=\"og:url\" content=\"https:\/\/dev.explora.cl\/rmsuroriente\/conoce-a-las-y-los-docentes-que-seran-parte-del-campamento-explora-va-2023\/\" class=\"yoast-seo-meta-tag\" \/>\n<meta property=\"og:site_name\" content=\"RM Sur Oriente\" class=\"yoast-seo-meta-tag\" \/>\n<meta property=\"article:published_time\" content=\"2022-12-23T14:32:53+00:00\" class=\"yoast-seo-meta-tag\" \/>\n<meta property=\"article:modified_time\" content=\"2022-12-23T15:45:24+00:00\" class=\"yoast-seo-meta-tag\" \/>\n<meta property=\"og:image\" content=\"https:\/\/dev.explora.cl\/rmsuroriente\/wp-content\/uploads\/sites\/12\/2022\/12\/Seleccionados-Explora-VA-2023-web-Explora-RMSO.png\" class=\"yoast-seo-meta-tag\" \/>\n\t<meta property=\"og:image:width\" content=\"725\" class=\"yoast-seo-meta-tag\" \/>\n\t<meta property=\"og:image:height\" content=\"405\" class=\"yoast-seo-meta-tag\" \/>\n\t<meta property=\"og:image:type\" content=\"image\/png\" class=\"yoast-seo-meta-tag\" \/>\n<meta name=\"author\" content=\"RMSO PUC\" class=\"yoast-seo-meta-tag\" \/>\n<meta name=\"twitter:card\" content=\"summary_large_image\" class=\"yoast-seo-meta-tag\" \/>\n<meta name=\"twitter:label1\" content=\"Escrito por\" class=\"yoast-seo-meta-tag\" \/>\n\t<meta name=\"twitter:data1\" content=\"RMSO PUC\" class=\"yoast-seo-meta-tag\" \/>\n\t<meta name=\"twitter:label2\" content=\"Tiempo estimado de lectura\" class=\"yoast-seo-meta-tag\" \/>\n\t<meta name=\"twitter:data2\" content=\"3 minutos\" class=\"yoast-seo-meta-tag\" \/>\n<script type=\"application\/ld+json\" class=\"yoast-schema-graph\">{\"@context\":\"https:\/\/schema.org\",\"@graph\":[{\"@type\":\"Article\",\"@id\":\"https:\/\/dev.explora.cl\/rmsuroriente\/conoce-a-las-y-los-docentes-que-seran-parte-del-campamento-explora-va-2023\/#article\",\"isPartOf\":{\"@id\":\"https:\/\/dev.explora.cl\/rmsuroriente\/conoce-a-las-y-los-docentes-que-seran-parte-del-campamento-explora-va-2023\/\"},\"author\":{\"name\":\"RMSO PUC\",\"@id\":\"https:\/\/dev.explora.cl\/rmsuroriente\/#\/schema\/person\/164f0bfb03507b3d5dd75257d8e71697\"},\"headline\":\"Conoce a las y los docentes que ser\u00e1n parte del Campamento Explora VA! 2023\",\"datePublished\":\"2022-12-23T14:32:53+00:00\",\"dateModified\":\"2022-12-23T15:45:24+00:00\",\"mainEntityOfPage\":{\"@id\":\"https:\/\/dev.explora.cl\/rmsuroriente\/conoce-a-las-y-los-docentes-que-seran-parte-del-campamento-explora-va-2023\/\"},\"wordCount\":713,\"commentCount\":0,\"publisher\":{\"@id\":\"https:\/\/dev.explora.cl\/rmsuroriente\/#organization\"},\"image\":{\"@id\":\"https:\/\/dev.explora.cl\/rmsuroriente\/conoce-a-las-y-los-docentes-que-seran-parte-del-campamento-explora-va-2023\/#primaryimage\"},\"thumbnailUrl\":\"https:\/\/dev.explora.cl\/rmsuroriente\/wp-content\/uploads\/sites\/12\/2022\/12\/Seleccionados-Explora-VA-2023-web-Explora-RMSO.png\",\"articleSection\":[\"Iniciativas\",\"Lugar 1\",\"Noticias\",\"Para Comunidad Escolar\"],\"inLanguage\":\"es-CL\",\"potentialAction\":[{\"@type\":\"CommentAction\",\"name\":\"Comment\",\"target\":[\"https:\/\/dev.explora.cl\/rmsuroriente\/conoce-a-las-y-los-docentes-que-seran-parte-del-campamento-explora-va-2023\/#respond\"]}]},{\"@type\":\"WebPage\",\"@id\":\"https:\/\/dev.explora.cl\/rmsuroriente\/conoce-a-las-y-los-docentes-que-seran-parte-del-campamento-explora-va-2023\/\",\"url\":\"https:\/\/dev.explora.cl\/rmsuroriente\/conoce-a-las-y-los-docentes-que-seran-parte-del-campamento-explora-va-2023\/\",\"name\":\"Conoce a las y los docentes que ser\u00e1n parte del Campamento Explora VA! 2023 - RM Sur Oriente\",\"isPartOf\":{\"@id\":\"https:\/\/dev.explora.cl\/rmsuroriente\/#website\"},\"primaryImageOfPage\":{\"@id\":\"https:\/\/dev.explora.cl\/rmsuroriente\/conoce-a-las-y-los-docentes-que-seran-parte-del-campamento-explora-va-2023\/#primaryimage\"},\"image\":{\"@id\":\"https:\/\/dev.explora.cl\/rmsuroriente\/conoce-a-las-y-los-docentes-que-seran-parte-del-campamento-explora-va-2023\/#primaryimage\"},\"thumbnailUrl\":\"https:\/\/dev.explora.cl\/rmsuroriente\/wp-content\/uploads\/sites\/12\/2022\/12\/Seleccionados-Explora-VA-2023-web-Explora-RMSO.png\",\"datePublished\":\"2022-12-23T14:32:53+00:00\",\"dateModified\":\"2022-12-23T15:45:24+00:00\",\"description\":\"Entre el 4 y 10 de enero de 2023 se realizar\u00e1 el Campamento Explora Va!, el cu\u00e1l abordar\u00e1 la tem\u00e1tica \u201cTerritorio y Ciudad\u201d.\",\"breadcrumb\":{\"@id\":\"https:\/\/dev.explora.cl\/rmsuroriente\/conoce-a-las-y-los-docentes-que-seran-parte-del-campamento-explora-va-2023\/#breadcrumb\"},\"inLanguage\":\"es-CL\",\"potentialAction\":[{\"@type\":\"ReadAction\",\"target\":[\"https:\/\/dev.explora.cl\/rmsuroriente\/conoce-a-las-y-los-docentes-que-seran-parte-del-campamento-explora-va-2023\/\"]}]},{\"@type\":\"ImageObject\",\"inLanguage\":\"es-CL\",\"@id\":\"https:\/\/dev.explora.cl\/rmsuroriente\/conoce-a-las-y-los-docentes-que-seran-parte-del-campamento-explora-va-2023\/#primaryimage\",\"url\":\"https:\/\/dev.explora.cl\/rmsuroriente\/wp-content\/uploads\/sites\/12\/2022\/12\/Seleccionados-Explora-VA-2023-web-Explora-RMSO.png\",\"contentUrl\":\"https:\/\/dev.explora.cl\/rmsuroriente\/wp-content\/uploads\/sites\/12\/2022\/12\/Seleccionados-Explora-VA-2023-web-Explora-RMSO.png\",\"width\":725,\"height\":405},{\"@type\":\"BreadcrumbList\",\"@id\":\"https:\/\/dev.explora.cl\/rmsuroriente\/conoce-a-las-y-los-docentes-que-seran-parte-del-campamento-explora-va-2023\/#breadcrumb\",\"itemListElement\":[{\"@type\":\"ListItem\",\"position\":1,\"name\":\"Portada\",\"item\":\"https:\/\/dev.explora.cl\/rmsuroriente\/\"},{\"@type\":\"ListItem\",\"position\":2,\"name\":\"Conoce a las y los docentes que ser\u00e1n parte del Campamento Explora VA! 2023\"}]},{\"@type\":\"WebSite\",\"@id\":\"https:\/\/dev.explora.cl\/rmsuroriente\/#website\",\"url\":\"https:\/\/dev.explora.cl\/rmsuroriente\/\",\"name\":\"RM Sur Oriente\",\"description\":\"Otro sitio m\u00e1s de dev.explora.cl\",\"publisher\":{\"@id\":\"https:\/\/dev.explora.cl\/rmsuroriente\/#organization\"},\"potentialAction\":[{\"@type\":\"SearchAction\",\"target\":{\"@type\":\"EntryPoint\",\"urlTemplate\":\"https:\/\/dev.explora.cl\/rmsuroriente\/?s={search_term_string}\"},\"query-input\":{\"@type\":\"PropertyValueSpecification\",\"valueRequired\":true,\"valueName\":\"search_term_string\"}}],\"inLanguage\":\"es-CL\"},{\"@type\":\"Organization\",\"@id\":\"https:\/\/dev.explora.cl\/rmsuroriente\/#organization\",\"name\":\"RM Sur Oriente\",\"url\":\"https:\/\/dev.explora.cl\/rmsuroriente\/\",\"logo\":{\"@type\":\"ImageObject\",\"inLanguage\":\"es-CL\",\"@id\":\"https:\/\/dev.explora.cl\/rmsuroriente\/#\/schema\/logo\/image\/\",\"url\":\"https:\/\/dev.explora.cl\/rmsuroriente\/wp-content\/uploads\/sites\/12\/2025\/04\/cropped-LogoPAR_RMSO-Azul-UC.png\",\"contentUrl\":\"https:\/\/dev.explora.cl\/rmsuroriente\/wp-content\/uploads\/sites\/12\/2025\/04\/cropped-LogoPAR_RMSO-Azul-UC.png\",\"width\":411,\"height\":409,\"caption\":\"RM Sur Oriente\"},\"image\":{\"@id\":\"https:\/\/dev.explora.cl\/rmsuroriente\/#\/schema\/logo\/image\/\"}},{\"@type\":\"Person\",\"@id\":\"https:\/\/dev.explora.cl\/rmsuroriente\/#\/schema\/person\/164f0bfb03507b3d5dd75257d8e71697\",\"name\":\"RMSO PUC\",\"image\":{\"@type\":\"ImageObject\",\"inLanguage\":\"es-CL\",\"@id\":\"https:\/\/dev.explora.cl\/rmsuroriente\/#\/schema\/person\/image\/\",\"url\":\"https:\/\/secure.gravatar.com\/avatar\/16f7131f033ed433ea432d3fc2b04af9756004afdb5a6b61c705d795f6425ea0?s=96&d=mm&r=g\",\"contentUrl\":\"https:\/\/secure.gravatar.com\/avatar\/16f7131f033ed433ea432d3fc2b04af9756004afdb5a6b61c705d795f6425ea0?s=96&d=mm&r=g\",\"caption\":\"RMSO PUC\"},\"url\":\"https:\/\/dev.explora.cl\/rmsuroriente\/author\/myanez\/\"}]}<\/script>\n<!-- \/ Yoast SEO plugin. -->","yoast_head_json":{"title":"Conoce a las y los docentes que ser\u00e1n parte del Campamento Explora VA! 2023 - RM Sur Oriente","description":"Entre el 4 y 10 de enero de 2023 se realizar\u00e1 el Campamento Explora Va!, el cu\u00e1l abordar\u00e1 la tem\u00e1tica \u201cTerritorio y Ciudad\u201d.","robots":{"index":"index","follow":"follow","max-snippet":"max-snippet:-1","max-image-preview":"max-image-preview:large","max-video-preview":"max-video-preview:-1"},"canonical":"https:\/\/dev.explora.cl\/rmsuroriente\/conoce-a-las-y-los-docentes-que-seran-parte-del-campamento-explora-va-2023\/","og_locale":"es_ES","og_type":"article","og_title":"Conoce a las y los docentes que ser\u00e1n parte del Campamento Explora VA! 2023 - RM Sur Oriente","og_description":"Entre el 4 y 10 de enero de 2023 se realizar\u00e1 el Campamento Explora Va!, el cu\u00e1l abordar\u00e1 la tem\u00e1tica \u201cTerritorio y Ciudad\u201d.","og_url":"https:\/\/dev.explora.cl\/rmsuroriente\/conoce-a-las-y-los-docentes-que-seran-parte-del-campamento-explora-va-2023\/","og_site_name":"RM Sur Oriente","article_published_time":"2022-12-23T14:32:53+00:00","article_modified_time":"2022-12-23T15:45:24+00:00","og_image":[{"width":725,"height":405,"url":"https:\/\/dev.explora.cl\/rmsuroriente\/wp-content\/uploads\/sites\/12\/2022\/12\/Seleccionados-Explora-VA-2023-web-Explora-RMSO.png","type":"image\/png"}],"author":"RMSO PUC","twitter_card":"summary_large_image","twitter_misc":{"Escrito por":"RMSO PUC","Tiempo estimado de lectura":"3 minutos"},"schema":{"@context":"https:\/\/schema.org","@graph":[{"@type":"Article","@id":"https:\/\/dev.explora.cl\/rmsuroriente\/conoce-a-las-y-los-docentes-que-seran-parte-del-campamento-explora-va-2023\/#article","isPartOf":{"@id":"https:\/\/dev.explora.cl\/rmsuroriente\/conoce-a-las-y-los-docentes-que-seran-parte-del-campamento-explora-va-2023\/"},"author":{"name":"RMSO PUC","@id":"https:\/\/dev.explora.cl\/rmsuroriente\/#\/schema\/person\/164f0bfb03507b3d5dd75257d8e71697"},"headline":"Conoce a las y los docentes que ser\u00e1n parte del Campamento Explora VA! 2023","datePublished":"2022-12-23T14:32:53+00:00","dateModified":"2022-12-23T15:45:24+00:00","mainEntityOfPage":{"@id":"https:\/\/dev.explora.cl\/rmsuroriente\/conoce-a-las-y-los-docentes-que-seran-parte-del-campamento-explora-va-2023\/"},"wordCount":713,"commentCount":0,"publisher":{"@id":"https:\/\/dev.explora.cl\/rmsuroriente\/#organization"},"image":{"@id":"https:\/\/dev.explora.cl\/rmsuroriente\/conoce-a-las-y-los-docentes-que-seran-parte-del-campamento-explora-va-2023\/#primaryimage"},"thumbnailUrl":"https:\/\/dev.explora.cl\/rmsuroriente\/wp-content\/uploads\/sites\/12\/2022\/12\/Seleccionados-Explora-VA-2023-web-Explora-RMSO.png","articleSection":["Iniciativas","Lugar 1","Noticias","Para Comunidad Escolar"],"inLanguage":"es-CL","potentialAction":[{"@type":"CommentAction","name":"Comment","target":["https:\/\/dev.explora.cl\/rmsuroriente\/conoce-a-las-y-los-docentes-que-seran-parte-del-campamento-explora-va-2023\/#respond"]}]},{"@type":"WebPage","@id":"https:\/\/dev.explora.cl\/rmsuroriente\/conoce-a-las-y-los-docentes-que-seran-parte-del-campamento-explora-va-2023\/","url":"https:\/\/dev.explora.cl\/rmsuroriente\/conoce-a-las-y-los-docentes-que-seran-parte-del-campamento-explora-va-2023\/","name":"Conoce a las y los docentes que ser\u00e1n parte del Campamento Explora VA! 2023 - RM Sur Oriente","isPartOf":{"@id":"https:\/\/dev.explora.cl\/rmsuroriente\/#website"},"primaryImageOfPage":{"@id":"https:\/\/dev.explora.cl\/rmsuroriente\/conoce-a-las-y-los-docentes-que-seran-parte-del-campamento-explora-va-2023\/#primaryimage"},"image":{"@id":"https:\/\/dev.explora.cl\/rmsuroriente\/conoce-a-las-y-los-docentes-que-seran-parte-del-campamento-explora-va-2023\/#primaryimage"},"thumbnailUrl":"https:\/\/dev.explora.cl\/rmsuroriente\/wp-content\/uploads\/sites\/12\/2022\/12\/Seleccionados-Explora-VA-2023-web-Explora-RMSO.png","datePublished":"2022-12-23T14:32:53+00:00","dateModified":"2022-12-23T15:45:24+00:00","description":"Entre el 4 y 10 de enero de 2023 se realizar\u00e1 el Campamento Explora Va!, el cu\u00e1l abordar\u00e1 la tem\u00e1tica \u201cTerritorio y Ciudad\u201d.","breadcrumb":{"@id":"https:\/\/dev.explora.cl\/rmsuroriente\/conoce-a-las-y-los-docentes-que-seran-parte-del-campamento-explora-va-2023\/#breadcrumb"},"inLanguage":"es-CL","potentialAction":[{"@type":"ReadAction","target":["https:\/\/dev.explora.cl\/rmsuroriente\/conoce-a-las-y-los-docentes-que-seran-parte-del-campamento-explora-va-2023\/"]}]},{"@type":"ImageObject","inLanguage":"es-CL","@id":"https:\/\/dev.explora.cl\/rmsuroriente\/conoce-a-las-y-los-docentes-que-seran-parte-del-campamento-explora-va-2023\/#primaryimage","url":"https:\/\/dev.explora.cl\/rmsuroriente\/wp-content\/uploads\/sites\/12\/2022\/12\/Seleccionados-Explora-VA-2023-web-Explora-RMSO.png","contentUrl":"https:\/\/dev.explora.cl\/rmsuroriente\/wp-content\/uploads\/sites\/12\/2022\/12\/Seleccionados-Explora-VA-2023-web-Explora-RMSO.png","width":725,"height":405},{"@type":"BreadcrumbList","@id":"https:\/\/dev.explora.cl\/rmsuroriente\/conoce-a-las-y-los-docentes-que-seran-parte-del-campamento-explora-va-2023\/#breadcrumb","itemListElement":[{"@type":"ListItem","position":1,"name":"Portada","item":"https:\/\/dev.explora.cl\/rmsuroriente\/"},{"@type":"ListItem","position":2,"name":"Conoce a las y los docentes que ser\u00e1n parte del Campamento Explora VA! 2023"}]},{"@type":"WebSite","@id":"https:\/\/dev.explora.cl\/rmsuroriente\/#website","url":"https:\/\/dev.explora.cl\/rmsuroriente\/","name":"RM Sur Oriente","description":"Otro sitio m\u00e1s de dev.explora.cl","publisher":{"@id":"https:\/\/dev.explora.cl\/rmsuroriente\/#organization"},"potentialAction":[{"@type":"SearchAction","target":{"@type":"EntryPoint","urlTemplate":"https:\/\/dev.explora.cl\/rmsuroriente\/?s={search_term_string}"},"query-input":{"@type":"PropertyValueSpecification","valueRequired":true,"valueName":"search_term_string"}}],"inLanguage":"es-CL"},{"@type":"Organization","@id":"https:\/\/dev.explora.cl\/rmsuroriente\/#organization","name":"RM Sur Oriente","url":"https:\/\/dev.explora.cl\/rmsuroriente\/","logo":{"@type":"ImageObject","inLanguage":"es-CL","@id":"https:\/\/dev.explora.cl\/rmsuroriente\/#\/schema\/logo\/image\/","url":"https:\/\/dev.explora.cl\/rmsuroriente\/wp-content\/uploads\/sites\/12\/2025\/04\/cropped-LogoPAR_RMSO-Azul-UC.png","contentUrl":"https:\/\/dev.explora.cl\/rmsuroriente\/wp-content\/uploads\/sites\/12\/2025\/04\/cropped-LogoPAR_RMSO-Azul-UC.png","width":411,"height":409,"caption":"RM Sur Oriente"},"image":{"@id":"https:\/\/dev.explora.cl\/rmsuroriente\/#\/schema\/logo\/image\/"}},{"@type":"Person","@id":"https:\/\/dev.explora.cl\/rmsuroriente\/#\/schema\/person\/164f0bfb03507b3d5dd75257d8e71697","name":"RMSO PUC","image":{"@type":"ImageObject","inLanguage":"es-CL","@id":"https:\/\/dev.explora.cl\/rmsuroriente\/#\/schema\/person\/image\/","url":"https:\/\/secure.gravatar.com\/avatar\/16f7131f033ed433ea432d3fc2b04af9756004afdb5a6b61c705d795f6425ea0?s=96&d=mm&r=g","contentUrl":"https:\/\/secure.gravatar.com\/avatar\/16f7131f033ed433ea432d3fc2b04af9756004afdb5a6b61c705d795f6425ea0?s=96&d=mm&r=g","caption":"RMSO PUC"},"url":"https:\/\/dev.explora.cl\/rmsuroriente\/author\/myanez\/"}]}},"_links":{"self":[{"href":"https:\/\/dev.explora.cl\/rmsuroriente\/wp-json\/wp\/v2\/posts\/41464","targetHints":{"allow":["GET"]}}],"collection":[{"href":"https:\/\/dev.explora.cl\/rmsuroriente\/wp-json\/wp\/v2\/posts"}],"about":[{"href":"https:\/\/dev.explora.cl\/rmsuroriente\/wp-json\/wp\/v2\/types\/post"}],"author":[{"embeddable":true,"href":"https:\/\/dev.explora.cl\/rmsuroriente\/wp-json\/wp\/v2\/users\/27"}],"replies":[{"embeddable":true,"href":"https:\/\/dev.explora.cl\/rmsuroriente\/wp-json\/wp\/v2\/comments?post=41464"}],"version-history":[{"count":6,"href":"https:\/\/dev.explora.cl\/rmsuroriente\/wp-json\/wp\/v2\/posts\/41464\/revisions"}],"predecessor-version":[{"id":41476,"href":"https:\/\/dev.explora.cl\/rmsuroriente\/wp-json\/wp\/v2\/posts\/41464\/revisions\/41476"}],"wp:featuredmedia":[{"embeddable":true,"href":"https:\/\/dev.explora.cl\/rmsuroriente\/wp-json\/wp\/v2\/media\/41467"}],"wp:attachment":[{"href":"https:\/\/dev.explora.cl\/rmsuroriente\/wp-json\/wp\/v2\/media?parent=41464"}],"wp:term":[{"taxonomy":"category","embeddable":true,"href":"https:\/\/dev.explora.cl\/rmsuroriente\/wp-json\/wp\/v2\/categories?post=41464"},{"taxonomy":"post_tag","embeddable":true,"href":"https:\/\/dev.explora.cl\/rmsuroriente\/wp-json\/wp\/v2\/tags?post=41464"}],"curies":[{"name":"wp","href":"https:\/\/api.w.org\/{rel}","templated":true}]}}