{"id":41153,"date":"2022-11-08T16:16:02","date_gmt":"2022-11-08T19:16:02","guid":{"rendered":"https:\/\/dev.explora.cl\/rmsuroriente\/?p=41153"},"modified":"2022-12-21T10:55:12","modified_gmt":"2022-12-21T13:55:12","slug":"con-actividades-presenciales-y-una-emotiva-ceremonia-culmino-el-congreso-regional-explora-rm-sur-oriente-2022","status":"publish","type":"post","link":"https:\/\/dev.explora.cl\/rmsuroriente\/con-actividades-presenciales-y-una-emotiva-ceremonia-culmino-el-congreso-regional-explora-rm-sur-oriente-2022\/","title":{"rendered":"Con actividades presenciales y una emotiva ceremonia, culmin\u00f3 el Congreso Regional Explora RM Sur Oriente 2022"},"content":{"rendered":"<p>[vc_row][vc_column][vc_column_text]<b>El 4 y 5 de noviembre, 28 equipos de investigaci\u00f3n se presentaron en el XVI Congreso Regional Explora de Investigaci\u00f3n e Innovaci\u00f3n Escolar. En la ceremonia final, realizada en la Facultad de Ciencias Sociales de la Universidad de Chile, se reconoci\u00f3 a los proyectos m\u00e1s destacados y se seleccionaron a los 4 equipos que representar\u00e1n a la zona sur oriente de la Regi\u00f3n Metropolitana en el Congreso Nacional Explora, que se realizar\u00e1 entre los meses de diciembre y enero de 2023. <a href=\"https:\/\/dev.explora.cl\/rmsuroriente\/wp-content\/uploads\/sites\/12\/2022\/11\/Libro-de-res\u00famenes_CRERMSO-2022.pdf\" target=\"_blank\" rel=\"noopener noreferrer\">Revisa el libro resumen aqu\u00ed<\/a>.<\/b><\/p>\n<p><span style=\"font-weight: 400\">La Facultad de Ciencias Sociales de la Universidad de Chile fue la sede de la versi\u00f3n 2022 del Congreso Regional Explora de Investigaci\u00f3n e Innovaci\u00f3n Escolar organizado por el Proyecto Explora Regi\u00f3n Metropolitana Sur Oriente. Y 28 fueron los proyectos que participaron de manera presencial en las distintas actividades que fueron parte de este evento que promueve la socializaci\u00f3n y comunicaci\u00f3n de investigaciones realizadas en contexto escolar.<\/span><\/p>\n<p><span style=\"font-weight: 400\">Durante la primera jornada, las y los estudiantes presentaron frente al Comit\u00e9 Cient\u00edfico Evaluador sus investigaciones, desarrolladas a lo largo del a\u00f1o en colaboraci\u00f3n con docentes, asesoras y asesores cient\u00edficos. Adem\u00e1s, utilizando la metodolog\u00eda del \u201cCaf\u00e9 del Mundo\u201d, las y los participantes conocieron otros proyectos de investigaci\u00f3n y conversaron con otros estudiantes de la Regi\u00f3n Metropolitana Sur Oriente, generando un espacio de discusi\u00f3n, reflexi\u00f3n y de nuevas propuestas a las tem\u00e1ticas expuestas en cada uno de sus proyectos.<\/span>[\/vc_column_text][\/vc_column][\/vc_row][vc_row][vc_column width=&#8221;1\/2&#8243;][vc_column_text]<span style=\"font-weight: 400\">Al respecto, la Jefa de la Divisi\u00f3n Ciencia y Sociedad del Ministerio de Ciencia, Tecnolog\u00eda, Conocimiento e Innovaci\u00f3n, Sonia P\u00e9rez Tello, se\u00f1al\u00f3: \u201cLo que vi es algo que me gustar\u00eda que todas las escuelas p\u00fablicas y privadas tuvieran en su pr\u00e1ctica cotidiana: el inter\u00e9s por conocer y trabajar en colaboraci\u00f3n, hacerse preguntas importantes y transdisciplinares, que incluso no se ven en la academia, y que ellos encuentran f\u00e1cilmente, porque quieren responder qu\u00e9 cosas ocurren en su entorno, cosas que a todos nos afectan. Eso demuestra una claridad para ver cu\u00e1l es el valor y el bien com\u00fan de la ciencia, que es justamente lo que queremos que ocurra, que la ciencia se convierta en un bien com\u00fan\u201d.<\/span>[\/vc_column_text][\/vc_column][vc_column width=&#8221;1\/2&#8243;][vc_single_image image=&#8221;41227&#8243; img_size=&#8221;400&#215;400&#8243;][\/vc_column][\/vc_row][vc_row][vc_column][vc_column_text]<span style=\"font-weight: 400\">En la misma l\u00ednea, una de las integrantes del Comit\u00e9 Cient\u00edfico Evaluador, la astr\u00f3noma Victoria P\u00e9rez Gonz\u00e1lez, destac\u00f3 que \u201ceste momento marca el cierre de un proceso de investigaci\u00f3n s\u00faper largo que los estudiantes han estado haciendo\u201d. A su vez, puso \u00e9nfasis al \u201cambiente de emoci\u00f3n y reencuentro, ya que este congreso se ha hecho <\/span><i><span style=\"font-weight: 400\">online <\/span><\/i><span style=\"font-weight: 400\">los \u00faltimos a\u00f1os, entonces me parece muy valorable esta vuelta a la presencialidad\u201d.<\/span><\/p>\n<p><span style=\"font-weight: 400\">En la jornada final, las y los estudiantes participaron de conversaciones con cient\u00edficas, a trav\u00e9s de las cuales pudieron conocer de cerca el rol de las ciencias en el desarrollo del pa\u00eds y las barreras que han superado las mujeres para posicionarse en el mundo de la ciencia. En paralelo, las y los docentes participaron de un taller en el que pudieron reflexionar y compartir experiencias, en base a su rol como facilitadores del proceso investigativo de ni\u00f1os, ni\u00f1as y adolescentes.<\/span><\/p>\n<p><span style=\"font-weight: 400\">La jornada finaliz\u00f3 con una Ceremonia de Cierre en el Auditorio Julieta Kirkwood, de la cual participaron las y los estudiantes, docentes, directivos y familias de cada participante del evento.<\/span><\/p>\n<h2>Camino al Congreso Nacional Explora<\/h2>\n<p>[\/vc_column_text][\/vc_column][\/vc_row][vc_row][vc_column width=&#8221;1\/2&#8243;][vc_gallery interval=&#8221;3&#8243; images=&#8221;41267,41283,41272,41273,41288,41277,41275,41271,41270,41269,41268,41262,41253,41245,41244,41243&#8243; img_size=&#8221;300&#215;300&#8243;][\/vc_column][vc_column width=&#8221;1\/2&#8243;][vc_column_text]<span style=\"font-weight: 400\">De los 28 proyectos participantes, solo 4 fueron elegidos para representar a la zona Sur Oriente de la Regi\u00f3n Metropolitana en el Congreso Nacional Explora de Investigaci\u00f3n e Innovaci\u00f3n Escolar que se realizar\u00e1 de manera h\u00edbrida entre los meses de diciembre y enero de 2023.<\/span><\/p>\n<p><span style=\"font-weight: 400\">Sin embargo, el Proyecto Explora RM Sur Oriente quiso reconocer y destacar no solo a estos 4 equipos, sino que tambi\u00e9n a aquellos proyectos e investigaciones que, por puntaje, obtuvieron el segundo y tercer lugar en cada una de las categor\u00edas.<\/span>[\/vc_column_text][\/vc_column][\/vc_row][vc_row][vc_column][vc_column_text]<span style=\"font-weight: 400\">A continuaci\u00f3n, se presentan los proyectos destacados por categor\u00eda.<\/span><\/p>\n<h3><strong>Categor\u00eda Investigaci\u00f3n Ense\u00f1anza B\u00e1sica:<\/strong><\/h3>\n<p><b>1er Lugar (Clasifica al Congreso Nacional Explora):<\/b><span style=\"font-weight: 400\"> Proyecto \u201cAlteraciones en la percepci\u00f3n de la salud visual de estudiantes del Liceo Bicentenario Monse\u00f1or Luis Arturo P\u00e9rez post-confinamiento\u201d del <\/span><b>Liceo Bicentenario Monse\u00f1or Luis Arturo P\u00e9rez<\/b><span style=\"font-weight: 400\">.<\/span><\/p>\n<p><b>2do Lugar:<\/b><span style=\"font-weight: 400\"> Proyecto Autismo e inclusi\u00f3n en nuestro establecimiento (<b>Complejo Educacional Municipal Cardenal Antonio Samor\u00e9<\/b>).<\/span><\/p>\n<p><b>3er Lugar: <span style=\"font-weight: 400\">Proyecto \u201cPlan estrat\u00e9gico sustentable de protecci\u00f3n del <\/span><i><span style=\"font-weight: 400\">Spheniscus humboldti<\/span><\/i><span style=\"font-weight: 400\"> contra las amenazas antropog\u00e9nicas y naturales que enfrenta el archipi\u00e9lago de Humboldt de la regi\u00f3n de Coquimbo\u201d del <\/span>Colegio D-200 Villa Macul<span style=\"font-weight: 400\">.<\/span><\/b><\/p>\n<h3><strong>Categor\u00eda Investigaci\u00f3n Ense\u00f1anza Media:<\/strong><\/h3>\n<p><b>1er Lugar (Clasifica al Congreso Nacional Explora):<\/b><span style=\"font-weight: 400\"> Proyecto \u201cImpacto en el aprendizaje y el desarrollo de habilidades socioemocionales en estudiantes de III\u00b0 medio \u2018C\u2019 del colegio San Jos\u00e9 de la Familia, La Pintana, producto de la pandemia por SARS-COV2\u201d del <\/span><b>Colegio San Jos\u00e9 de la Familia<\/b><span style=\"font-weight: 400\">.<\/span><\/p>\n<p><b>2do Lugar:<\/b><span style=\"font-weight: 400\"> Proyecto \u201cEl impacto del uso de RRSS en la habilidad socioemocional\u201d del <\/span><b>Liceo Bicentenario Monse\u00f1or Luis Arturo P\u00e9rez<\/b><span style=\"font-weight: 400\">.<\/span><\/p>\n<p><b>3er Lugar:<\/b><span style=\"font-weight: 400\"> Proyecto \u201cEcosistema de microorganismos en las mascarillas\u201d del <\/span><b>Colegio Alberto Blest Gana<\/b><span style=\"font-weight: 400\">.<\/span><\/p>\n<h3><strong>Categor\u00eda Innovaci\u00f3n Ense\u00f1anza B\u00e1sica:<\/strong><\/h3>\n<p><b>1er Lugar (Clasifica al Congreso Nacional Explora):<\/b><span style=\"font-weight: 400\"> Proyecto Un tratamiento de salmuera residual &#8211; Desaladoras para colegios y casas del <\/span><b>Colegio Philippe Cousteau<\/b><span style=\"font-weight: 400\">.<\/span><\/p>\n<h3><strong>Categor\u00eda Innovaci\u00f3n Ense\u00f1anza Media:<\/strong><\/h3>\n<p><b>1er Lugar (Clasifica al Congreso Nacional Explora):<\/b><span style=\"font-weight: 400\"> Proyecto Reciclaje de poli\u00e9ster de prendas de vestir en sustrato para cultivo de hortalizas de la <\/span><b>Centro Educacional Santa Rosa<\/b><span style=\"font-weight: 400\">.<\/span><\/p>\n<p><b>2do Lugar:<\/b><span style=\"font-weight: 400\"> Proyecto \u201cObtenci\u00f3n de agua desde el aire como una medida de enfrentar la escasez h\u00eddrica, utilizada en el riego de plantas ornamentales\u201d del <\/span><b>Colegio El Bosque Provincia Cordillera<\/b><span style=\"font-weight: 400\">.<\/span><\/p>\n<p><b>3er Lugar:<\/b><span style=\"font-weight: 400\"> Proyecto \u201cAn\u00e1lisis del efecto del uso de aplicaciones para mejorar el control del movimiento de personas, en torno a la seguridad escolar, dentro de establecimientos educacionales (Proyecto Inugami)\u201d del <\/span><b>Liceo Antonio Hermida Fabres<\/b><span style=\"font-weight: 400\">.<\/span><\/p>\n<p><span style=\"font-weight: 400\">Uno de los expositores ganadores en esta \u00faltima categor\u00eda, el estudiante del Centro Educacional Santa Rosa, Alejandro Rebolledo Messa, destac\u00f3 la experiencia y la posibilidad de participar de esta actividad la cual le permiti\u00f3 \u201creflexionar, solucionar problemas y ayudar a los dem\u00e1s. Nuestro proyecto surgi\u00f3 con unos cuantos compa\u00f1eros, confianza y una visi\u00f3n, y con eso logramos algo bastante importante: la demostraci\u00f3n de que con el poli\u00e9ster se puede crear vida\u201d.\u00a0<\/span><\/p>\n<p><span style=\"font-weight: 400\">Por su parte, uno de los profesores participantes, Ricardo Parada, del Liceo Bicentenario Monse\u00f1or Luis Arturo P\u00e9rez, puso \u00e9nfasis en \u201cla buena acogida de docentes y estudiantes. Se ha demostrado el trabajo que han hecho durante mucho tiempo. Han sido buenos trabajos, muy bien ejecutados, se ve tambi\u00e9n el acompa\u00f1amiento que han hecho por parte de Explora con ellos\u201d.\u00a0<\/span><\/p>\n<h2>Otras distinciones<\/h2>\n<p><span style=\"font-weight: 400\">Junto al reconocimiento entregado por Categor\u00edas, el Proyecto Explora Regi\u00f3n Metropolitana Sur Oriente destac\u00f3, junto al Eje Participaci\u00f3n y Liderazgo Femenino del Consorcio Science Up de la Universidad de Santiago de Chile, a un equipo que incorpor\u00f3 el componente de g\u00e9nero entre sus integrantes, al cual se le otorg\u00f3 el Premio al Liderazgo Femenino. Es as\u00ed como se destac\u00f3 el trabajo realizado por el proyecto<\/span> <span style=\"font-weight: 400\">\u201cUn tratamiento de salmuera residual &#8211; Desaladoras para colegios y casas\u201d, del <\/span><b>Colegio Philippe Cousteau<\/b><\/p>\n<p><span style=\"font-weight: 400\">As\u00ed tambi\u00e9n, se promovi\u00f3 la socializaci\u00f3n de los proyectos e investigaciones a trav\u00e9s de las redes sociales del PAR para lo cual se cre\u00f3 el concurso \u201cDifunde tu investigaci\u00f3n\u201d el cual premi\u00f3 las siguientes categor\u00edas:<\/span><\/p>\n<p><span style=\"font-weight: 400\">Categor\u00eda Redes Sociales: Proyecto \u201cSCOBY\u201d del <\/span><b>Colegio Alberto Blest Gana.<\/b><\/p>\n<p><span style=\"font-weight: 400\">Categor\u00eda Creatividad: Proyecto \u201cEcosistema de microorganismos en las mascarillas\u201d del <\/span><b>Colegio Alberto Blest Gana.<\/b><\/p>\n<p><span style=\"font-weight: 400\">Categor\u00eda Mejor Contenido: Proyecto \u201cEl sodio y su posible uso en la fabricaci\u00f3n de bater\u00edas amigables con el medio ambiente\u201d del <\/span><b>Complejo Educacional Municipal Cardenal Antonio Samor\u00e9.<\/b><\/p>\n<p><span style=\"font-weight: 400\">Felicitamos a todos los equipos de estudiantes y docentes que fueron parte de este importante evento de divulgaci\u00f3n cient\u00edfica escolar y a todos los que han sido destacados en cada una de las categor\u00edas. As\u00ed tambi\u00e9n agradecemos a las y los cient\u00edficos que participaron como asesores\/as y evaluadores\/as de este Congreso, cuyo apoyo fue fundamental para potenciar en las y los estudiantes habilidades y competencias cient\u00edficas que les ayudar\u00e1n en su desarrollo acad\u00e9mico y profesional.<\/span>[\/vc_column_text][\/vc_column][\/vc_row][vc_row][vc_column][vc_gallery interval=&#8221;3&#8243; images=&#8221;41157,41163,41165,41166,41168,41169,41160,41170,41174,41175,41178,41179,41180,41182,41184,41185,41187,41188,41190,41202,41203,41196,41192,41191,41193,41194,41198&#8243; img_size=&#8221;600&#215;450&#8243; title=&#8221;D\u00eda 1&#8243;][\/vc_column][\/vc_row][vc_row][vc_column][vc_gallery interval=&#8221;3&#8243; images=&#8221;41218,41217,41216,41215,41214,41213,41212,41211,41210,41209,41208,41207&#8243; img_size=&#8221;600&#215;450&#8243; title=&#8221;D\u00eda 2 Conversando con cient\u00edficas&#8221;][\/vc_column][\/vc_row][vc_row][vc_column][vc_gallery interval=&#8221;3&#8243; images=&#8221;41233,41234,41235,41236,41237,41238,41239,41240,41241,41242,41243,41244,41245,41246,41247,41248,41249,41250,41251,41252,41253,41254,41255,41256,41257,41258,41259,41260,41261,41262,41263,41264,41265,41266,41267,41268,41269,41270,41271,41272,41273,41274,41275,41276,41277&#8243; img_size=&#8221;600&#215;450&#8243; title=&#8221;D\u00eda 2 Ceremonia 1&#8243;][\/vc_column][\/vc_row][vc_row][vc_column][vc_gallery interval=&#8221;3&#8243; images=&#8221;41278,41279,41280,41281,41282,41283,41284,41285,41286,41287,41288,41289,41290,41291,41292,41293,41294,41295,41296,41297,41298,41299,41300,41301,41302,41303,41304,41305,41306,41307,41308,41309,41310,41311,41312,41313&#8243; img_size=&#8221;600&#215;450&#8243; title=&#8221;D\u00eda 2 Ceremonia 2&#8243;][\/vc_column][\/vc_row][vc_row][vc_column][vc_video link=&#8221;https:\/\/www.youtube.com\/watch?v=4M8wSqABIMc&amp;t=31s&amp;ab_channel=ExploraRMSurOriente&#8221; title=&#8221;Video Resumen&#8221;][\/vc_column][\/vc_row][vc_row][vc_column][vc_single_image image=&#8221;41462&#8243; img_size=&#8221;500&#215;500&#8243; style=&#8221;vc_box_border&#8221; onclick=&#8221;custom_link&#8221; link=&#8221;https:\/\/dev.explora.cl\/rmsuroriente\/wp-content\/uploads\/sites\/12\/2022\/11\/Libro-de-res\u00famenes_CRERMSO-2022.pdf&#8221;][\/vc_column][\/vc_row]<\/p>\n","protected":false},"excerpt":{"rendered":"<p>El 4 y 5 de noviembre, 28 equipos de investigaci\u00f3n se presentaron en el XVI Congreso Regional Explora de Investigaci\u00f3n e Innovaci\u00f3n Escolar. En la ceremonia final, realizada en la Facultad de Ciencias Sociales de la Universidad de Chile, se reconoci\u00f3 a los proyectos m\u00e1s destacados y se seleccionaron a los 4 equipos que representar\u00e1n a la zona sur oriente de la Regi\u00f3n Metropolitana en el Congreso Nacional Explora que se realizar\u00e1 entre los meses de diciembre y enero de 2023.<\/p>\n","protected":false},"author":27,"featured_media":41154,"comment_status":"open","ping_status":"open","sticky":false,"template":"","format":"standard","meta":{"_acf_changed":false,"_exactmetrics_skip_tracking":false,"_exactmetrics_sitenote_active":false,"_exactmetrics_sitenote_note":"","_exactmetrics_sitenote_category":0,"footnotes":"","_links_to":"","_links_to_target":""},"categories":[127,142,4,116,121],"tags":[],"class_list":["post-41153","post","type-post","status-publish","format-standard","has-post-thumbnail","hentry","category-iniciativas_publ_grl","category-lugar-7","category-noticias","category-para-comunidad-escolar","category-para-divulgadores"],"acf":[],"yoast_head":"<!-- This site is optimized with the Yoast SEO plugin v26.7 - https:\/\/yoast.com\/wordpress\/plugins\/seo\/ -->\n<title>Con actividades presenciales y una emotiva ceremonia, culmin\u00f3 el Congreso Regional Explora RM Sur Oriente 2022<\/title>\n<meta name=\"description\" content=\"El 4 y 5 de noviembre, 28 equipos de investigaci\u00f3n se presentaron en el XVI Congreso Regional Explora de Investigaci\u00f3n e Innovaci\u00f3n Escolar.\" class=\"yoast-seo-meta-tag\" \/>\n<meta name=\"robots\" content=\"index, follow, max-snippet:-1, max-image-preview:large, max-video-preview:-1\" \/>\n<link rel=\"canonical\" href=\"https:\/\/dev.explora.cl\/rmsuroriente\/con-actividades-presenciales-y-una-emotiva-ceremonia-culmino-el-congreso-regional-explora-rm-sur-oriente-2022\/\" class=\"yoast-seo-meta-tag\" \/>\n<meta property=\"og:locale\" content=\"es_ES\" class=\"yoast-seo-meta-tag\" \/>\n<meta property=\"og:type\" content=\"article\" class=\"yoast-seo-meta-tag\" \/>\n<meta property=\"og:title\" content=\"Con actividades presenciales y una emotiva ceremonia, culmin\u00f3 el Congreso Regional Explora RM Sur Oriente 2022\" class=\"yoast-seo-meta-tag\" \/>\n<meta property=\"og:description\" content=\"El 4 y 5 de noviembre, 28 equipos de investigaci\u00f3n se presentaron en el XVI Congreso Regional Explora de Investigaci\u00f3n e Innovaci\u00f3n Escolar.\" class=\"yoast-seo-meta-tag\" \/>\n<meta property=\"og:url\" content=\"https:\/\/dev.explora.cl\/rmsuroriente\/con-actividades-presenciales-y-una-emotiva-ceremonia-culmino-el-congreso-regional-explora-rm-sur-oriente-2022\/\" class=\"yoast-seo-meta-tag\" \/>\n<meta property=\"og:site_name\" content=\"RM Sur Oriente\" class=\"yoast-seo-meta-tag\" \/>\n<meta property=\"article:published_time\" content=\"2022-11-08T19:16:02+00:00\" class=\"yoast-seo-meta-tag\" \/>\n<meta property=\"article:modified_time\" content=\"2022-12-21T13:55:12+00:00\" class=\"yoast-seo-meta-tag\" \/>\n<meta property=\"og:image\" content=\"https:\/\/dev.explora.cl\/rmsuroriente\/wp-content\/uploads\/sites\/12\/2022\/11\/Congreso-1-26.jpg\" class=\"yoast-seo-meta-tag\" \/>\n\t<meta property=\"og:image:width\" content=\"2048\" class=\"yoast-seo-meta-tag\" \/>\n\t<meta property=\"og:image:height\" content=\"1365\" class=\"yoast-seo-meta-tag\" \/>\n\t<meta property=\"og:image:type\" content=\"image\/jpeg\" class=\"yoast-seo-meta-tag\" \/>\n<meta name=\"author\" content=\"RMSO PUC\" class=\"yoast-seo-meta-tag\" \/>\n<meta name=\"twitter:card\" content=\"summary_large_image\" class=\"yoast-seo-meta-tag\" \/>\n<meta name=\"twitter:label1\" content=\"Escrito por\" class=\"yoast-seo-meta-tag\" \/>\n\t<meta name=\"twitter:data1\" content=\"RMSO PUC\" class=\"yoast-seo-meta-tag\" \/>\n\t<meta name=\"twitter:label2\" content=\"Tiempo estimado de lectura\" class=\"yoast-seo-meta-tag\" \/>\n\t<meta name=\"twitter:data2\" content=\"8 minutos\" class=\"yoast-seo-meta-tag\" \/>\n<script type=\"application\/ld+json\" class=\"yoast-schema-graph\">{\"@context\":\"https:\/\/schema.org\",\"@graph\":[{\"@type\":\"Article\",\"@id\":\"https:\/\/dev.explora.cl\/rmsuroriente\/con-actividades-presenciales-y-una-emotiva-ceremonia-culmino-el-congreso-regional-explora-rm-sur-oriente-2022\/#article\",\"isPartOf\":{\"@id\":\"https:\/\/dev.explora.cl\/rmsuroriente\/con-actividades-presenciales-y-una-emotiva-ceremonia-culmino-el-congreso-regional-explora-rm-sur-oriente-2022\/\"},\"author\":{\"name\":\"RMSO PUC\",\"@id\":\"https:\/\/dev.explora.cl\/rmsuroriente\/#\/schema\/person\/164f0bfb03507b3d5dd75257d8e71697\"},\"headline\":\"Con actividades presenciales y una emotiva ceremonia, culmin\u00f3 el Congreso Regional Explora RM Sur Oriente 2022\",\"datePublished\":\"2022-11-08T19:16:02+00:00\",\"dateModified\":\"2022-12-21T13:55:12+00:00\",\"mainEntityOfPage\":{\"@id\":\"https:\/\/dev.explora.cl\/rmsuroriente\/con-actividades-presenciales-y-una-emotiva-ceremonia-culmino-el-congreso-regional-explora-rm-sur-oriente-2022\/\"},\"wordCount\":1659,\"commentCount\":0,\"publisher\":{\"@id\":\"https:\/\/dev.explora.cl\/rmsuroriente\/#organization\"},\"image\":{\"@id\":\"https:\/\/dev.explora.cl\/rmsuroriente\/con-actividades-presenciales-y-una-emotiva-ceremonia-culmino-el-congreso-regional-explora-rm-sur-oriente-2022\/#primaryimage\"},\"thumbnailUrl\":\"https:\/\/dev.explora.cl\/rmsuroriente\/wp-content\/uploads\/sites\/12\/2022\/11\/Congreso-1-26.jpg\",\"articleSection\":[\"Iniciativas\",\"Lugar 7\",\"Noticias\",\"Para Comunidad Escolar\",\"Para Divulgadores\"],\"inLanguage\":\"es-CL\",\"potentialAction\":[{\"@type\":\"CommentAction\",\"name\":\"Comment\",\"target\":[\"https:\/\/dev.explora.cl\/rmsuroriente\/con-actividades-presenciales-y-una-emotiva-ceremonia-culmino-el-congreso-regional-explora-rm-sur-oriente-2022\/#respond\"]}]},{\"@type\":\"WebPage\",\"@id\":\"https:\/\/dev.explora.cl\/rmsuroriente\/con-actividades-presenciales-y-una-emotiva-ceremonia-culmino-el-congreso-regional-explora-rm-sur-oriente-2022\/\",\"url\":\"https:\/\/dev.explora.cl\/rmsuroriente\/con-actividades-presenciales-y-una-emotiva-ceremonia-culmino-el-congreso-regional-explora-rm-sur-oriente-2022\/\",\"name\":\"Con actividades presenciales y una emotiva ceremonia, culmin\u00f3 el Congreso Regional Explora RM Sur Oriente 2022\",\"isPartOf\":{\"@id\":\"https:\/\/dev.explora.cl\/rmsuroriente\/#website\"},\"primaryImageOfPage\":{\"@id\":\"https:\/\/dev.explora.cl\/rmsuroriente\/con-actividades-presenciales-y-una-emotiva-ceremonia-culmino-el-congreso-regional-explora-rm-sur-oriente-2022\/#primaryimage\"},\"image\":{\"@id\":\"https:\/\/dev.explora.cl\/rmsuroriente\/con-actividades-presenciales-y-una-emotiva-ceremonia-culmino-el-congreso-regional-explora-rm-sur-oriente-2022\/#primaryimage\"},\"thumbnailUrl\":\"https:\/\/dev.explora.cl\/rmsuroriente\/wp-content\/uploads\/sites\/12\/2022\/11\/Congreso-1-26.jpg\",\"datePublished\":\"2022-11-08T19:16:02+00:00\",\"dateModified\":\"2022-12-21T13:55:12+00:00\",\"description\":\"El 4 y 5 de noviembre, 28 equipos de investigaci\u00f3n se presentaron en el XVI Congreso Regional Explora de Investigaci\u00f3n e Innovaci\u00f3n Escolar.\",\"breadcrumb\":{\"@id\":\"https:\/\/dev.explora.cl\/rmsuroriente\/con-actividades-presenciales-y-una-emotiva-ceremonia-culmino-el-congreso-regional-explora-rm-sur-oriente-2022\/#breadcrumb\"},\"inLanguage\":\"es-CL\",\"potentialAction\":[{\"@type\":\"ReadAction\",\"target\":[\"https:\/\/dev.explora.cl\/rmsuroriente\/con-actividades-presenciales-y-una-emotiva-ceremonia-culmino-el-congreso-regional-explora-rm-sur-oriente-2022\/\"]}]},{\"@type\":\"ImageObject\",\"inLanguage\":\"es-CL\",\"@id\":\"https:\/\/dev.explora.cl\/rmsuroriente\/con-actividades-presenciales-y-una-emotiva-ceremonia-culmino-el-congreso-regional-explora-rm-sur-oriente-2022\/#primaryimage\",\"url\":\"https:\/\/dev.explora.cl\/rmsuroriente\/wp-content\/uploads\/sites\/12\/2022\/11\/Congreso-1-26.jpg\",\"contentUrl\":\"https:\/\/dev.explora.cl\/rmsuroriente\/wp-content\/uploads\/sites\/12\/2022\/11\/Congreso-1-26.jpg\",\"width\":2048,\"height\":1365},{\"@type\":\"BreadcrumbList\",\"@id\":\"https:\/\/dev.explora.cl\/rmsuroriente\/con-actividades-presenciales-y-una-emotiva-ceremonia-culmino-el-congreso-regional-explora-rm-sur-oriente-2022\/#breadcrumb\",\"itemListElement\":[{\"@type\":\"ListItem\",\"position\":1,\"name\":\"Portada\",\"item\":\"https:\/\/dev.explora.cl\/rmsuroriente\/\"},{\"@type\":\"ListItem\",\"position\":2,\"name\":\"Con actividades presenciales y una emotiva ceremonia, culmin\u00f3 el Congreso Regional Explora RM Sur Oriente 2022\"}]},{\"@type\":\"WebSite\",\"@id\":\"https:\/\/dev.explora.cl\/rmsuroriente\/#website\",\"url\":\"https:\/\/dev.explora.cl\/rmsuroriente\/\",\"name\":\"RM Sur Oriente\",\"description\":\"Otro sitio m\u00e1s de dev.explora.cl\",\"publisher\":{\"@id\":\"https:\/\/dev.explora.cl\/rmsuroriente\/#organization\"},\"potentialAction\":[{\"@type\":\"SearchAction\",\"target\":{\"@type\":\"EntryPoint\",\"urlTemplate\":\"https:\/\/dev.explora.cl\/rmsuroriente\/?s={search_term_string}\"},\"query-input\":{\"@type\":\"PropertyValueSpecification\",\"valueRequired\":true,\"valueName\":\"search_term_string\"}}],\"inLanguage\":\"es-CL\"},{\"@type\":\"Organization\",\"@id\":\"https:\/\/dev.explora.cl\/rmsuroriente\/#organization\",\"name\":\"RM Sur Oriente\",\"url\":\"https:\/\/dev.explora.cl\/rmsuroriente\/\",\"logo\":{\"@type\":\"ImageObject\",\"inLanguage\":\"es-CL\",\"@id\":\"https:\/\/dev.explora.cl\/rmsuroriente\/#\/schema\/logo\/image\/\",\"url\":\"https:\/\/dev.explora.cl\/rmsuroriente\/wp-content\/uploads\/sites\/12\/2025\/04\/cropped-LogoPAR_RMSO-Azul-UC.png\",\"contentUrl\":\"https:\/\/dev.explora.cl\/rmsuroriente\/wp-content\/uploads\/sites\/12\/2025\/04\/cropped-LogoPAR_RMSO-Azul-UC.png\",\"width\":411,\"height\":409,\"caption\":\"RM Sur Oriente\"},\"image\":{\"@id\":\"https:\/\/dev.explora.cl\/rmsuroriente\/#\/schema\/logo\/image\/\"}},{\"@type\":\"Person\",\"@id\":\"https:\/\/dev.explora.cl\/rmsuroriente\/#\/schema\/person\/164f0bfb03507b3d5dd75257d8e71697\",\"name\":\"RMSO PUC\",\"image\":{\"@type\":\"ImageObject\",\"inLanguage\":\"es-CL\",\"@id\":\"https:\/\/dev.explora.cl\/rmsuroriente\/#\/schema\/person\/image\/\",\"url\":\"https:\/\/secure.gravatar.com\/avatar\/16f7131f033ed433ea432d3fc2b04af9756004afdb5a6b61c705d795f6425ea0?s=96&d=mm&r=g\",\"contentUrl\":\"https:\/\/secure.gravatar.com\/avatar\/16f7131f033ed433ea432d3fc2b04af9756004afdb5a6b61c705d795f6425ea0?s=96&d=mm&r=g\",\"caption\":\"RMSO PUC\"},\"url\":\"https:\/\/dev.explora.cl\/rmsuroriente\/author\/myanez\/\"}]}<\/script>\n<!-- \/ Yoast SEO plugin. -->","yoast_head_json":{"title":"Con actividades presenciales y una emotiva ceremonia, culmin\u00f3 el Congreso Regional Explora RM Sur Oriente 2022","description":"El 4 y 5 de noviembre, 28 equipos de investigaci\u00f3n se presentaron en el XVI Congreso Regional Explora de Investigaci\u00f3n e Innovaci\u00f3n Escolar.","robots":{"index":"index","follow":"follow","max-snippet":"max-snippet:-1","max-image-preview":"max-image-preview:large","max-video-preview":"max-video-preview:-1"},"canonical":"https:\/\/dev.explora.cl\/rmsuroriente\/con-actividades-presenciales-y-una-emotiva-ceremonia-culmino-el-congreso-regional-explora-rm-sur-oriente-2022\/","og_locale":"es_ES","og_type":"article","og_title":"Con actividades presenciales y una emotiva ceremonia, culmin\u00f3 el Congreso Regional Explora RM Sur Oriente 2022","og_description":"El 4 y 5 de noviembre, 28 equipos de investigaci\u00f3n se presentaron en el XVI Congreso Regional Explora de Investigaci\u00f3n e Innovaci\u00f3n Escolar.","og_url":"https:\/\/dev.explora.cl\/rmsuroriente\/con-actividades-presenciales-y-una-emotiva-ceremonia-culmino-el-congreso-regional-explora-rm-sur-oriente-2022\/","og_site_name":"RM Sur Oriente","article_published_time":"2022-11-08T19:16:02+00:00","article_modified_time":"2022-12-21T13:55:12+00:00","og_image":[{"width":2048,"height":1365,"url":"https:\/\/dev.explora.cl\/rmsuroriente\/wp-content\/uploads\/sites\/12\/2022\/11\/Congreso-1-26.jpg","type":"image\/jpeg"}],"author":"RMSO PUC","twitter_card":"summary_large_image","twitter_misc":{"Escrito por":"RMSO PUC","Tiempo estimado de lectura":"8 minutos"},"schema":{"@context":"https:\/\/schema.org","@graph":[{"@type":"Article","@id":"https:\/\/dev.explora.cl\/rmsuroriente\/con-actividades-presenciales-y-una-emotiva-ceremonia-culmino-el-congreso-regional-explora-rm-sur-oriente-2022\/#article","isPartOf":{"@id":"https:\/\/dev.explora.cl\/rmsuroriente\/con-actividades-presenciales-y-una-emotiva-ceremonia-culmino-el-congreso-regional-explora-rm-sur-oriente-2022\/"},"author":{"name":"RMSO PUC","@id":"https:\/\/dev.explora.cl\/rmsuroriente\/#\/schema\/person\/164f0bfb03507b3d5dd75257d8e71697"},"headline":"Con actividades presenciales y una emotiva ceremonia, culmin\u00f3 el Congreso Regional Explora RM Sur Oriente 2022","datePublished":"2022-11-08T19:16:02+00:00","dateModified":"2022-12-21T13:55:12+00:00","mainEntityOfPage":{"@id":"https:\/\/dev.explora.cl\/rmsuroriente\/con-actividades-presenciales-y-una-emotiva-ceremonia-culmino-el-congreso-regional-explora-rm-sur-oriente-2022\/"},"wordCount":1659,"commentCount":0,"publisher":{"@id":"https:\/\/dev.explora.cl\/rmsuroriente\/#organization"},"image":{"@id":"https:\/\/dev.explora.cl\/rmsuroriente\/con-actividades-presenciales-y-una-emotiva-ceremonia-culmino-el-congreso-regional-explora-rm-sur-oriente-2022\/#primaryimage"},"thumbnailUrl":"https:\/\/dev.explora.cl\/rmsuroriente\/wp-content\/uploads\/sites\/12\/2022\/11\/Congreso-1-26.jpg","articleSection":["Iniciativas","Lugar 7","Noticias","Para Comunidad Escolar","Para Divulgadores"],"inLanguage":"es-CL","potentialAction":[{"@type":"CommentAction","name":"Comment","target":["https:\/\/dev.explora.cl\/rmsuroriente\/con-actividades-presenciales-y-una-emotiva-ceremonia-culmino-el-congreso-regional-explora-rm-sur-oriente-2022\/#respond"]}]},{"@type":"WebPage","@id":"https:\/\/dev.explora.cl\/rmsuroriente\/con-actividades-presenciales-y-una-emotiva-ceremonia-culmino-el-congreso-regional-explora-rm-sur-oriente-2022\/","url":"https:\/\/dev.explora.cl\/rmsuroriente\/con-actividades-presenciales-y-una-emotiva-ceremonia-culmino-el-congreso-regional-explora-rm-sur-oriente-2022\/","name":"Con actividades presenciales y una emotiva ceremonia, culmin\u00f3 el Congreso Regional Explora RM Sur Oriente 2022","isPartOf":{"@id":"https:\/\/dev.explora.cl\/rmsuroriente\/#website"},"primaryImageOfPage":{"@id":"https:\/\/dev.explora.cl\/rmsuroriente\/con-actividades-presenciales-y-una-emotiva-ceremonia-culmino-el-congreso-regional-explora-rm-sur-oriente-2022\/#primaryimage"},"image":{"@id":"https:\/\/dev.explora.cl\/rmsuroriente\/con-actividades-presenciales-y-una-emotiva-ceremonia-culmino-el-congreso-regional-explora-rm-sur-oriente-2022\/#primaryimage"},"thumbnailUrl":"https:\/\/dev.explora.cl\/rmsuroriente\/wp-content\/uploads\/sites\/12\/2022\/11\/Congreso-1-26.jpg","datePublished":"2022-11-08T19:16:02+00:00","dateModified":"2022-12-21T13:55:12+00:00","description":"El 4 y 5 de noviembre, 28 equipos de investigaci\u00f3n se presentaron en el XVI Congreso Regional Explora de Investigaci\u00f3n e Innovaci\u00f3n Escolar.","breadcrumb":{"@id":"https:\/\/dev.explora.cl\/rmsuroriente\/con-actividades-presenciales-y-una-emotiva-ceremonia-culmino-el-congreso-regional-explora-rm-sur-oriente-2022\/#breadcrumb"},"inLanguage":"es-CL","potentialAction":[{"@type":"ReadAction","target":["https:\/\/dev.explora.cl\/rmsuroriente\/con-actividades-presenciales-y-una-emotiva-ceremonia-culmino-el-congreso-regional-explora-rm-sur-oriente-2022\/"]}]},{"@type":"ImageObject","inLanguage":"es-CL","@id":"https:\/\/dev.explora.cl\/rmsuroriente\/con-actividades-presenciales-y-una-emotiva-ceremonia-culmino-el-congreso-regional-explora-rm-sur-oriente-2022\/#primaryimage","url":"https:\/\/dev.explora.cl\/rmsuroriente\/wp-content\/uploads\/sites\/12\/2022\/11\/Congreso-1-26.jpg","contentUrl":"https:\/\/dev.explora.cl\/rmsuroriente\/wp-content\/uploads\/sites\/12\/2022\/11\/Congreso-1-26.jpg","width":2048,"height":1365},{"@type":"BreadcrumbList","@id":"https:\/\/dev.explora.cl\/rmsuroriente\/con-actividades-presenciales-y-una-emotiva-ceremonia-culmino-el-congreso-regional-explora-rm-sur-oriente-2022\/#breadcrumb","itemListElement":[{"@type":"ListItem","position":1,"name":"Portada","item":"https:\/\/dev.explora.cl\/rmsuroriente\/"},{"@type":"ListItem","position":2,"name":"Con actividades presenciales y una emotiva ceremonia, culmin\u00f3 el Congreso Regional Explora RM Sur Oriente 2022"}]},{"@type":"WebSite","@id":"https:\/\/dev.explora.cl\/rmsuroriente\/#website","url":"https:\/\/dev.explora.cl\/rmsuroriente\/","name":"RM Sur Oriente","description":"Otro sitio m\u00e1s de dev.explora.cl","publisher":{"@id":"https:\/\/dev.explora.cl\/rmsuroriente\/#organization"},"potentialAction":[{"@type":"SearchAction","target":{"@type":"EntryPoint","urlTemplate":"https:\/\/dev.explora.cl\/rmsuroriente\/?s={search_term_string}"},"query-input":{"@type":"PropertyValueSpecification","valueRequired":true,"valueName":"search_term_string"}}],"inLanguage":"es-CL"},{"@type":"Organization","@id":"https:\/\/dev.explora.cl\/rmsuroriente\/#organization","name":"RM Sur Oriente","url":"https:\/\/dev.explora.cl\/rmsuroriente\/","logo":{"@type":"ImageObject","inLanguage":"es-CL","@id":"https:\/\/dev.explora.cl\/rmsuroriente\/#\/schema\/logo\/image\/","url":"https:\/\/dev.explora.cl\/rmsuroriente\/wp-content\/uploads\/sites\/12\/2025\/04\/cropped-LogoPAR_RMSO-Azul-UC.png","contentUrl":"https:\/\/dev.explora.cl\/rmsuroriente\/wp-content\/uploads\/sites\/12\/2025\/04\/cropped-LogoPAR_RMSO-Azul-UC.png","width":411,"height":409,"caption":"RM Sur Oriente"},"image":{"@id":"https:\/\/dev.explora.cl\/rmsuroriente\/#\/schema\/logo\/image\/"}},{"@type":"Person","@id":"https:\/\/dev.explora.cl\/rmsuroriente\/#\/schema\/person\/164f0bfb03507b3d5dd75257d8e71697","name":"RMSO PUC","image":{"@type":"ImageObject","inLanguage":"es-CL","@id":"https:\/\/dev.explora.cl\/rmsuroriente\/#\/schema\/person\/image\/","url":"https:\/\/secure.gravatar.com\/avatar\/16f7131f033ed433ea432d3fc2b04af9756004afdb5a6b61c705d795f6425ea0?s=96&d=mm&r=g","contentUrl":"https:\/\/secure.gravatar.com\/avatar\/16f7131f033ed433ea432d3fc2b04af9756004afdb5a6b61c705d795f6425ea0?s=96&d=mm&r=g","caption":"RMSO PUC"},"url":"https:\/\/dev.explora.cl\/rmsuroriente\/author\/myanez\/"}]}},"_links":{"self":[{"href":"https:\/\/dev.explora.cl\/rmsuroriente\/wp-json\/wp\/v2\/posts\/41153","targetHints":{"allow":["GET"]}}],"collection":[{"href":"https:\/\/dev.explora.cl\/rmsuroriente\/wp-json\/wp\/v2\/posts"}],"about":[{"href":"https:\/\/dev.explora.cl\/rmsuroriente\/wp-json\/wp\/v2\/types\/post"}],"author":[{"embeddable":true,"href":"https:\/\/dev.explora.cl\/rmsuroriente\/wp-json\/wp\/v2\/users\/27"}],"replies":[{"embeddable":true,"href":"https:\/\/dev.explora.cl\/rmsuroriente\/wp-json\/wp\/v2\/comments?post=41153"}],"version-history":[{"count":23,"href":"https:\/\/dev.explora.cl\/rmsuroriente\/wp-json\/wp\/v2\/posts\/41153\/revisions"}],"predecessor-version":[{"id":41463,"href":"https:\/\/dev.explora.cl\/rmsuroriente\/wp-json\/wp\/v2\/posts\/41153\/revisions\/41463"}],"wp:featuredmedia":[{"embeddable":true,"href":"https:\/\/dev.explora.cl\/rmsuroriente\/wp-json\/wp\/v2\/media\/41154"}],"wp:attachment":[{"href":"https:\/\/dev.explora.cl\/rmsuroriente\/wp-json\/wp\/v2\/media?parent=41153"}],"wp:term":[{"taxonomy":"category","embeddable":true,"href":"https:\/\/dev.explora.cl\/rmsuroriente\/wp-json\/wp\/v2\/categories?post=41153"},{"taxonomy":"post_tag","embeddable":true,"href":"https:\/\/dev.explora.cl\/rmsuroriente\/wp-json\/wp\/v2\/tags?post=41153"}],"curies":[{"name":"wp","href":"https:\/\/api.w.org\/{rel}","templated":true}]}}