{"id":41103,"date":"2022-10-28T17:19:20","date_gmt":"2022-10-28T20:19:20","guid":{"rendered":"https:\/\/dev.explora.cl\/rmsuroriente\/?p=41103"},"modified":"2022-12-02T16:46:44","modified_gmt":"2022-12-02T19:46:44","slug":"invitamos-a-la-comunidad-educativa-a-visitar-el-congreso-regional-explora-de-investigacion-e-innovacion-escolar","status":"publish","type":"post","link":"https:\/\/dev.explora.cl\/rmsuroriente\/invitamos-a-la-comunidad-educativa-a-visitar-el-congreso-regional-explora-de-investigacion-e-innovacion-escolar\/","title":{"rendered":"Invitamos a la comunidad educativa a visitar el Congreso Regional Explora de Investigaci\u00f3n e Innovaci\u00f3n Escolar"},"content":{"rendered":"<p>[vc_row][vc_column][vc_column_text]<b>El Proyecto Explora RM Sur Oriente invita a docentes, estudiantes y a sus familias a conocer los proyectos de investigaci\u00f3n e innovaci\u00f3n que se presentar\u00e1n en el Congreso Regional Explora 2022. El evento se realizar\u00e1 en la Facultad de Ciencias Sociales de la Universidad de Chile el viernes 4 de noviembre entre las 10.00 y 13.00 horas.<\/b><\/p>\n<p><span style=\"font-weight: 400\">Esta actividad representa el cierre del proceso investigativo desarrollado por ni\u00f1as, ni\u00f1os y j\u00f3venes de 5to b\u00e1sico a 4to medio de distintos establecimientos educacionales de la zona Sur Oriente de la Regi\u00f3n Metropolitana, y tiene como objetivo socializar los conocimientos y aprendizajes adquiridos durante el proceso, e invitar a otros a descubrir el mundo de las ciencias. Es por ello que invitamos a la comunidad educativa de la zona, a las familias y vecinos, a visitar esta actividad y conocer los proyectos de investigaci\u00f3n e innovaci\u00f3n desarrollados por los 29 equipos participantes de esta actividad <a href=\"https:\/\/dev.explora.cl\/rmsuroriente\/conoce-a-los-equipos-seleccionados-para-el-congreso-regional-explora-rm-sur-oriente\/\" target=\"_blank\" rel=\"noopener noreferrer\">(para conocer a los equipos seleccionados haz click aqu\u00ed)<\/a>. Si te interesa participar puedes registrarte previamente en el <\/span><a href=\"https:\/\/forms.gle\/UFDjPxU1sFHuextS6\"><span style=\"font-weight: 400\">siguiente link.<\/span><\/a><\/p>\n<p><span style=\"font-weight: 400\">Aliangelis Robles, estudiante del Colegio Alberto Blest Gana de la comuna de San Ram\u00f3n, destaca la importancia de visitar este tipo de actividades:<strong> \u201ces importante asistir y visitar el Congreso porque en \u00e9l podemos ver c\u00f3mo los ni\u00f1os, ni\u00f1as y j\u00f3venes est\u00e1n aportando a la investigaci\u00f3n escolar<\/strong>, y que ellos ser\u00e1n los que en tres o cuatro a\u00f1os m\u00e1s estar\u00e1n en la universidad y aportar\u00e1n al desarrollo del pa\u00eds\u201d.\u00a0\u00a0<\/span><\/p>\n<p><span style=\"font-weight: 400\">Gabriel Espinosa, estudiante del mismo establecimiento educacional, resalta las tem\u00e1ticas de los proyectos, <strong>\u201cme parece interesante que muchos proyectos aborden temas como la ecolog\u00eda<\/strong> y que, a partir de ellos, se est\u00e9 pensando en c\u00f3mo ayudar al medio ambiente\u201d.\u00a0<\/span><\/p>\n<p><b>Preparando sus presentaciones.<\/b><\/p>\n<p><span style=\"font-weight: 400\">Previo a la ejecuci\u00f3n del Congreso Regional Explora de la Regi\u00f3n Metropolitana Sur Oriente y con m\u00e1s de 80 participantes, se desarroll\u00f3 el <strong>Taller de Comunicaci\u00f3n de las Ciencias<\/strong> dictado por la periodista <strong>Andrea Obaid, presidenta de la Asociaci\u00f3n Chilena de Periodistas y Profesionales para la Comunicaci\u00f3n de la Ciencia (ACHIPEC)<\/strong> y el equipo del PAR Explora RM Sur Oriente. Durante dos jornadas, las y los estudiantes pudieron desarrollar la creatividad para divulgar sus proyectos de investigaci\u00f3n, y elaborar un p\u00f3ster de divulgaci\u00f3n cient\u00edfica que les permitir\u00e1 exponer sus investigaciones y proyectos al p\u00fablico asistente.<\/span><\/p>\n<p><span style=\"font-weight: 400\">Es as\u00ed como estudiantes y docentes se est\u00e1n preparando para recibir al Comit\u00e9 Cient\u00edfico Evaluador y al p\u00fablico que visitar\u00e1 el Congreso Regional Explora de Investigaci\u00f3n e Innovaci\u00f3n Escolar, el cual se desarrollar\u00e1 los d\u00edas 4 y 5 de noviembre en la Facultad de Ciencias Sociales de la Universidad de Chile, ubicada en Avenida Capit\u00e1n Ignacio Carrera Pinto 1045 \u00d1u\u00f1oa, Santiago.\u00a0<\/span><\/p>\n<p><strong>La exposici\u00f3n de los trabajos y proyectos se realizar\u00e1 el viernes 4 de noviembre entre las 10:00 y las 13:00 horas.<\/strong><\/p>\n<p><strong>\u00a1Te esperamos!<\/strong>[\/vc_column_text][\/vc_column][\/vc_row][vc_row][vc_column][vc_gallery interval=&#8221;3&#8243; images=&#8221;41104,41105,41106,41108,41109,41110,41111,41112,41113,41114,41115,41116,41117,41118,41119,41107,41120,41121,41122,41123,41124,41125,41126,41127,41128,41129&#8243; img_size=&#8221;600&#215;400&#8243;][\/vc_column][\/vc_row][vc_row][vc_column][vc_gmaps link=&#8221;#E-8_JTNDaWZyYW1lJTIwc3JjJTNEJTIyaHR0cHMlM0ElMkYlMkZ3d3cuZ29vZ2xlLmNvbSUyRm1hcHMlMkZlbWJlZCUzRnBiJTNEJTIxMW0xNCUyMTFtOCUyMTFtMyUyMTFkMTMzMTMuMTQxNjcyNjYyOTQ1JTIxMmQtNzAuNTk0NDM5MyUyMTNkLTMzLjQ2NzkxOTElMjEzbTIlMjExaTEwMjQlMjEyaTc2OCUyMTRmMTMuMSUyMTNtMyUyMTFtMiUyMTFzMHgwJTI1M0EweDdkY2ZjN2M1NTJiY2VjMzglMjEyc0ZhY3VsdGFkJTI1MjBkZSUyNTIwQ2llbmNpYXMlMjUyMFNvY2lhbGVzJTI1MjBkZSUyNTIwbGElMjUyMFVuaXZlcnNpZGFkJTI1MjBkZSUyNTIwQ2hpbGUlMjE1ZTAlMjEzbTIlMjExc2VzLTQxOSUyMTJzY2wlMjE0djE2NjY5ODg2OTA3MDclMjE1bTIlMjExc2VzLTQxOSUyMTJzY2wlMjIlMjB3aWR0aCUzRCUyMjYwMCUyMiUyMGhlaWdodCUzRCUyMjQ1MCUyMiUyMHN0eWxlJTNEJTIyYm9yZGVyJTNBMCUzQiUyMiUyMGFsbG93ZnVsbHNjcmVlbiUzRCUyMiUyMiUyMGxvYWRpbmclM0QlMjJsYXp5JTIyJTIwcmVmZXJyZXJwb2xpY3klM0QlMjJuby1yZWZlcnJlci13aGVuLWRvd25ncmFkZSUyMiUzRSUzQyUyRmlmcmFtZSUzRQ==&#8221;][\/vc_column][\/vc_row]<\/p>\n","protected":false},"excerpt":{"rendered":"<p>El Proyecto Explora RM Sur Oriente invita a docentes, estudiantes y a sus familias a conocer los proyectos de investigaci\u00f3n e innovaci\u00f3n que se presentar\u00e1n en el Congreso Regional Explora 2022. El evento se realizar\u00e1 en la Facultad de Ciencias Sociales de la Universidad de Chile el viernes 4 de noviembre entre las 10.00 y 13.00 horas.<\/p>\n","protected":false},"author":27,"featured_media":41130,"comment_status":"open","ping_status":"open","sticky":false,"template":"","format":"standard","meta":{"_acf_changed":false,"_exactmetrics_skip_tracking":false,"_exactmetrics_sitenote_active":false,"_exactmetrics_sitenote_note":"","_exactmetrics_sitenote_category":0,"footnotes":"","_links_to":"","_links_to_target":""},"categories":[127,142,4,116],"tags":[],"class_list":["post-41103","post","type-post","status-publish","format-standard","has-post-thumbnail","hentry","category-iniciativas_publ_grl","category-lugar-7","category-noticias","category-para-comunidad-escolar"],"acf":[],"yoast_head":"<!-- This site is optimized with the Yoast SEO plugin v26.7 - https:\/\/yoast.com\/wordpress\/plugins\/seo\/ -->\n<title>Invitamos a la comunidad educativa a visitar el Congreso Regional Explora de Investigaci\u00f3n e Innovaci\u00f3n Escolar - RM Sur Oriente<\/title>\n<meta name=\"robots\" content=\"index, follow, max-snippet:-1, max-image-preview:large, max-video-preview:-1\" \/>\n<link rel=\"canonical\" href=\"https:\/\/dev.explora.cl\/rmsuroriente\/invitamos-a-la-comunidad-educativa-a-visitar-el-congreso-regional-explora-de-investigacion-e-innovacion-escolar\/\" class=\"yoast-seo-meta-tag\" \/>\n<meta property=\"og:locale\" content=\"es_ES\" class=\"yoast-seo-meta-tag\" \/>\n<meta property=\"og:type\" content=\"article\" class=\"yoast-seo-meta-tag\" \/>\n<meta property=\"og:title\" content=\"Invitamos a la comunidad educativa a visitar el Congreso Regional Explora de Investigaci\u00f3n e Innovaci\u00f3n Escolar - RM Sur Oriente\" class=\"yoast-seo-meta-tag\" \/>\n<meta property=\"og:description\" content=\"El Proyecto Explora RM Sur Oriente invita a docentes, estudiantes y a sus familias a conocer los proyectos de investigaci\u00f3n e innovaci\u00f3n que se presentar\u00e1n en el Congreso Regional Explora 2022. El evento se realizar\u00e1 en la Facultad de Ciencias Sociales de la Universidad de Chile el viernes 4 de noviembre entre las 10.00 y 13.00 horas.\" class=\"yoast-seo-meta-tag\" \/>\n<meta property=\"og:url\" content=\"https:\/\/dev.explora.cl\/rmsuroriente\/invitamos-a-la-comunidad-educativa-a-visitar-el-congreso-regional-explora-de-investigacion-e-innovacion-escolar\/\" class=\"yoast-seo-meta-tag\" \/>\n<meta property=\"og:site_name\" content=\"RM Sur Oriente\" class=\"yoast-seo-meta-tag\" \/>\n<meta property=\"article:published_time\" content=\"2022-10-28T20:19:20+00:00\" class=\"yoast-seo-meta-tag\" \/>\n<meta property=\"article:modified_time\" content=\"2022-12-02T19:46:44+00:00\" class=\"yoast-seo-meta-tag\" \/>\n<meta property=\"og:image\" content=\"https:\/\/dev.explora.cl\/rmsuroriente\/wp-content\/uploads\/sites\/12\/2022\/10\/Invitacio\u0301n-Congreso-2022-WEB-Explora-RMSO.png\" class=\"yoast-seo-meta-tag\" \/>\n\t<meta property=\"og:image:width\" content=\"725\" class=\"yoast-seo-meta-tag\" \/>\n\t<meta property=\"og:image:height\" content=\"405\" class=\"yoast-seo-meta-tag\" \/>\n\t<meta property=\"og:image:type\" content=\"image\/png\" class=\"yoast-seo-meta-tag\" \/>\n<meta name=\"author\" content=\"RMSO PUC\" class=\"yoast-seo-meta-tag\" \/>\n<meta name=\"twitter:card\" content=\"summary_large_image\" class=\"yoast-seo-meta-tag\" \/>\n<meta name=\"twitter:label1\" content=\"Escrito por\" class=\"yoast-seo-meta-tag\" \/>\n\t<meta name=\"twitter:data1\" content=\"RMSO PUC\" class=\"yoast-seo-meta-tag\" \/>\n\t<meta name=\"twitter:label2\" content=\"Tiempo estimado de lectura\" class=\"yoast-seo-meta-tag\" \/>\n\t<meta name=\"twitter:data2\" content=\"3 minutos\" class=\"yoast-seo-meta-tag\" \/>\n<script type=\"application\/ld+json\" class=\"yoast-schema-graph\">{\"@context\":\"https:\/\/schema.org\",\"@graph\":[{\"@type\":\"Article\",\"@id\":\"https:\/\/dev.explora.cl\/rmsuroriente\/invitamos-a-la-comunidad-educativa-a-visitar-el-congreso-regional-explora-de-investigacion-e-innovacion-escolar\/#article\",\"isPartOf\":{\"@id\":\"https:\/\/dev.explora.cl\/rmsuroriente\/invitamos-a-la-comunidad-educativa-a-visitar-el-congreso-regional-explora-de-investigacion-e-innovacion-escolar\/\"},\"author\":{\"name\":\"RMSO PUC\",\"@id\":\"https:\/\/dev.explora.cl\/rmsuroriente\/#\/schema\/person\/164f0bfb03507b3d5dd75257d8e71697\"},\"headline\":\"Invitamos a la comunidad educativa a visitar el Congreso Regional Explora de Investigaci\u00f3n e Innovaci\u00f3n Escolar\",\"datePublished\":\"2022-10-28T20:19:20+00:00\",\"dateModified\":\"2022-12-02T19:46:44+00:00\",\"mainEntityOfPage\":{\"@id\":\"https:\/\/dev.explora.cl\/rmsuroriente\/invitamos-a-la-comunidad-educativa-a-visitar-el-congreso-regional-explora-de-investigacion-e-innovacion-escolar\/\"},\"wordCount\":610,\"commentCount\":0,\"publisher\":{\"@id\":\"https:\/\/dev.explora.cl\/rmsuroriente\/#organization\"},\"image\":{\"@id\":\"https:\/\/dev.explora.cl\/rmsuroriente\/invitamos-a-la-comunidad-educativa-a-visitar-el-congreso-regional-explora-de-investigacion-e-innovacion-escolar\/#primaryimage\"},\"thumbnailUrl\":\"https:\/\/dev.explora.cl\/rmsuroriente\/wp-content\/uploads\/sites\/12\/2022\/10\/Invitacio\u0301n-Congreso-2022-WEB-Explora-RMSO.png\",\"articleSection\":[\"Iniciativas\",\"Lugar 7\",\"Noticias\",\"Para Comunidad Escolar\"],\"inLanguage\":\"es-CL\",\"potentialAction\":[{\"@type\":\"CommentAction\",\"name\":\"Comment\",\"target\":[\"https:\/\/dev.explora.cl\/rmsuroriente\/invitamos-a-la-comunidad-educativa-a-visitar-el-congreso-regional-explora-de-investigacion-e-innovacion-escolar\/#respond\"]}]},{\"@type\":\"WebPage\",\"@id\":\"https:\/\/dev.explora.cl\/rmsuroriente\/invitamos-a-la-comunidad-educativa-a-visitar-el-congreso-regional-explora-de-investigacion-e-innovacion-escolar\/\",\"url\":\"https:\/\/dev.explora.cl\/rmsuroriente\/invitamos-a-la-comunidad-educativa-a-visitar-el-congreso-regional-explora-de-investigacion-e-innovacion-escolar\/\",\"name\":\"Invitamos a la comunidad educativa a visitar el Congreso Regional Explora de Investigaci\u00f3n e Innovaci\u00f3n Escolar - RM Sur Oriente\",\"isPartOf\":{\"@id\":\"https:\/\/dev.explora.cl\/rmsuroriente\/#website\"},\"primaryImageOfPage\":{\"@id\":\"https:\/\/dev.explora.cl\/rmsuroriente\/invitamos-a-la-comunidad-educativa-a-visitar-el-congreso-regional-explora-de-investigacion-e-innovacion-escolar\/#primaryimage\"},\"image\":{\"@id\":\"https:\/\/dev.explora.cl\/rmsuroriente\/invitamos-a-la-comunidad-educativa-a-visitar-el-congreso-regional-explora-de-investigacion-e-innovacion-escolar\/#primaryimage\"},\"thumbnailUrl\":\"https:\/\/dev.explora.cl\/rmsuroriente\/wp-content\/uploads\/sites\/12\/2022\/10\/Invitacio\u0301n-Congreso-2022-WEB-Explora-RMSO.png\",\"datePublished\":\"2022-10-28T20:19:20+00:00\",\"dateModified\":\"2022-12-02T19:46:44+00:00\",\"breadcrumb\":{\"@id\":\"https:\/\/dev.explora.cl\/rmsuroriente\/invitamos-a-la-comunidad-educativa-a-visitar-el-congreso-regional-explora-de-investigacion-e-innovacion-escolar\/#breadcrumb\"},\"inLanguage\":\"es-CL\",\"potentialAction\":[{\"@type\":\"ReadAction\",\"target\":[\"https:\/\/dev.explora.cl\/rmsuroriente\/invitamos-a-la-comunidad-educativa-a-visitar-el-congreso-regional-explora-de-investigacion-e-innovacion-escolar\/\"]}]},{\"@type\":\"ImageObject\",\"inLanguage\":\"es-CL\",\"@id\":\"https:\/\/dev.explora.cl\/rmsuroriente\/invitamos-a-la-comunidad-educativa-a-visitar-el-congreso-regional-explora-de-investigacion-e-innovacion-escolar\/#primaryimage\",\"url\":\"https:\/\/dev.explora.cl\/rmsuroriente\/wp-content\/uploads\/sites\/12\/2022\/10\/Invitacio\u0301n-Congreso-2022-WEB-Explora-RMSO.png\",\"contentUrl\":\"https:\/\/dev.explora.cl\/rmsuroriente\/wp-content\/uploads\/sites\/12\/2022\/10\/Invitacio\u0301n-Congreso-2022-WEB-Explora-RMSO.png\",\"width\":725,\"height\":405},{\"@type\":\"BreadcrumbList\",\"@id\":\"https:\/\/dev.explora.cl\/rmsuroriente\/invitamos-a-la-comunidad-educativa-a-visitar-el-congreso-regional-explora-de-investigacion-e-innovacion-escolar\/#breadcrumb\",\"itemListElement\":[{\"@type\":\"ListItem\",\"position\":1,\"name\":\"Portada\",\"item\":\"https:\/\/dev.explora.cl\/rmsuroriente\/\"},{\"@type\":\"ListItem\",\"position\":2,\"name\":\"Invitamos a la comunidad educativa a visitar el Congreso Regional Explora de Investigaci\u00f3n e Innovaci\u00f3n Escolar\"}]},{\"@type\":\"WebSite\",\"@id\":\"https:\/\/dev.explora.cl\/rmsuroriente\/#website\",\"url\":\"https:\/\/dev.explora.cl\/rmsuroriente\/\",\"name\":\"RM Sur Oriente\",\"description\":\"Otro sitio m\u00e1s de dev.explora.cl\",\"publisher\":{\"@id\":\"https:\/\/dev.explora.cl\/rmsuroriente\/#organization\"},\"potentialAction\":[{\"@type\":\"SearchAction\",\"target\":{\"@type\":\"EntryPoint\",\"urlTemplate\":\"https:\/\/dev.explora.cl\/rmsuroriente\/?s={search_term_string}\"},\"query-input\":{\"@type\":\"PropertyValueSpecification\",\"valueRequired\":true,\"valueName\":\"search_term_string\"}}],\"inLanguage\":\"es-CL\"},{\"@type\":\"Organization\",\"@id\":\"https:\/\/dev.explora.cl\/rmsuroriente\/#organization\",\"name\":\"RM Sur Oriente\",\"url\":\"https:\/\/dev.explora.cl\/rmsuroriente\/\",\"logo\":{\"@type\":\"ImageObject\",\"inLanguage\":\"es-CL\",\"@id\":\"https:\/\/dev.explora.cl\/rmsuroriente\/#\/schema\/logo\/image\/\",\"url\":\"https:\/\/dev.explora.cl\/rmsuroriente\/wp-content\/uploads\/sites\/12\/2025\/04\/cropped-LogoPAR_RMSO-Azul-UC.png\",\"contentUrl\":\"https:\/\/dev.explora.cl\/rmsuroriente\/wp-content\/uploads\/sites\/12\/2025\/04\/cropped-LogoPAR_RMSO-Azul-UC.png\",\"width\":411,\"height\":409,\"caption\":\"RM Sur Oriente\"},\"image\":{\"@id\":\"https:\/\/dev.explora.cl\/rmsuroriente\/#\/schema\/logo\/image\/\"}},{\"@type\":\"Person\",\"@id\":\"https:\/\/dev.explora.cl\/rmsuroriente\/#\/schema\/person\/164f0bfb03507b3d5dd75257d8e71697\",\"name\":\"RMSO PUC\",\"image\":{\"@type\":\"ImageObject\",\"inLanguage\":\"es-CL\",\"@id\":\"https:\/\/dev.explora.cl\/rmsuroriente\/#\/schema\/person\/image\/\",\"url\":\"https:\/\/secure.gravatar.com\/avatar\/16f7131f033ed433ea432d3fc2b04af9756004afdb5a6b61c705d795f6425ea0?s=96&d=mm&r=g\",\"contentUrl\":\"https:\/\/secure.gravatar.com\/avatar\/16f7131f033ed433ea432d3fc2b04af9756004afdb5a6b61c705d795f6425ea0?s=96&d=mm&r=g\",\"caption\":\"RMSO PUC\"},\"url\":\"https:\/\/dev.explora.cl\/rmsuroriente\/author\/myanez\/\"}]}<\/script>\n<!-- \/ Yoast SEO plugin. -->","yoast_head_json":{"title":"Invitamos a la comunidad educativa a visitar el Congreso Regional Explora de Investigaci\u00f3n e Innovaci\u00f3n Escolar - RM Sur Oriente","robots":{"index":"index","follow":"follow","max-snippet":"max-snippet:-1","max-image-preview":"max-image-preview:large","max-video-preview":"max-video-preview:-1"},"canonical":"https:\/\/dev.explora.cl\/rmsuroriente\/invitamos-a-la-comunidad-educativa-a-visitar-el-congreso-regional-explora-de-investigacion-e-innovacion-escolar\/","og_locale":"es_ES","og_type":"article","og_title":"Invitamos a la comunidad educativa a visitar el Congreso Regional Explora de Investigaci\u00f3n e Innovaci\u00f3n Escolar - RM Sur Oriente","og_description":"El Proyecto Explora RM Sur Oriente invita a docentes, estudiantes y a sus familias a conocer los proyectos de investigaci\u00f3n e innovaci\u00f3n que se presentar\u00e1n en el Congreso Regional Explora 2022. El evento se realizar\u00e1 en la Facultad de Ciencias Sociales de la Universidad de Chile el viernes 4 de noviembre entre las 10.00 y 13.00 horas.","og_url":"https:\/\/dev.explora.cl\/rmsuroriente\/invitamos-a-la-comunidad-educativa-a-visitar-el-congreso-regional-explora-de-investigacion-e-innovacion-escolar\/","og_site_name":"RM Sur Oriente","article_published_time":"2022-10-28T20:19:20+00:00","article_modified_time":"2022-12-02T19:46:44+00:00","og_image":[{"width":725,"height":405,"url":"https:\/\/dev.explora.cl\/rmsuroriente\/wp-content\/uploads\/sites\/12\/2022\/10\/Invitacio\u0301n-Congreso-2022-WEB-Explora-RMSO.png","type":"image\/png"}],"author":"RMSO PUC","twitter_card":"summary_large_image","twitter_misc":{"Escrito por":"RMSO PUC","Tiempo estimado de lectura":"3 minutos"},"schema":{"@context":"https:\/\/schema.org","@graph":[{"@type":"Article","@id":"https:\/\/dev.explora.cl\/rmsuroriente\/invitamos-a-la-comunidad-educativa-a-visitar-el-congreso-regional-explora-de-investigacion-e-innovacion-escolar\/#article","isPartOf":{"@id":"https:\/\/dev.explora.cl\/rmsuroriente\/invitamos-a-la-comunidad-educativa-a-visitar-el-congreso-regional-explora-de-investigacion-e-innovacion-escolar\/"},"author":{"name":"RMSO PUC","@id":"https:\/\/dev.explora.cl\/rmsuroriente\/#\/schema\/person\/164f0bfb03507b3d5dd75257d8e71697"},"headline":"Invitamos a la comunidad educativa a visitar el Congreso Regional Explora de Investigaci\u00f3n e Innovaci\u00f3n Escolar","datePublished":"2022-10-28T20:19:20+00:00","dateModified":"2022-12-02T19:46:44+00:00","mainEntityOfPage":{"@id":"https:\/\/dev.explora.cl\/rmsuroriente\/invitamos-a-la-comunidad-educativa-a-visitar-el-congreso-regional-explora-de-investigacion-e-innovacion-escolar\/"},"wordCount":610,"commentCount":0,"publisher":{"@id":"https:\/\/dev.explora.cl\/rmsuroriente\/#organization"},"image":{"@id":"https:\/\/dev.explora.cl\/rmsuroriente\/invitamos-a-la-comunidad-educativa-a-visitar-el-congreso-regional-explora-de-investigacion-e-innovacion-escolar\/#primaryimage"},"thumbnailUrl":"https:\/\/dev.explora.cl\/rmsuroriente\/wp-content\/uploads\/sites\/12\/2022\/10\/Invitacio\u0301n-Congreso-2022-WEB-Explora-RMSO.png","articleSection":["Iniciativas","Lugar 7","Noticias","Para Comunidad Escolar"],"inLanguage":"es-CL","potentialAction":[{"@type":"CommentAction","name":"Comment","target":["https:\/\/dev.explora.cl\/rmsuroriente\/invitamos-a-la-comunidad-educativa-a-visitar-el-congreso-regional-explora-de-investigacion-e-innovacion-escolar\/#respond"]}]},{"@type":"WebPage","@id":"https:\/\/dev.explora.cl\/rmsuroriente\/invitamos-a-la-comunidad-educativa-a-visitar-el-congreso-regional-explora-de-investigacion-e-innovacion-escolar\/","url":"https:\/\/dev.explora.cl\/rmsuroriente\/invitamos-a-la-comunidad-educativa-a-visitar-el-congreso-regional-explora-de-investigacion-e-innovacion-escolar\/","name":"Invitamos a la comunidad educativa a visitar el Congreso Regional Explora de Investigaci\u00f3n e Innovaci\u00f3n Escolar - RM Sur Oriente","isPartOf":{"@id":"https:\/\/dev.explora.cl\/rmsuroriente\/#website"},"primaryImageOfPage":{"@id":"https:\/\/dev.explora.cl\/rmsuroriente\/invitamos-a-la-comunidad-educativa-a-visitar-el-congreso-regional-explora-de-investigacion-e-innovacion-escolar\/#primaryimage"},"image":{"@id":"https:\/\/dev.explora.cl\/rmsuroriente\/invitamos-a-la-comunidad-educativa-a-visitar-el-congreso-regional-explora-de-investigacion-e-innovacion-escolar\/#primaryimage"},"thumbnailUrl":"https:\/\/dev.explora.cl\/rmsuroriente\/wp-content\/uploads\/sites\/12\/2022\/10\/Invitacio\u0301n-Congreso-2022-WEB-Explora-RMSO.png","datePublished":"2022-10-28T20:19:20+00:00","dateModified":"2022-12-02T19:46:44+00:00","breadcrumb":{"@id":"https:\/\/dev.explora.cl\/rmsuroriente\/invitamos-a-la-comunidad-educativa-a-visitar-el-congreso-regional-explora-de-investigacion-e-innovacion-escolar\/#breadcrumb"},"inLanguage":"es-CL","potentialAction":[{"@type":"ReadAction","target":["https:\/\/dev.explora.cl\/rmsuroriente\/invitamos-a-la-comunidad-educativa-a-visitar-el-congreso-regional-explora-de-investigacion-e-innovacion-escolar\/"]}]},{"@type":"ImageObject","inLanguage":"es-CL","@id":"https:\/\/dev.explora.cl\/rmsuroriente\/invitamos-a-la-comunidad-educativa-a-visitar-el-congreso-regional-explora-de-investigacion-e-innovacion-escolar\/#primaryimage","url":"https:\/\/dev.explora.cl\/rmsuroriente\/wp-content\/uploads\/sites\/12\/2022\/10\/Invitacio\u0301n-Congreso-2022-WEB-Explora-RMSO.png","contentUrl":"https:\/\/dev.explora.cl\/rmsuroriente\/wp-content\/uploads\/sites\/12\/2022\/10\/Invitacio\u0301n-Congreso-2022-WEB-Explora-RMSO.png","width":725,"height":405},{"@type":"BreadcrumbList","@id":"https:\/\/dev.explora.cl\/rmsuroriente\/invitamos-a-la-comunidad-educativa-a-visitar-el-congreso-regional-explora-de-investigacion-e-innovacion-escolar\/#breadcrumb","itemListElement":[{"@type":"ListItem","position":1,"name":"Portada","item":"https:\/\/dev.explora.cl\/rmsuroriente\/"},{"@type":"ListItem","position":2,"name":"Invitamos a la comunidad educativa a visitar el Congreso Regional Explora de Investigaci\u00f3n e Innovaci\u00f3n Escolar"}]},{"@type":"WebSite","@id":"https:\/\/dev.explora.cl\/rmsuroriente\/#website","url":"https:\/\/dev.explora.cl\/rmsuroriente\/","name":"RM Sur Oriente","description":"Otro sitio m\u00e1s de dev.explora.cl","publisher":{"@id":"https:\/\/dev.explora.cl\/rmsuroriente\/#organization"},"potentialAction":[{"@type":"SearchAction","target":{"@type":"EntryPoint","urlTemplate":"https:\/\/dev.explora.cl\/rmsuroriente\/?s={search_term_string}"},"query-input":{"@type":"PropertyValueSpecification","valueRequired":true,"valueName":"search_term_string"}}],"inLanguage":"es-CL"},{"@type":"Organization","@id":"https:\/\/dev.explora.cl\/rmsuroriente\/#organization","name":"RM Sur Oriente","url":"https:\/\/dev.explora.cl\/rmsuroriente\/","logo":{"@type":"ImageObject","inLanguage":"es-CL","@id":"https:\/\/dev.explora.cl\/rmsuroriente\/#\/schema\/logo\/image\/","url":"https:\/\/dev.explora.cl\/rmsuroriente\/wp-content\/uploads\/sites\/12\/2025\/04\/cropped-LogoPAR_RMSO-Azul-UC.png","contentUrl":"https:\/\/dev.explora.cl\/rmsuroriente\/wp-content\/uploads\/sites\/12\/2025\/04\/cropped-LogoPAR_RMSO-Azul-UC.png","width":411,"height":409,"caption":"RM Sur Oriente"},"image":{"@id":"https:\/\/dev.explora.cl\/rmsuroriente\/#\/schema\/logo\/image\/"}},{"@type":"Person","@id":"https:\/\/dev.explora.cl\/rmsuroriente\/#\/schema\/person\/164f0bfb03507b3d5dd75257d8e71697","name":"RMSO PUC","image":{"@type":"ImageObject","inLanguage":"es-CL","@id":"https:\/\/dev.explora.cl\/rmsuroriente\/#\/schema\/person\/image\/","url":"https:\/\/secure.gravatar.com\/avatar\/16f7131f033ed433ea432d3fc2b04af9756004afdb5a6b61c705d795f6425ea0?s=96&d=mm&r=g","contentUrl":"https:\/\/secure.gravatar.com\/avatar\/16f7131f033ed433ea432d3fc2b04af9756004afdb5a6b61c705d795f6425ea0?s=96&d=mm&r=g","caption":"RMSO PUC"},"url":"https:\/\/dev.explora.cl\/rmsuroriente\/author\/myanez\/"}]}},"_links":{"self":[{"href":"https:\/\/dev.explora.cl\/rmsuroriente\/wp-json\/wp\/v2\/posts\/41103","targetHints":{"allow":["GET"]}}],"collection":[{"href":"https:\/\/dev.explora.cl\/rmsuroriente\/wp-json\/wp\/v2\/posts"}],"about":[{"href":"https:\/\/dev.explora.cl\/rmsuroriente\/wp-json\/wp\/v2\/types\/post"}],"author":[{"embeddable":true,"href":"https:\/\/dev.explora.cl\/rmsuroriente\/wp-json\/wp\/v2\/users\/27"}],"replies":[{"embeddable":true,"href":"https:\/\/dev.explora.cl\/rmsuroriente\/wp-json\/wp\/v2\/comments?post=41103"}],"version-history":[{"count":7,"href":"https:\/\/dev.explora.cl\/rmsuroriente\/wp-json\/wp\/v2\/posts\/41103\/revisions"}],"predecessor-version":[{"id":41138,"href":"https:\/\/dev.explora.cl\/rmsuroriente\/wp-json\/wp\/v2\/posts\/41103\/revisions\/41138"}],"wp:featuredmedia":[{"embeddable":true,"href":"https:\/\/dev.explora.cl\/rmsuroriente\/wp-json\/wp\/v2\/media\/41130"}],"wp:attachment":[{"href":"https:\/\/dev.explora.cl\/rmsuroriente\/wp-json\/wp\/v2\/media?parent=41103"}],"wp:term":[{"taxonomy":"category","embeddable":true,"href":"https:\/\/dev.explora.cl\/rmsuroriente\/wp-json\/wp\/v2\/categories?post=41103"},{"taxonomy":"post_tag","embeddable":true,"href":"https:\/\/dev.explora.cl\/rmsuroriente\/wp-json\/wp\/v2\/tags?post=41103"}],"curies":[{"name":"wp","href":"https:\/\/api.w.org\/{rel}","templated":true}]}}