{"id":41075,"date":"2022-10-27T18:13:11","date_gmt":"2022-10-27T21:13:11","guid":{"rendered":"https:\/\/dev.explora.cl\/rmsuroriente\/?p=41075"},"modified":"2022-12-02T16:46:55","modified_gmt":"2022-12-02T19:46:55","slug":"primera-expo-innova-gabriela-mistral-y-una-nueva-plataforma-para-la-investigacion-escolar-publica","status":"publish","type":"post","link":"https:\/\/dev.explora.cl\/rmsuroriente\/primera-expo-innova-gabriela-mistral-y-una-nueva-plataforma-para-la-investigacion-escolar-publica\/","title":{"rendered":"Primera Expo Innova Gabriela Mistral y una nueva plataforma para la investigaci\u00f3n escolar p\u00fablica"},"content":{"rendered":"<p>[vc_row][vc_column][vc_column_text]<b>Cientos de estudiantes y docentes participaron de la primera versi\u00f3n de la Expo Innova Gabriela Mistral, realizada en el Centro Cultural Espacio Matta de la comuna de La Granja. Las investigaciones expuestas tuvieron como tema central el cambio clim\u00e1tico y la escasez h\u00eddrica, y fueron presentadas en una feria, con el objetivo de visibilizar experiencias de aprendizaje significativas en los establecimientos dependientes del Servicio Local de Educaci\u00f3n P\u00fablica (SLEP) Gabriela Mistral.<\/b><\/p>\n<p><span style=\"font-weight: 400\">La ma\u00f1ana del 25 de octubre, cerca de 35 establecimientos educacionales de las comunas de Macul, La Granja y San Joaqu\u00edn se hicieron presentes en la primera feria Expo Innova Gabriela Mistral. La iniciativa, liderada por el Servicio Local de Educaci\u00f3n Gabriela Mistral, surgi\u00f3 en el marco de una alianza con el Proyecto Asociativo Regional (PAR) Explora Regi\u00f3n Metropolitana Sur Oriente, entre otras instituciones, y se enfoc\u00f3 en desarrollar y fortalecer la conciencia ecol\u00f3gica de ni\u00f1os, ni\u00f1as y j\u00f3venes, desde una dimensi\u00f3n ciudadana.<\/span><\/p>\n<p><span style=\"font-weight: 400\">El evento abord\u00f3 como tem\u00e1tica central el cambio clim\u00e1tico y la escasez h\u00eddrica, entregando a estudiantes de diversas edades una plataforma para socializar proyectos de investigaci\u00f3n con variados enfoques, como las ciencias naturales, la tecnolog\u00eda y la programaci\u00f3n, las humanidades, la literatura y las artes visuales. Esto fue valorado por el director ejecutivo del SLEP Gabriela Mistral, Pablo Araya, pues buscaban \u201ccon esta iniciativa dar un espacio para crear conciencia sobre la problem\u00e1tica y vincularla al lenguaje de la pedagog\u00eda desde disciplinas varias\u201d, destac\u00f3.<\/span><\/p>\n<p><span style=\"font-weight: 400\">Los trabajos de investigaci\u00f3n expuestos fueron evaluados en cuatro categor\u00edas distintas, de acuerdo a diferenciados rangos et\u00e1reos. A cada uno se le entreg\u00f3 un puntaje, adem\u00e1s de una retroalimentaci\u00f3n, otorgada por cinco profesionales miembros del equipo del Proyecto Explora Regi\u00f3n Metropolitana Sur Oriente (RMSO), quienes, desde comienzos de agosto, ofrecieron capacitaciones a todos los establecimientos, destinadas a informar y preparar a las y los docentes para el proceso de trabajo de sus estudiantes.<\/span><\/p>\n<p><span style=\"font-weight: 400\">Con los resultados a la vista, Pablo Araya valor\u00f3 la transversalidad de materias que se presentaron en la feria. \u201cHubo proyectos planteados desde las ciencias naturales, otros desde la tecnolog\u00eda y la programaci\u00f3n, otros desde el arte, de la fotograf\u00eda. Logramos que fuera un trabajo transversal a todas las asignaturas, y esperamos que la experiencia se repita durante los pr\u00f3ximos a\u00f1os, quiz\u00e1s con otras tem\u00e1ticas, pero con la misma din\u00e1mica: generar un problema de investigaci\u00f3n en el que los ni\u00f1os indaguen y cuya respuesta venga desde la creatividad, la innovaci\u00f3n y la tecnolog\u00eda, para dar soluci\u00f3n a problemas que estamos viviendo y que son un desaf\u00edo a futuro\u201d.<\/span><\/p>\n<h2>La importancia de los valores en la rob\u00f3tica<\/h2>\n<p><span style=\"font-weight: 400\">Entre los trabajos m\u00e1s llamativos expuestos en la Expo Innova, la rob\u00f3tica sin dudas se llev\u00f3 las miradas de buena parte de los asistentes, sobre todo en el espacio llamado \u201cel juego del robot\u201d, en el que ni\u00f1os y ni\u00f1as dieron cuenta de su trabajo de programaci\u00f3n en equipos <\/span><i><span style=\"font-weight: 400\">Mbot.<\/span><\/i><\/p>\n<p><span style=\"font-weight: 400\">La oportunidad de presentar esta clase de trabajos surgi\u00f3 gracias a la propuesta de Leslie Santelices, miembro del \u00e1rea de monitoreo del SLEP Gabriela Mistral, y quien postul\u00f3 el proyecto que trajo la rob\u00f3tica a esta feria, que este a\u00f1o tuvo como pilotaje la participaci\u00f3n de ocho equipos, cuyos docentes fueron capacitados durante el primer semestre, tanto en los objetivos, como en los enfoques que buscaba rescatar la competencia.<\/span><\/p>\n<p><span style=\"font-weight: 400\">\u201cNo solo evaluamos el juego del robot, que es la programaci\u00f3n y la parte m\u00e1s entretenida, sino que tambi\u00e9n est\u00e1 el dise\u00f1o del tapete, que ten\u00eda que ver con el tema de la Expo (cambio clim\u00e1tico y escasez h\u00eddrica), y estaban adem\u00e1s los jueces que evaluaron la programaci\u00f3n y el armado del robot, y la gracia es que estos no ten\u00edan idea de programaci\u00f3n, entonces al final lo que se eval\u00faa es si los ni\u00f1os son capaces de explicar lo que ellos programaron\u201d, enfatiz\u00f3 Leslie Santelices.<\/span><\/p>\n<p><span style=\"font-weight: 400\">En ese proceso, la misma profesional destac\u00f3 la importancia del desarrollo de valores en el proceso de aprendizaje de los estudiantes, algo que fue medido en base a las sensaciones de ni\u00f1os y ni\u00f1as mientras aprend\u00edan sobre programaci\u00f3n. \u201cHago rob\u00f3tica hace mucho tiempo, y al comienzo los ni\u00f1os piensan que programar es algo muy dif\u00edcil. Pero despu\u00e9s ven que lo logran f\u00e1cilmente, y muchas veces no valoran que antes lo ve\u00edan como algo lejano. Y en eso entran en juego los valores que aprenden en el proceso, porque se dan cuenta de que ese aprendizaje que adquirieron les cost\u00f3\u201d, concluy\u00f3.<\/span><\/p>\n<h2>Investigaci\u00f3n e Innovaci\u00f3n Escolar Explora presente<\/h2>\n<p><span style=\"font-weight: 400\">Entre los m\u00e1s de 30 proyectos de investigaci\u00f3n presentes en la Expo Innova, es preciso destacar la participaci\u00f3n de un establecimiento que, gracias a su participaci\u00f3n en la Iniciativa de Investigaci\u00f3n e Innovaci\u00f3n Escolar (IIE) del Proyecto Explora RM Sur Oriente, tuvo la oportunidad de socializar su trabajo en la feria.<\/span><\/p>\n<p><span style=\"font-weight: 400\">Se trata del Colegio Millant\u00fa de la comuna de Macul, el cual expuso sobre la importancia de cuidar las aguas de r\u00edos y lagos, en vista de los efectos negativos que la contaminaci\u00f3n de este recurso puede tener en el consumo humano de frutas o verduras.<\/span><\/p>\n<p><span style=\"font-weight: 400\">La docente a cargo del grupo investigador, Blanca Plaza, calific\u00f3 positivamente la experiencia. \u201cEs muy bueno poder sacar a los alumnos de la escuela, que conozcan otros lugares, se relacionen con otra gente, que sean capaces de explicar su trabajo. Desde ese punto de vista, la experiencia fue absolutamente significativa, tanto para ellos, como para m\u00ed\u201d.<\/span><\/p>\n<p><span style=\"font-weight: 400\">A su vez, enfatiz\u00f3 en c\u00f3mo la instancia no solo fue una experiencia gratificante para sus estudiantes, sino que tambi\u00e9n para ella como profesora. \u201cEl aprendizaje entre pares es bastante significativo. Los estudiantes tambi\u00e9n se daban vuelta por otros <\/span><i><span style=\"font-weight: 400\">stands<\/span><\/i><span style=\"font-weight: 400\"> y preguntaban cosas, y llegaron luego comentando lo que aprendieron de otros colegios. Lo encuentro absolutamente importante. La educaci\u00f3n p\u00fablica debe generar instancias de divulgaci\u00f3n de lo que realizamos en las escuelas, porque muchas est\u00e1n silenciadas\u201d, cerr\u00f3<\/span><\/p>\n<p><strong>Revisa la galer\u00eda de fotos del evento a continuaci\u00f3n:<\/strong>[\/vc_column_text][\/vc_column][\/vc_row][vc_row][vc_column][vc_gallery interval=&#8221;3&#8243; images=&#8221;41078,41079,41080,41081,41082,41083,41084,41085,41086,41087,41088,41089,41090,41091,41092,41093,41094,41095,41096,41097&#8243; img_size=&#8221;600&#215;500&#8243;][\/vc_column][\/vc_row]<\/p>\n","protected":false},"excerpt":{"rendered":"<p>Cientos de estudiantes y docentes participaron de la primera versi\u00f3n de la Expo Innova Gabriela Mistral, realizada en el Centro Cultural Espacio Matta de la comuna de La Granja. Las investigaciones expuestas tuvieron como tema central el cambio clim\u00e1tico y la escasez h\u00eddrica, y fueron presentadas en una feria, con el objetivo de visibilizar experiencias de aprendizaje significativas en los establecimientos dependientes del Servicio Local de Educaci\u00f3n P\u00fablica (SLEP) Gabriela Mistral.<\/p>\n","protected":false},"author":27,"featured_media":41081,"comment_status":"open","ping_status":"open","sticky":false,"template":"","format":"standard","meta":{"_acf_changed":false,"_exactmetrics_skip_tracking":false,"_exactmetrics_sitenote_active":false,"_exactmetrics_sitenote_note":"","_exactmetrics_sitenote_category":0,"footnotes":"","_links_to":"","_links_to_target":""},"categories":[127,143,4,116,126],"tags":[194,276,278,279,277],"class_list":["post-41075","post","type-post","status-publish","format-standard","has-post-thumbnail","hentry","category-iniciativas_publ_grl","category-lugar-8","category-noticias","category-para-comunidad-escolar","category-para-publico-general","tag-comuna-la-granja","tag-expo-innova-gabriela-mistral","tag-macul","tag-san-joaquin","tag-slep-gabriela-mistral"],"acf":[],"yoast_head":"<!-- This site is optimized with the Yoast SEO plugin v26.7 - https:\/\/yoast.com\/wordpress\/plugins\/seo\/ -->\n<title>Primera Expo Innova Gabriela Mistral y una nueva plataforma para la investigaci\u00f3n escolar p\u00fablica - RM Sur Oriente<\/title>\n<meta name=\"robots\" content=\"index, follow, max-snippet:-1, max-image-preview:large, max-video-preview:-1\" \/>\n<link rel=\"canonical\" href=\"https:\/\/dev.explora.cl\/rmsuroriente\/primera-expo-innova-gabriela-mistral-y-una-nueva-plataforma-para-la-investigacion-escolar-publica\/\" class=\"yoast-seo-meta-tag\" \/>\n<meta property=\"og:locale\" content=\"es_ES\" class=\"yoast-seo-meta-tag\" \/>\n<meta property=\"og:type\" content=\"article\" class=\"yoast-seo-meta-tag\" \/>\n<meta property=\"og:title\" content=\"Primera Expo Innova Gabriela Mistral y una nueva plataforma para la investigaci\u00f3n escolar p\u00fablica - RM Sur Oriente\" class=\"yoast-seo-meta-tag\" \/>\n<meta property=\"og:description\" content=\"Cientos de estudiantes y docentes participaron de la primera versi\u00f3n de la Expo Innova Gabriela Mistral, realizada en el Centro Cultural Espacio Matta de la comuna de La Granja. Las investigaciones expuestas tuvieron como tema central el cambio clim\u00e1tico y la escasez h\u00eddrica, y fueron presentadas en una feria, con el objetivo de visibilizar experiencias de aprendizaje significativas en los establecimientos dependientes del Servicio Local de Educaci\u00f3n P\u00fablica (SLEP) Gabriela Mistral.\" class=\"yoast-seo-meta-tag\" \/>\n<meta property=\"og:url\" content=\"https:\/\/dev.explora.cl\/rmsuroriente\/primera-expo-innova-gabriela-mistral-y-una-nueva-plataforma-para-la-investigacion-escolar-publica\/\" class=\"yoast-seo-meta-tag\" \/>\n<meta property=\"og:site_name\" content=\"RM Sur Oriente\" class=\"yoast-seo-meta-tag\" \/>\n<meta property=\"article:published_time\" content=\"2022-10-27T21:13:11+00:00\" class=\"yoast-seo-meta-tag\" \/>\n<meta property=\"article:modified_time\" content=\"2022-12-02T19:46:55+00:00\" class=\"yoast-seo-meta-tag\" \/>\n<meta property=\"og:image\" content=\"https:\/\/dev.explora.cl\/rmsuroriente\/wp-content\/uploads\/sites\/12\/2022\/10\/DSC_5052-1024x684.jpg\" class=\"yoast-seo-meta-tag\" \/>\n\t<meta property=\"og:image:width\" content=\"1024\" class=\"yoast-seo-meta-tag\" \/>\n\t<meta property=\"og:image:height\" content=\"684\" class=\"yoast-seo-meta-tag\" \/>\n\t<meta property=\"og:image:type\" content=\"image\/jpeg\" class=\"yoast-seo-meta-tag\" \/>\n<meta name=\"author\" content=\"RMSO PUC\" class=\"yoast-seo-meta-tag\" \/>\n<meta name=\"twitter:card\" content=\"summary_large_image\" class=\"yoast-seo-meta-tag\" \/>\n<meta name=\"twitter:label1\" content=\"Escrito por\" class=\"yoast-seo-meta-tag\" \/>\n\t<meta name=\"twitter:data1\" content=\"RMSO PUC\" class=\"yoast-seo-meta-tag\" \/>\n\t<meta name=\"twitter:label2\" content=\"Tiempo estimado de lectura\" class=\"yoast-seo-meta-tag\" \/>\n\t<meta name=\"twitter:data2\" content=\"5 minutos\" class=\"yoast-seo-meta-tag\" \/>\n<script type=\"application\/ld+json\" class=\"yoast-schema-graph\">{\"@context\":\"https:\/\/schema.org\",\"@graph\":[{\"@type\":\"Article\",\"@id\":\"https:\/\/dev.explora.cl\/rmsuroriente\/primera-expo-innova-gabriela-mistral-y-una-nueva-plataforma-para-la-investigacion-escolar-publica\/#article\",\"isPartOf\":{\"@id\":\"https:\/\/dev.explora.cl\/rmsuroriente\/primera-expo-innova-gabriela-mistral-y-una-nueva-plataforma-para-la-investigacion-escolar-publica\/\"},\"author\":{\"name\":\"RMSO PUC\",\"@id\":\"https:\/\/dev.explora.cl\/rmsuroriente\/#\/schema\/person\/164f0bfb03507b3d5dd75257d8e71697\"},\"headline\":\"Primera Expo Innova Gabriela Mistral y una nueva plataforma para la investigaci\u00f3n escolar p\u00fablica\",\"datePublished\":\"2022-10-27T21:13:11+00:00\",\"dateModified\":\"2022-12-02T19:46:55+00:00\",\"mainEntityOfPage\":{\"@id\":\"https:\/\/dev.explora.cl\/rmsuroriente\/primera-expo-innova-gabriela-mistral-y-una-nueva-plataforma-para-la-investigacion-escolar-publica\/\"},\"wordCount\":1112,\"commentCount\":0,\"publisher\":{\"@id\":\"https:\/\/dev.explora.cl\/rmsuroriente\/#organization\"},\"image\":{\"@id\":\"https:\/\/dev.explora.cl\/rmsuroriente\/primera-expo-innova-gabriela-mistral-y-una-nueva-plataforma-para-la-investigacion-escolar-publica\/#primaryimage\"},\"thumbnailUrl\":\"https:\/\/dev.explora.cl\/rmsuroriente\/wp-content\/uploads\/sites\/12\/2022\/10\/DSC_5052.jpg\",\"keywords\":[\"comuna La Granja\",\"Expo Innova Gabriela Mistral\",\"Macul\",\"San Joaqu\u00edn\",\"SLEP Gabriela Mistral\"],\"articleSection\":[\"Iniciativas\",\"Lugar 8\",\"Noticias\",\"Para Comunidad Escolar\",\"Para P\u00fablico General\"],\"inLanguage\":\"es-CL\",\"potentialAction\":[{\"@type\":\"CommentAction\",\"name\":\"Comment\",\"target\":[\"https:\/\/dev.explora.cl\/rmsuroriente\/primera-expo-innova-gabriela-mistral-y-una-nueva-plataforma-para-la-investigacion-escolar-publica\/#respond\"]}]},{\"@type\":\"WebPage\",\"@id\":\"https:\/\/dev.explora.cl\/rmsuroriente\/primera-expo-innova-gabriela-mistral-y-una-nueva-plataforma-para-la-investigacion-escolar-publica\/\",\"url\":\"https:\/\/dev.explora.cl\/rmsuroriente\/primera-expo-innova-gabriela-mistral-y-una-nueva-plataforma-para-la-investigacion-escolar-publica\/\",\"name\":\"Primera Expo Innova Gabriela Mistral y una nueva plataforma para la investigaci\u00f3n escolar p\u00fablica - RM Sur Oriente\",\"isPartOf\":{\"@id\":\"https:\/\/dev.explora.cl\/rmsuroriente\/#website\"},\"primaryImageOfPage\":{\"@id\":\"https:\/\/dev.explora.cl\/rmsuroriente\/primera-expo-innova-gabriela-mistral-y-una-nueva-plataforma-para-la-investigacion-escolar-publica\/#primaryimage\"},\"image\":{\"@id\":\"https:\/\/dev.explora.cl\/rmsuroriente\/primera-expo-innova-gabriela-mistral-y-una-nueva-plataforma-para-la-investigacion-escolar-publica\/#primaryimage\"},\"thumbnailUrl\":\"https:\/\/dev.explora.cl\/rmsuroriente\/wp-content\/uploads\/sites\/12\/2022\/10\/DSC_5052.jpg\",\"datePublished\":\"2022-10-27T21:13:11+00:00\",\"dateModified\":\"2022-12-02T19:46:55+00:00\",\"breadcrumb\":{\"@id\":\"https:\/\/dev.explora.cl\/rmsuroriente\/primera-expo-innova-gabriela-mistral-y-una-nueva-plataforma-para-la-investigacion-escolar-publica\/#breadcrumb\"},\"inLanguage\":\"es-CL\",\"potentialAction\":[{\"@type\":\"ReadAction\",\"target\":[\"https:\/\/dev.explora.cl\/rmsuroriente\/primera-expo-innova-gabriela-mistral-y-una-nueva-plataforma-para-la-investigacion-escolar-publica\/\"]}]},{\"@type\":\"ImageObject\",\"inLanguage\":\"es-CL\",\"@id\":\"https:\/\/dev.explora.cl\/rmsuroriente\/primera-expo-innova-gabriela-mistral-y-una-nueva-plataforma-para-la-investigacion-escolar-publica\/#primaryimage\",\"url\":\"https:\/\/dev.explora.cl\/rmsuroriente\/wp-content\/uploads\/sites\/12\/2022\/10\/DSC_5052.jpg\",\"contentUrl\":\"https:\/\/dev.explora.cl\/rmsuroriente\/wp-content\/uploads\/sites\/12\/2022\/10\/DSC_5052.jpg\",\"width\":6016,\"height\":4016},{\"@type\":\"BreadcrumbList\",\"@id\":\"https:\/\/dev.explora.cl\/rmsuroriente\/primera-expo-innova-gabriela-mistral-y-una-nueva-plataforma-para-la-investigacion-escolar-publica\/#breadcrumb\",\"itemListElement\":[{\"@type\":\"ListItem\",\"position\":1,\"name\":\"Portada\",\"item\":\"https:\/\/dev.explora.cl\/rmsuroriente\/\"},{\"@type\":\"ListItem\",\"position\":2,\"name\":\"Primera Expo Innova Gabriela Mistral y una nueva plataforma para la investigaci\u00f3n escolar p\u00fablica\"}]},{\"@type\":\"WebSite\",\"@id\":\"https:\/\/dev.explora.cl\/rmsuroriente\/#website\",\"url\":\"https:\/\/dev.explora.cl\/rmsuroriente\/\",\"name\":\"RM Sur Oriente\",\"description\":\"Otro sitio m\u00e1s de dev.explora.cl\",\"publisher\":{\"@id\":\"https:\/\/dev.explora.cl\/rmsuroriente\/#organization\"},\"potentialAction\":[{\"@type\":\"SearchAction\",\"target\":{\"@type\":\"EntryPoint\",\"urlTemplate\":\"https:\/\/dev.explora.cl\/rmsuroriente\/?s={search_term_string}\"},\"query-input\":{\"@type\":\"PropertyValueSpecification\",\"valueRequired\":true,\"valueName\":\"search_term_string\"}}],\"inLanguage\":\"es-CL\"},{\"@type\":\"Organization\",\"@id\":\"https:\/\/dev.explora.cl\/rmsuroriente\/#organization\",\"name\":\"RM Sur Oriente\",\"url\":\"https:\/\/dev.explora.cl\/rmsuroriente\/\",\"logo\":{\"@type\":\"ImageObject\",\"inLanguage\":\"es-CL\",\"@id\":\"https:\/\/dev.explora.cl\/rmsuroriente\/#\/schema\/logo\/image\/\",\"url\":\"https:\/\/dev.explora.cl\/rmsuroriente\/wp-content\/uploads\/sites\/12\/2025\/04\/cropped-LogoPAR_RMSO-Azul-UC.png\",\"contentUrl\":\"https:\/\/dev.explora.cl\/rmsuroriente\/wp-content\/uploads\/sites\/12\/2025\/04\/cropped-LogoPAR_RMSO-Azul-UC.png\",\"width\":411,\"height\":409,\"caption\":\"RM Sur Oriente\"},\"image\":{\"@id\":\"https:\/\/dev.explora.cl\/rmsuroriente\/#\/schema\/logo\/image\/\"}},{\"@type\":\"Person\",\"@id\":\"https:\/\/dev.explora.cl\/rmsuroriente\/#\/schema\/person\/164f0bfb03507b3d5dd75257d8e71697\",\"name\":\"RMSO PUC\",\"image\":{\"@type\":\"ImageObject\",\"inLanguage\":\"es-CL\",\"@id\":\"https:\/\/dev.explora.cl\/rmsuroriente\/#\/schema\/person\/image\/\",\"url\":\"https:\/\/secure.gravatar.com\/avatar\/16f7131f033ed433ea432d3fc2b04af9756004afdb5a6b61c705d795f6425ea0?s=96&d=mm&r=g\",\"contentUrl\":\"https:\/\/secure.gravatar.com\/avatar\/16f7131f033ed433ea432d3fc2b04af9756004afdb5a6b61c705d795f6425ea0?s=96&d=mm&r=g\",\"caption\":\"RMSO PUC\"},\"url\":\"https:\/\/dev.explora.cl\/rmsuroriente\/author\/myanez\/\"}]}<\/script>\n<!-- \/ Yoast SEO plugin. -->","yoast_head_json":{"title":"Primera Expo Innova Gabriela Mistral y una nueva plataforma para la investigaci\u00f3n escolar p\u00fablica - RM Sur Oriente","robots":{"index":"index","follow":"follow","max-snippet":"max-snippet:-1","max-image-preview":"max-image-preview:large","max-video-preview":"max-video-preview:-1"},"canonical":"https:\/\/dev.explora.cl\/rmsuroriente\/primera-expo-innova-gabriela-mistral-y-una-nueva-plataforma-para-la-investigacion-escolar-publica\/","og_locale":"es_ES","og_type":"article","og_title":"Primera Expo Innova Gabriela Mistral y una nueva plataforma para la investigaci\u00f3n escolar p\u00fablica - RM Sur Oriente","og_description":"Cientos de estudiantes y docentes participaron de la primera versi\u00f3n de la Expo Innova Gabriela Mistral, realizada en el Centro Cultural Espacio Matta de la comuna de La Granja. Las investigaciones expuestas tuvieron como tema central el cambio clim\u00e1tico y la escasez h\u00eddrica, y fueron presentadas en una feria, con el objetivo de visibilizar experiencias de aprendizaje significativas en los establecimientos dependientes del Servicio Local de Educaci\u00f3n P\u00fablica (SLEP) Gabriela Mistral.","og_url":"https:\/\/dev.explora.cl\/rmsuroriente\/primera-expo-innova-gabriela-mistral-y-una-nueva-plataforma-para-la-investigacion-escolar-publica\/","og_site_name":"RM Sur Oriente","article_published_time":"2022-10-27T21:13:11+00:00","article_modified_time":"2022-12-02T19:46:55+00:00","og_image":[{"width":1024,"height":684,"url":"https:\/\/dev.explora.cl\/rmsuroriente\/wp-content\/uploads\/sites\/12\/2022\/10\/DSC_5052-1024x684.jpg","type":"image\/jpeg"}],"author":"RMSO PUC","twitter_card":"summary_large_image","twitter_misc":{"Escrito por":"RMSO PUC","Tiempo estimado de lectura":"5 minutos"},"schema":{"@context":"https:\/\/schema.org","@graph":[{"@type":"Article","@id":"https:\/\/dev.explora.cl\/rmsuroriente\/primera-expo-innova-gabriela-mistral-y-una-nueva-plataforma-para-la-investigacion-escolar-publica\/#article","isPartOf":{"@id":"https:\/\/dev.explora.cl\/rmsuroriente\/primera-expo-innova-gabriela-mistral-y-una-nueva-plataforma-para-la-investigacion-escolar-publica\/"},"author":{"name":"RMSO PUC","@id":"https:\/\/dev.explora.cl\/rmsuroriente\/#\/schema\/person\/164f0bfb03507b3d5dd75257d8e71697"},"headline":"Primera Expo Innova Gabriela Mistral y una nueva plataforma para la investigaci\u00f3n escolar p\u00fablica","datePublished":"2022-10-27T21:13:11+00:00","dateModified":"2022-12-02T19:46:55+00:00","mainEntityOfPage":{"@id":"https:\/\/dev.explora.cl\/rmsuroriente\/primera-expo-innova-gabriela-mistral-y-una-nueva-plataforma-para-la-investigacion-escolar-publica\/"},"wordCount":1112,"commentCount":0,"publisher":{"@id":"https:\/\/dev.explora.cl\/rmsuroriente\/#organization"},"image":{"@id":"https:\/\/dev.explora.cl\/rmsuroriente\/primera-expo-innova-gabriela-mistral-y-una-nueva-plataforma-para-la-investigacion-escolar-publica\/#primaryimage"},"thumbnailUrl":"https:\/\/dev.explora.cl\/rmsuroriente\/wp-content\/uploads\/sites\/12\/2022\/10\/DSC_5052.jpg","keywords":["comuna La Granja","Expo Innova Gabriela Mistral","Macul","San Joaqu\u00edn","SLEP Gabriela Mistral"],"articleSection":["Iniciativas","Lugar 8","Noticias","Para Comunidad Escolar","Para P\u00fablico General"],"inLanguage":"es-CL","potentialAction":[{"@type":"CommentAction","name":"Comment","target":["https:\/\/dev.explora.cl\/rmsuroriente\/primera-expo-innova-gabriela-mistral-y-una-nueva-plataforma-para-la-investigacion-escolar-publica\/#respond"]}]},{"@type":"WebPage","@id":"https:\/\/dev.explora.cl\/rmsuroriente\/primera-expo-innova-gabriela-mistral-y-una-nueva-plataforma-para-la-investigacion-escolar-publica\/","url":"https:\/\/dev.explora.cl\/rmsuroriente\/primera-expo-innova-gabriela-mistral-y-una-nueva-plataforma-para-la-investigacion-escolar-publica\/","name":"Primera Expo Innova Gabriela Mistral y una nueva plataforma para la investigaci\u00f3n escolar p\u00fablica - RM Sur Oriente","isPartOf":{"@id":"https:\/\/dev.explora.cl\/rmsuroriente\/#website"},"primaryImageOfPage":{"@id":"https:\/\/dev.explora.cl\/rmsuroriente\/primera-expo-innova-gabriela-mistral-y-una-nueva-plataforma-para-la-investigacion-escolar-publica\/#primaryimage"},"image":{"@id":"https:\/\/dev.explora.cl\/rmsuroriente\/primera-expo-innova-gabriela-mistral-y-una-nueva-plataforma-para-la-investigacion-escolar-publica\/#primaryimage"},"thumbnailUrl":"https:\/\/dev.explora.cl\/rmsuroriente\/wp-content\/uploads\/sites\/12\/2022\/10\/DSC_5052.jpg","datePublished":"2022-10-27T21:13:11+00:00","dateModified":"2022-12-02T19:46:55+00:00","breadcrumb":{"@id":"https:\/\/dev.explora.cl\/rmsuroriente\/primera-expo-innova-gabriela-mistral-y-una-nueva-plataforma-para-la-investigacion-escolar-publica\/#breadcrumb"},"inLanguage":"es-CL","potentialAction":[{"@type":"ReadAction","target":["https:\/\/dev.explora.cl\/rmsuroriente\/primera-expo-innova-gabriela-mistral-y-una-nueva-plataforma-para-la-investigacion-escolar-publica\/"]}]},{"@type":"ImageObject","inLanguage":"es-CL","@id":"https:\/\/dev.explora.cl\/rmsuroriente\/primera-expo-innova-gabriela-mistral-y-una-nueva-plataforma-para-la-investigacion-escolar-publica\/#primaryimage","url":"https:\/\/dev.explora.cl\/rmsuroriente\/wp-content\/uploads\/sites\/12\/2022\/10\/DSC_5052.jpg","contentUrl":"https:\/\/dev.explora.cl\/rmsuroriente\/wp-content\/uploads\/sites\/12\/2022\/10\/DSC_5052.jpg","width":6016,"height":4016},{"@type":"BreadcrumbList","@id":"https:\/\/dev.explora.cl\/rmsuroriente\/primera-expo-innova-gabriela-mistral-y-una-nueva-plataforma-para-la-investigacion-escolar-publica\/#breadcrumb","itemListElement":[{"@type":"ListItem","position":1,"name":"Portada","item":"https:\/\/dev.explora.cl\/rmsuroriente\/"},{"@type":"ListItem","position":2,"name":"Primera Expo Innova Gabriela Mistral y una nueva plataforma para la investigaci\u00f3n escolar p\u00fablica"}]},{"@type":"WebSite","@id":"https:\/\/dev.explora.cl\/rmsuroriente\/#website","url":"https:\/\/dev.explora.cl\/rmsuroriente\/","name":"RM Sur Oriente","description":"Otro sitio m\u00e1s de dev.explora.cl","publisher":{"@id":"https:\/\/dev.explora.cl\/rmsuroriente\/#organization"},"potentialAction":[{"@type":"SearchAction","target":{"@type":"EntryPoint","urlTemplate":"https:\/\/dev.explora.cl\/rmsuroriente\/?s={search_term_string}"},"query-input":{"@type":"PropertyValueSpecification","valueRequired":true,"valueName":"search_term_string"}}],"inLanguage":"es-CL"},{"@type":"Organization","@id":"https:\/\/dev.explora.cl\/rmsuroriente\/#organization","name":"RM Sur Oriente","url":"https:\/\/dev.explora.cl\/rmsuroriente\/","logo":{"@type":"ImageObject","inLanguage":"es-CL","@id":"https:\/\/dev.explora.cl\/rmsuroriente\/#\/schema\/logo\/image\/","url":"https:\/\/dev.explora.cl\/rmsuroriente\/wp-content\/uploads\/sites\/12\/2025\/04\/cropped-LogoPAR_RMSO-Azul-UC.png","contentUrl":"https:\/\/dev.explora.cl\/rmsuroriente\/wp-content\/uploads\/sites\/12\/2025\/04\/cropped-LogoPAR_RMSO-Azul-UC.png","width":411,"height":409,"caption":"RM Sur Oriente"},"image":{"@id":"https:\/\/dev.explora.cl\/rmsuroriente\/#\/schema\/logo\/image\/"}},{"@type":"Person","@id":"https:\/\/dev.explora.cl\/rmsuroriente\/#\/schema\/person\/164f0bfb03507b3d5dd75257d8e71697","name":"RMSO PUC","image":{"@type":"ImageObject","inLanguage":"es-CL","@id":"https:\/\/dev.explora.cl\/rmsuroriente\/#\/schema\/person\/image\/","url":"https:\/\/secure.gravatar.com\/avatar\/16f7131f033ed433ea432d3fc2b04af9756004afdb5a6b61c705d795f6425ea0?s=96&d=mm&r=g","contentUrl":"https:\/\/secure.gravatar.com\/avatar\/16f7131f033ed433ea432d3fc2b04af9756004afdb5a6b61c705d795f6425ea0?s=96&d=mm&r=g","caption":"RMSO PUC"},"url":"https:\/\/dev.explora.cl\/rmsuroriente\/author\/myanez\/"}]}},"_links":{"self":[{"href":"https:\/\/dev.explora.cl\/rmsuroriente\/wp-json\/wp\/v2\/posts\/41075","targetHints":{"allow":["GET"]}}],"collection":[{"href":"https:\/\/dev.explora.cl\/rmsuroriente\/wp-json\/wp\/v2\/posts"}],"about":[{"href":"https:\/\/dev.explora.cl\/rmsuroriente\/wp-json\/wp\/v2\/types\/post"}],"author":[{"embeddable":true,"href":"https:\/\/dev.explora.cl\/rmsuroriente\/wp-json\/wp\/v2\/users\/27"}],"replies":[{"embeddable":true,"href":"https:\/\/dev.explora.cl\/rmsuroriente\/wp-json\/wp\/v2\/comments?post=41075"}],"version-history":[{"count":5,"href":"https:\/\/dev.explora.cl\/rmsuroriente\/wp-json\/wp\/v2\/posts\/41075\/revisions"}],"predecessor-version":[{"id":41102,"href":"https:\/\/dev.explora.cl\/rmsuroriente\/wp-json\/wp\/v2\/posts\/41075\/revisions\/41102"}],"wp:featuredmedia":[{"embeddable":true,"href":"https:\/\/dev.explora.cl\/rmsuroriente\/wp-json\/wp\/v2\/media\/41081"}],"wp:attachment":[{"href":"https:\/\/dev.explora.cl\/rmsuroriente\/wp-json\/wp\/v2\/media?parent=41075"}],"wp:term":[{"taxonomy":"category","embeddable":true,"href":"https:\/\/dev.explora.cl\/rmsuroriente\/wp-json\/wp\/v2\/categories?post=41075"},{"taxonomy":"post_tag","embeddable":true,"href":"https:\/\/dev.explora.cl\/rmsuroriente\/wp-json\/wp\/v2\/tags?post=41075"}],"curies":[{"name":"wp","href":"https:\/\/api.w.org\/{rel}","templated":true}]}}