{"id":40977,"date":"2022-09-28T20:20:03","date_gmt":"2022-09-28T23:20:03","guid":{"rendered":"https:\/\/dev.explora.cl\/rmsuroriente\/?p=40977"},"modified":"2022-11-03T16:11:55","modified_gmt":"2022-11-03T19:11:55","slug":"estrenoencorto","status":"publish","type":"post","link":"https:\/\/dev.explora.cl\/rmsuroriente\/estrenoencorto\/","title":{"rendered":"Estreno de la 2da temporada de En Corto: Exploremos nuestra ciencia con dos cap\u00edtulos sobre la crisis h\u00eddrica"},"content":{"rendered":"<p>[vc_row][vc_column][vc_column_text]<b>Como parte de las celebraciones del Festival de las Ciencias 2022, el pr\u00f3ximo 6 de octubre, el Proyecto Explora RM Sur Oriente estrenar\u00e1 dos nuevos cap\u00edtulos de la serie documental \u201cEn Corto: Exploremos nuestra ciencia\u201d, los que abordar\u00e1n la sequ\u00eda en Chile y la reutilizaci\u00f3n de aguas contaminadas.<\/b><\/p>\n<p><span style=\"font-weight: 400\">Para conmemorar una nueva versi\u00f3n del Festival de las Ciencias (FECI) 2022, el Proyecto Explora RM Sur Oriente lanzar\u00e1 dos cap\u00edtulos estreno de la serie audiovisual \u201cEn Corto: exploremos nuestra ciencia\u201d, los que invitar\u00e1n a la comunidad a conocer el tema del agua desde dos perspectivas: la mitigaci\u00f3n de la sequ\u00eda y la descontaminaci\u00f3n del agua, temas que ser\u00e1n abordados transdisciplinariamente y en sus diversas \u00e1reas de estudio. El estreno ser\u00e1 el 6 de octubre a trav\u00e9s del <\/span><a href=\"https:\/\/www.youtube.com\/playlist?list=PLhatzRgNMznOWAIsF-Bf7IaPNTPIAlW0a\"><b>canal de YouTube Explora RM Sur Oriente<\/b><\/a><span style=\"font-weight: 400\">.<\/span><\/p>\n<p><span style=\"font-weight: 400\">El cap\u00edtulo 1 <strong>\u201cLa sequ\u00eda y la crisis del agua en Chile\u201d<\/strong>, abordar\u00e1 la realidad de la sequ\u00eda en el pa\u00eds y los diversos estudios que se est\u00e1n realizando para mitigar su efecto y luchar contra la crisis h\u00eddrica.<\/span><\/p>\n<p><span style=\"font-weight: 400\">Por su parte, el cap\u00edtulo 2 <strong>\u201cAguas Contaminadas \u00bfQu\u00e9 hacer para recuperarlas?\u201d<\/strong>, tratar\u00e1 el problema de la contaminaci\u00f3n del agua y el tratamiento de las aguas residuales mediante diversos m\u00e9todos novedosos.<\/span><\/p>\n<p><span style=\"font-weight: 400\">La realizaci\u00f3n de ambos cap\u00edtulos fue posible gracias a la colaboraci\u00f3n y participaci\u00f3n de especialistas de destacadas instituciones y centros de investigaci\u00f3n chilenos, quienes expusieron sus miradas y principales investigaciones en torno a cada tem\u00e1tica. A continuaci\u00f3n, presentamos a las instituciones colaboradoras:<\/span>[\/vc_column_text][\/vc_column][\/vc_row][vc_row][vc_column][vc_column_text]<span style=\"font-weight: 400\">Facultad de Ciencias, Universidad Cat\u00f3lica del Norte<\/span><\/p>\n<p><span style=\"font-weight: 400\">Facultad de Agronom\u00eda, Pontificia Universidad Cat\u00f3lica de Chile<\/span><\/p>\n<p><span style=\"font-weight: 400\">Fundaci\u00f3n Heinrich B\u00f6ll<\/span><\/p>\n<p><span style=\"font-weight: 400\">Hub Ambiental, Universidad de Playa Ancha<\/span><\/p>\n<p><span style=\"font-weight: 400\">Facultad de Ciencias, Universidad de Chile<\/span><\/p>\n<p><span style=\"font-weight: 400\">Proyecto Anillo &#8220;Planta ConCiencia&#8221;, Centro de Biolog\u00eda Molecular Vegetal, Universidad de Chile<\/span><\/p>\n<p><span style=\"font-weight: 400\">Facultad de Qu\u00edmica y Biolog\u00eda, Universidad de Santiago de Chile<\/span><\/p>\n<p><span style=\"font-weight: 400\">Centro de Investigaci\u00f3n en Energ\u00eda Solar (SERC Chile)<\/span><\/p>\n<p><span style=\"font-weight: 400\">Departamento de Qu\u00edmica, Universidad T\u00e9cnica Federico Santa Mar\u00eda<\/span><\/p>\n<p><span style=\"font-weight: 400\">Departamento de Ingenier\u00eda Civil, Facultad de Ciencias F\u00edsicas y Matem\u00e1ticas, Universidad de Chile<\/span><\/p>\n<p><span style=\"font-weight: 400\">Escuela de Medicina Veterinaria, Facultad de Ciencias de la Vida, Universidad Andr\u00e9s Bello<\/span><\/p>\n<p><span style=\"font-weight: 400\">N\u00facleo Milenio para la Investigaci\u00f3n Colaborativa en Resistencia Antimicrobiana (MICROB-R)<\/span><\/p>\n<p>Departamento de Ingenier\u00eda Geoespacial y Ambiental, Facultad de Ingenier\u00eda, Universidad de Santiago de Chile[\/vc_column_text][\/vc_column][\/vc_row][vc_row][vc_column][vc_column_text]<span style=\"font-weight: 400\">Te invitamos a celebrar juntos el Festival de las Ciencias 2022, una actividad nacional organizada por el Ministerio de Ciencia, Tecnolog\u00eda, Conocimiento e Innovaci\u00f3n, los Proyectos Asociativos Regionales y destacadas instituciones cient\u00edficas y acad\u00e9micas del pa\u00eds, y que promueve la generaci\u00f3n de espacios para la discusi\u00f3n abierta de temas de actualidad desde los territorios y las ciencias.<\/span><\/p>\n<p><span style=\"font-weight: 400\">Para revivir la primera temporada de \u201cEn Corto: exploremos nuestra Ciencia\u201d te invitamos a hacer click aqu\u00ed.<\/span>[\/vc_column_text][\/vc_column][\/vc_row][vc_row][vc_column width=&#8221;1\/2&#8243;][vc_single_image image=&#8221;40981&#8243; img_size=&#8221;full&#8221;][\/vc_column][vc_column width=&#8221;1\/2&#8243;][vc_single_image image=&#8221;40980&#8243; img_size=&#8221;full&#8221;][\/vc_column][\/vc_row]<\/p>\n","protected":false},"excerpt":{"rendered":"<p>Como parte de las celebraciones del Festival de las Ciencias 2022, el pr\u00f3ximo 6 de octubre, el Proyecto Explora RM Sur Oriente estrenar\u00e1 dos nuevos cap\u00edtulos de la serie documental \u201cEn Corto: Exploremos nuestra ciencia\u201d, los que abordar\u00e1n la sequ\u00eda en Chile y la reutilizaci\u00f3n de aguas contaminadas.<\/p>\n","protected":false},"author":27,"featured_media":0,"comment_status":"open","ping_status":"open","sticky":false,"template":"","format":"standard","meta":{"_acf_changed":false,"_exactmetrics_skip_tracking":false,"_exactmetrics_sitenote_active":false,"_exactmetrics_sitenote_note":"","_exactmetrics_sitenote_category":0,"footnotes":"","_links_to":"","_links_to_target":""},"categories":[127,142,4,126,1],"tags":[],"class_list":["post-40977","post","type-post","status-publish","format-standard","hentry","category-iniciativas_publ_grl","category-lugar-7","category-noticias","category-para-publico-general","category-sin-categoria"],"acf":[],"yoast_head":"<!-- This site is optimized with the Yoast SEO plugin v26.7 - https:\/\/yoast.com\/wordpress\/plugins\/seo\/ -->\n<title>Estreno de la 2da temporada de En Corto: Exploremos nuestra ciencia con dos cap\u00edtulos sobre la crisis h\u00eddrica - RM Sur Oriente<\/title>\n<meta name=\"description\" content=\"Explora RM SO estrenar\u00e1 dos cap\u00edtulos de la serie \u201cEn Corto: Exploremos nuestra ciencia\u201d, la sequ\u00eda en Chile y la reutilizaci\u00f3n de aguas contaminadas.\" class=\"yoast-seo-meta-tag\" \/>\n<meta name=\"robots\" content=\"index, follow, max-snippet:-1, max-image-preview:large, max-video-preview:-1\" \/>\n<link rel=\"canonical\" href=\"https:\/\/dev.explora.cl\/rmsuroriente\/estrenoencorto\/\" class=\"yoast-seo-meta-tag\" \/>\n<meta property=\"og:locale\" content=\"es_ES\" class=\"yoast-seo-meta-tag\" \/>\n<meta property=\"og:type\" content=\"article\" class=\"yoast-seo-meta-tag\" \/>\n<meta property=\"og:title\" content=\"Estreno de la 2da temporada de En Corto: Exploremos nuestra ciencia con dos cap\u00edtulos sobre la crisis h\u00eddrica - RM Sur Oriente\" class=\"yoast-seo-meta-tag\" \/>\n<meta property=\"og:description\" content=\"Explora RM SO estrenar\u00e1 dos cap\u00edtulos de la serie \u201cEn Corto: Exploremos nuestra ciencia\u201d, la sequ\u00eda en Chile y la reutilizaci\u00f3n de aguas contaminadas.\" class=\"yoast-seo-meta-tag\" \/>\n<meta property=\"og:url\" content=\"https:\/\/dev.explora.cl\/rmsuroriente\/estrenoencorto\/\" class=\"yoast-seo-meta-tag\" \/>\n<meta property=\"og:site_name\" content=\"RM Sur Oriente\" class=\"yoast-seo-meta-tag\" \/>\n<meta property=\"article:published_time\" content=\"2022-09-28T23:20:03+00:00\" class=\"yoast-seo-meta-tag\" \/>\n<meta property=\"article:modified_time\" content=\"2022-11-03T19:11:55+00:00\" class=\"yoast-seo-meta-tag\" \/>\n<meta name=\"author\" content=\"RMSO PUC\" class=\"yoast-seo-meta-tag\" \/>\n<meta name=\"twitter:card\" content=\"summary_large_image\" class=\"yoast-seo-meta-tag\" \/>\n<meta name=\"twitter:label1\" content=\"Escrito por\" class=\"yoast-seo-meta-tag\" \/>\n\t<meta name=\"twitter:data1\" content=\"RMSO PUC\" class=\"yoast-seo-meta-tag\" \/>\n\t<meta name=\"twitter:label2\" content=\"Tiempo estimado de lectura\" class=\"yoast-seo-meta-tag\" \/>\n\t<meta name=\"twitter:data2\" content=\"3 minutos\" class=\"yoast-seo-meta-tag\" \/>\n<script type=\"application\/ld+json\" class=\"yoast-schema-graph\">{\"@context\":\"https:\/\/schema.org\",\"@graph\":[{\"@type\":\"Article\",\"@id\":\"https:\/\/dev.explora.cl\/rmsuroriente\/estrenoencorto\/#article\",\"isPartOf\":{\"@id\":\"https:\/\/dev.explora.cl\/rmsuroriente\/estrenoencorto\/\"},\"author\":{\"name\":\"RMSO PUC\",\"@id\":\"https:\/\/dev.explora.cl\/rmsuroriente\/#\/schema\/person\/164f0bfb03507b3d5dd75257d8e71697\"},\"headline\":\"Estreno de la 2da temporada de En Corto: Exploremos nuestra ciencia con dos cap\u00edtulos sobre la crisis h\u00eddrica\",\"datePublished\":\"2022-09-28T23:20:03+00:00\",\"dateModified\":\"2022-11-03T19:11:55+00:00\",\"mainEntityOfPage\":{\"@id\":\"https:\/\/dev.explora.cl\/rmsuroriente\/estrenoencorto\/\"},\"wordCount\":577,\"commentCount\":0,\"publisher\":{\"@id\":\"https:\/\/dev.explora.cl\/rmsuroriente\/#organization\"},\"articleSection\":[\"Iniciativas\",\"Lugar 7\",\"Noticias\",\"Para P\u00fablico General\"],\"inLanguage\":\"es-CL\",\"potentialAction\":[{\"@type\":\"CommentAction\",\"name\":\"Comment\",\"target\":[\"https:\/\/dev.explora.cl\/rmsuroriente\/estrenoencorto\/#respond\"]}]},{\"@type\":\"WebPage\",\"@id\":\"https:\/\/dev.explora.cl\/rmsuroriente\/estrenoencorto\/\",\"url\":\"https:\/\/dev.explora.cl\/rmsuroriente\/estrenoencorto\/\",\"name\":\"Estreno de la 2da temporada de En Corto: Exploremos nuestra ciencia con dos cap\u00edtulos sobre la crisis h\u00eddrica - RM Sur Oriente\",\"isPartOf\":{\"@id\":\"https:\/\/dev.explora.cl\/rmsuroriente\/#website\"},\"datePublished\":\"2022-09-28T23:20:03+00:00\",\"dateModified\":\"2022-11-03T19:11:55+00:00\",\"description\":\"Explora RM SO estrenar\u00e1 dos cap\u00edtulos de la serie \u201cEn Corto: Exploremos nuestra ciencia\u201d, la sequ\u00eda en Chile y la reutilizaci\u00f3n de aguas contaminadas.\",\"breadcrumb\":{\"@id\":\"https:\/\/dev.explora.cl\/rmsuroriente\/estrenoencorto\/#breadcrumb\"},\"inLanguage\":\"es-CL\",\"potentialAction\":[{\"@type\":\"ReadAction\",\"target\":[\"https:\/\/dev.explora.cl\/rmsuroriente\/estrenoencorto\/\"]}]},{\"@type\":\"BreadcrumbList\",\"@id\":\"https:\/\/dev.explora.cl\/rmsuroriente\/estrenoencorto\/#breadcrumb\",\"itemListElement\":[{\"@type\":\"ListItem\",\"position\":1,\"name\":\"Portada\",\"item\":\"https:\/\/dev.explora.cl\/rmsuroriente\/\"},{\"@type\":\"ListItem\",\"position\":2,\"name\":\"Estreno de la 2da temporada de En Corto: Exploremos nuestra ciencia con dos cap\u00edtulos sobre la crisis h\u00eddrica\"}]},{\"@type\":\"WebSite\",\"@id\":\"https:\/\/dev.explora.cl\/rmsuroriente\/#website\",\"url\":\"https:\/\/dev.explora.cl\/rmsuroriente\/\",\"name\":\"RM Sur Oriente\",\"description\":\"Otro sitio m\u00e1s de dev.explora.cl\",\"publisher\":{\"@id\":\"https:\/\/dev.explora.cl\/rmsuroriente\/#organization\"},\"potentialAction\":[{\"@type\":\"SearchAction\",\"target\":{\"@type\":\"EntryPoint\",\"urlTemplate\":\"https:\/\/dev.explora.cl\/rmsuroriente\/?s={search_term_string}\"},\"query-input\":{\"@type\":\"PropertyValueSpecification\",\"valueRequired\":true,\"valueName\":\"search_term_string\"}}],\"inLanguage\":\"es-CL\"},{\"@type\":\"Organization\",\"@id\":\"https:\/\/dev.explora.cl\/rmsuroriente\/#organization\",\"name\":\"RM Sur Oriente\",\"url\":\"https:\/\/dev.explora.cl\/rmsuroriente\/\",\"logo\":{\"@type\":\"ImageObject\",\"inLanguage\":\"es-CL\",\"@id\":\"https:\/\/dev.explora.cl\/rmsuroriente\/#\/schema\/logo\/image\/\",\"url\":\"https:\/\/dev.explora.cl\/rmsuroriente\/wp-content\/uploads\/sites\/12\/2025\/04\/cropped-LogoPAR_RMSO-Azul-UC.png\",\"contentUrl\":\"https:\/\/dev.explora.cl\/rmsuroriente\/wp-content\/uploads\/sites\/12\/2025\/04\/cropped-LogoPAR_RMSO-Azul-UC.png\",\"width\":411,\"height\":409,\"caption\":\"RM Sur Oriente\"},\"image\":{\"@id\":\"https:\/\/dev.explora.cl\/rmsuroriente\/#\/schema\/logo\/image\/\"}},{\"@type\":\"Person\",\"@id\":\"https:\/\/dev.explora.cl\/rmsuroriente\/#\/schema\/person\/164f0bfb03507b3d5dd75257d8e71697\",\"name\":\"RMSO PUC\",\"image\":{\"@type\":\"ImageObject\",\"inLanguage\":\"es-CL\",\"@id\":\"https:\/\/dev.explora.cl\/rmsuroriente\/#\/schema\/person\/image\/\",\"url\":\"https:\/\/secure.gravatar.com\/avatar\/16f7131f033ed433ea432d3fc2b04af9756004afdb5a6b61c705d795f6425ea0?s=96&d=mm&r=g\",\"contentUrl\":\"https:\/\/secure.gravatar.com\/avatar\/16f7131f033ed433ea432d3fc2b04af9756004afdb5a6b61c705d795f6425ea0?s=96&d=mm&r=g\",\"caption\":\"RMSO PUC\"},\"url\":\"https:\/\/dev.explora.cl\/rmsuroriente\/author\/myanez\/\"}]}<\/script>\n<!-- \/ Yoast SEO plugin. -->","yoast_head_json":{"title":"Estreno de la 2da temporada de En Corto: Exploremos nuestra ciencia con dos cap\u00edtulos sobre la crisis h\u00eddrica - RM Sur Oriente","description":"Explora RM SO estrenar\u00e1 dos cap\u00edtulos de la serie \u201cEn Corto: Exploremos nuestra ciencia\u201d, la sequ\u00eda en Chile y la reutilizaci\u00f3n de aguas contaminadas.","robots":{"index":"index","follow":"follow","max-snippet":"max-snippet:-1","max-image-preview":"max-image-preview:large","max-video-preview":"max-video-preview:-1"},"canonical":"https:\/\/dev.explora.cl\/rmsuroriente\/estrenoencorto\/","og_locale":"es_ES","og_type":"article","og_title":"Estreno de la 2da temporada de En Corto: Exploremos nuestra ciencia con dos cap\u00edtulos sobre la crisis h\u00eddrica - RM Sur Oriente","og_description":"Explora RM SO estrenar\u00e1 dos cap\u00edtulos de la serie \u201cEn Corto: Exploremos nuestra ciencia\u201d, la sequ\u00eda en Chile y la reutilizaci\u00f3n de aguas contaminadas.","og_url":"https:\/\/dev.explora.cl\/rmsuroriente\/estrenoencorto\/","og_site_name":"RM Sur Oriente","article_published_time":"2022-09-28T23:20:03+00:00","article_modified_time":"2022-11-03T19:11:55+00:00","author":"RMSO PUC","twitter_card":"summary_large_image","twitter_misc":{"Escrito por":"RMSO PUC","Tiempo estimado de lectura":"3 minutos"},"schema":{"@context":"https:\/\/schema.org","@graph":[{"@type":"Article","@id":"https:\/\/dev.explora.cl\/rmsuroriente\/estrenoencorto\/#article","isPartOf":{"@id":"https:\/\/dev.explora.cl\/rmsuroriente\/estrenoencorto\/"},"author":{"name":"RMSO PUC","@id":"https:\/\/dev.explora.cl\/rmsuroriente\/#\/schema\/person\/164f0bfb03507b3d5dd75257d8e71697"},"headline":"Estreno de la 2da temporada de En Corto: Exploremos nuestra ciencia con dos cap\u00edtulos sobre la crisis h\u00eddrica","datePublished":"2022-09-28T23:20:03+00:00","dateModified":"2022-11-03T19:11:55+00:00","mainEntityOfPage":{"@id":"https:\/\/dev.explora.cl\/rmsuroriente\/estrenoencorto\/"},"wordCount":577,"commentCount":0,"publisher":{"@id":"https:\/\/dev.explora.cl\/rmsuroriente\/#organization"},"articleSection":["Iniciativas","Lugar 7","Noticias","Para P\u00fablico General"],"inLanguage":"es-CL","potentialAction":[{"@type":"CommentAction","name":"Comment","target":["https:\/\/dev.explora.cl\/rmsuroriente\/estrenoencorto\/#respond"]}]},{"@type":"WebPage","@id":"https:\/\/dev.explora.cl\/rmsuroriente\/estrenoencorto\/","url":"https:\/\/dev.explora.cl\/rmsuroriente\/estrenoencorto\/","name":"Estreno de la 2da temporada de En Corto: Exploremos nuestra ciencia con dos cap\u00edtulos sobre la crisis h\u00eddrica - RM Sur Oriente","isPartOf":{"@id":"https:\/\/dev.explora.cl\/rmsuroriente\/#website"},"datePublished":"2022-09-28T23:20:03+00:00","dateModified":"2022-11-03T19:11:55+00:00","description":"Explora RM SO estrenar\u00e1 dos cap\u00edtulos de la serie \u201cEn Corto: Exploremos nuestra ciencia\u201d, la sequ\u00eda en Chile y la reutilizaci\u00f3n de aguas contaminadas.","breadcrumb":{"@id":"https:\/\/dev.explora.cl\/rmsuroriente\/estrenoencorto\/#breadcrumb"},"inLanguage":"es-CL","potentialAction":[{"@type":"ReadAction","target":["https:\/\/dev.explora.cl\/rmsuroriente\/estrenoencorto\/"]}]},{"@type":"BreadcrumbList","@id":"https:\/\/dev.explora.cl\/rmsuroriente\/estrenoencorto\/#breadcrumb","itemListElement":[{"@type":"ListItem","position":1,"name":"Portada","item":"https:\/\/dev.explora.cl\/rmsuroriente\/"},{"@type":"ListItem","position":2,"name":"Estreno de la 2da temporada de En Corto: Exploremos nuestra ciencia con dos cap\u00edtulos sobre la crisis h\u00eddrica"}]},{"@type":"WebSite","@id":"https:\/\/dev.explora.cl\/rmsuroriente\/#website","url":"https:\/\/dev.explora.cl\/rmsuroriente\/","name":"RM Sur Oriente","description":"Otro sitio m\u00e1s de dev.explora.cl","publisher":{"@id":"https:\/\/dev.explora.cl\/rmsuroriente\/#organization"},"potentialAction":[{"@type":"SearchAction","target":{"@type":"EntryPoint","urlTemplate":"https:\/\/dev.explora.cl\/rmsuroriente\/?s={search_term_string}"},"query-input":{"@type":"PropertyValueSpecification","valueRequired":true,"valueName":"search_term_string"}}],"inLanguage":"es-CL"},{"@type":"Organization","@id":"https:\/\/dev.explora.cl\/rmsuroriente\/#organization","name":"RM Sur Oriente","url":"https:\/\/dev.explora.cl\/rmsuroriente\/","logo":{"@type":"ImageObject","inLanguage":"es-CL","@id":"https:\/\/dev.explora.cl\/rmsuroriente\/#\/schema\/logo\/image\/","url":"https:\/\/dev.explora.cl\/rmsuroriente\/wp-content\/uploads\/sites\/12\/2025\/04\/cropped-LogoPAR_RMSO-Azul-UC.png","contentUrl":"https:\/\/dev.explora.cl\/rmsuroriente\/wp-content\/uploads\/sites\/12\/2025\/04\/cropped-LogoPAR_RMSO-Azul-UC.png","width":411,"height":409,"caption":"RM Sur Oriente"},"image":{"@id":"https:\/\/dev.explora.cl\/rmsuroriente\/#\/schema\/logo\/image\/"}},{"@type":"Person","@id":"https:\/\/dev.explora.cl\/rmsuroriente\/#\/schema\/person\/164f0bfb03507b3d5dd75257d8e71697","name":"RMSO PUC","image":{"@type":"ImageObject","inLanguage":"es-CL","@id":"https:\/\/dev.explora.cl\/rmsuroriente\/#\/schema\/person\/image\/","url":"https:\/\/secure.gravatar.com\/avatar\/16f7131f033ed433ea432d3fc2b04af9756004afdb5a6b61c705d795f6425ea0?s=96&d=mm&r=g","contentUrl":"https:\/\/secure.gravatar.com\/avatar\/16f7131f033ed433ea432d3fc2b04af9756004afdb5a6b61c705d795f6425ea0?s=96&d=mm&r=g","caption":"RMSO PUC"},"url":"https:\/\/dev.explora.cl\/rmsuroriente\/author\/myanez\/"}]}},"_links":{"self":[{"href":"https:\/\/dev.explora.cl\/rmsuroriente\/wp-json\/wp\/v2\/posts\/40977","targetHints":{"allow":["GET"]}}],"collection":[{"href":"https:\/\/dev.explora.cl\/rmsuroriente\/wp-json\/wp\/v2\/posts"}],"about":[{"href":"https:\/\/dev.explora.cl\/rmsuroriente\/wp-json\/wp\/v2\/types\/post"}],"author":[{"embeddable":true,"href":"https:\/\/dev.explora.cl\/rmsuroriente\/wp-json\/wp\/v2\/users\/27"}],"replies":[{"embeddable":true,"href":"https:\/\/dev.explora.cl\/rmsuroriente\/wp-json\/wp\/v2\/comments?post=40977"}],"version-history":[{"count":6,"href":"https:\/\/dev.explora.cl\/rmsuroriente\/wp-json\/wp\/v2\/posts\/40977\/revisions"}],"predecessor-version":[{"id":40994,"href":"https:\/\/dev.explora.cl\/rmsuroriente\/wp-json\/wp\/v2\/posts\/40977\/revisions\/40994"}],"wp:attachment":[{"href":"https:\/\/dev.explora.cl\/rmsuroriente\/wp-json\/wp\/v2\/media?parent=40977"}],"wp:term":[{"taxonomy":"category","embeddable":true,"href":"https:\/\/dev.explora.cl\/rmsuroriente\/wp-json\/wp\/v2\/categories?post=40977"},{"taxonomy":"post_tag","embeddable":true,"href":"https:\/\/dev.explora.cl\/rmsuroriente\/wp-json\/wp\/v2\/tags?post=40977"}],"curies":[{"name":"wp","href":"https:\/\/api.w.org\/{rel}","templated":true}]}}