{"id":40911,"date":"2022-09-09T13:56:50","date_gmt":"2022-09-09T16:56:50","guid":{"rendered":"https:\/\/dev.explora.cl\/rmsuroriente\/?p=40911"},"modified":"2022-10-18T10:16:48","modified_gmt":"2022-10-18T13:16:48","slug":"campeonato-de-cueca-en-pedro-aguirre-cerda-conto-charla-sobre-historia-del-baile","status":"publish","type":"post","link":"https:\/\/dev.explora.cl\/rmsuroriente\/campeonato-de-cueca-en-pedro-aguirre-cerda-conto-charla-sobre-historia-del-baile\/","title":{"rendered":"Campeonato de cueca en Pedro Aguirre Cerda cont\u00f3 charla sobre historia del baile"},"content":{"rendered":"<p>[vc_row][vc_column][vc_column_text]<span style=\"font-weight: 400\">El 7 de septiembre el Mag\u00edster en Did\u00e1ctica de la M\u00fasica de la Universidad Mayor, Luis Lemus, present\u00f3 a la comunidad de Pedro Aguirre Cerda la charla &#8220;Viajando por la historia de la cueca&#8221;, actividad que se realiz\u00f3 en el marco de Ciencia Abierta del Proyecto Explora RM Sur Oriente. En esta oportunidad, el investigador ahond\u00f3 en la importancia de las notas bajas en la tonada de la cueca y tambi\u00e9n en los or\u00edgenes del baile t\u00edpico nacional.\u00a0<\/span><\/p>\n<p><span style=\"font-weight: 400\">La instancia, realizada en la Casa de la Cultura Concejal Eduardo Cancino C\u00e1ceres, cont\u00f3 con la presencia de m\u00e1s de 200 ni\u00f1os, ni\u00f1as, apoderados y educadores, adem\u00e1s del alcalde y otras autoridades comunales.\u00a0<\/span><\/p>\n<p><span style=\"font-weight: 400\">La exposici\u00f3n del m\u00fasico se dio en medio del torneo de cueca escolar m\u00e1s importante de la comuna, que volvi\u00f3 a realizarse tras dos a\u00f1os de pausa por la pandemia, y que consider\u00f3 la participaci\u00f3n de estudiantes y profesores en al menos cuatro categor\u00edas.<\/span><\/p>\n<p><span style=\"font-weight: 400\">El edil, Luis Alberto Astudillo, valor\u00f3 el aporte de la iniciativa de Explora, al se\u00f1alar la importancia de <\/span><b>\u201cpoder ense\u00f1arnos los or\u00edgenes de nuestro baile nacional y c\u00f3mo ha ido evolucionando en lo musical a lo largo del tiempo\u201d, <\/b><span style=\"font-weight: 400\">y adem\u00e1s, calific\u00f3 el evento como <\/span><b>\u201cuna jornada maravillosa\u201d.<\/b><\/p>\n<p><span style=\"font-weight: 400\">Por su parte, la Coordinadora de la Unidad T\u00e9cnico Pedag\u00f3gica municipal, Claudia Rivas, puso hincapi\u00e9 en el impacto del torneo de cueca entre los j\u00f3venes de la comuna. <\/span><b>\u201cLos ni\u00f1os se entusiasman, los profesores se motivan y pasa a ser una fiesta que da comienzo a las fiestas patrias en la comuna, as\u00ed que tiene un significado bastante emotivo\u201d.<\/b><\/p>\n<p><span style=\"font-weight: 400\">A su vez, celebr\u00f3 la numerosa participaci\u00f3n de ni\u00f1as y ni\u00f1os, uno de los principales objetivos de la organizaci\u00f3n. <\/span><b>\u201cEstuvimos con el auditorio lleno e incluso tuvimos que hacer varios bloques, al no caber todas las personas\u201d.<\/b><\/p>\n<p><span style=\"font-weight: 400\">Por otra parte, en el evento destac\u00f3 tambi\u00e9n la numerosa participaci\u00f3n de familias migrantes, lo que grafica una de las caracter\u00edsticas de la zona.<\/span><\/p>\n<p><span style=\"font-weight: 400\">En la actualidad, Pedro Aguirre Cerda es una de las contadas comunas de la Regi\u00f3n Metropolitana que cuenta con una Oficina de Asuntos Migrantes, debido al alto n\u00famero de poblaci\u00f3n extranjera que habita sus poblaciones, con un marcado n\u00famero de poblaci\u00f3n haitiana, seg\u00fan datos del \u00faltimo censo, realizado en 2017.<\/span><\/p>\n<p><span style=\"font-weight: 400\">En opini\u00f3n del alcalde Astudillo, la integraci\u00f3n de dicha poblaci\u00f3n en eventos como este solo trae enriquecimiento a la cultura <\/span><b>\u201cal poder compartir juntos el baile nacional\u201d.<\/b><\/p>\n<p><span style=\"font-weight: 400\">Jonathan Mu\u00f1oz, estudiante de la Escuela Ciudad de Barcelona y competidor del torneo, destac\u00f3 la charla de Luis Lemus, por mostrar cosas que no se ense\u00f1an en los colegios y destac\u00f3 la multiculturalidad del evento,<strong> \u201cme alegra que haya gente extranjera disfrute el baile nacional como uno.\u201d<\/strong><\/span>[\/vc_column_text][\/vc_column][\/vc_row][vc_row][vc_column][vc_gallery interval=&#8221;3&#8243; images=&#8221;40914,40915,40916,40913,40912&#8243; img_size=&#8221;600&#215;480&#8243;][\/vc_column][\/vc_row]<\/p>\n","protected":false},"excerpt":{"rendered":"<p>El 7 de septiembre el Mag\u00edster en Did\u00e1ctica de la M\u00fasica de la Universidad Mayor, Luis Lemus, present\u00f3 a la comunidad de Pedro Aguirre Cerda la charla &#8220;Viajando por la historia de la cueca&#8221;, actividad que se realiz\u00f3 en el marco de Ciencia Abierta del Proyecto Explora RM Sur Oriente. En esta oportunidad, el investigador ahond\u00f3 en la importancia de las notas bajas en la tonada de la cueca y tambi\u00e9n en los or\u00edgenes del baile t\u00edpico nacional.<\/p>\n","protected":false},"author":27,"featured_media":0,"comment_status":"open","ping_status":"open","sticky":false,"template":"","format":"standard","meta":{"_acf_changed":false,"_exactmetrics_skip_tracking":false,"_exactmetrics_sitenote_active":false,"_exactmetrics_sitenote_note":"","_exactmetrics_sitenote_category":0,"footnotes":"","_links_to":"","_links_to_target":""},"categories":[127,4,126],"tags":[],"class_list":["post-40911","post","type-post","status-publish","format-standard","hentry","category-iniciativas_publ_grl","category-noticias","category-para-publico-general"],"acf":[],"yoast_head":"<!-- This site is optimized with the Yoast SEO plugin v26.7 - https:\/\/yoast.com\/wordpress\/plugins\/seo\/ -->\n<title>Campeonato de cueca en Pedro Aguirre Cerda cont\u00f3 charla sobre historia del baile - RM Sur Oriente<\/title>\n<meta name=\"description\" content=\"El 7 de septiembre el Mg en Did\u00e1ctica de la M\u00fasica de la U Mayor, Luis Lemus, present\u00f3 en Pedro Aguirre Cerda &quot;Viajando por la historia de la cueca&quot;.\" class=\"yoast-seo-meta-tag\" \/>\n<meta name=\"robots\" content=\"index, follow, max-snippet:-1, max-image-preview:large, max-video-preview:-1\" \/>\n<link rel=\"canonical\" href=\"https:\/\/dev.explora.cl\/rmsuroriente\/campeonato-de-cueca-en-pedro-aguirre-cerda-conto-charla-sobre-historia-del-baile\/\" class=\"yoast-seo-meta-tag\" \/>\n<meta property=\"og:locale\" content=\"es_ES\" class=\"yoast-seo-meta-tag\" \/>\n<meta property=\"og:type\" content=\"article\" class=\"yoast-seo-meta-tag\" \/>\n<meta property=\"og:title\" content=\"Campeonato de cueca en Pedro Aguirre Cerda cont\u00f3 charla sobre historia del baile - RM Sur Oriente\" class=\"yoast-seo-meta-tag\" \/>\n<meta property=\"og:description\" content=\"El 7 de septiembre el Mg en Did\u00e1ctica de la M\u00fasica de la U Mayor, Luis Lemus, present\u00f3 en Pedro Aguirre Cerda &quot;Viajando por la historia de la cueca&quot;.\" class=\"yoast-seo-meta-tag\" \/>\n<meta property=\"og:url\" content=\"https:\/\/dev.explora.cl\/rmsuroriente\/campeonato-de-cueca-en-pedro-aguirre-cerda-conto-charla-sobre-historia-del-baile\/\" class=\"yoast-seo-meta-tag\" \/>\n<meta property=\"og:site_name\" content=\"RM Sur Oriente\" class=\"yoast-seo-meta-tag\" \/>\n<meta property=\"article:published_time\" content=\"2022-09-09T16:56:50+00:00\" class=\"yoast-seo-meta-tag\" \/>\n<meta property=\"article:modified_time\" content=\"2022-10-18T13:16:48+00:00\" class=\"yoast-seo-meta-tag\" \/>\n<meta name=\"author\" content=\"RMSO PUC\" class=\"yoast-seo-meta-tag\" \/>\n<meta name=\"twitter:card\" content=\"summary_large_image\" class=\"yoast-seo-meta-tag\" \/>\n<meta name=\"twitter:label1\" content=\"Escrito por\" class=\"yoast-seo-meta-tag\" \/>\n\t<meta name=\"twitter:data1\" content=\"RMSO PUC\" class=\"yoast-seo-meta-tag\" \/>\n\t<meta name=\"twitter:label2\" content=\"Tiempo estimado de lectura\" class=\"yoast-seo-meta-tag\" \/>\n\t<meta name=\"twitter:data2\" content=\"3 minutos\" class=\"yoast-seo-meta-tag\" \/>\n<script type=\"application\/ld+json\" class=\"yoast-schema-graph\">{\"@context\":\"https:\/\/schema.org\",\"@graph\":[{\"@type\":\"Article\",\"@id\":\"https:\/\/dev.explora.cl\/rmsuroriente\/campeonato-de-cueca-en-pedro-aguirre-cerda-conto-charla-sobre-historia-del-baile\/#article\",\"isPartOf\":{\"@id\":\"https:\/\/dev.explora.cl\/rmsuroriente\/campeonato-de-cueca-en-pedro-aguirre-cerda-conto-charla-sobre-historia-del-baile\/\"},\"author\":{\"name\":\"RMSO PUC\",\"@id\":\"https:\/\/dev.explora.cl\/rmsuroriente\/#\/schema\/person\/164f0bfb03507b3d5dd75257d8e71697\"},\"headline\":\"Campeonato de cueca en Pedro Aguirre Cerda cont\u00f3 charla sobre historia del baile\",\"datePublished\":\"2022-09-09T16:56:50+00:00\",\"dateModified\":\"2022-10-18T13:16:48+00:00\",\"mainEntityOfPage\":{\"@id\":\"https:\/\/dev.explora.cl\/rmsuroriente\/campeonato-de-cueca-en-pedro-aguirre-cerda-conto-charla-sobre-historia-del-baile\/\"},\"wordCount\":530,\"commentCount\":0,\"publisher\":{\"@id\":\"https:\/\/dev.explora.cl\/rmsuroriente\/#organization\"},\"articleSection\":[\"Iniciativas\",\"Noticias\",\"Para P\u00fablico General\"],\"inLanguage\":\"es-CL\",\"potentialAction\":[{\"@type\":\"CommentAction\",\"name\":\"Comment\",\"target\":[\"https:\/\/dev.explora.cl\/rmsuroriente\/campeonato-de-cueca-en-pedro-aguirre-cerda-conto-charla-sobre-historia-del-baile\/#respond\"]}]},{\"@type\":\"WebPage\",\"@id\":\"https:\/\/dev.explora.cl\/rmsuroriente\/campeonato-de-cueca-en-pedro-aguirre-cerda-conto-charla-sobre-historia-del-baile\/\",\"url\":\"https:\/\/dev.explora.cl\/rmsuroriente\/campeonato-de-cueca-en-pedro-aguirre-cerda-conto-charla-sobre-historia-del-baile\/\",\"name\":\"Campeonato de cueca en Pedro Aguirre Cerda cont\u00f3 charla sobre historia del baile - RM Sur Oriente\",\"isPartOf\":{\"@id\":\"https:\/\/dev.explora.cl\/rmsuroriente\/#website\"},\"datePublished\":\"2022-09-09T16:56:50+00:00\",\"dateModified\":\"2022-10-18T13:16:48+00:00\",\"description\":\"El 7 de septiembre el Mg en Did\u00e1ctica de la M\u00fasica de la U Mayor, Luis Lemus, present\u00f3 en Pedro Aguirre Cerda \\\"Viajando por la historia de la cueca\\\".\",\"breadcrumb\":{\"@id\":\"https:\/\/dev.explora.cl\/rmsuroriente\/campeonato-de-cueca-en-pedro-aguirre-cerda-conto-charla-sobre-historia-del-baile\/#breadcrumb\"},\"inLanguage\":\"es-CL\",\"potentialAction\":[{\"@type\":\"ReadAction\",\"target\":[\"https:\/\/dev.explora.cl\/rmsuroriente\/campeonato-de-cueca-en-pedro-aguirre-cerda-conto-charla-sobre-historia-del-baile\/\"]}]},{\"@type\":\"BreadcrumbList\",\"@id\":\"https:\/\/dev.explora.cl\/rmsuroriente\/campeonato-de-cueca-en-pedro-aguirre-cerda-conto-charla-sobre-historia-del-baile\/#breadcrumb\",\"itemListElement\":[{\"@type\":\"ListItem\",\"position\":1,\"name\":\"Portada\",\"item\":\"https:\/\/dev.explora.cl\/rmsuroriente\/\"},{\"@type\":\"ListItem\",\"position\":2,\"name\":\"Campeonato de cueca en Pedro Aguirre Cerda cont\u00f3 charla sobre historia del baile\"}]},{\"@type\":\"WebSite\",\"@id\":\"https:\/\/dev.explora.cl\/rmsuroriente\/#website\",\"url\":\"https:\/\/dev.explora.cl\/rmsuroriente\/\",\"name\":\"RM Sur Oriente\",\"description\":\"Otro sitio m\u00e1s de dev.explora.cl\",\"publisher\":{\"@id\":\"https:\/\/dev.explora.cl\/rmsuroriente\/#organization\"},\"potentialAction\":[{\"@type\":\"SearchAction\",\"target\":{\"@type\":\"EntryPoint\",\"urlTemplate\":\"https:\/\/dev.explora.cl\/rmsuroriente\/?s={search_term_string}\"},\"query-input\":{\"@type\":\"PropertyValueSpecification\",\"valueRequired\":true,\"valueName\":\"search_term_string\"}}],\"inLanguage\":\"es-CL\"},{\"@type\":\"Organization\",\"@id\":\"https:\/\/dev.explora.cl\/rmsuroriente\/#organization\",\"name\":\"RM Sur Oriente\",\"url\":\"https:\/\/dev.explora.cl\/rmsuroriente\/\",\"logo\":{\"@type\":\"ImageObject\",\"inLanguage\":\"es-CL\",\"@id\":\"https:\/\/dev.explora.cl\/rmsuroriente\/#\/schema\/logo\/image\/\",\"url\":\"https:\/\/dev.explora.cl\/rmsuroriente\/wp-content\/uploads\/sites\/12\/2025\/04\/cropped-LogoPAR_RMSO-Azul-UC.png\",\"contentUrl\":\"https:\/\/dev.explora.cl\/rmsuroriente\/wp-content\/uploads\/sites\/12\/2025\/04\/cropped-LogoPAR_RMSO-Azul-UC.png\",\"width\":411,\"height\":409,\"caption\":\"RM Sur Oriente\"},\"image\":{\"@id\":\"https:\/\/dev.explora.cl\/rmsuroriente\/#\/schema\/logo\/image\/\"}},{\"@type\":\"Person\",\"@id\":\"https:\/\/dev.explora.cl\/rmsuroriente\/#\/schema\/person\/164f0bfb03507b3d5dd75257d8e71697\",\"name\":\"RMSO PUC\",\"image\":{\"@type\":\"ImageObject\",\"inLanguage\":\"es-CL\",\"@id\":\"https:\/\/dev.explora.cl\/rmsuroriente\/#\/schema\/person\/image\/\",\"url\":\"https:\/\/secure.gravatar.com\/avatar\/16f7131f033ed433ea432d3fc2b04af9756004afdb5a6b61c705d795f6425ea0?s=96&d=mm&r=g\",\"contentUrl\":\"https:\/\/secure.gravatar.com\/avatar\/16f7131f033ed433ea432d3fc2b04af9756004afdb5a6b61c705d795f6425ea0?s=96&d=mm&r=g\",\"caption\":\"RMSO PUC\"},\"url\":\"https:\/\/dev.explora.cl\/rmsuroriente\/author\/myanez\/\"}]}<\/script>\n<!-- \/ Yoast SEO plugin. -->","yoast_head_json":{"title":"Campeonato de cueca en Pedro Aguirre Cerda cont\u00f3 charla sobre historia del baile - RM Sur Oriente","description":"El 7 de septiembre el Mg en Did\u00e1ctica de la M\u00fasica de la U Mayor, Luis Lemus, present\u00f3 en Pedro Aguirre Cerda \"Viajando por la historia de la cueca\".","robots":{"index":"index","follow":"follow","max-snippet":"max-snippet:-1","max-image-preview":"max-image-preview:large","max-video-preview":"max-video-preview:-1"},"canonical":"https:\/\/dev.explora.cl\/rmsuroriente\/campeonato-de-cueca-en-pedro-aguirre-cerda-conto-charla-sobre-historia-del-baile\/","og_locale":"es_ES","og_type":"article","og_title":"Campeonato de cueca en Pedro Aguirre Cerda cont\u00f3 charla sobre historia del baile - RM Sur Oriente","og_description":"El 7 de septiembre el Mg en Did\u00e1ctica de la M\u00fasica de la U Mayor, Luis Lemus, present\u00f3 en Pedro Aguirre Cerda \"Viajando por la historia de la cueca\".","og_url":"https:\/\/dev.explora.cl\/rmsuroriente\/campeonato-de-cueca-en-pedro-aguirre-cerda-conto-charla-sobre-historia-del-baile\/","og_site_name":"RM Sur Oriente","article_published_time":"2022-09-09T16:56:50+00:00","article_modified_time":"2022-10-18T13:16:48+00:00","author":"RMSO PUC","twitter_card":"summary_large_image","twitter_misc":{"Escrito por":"RMSO PUC","Tiempo estimado de lectura":"3 minutos"},"schema":{"@context":"https:\/\/schema.org","@graph":[{"@type":"Article","@id":"https:\/\/dev.explora.cl\/rmsuroriente\/campeonato-de-cueca-en-pedro-aguirre-cerda-conto-charla-sobre-historia-del-baile\/#article","isPartOf":{"@id":"https:\/\/dev.explora.cl\/rmsuroriente\/campeonato-de-cueca-en-pedro-aguirre-cerda-conto-charla-sobre-historia-del-baile\/"},"author":{"name":"RMSO PUC","@id":"https:\/\/dev.explora.cl\/rmsuroriente\/#\/schema\/person\/164f0bfb03507b3d5dd75257d8e71697"},"headline":"Campeonato de cueca en Pedro Aguirre Cerda cont\u00f3 charla sobre historia del baile","datePublished":"2022-09-09T16:56:50+00:00","dateModified":"2022-10-18T13:16:48+00:00","mainEntityOfPage":{"@id":"https:\/\/dev.explora.cl\/rmsuroriente\/campeonato-de-cueca-en-pedro-aguirre-cerda-conto-charla-sobre-historia-del-baile\/"},"wordCount":530,"commentCount":0,"publisher":{"@id":"https:\/\/dev.explora.cl\/rmsuroriente\/#organization"},"articleSection":["Iniciativas","Noticias","Para P\u00fablico General"],"inLanguage":"es-CL","potentialAction":[{"@type":"CommentAction","name":"Comment","target":["https:\/\/dev.explora.cl\/rmsuroriente\/campeonato-de-cueca-en-pedro-aguirre-cerda-conto-charla-sobre-historia-del-baile\/#respond"]}]},{"@type":"WebPage","@id":"https:\/\/dev.explora.cl\/rmsuroriente\/campeonato-de-cueca-en-pedro-aguirre-cerda-conto-charla-sobre-historia-del-baile\/","url":"https:\/\/dev.explora.cl\/rmsuroriente\/campeonato-de-cueca-en-pedro-aguirre-cerda-conto-charla-sobre-historia-del-baile\/","name":"Campeonato de cueca en Pedro Aguirre Cerda cont\u00f3 charla sobre historia del baile - RM Sur Oriente","isPartOf":{"@id":"https:\/\/dev.explora.cl\/rmsuroriente\/#website"},"datePublished":"2022-09-09T16:56:50+00:00","dateModified":"2022-10-18T13:16:48+00:00","description":"El 7 de septiembre el Mg en Did\u00e1ctica de la M\u00fasica de la U Mayor, Luis Lemus, present\u00f3 en Pedro Aguirre Cerda \"Viajando por la historia de la cueca\".","breadcrumb":{"@id":"https:\/\/dev.explora.cl\/rmsuroriente\/campeonato-de-cueca-en-pedro-aguirre-cerda-conto-charla-sobre-historia-del-baile\/#breadcrumb"},"inLanguage":"es-CL","potentialAction":[{"@type":"ReadAction","target":["https:\/\/dev.explora.cl\/rmsuroriente\/campeonato-de-cueca-en-pedro-aguirre-cerda-conto-charla-sobre-historia-del-baile\/"]}]},{"@type":"BreadcrumbList","@id":"https:\/\/dev.explora.cl\/rmsuroriente\/campeonato-de-cueca-en-pedro-aguirre-cerda-conto-charla-sobre-historia-del-baile\/#breadcrumb","itemListElement":[{"@type":"ListItem","position":1,"name":"Portada","item":"https:\/\/dev.explora.cl\/rmsuroriente\/"},{"@type":"ListItem","position":2,"name":"Campeonato de cueca en Pedro Aguirre Cerda cont\u00f3 charla sobre historia del baile"}]},{"@type":"WebSite","@id":"https:\/\/dev.explora.cl\/rmsuroriente\/#website","url":"https:\/\/dev.explora.cl\/rmsuroriente\/","name":"RM Sur Oriente","description":"Otro sitio m\u00e1s de dev.explora.cl","publisher":{"@id":"https:\/\/dev.explora.cl\/rmsuroriente\/#organization"},"potentialAction":[{"@type":"SearchAction","target":{"@type":"EntryPoint","urlTemplate":"https:\/\/dev.explora.cl\/rmsuroriente\/?s={search_term_string}"},"query-input":{"@type":"PropertyValueSpecification","valueRequired":true,"valueName":"search_term_string"}}],"inLanguage":"es-CL"},{"@type":"Organization","@id":"https:\/\/dev.explora.cl\/rmsuroriente\/#organization","name":"RM Sur Oriente","url":"https:\/\/dev.explora.cl\/rmsuroriente\/","logo":{"@type":"ImageObject","inLanguage":"es-CL","@id":"https:\/\/dev.explora.cl\/rmsuroriente\/#\/schema\/logo\/image\/","url":"https:\/\/dev.explora.cl\/rmsuroriente\/wp-content\/uploads\/sites\/12\/2025\/04\/cropped-LogoPAR_RMSO-Azul-UC.png","contentUrl":"https:\/\/dev.explora.cl\/rmsuroriente\/wp-content\/uploads\/sites\/12\/2025\/04\/cropped-LogoPAR_RMSO-Azul-UC.png","width":411,"height":409,"caption":"RM Sur Oriente"},"image":{"@id":"https:\/\/dev.explora.cl\/rmsuroriente\/#\/schema\/logo\/image\/"}},{"@type":"Person","@id":"https:\/\/dev.explora.cl\/rmsuroriente\/#\/schema\/person\/164f0bfb03507b3d5dd75257d8e71697","name":"RMSO PUC","image":{"@type":"ImageObject","inLanguage":"es-CL","@id":"https:\/\/dev.explora.cl\/rmsuroriente\/#\/schema\/person\/image\/","url":"https:\/\/secure.gravatar.com\/avatar\/16f7131f033ed433ea432d3fc2b04af9756004afdb5a6b61c705d795f6425ea0?s=96&d=mm&r=g","contentUrl":"https:\/\/secure.gravatar.com\/avatar\/16f7131f033ed433ea432d3fc2b04af9756004afdb5a6b61c705d795f6425ea0?s=96&d=mm&r=g","caption":"RMSO PUC"},"url":"https:\/\/dev.explora.cl\/rmsuroriente\/author\/myanez\/"}]}},"_links":{"self":[{"href":"https:\/\/dev.explora.cl\/rmsuroriente\/wp-json\/wp\/v2\/posts\/40911","targetHints":{"allow":["GET"]}}],"collection":[{"href":"https:\/\/dev.explora.cl\/rmsuroriente\/wp-json\/wp\/v2\/posts"}],"about":[{"href":"https:\/\/dev.explora.cl\/rmsuroriente\/wp-json\/wp\/v2\/types\/post"}],"author":[{"embeddable":true,"href":"https:\/\/dev.explora.cl\/rmsuroriente\/wp-json\/wp\/v2\/users\/27"}],"replies":[{"embeddable":true,"href":"https:\/\/dev.explora.cl\/rmsuroriente\/wp-json\/wp\/v2\/comments?post=40911"}],"version-history":[{"count":5,"href":"https:\/\/dev.explora.cl\/rmsuroriente\/wp-json\/wp\/v2\/posts\/40911\/revisions"}],"predecessor-version":[{"id":40922,"href":"https:\/\/dev.explora.cl\/rmsuroriente\/wp-json\/wp\/v2\/posts\/40911\/revisions\/40922"}],"wp:attachment":[{"href":"https:\/\/dev.explora.cl\/rmsuroriente\/wp-json\/wp\/v2\/media?parent=40911"}],"wp:term":[{"taxonomy":"category","embeddable":true,"href":"https:\/\/dev.explora.cl\/rmsuroriente\/wp-json\/wp\/v2\/categories?post=40911"},{"taxonomy":"post_tag","embeddable":true,"href":"https:\/\/dev.explora.cl\/rmsuroriente\/wp-json\/wp\/v2\/tags?post=40911"}],"curies":[{"name":"wp","href":"https:\/\/api.w.org\/{rel}","templated":true}]}}