{"id":40817,"date":"2022-07-22T14:11:05","date_gmt":"2022-07-22T18:11:05","guid":{"rendered":"https:\/\/dev.explora.cl\/rmsuroriente\/?p=40817"},"modified":"2022-09-20T10:44:57","modified_gmt":"2022-09-20T13:44:57","slug":"ciencia-abierta-llega-a-san-joaquin-para-hablar-de-salud-mental-de-mascotas-con-ninas-y-ninos","status":"publish","type":"post","link":"https:\/\/dev.explora.cl\/rmsuroriente\/ciencia-abierta-llega-a-san-joaquin-para-hablar-de-salud-mental-de-mascotas-con-ninas-y-ninos\/","title":{"rendered":"Ciencia Abierta llega a San Joaqu\u00edn para hablar de salud mental de mascotas con ni\u00f1as y ni\u00f1os"},"content":{"rendered":"<p>[vc_row][vc_column][vc_column_text]<b>El martes 19 de julio, en el marco del ciclo de charlas y conversatorios de Ciencia Abierta, se realiz\u00f3 un encuentro con ni\u00f1as, ni\u00f1os y j\u00f3venes de la comuna de San Joaqu\u00edn\u00a0en colaboraci\u00f3n con <a href=\"http:\/\/www.cecrea.cl\/\">CeCrea<\/a> y la <a href=\"https:\/\/lacaleta.cl\/\">ONG La Caleta<\/a>. El encuentro cont\u00f3 con la participaci\u00f3n de Mar\u00eda Jos\u00e9 Ubilla, m\u00e9dica veterinario y et\u00f3loga experta en el comportamiento de mascotas.<\/b><\/p>\n<p><span style=\"font-weight: 400\">El Proyecto Explora RM Sur Oriente, a trav\u00e9s de su iniciativa Ciencia Abierta, realiz\u00f3 junto al programa <strong>CeCrea<\/strong> del Ministerio de las Culturas, las Artes y el Patrimonio, un encuentro que invit\u00f3 a ni\u00f1as, ni\u00f1os y j\u00f3venes de la poblaci\u00f3n La Legua a conversar sobre salud mental y tenencia responsable de mascotas.<\/span><\/p>\n<p><span style=\"font-weight: 400\">La iniciativa se desarroll\u00f3 en el marco del Laboratorio Podcast de CeCrea, el cual se realiza en colaboraci\u00f3n con la <strong>ONG La Caleta<\/strong> de la comuna de San Joaqu\u00edn. En esta instancia, y de acuerdo al inter\u00e9s de las ni\u00f1as, ni\u00f1os y j\u00f3venes que participan del Laboratorio, se propuso hablar de la tenencia responsable de mascotas, aplicando el enfoque de derechos de ni\u00f1as, ni\u00f1os y j\u00f3venes, que es uno de los objetivos principales del programa CeCrea y uno de los principios del <strong>Programa Explora<\/strong>.<\/span><\/p>\n<p><span style=\"font-weight: 400\">La actividad cont\u00f3 con la participaci\u00f3n de <strong>Mar\u00eda Jos\u00e9 Ubilla<\/strong>, acad\u00e9mica y, <strong>Subdirectora de la Escuela de Ciencias Agroalimentarias, Animales y Ambientales de la <a href=\"https:\/\/www.uoh.cl\/\">Universidad O&#8217;Higgins<\/a>, y Presidenta del Colegio M\u00e9dico Veterinario.<\/strong> Durante su presentaci\u00f3n abord\u00f3 el v\u00ednculo humano animal, emociones en animales y tenencia responsable. La profesional destac\u00f3 la importancia de acercar el conocimiento a la ciudadan\u00eda \u201cestas actividades permiten socializar y compartir conocimientos cient\u00edficos y t\u00e9cnicos que pueden ser \u00fatiles en la vida cotidiana y en la toma de decisiones de las personas, adem\u00e1s despiertan la curiosidad y el deseo de conocer y saber m\u00e1s.\u201d\u00a0<\/span><\/p>\n<p><span style=\"font-weight: 400\">Luego de la exposici\u00f3n de Mar\u00eda Jos\u00e9, la conversaci\u00f3n fluy\u00f3 hacia la convivencia, no solo con las mascotas, sino tambi\u00e9n entre los humanos, donde las ni\u00f1as y ni\u00f1os se mostraron muy curiosos y asertivos en las reflexiones que se generaban. <strong>P\u00eda Rojas, Psic\u00f3loga y parte del equipo CeCrea<\/strong> puso en valor la participaci\u00f3n activa de ni\u00f1as y ni\u00f1os durante la actividad, \u201cpudieron codise\u00f1ar preguntas las cuales fueron muy bien acogidas por Mar\u00eda Jos\u00e9, tambi\u00e9n desde un lenguaje muy pr\u00f3ximo a la ni\u00f1ez, dando cuenta que el enriquecimiento ambiental es un tema clave para la convivencia, no solamente con mascotas, sino tambi\u00e9n entre humanos en c\u00f3mo nos estamos tratando, como nos cuidamos. Reflexiones trascendentales en estos momentos\u201d. P\u00eda adem\u00e1s destac\u00f3 que \u201cinstancias como estas, donde confluyen la ciencia, la creatividad, la innovaci\u00f3n y el arte, y que tienen metodolog\u00edas donde el codise\u00f1o y la escucha son ejes fundamentales, sin duda repercuten en el crecimiento personal y eso tiene que ver con vivencias y experiencias que son propias de ni\u00f1as, ni\u00f1os y j\u00f3venes, es una oportunidad que tiene que ver como los adultos dialogamos con la ni\u00f1ez y la juventud\u201d.<\/span><\/p>\n<h3><b>Pr\u00f3ximo encuentros de Ciencia Abierta<\/b><\/h3>\n<p><span style=\"font-weight: 400\">Ciencia Abierta continua con sus actividades durante el mes de julio.\u00a0<\/span><\/p>\n<p><span style=\"font-weight: 400\">A continuaci\u00f3n, te invitamos a conocer y a agendar los pr\u00f3ximos encuentros:<\/span><\/p>\n<p><strong>&#8220;Un viaje por nuestro cielo nocturno&#8221;<\/strong><\/p>\n<ul>\n<li style=\"font-weight: 400\"><span style=\"font-weight: 400\">Silvio Ulloa , Astr\u00f3nomo, DAS Universidad de Chile<\/span><\/li>\n<li style=\"font-weight: 400\"><span style=\"font-weight: 400\">Iv\u00e1n Garc\u00eda Astr\u00f3nomo del Observatorio Pailalen<\/span><\/li>\n<\/ul>\n<p><span style=\"font-weight: 400\">23 de julio &#8211; 19:00 DIDECO\u00a0 Comercio 20053, San Jos\u00e9 de Maipo.<\/span><\/p>\n<p>&nbsp;<\/p>\n<p><strong>&#8220;El futuro de la energ\u00eda limpia en Chile: \u00bfQu\u00e9 es el hidr\u00f3geno verde?&#8221;<\/strong><\/p>\n<ul>\n<li style=\"font-weight: 400\"><span style=\"font-weight: 400\">V\u00edctor Jim\u00e9nez, Qu\u00edmico.<\/span><\/li>\n<li style=\"font-weight: 400\"><span style=\"font-weight: 400\">Fernando Vargas, Ingeniero Industrial.<\/span><\/li>\n<\/ul>\n<p><span style=\"font-weight: 400\">Escuela de Hidr\u00f3geno Verde USACH-UTSFM<\/span><\/p>\n<p><span style=\"font-weight: 400\">28 de julio &#8211; 18:00 en el Centro Cultural de San Ram\u00f3n Av. Santa Rosa 9441<\/span>[\/vc_column_text][\/vc_column][\/vc_row][vc_row][vc_column][vc_images_carousel images=&#8221;40820,40821,40822,40823,40824,40825&#8243; img_size=&#8221;600&#215;450&#8243;][\/vc_column][\/vc_row]<\/p>\n","protected":false},"excerpt":{"rendered":"<p>El martes 19 de julio, en el marco del ciclo de charlas y conversatorios de Ciencia Abierta, se realiz\u00f3 un encuentro con ni\u00f1as, ni\u00f1os y j\u00f3venes de la comuna San Joaqu\u00edn en colaboraci\u00f3n con CeCrea y la ONG La Caleta. El encuentro cont\u00f3 con la participaci\u00f3n de Mar\u00eda Jos\u00e9 Ubilla, m\u00e9dica veterinario y et\u00f3loga experta en el comportamiento de mascotas.<\/p>\n","protected":false},"author":27,"featured_media":0,"comment_status":"open","ping_status":"open","sticky":false,"template":"","format":"standard","meta":{"_acf_changed":false,"_exactmetrics_skip_tracking":false,"_exactmetrics_sitenote_active":false,"_exactmetrics_sitenote_note":"","_exactmetrics_sitenote_category":0,"footnotes":"","_links_to":"","_links_to_target":""},"categories":[127,4,126],"tags":[],"class_list":["post-40817","post","type-post","status-publish","format-standard","hentry","category-iniciativas_publ_grl","category-noticias","category-para-publico-general"],"acf":[],"yoast_head":"<!-- This site is optimized with the Yoast SEO plugin v26.7 - https:\/\/yoast.com\/wordpress\/plugins\/seo\/ -->\n<title>Ciencia Abierta llega a San Joaqu\u00edn para hablar de salud mental de mascotas con ni\u00f1as y ni\u00f1os - RM Sur Oriente<\/title>\n<meta name=\"description\" content=\"El martes 19 de julio, en el marco del ciclo Ciencia Abierta, se realiz\u00f3 un encuentro con ni\u00f1as, ni\u00f1os y j\u00f3venes de la comuna San Joaqu\u00edn en colaboraci\u00f3n con CeCrea y la ONG La Caleta.\" class=\"yoast-seo-meta-tag\" \/>\n<meta name=\"robots\" content=\"index, follow, max-snippet:-1, max-image-preview:large, max-video-preview:-1\" \/>\n<link rel=\"canonical\" href=\"https:\/\/dev.explora.cl\/rmsuroriente\/ciencia-abierta-llega-a-san-joaquin-para-hablar-de-salud-mental-de-mascotas-con-ninas-y-ninos\/\" class=\"yoast-seo-meta-tag\" \/>\n<meta property=\"og:locale\" content=\"es_ES\" class=\"yoast-seo-meta-tag\" \/>\n<meta property=\"og:type\" content=\"article\" class=\"yoast-seo-meta-tag\" \/>\n<meta property=\"og:title\" content=\"Ciencia Abierta llega a San Joaqu\u00edn para hablar de salud mental de mascotas con ni\u00f1as y ni\u00f1os - RM Sur Oriente\" class=\"yoast-seo-meta-tag\" \/>\n<meta property=\"og:description\" content=\"El martes 19 de julio, en el marco del ciclo Ciencia Abierta, se realiz\u00f3 un encuentro con ni\u00f1as, ni\u00f1os y j\u00f3venes de la comuna San Joaqu\u00edn en colaboraci\u00f3n con CeCrea y la ONG La Caleta.\" class=\"yoast-seo-meta-tag\" \/>\n<meta property=\"og:url\" content=\"https:\/\/dev.explora.cl\/rmsuroriente\/ciencia-abierta-llega-a-san-joaquin-para-hablar-de-salud-mental-de-mascotas-con-ninas-y-ninos\/\" class=\"yoast-seo-meta-tag\" \/>\n<meta property=\"og:site_name\" content=\"RM Sur Oriente\" class=\"yoast-seo-meta-tag\" \/>\n<meta property=\"article:published_time\" content=\"2022-07-22T18:11:05+00:00\" class=\"yoast-seo-meta-tag\" \/>\n<meta property=\"article:modified_time\" content=\"2022-09-20T13:44:57+00:00\" class=\"yoast-seo-meta-tag\" \/>\n<meta name=\"author\" content=\"RMSO PUC\" class=\"yoast-seo-meta-tag\" \/>\n<meta name=\"twitter:card\" content=\"summary_large_image\" class=\"yoast-seo-meta-tag\" \/>\n<meta name=\"twitter:label1\" content=\"Escrito por\" class=\"yoast-seo-meta-tag\" \/>\n\t<meta name=\"twitter:data1\" content=\"RMSO PUC\" class=\"yoast-seo-meta-tag\" \/>\n\t<meta name=\"twitter:label2\" content=\"Tiempo estimado de lectura\" class=\"yoast-seo-meta-tag\" \/>\n\t<meta name=\"twitter:data2\" content=\"3 minutos\" class=\"yoast-seo-meta-tag\" \/>\n<script type=\"application\/ld+json\" class=\"yoast-schema-graph\">{\"@context\":\"https:\/\/schema.org\",\"@graph\":[{\"@type\":\"Article\",\"@id\":\"https:\/\/dev.explora.cl\/rmsuroriente\/ciencia-abierta-llega-a-san-joaquin-para-hablar-de-salud-mental-de-mascotas-con-ninas-y-ninos\/#article\",\"isPartOf\":{\"@id\":\"https:\/\/dev.explora.cl\/rmsuroriente\/ciencia-abierta-llega-a-san-joaquin-para-hablar-de-salud-mental-de-mascotas-con-ninas-y-ninos\/\"},\"author\":{\"name\":\"RMSO PUC\",\"@id\":\"https:\/\/dev.explora.cl\/rmsuroriente\/#\/schema\/person\/164f0bfb03507b3d5dd75257d8e71697\"},\"headline\":\"Ciencia Abierta llega a San Joaqu\u00edn para hablar de salud mental de mascotas con ni\u00f1as y ni\u00f1os\",\"datePublished\":\"2022-07-22T18:11:05+00:00\",\"dateModified\":\"2022-09-20T13:44:57+00:00\",\"mainEntityOfPage\":{\"@id\":\"https:\/\/dev.explora.cl\/rmsuroriente\/ciencia-abierta-llega-a-san-joaquin-para-hablar-de-salud-mental-de-mascotas-con-ninas-y-ninos\/\"},\"wordCount\":701,\"commentCount\":0,\"publisher\":{\"@id\":\"https:\/\/dev.explora.cl\/rmsuroriente\/#organization\"},\"articleSection\":[\"Iniciativas\",\"Noticias\",\"Para P\u00fablico General\"],\"inLanguage\":\"es-CL\",\"potentialAction\":[{\"@type\":\"CommentAction\",\"name\":\"Comment\",\"target\":[\"https:\/\/dev.explora.cl\/rmsuroriente\/ciencia-abierta-llega-a-san-joaquin-para-hablar-de-salud-mental-de-mascotas-con-ninas-y-ninos\/#respond\"]}]},{\"@type\":\"WebPage\",\"@id\":\"https:\/\/dev.explora.cl\/rmsuroriente\/ciencia-abierta-llega-a-san-joaquin-para-hablar-de-salud-mental-de-mascotas-con-ninas-y-ninos\/\",\"url\":\"https:\/\/dev.explora.cl\/rmsuroriente\/ciencia-abierta-llega-a-san-joaquin-para-hablar-de-salud-mental-de-mascotas-con-ninas-y-ninos\/\",\"name\":\"Ciencia Abierta llega a San Joaqu\u00edn para hablar de salud mental de mascotas con ni\u00f1as y ni\u00f1os - RM Sur Oriente\",\"isPartOf\":{\"@id\":\"https:\/\/dev.explora.cl\/rmsuroriente\/#website\"},\"datePublished\":\"2022-07-22T18:11:05+00:00\",\"dateModified\":\"2022-09-20T13:44:57+00:00\",\"description\":\"El martes 19 de julio, en el marco del ciclo Ciencia Abierta, se realiz\u00f3 un encuentro con ni\u00f1as, ni\u00f1os y j\u00f3venes de la comuna San Joaqu\u00edn en colaboraci\u00f3n con CeCrea y la ONG La Caleta.\",\"breadcrumb\":{\"@id\":\"https:\/\/dev.explora.cl\/rmsuroriente\/ciencia-abierta-llega-a-san-joaquin-para-hablar-de-salud-mental-de-mascotas-con-ninas-y-ninos\/#breadcrumb\"},\"inLanguage\":\"es-CL\",\"potentialAction\":[{\"@type\":\"ReadAction\",\"target\":[\"https:\/\/dev.explora.cl\/rmsuroriente\/ciencia-abierta-llega-a-san-joaquin-para-hablar-de-salud-mental-de-mascotas-con-ninas-y-ninos\/\"]}]},{\"@type\":\"BreadcrumbList\",\"@id\":\"https:\/\/dev.explora.cl\/rmsuroriente\/ciencia-abierta-llega-a-san-joaquin-para-hablar-de-salud-mental-de-mascotas-con-ninas-y-ninos\/#breadcrumb\",\"itemListElement\":[{\"@type\":\"ListItem\",\"position\":1,\"name\":\"Portada\",\"item\":\"https:\/\/dev.explora.cl\/rmsuroriente\/\"},{\"@type\":\"ListItem\",\"position\":2,\"name\":\"Ciencia Abierta llega a San Joaqu\u00edn para hablar de salud mental de mascotas con ni\u00f1as y ni\u00f1os\"}]},{\"@type\":\"WebSite\",\"@id\":\"https:\/\/dev.explora.cl\/rmsuroriente\/#website\",\"url\":\"https:\/\/dev.explora.cl\/rmsuroriente\/\",\"name\":\"RM Sur Oriente\",\"description\":\"Otro sitio m\u00e1s de dev.explora.cl\",\"publisher\":{\"@id\":\"https:\/\/dev.explora.cl\/rmsuroriente\/#organization\"},\"potentialAction\":[{\"@type\":\"SearchAction\",\"target\":{\"@type\":\"EntryPoint\",\"urlTemplate\":\"https:\/\/dev.explora.cl\/rmsuroriente\/?s={search_term_string}\"},\"query-input\":{\"@type\":\"PropertyValueSpecification\",\"valueRequired\":true,\"valueName\":\"search_term_string\"}}],\"inLanguage\":\"es-CL\"},{\"@type\":\"Organization\",\"@id\":\"https:\/\/dev.explora.cl\/rmsuroriente\/#organization\",\"name\":\"RM Sur Oriente\",\"url\":\"https:\/\/dev.explora.cl\/rmsuroriente\/\",\"logo\":{\"@type\":\"ImageObject\",\"inLanguage\":\"es-CL\",\"@id\":\"https:\/\/dev.explora.cl\/rmsuroriente\/#\/schema\/logo\/image\/\",\"url\":\"https:\/\/dev.explora.cl\/rmsuroriente\/wp-content\/uploads\/sites\/12\/2025\/04\/cropped-LogoPAR_RMSO-Azul-UC.png\",\"contentUrl\":\"https:\/\/dev.explora.cl\/rmsuroriente\/wp-content\/uploads\/sites\/12\/2025\/04\/cropped-LogoPAR_RMSO-Azul-UC.png\",\"width\":411,\"height\":409,\"caption\":\"RM Sur Oriente\"},\"image\":{\"@id\":\"https:\/\/dev.explora.cl\/rmsuroriente\/#\/schema\/logo\/image\/\"}},{\"@type\":\"Person\",\"@id\":\"https:\/\/dev.explora.cl\/rmsuroriente\/#\/schema\/person\/164f0bfb03507b3d5dd75257d8e71697\",\"name\":\"RMSO PUC\",\"image\":{\"@type\":\"ImageObject\",\"inLanguage\":\"es-CL\",\"@id\":\"https:\/\/dev.explora.cl\/rmsuroriente\/#\/schema\/person\/image\/\",\"url\":\"https:\/\/secure.gravatar.com\/avatar\/16f7131f033ed433ea432d3fc2b04af9756004afdb5a6b61c705d795f6425ea0?s=96&d=mm&r=g\",\"contentUrl\":\"https:\/\/secure.gravatar.com\/avatar\/16f7131f033ed433ea432d3fc2b04af9756004afdb5a6b61c705d795f6425ea0?s=96&d=mm&r=g\",\"caption\":\"RMSO PUC\"},\"url\":\"https:\/\/dev.explora.cl\/rmsuroriente\/author\/myanez\/\"}]}<\/script>\n<!-- \/ Yoast SEO plugin. -->","yoast_head_json":{"title":"Ciencia Abierta llega a San Joaqu\u00edn para hablar de salud mental de mascotas con ni\u00f1as y ni\u00f1os - RM Sur Oriente","description":"El martes 19 de julio, en el marco del ciclo Ciencia Abierta, se realiz\u00f3 un encuentro con ni\u00f1as, ni\u00f1os y j\u00f3venes de la comuna San Joaqu\u00edn en colaboraci\u00f3n con CeCrea y la ONG La Caleta.","robots":{"index":"index","follow":"follow","max-snippet":"max-snippet:-1","max-image-preview":"max-image-preview:large","max-video-preview":"max-video-preview:-1"},"canonical":"https:\/\/dev.explora.cl\/rmsuroriente\/ciencia-abierta-llega-a-san-joaquin-para-hablar-de-salud-mental-de-mascotas-con-ninas-y-ninos\/","og_locale":"es_ES","og_type":"article","og_title":"Ciencia Abierta llega a San Joaqu\u00edn para hablar de salud mental de mascotas con ni\u00f1as y ni\u00f1os - RM Sur Oriente","og_description":"El martes 19 de julio, en el marco del ciclo Ciencia Abierta, se realiz\u00f3 un encuentro con ni\u00f1as, ni\u00f1os y j\u00f3venes de la comuna San Joaqu\u00edn en colaboraci\u00f3n con CeCrea y la ONG La Caleta.","og_url":"https:\/\/dev.explora.cl\/rmsuroriente\/ciencia-abierta-llega-a-san-joaquin-para-hablar-de-salud-mental-de-mascotas-con-ninas-y-ninos\/","og_site_name":"RM Sur Oriente","article_published_time":"2022-07-22T18:11:05+00:00","article_modified_time":"2022-09-20T13:44:57+00:00","author":"RMSO PUC","twitter_card":"summary_large_image","twitter_misc":{"Escrito por":"RMSO PUC","Tiempo estimado de lectura":"3 minutos"},"schema":{"@context":"https:\/\/schema.org","@graph":[{"@type":"Article","@id":"https:\/\/dev.explora.cl\/rmsuroriente\/ciencia-abierta-llega-a-san-joaquin-para-hablar-de-salud-mental-de-mascotas-con-ninas-y-ninos\/#article","isPartOf":{"@id":"https:\/\/dev.explora.cl\/rmsuroriente\/ciencia-abierta-llega-a-san-joaquin-para-hablar-de-salud-mental-de-mascotas-con-ninas-y-ninos\/"},"author":{"name":"RMSO PUC","@id":"https:\/\/dev.explora.cl\/rmsuroriente\/#\/schema\/person\/164f0bfb03507b3d5dd75257d8e71697"},"headline":"Ciencia Abierta llega a San Joaqu\u00edn para hablar de salud mental de mascotas con ni\u00f1as y ni\u00f1os","datePublished":"2022-07-22T18:11:05+00:00","dateModified":"2022-09-20T13:44:57+00:00","mainEntityOfPage":{"@id":"https:\/\/dev.explora.cl\/rmsuroriente\/ciencia-abierta-llega-a-san-joaquin-para-hablar-de-salud-mental-de-mascotas-con-ninas-y-ninos\/"},"wordCount":701,"commentCount":0,"publisher":{"@id":"https:\/\/dev.explora.cl\/rmsuroriente\/#organization"},"articleSection":["Iniciativas","Noticias","Para P\u00fablico General"],"inLanguage":"es-CL","potentialAction":[{"@type":"CommentAction","name":"Comment","target":["https:\/\/dev.explora.cl\/rmsuroriente\/ciencia-abierta-llega-a-san-joaquin-para-hablar-de-salud-mental-de-mascotas-con-ninas-y-ninos\/#respond"]}]},{"@type":"WebPage","@id":"https:\/\/dev.explora.cl\/rmsuroriente\/ciencia-abierta-llega-a-san-joaquin-para-hablar-de-salud-mental-de-mascotas-con-ninas-y-ninos\/","url":"https:\/\/dev.explora.cl\/rmsuroriente\/ciencia-abierta-llega-a-san-joaquin-para-hablar-de-salud-mental-de-mascotas-con-ninas-y-ninos\/","name":"Ciencia Abierta llega a San Joaqu\u00edn para hablar de salud mental de mascotas con ni\u00f1as y ni\u00f1os - RM Sur Oriente","isPartOf":{"@id":"https:\/\/dev.explora.cl\/rmsuroriente\/#website"},"datePublished":"2022-07-22T18:11:05+00:00","dateModified":"2022-09-20T13:44:57+00:00","description":"El martes 19 de julio, en el marco del ciclo Ciencia Abierta, se realiz\u00f3 un encuentro con ni\u00f1as, ni\u00f1os y j\u00f3venes de la comuna San Joaqu\u00edn en colaboraci\u00f3n con CeCrea y la ONG La Caleta.","breadcrumb":{"@id":"https:\/\/dev.explora.cl\/rmsuroriente\/ciencia-abierta-llega-a-san-joaquin-para-hablar-de-salud-mental-de-mascotas-con-ninas-y-ninos\/#breadcrumb"},"inLanguage":"es-CL","potentialAction":[{"@type":"ReadAction","target":["https:\/\/dev.explora.cl\/rmsuroriente\/ciencia-abierta-llega-a-san-joaquin-para-hablar-de-salud-mental-de-mascotas-con-ninas-y-ninos\/"]}]},{"@type":"BreadcrumbList","@id":"https:\/\/dev.explora.cl\/rmsuroriente\/ciencia-abierta-llega-a-san-joaquin-para-hablar-de-salud-mental-de-mascotas-con-ninas-y-ninos\/#breadcrumb","itemListElement":[{"@type":"ListItem","position":1,"name":"Portada","item":"https:\/\/dev.explora.cl\/rmsuroriente\/"},{"@type":"ListItem","position":2,"name":"Ciencia Abierta llega a San Joaqu\u00edn para hablar de salud mental de mascotas con ni\u00f1as y ni\u00f1os"}]},{"@type":"WebSite","@id":"https:\/\/dev.explora.cl\/rmsuroriente\/#website","url":"https:\/\/dev.explora.cl\/rmsuroriente\/","name":"RM Sur Oriente","description":"Otro sitio m\u00e1s de dev.explora.cl","publisher":{"@id":"https:\/\/dev.explora.cl\/rmsuroriente\/#organization"},"potentialAction":[{"@type":"SearchAction","target":{"@type":"EntryPoint","urlTemplate":"https:\/\/dev.explora.cl\/rmsuroriente\/?s={search_term_string}"},"query-input":{"@type":"PropertyValueSpecification","valueRequired":true,"valueName":"search_term_string"}}],"inLanguage":"es-CL"},{"@type":"Organization","@id":"https:\/\/dev.explora.cl\/rmsuroriente\/#organization","name":"RM Sur Oriente","url":"https:\/\/dev.explora.cl\/rmsuroriente\/","logo":{"@type":"ImageObject","inLanguage":"es-CL","@id":"https:\/\/dev.explora.cl\/rmsuroriente\/#\/schema\/logo\/image\/","url":"https:\/\/dev.explora.cl\/rmsuroriente\/wp-content\/uploads\/sites\/12\/2025\/04\/cropped-LogoPAR_RMSO-Azul-UC.png","contentUrl":"https:\/\/dev.explora.cl\/rmsuroriente\/wp-content\/uploads\/sites\/12\/2025\/04\/cropped-LogoPAR_RMSO-Azul-UC.png","width":411,"height":409,"caption":"RM Sur Oriente"},"image":{"@id":"https:\/\/dev.explora.cl\/rmsuroriente\/#\/schema\/logo\/image\/"}},{"@type":"Person","@id":"https:\/\/dev.explora.cl\/rmsuroriente\/#\/schema\/person\/164f0bfb03507b3d5dd75257d8e71697","name":"RMSO PUC","image":{"@type":"ImageObject","inLanguage":"es-CL","@id":"https:\/\/dev.explora.cl\/rmsuroriente\/#\/schema\/person\/image\/","url":"https:\/\/secure.gravatar.com\/avatar\/16f7131f033ed433ea432d3fc2b04af9756004afdb5a6b61c705d795f6425ea0?s=96&d=mm&r=g","contentUrl":"https:\/\/secure.gravatar.com\/avatar\/16f7131f033ed433ea432d3fc2b04af9756004afdb5a6b61c705d795f6425ea0?s=96&d=mm&r=g","caption":"RMSO PUC"},"url":"https:\/\/dev.explora.cl\/rmsuroriente\/author\/myanez\/"}]}},"_links":{"self":[{"href":"https:\/\/dev.explora.cl\/rmsuroriente\/wp-json\/wp\/v2\/posts\/40817","targetHints":{"allow":["GET"]}}],"collection":[{"href":"https:\/\/dev.explora.cl\/rmsuroriente\/wp-json\/wp\/v2\/posts"}],"about":[{"href":"https:\/\/dev.explora.cl\/rmsuroriente\/wp-json\/wp\/v2\/types\/post"}],"author":[{"embeddable":true,"href":"https:\/\/dev.explora.cl\/rmsuroriente\/wp-json\/wp\/v2\/users\/27"}],"replies":[{"embeddable":true,"href":"https:\/\/dev.explora.cl\/rmsuroriente\/wp-json\/wp\/v2\/comments?post=40817"}],"version-history":[{"count":7,"href":"https:\/\/dev.explora.cl\/rmsuroriente\/wp-json\/wp\/v2\/posts\/40817\/revisions"}],"predecessor-version":[{"id":40833,"href":"https:\/\/dev.explora.cl\/rmsuroriente\/wp-json\/wp\/v2\/posts\/40817\/revisions\/40833"}],"wp:attachment":[{"href":"https:\/\/dev.explora.cl\/rmsuroriente\/wp-json\/wp\/v2\/media?parent=40817"}],"wp:term":[{"taxonomy":"category","embeddable":true,"href":"https:\/\/dev.explora.cl\/rmsuroriente\/wp-json\/wp\/v2\/categories?post=40817"},{"taxonomy":"post_tag","embeddable":true,"href":"https:\/\/dev.explora.cl\/rmsuroriente\/wp-json\/wp\/v2\/tags?post=40817"}],"curies":[{"name":"wp","href":"https:\/\/api.w.org\/{rel}","templated":true}]}}