{"id":40764,"date":"2022-06-29T15:46:28","date_gmt":"2022-06-29T19:46:28","guid":{"rendered":"https:\/\/dev.explora.cl\/rmsuroriente\/?p=40764"},"modified":"2022-08-24T10:19:45","modified_gmt":"2022-08-24T14:19:45","slug":"i-jornada-del-torneo-de-debates-escolares-conto-con-una-alta-participacion-de-estudiantes-que-reflexionaron-en-torno-a-tematicas-contingentes","status":"publish","type":"post","link":"https:\/\/dev.explora.cl\/rmsuroriente\/i-jornada-del-torneo-de-debates-escolares-conto-con-una-alta-participacion-de-estudiantes-que-reflexionaron-en-torno-a-tematicas-contingentes\/","title":{"rendered":"I Jornada del Torneo de Debates Escolares cont\u00f3 con una alta participaci\u00f3n de estudiantes que reflexionaron en torno a tem\u00e1ticas contingentes"},"content":{"rendered":"<p>[vc_row][vc_column][vc_column_text]<b>El 22 y 23 de junio en la Universidad de Las Am\u00e9ricas, sede La Florida, se celebr\u00f3 la primera jornada del Torneo de Debates Escolares en Ciencias y Tecnolog\u00eda, que cont\u00f3 con la presencia de ni\u00f1as, ni\u00f1os y j\u00f3venes de la zona Sur Oriente de la RM. Cada d\u00eda, se desarrollaron 5 debates que abordaron diversos t\u00f3picos que permitieron a las y los estudiantes dialogar sobre diversos contenidos cient\u00edficos.<\/b><\/p>\n<p><span style=\"font-weight: 400\">La motivaci\u00f3n por debatir temas contingentes no es un hecho aislado para las ni\u00f1as, ni\u00f1os y adolescentes (NNA) de nuestro pa\u00eds, as\u00ed lo explica el estudio dirigido por un grupo de NNA y ejecutado por la Subsecretar\u00eda de la Ni\u00f1ez en conjunto con la Defensor\u00eda de la Ni\u00f1ez y en colaboraci\u00f3n con Unicef, llamado \u201cMi Voz Constituye Cambio\u201d, lanzado en febrero de 2022.<\/span><\/p>\n<p><span style=\"font-weight: 400\">Dentro de sus conclusiones finales el estudio expresa la demanda de NNA por participar: \u201cUna de las principales exigencias surgidas transversalmente es la aspiraci\u00f3n de ser escuchados y por participar de manera activa en la b\u00fasqueda de soluciones ante diversas situaciones en su entorno.\u201d<\/span><\/p>\n<p><span style=\"font-weight: 400\">Es as\u00ed como el Torneo de Debates Escolares en Ciencias y Tecnolog\u00eda del Proyecto Explora RM Sur Oriente busca que ni\u00f1as, ni\u00f1os y j\u00f3venes se interesen, investiguen y dialoguen en torno a contenidos cient\u00edficos que faciliten el desarrollo de estas habilidades en los m\u00faltiples espacios en los que ellos y ellas se desenvuelven.<\/span><\/p>\n<p><span style=\"font-weight: 400\">La primera jornada del Torneo, dividida en dos d\u00edas, cont\u00f3 con la participaci\u00f3n de alrededor de 160 estudiantes de 15 establecimientos educacionales de la zona sur oriente de la Regi\u00f3n Metropolitana, quienes debatieron sobre temas como miner\u00eda sustentable, el desarrollo de la obesidad en Chile, la evoluci\u00f3n de los Pehuenches con el bosque, muralismo latinoamericano, crisis clim\u00e1tica, personas migrantes, entre otros. Cada debate se desarroll\u00f3 con enfoque de derechos y acorde a la aplicaci\u00f3n de los principios del Programa Explora.<\/span><\/p>\n<p><span style=\"font-weight: 400\">Bianca Laurel, estudiante de tercero medio del Liceo Polivalente Municipal de La Florida, particip\u00f3 por primera vez en la iniciativa y disfrut\u00f3 de la experiencia \u201cme gust\u00f3, fue inspirador, me sent\u00ed aliviada y emocionada de participar, y de visitar por primera vez una Universidad\u201d.<\/span><\/p>\n<p><span style=\"font-weight: 400\">Las estudiantes del Colegio Pumahue de la comuna de Pe\u00f1alol\u00e9n tambi\u00e9n se mostraron muy satisfechas con su participaci\u00f3n en el torneo. Sof\u00eda Guerra, estudiante de primero medio, valor\u00f3 las tem\u00e1ticas abordadas en el encuentro \u201cme gust\u00f3 que los t\u00f3picos fueran variados, uno pod\u00eda aprender de varias cosas con solo ver los debates.\u201d<\/span><\/p>\n<p><span style=\"font-weight: 400\">Renata Letelier, estudiante de primero medio del mismo establecimiento, valor\u00f3 lo significativa que fue la experiencia \u201cfue s\u00faper emocionante y entretenido, yo quer\u00eda debatir as\u00ed. Desde que me un\u00ed al equipo en s\u00e9ptimo b\u00e1sico ten\u00eda la expectativa de que fu\u00e9ramos a participar a universidades\u201d.<\/span><span style=\"font-weight: 400\">\u00a0<\/span><\/p>\n<p><span style=\"font-weight: 400\">Las tem\u00e1ticas debatidas durante el torneo fueron en gran parte propuestas por las y los estudiantes participantes, las que luego fueron desarrolladas con la asesor\u00eda cient\u00edfica de investigadoras\/es y acad\u00e9micas\/os especialistas en los temas, quienes aportaron con material bibliogr\u00e1fico para el estudio y aclararon dudas.<\/span><\/p>\n<p><span style=\"font-weight: 400\">El Torneo de Debates Escolares en Ciencias y Tecnolog\u00eda busca mejorar la calidad en la educaci\u00f3n del territorio, desarrollando habilidades para la resoluci\u00f3n pac\u00edfica de conflictos y formaci\u00f3n de ciudadanos y ciudadanas por la paz. Este objetivo va de la mano con el actual proceso constituyente que ha beneficiado el aumento del inter\u00e9s de NNA en participar activamente en pol\u00edtica seg\u00fan lo muestra el estudio \u201cMi Voz Constituye Cambio\u201d, lo que lleva a la necesidad de promover espacios donde la ciudadan\u00eda juvenil e infantil pueda reflexionar y tomar decisiones sobre su contexto.<\/span><\/p>\n<p><span style=\"font-weight: 400\">Finalmente, el Proyecto Explora RM Sur Oriente destaca la participaci\u00f3n de los siguientes establecimientos educacionales que fueron parte de la primera jornada del Torneo:<\/span><\/p>\n<ul>\n<li style=\"font-weight: 400\"><span style=\"font-weight: 400\">Instituto La Salle\u00a0<\/span><\/li>\n<li style=\"font-weight: 400\"><span style=\"font-weight: 400\">Colegio Raimapu Tierra Florida\u00a0<\/span><\/li>\n<li style=\"font-weight: 400\"><span style=\"font-weight: 400\">Colegio Pumahue\u00a0<\/span><\/li>\n<li style=\"font-weight: 400\"><span style=\"font-weight: 400\">Escuela Ricardo Latcham\u00a0<\/span><\/li>\n<li style=\"font-weight: 400\"><span style=\"font-weight: 400\">Colegio Liahona\u00a0<\/span><\/li>\n<li style=\"font-weight: 400\"><span style=\"font-weight: 400\">Liceo Polivalente Municipal de La Florida<\/span><\/li>\n<li style=\"font-weight: 400\"><span style=\"font-weight: 400\">Colegio Cont\u00e9mpora<\/span><\/li>\n<li style=\"font-weight: 400\"><span style=\"font-weight: 400\">Complejo Educacional Santa Rita De Casia<\/span><\/li>\n<li style=\"font-weight: 400\"><span style=\"font-weight: 400\">Colegio Villa Macul\u00a0<\/span><\/li>\n<li style=\"font-weight: 400\"><span style=\"font-weight: 400\">Bernadette College<\/span><\/li>\n<li style=\"font-weight: 400\"><span style=\"font-weight: 400\">Colegio Cordillera<\/span><\/li>\n<li style=\"font-weight: 400\"><span style=\"font-weight: 400\">American British\u00a0<\/span><\/li>\n<li style=\"font-weight: 400\"><span style=\"font-weight: 400\">Colegio Uni\u00f3n Nacional \u00c1rabe<\/span><\/li>\n<li style=\"font-weight: 400\"><span style=\"font-weight: 400\">Colegio Pedro De Valdivia de Pe\u00f1alol\u00e9n<\/span><\/li>\n<li style=\"font-weight: 400\"><span style=\"font-weight: 400\">Colegio Alem\u00e1n de Santiago<\/span><\/li>\n<li>Colegio Nazareth de La Florida<\/li>\n<li>Colegio San Mateo<\/li>\n<\/ul>\n<p>[\/vc_column_text][\/vc_column][\/vc_row][vc_row][vc_column width=&#8221;1\/2&#8243;][vc_btn title=&#8221;&#8220;Mi Voz Constituye Cambio&#8220; Resumen Ejecutivo&#8221; link=&#8221;url:https%3A%2F%2Fdev.explora.cl%2Frmsuroriente%2Fwp-content%2Fuploads%2Fsites%2F12%2F2022%2F06%2FMVCC-Resumen-Ejecutivo.pdf||target:%20_blank|&#8221;][\/vc_column][vc_column width=&#8221;1\/2&#8243;][vc_btn title=&#8221;&#8220;Mi Voz Constituye Cambio&#8220; Informe Final&#8221; link=&#8221;url:https%3A%2F%2Fdev.explora.cl%2Frmsuroriente%2Fwp-content%2Fuploads%2Fsites%2F12%2F2022%2F06%2FMVCC-Informe-Final.pdf||target:%20_blank|&#8221;][\/vc_column][\/vc_row][vc_row][vc_column][vc_images_carousel images=&#8221;40768,40769,40770,40771,40772,40773,40774&#8243; img_size=&#8221;600&#215;400&#8243;][\/vc_column][\/vc_row]<\/p>\n","protected":false},"excerpt":{"rendered":"<p>El 22 y 23 de junio en la Universidad de Las Am\u00e9ricas, sede La Florida, se celebr\u00f3 la primera jornada del Torneo de Debates Escolares en Ciencias y Tecnolog\u00eda, que cont\u00f3 con la presencia de ni\u00f1as, ni\u00f1os y j\u00f3venes de la zona Sur Oriente de la RM.<\/p>\n","protected":false},"author":27,"featured_media":0,"comment_status":"open","ping_status":"open","sticky":false,"template":"","format":"standard","meta":{"_acf_changed":false,"_exactmetrics_skip_tracking":false,"_exactmetrics_sitenote_active":false,"_exactmetrics_sitenote_note":"","_exactmetrics_sitenote_category":0,"footnotes":"","_links_to":"","_links_to_target":""},"categories":[127,142,4,116],"tags":[],"class_list":["post-40764","post","type-post","status-publish","format-standard","hentry","category-iniciativas_publ_grl","category-lugar-7","category-noticias","category-para-comunidad-escolar"],"acf":[],"yoast_head":"<!-- This site is optimized with the Yoast SEO plugin v26.7 - https:\/\/yoast.com\/wordpress\/plugins\/seo\/ -->\n<title>I Jornada del Torneo de Debates Escolares cont\u00f3 con una alta participaci\u00f3n de estudiantes que reflexionaron en torno a tem\u00e1ticas contingentes - RM Sur Oriente<\/title>\n<meta name=\"description\" content=\"El 22 y 23 de junio se celebr\u00f3 la 1era jornada del Torneo de Debates Escolares, con la presencia de ni\u00f1as\/os y j\u00f3venes de la zona Sur Oriente de la RM.\" class=\"yoast-seo-meta-tag\" \/>\n<meta name=\"robots\" content=\"index, follow, max-snippet:-1, max-image-preview:large, max-video-preview:-1\" \/>\n<link rel=\"canonical\" href=\"https:\/\/dev.explora.cl\/rmsuroriente\/i-jornada-del-torneo-de-debates-escolares-conto-con-una-alta-participacion-de-estudiantes-que-reflexionaron-en-torno-a-tematicas-contingentes\/\" class=\"yoast-seo-meta-tag\" \/>\n<meta property=\"og:locale\" content=\"es_ES\" class=\"yoast-seo-meta-tag\" \/>\n<meta property=\"og:type\" content=\"article\" class=\"yoast-seo-meta-tag\" \/>\n<meta property=\"og:title\" content=\"I Jornada del Torneo de Debates Escolares cont\u00f3 con una alta participaci\u00f3n de estudiantes que reflexionaron en torno a tem\u00e1ticas contingentes - RM Sur Oriente\" class=\"yoast-seo-meta-tag\" \/>\n<meta property=\"og:description\" content=\"El 22 y 23 de junio se celebr\u00f3 la 1era jornada del Torneo de Debates Escolares, con la presencia de ni\u00f1as\/os y j\u00f3venes de la zona Sur Oriente de la RM.\" class=\"yoast-seo-meta-tag\" \/>\n<meta property=\"og:url\" content=\"https:\/\/dev.explora.cl\/rmsuroriente\/i-jornada-del-torneo-de-debates-escolares-conto-con-una-alta-participacion-de-estudiantes-que-reflexionaron-en-torno-a-tematicas-contingentes\/\" class=\"yoast-seo-meta-tag\" \/>\n<meta property=\"og:site_name\" content=\"RM Sur Oriente\" class=\"yoast-seo-meta-tag\" \/>\n<meta property=\"article:published_time\" content=\"2022-06-29T19:46:28+00:00\" class=\"yoast-seo-meta-tag\" \/>\n<meta property=\"article:modified_time\" content=\"2022-08-24T14:19:45+00:00\" class=\"yoast-seo-meta-tag\" \/>\n<meta name=\"author\" content=\"RMSO PUC\" class=\"yoast-seo-meta-tag\" \/>\n<meta name=\"twitter:card\" content=\"summary_large_image\" class=\"yoast-seo-meta-tag\" \/>\n<meta name=\"twitter:label1\" content=\"Escrito por\" class=\"yoast-seo-meta-tag\" \/>\n\t<meta name=\"twitter:data1\" content=\"RMSO PUC\" class=\"yoast-seo-meta-tag\" \/>\n\t<meta name=\"twitter:label2\" content=\"Tiempo estimado de lectura\" class=\"yoast-seo-meta-tag\" \/>\n\t<meta name=\"twitter:data2\" content=\"4 minutos\" class=\"yoast-seo-meta-tag\" \/>\n<script type=\"application\/ld+json\" class=\"yoast-schema-graph\">{\"@context\":\"https:\/\/schema.org\",\"@graph\":[{\"@type\":\"Article\",\"@id\":\"https:\/\/dev.explora.cl\/rmsuroriente\/i-jornada-del-torneo-de-debates-escolares-conto-con-una-alta-participacion-de-estudiantes-que-reflexionaron-en-torno-a-tematicas-contingentes\/#article\",\"isPartOf\":{\"@id\":\"https:\/\/dev.explora.cl\/rmsuroriente\/i-jornada-del-torneo-de-debates-escolares-conto-con-una-alta-participacion-de-estudiantes-que-reflexionaron-en-torno-a-tematicas-contingentes\/\"},\"author\":{\"name\":\"RMSO PUC\",\"@id\":\"https:\/\/dev.explora.cl\/rmsuroriente\/#\/schema\/person\/164f0bfb03507b3d5dd75257d8e71697\"},\"headline\":\"I Jornada del Torneo de Debates Escolares cont\u00f3 con una alta participaci\u00f3n de estudiantes que reflexionaron en torno a tem\u00e1ticas contingentes\",\"datePublished\":\"2022-06-29T19:46:28+00:00\",\"dateModified\":\"2022-08-24T14:19:45+00:00\",\"mainEntityOfPage\":{\"@id\":\"https:\/\/dev.explora.cl\/rmsuroriente\/i-jornada-del-torneo-de-debates-escolares-conto-con-una-alta-participacion-de-estudiantes-que-reflexionaron-en-torno-a-tematicas-contingentes\/\"},\"wordCount\":853,\"commentCount\":0,\"publisher\":{\"@id\":\"https:\/\/dev.explora.cl\/rmsuroriente\/#organization\"},\"articleSection\":[\"Iniciativas\",\"Lugar 7\",\"Noticias\",\"Para Comunidad Escolar\"],\"inLanguage\":\"es-CL\",\"potentialAction\":[{\"@type\":\"CommentAction\",\"name\":\"Comment\",\"target\":[\"https:\/\/dev.explora.cl\/rmsuroriente\/i-jornada-del-torneo-de-debates-escolares-conto-con-una-alta-participacion-de-estudiantes-que-reflexionaron-en-torno-a-tematicas-contingentes\/#respond\"]}]},{\"@type\":\"WebPage\",\"@id\":\"https:\/\/dev.explora.cl\/rmsuroriente\/i-jornada-del-torneo-de-debates-escolares-conto-con-una-alta-participacion-de-estudiantes-que-reflexionaron-en-torno-a-tematicas-contingentes\/\",\"url\":\"https:\/\/dev.explora.cl\/rmsuroriente\/i-jornada-del-torneo-de-debates-escolares-conto-con-una-alta-participacion-de-estudiantes-que-reflexionaron-en-torno-a-tematicas-contingentes\/\",\"name\":\"I Jornada del Torneo de Debates Escolares cont\u00f3 con una alta participaci\u00f3n de estudiantes que reflexionaron en torno a tem\u00e1ticas contingentes - RM Sur Oriente\",\"isPartOf\":{\"@id\":\"https:\/\/dev.explora.cl\/rmsuroriente\/#website\"},\"datePublished\":\"2022-06-29T19:46:28+00:00\",\"dateModified\":\"2022-08-24T14:19:45+00:00\",\"description\":\"El 22 y 23 de junio se celebr\u00f3 la 1era jornada del Torneo de Debates Escolares, con la presencia de ni\u00f1as\/os y j\u00f3venes de la zona Sur Oriente de la RM.\",\"breadcrumb\":{\"@id\":\"https:\/\/dev.explora.cl\/rmsuroriente\/i-jornada-del-torneo-de-debates-escolares-conto-con-una-alta-participacion-de-estudiantes-que-reflexionaron-en-torno-a-tematicas-contingentes\/#breadcrumb\"},\"inLanguage\":\"es-CL\",\"potentialAction\":[{\"@type\":\"ReadAction\",\"target\":[\"https:\/\/dev.explora.cl\/rmsuroriente\/i-jornada-del-torneo-de-debates-escolares-conto-con-una-alta-participacion-de-estudiantes-que-reflexionaron-en-torno-a-tematicas-contingentes\/\"]}]},{\"@type\":\"BreadcrumbList\",\"@id\":\"https:\/\/dev.explora.cl\/rmsuroriente\/i-jornada-del-torneo-de-debates-escolares-conto-con-una-alta-participacion-de-estudiantes-que-reflexionaron-en-torno-a-tematicas-contingentes\/#breadcrumb\",\"itemListElement\":[{\"@type\":\"ListItem\",\"position\":1,\"name\":\"Portada\",\"item\":\"https:\/\/dev.explora.cl\/rmsuroriente\/\"},{\"@type\":\"ListItem\",\"position\":2,\"name\":\"I Jornada del Torneo de Debates Escolares cont\u00f3 con una alta participaci\u00f3n de estudiantes que reflexionaron en torno a tem\u00e1ticas contingentes\"}]},{\"@type\":\"WebSite\",\"@id\":\"https:\/\/dev.explora.cl\/rmsuroriente\/#website\",\"url\":\"https:\/\/dev.explora.cl\/rmsuroriente\/\",\"name\":\"RM Sur Oriente\",\"description\":\"Otro sitio m\u00e1s de dev.explora.cl\",\"publisher\":{\"@id\":\"https:\/\/dev.explora.cl\/rmsuroriente\/#organization\"},\"potentialAction\":[{\"@type\":\"SearchAction\",\"target\":{\"@type\":\"EntryPoint\",\"urlTemplate\":\"https:\/\/dev.explora.cl\/rmsuroriente\/?s={search_term_string}\"},\"query-input\":{\"@type\":\"PropertyValueSpecification\",\"valueRequired\":true,\"valueName\":\"search_term_string\"}}],\"inLanguage\":\"es-CL\"},{\"@type\":\"Organization\",\"@id\":\"https:\/\/dev.explora.cl\/rmsuroriente\/#organization\",\"name\":\"RM Sur Oriente\",\"url\":\"https:\/\/dev.explora.cl\/rmsuroriente\/\",\"logo\":{\"@type\":\"ImageObject\",\"inLanguage\":\"es-CL\",\"@id\":\"https:\/\/dev.explora.cl\/rmsuroriente\/#\/schema\/logo\/image\/\",\"url\":\"https:\/\/dev.explora.cl\/rmsuroriente\/wp-content\/uploads\/sites\/12\/2025\/04\/cropped-LogoPAR_RMSO-Azul-UC.png\",\"contentUrl\":\"https:\/\/dev.explora.cl\/rmsuroriente\/wp-content\/uploads\/sites\/12\/2025\/04\/cropped-LogoPAR_RMSO-Azul-UC.png\",\"width\":411,\"height\":409,\"caption\":\"RM Sur Oriente\"},\"image\":{\"@id\":\"https:\/\/dev.explora.cl\/rmsuroriente\/#\/schema\/logo\/image\/\"}},{\"@type\":\"Person\",\"@id\":\"https:\/\/dev.explora.cl\/rmsuroriente\/#\/schema\/person\/164f0bfb03507b3d5dd75257d8e71697\",\"name\":\"RMSO PUC\",\"image\":{\"@type\":\"ImageObject\",\"inLanguage\":\"es-CL\",\"@id\":\"https:\/\/dev.explora.cl\/rmsuroriente\/#\/schema\/person\/image\/\",\"url\":\"https:\/\/secure.gravatar.com\/avatar\/16f7131f033ed433ea432d3fc2b04af9756004afdb5a6b61c705d795f6425ea0?s=96&d=mm&r=g\",\"contentUrl\":\"https:\/\/secure.gravatar.com\/avatar\/16f7131f033ed433ea432d3fc2b04af9756004afdb5a6b61c705d795f6425ea0?s=96&d=mm&r=g\",\"caption\":\"RMSO PUC\"},\"url\":\"https:\/\/dev.explora.cl\/rmsuroriente\/author\/myanez\/\"}]}<\/script>\n<!-- \/ Yoast SEO plugin. -->","yoast_head_json":{"title":"I Jornada del Torneo de Debates Escolares cont\u00f3 con una alta participaci\u00f3n de estudiantes que reflexionaron en torno a tem\u00e1ticas contingentes - RM Sur Oriente","description":"El 22 y 23 de junio se celebr\u00f3 la 1era jornada del Torneo de Debates Escolares, con la presencia de ni\u00f1as\/os y j\u00f3venes de la zona Sur Oriente de la RM.","robots":{"index":"index","follow":"follow","max-snippet":"max-snippet:-1","max-image-preview":"max-image-preview:large","max-video-preview":"max-video-preview:-1"},"canonical":"https:\/\/dev.explora.cl\/rmsuroriente\/i-jornada-del-torneo-de-debates-escolares-conto-con-una-alta-participacion-de-estudiantes-que-reflexionaron-en-torno-a-tematicas-contingentes\/","og_locale":"es_ES","og_type":"article","og_title":"I Jornada del Torneo de Debates Escolares cont\u00f3 con una alta participaci\u00f3n de estudiantes que reflexionaron en torno a tem\u00e1ticas contingentes - RM Sur Oriente","og_description":"El 22 y 23 de junio se celebr\u00f3 la 1era jornada del Torneo de Debates Escolares, con la presencia de ni\u00f1as\/os y j\u00f3venes de la zona Sur Oriente de la RM.","og_url":"https:\/\/dev.explora.cl\/rmsuroriente\/i-jornada-del-torneo-de-debates-escolares-conto-con-una-alta-participacion-de-estudiantes-que-reflexionaron-en-torno-a-tematicas-contingentes\/","og_site_name":"RM Sur Oriente","article_published_time":"2022-06-29T19:46:28+00:00","article_modified_time":"2022-08-24T14:19:45+00:00","author":"RMSO PUC","twitter_card":"summary_large_image","twitter_misc":{"Escrito por":"RMSO PUC","Tiempo estimado de lectura":"4 minutos"},"schema":{"@context":"https:\/\/schema.org","@graph":[{"@type":"Article","@id":"https:\/\/dev.explora.cl\/rmsuroriente\/i-jornada-del-torneo-de-debates-escolares-conto-con-una-alta-participacion-de-estudiantes-que-reflexionaron-en-torno-a-tematicas-contingentes\/#article","isPartOf":{"@id":"https:\/\/dev.explora.cl\/rmsuroriente\/i-jornada-del-torneo-de-debates-escolares-conto-con-una-alta-participacion-de-estudiantes-que-reflexionaron-en-torno-a-tematicas-contingentes\/"},"author":{"name":"RMSO PUC","@id":"https:\/\/dev.explora.cl\/rmsuroriente\/#\/schema\/person\/164f0bfb03507b3d5dd75257d8e71697"},"headline":"I Jornada del Torneo de Debates Escolares cont\u00f3 con una alta participaci\u00f3n de estudiantes que reflexionaron en torno a tem\u00e1ticas contingentes","datePublished":"2022-06-29T19:46:28+00:00","dateModified":"2022-08-24T14:19:45+00:00","mainEntityOfPage":{"@id":"https:\/\/dev.explora.cl\/rmsuroriente\/i-jornada-del-torneo-de-debates-escolares-conto-con-una-alta-participacion-de-estudiantes-que-reflexionaron-en-torno-a-tematicas-contingentes\/"},"wordCount":853,"commentCount":0,"publisher":{"@id":"https:\/\/dev.explora.cl\/rmsuroriente\/#organization"},"articleSection":["Iniciativas","Lugar 7","Noticias","Para Comunidad Escolar"],"inLanguage":"es-CL","potentialAction":[{"@type":"CommentAction","name":"Comment","target":["https:\/\/dev.explora.cl\/rmsuroriente\/i-jornada-del-torneo-de-debates-escolares-conto-con-una-alta-participacion-de-estudiantes-que-reflexionaron-en-torno-a-tematicas-contingentes\/#respond"]}]},{"@type":"WebPage","@id":"https:\/\/dev.explora.cl\/rmsuroriente\/i-jornada-del-torneo-de-debates-escolares-conto-con-una-alta-participacion-de-estudiantes-que-reflexionaron-en-torno-a-tematicas-contingentes\/","url":"https:\/\/dev.explora.cl\/rmsuroriente\/i-jornada-del-torneo-de-debates-escolares-conto-con-una-alta-participacion-de-estudiantes-que-reflexionaron-en-torno-a-tematicas-contingentes\/","name":"I Jornada del Torneo de Debates Escolares cont\u00f3 con una alta participaci\u00f3n de estudiantes que reflexionaron en torno a tem\u00e1ticas contingentes - RM Sur Oriente","isPartOf":{"@id":"https:\/\/dev.explora.cl\/rmsuroriente\/#website"},"datePublished":"2022-06-29T19:46:28+00:00","dateModified":"2022-08-24T14:19:45+00:00","description":"El 22 y 23 de junio se celebr\u00f3 la 1era jornada del Torneo de Debates Escolares, con la presencia de ni\u00f1as\/os y j\u00f3venes de la zona Sur Oriente de la RM.","breadcrumb":{"@id":"https:\/\/dev.explora.cl\/rmsuroriente\/i-jornada-del-torneo-de-debates-escolares-conto-con-una-alta-participacion-de-estudiantes-que-reflexionaron-en-torno-a-tematicas-contingentes\/#breadcrumb"},"inLanguage":"es-CL","potentialAction":[{"@type":"ReadAction","target":["https:\/\/dev.explora.cl\/rmsuroriente\/i-jornada-del-torneo-de-debates-escolares-conto-con-una-alta-participacion-de-estudiantes-que-reflexionaron-en-torno-a-tematicas-contingentes\/"]}]},{"@type":"BreadcrumbList","@id":"https:\/\/dev.explora.cl\/rmsuroriente\/i-jornada-del-torneo-de-debates-escolares-conto-con-una-alta-participacion-de-estudiantes-que-reflexionaron-en-torno-a-tematicas-contingentes\/#breadcrumb","itemListElement":[{"@type":"ListItem","position":1,"name":"Portada","item":"https:\/\/dev.explora.cl\/rmsuroriente\/"},{"@type":"ListItem","position":2,"name":"I Jornada del Torneo de Debates Escolares cont\u00f3 con una alta participaci\u00f3n de estudiantes que reflexionaron en torno a tem\u00e1ticas contingentes"}]},{"@type":"WebSite","@id":"https:\/\/dev.explora.cl\/rmsuroriente\/#website","url":"https:\/\/dev.explora.cl\/rmsuroriente\/","name":"RM Sur Oriente","description":"Otro sitio m\u00e1s de dev.explora.cl","publisher":{"@id":"https:\/\/dev.explora.cl\/rmsuroriente\/#organization"},"potentialAction":[{"@type":"SearchAction","target":{"@type":"EntryPoint","urlTemplate":"https:\/\/dev.explora.cl\/rmsuroriente\/?s={search_term_string}"},"query-input":{"@type":"PropertyValueSpecification","valueRequired":true,"valueName":"search_term_string"}}],"inLanguage":"es-CL"},{"@type":"Organization","@id":"https:\/\/dev.explora.cl\/rmsuroriente\/#organization","name":"RM Sur Oriente","url":"https:\/\/dev.explora.cl\/rmsuroriente\/","logo":{"@type":"ImageObject","inLanguage":"es-CL","@id":"https:\/\/dev.explora.cl\/rmsuroriente\/#\/schema\/logo\/image\/","url":"https:\/\/dev.explora.cl\/rmsuroriente\/wp-content\/uploads\/sites\/12\/2025\/04\/cropped-LogoPAR_RMSO-Azul-UC.png","contentUrl":"https:\/\/dev.explora.cl\/rmsuroriente\/wp-content\/uploads\/sites\/12\/2025\/04\/cropped-LogoPAR_RMSO-Azul-UC.png","width":411,"height":409,"caption":"RM Sur Oriente"},"image":{"@id":"https:\/\/dev.explora.cl\/rmsuroriente\/#\/schema\/logo\/image\/"}},{"@type":"Person","@id":"https:\/\/dev.explora.cl\/rmsuroriente\/#\/schema\/person\/164f0bfb03507b3d5dd75257d8e71697","name":"RMSO PUC","image":{"@type":"ImageObject","inLanguage":"es-CL","@id":"https:\/\/dev.explora.cl\/rmsuroriente\/#\/schema\/person\/image\/","url":"https:\/\/secure.gravatar.com\/avatar\/16f7131f033ed433ea432d3fc2b04af9756004afdb5a6b61c705d795f6425ea0?s=96&d=mm&r=g","contentUrl":"https:\/\/secure.gravatar.com\/avatar\/16f7131f033ed433ea432d3fc2b04af9756004afdb5a6b61c705d795f6425ea0?s=96&d=mm&r=g","caption":"RMSO PUC"},"url":"https:\/\/dev.explora.cl\/rmsuroriente\/author\/myanez\/"}]}},"_links":{"self":[{"href":"https:\/\/dev.explora.cl\/rmsuroriente\/wp-json\/wp\/v2\/posts\/40764","targetHints":{"allow":["GET"]}}],"collection":[{"href":"https:\/\/dev.explora.cl\/rmsuroriente\/wp-json\/wp\/v2\/posts"}],"about":[{"href":"https:\/\/dev.explora.cl\/rmsuroriente\/wp-json\/wp\/v2\/types\/post"}],"author":[{"embeddable":true,"href":"https:\/\/dev.explora.cl\/rmsuroriente\/wp-json\/wp\/v2\/users\/27"}],"replies":[{"embeddable":true,"href":"https:\/\/dev.explora.cl\/rmsuroriente\/wp-json\/wp\/v2\/comments?post=40764"}],"version-history":[{"count":19,"href":"https:\/\/dev.explora.cl\/rmsuroriente\/wp-json\/wp\/v2\/posts\/40764\/revisions"}],"predecessor-version":[{"id":40794,"href":"https:\/\/dev.explora.cl\/rmsuroriente\/wp-json\/wp\/v2\/posts\/40764\/revisions\/40794"}],"wp:attachment":[{"href":"https:\/\/dev.explora.cl\/rmsuroriente\/wp-json\/wp\/v2\/media?parent=40764"}],"wp:term":[{"taxonomy":"category","embeddable":true,"href":"https:\/\/dev.explora.cl\/rmsuroriente\/wp-json\/wp\/v2\/categories?post=40764"},{"taxonomy":"post_tag","embeddable":true,"href":"https:\/\/dev.explora.cl\/rmsuroriente\/wp-json\/wp\/v2\/tags?post=40764"}],"curies":[{"name":"wp","href":"https:\/\/api.w.org\/{rel}","templated":true}]}}