{"id":40680,"date":"2022-05-20T14:06:58","date_gmt":"2022-05-20T18:06:58","guid":{"rendered":"https:\/\/dev.explora.cl\/rmsuroriente\/?p=40680"},"modified":"2022-08-05T17:00:45","modified_gmt":"2022-08-05T21:00:45","slug":"valentina-ulloa-lo-mas-importante-es-apuntar-a-la-equidad-en-la-educacion-que-las-ninas-y-ninos-reciban-la-educacion-que-merecen-y-necesitan","status":"publish","type":"post","link":"https:\/\/dev.explora.cl\/rmsuroriente\/valentina-ulloa-lo-mas-importante-es-apuntar-a-la-equidad-en-la-educacion-que-las-ninas-y-ninos-reciban-la-educacion-que-merecen-y-necesitan\/","title":{"rendered":"Valentina Ulloa: \u201cLo m\u00e1s importante es apuntar a la equidad en la educaci\u00f3n, que las ni\u00f1as y ni\u00f1os reciban la educaci\u00f3n que merecen y necesitan\u201d"},"content":{"rendered":"<p>[vc_row][vc_column][vc_column_text]<b>El 11 de mayo se dio inicio al Programa de Indagaci\u00f3n para Primeras Edades PIPE 2022, instancia que cont\u00f3 con la participaci\u00f3n de Valentina Ulloa, Educadora de P\u00e1rvulos, Mag\u00edster en Estudios de G\u00e9nero y Cultura y acad\u00e9mica de la Facultad de Ciencias Sociales de la Universidad de Chile.<\/b><\/p>\n<p><span style=\"font-weight: 400\">Desde el a\u00f1o 2019 el Proyecto Explora RM Sur Oriente implementa dentro de su Programa de Ciencia y Tecnolog\u00eda para Primeras Edades el programa PIPE, iniciativa que buscar aportar al desarrollo de competencias necesarias para que ni\u00f1as y ni\u00f1os conozcan y comprendan el mundo que les rodea, despertando en ellos\/as la curiosidad, el asombro y la capacidad de hacerse preguntas. <strong>Durante el 2022 las 52 educadoras y t\u00e9cnicos en educaci\u00f3n de p\u00e1rvulos participantes contar\u00e1n con sesiones te\u00f3rico-pr\u00e1cticas relacionadas al \u00e1rea de las Ciencias Sociales<\/strong>, y contar\u00e1n con un acompa\u00f1amiento pedag\u00f3gico que les permitir\u00e1 implementar durante el segundo semestre las actividades propuestas con sus p\u00e1rvulos.<\/span><\/p>\n<p><span style=\"font-weight: 400\">Para ello, el 11 de mayo se dio inicio al proceso de capacitaci\u00f3n de educadoras de p\u00e1rvulos y t\u00e9cnicos en educaci\u00f3n parvularia seleccionadas, quienes participaron de una actividad de bienvenida que abord\u00f3 los ejes principales de la iniciativa y los lineamientos o principios del Programa Explora. Para ello, cont\u00f3 con la especial participaci\u00f3n de <strong>Valentina Ulloa<\/strong>, Educadora de P\u00e1rvulos, Mag\u00edster en Estudios de G\u00e9nero y Cultura y acad\u00e9mica de la Facultad de Ciencias Sociales de la Universidad de Chile, quien abord\u00f3 la importancia de aplicar la perspectiva de g\u00e9nero en el aula.<\/span><\/p>\n<p><span style=\"font-weight: 400\">En su presentaci\u00f3n Valentina destac\u00f3 que <strong>\u201clo m\u00e1s importante es apuntar a la equidad en la educaci\u00f3n, que las ni\u00f1as y ni\u00f1os reciban la educaci\u00f3n que merecen y necesitan, y que se les abran las posibilidades para hacer lo que ellos y ellas quieran ser<\/strong>\u201d.<\/span> <span style=\"font-weight: 400\">Ante esta necesidad recalc\u00f3 el problema que se produce dentro de muchas aulas en nuestro pa\u00eds: \u201csurgen los estereotipos en educaci\u00f3n que son muy marcados en educaci\u00f3n parvularia, un 75% de las educadoras y t\u00e9cnicos de p\u00e1rvulos realizan sesgos de g\u00e9nero en el aula y van limitando algunas acciones de ni\u00f1as y ni\u00f1os. Por esto aplicar la perspectiva de g\u00e9nero es una herramienta para permitirnos observar nuestras pr\u00e1cticas y apuntar a la equidad en la educaci\u00f3n\u201d.<\/span><\/p>\n<p><span style=\"font-weight: 400\">Tambi\u00e9n destac\u00f3 la importancia de involucrar a las familias en el proceso educativo, de ir comparti\u00e9ndolo y hacerlos part\u00edcipes. <strong>\u201cPara poder acompa\u00f1ar a las ni\u00f1as y ni\u00f1os es necesario conocer a la familia, conocer los contextos, sus miradas respecto a la educaci\u00f3n, a la vida.<\/strong> Hoy en d\u00eda nos encontramos con familias de muchos or\u00edgenes, no solo de otros pa\u00edses sino tambi\u00e9n propios de ac\u00e1, entonces tenemos que ir observando todos estos elementos para poder plantear nuestra forma de educar\u201d. En ese contexto Valentina Ulloa valor\u00f3 el rol de iniciativas como PIPE, involucrando a las familias en el aprendizaje, \u201cen ese sentido PIPE hace un trabajo bien completo y desafiante para las comunidades educativas\u201d.<\/span><\/p>\n<p><span style=\"font-weight: 400\">Para complementar estos temas, la acad\u00e9mica de la Facultad de Ciencias Sociales de la Universidad de Chile comparti\u00f3 con los equipos pedag\u00f3gicos un material de apoyo de utilidad tanto para las educadoras y t\u00e9cnicos de p\u00e1rvulos como para las familias de las ni\u00f1as y ni\u00f1os:<\/span><\/p>\n<p><a href=\"https:\/\/dev.explora.cl\/rmsuroriente\/wp-content\/uploads\/sites\/12\/2022\/05\/El-desaf\u00edo-de-una-educaci\u00f3n-no-sexista-en-la-formaci\u00f3n-inicial-2.pdf\" target=\"_blank\" rel=\"noopener noreferrer\"><span style=\"font-weight: 400\">1.-El desaf\u00edo de una educaci\u00f3n no sexista en la formaci\u00f3n inicial: Pr\u00e1cticas docentes de educadoras de p\u00e1rvulo en escuelas p\u00fablicas chilenas.\u00a0<\/span><\/a><\/p>\n<p>por Ximena Az\u00faa, Daniela Lillo y Pamela Saavedra<\/p>\n<p><a href=\"https:\/\/dev.explora.cl\/rmsuroriente\/wp-content\/uploads\/sites\/12\/2022\/05\/Educaci\u00f3n-Parvularia-en-Chile-y-Enfoque-de-G\u00e9nero-1.pdf\" target=\"_blank\" rel=\"noopener noreferrer\"><span style=\"font-weight: 400\">2.-Educaci\u00f3n Parvularia en Chile y Enfoque de G\u00e9nero \u00bfsexismo en Educaci\u00f3n Inicial?<\/span><\/a><\/p>\n<p>por Amey Pinto Wong, Rayza Jim\u00e9nez Guerra, Daniel Salazar Alvear\u00a0 y Andrea Valenzuela Araya[\/vc_column_text][\/vc_column][\/vc_row][vc_row][vc_column width=&#8221;1\/2&#8243;][vc_video link=&#8221;https:\/\/www.youtube.com\/watch?v=FtGcYjr0gPc&amp;t=3s&amp;ab_channel=ElPa%C3%ADs&#8221;][\/vc_column][vc_column width=&#8221;1\/2&#8243;][vc_video link=&#8221;https:\/\/www.youtube.com\/watch?v=IMiEZ2L_9ek&amp;ab_channel=MattelEspa%C3%B1ol-Latinoam%C3%A9rica&#8221;][\/vc_column][\/vc_row][vc_row][vc_column][vc_gallery interval=&#8221;3&#8243; images=&#8221;40686,40687,40688&#8243; img_size=&#8221;700&#215;700&#8243;][\/vc_column][\/vc_row]<\/p>\n","protected":false},"excerpt":{"rendered":"<p>Programa PIPE inicia sus actividades con charla de especialista en g\u00e9nero<\/p>\n","protected":false},"author":27,"featured_media":40685,"comment_status":"open","ping_status":"open","sticky":false,"template":"","format":"standard","meta":{"_acf_changed":false,"_exactmetrics_skip_tracking":false,"_exactmetrics_sitenote_active":false,"_exactmetrics_sitenote_note":"","_exactmetrics_sitenote_category":0,"footnotes":"","_links_to":"","_links_to_target":""},"categories":[127,142,4,116],"tags":[],"class_list":["post-40680","post","type-post","status-publish","format-standard","has-post-thumbnail","hentry","category-iniciativas_publ_grl","category-lugar-7","category-noticias","category-para-comunidad-escolar"],"acf":[],"yoast_head":"<!-- This site is optimized with the Yoast SEO plugin v26.7 - https:\/\/yoast.com\/wordpress\/plugins\/seo\/ -->\n<title>Valentina Ulloa: \u201cLo m\u00e1s importante es apuntar a la equidad en la educaci\u00f3n, que las ni\u00f1as y ni\u00f1os reciban la educaci\u00f3n que merecen y necesitan\u201d<\/title>\n<meta name=\"robots\" content=\"index, follow, max-snippet:-1, max-image-preview:large, max-video-preview:-1\" \/>\n<link rel=\"canonical\" href=\"https:\/\/dev.explora.cl\/rmsuroriente\/valentina-ulloa-lo-mas-importante-es-apuntar-a-la-equidad-en-la-educacion-que-las-ninas-y-ninos-reciban-la-educacion-que-merecen-y-necesitan\/\" class=\"yoast-seo-meta-tag\" \/>\n<meta property=\"og:locale\" content=\"es_ES\" class=\"yoast-seo-meta-tag\" \/>\n<meta property=\"og:type\" content=\"article\" class=\"yoast-seo-meta-tag\" \/>\n<meta property=\"og:title\" content=\"Valentina Ulloa: \u201cLo m\u00e1s importante es apuntar a la equidad en la educaci\u00f3n, que las ni\u00f1as y ni\u00f1os reciban la educaci\u00f3n que merecen y necesitan\u201d\" class=\"yoast-seo-meta-tag\" \/>\n<meta property=\"og:description\" content=\"Programa PIPE inicia sus actividades con charla de especialista en g\u00e9nero\" class=\"yoast-seo-meta-tag\" \/>\n<meta property=\"og:url\" content=\"https:\/\/dev.explora.cl\/rmsuroriente\/valentina-ulloa-lo-mas-importante-es-apuntar-a-la-equidad-en-la-educacion-que-las-ninas-y-ninos-reciban-la-educacion-que-merecen-y-necesitan\/\" class=\"yoast-seo-meta-tag\" \/>\n<meta property=\"og:site_name\" content=\"RM Sur Oriente\" class=\"yoast-seo-meta-tag\" \/>\n<meta property=\"article:published_time\" content=\"2022-05-20T18:06:58+00:00\" class=\"yoast-seo-meta-tag\" \/>\n<meta property=\"article:modified_time\" content=\"2022-08-05T21:00:45+00:00\" class=\"yoast-seo-meta-tag\" \/>\n<meta property=\"og:image\" content=\"https:\/\/dev.explora.cl\/rmsuroriente\/wp-content\/uploads\/sites\/12\/2022\/05\/PIPE-BR-WEB-Explora-RMSO.png\" class=\"yoast-seo-meta-tag\" \/>\n\t<meta property=\"og:image:width\" content=\"725\" class=\"yoast-seo-meta-tag\" \/>\n\t<meta property=\"og:image:height\" content=\"405\" class=\"yoast-seo-meta-tag\" \/>\n\t<meta property=\"og:image:type\" content=\"image\/png\" class=\"yoast-seo-meta-tag\" \/>\n<meta name=\"author\" content=\"RMSO PUC\" class=\"yoast-seo-meta-tag\" \/>\n<meta name=\"twitter:card\" content=\"summary_large_image\" class=\"yoast-seo-meta-tag\" \/>\n<meta name=\"twitter:label1\" content=\"Escrito por\" class=\"yoast-seo-meta-tag\" \/>\n\t<meta name=\"twitter:data1\" content=\"RMSO PUC\" class=\"yoast-seo-meta-tag\" \/>\n\t<meta name=\"twitter:label2\" content=\"Tiempo estimado de lectura\" class=\"yoast-seo-meta-tag\" \/>\n\t<meta name=\"twitter:data2\" content=\"4 minutos\" class=\"yoast-seo-meta-tag\" \/>\n<script type=\"application\/ld+json\" class=\"yoast-schema-graph\">{\"@context\":\"https:\/\/schema.org\",\"@graph\":[{\"@type\":\"Article\",\"@id\":\"https:\/\/dev.explora.cl\/rmsuroriente\/valentina-ulloa-lo-mas-importante-es-apuntar-a-la-equidad-en-la-educacion-que-las-ninas-y-ninos-reciban-la-educacion-que-merecen-y-necesitan\/#article\",\"isPartOf\":{\"@id\":\"https:\/\/dev.explora.cl\/rmsuroriente\/valentina-ulloa-lo-mas-importante-es-apuntar-a-la-equidad-en-la-educacion-que-las-ninas-y-ninos-reciban-la-educacion-que-merecen-y-necesitan\/\"},\"author\":{\"name\":\"RMSO PUC\",\"@id\":\"https:\/\/dev.explora.cl\/rmsuroriente\/#\/schema\/person\/164f0bfb03507b3d5dd75257d8e71697\"},\"headline\":\"Valentina Ulloa: \u201cLo m\u00e1s importante es apuntar a la equidad en la educaci\u00f3n, que las ni\u00f1as y ni\u00f1os reciban la educaci\u00f3n que merecen y necesitan\u201d\",\"datePublished\":\"2022-05-20T18:06:58+00:00\",\"dateModified\":\"2022-08-05T21:00:45+00:00\",\"mainEntityOfPage\":{\"@id\":\"https:\/\/dev.explora.cl\/rmsuroriente\/valentina-ulloa-lo-mas-importante-es-apuntar-a-la-equidad-en-la-educacion-que-las-ninas-y-ninos-reciban-la-educacion-que-merecen-y-necesitan\/\"},\"wordCount\":763,\"commentCount\":0,\"publisher\":{\"@id\":\"https:\/\/dev.explora.cl\/rmsuroriente\/#organization\"},\"image\":{\"@id\":\"https:\/\/dev.explora.cl\/rmsuroriente\/valentina-ulloa-lo-mas-importante-es-apuntar-a-la-equidad-en-la-educacion-que-las-ninas-y-ninos-reciban-la-educacion-que-merecen-y-necesitan\/#primaryimage\"},\"thumbnailUrl\":\"https:\/\/dev.explora.cl\/rmsuroriente\/wp-content\/uploads\/sites\/12\/2022\/05\/PIPE-BR-WEB-Explora-RMSO.png\",\"articleSection\":[\"Iniciativas\",\"Lugar 7\",\"Noticias\",\"Para Comunidad Escolar\"],\"inLanguage\":\"es-CL\",\"potentialAction\":[{\"@type\":\"CommentAction\",\"name\":\"Comment\",\"target\":[\"https:\/\/dev.explora.cl\/rmsuroriente\/valentina-ulloa-lo-mas-importante-es-apuntar-a-la-equidad-en-la-educacion-que-las-ninas-y-ninos-reciban-la-educacion-que-merecen-y-necesitan\/#respond\"]}]},{\"@type\":\"WebPage\",\"@id\":\"https:\/\/dev.explora.cl\/rmsuroriente\/valentina-ulloa-lo-mas-importante-es-apuntar-a-la-equidad-en-la-educacion-que-las-ninas-y-ninos-reciban-la-educacion-que-merecen-y-necesitan\/\",\"url\":\"https:\/\/dev.explora.cl\/rmsuroriente\/valentina-ulloa-lo-mas-importante-es-apuntar-a-la-equidad-en-la-educacion-que-las-ninas-y-ninos-reciban-la-educacion-que-merecen-y-necesitan\/\",\"name\":\"Valentina Ulloa: \u201cLo m\u00e1s importante es apuntar a la equidad en la educaci\u00f3n, que las ni\u00f1as y ni\u00f1os reciban la educaci\u00f3n que merecen y necesitan\u201d\",\"isPartOf\":{\"@id\":\"https:\/\/dev.explora.cl\/rmsuroriente\/#website\"},\"primaryImageOfPage\":{\"@id\":\"https:\/\/dev.explora.cl\/rmsuroriente\/valentina-ulloa-lo-mas-importante-es-apuntar-a-la-equidad-en-la-educacion-que-las-ninas-y-ninos-reciban-la-educacion-que-merecen-y-necesitan\/#primaryimage\"},\"image\":{\"@id\":\"https:\/\/dev.explora.cl\/rmsuroriente\/valentina-ulloa-lo-mas-importante-es-apuntar-a-la-equidad-en-la-educacion-que-las-ninas-y-ninos-reciban-la-educacion-que-merecen-y-necesitan\/#primaryimage\"},\"thumbnailUrl\":\"https:\/\/dev.explora.cl\/rmsuroriente\/wp-content\/uploads\/sites\/12\/2022\/05\/PIPE-BR-WEB-Explora-RMSO.png\",\"datePublished\":\"2022-05-20T18:06:58+00:00\",\"dateModified\":\"2022-08-05T21:00:45+00:00\",\"breadcrumb\":{\"@id\":\"https:\/\/dev.explora.cl\/rmsuroriente\/valentina-ulloa-lo-mas-importante-es-apuntar-a-la-equidad-en-la-educacion-que-las-ninas-y-ninos-reciban-la-educacion-que-merecen-y-necesitan\/#breadcrumb\"},\"inLanguage\":\"es-CL\",\"potentialAction\":[{\"@type\":\"ReadAction\",\"target\":[\"https:\/\/dev.explora.cl\/rmsuroriente\/valentina-ulloa-lo-mas-importante-es-apuntar-a-la-equidad-en-la-educacion-que-las-ninas-y-ninos-reciban-la-educacion-que-merecen-y-necesitan\/\"]}]},{\"@type\":\"ImageObject\",\"inLanguage\":\"es-CL\",\"@id\":\"https:\/\/dev.explora.cl\/rmsuroriente\/valentina-ulloa-lo-mas-importante-es-apuntar-a-la-equidad-en-la-educacion-que-las-ninas-y-ninos-reciban-la-educacion-que-merecen-y-necesitan\/#primaryimage\",\"url\":\"https:\/\/dev.explora.cl\/rmsuroriente\/wp-content\/uploads\/sites\/12\/2022\/05\/PIPE-BR-WEB-Explora-RMSO.png\",\"contentUrl\":\"https:\/\/dev.explora.cl\/rmsuroriente\/wp-content\/uploads\/sites\/12\/2022\/05\/PIPE-BR-WEB-Explora-RMSO.png\",\"width\":725,\"height\":405,\"caption\":\"PIPE Explora Sur Oriente\"},{\"@type\":\"BreadcrumbList\",\"@id\":\"https:\/\/dev.explora.cl\/rmsuroriente\/valentina-ulloa-lo-mas-importante-es-apuntar-a-la-equidad-en-la-educacion-que-las-ninas-y-ninos-reciban-la-educacion-que-merecen-y-necesitan\/#breadcrumb\",\"itemListElement\":[{\"@type\":\"ListItem\",\"position\":1,\"name\":\"Portada\",\"item\":\"https:\/\/dev.explora.cl\/rmsuroriente\/\"},{\"@type\":\"ListItem\",\"position\":2,\"name\":\"Valentina Ulloa: \u201cLo m\u00e1s importante es apuntar a la equidad en la educaci\u00f3n, que las ni\u00f1as y ni\u00f1os reciban la educaci\u00f3n que merecen y necesitan\u201d\"}]},{\"@type\":\"WebSite\",\"@id\":\"https:\/\/dev.explora.cl\/rmsuroriente\/#website\",\"url\":\"https:\/\/dev.explora.cl\/rmsuroriente\/\",\"name\":\"RM Sur Oriente\",\"description\":\"Otro sitio m\u00e1s de dev.explora.cl\",\"publisher\":{\"@id\":\"https:\/\/dev.explora.cl\/rmsuroriente\/#organization\"},\"potentialAction\":[{\"@type\":\"SearchAction\",\"target\":{\"@type\":\"EntryPoint\",\"urlTemplate\":\"https:\/\/dev.explora.cl\/rmsuroriente\/?s={search_term_string}\"},\"query-input\":{\"@type\":\"PropertyValueSpecification\",\"valueRequired\":true,\"valueName\":\"search_term_string\"}}],\"inLanguage\":\"es-CL\"},{\"@type\":\"Organization\",\"@id\":\"https:\/\/dev.explora.cl\/rmsuroriente\/#organization\",\"name\":\"RM Sur Oriente\",\"url\":\"https:\/\/dev.explora.cl\/rmsuroriente\/\",\"logo\":{\"@type\":\"ImageObject\",\"inLanguage\":\"es-CL\",\"@id\":\"https:\/\/dev.explora.cl\/rmsuroriente\/#\/schema\/logo\/image\/\",\"url\":\"https:\/\/dev.explora.cl\/rmsuroriente\/wp-content\/uploads\/sites\/12\/2025\/04\/cropped-LogoPAR_RMSO-Azul-UC.png\",\"contentUrl\":\"https:\/\/dev.explora.cl\/rmsuroriente\/wp-content\/uploads\/sites\/12\/2025\/04\/cropped-LogoPAR_RMSO-Azul-UC.png\",\"width\":411,\"height\":409,\"caption\":\"RM Sur Oriente\"},\"image\":{\"@id\":\"https:\/\/dev.explora.cl\/rmsuroriente\/#\/schema\/logo\/image\/\"}},{\"@type\":\"Person\",\"@id\":\"https:\/\/dev.explora.cl\/rmsuroriente\/#\/schema\/person\/164f0bfb03507b3d5dd75257d8e71697\",\"name\":\"RMSO PUC\",\"image\":{\"@type\":\"ImageObject\",\"inLanguage\":\"es-CL\",\"@id\":\"https:\/\/dev.explora.cl\/rmsuroriente\/#\/schema\/person\/image\/\",\"url\":\"https:\/\/secure.gravatar.com\/avatar\/16f7131f033ed433ea432d3fc2b04af9756004afdb5a6b61c705d795f6425ea0?s=96&d=mm&r=g\",\"contentUrl\":\"https:\/\/secure.gravatar.com\/avatar\/16f7131f033ed433ea432d3fc2b04af9756004afdb5a6b61c705d795f6425ea0?s=96&d=mm&r=g\",\"caption\":\"RMSO PUC\"},\"url\":\"https:\/\/dev.explora.cl\/rmsuroriente\/author\/myanez\/\"}]}<\/script>\n<!-- \/ Yoast SEO plugin. -->","yoast_head_json":{"title":"Valentina Ulloa: \u201cLo m\u00e1s importante es apuntar a la equidad en la educaci\u00f3n, que las ni\u00f1as y ni\u00f1os reciban la educaci\u00f3n que merecen y necesitan\u201d","robots":{"index":"index","follow":"follow","max-snippet":"max-snippet:-1","max-image-preview":"max-image-preview:large","max-video-preview":"max-video-preview:-1"},"canonical":"https:\/\/dev.explora.cl\/rmsuroriente\/valentina-ulloa-lo-mas-importante-es-apuntar-a-la-equidad-en-la-educacion-que-las-ninas-y-ninos-reciban-la-educacion-que-merecen-y-necesitan\/","og_locale":"es_ES","og_type":"article","og_title":"Valentina Ulloa: \u201cLo m\u00e1s importante es apuntar a la equidad en la educaci\u00f3n, que las ni\u00f1as y ni\u00f1os reciban la educaci\u00f3n que merecen y necesitan\u201d","og_description":"Programa PIPE inicia sus actividades con charla de especialista en g\u00e9nero","og_url":"https:\/\/dev.explora.cl\/rmsuroriente\/valentina-ulloa-lo-mas-importante-es-apuntar-a-la-equidad-en-la-educacion-que-las-ninas-y-ninos-reciban-la-educacion-que-merecen-y-necesitan\/","og_site_name":"RM Sur Oriente","article_published_time":"2022-05-20T18:06:58+00:00","article_modified_time":"2022-08-05T21:00:45+00:00","og_image":[{"width":725,"height":405,"url":"https:\/\/dev.explora.cl\/rmsuroriente\/wp-content\/uploads\/sites\/12\/2022\/05\/PIPE-BR-WEB-Explora-RMSO.png","type":"image\/png"}],"author":"RMSO PUC","twitter_card":"summary_large_image","twitter_misc":{"Escrito por":"RMSO PUC","Tiempo estimado de lectura":"4 minutos"},"schema":{"@context":"https:\/\/schema.org","@graph":[{"@type":"Article","@id":"https:\/\/dev.explora.cl\/rmsuroriente\/valentina-ulloa-lo-mas-importante-es-apuntar-a-la-equidad-en-la-educacion-que-las-ninas-y-ninos-reciban-la-educacion-que-merecen-y-necesitan\/#article","isPartOf":{"@id":"https:\/\/dev.explora.cl\/rmsuroriente\/valentina-ulloa-lo-mas-importante-es-apuntar-a-la-equidad-en-la-educacion-que-las-ninas-y-ninos-reciban-la-educacion-que-merecen-y-necesitan\/"},"author":{"name":"RMSO PUC","@id":"https:\/\/dev.explora.cl\/rmsuroriente\/#\/schema\/person\/164f0bfb03507b3d5dd75257d8e71697"},"headline":"Valentina Ulloa: \u201cLo m\u00e1s importante es apuntar a la equidad en la educaci\u00f3n, que las ni\u00f1as y ni\u00f1os reciban la educaci\u00f3n que merecen y necesitan\u201d","datePublished":"2022-05-20T18:06:58+00:00","dateModified":"2022-08-05T21:00:45+00:00","mainEntityOfPage":{"@id":"https:\/\/dev.explora.cl\/rmsuroriente\/valentina-ulloa-lo-mas-importante-es-apuntar-a-la-equidad-en-la-educacion-que-las-ninas-y-ninos-reciban-la-educacion-que-merecen-y-necesitan\/"},"wordCount":763,"commentCount":0,"publisher":{"@id":"https:\/\/dev.explora.cl\/rmsuroriente\/#organization"},"image":{"@id":"https:\/\/dev.explora.cl\/rmsuroriente\/valentina-ulloa-lo-mas-importante-es-apuntar-a-la-equidad-en-la-educacion-que-las-ninas-y-ninos-reciban-la-educacion-que-merecen-y-necesitan\/#primaryimage"},"thumbnailUrl":"https:\/\/dev.explora.cl\/rmsuroriente\/wp-content\/uploads\/sites\/12\/2022\/05\/PIPE-BR-WEB-Explora-RMSO.png","articleSection":["Iniciativas","Lugar 7","Noticias","Para Comunidad Escolar"],"inLanguage":"es-CL","potentialAction":[{"@type":"CommentAction","name":"Comment","target":["https:\/\/dev.explora.cl\/rmsuroriente\/valentina-ulloa-lo-mas-importante-es-apuntar-a-la-equidad-en-la-educacion-que-las-ninas-y-ninos-reciban-la-educacion-que-merecen-y-necesitan\/#respond"]}]},{"@type":"WebPage","@id":"https:\/\/dev.explora.cl\/rmsuroriente\/valentina-ulloa-lo-mas-importante-es-apuntar-a-la-equidad-en-la-educacion-que-las-ninas-y-ninos-reciban-la-educacion-que-merecen-y-necesitan\/","url":"https:\/\/dev.explora.cl\/rmsuroriente\/valentina-ulloa-lo-mas-importante-es-apuntar-a-la-equidad-en-la-educacion-que-las-ninas-y-ninos-reciban-la-educacion-que-merecen-y-necesitan\/","name":"Valentina Ulloa: \u201cLo m\u00e1s importante es apuntar a la equidad en la educaci\u00f3n, que las ni\u00f1as y ni\u00f1os reciban la educaci\u00f3n que merecen y necesitan\u201d","isPartOf":{"@id":"https:\/\/dev.explora.cl\/rmsuroriente\/#website"},"primaryImageOfPage":{"@id":"https:\/\/dev.explora.cl\/rmsuroriente\/valentina-ulloa-lo-mas-importante-es-apuntar-a-la-equidad-en-la-educacion-que-las-ninas-y-ninos-reciban-la-educacion-que-merecen-y-necesitan\/#primaryimage"},"image":{"@id":"https:\/\/dev.explora.cl\/rmsuroriente\/valentina-ulloa-lo-mas-importante-es-apuntar-a-la-equidad-en-la-educacion-que-las-ninas-y-ninos-reciban-la-educacion-que-merecen-y-necesitan\/#primaryimage"},"thumbnailUrl":"https:\/\/dev.explora.cl\/rmsuroriente\/wp-content\/uploads\/sites\/12\/2022\/05\/PIPE-BR-WEB-Explora-RMSO.png","datePublished":"2022-05-20T18:06:58+00:00","dateModified":"2022-08-05T21:00:45+00:00","breadcrumb":{"@id":"https:\/\/dev.explora.cl\/rmsuroriente\/valentina-ulloa-lo-mas-importante-es-apuntar-a-la-equidad-en-la-educacion-que-las-ninas-y-ninos-reciban-la-educacion-que-merecen-y-necesitan\/#breadcrumb"},"inLanguage":"es-CL","potentialAction":[{"@type":"ReadAction","target":["https:\/\/dev.explora.cl\/rmsuroriente\/valentina-ulloa-lo-mas-importante-es-apuntar-a-la-equidad-en-la-educacion-que-las-ninas-y-ninos-reciban-la-educacion-que-merecen-y-necesitan\/"]}]},{"@type":"ImageObject","inLanguage":"es-CL","@id":"https:\/\/dev.explora.cl\/rmsuroriente\/valentina-ulloa-lo-mas-importante-es-apuntar-a-la-equidad-en-la-educacion-que-las-ninas-y-ninos-reciban-la-educacion-que-merecen-y-necesitan\/#primaryimage","url":"https:\/\/dev.explora.cl\/rmsuroriente\/wp-content\/uploads\/sites\/12\/2022\/05\/PIPE-BR-WEB-Explora-RMSO.png","contentUrl":"https:\/\/dev.explora.cl\/rmsuroriente\/wp-content\/uploads\/sites\/12\/2022\/05\/PIPE-BR-WEB-Explora-RMSO.png","width":725,"height":405,"caption":"PIPE Explora Sur Oriente"},{"@type":"BreadcrumbList","@id":"https:\/\/dev.explora.cl\/rmsuroriente\/valentina-ulloa-lo-mas-importante-es-apuntar-a-la-equidad-en-la-educacion-que-las-ninas-y-ninos-reciban-la-educacion-que-merecen-y-necesitan\/#breadcrumb","itemListElement":[{"@type":"ListItem","position":1,"name":"Portada","item":"https:\/\/dev.explora.cl\/rmsuroriente\/"},{"@type":"ListItem","position":2,"name":"Valentina Ulloa: \u201cLo m\u00e1s importante es apuntar a la equidad en la educaci\u00f3n, que las ni\u00f1as y ni\u00f1os reciban la educaci\u00f3n que merecen y necesitan\u201d"}]},{"@type":"WebSite","@id":"https:\/\/dev.explora.cl\/rmsuroriente\/#website","url":"https:\/\/dev.explora.cl\/rmsuroriente\/","name":"RM Sur Oriente","description":"Otro sitio m\u00e1s de dev.explora.cl","publisher":{"@id":"https:\/\/dev.explora.cl\/rmsuroriente\/#organization"},"potentialAction":[{"@type":"SearchAction","target":{"@type":"EntryPoint","urlTemplate":"https:\/\/dev.explora.cl\/rmsuroriente\/?s={search_term_string}"},"query-input":{"@type":"PropertyValueSpecification","valueRequired":true,"valueName":"search_term_string"}}],"inLanguage":"es-CL"},{"@type":"Organization","@id":"https:\/\/dev.explora.cl\/rmsuroriente\/#organization","name":"RM Sur Oriente","url":"https:\/\/dev.explora.cl\/rmsuroriente\/","logo":{"@type":"ImageObject","inLanguage":"es-CL","@id":"https:\/\/dev.explora.cl\/rmsuroriente\/#\/schema\/logo\/image\/","url":"https:\/\/dev.explora.cl\/rmsuroriente\/wp-content\/uploads\/sites\/12\/2025\/04\/cropped-LogoPAR_RMSO-Azul-UC.png","contentUrl":"https:\/\/dev.explora.cl\/rmsuroriente\/wp-content\/uploads\/sites\/12\/2025\/04\/cropped-LogoPAR_RMSO-Azul-UC.png","width":411,"height":409,"caption":"RM Sur Oriente"},"image":{"@id":"https:\/\/dev.explora.cl\/rmsuroriente\/#\/schema\/logo\/image\/"}},{"@type":"Person","@id":"https:\/\/dev.explora.cl\/rmsuroriente\/#\/schema\/person\/164f0bfb03507b3d5dd75257d8e71697","name":"RMSO PUC","image":{"@type":"ImageObject","inLanguage":"es-CL","@id":"https:\/\/dev.explora.cl\/rmsuroriente\/#\/schema\/person\/image\/","url":"https:\/\/secure.gravatar.com\/avatar\/16f7131f033ed433ea432d3fc2b04af9756004afdb5a6b61c705d795f6425ea0?s=96&d=mm&r=g","contentUrl":"https:\/\/secure.gravatar.com\/avatar\/16f7131f033ed433ea432d3fc2b04af9756004afdb5a6b61c705d795f6425ea0?s=96&d=mm&r=g","caption":"RMSO PUC"},"url":"https:\/\/dev.explora.cl\/rmsuroriente\/author\/myanez\/"}]}},"_links":{"self":[{"href":"https:\/\/dev.explora.cl\/rmsuroriente\/wp-json\/wp\/v2\/posts\/40680","targetHints":{"allow":["GET"]}}],"collection":[{"href":"https:\/\/dev.explora.cl\/rmsuroriente\/wp-json\/wp\/v2\/posts"}],"about":[{"href":"https:\/\/dev.explora.cl\/rmsuroriente\/wp-json\/wp\/v2\/types\/post"}],"author":[{"embeddable":true,"href":"https:\/\/dev.explora.cl\/rmsuroriente\/wp-json\/wp\/v2\/users\/27"}],"replies":[{"embeddable":true,"href":"https:\/\/dev.explora.cl\/rmsuroriente\/wp-json\/wp\/v2\/comments?post=40680"}],"version-history":[{"count":10,"href":"https:\/\/dev.explora.cl\/rmsuroriente\/wp-json\/wp\/v2\/posts\/40680\/revisions"}],"predecessor-version":[{"id":40696,"href":"https:\/\/dev.explora.cl\/rmsuroriente\/wp-json\/wp\/v2\/posts\/40680\/revisions\/40696"}],"wp:featuredmedia":[{"embeddable":true,"href":"https:\/\/dev.explora.cl\/rmsuroriente\/wp-json\/wp\/v2\/media\/40685"}],"wp:attachment":[{"href":"https:\/\/dev.explora.cl\/rmsuroriente\/wp-json\/wp\/v2\/media?parent=40680"}],"wp:term":[{"taxonomy":"category","embeddable":true,"href":"https:\/\/dev.explora.cl\/rmsuroriente\/wp-json\/wp\/v2\/categories?post=40680"},{"taxonomy":"post_tag","embeddable":true,"href":"https:\/\/dev.explora.cl\/rmsuroriente\/wp-json\/wp\/v2\/tags?post=40680"}],"curies":[{"name":"wp","href":"https:\/\/api.w.org\/{rel}","templated":true}]}}