{"id":40451,"date":"2021-12-28T17:33:22","date_gmt":"2021-12-28T20:33:22","guid":{"rendered":"https:\/\/dev.explora.cl\/rmsuroriente\/?p=40451"},"modified":"2022-01-19T14:54:54","modified_gmt":"2022-01-19T17:54:54","slug":"conoce-a-las-y-los-seleccionados-para-el-campamento-explora-va-2022","status":"publish","type":"post","link":"https:\/\/dev.explora.cl\/rmsuroriente\/conoce-a-las-y-los-seleccionados-para-el-campamento-explora-va-2022\/","title":{"rendered":"Conoce a las y los seleccionados para el Campamento Explora Va! 2022"},"content":{"rendered":"<p>[vc_row][vc_column][vc_column_text]<b>Entre el 5 y 11 de enero se realizar\u00e1 el Campamento Explora Va! 2022, el que abordar\u00e1 la tem\u00e1tica \u201cTerritorio y Ciudad\u201d y contar\u00e1 con la colaboraci\u00f3n de profesionales del Instituto de Ecolog\u00eda y Biodiversidad (IEB), del Centro de Investigaci\u00f3n para la Gesti\u00f3n Integrada del Riesgo de Desastres (CIGIDEN), del Centro de Desarrollo Urbano Sustentable (CEDEUS) y del <\/b><b>N\u00facleo Milenio Movilidades y Territorios (MOVYT).<\/b><\/p>\n<p><span style=\"font-weight: 400\">La actividad, dirigida a educadoras\/es de p\u00e1rvulos, docentes de educaci\u00f3n b\u00e1sica y media de cualquier disciplina y asistentes de la educaci\u00f3n, se realizar\u00e1 en modalidad online y contar\u00e1 con 5 jornadas en las que las y los participantes podr\u00e1n conocer y actualizarse sobre el entorno y su contexto, con la finalidad de desarrollar una pr\u00e1ctica pedag\u00f3gica desde el aprendizaje significativo con un enfoque integrado de las ciencias.<\/span><\/p>\n<p><span style=\"font-weight: 400\">Dentro del programa, se realizar\u00e1n talleres pr\u00e1cticos y reflexivos a cargo de profesionales del Instituto de Ecolog\u00eda y Biodiversidad (IEB), del Centro de Investigaci\u00f3n para la Gesti\u00f3n Integrada del Riesgo de Desastres (CIGIDEN), del Centro de Desarrollo Urbano Sustentable (CEDEUS) y del N\u00facleo Milenio Movilidades y Territorios (MOVYT), quienes abordar\u00e1n desde su disciplina espec\u00edfica la tem\u00e1tica \u201cterritorio y ciudad\u201d acorde a la realidad de las y los participantes.<\/span><\/p>\n<p><span style=\"font-weight: 400\">A continuaci\u00f3n, puedes conocer el contenido de los talleres propuestos por las instituciones colaboradoras:<\/span>[\/vc_column_text][\/vc_column][\/vc_row][vc_row][vc_column width=&#8221;1\/2&#8243;][vc_gallery interval=&#8221;3&#8243; images=&#8221;40453,40454,40455,40456,40452&#8243; img_size=&#8221;300&#215;300&#8243;][\/vc_column][vc_column width=&#8221;1\/2&#8243;][vc_gallery interval=&#8221;3&#8243; images=&#8221;40457,40458,40459,40460&#8243; img_size=&#8221;300&#215;300&#8243;][\/vc_column][\/vc_row][vc_row][vc_column width=&#8221;1\/2&#8243;][vc_gallery interval=&#8221;3&#8243; images=&#8221;40461,40462,40463,40464&#8243; img_size=&#8221;300&#215;300&#8243;][\/vc_column][vc_column width=&#8221;1\/2&#8243;][vc_gallery interval=&#8221;3&#8243; images=&#8221;40465,40466,40467,40468&#8243; img_size=&#8221;300&#215;300&#8243;][\/vc_column][\/vc_row][vc_row][vc_column][vc_column_text]<span style=\"font-weight: 400\">En el siguiente listado puedes conocer a las y los participantes seleccionados para participar del Campamento Explora Va! 2022:<\/span>[\/vc_column_text][\/vc_column][\/vc_row][vc_row][vc_column][vc_single_image image=&#8221;40470&#8243; img_size=&#8221;700&#215;700&#8243;][\/vc_column][\/vc_row][vc_row][vc_column][vc_single_image image=&#8221;40471&#8243; img_size=&#8221;700&#215;700&#8243;][\/vc_column][\/vc_row][vc_row][vc_column][vc_single_image image=&#8221;40472&#8243; img_size=&#8221;700&#215;700&#8243;][\/vc_column][\/vc_row]<\/p>\n","protected":false},"excerpt":{"rendered":"<p>Entre el 5 y 11 de enero se realizar\u00e1 el Campamento Explora Va! 2022, el que abordar\u00e1 la tem\u00e1tica \u201cTerritorio y Ciudad\u201d y contar\u00e1 con la colaboraci\u00f3n de profesionales del Instituto de Ecolog\u00eda y Biodiversidad (IEB), del Centro de Investigaci\u00f3n para la Gesti\u00f3n Integrada del Riesgo de Desastres (CIGIDEN), del Centro de Desarrollo Urbano Sustentable (CEDEUS) y del N\u00facleo Milenio Movilidades y Territorios (MOVYT).<\/p>\n","protected":false},"author":27,"featured_media":40452,"comment_status":"open","ping_status":"open","sticky":false,"template":"","format":"standard","meta":{"_acf_changed":false,"_exactmetrics_skip_tracking":false,"_exactmetrics_sitenote_active":false,"_exactmetrics_sitenote_note":"","_exactmetrics_sitenote_category":0,"footnotes":"","_links_to":"","_links_to_target":""},"categories":[127,4,116],"tags":[],"class_list":["post-40451","post","type-post","status-publish","format-standard","has-post-thumbnail","hentry","category-iniciativas_publ_grl","category-noticias","category-para-comunidad-escolar"],"acf":[],"yoast_head":"<!-- This site is optimized with the Yoast SEO plugin v26.7 - https:\/\/yoast.com\/wordpress\/plugins\/seo\/ -->\n<title>Conoce a las y los seleccionados para el Campamento Explora Va! 2022<\/title>\n<meta name=\"description\" content=\"Entre el 5 y 11 de enero se realizar\u00e1 el Campamento Explora Va! 2022, el que abordar\u00e1 la tem\u00e1tica &quot;Territorio y Ciudad&quot; en colaboraci\u00f3n con instituciones...\" class=\"yoast-seo-meta-tag\" \/>\n<meta name=\"robots\" content=\"index, follow, max-snippet:-1, max-image-preview:large, max-video-preview:-1\" \/>\n<link rel=\"canonical\" href=\"https:\/\/dev.explora.cl\/rmsuroriente\/conoce-a-las-y-los-seleccionados-para-el-campamento-explora-va-2022\/\" class=\"yoast-seo-meta-tag\" \/>\n<meta property=\"og:locale\" content=\"es_ES\" class=\"yoast-seo-meta-tag\" \/>\n<meta property=\"og:type\" content=\"article\" class=\"yoast-seo-meta-tag\" \/>\n<meta property=\"og:title\" content=\"Conoce a las y los seleccionados para el Campamento Explora Va! 2022\" class=\"yoast-seo-meta-tag\" \/>\n<meta property=\"og:description\" content=\"Entre el 5 y 11 de enero se realizar\u00e1 el Campamento Explora Va! 2022, el que abordar\u00e1 la tem\u00e1tica &quot;Territorio y Ciudad&quot; en colaboraci\u00f3n con instituciones...\" class=\"yoast-seo-meta-tag\" \/>\n<meta property=\"og:url\" content=\"https:\/\/dev.explora.cl\/rmsuroriente\/conoce-a-las-y-los-seleccionados-para-el-campamento-explora-va-2022\/\" class=\"yoast-seo-meta-tag\" \/>\n<meta property=\"og:site_name\" content=\"RM Sur Oriente\" class=\"yoast-seo-meta-tag\" \/>\n<meta property=\"article:published_time\" content=\"2021-12-28T20:33:22+00:00\" class=\"yoast-seo-meta-tag\" \/>\n<meta property=\"article:modified_time\" content=\"2022-01-19T17:54:54+00:00\" class=\"yoast-seo-meta-tag\" \/>\n<meta property=\"og:image\" content=\"https:\/\/dev.explora.cl\/rmsuroriente\/wp-content\/uploads\/sites\/12\/2021\/12\/Infografi\u0301a-1-ExploraVa-Explora-RMSO5.png\" class=\"yoast-seo-meta-tag\" \/>\n\t<meta property=\"og:image:width\" content=\"1080\" class=\"yoast-seo-meta-tag\" \/>\n\t<meta property=\"og:image:height\" content=\"1080\" class=\"yoast-seo-meta-tag\" \/>\n\t<meta property=\"og:image:type\" content=\"image\/png\" class=\"yoast-seo-meta-tag\" \/>\n<meta name=\"author\" content=\"RMSO PUC\" class=\"yoast-seo-meta-tag\" \/>\n<meta name=\"twitter:card\" content=\"summary_large_image\" class=\"yoast-seo-meta-tag\" \/>\n<meta name=\"twitter:label1\" content=\"Escrito por\" class=\"yoast-seo-meta-tag\" \/>\n\t<meta name=\"twitter:data1\" content=\"RMSO PUC\" class=\"yoast-seo-meta-tag\" \/>\n\t<meta name=\"twitter:label2\" content=\"Tiempo estimado de lectura\" class=\"yoast-seo-meta-tag\" \/>\n\t<meta name=\"twitter:data2\" content=\"2 minutos\" class=\"yoast-seo-meta-tag\" \/>\n<script type=\"application\/ld+json\" class=\"yoast-schema-graph\">{\"@context\":\"https:\/\/schema.org\",\"@graph\":[{\"@type\":\"Article\",\"@id\":\"https:\/\/dev.explora.cl\/rmsuroriente\/conoce-a-las-y-los-seleccionados-para-el-campamento-explora-va-2022\/#article\",\"isPartOf\":{\"@id\":\"https:\/\/dev.explora.cl\/rmsuroriente\/conoce-a-las-y-los-seleccionados-para-el-campamento-explora-va-2022\/\"},\"author\":{\"name\":\"RMSO PUC\",\"@id\":\"https:\/\/dev.explora.cl\/rmsuroriente\/#\/schema\/person\/164f0bfb03507b3d5dd75257d8e71697\"},\"headline\":\"Conoce a las y los seleccionados para el Campamento Explora Va! 2022\",\"datePublished\":\"2021-12-28T20:33:22+00:00\",\"dateModified\":\"2022-01-19T17:54:54+00:00\",\"mainEntityOfPage\":{\"@id\":\"https:\/\/dev.explora.cl\/rmsuroriente\/conoce-a-las-y-los-seleccionados-para-el-campamento-explora-va-2022\/\"},\"wordCount\":391,\"commentCount\":0,\"publisher\":{\"@id\":\"https:\/\/dev.explora.cl\/rmsuroriente\/#organization\"},\"image\":{\"@id\":\"https:\/\/dev.explora.cl\/rmsuroriente\/conoce-a-las-y-los-seleccionados-para-el-campamento-explora-va-2022\/#primaryimage\"},\"thumbnailUrl\":\"https:\/\/dev.explora.cl\/rmsuroriente\/wp-content\/uploads\/sites\/12\/2021\/12\/Infografi\u0301a-1-ExploraVa-Explora-RMSO5.png\",\"articleSection\":[\"Iniciativas\",\"Noticias\",\"Para Comunidad Escolar\"],\"inLanguage\":\"es-CL\",\"potentialAction\":[{\"@type\":\"CommentAction\",\"name\":\"Comment\",\"target\":[\"https:\/\/dev.explora.cl\/rmsuroriente\/conoce-a-las-y-los-seleccionados-para-el-campamento-explora-va-2022\/#respond\"]}]},{\"@type\":\"WebPage\",\"@id\":\"https:\/\/dev.explora.cl\/rmsuroriente\/conoce-a-las-y-los-seleccionados-para-el-campamento-explora-va-2022\/\",\"url\":\"https:\/\/dev.explora.cl\/rmsuroriente\/conoce-a-las-y-los-seleccionados-para-el-campamento-explora-va-2022\/\",\"name\":\"Conoce a las y los seleccionados para el Campamento Explora Va! 2022\",\"isPartOf\":{\"@id\":\"https:\/\/dev.explora.cl\/rmsuroriente\/#website\"},\"primaryImageOfPage\":{\"@id\":\"https:\/\/dev.explora.cl\/rmsuroriente\/conoce-a-las-y-los-seleccionados-para-el-campamento-explora-va-2022\/#primaryimage\"},\"image\":{\"@id\":\"https:\/\/dev.explora.cl\/rmsuroriente\/conoce-a-las-y-los-seleccionados-para-el-campamento-explora-va-2022\/#primaryimage\"},\"thumbnailUrl\":\"https:\/\/dev.explora.cl\/rmsuroriente\/wp-content\/uploads\/sites\/12\/2021\/12\/Infografi\u0301a-1-ExploraVa-Explora-RMSO5.png\",\"datePublished\":\"2021-12-28T20:33:22+00:00\",\"dateModified\":\"2022-01-19T17:54:54+00:00\",\"description\":\"Entre el 5 y 11 de enero se realizar\u00e1 el Campamento Explora Va! 2022, el que abordar\u00e1 la tem\u00e1tica \\\"Territorio y Ciudad\\\" en colaboraci\u00f3n con instituciones...\",\"breadcrumb\":{\"@id\":\"https:\/\/dev.explora.cl\/rmsuroriente\/conoce-a-las-y-los-seleccionados-para-el-campamento-explora-va-2022\/#breadcrumb\"},\"inLanguage\":\"es-CL\",\"potentialAction\":[{\"@type\":\"ReadAction\",\"target\":[\"https:\/\/dev.explora.cl\/rmsuroriente\/conoce-a-las-y-los-seleccionados-para-el-campamento-explora-va-2022\/\"]}]},{\"@type\":\"ImageObject\",\"inLanguage\":\"es-CL\",\"@id\":\"https:\/\/dev.explora.cl\/rmsuroriente\/conoce-a-las-y-los-seleccionados-para-el-campamento-explora-va-2022\/#primaryimage\",\"url\":\"https:\/\/dev.explora.cl\/rmsuroriente\/wp-content\/uploads\/sites\/12\/2021\/12\/Infografi\u0301a-1-ExploraVa-Explora-RMSO5.png\",\"contentUrl\":\"https:\/\/dev.explora.cl\/rmsuroriente\/wp-content\/uploads\/sites\/12\/2021\/12\/Infografi\u0301a-1-ExploraVa-Explora-RMSO5.png\",\"width\":1080,\"height\":1080},{\"@type\":\"BreadcrumbList\",\"@id\":\"https:\/\/dev.explora.cl\/rmsuroriente\/conoce-a-las-y-los-seleccionados-para-el-campamento-explora-va-2022\/#breadcrumb\",\"itemListElement\":[{\"@type\":\"ListItem\",\"position\":1,\"name\":\"Portada\",\"item\":\"https:\/\/dev.explora.cl\/rmsuroriente\/\"},{\"@type\":\"ListItem\",\"position\":2,\"name\":\"Conoce a las y los seleccionados para el Campamento Explora Va! 2022\"}]},{\"@type\":\"WebSite\",\"@id\":\"https:\/\/dev.explora.cl\/rmsuroriente\/#website\",\"url\":\"https:\/\/dev.explora.cl\/rmsuroriente\/\",\"name\":\"RM Sur Oriente\",\"description\":\"Otro sitio m\u00e1s de dev.explora.cl\",\"publisher\":{\"@id\":\"https:\/\/dev.explora.cl\/rmsuroriente\/#organization\"},\"potentialAction\":[{\"@type\":\"SearchAction\",\"target\":{\"@type\":\"EntryPoint\",\"urlTemplate\":\"https:\/\/dev.explora.cl\/rmsuroriente\/?s={search_term_string}\"},\"query-input\":{\"@type\":\"PropertyValueSpecification\",\"valueRequired\":true,\"valueName\":\"search_term_string\"}}],\"inLanguage\":\"es-CL\"},{\"@type\":\"Organization\",\"@id\":\"https:\/\/dev.explora.cl\/rmsuroriente\/#organization\",\"name\":\"RM Sur Oriente\",\"url\":\"https:\/\/dev.explora.cl\/rmsuroriente\/\",\"logo\":{\"@type\":\"ImageObject\",\"inLanguage\":\"es-CL\",\"@id\":\"https:\/\/dev.explora.cl\/rmsuroriente\/#\/schema\/logo\/image\/\",\"url\":\"https:\/\/dev.explora.cl\/rmsuroriente\/wp-content\/uploads\/sites\/12\/2025\/04\/cropped-LogoPAR_RMSO-Azul-UC.png\",\"contentUrl\":\"https:\/\/dev.explora.cl\/rmsuroriente\/wp-content\/uploads\/sites\/12\/2025\/04\/cropped-LogoPAR_RMSO-Azul-UC.png\",\"width\":411,\"height\":409,\"caption\":\"RM Sur Oriente\"},\"image\":{\"@id\":\"https:\/\/dev.explora.cl\/rmsuroriente\/#\/schema\/logo\/image\/\"}},{\"@type\":\"Person\",\"@id\":\"https:\/\/dev.explora.cl\/rmsuroriente\/#\/schema\/person\/164f0bfb03507b3d5dd75257d8e71697\",\"name\":\"RMSO PUC\",\"image\":{\"@type\":\"ImageObject\",\"inLanguage\":\"es-CL\",\"@id\":\"https:\/\/dev.explora.cl\/rmsuroriente\/#\/schema\/person\/image\/\",\"url\":\"https:\/\/secure.gravatar.com\/avatar\/16f7131f033ed433ea432d3fc2b04af9756004afdb5a6b61c705d795f6425ea0?s=96&d=mm&r=g\",\"contentUrl\":\"https:\/\/secure.gravatar.com\/avatar\/16f7131f033ed433ea432d3fc2b04af9756004afdb5a6b61c705d795f6425ea0?s=96&d=mm&r=g\",\"caption\":\"RMSO PUC\"},\"url\":\"https:\/\/dev.explora.cl\/rmsuroriente\/author\/myanez\/\"}]}<\/script>\n<!-- \/ Yoast SEO plugin. -->","yoast_head_json":{"title":"Conoce a las y los seleccionados para el Campamento Explora Va! 2022","description":"Entre el 5 y 11 de enero se realizar\u00e1 el Campamento Explora Va! 2022, el que abordar\u00e1 la tem\u00e1tica \"Territorio y Ciudad\" en colaboraci\u00f3n con instituciones...","robots":{"index":"index","follow":"follow","max-snippet":"max-snippet:-1","max-image-preview":"max-image-preview:large","max-video-preview":"max-video-preview:-1"},"canonical":"https:\/\/dev.explora.cl\/rmsuroriente\/conoce-a-las-y-los-seleccionados-para-el-campamento-explora-va-2022\/","og_locale":"es_ES","og_type":"article","og_title":"Conoce a las y los seleccionados para el Campamento Explora Va! 2022","og_description":"Entre el 5 y 11 de enero se realizar\u00e1 el Campamento Explora Va! 2022, el que abordar\u00e1 la tem\u00e1tica \"Territorio y Ciudad\" en colaboraci\u00f3n con instituciones...","og_url":"https:\/\/dev.explora.cl\/rmsuroriente\/conoce-a-las-y-los-seleccionados-para-el-campamento-explora-va-2022\/","og_site_name":"RM Sur Oriente","article_published_time":"2021-12-28T20:33:22+00:00","article_modified_time":"2022-01-19T17:54:54+00:00","og_image":[{"width":1080,"height":1080,"url":"https:\/\/dev.explora.cl\/rmsuroriente\/wp-content\/uploads\/sites\/12\/2021\/12\/Infografi\u0301a-1-ExploraVa-Explora-RMSO5.png","type":"image\/png"}],"author":"RMSO PUC","twitter_card":"summary_large_image","twitter_misc":{"Escrito por":"RMSO PUC","Tiempo estimado de lectura":"2 minutos"},"schema":{"@context":"https:\/\/schema.org","@graph":[{"@type":"Article","@id":"https:\/\/dev.explora.cl\/rmsuroriente\/conoce-a-las-y-los-seleccionados-para-el-campamento-explora-va-2022\/#article","isPartOf":{"@id":"https:\/\/dev.explora.cl\/rmsuroriente\/conoce-a-las-y-los-seleccionados-para-el-campamento-explora-va-2022\/"},"author":{"name":"RMSO PUC","@id":"https:\/\/dev.explora.cl\/rmsuroriente\/#\/schema\/person\/164f0bfb03507b3d5dd75257d8e71697"},"headline":"Conoce a las y los seleccionados para el Campamento Explora Va! 2022","datePublished":"2021-12-28T20:33:22+00:00","dateModified":"2022-01-19T17:54:54+00:00","mainEntityOfPage":{"@id":"https:\/\/dev.explora.cl\/rmsuroriente\/conoce-a-las-y-los-seleccionados-para-el-campamento-explora-va-2022\/"},"wordCount":391,"commentCount":0,"publisher":{"@id":"https:\/\/dev.explora.cl\/rmsuroriente\/#organization"},"image":{"@id":"https:\/\/dev.explora.cl\/rmsuroriente\/conoce-a-las-y-los-seleccionados-para-el-campamento-explora-va-2022\/#primaryimage"},"thumbnailUrl":"https:\/\/dev.explora.cl\/rmsuroriente\/wp-content\/uploads\/sites\/12\/2021\/12\/Infografi\u0301a-1-ExploraVa-Explora-RMSO5.png","articleSection":["Iniciativas","Noticias","Para Comunidad Escolar"],"inLanguage":"es-CL","potentialAction":[{"@type":"CommentAction","name":"Comment","target":["https:\/\/dev.explora.cl\/rmsuroriente\/conoce-a-las-y-los-seleccionados-para-el-campamento-explora-va-2022\/#respond"]}]},{"@type":"WebPage","@id":"https:\/\/dev.explora.cl\/rmsuroriente\/conoce-a-las-y-los-seleccionados-para-el-campamento-explora-va-2022\/","url":"https:\/\/dev.explora.cl\/rmsuroriente\/conoce-a-las-y-los-seleccionados-para-el-campamento-explora-va-2022\/","name":"Conoce a las y los seleccionados para el Campamento Explora Va! 2022","isPartOf":{"@id":"https:\/\/dev.explora.cl\/rmsuroriente\/#website"},"primaryImageOfPage":{"@id":"https:\/\/dev.explora.cl\/rmsuroriente\/conoce-a-las-y-los-seleccionados-para-el-campamento-explora-va-2022\/#primaryimage"},"image":{"@id":"https:\/\/dev.explora.cl\/rmsuroriente\/conoce-a-las-y-los-seleccionados-para-el-campamento-explora-va-2022\/#primaryimage"},"thumbnailUrl":"https:\/\/dev.explora.cl\/rmsuroriente\/wp-content\/uploads\/sites\/12\/2021\/12\/Infografi\u0301a-1-ExploraVa-Explora-RMSO5.png","datePublished":"2021-12-28T20:33:22+00:00","dateModified":"2022-01-19T17:54:54+00:00","description":"Entre el 5 y 11 de enero se realizar\u00e1 el Campamento Explora Va! 2022, el que abordar\u00e1 la tem\u00e1tica \"Territorio y Ciudad\" en colaboraci\u00f3n con instituciones...","breadcrumb":{"@id":"https:\/\/dev.explora.cl\/rmsuroriente\/conoce-a-las-y-los-seleccionados-para-el-campamento-explora-va-2022\/#breadcrumb"},"inLanguage":"es-CL","potentialAction":[{"@type":"ReadAction","target":["https:\/\/dev.explora.cl\/rmsuroriente\/conoce-a-las-y-los-seleccionados-para-el-campamento-explora-va-2022\/"]}]},{"@type":"ImageObject","inLanguage":"es-CL","@id":"https:\/\/dev.explora.cl\/rmsuroriente\/conoce-a-las-y-los-seleccionados-para-el-campamento-explora-va-2022\/#primaryimage","url":"https:\/\/dev.explora.cl\/rmsuroriente\/wp-content\/uploads\/sites\/12\/2021\/12\/Infografi\u0301a-1-ExploraVa-Explora-RMSO5.png","contentUrl":"https:\/\/dev.explora.cl\/rmsuroriente\/wp-content\/uploads\/sites\/12\/2021\/12\/Infografi\u0301a-1-ExploraVa-Explora-RMSO5.png","width":1080,"height":1080},{"@type":"BreadcrumbList","@id":"https:\/\/dev.explora.cl\/rmsuroriente\/conoce-a-las-y-los-seleccionados-para-el-campamento-explora-va-2022\/#breadcrumb","itemListElement":[{"@type":"ListItem","position":1,"name":"Portada","item":"https:\/\/dev.explora.cl\/rmsuroriente\/"},{"@type":"ListItem","position":2,"name":"Conoce a las y los seleccionados para el Campamento Explora Va! 2022"}]},{"@type":"WebSite","@id":"https:\/\/dev.explora.cl\/rmsuroriente\/#website","url":"https:\/\/dev.explora.cl\/rmsuroriente\/","name":"RM Sur Oriente","description":"Otro sitio m\u00e1s de dev.explora.cl","publisher":{"@id":"https:\/\/dev.explora.cl\/rmsuroriente\/#organization"},"potentialAction":[{"@type":"SearchAction","target":{"@type":"EntryPoint","urlTemplate":"https:\/\/dev.explora.cl\/rmsuroriente\/?s={search_term_string}"},"query-input":{"@type":"PropertyValueSpecification","valueRequired":true,"valueName":"search_term_string"}}],"inLanguage":"es-CL"},{"@type":"Organization","@id":"https:\/\/dev.explora.cl\/rmsuroriente\/#organization","name":"RM Sur Oriente","url":"https:\/\/dev.explora.cl\/rmsuroriente\/","logo":{"@type":"ImageObject","inLanguage":"es-CL","@id":"https:\/\/dev.explora.cl\/rmsuroriente\/#\/schema\/logo\/image\/","url":"https:\/\/dev.explora.cl\/rmsuroriente\/wp-content\/uploads\/sites\/12\/2025\/04\/cropped-LogoPAR_RMSO-Azul-UC.png","contentUrl":"https:\/\/dev.explora.cl\/rmsuroriente\/wp-content\/uploads\/sites\/12\/2025\/04\/cropped-LogoPAR_RMSO-Azul-UC.png","width":411,"height":409,"caption":"RM Sur Oriente"},"image":{"@id":"https:\/\/dev.explora.cl\/rmsuroriente\/#\/schema\/logo\/image\/"}},{"@type":"Person","@id":"https:\/\/dev.explora.cl\/rmsuroriente\/#\/schema\/person\/164f0bfb03507b3d5dd75257d8e71697","name":"RMSO PUC","image":{"@type":"ImageObject","inLanguage":"es-CL","@id":"https:\/\/dev.explora.cl\/rmsuroriente\/#\/schema\/person\/image\/","url":"https:\/\/secure.gravatar.com\/avatar\/16f7131f033ed433ea432d3fc2b04af9756004afdb5a6b61c705d795f6425ea0?s=96&d=mm&r=g","contentUrl":"https:\/\/secure.gravatar.com\/avatar\/16f7131f033ed433ea432d3fc2b04af9756004afdb5a6b61c705d795f6425ea0?s=96&d=mm&r=g","caption":"RMSO PUC"},"url":"https:\/\/dev.explora.cl\/rmsuroriente\/author\/myanez\/"}]}},"_links":{"self":[{"href":"https:\/\/dev.explora.cl\/rmsuroriente\/wp-json\/wp\/v2\/posts\/40451","targetHints":{"allow":["GET"]}}],"collection":[{"href":"https:\/\/dev.explora.cl\/rmsuroriente\/wp-json\/wp\/v2\/posts"}],"about":[{"href":"https:\/\/dev.explora.cl\/rmsuroriente\/wp-json\/wp\/v2\/types\/post"}],"author":[{"embeddable":true,"href":"https:\/\/dev.explora.cl\/rmsuroriente\/wp-json\/wp\/v2\/users\/27"}],"replies":[{"embeddable":true,"href":"https:\/\/dev.explora.cl\/rmsuroriente\/wp-json\/wp\/v2\/comments?post=40451"}],"version-history":[{"count":6,"href":"https:\/\/dev.explora.cl\/rmsuroriente\/wp-json\/wp\/v2\/posts\/40451\/revisions"}],"predecessor-version":[{"id":40478,"href":"https:\/\/dev.explora.cl\/rmsuroriente\/wp-json\/wp\/v2\/posts\/40451\/revisions\/40478"}],"wp:featuredmedia":[{"embeddable":true,"href":"https:\/\/dev.explora.cl\/rmsuroriente\/wp-json\/wp\/v2\/media\/40452"}],"wp:attachment":[{"href":"https:\/\/dev.explora.cl\/rmsuroriente\/wp-json\/wp\/v2\/media?parent=40451"}],"wp:term":[{"taxonomy":"category","embeddable":true,"href":"https:\/\/dev.explora.cl\/rmsuroriente\/wp-json\/wp\/v2\/categories?post=40451"},{"taxonomy":"post_tag","embeddable":true,"href":"https:\/\/dev.explora.cl\/rmsuroriente\/wp-json\/wp\/v2\/tags?post=40451"}],"curies":[{"name":"wp","href":"https:\/\/api.w.org\/{rel}","templated":true}]}}