{"id":40412,"date":"2021-11-17T17:25:00","date_gmt":"2021-11-17T20:25:00","guid":{"rendered":"https:\/\/dev.explora.cl\/rmsuroriente\/?p=40412"},"modified":"2022-01-19T14:54:30","modified_gmt":"2022-01-19T17:54:30","slug":"atencion-ya-esta-abierta-la-convocatoria-para-participar-del-campamento-explora-va-territorio-y-ciudad","status":"publish","type":"post","link":"https:\/\/dev.explora.cl\/rmsuroriente\/atencion-ya-esta-abierta-la-convocatoria-para-participar-del-campamento-explora-va-territorio-y-ciudad\/","title":{"rendered":"Atenci\u00f3n! Ya est\u00e1 abierta la convocatoria para participar del Campamento Explora Va!: Territorio y Ciudad"},"content":{"rendered":"<p>[vc_row][vc_column][vc_column_text]<b>Nuevo plazo hasta el 27 de diciembre de 2021 se recibir\u00e1n las postulaciones para ser parte del Campamento Explora Va!, el que por segunda vez se realizar\u00e1 de forma remota y convocar\u00e1 a docentes, educadoras\/es de p\u00e1rvulos y otros profesionales de la educaci\u00f3n de la zona sur oriente de la Regi\u00f3n Metropolitana.*<\/b><\/p>\n<p><span style=\"font-weight: 400\">Por segundo a\u00f1o consecutivo, el Proyecto Explora Regi\u00f3n Metropolitana Sur Oriente realizar\u00e1 en modalidad virtual el Campamento Explora Va!, un espacio de encuentro, de intercambio y aprendizaje, abierto de manera gratuita a educadoras\/es de p\u00e1rvulos, docentes de educaci\u00f3n b\u00e1sica y media de cualquier disciplina y asistentes de educaci\u00f3n.\u00a0<\/span><\/p>\n<p><span style=\"font-weight: 400\">Entre el 5 y 11 de enero de 2022 las y los participantes podr\u00e1n actualizar y profundizar en la pedagog\u00eda indagatoria y conocer herramientas did\u00e1cticas para potenciar la educaci\u00f3n de las ciencias en la comunidad educativa, y fortalecer sus competencias para los procesos de ense\u00f1anza\/aprendizaje de las ciencias, el conocimiento, la tecnolog\u00eda y la innovaci\u00f3n.<\/span><\/p>\n<p><span style=\"font-weight: 400\">Para generar la estimulaci\u00f3n necesaria hacia la curiosidad, la creatividad y el desarrollo imaginativo de preguntas de investigaci\u00f3n de acuerdo al contexto, el Proyecto Explora RM Sur Oriente propone como tema de este Campamento \u201cel Territorio y la Ciudad&#8221;. Durante 5 jornadas, las y los participantes podr\u00e1n conocer y\/o actualizarse sobre el entorno y su contexto, con la finalidad de desarrollar una pr\u00e1ctica pedag\u00f3gica desde el aprendizaje significativo con un enfoque integrado de las ciencias.<\/span><\/p>\n<p><span style=\"font-weight: 400\">Gricel Gonz\u00e1lez, encargada de la implementaci\u00f3n de esta iniciativa se\u00f1ala que \u201cla invitaci\u00f3n del campamento es a conocer el territorio con un enfoque integrado de las ciencias, lo que nos da la posibilidad de aplicarlo desde el arte, la religi\u00f3n, las ciencias naturales y las ciencias sociales, y a partir de ello, desarrollar an\u00e1lisis y pensamiento cient\u00edfico en ni\u00f1as, ni\u00f1os y j\u00f3venes (\u2026.) Sabemos que cada persona es portadora de conocimiento, por lo tanto, las y los participantes van a articular sus conocimientos previos, conociendo la realidad del territorio y accediendo a informaci\u00f3n cient\u00edfica sobre el mismo territorio en el que habita y trabaja\u201d.<\/span><\/p>\n<p><span style=\"font-weight: 400\">Dentro del programa del Campamento, se realizar\u00e1n talleres pr\u00e1cticos y reflexivos junto a destacadas instituciones cient\u00edficas, las que abordar\u00e1n, desde su disciplina espec\u00edfica, la tem\u00e1tica de \u201cTerritorio y Ciudad\u201d, relevando temas que est\u00e9n presentes en alguna de las 13 comunas que forman parte de la zona sur oriente de la RM.<\/span><\/p>\n<p><span style=\"font-weight: 400\">Todas las inscripciones se realizar\u00e1n en l\u00ednea a trav\u00e9s del siguiente formulario<\/span><\/p>\n<p>*Las 13 comunas que componen la zona<strong> Sur Oriente de la Regi\u00f3n Metropolitana<\/strong> son: La Florida, Puente Alto, San Jos\u00e9 de Maipo, Pirque, Pe\u00f1alol\u00e9n, La Granja, La Pintana, San Miguel, San Ram\u00f3n, Macul, San Joaqu\u00edn, Pedro Aguirre Cerda y La Cisterna.[\/vc_column_text][\/vc_column][\/vc_row][vc_row][vc_column][vc_btn title=&#8221;Formulario de inscripci\u00f3n&#8221; align=&#8221;center&#8221; link=&#8221;url:https%3A%2F%2Fdocs.google.com%2Fforms%2Fd%2Fe%2F1FAIpQLSekPREOTwRX715FuJ9M49iONuGDfVXjTQl7wQSJVDkM-7lIPQ%2Fviewform||target:%20_blank|&#8221;][\/vc_column][\/vc_row][vc_row][vc_column][vc_column_text]<span style=\"font-weight: 400\">Para conocer m\u00e1s detalles del Campamento Explora Va!: Territorio y Ciudad, descarga las bases de postulaci\u00f3n aqu\u00ed.\u00a0 Adem\u00e1s de dejar a disposici\u00f3n otros documentos necesarios para la inscripci\u00f3n.<\/span>[\/vc_column_text][\/vc_column][\/vc_row][vc_row][vc_column width=&#8221;1\/4&#8243;][vc_btn title=&#8221;Bases de Postulaci\u00f3n&#8221; link=&#8221;url:https%3A%2F%2Fdev.explora.cl%2Frmsuroriente%2Fwp-content%2Fuploads%2Fsites%2F12%2F2021%2F11%2FBases-Postulaci%C3%B3n-Campamento-2022-RMSO-26-agosto-revisado.pdf||target:%20_blank|&#8221;][\/vc_column][vc_column width=&#8221;1\/4&#8243;][vc_btn title=&#8221;Declaraci\u00f3n Jurada Simple&#8221; link=&#8221;url:https%3A%2F%2Fdev.explora.cl%2Frmsuroriente%2Fwp-content%2Fuploads%2Fsites%2F12%2F2021%2F11%2FDeclaraci%C3%B3nJuradaSimple-2022.docx||target:%20_blank|&#8221;][\/vc_column][vc_column width=&#8221;1\/4&#8243;][vc_btn title=&#8221;Compromiso Docente&#8221; link=&#8221;url:https%3A%2F%2Fdev.explora.cl%2Frmsuroriente%2Fwp-content%2Fuploads%2Fsites%2F12%2F2021%2F11%2FCompromisoDocente2022.docx||target:%20_blank|&#8221;][\/vc_column][vc_column width=&#8221;1\/4&#8243;][vc_btn title=&#8221;Carta Apoyo Director&#8221; link=&#8221;url:https%3A%2F%2Fdev.explora.cl%2Frmsuroriente%2Fwp-content%2Fuploads%2Fsites%2F12%2F2021%2F11%2FCartaApoyoDirector2022.docx||target:%20_blank|&#8221;][\/vc_column][vc_column][vc_btn title=&#8221;Autorizaci\u00f3n de Uso de Imagen&#8221; align=&#8221;center&#8221; link=&#8221;url:https%3A%2F%2Fdev.explora.cl%2Frmsuroriente%2Fwp-content%2Fuploads%2Fsites%2F12%2F2021%2F12%2FAutorizaci%C3%B3n-uso-de-imagen_Adultos-2022.docx||target:%20_blank|&#8221;][\/vc_column][\/vc_row][vc_row][vc_column][vc_column_text]<span style=\"font-weight: 400\">Si tienes dudas puedes contactarte con Gricel Gonz\u00e1lez al correo electr\u00f3nico gricel.gonzalez@uchile.cl<\/span>[\/vc_column_text][\/vc_column][\/vc_row]<\/p>\n","protected":false},"excerpt":{"rendered":"<p>Nuevo plazo hasta el 27 de diciembre de 2021 se recibir\u00e1n las postulaciones para ser parte del Campamento Explora Va!, el que por segunda vez se realizar\u00e1 de forma remota y convocar\u00e1 a docentes, educadoras\/es de p\u00e1rvulos y otros profesionales de la educaci\u00f3n de la zona sur oriente de la Regi\u00f3n Metropolitana.<\/p>\n","protected":false},"author":27,"featured_media":40443,"comment_status":"open","ping_status":"open","sticky":false,"template":"","format":"standard","meta":{"_acf_changed":false,"_exactmetrics_skip_tracking":false,"_exactmetrics_sitenote_active":false,"_exactmetrics_sitenote_note":"","_exactmetrics_sitenote_category":0,"footnotes":"","_links_to":"","_links_to_target":""},"categories":[127,138,4,116,1],"tags":[],"class_list":["post-40412","post","type-post","status-publish","format-standard","has-post-thumbnail","hentry","category-iniciativas_publ_grl","category-lugar-3","category-noticias","category-para-comunidad-escolar","category-sin-categoria"],"acf":[],"yoast_head":"<!-- This site is optimized with the Yoast SEO plugin v26.7 - https:\/\/yoast.com\/wordpress\/plugins\/seo\/ -->\n<title>Atenci\u00f3n! Convocatoria abierta Campamento Explora Va!<\/title>\n<meta name=\"description\" content=\"Nuevo plazo hasta el 27 de diciembre de 2021 se recibir\u00e1n las postulaciones para ser parte del Campamento Explora Va! Territorio y Ciudad.\" class=\"yoast-seo-meta-tag\" \/>\n<meta name=\"robots\" content=\"index, follow, max-snippet:-1, max-image-preview:large, max-video-preview:-1\" \/>\n<link rel=\"canonical\" href=\"https:\/\/dev.explora.cl\/rmsuroriente\/atencion-ya-esta-abierta-la-convocatoria-para-participar-del-campamento-explora-va-territorio-y-ciudad\/\" class=\"yoast-seo-meta-tag\" \/>\n<meta property=\"og:locale\" content=\"es_ES\" class=\"yoast-seo-meta-tag\" \/>\n<meta property=\"og:type\" content=\"article\" class=\"yoast-seo-meta-tag\" \/>\n<meta property=\"og:title\" content=\"Atenci\u00f3n! Convocatoria abierta Campamento Explora Va!\" class=\"yoast-seo-meta-tag\" \/>\n<meta property=\"og:description\" content=\"Nuevo plazo hasta el 27 de diciembre de 2021 se recibir\u00e1n las postulaciones para ser parte del Campamento Explora Va! Territorio y Ciudad.\" class=\"yoast-seo-meta-tag\" \/>\n<meta property=\"og:url\" content=\"https:\/\/dev.explora.cl\/rmsuroriente\/atencion-ya-esta-abierta-la-convocatoria-para-participar-del-campamento-explora-va-territorio-y-ciudad\/\" class=\"yoast-seo-meta-tag\" \/>\n<meta property=\"og:site_name\" content=\"RM Sur Oriente\" class=\"yoast-seo-meta-tag\" \/>\n<meta property=\"article:published_time\" content=\"2021-11-17T20:25:00+00:00\" class=\"yoast-seo-meta-tag\" \/>\n<meta property=\"article:modified_time\" content=\"2022-01-19T17:54:30+00:00\" class=\"yoast-seo-meta-tag\" \/>\n<meta property=\"og:image\" content=\"https:\/\/dev.explora.cl\/rmsuroriente\/wp-content\/uploads\/sites\/12\/2021\/11\/Ext-Campamento-con-2021-WEB-Explora-RMSO.png\" class=\"yoast-seo-meta-tag\" \/>\n\t<meta property=\"og:image:width\" content=\"725\" class=\"yoast-seo-meta-tag\" \/>\n\t<meta property=\"og:image:height\" content=\"405\" class=\"yoast-seo-meta-tag\" \/>\n\t<meta property=\"og:image:type\" content=\"image\/png\" class=\"yoast-seo-meta-tag\" \/>\n<meta name=\"author\" content=\"RMSO PUC\" class=\"yoast-seo-meta-tag\" \/>\n<meta name=\"twitter:card\" content=\"summary_large_image\" class=\"yoast-seo-meta-tag\" \/>\n<meta name=\"twitter:label1\" content=\"Escrito por\" class=\"yoast-seo-meta-tag\" \/>\n\t<meta name=\"twitter:data1\" content=\"RMSO PUC\" class=\"yoast-seo-meta-tag\" \/>\n\t<meta name=\"twitter:label2\" content=\"Tiempo estimado de lectura\" class=\"yoast-seo-meta-tag\" \/>\n\t<meta name=\"twitter:data2\" content=\"4 minutos\" class=\"yoast-seo-meta-tag\" \/>\n<script type=\"application\/ld+json\" class=\"yoast-schema-graph\">{\"@context\":\"https:\/\/schema.org\",\"@graph\":[{\"@type\":\"Article\",\"@id\":\"https:\/\/dev.explora.cl\/rmsuroriente\/atencion-ya-esta-abierta-la-convocatoria-para-participar-del-campamento-explora-va-territorio-y-ciudad\/#article\",\"isPartOf\":{\"@id\":\"https:\/\/dev.explora.cl\/rmsuroriente\/atencion-ya-esta-abierta-la-convocatoria-para-participar-del-campamento-explora-va-territorio-y-ciudad\/\"},\"author\":{\"name\":\"RMSO PUC\",\"@id\":\"https:\/\/dev.explora.cl\/rmsuroriente\/#\/schema\/person\/164f0bfb03507b3d5dd75257d8e71697\"},\"headline\":\"Atenci\u00f3n! Ya est\u00e1 abierta la convocatoria para participar del Campamento Explora Va!: Territorio y Ciudad\",\"datePublished\":\"2021-11-17T20:25:00+00:00\",\"dateModified\":\"2022-01-19T17:54:30+00:00\",\"mainEntityOfPage\":{\"@id\":\"https:\/\/dev.explora.cl\/rmsuroriente\/atencion-ya-esta-abierta-la-convocatoria-para-participar-del-campamento-explora-va-territorio-y-ciudad\/\"},\"wordCount\":799,\"commentCount\":0,\"publisher\":{\"@id\":\"https:\/\/dev.explora.cl\/rmsuroriente\/#organization\"},\"image\":{\"@id\":\"https:\/\/dev.explora.cl\/rmsuroriente\/atencion-ya-esta-abierta-la-convocatoria-para-participar-del-campamento-explora-va-territorio-y-ciudad\/#primaryimage\"},\"thumbnailUrl\":\"https:\/\/dev.explora.cl\/rmsuroriente\/wp-content\/uploads\/sites\/12\/2021\/11\/Ext-Campamento-con-2021-WEB-Explora-RMSO.png\",\"articleSection\":[\"Iniciativas\",\"Lugar 3\",\"Noticias\",\"Para Comunidad Escolar\"],\"inLanguage\":\"es-CL\",\"potentialAction\":[{\"@type\":\"CommentAction\",\"name\":\"Comment\",\"target\":[\"https:\/\/dev.explora.cl\/rmsuroriente\/atencion-ya-esta-abierta-la-convocatoria-para-participar-del-campamento-explora-va-territorio-y-ciudad\/#respond\"]}]},{\"@type\":\"WebPage\",\"@id\":\"https:\/\/dev.explora.cl\/rmsuroriente\/atencion-ya-esta-abierta-la-convocatoria-para-participar-del-campamento-explora-va-territorio-y-ciudad\/\",\"url\":\"https:\/\/dev.explora.cl\/rmsuroriente\/atencion-ya-esta-abierta-la-convocatoria-para-participar-del-campamento-explora-va-territorio-y-ciudad\/\",\"name\":\"Atenci\u00f3n! Convocatoria abierta Campamento Explora Va!\",\"isPartOf\":{\"@id\":\"https:\/\/dev.explora.cl\/rmsuroriente\/#website\"},\"primaryImageOfPage\":{\"@id\":\"https:\/\/dev.explora.cl\/rmsuroriente\/atencion-ya-esta-abierta-la-convocatoria-para-participar-del-campamento-explora-va-territorio-y-ciudad\/#primaryimage\"},\"image\":{\"@id\":\"https:\/\/dev.explora.cl\/rmsuroriente\/atencion-ya-esta-abierta-la-convocatoria-para-participar-del-campamento-explora-va-territorio-y-ciudad\/#primaryimage\"},\"thumbnailUrl\":\"https:\/\/dev.explora.cl\/rmsuroriente\/wp-content\/uploads\/sites\/12\/2021\/11\/Ext-Campamento-con-2021-WEB-Explora-RMSO.png\",\"datePublished\":\"2021-11-17T20:25:00+00:00\",\"dateModified\":\"2022-01-19T17:54:30+00:00\",\"description\":\"Nuevo plazo hasta el 27 de diciembre de 2021 se recibir\u00e1n las postulaciones para ser parte del Campamento Explora Va! Territorio y Ciudad.\",\"breadcrumb\":{\"@id\":\"https:\/\/dev.explora.cl\/rmsuroriente\/atencion-ya-esta-abierta-la-convocatoria-para-participar-del-campamento-explora-va-territorio-y-ciudad\/#breadcrumb\"},\"inLanguage\":\"es-CL\",\"potentialAction\":[{\"@type\":\"ReadAction\",\"target\":[\"https:\/\/dev.explora.cl\/rmsuroriente\/atencion-ya-esta-abierta-la-convocatoria-para-participar-del-campamento-explora-va-territorio-y-ciudad\/\"]}]},{\"@type\":\"ImageObject\",\"inLanguage\":\"es-CL\",\"@id\":\"https:\/\/dev.explora.cl\/rmsuroriente\/atencion-ya-esta-abierta-la-convocatoria-para-participar-del-campamento-explora-va-territorio-y-ciudad\/#primaryimage\",\"url\":\"https:\/\/dev.explora.cl\/rmsuroriente\/wp-content\/uploads\/sites\/12\/2021\/11\/Ext-Campamento-con-2021-WEB-Explora-RMSO.png\",\"contentUrl\":\"https:\/\/dev.explora.cl\/rmsuroriente\/wp-content\/uploads\/sites\/12\/2021\/11\/Ext-Campamento-con-2021-WEB-Explora-RMSO.png\",\"width\":725,\"height\":405},{\"@type\":\"BreadcrumbList\",\"@id\":\"https:\/\/dev.explora.cl\/rmsuroriente\/atencion-ya-esta-abierta-la-convocatoria-para-participar-del-campamento-explora-va-territorio-y-ciudad\/#breadcrumb\",\"itemListElement\":[{\"@type\":\"ListItem\",\"position\":1,\"name\":\"Portada\",\"item\":\"https:\/\/dev.explora.cl\/rmsuroriente\/\"},{\"@type\":\"ListItem\",\"position\":2,\"name\":\"Atenci\u00f3n! Ya est\u00e1 abierta la convocatoria para participar del Campamento Explora Va!: Territorio y Ciudad\"}]},{\"@type\":\"WebSite\",\"@id\":\"https:\/\/dev.explora.cl\/rmsuroriente\/#website\",\"url\":\"https:\/\/dev.explora.cl\/rmsuroriente\/\",\"name\":\"RM Sur Oriente\",\"description\":\"Otro sitio m\u00e1s de dev.explora.cl\",\"publisher\":{\"@id\":\"https:\/\/dev.explora.cl\/rmsuroriente\/#organization\"},\"potentialAction\":[{\"@type\":\"SearchAction\",\"target\":{\"@type\":\"EntryPoint\",\"urlTemplate\":\"https:\/\/dev.explora.cl\/rmsuroriente\/?s={search_term_string}\"},\"query-input\":{\"@type\":\"PropertyValueSpecification\",\"valueRequired\":true,\"valueName\":\"search_term_string\"}}],\"inLanguage\":\"es-CL\"},{\"@type\":\"Organization\",\"@id\":\"https:\/\/dev.explora.cl\/rmsuroriente\/#organization\",\"name\":\"RM Sur Oriente\",\"url\":\"https:\/\/dev.explora.cl\/rmsuroriente\/\",\"logo\":{\"@type\":\"ImageObject\",\"inLanguage\":\"es-CL\",\"@id\":\"https:\/\/dev.explora.cl\/rmsuroriente\/#\/schema\/logo\/image\/\",\"url\":\"https:\/\/dev.explora.cl\/rmsuroriente\/wp-content\/uploads\/sites\/12\/2025\/04\/cropped-LogoPAR_RMSO-Azul-UC.png\",\"contentUrl\":\"https:\/\/dev.explora.cl\/rmsuroriente\/wp-content\/uploads\/sites\/12\/2025\/04\/cropped-LogoPAR_RMSO-Azul-UC.png\",\"width\":411,\"height\":409,\"caption\":\"RM Sur Oriente\"},\"image\":{\"@id\":\"https:\/\/dev.explora.cl\/rmsuroriente\/#\/schema\/logo\/image\/\"}},{\"@type\":\"Person\",\"@id\":\"https:\/\/dev.explora.cl\/rmsuroriente\/#\/schema\/person\/164f0bfb03507b3d5dd75257d8e71697\",\"name\":\"RMSO PUC\",\"image\":{\"@type\":\"ImageObject\",\"inLanguage\":\"es-CL\",\"@id\":\"https:\/\/dev.explora.cl\/rmsuroriente\/#\/schema\/person\/image\/\",\"url\":\"https:\/\/secure.gravatar.com\/avatar\/16f7131f033ed433ea432d3fc2b04af9756004afdb5a6b61c705d795f6425ea0?s=96&d=mm&r=g\",\"contentUrl\":\"https:\/\/secure.gravatar.com\/avatar\/16f7131f033ed433ea432d3fc2b04af9756004afdb5a6b61c705d795f6425ea0?s=96&d=mm&r=g\",\"caption\":\"RMSO PUC\"},\"url\":\"https:\/\/dev.explora.cl\/rmsuroriente\/author\/myanez\/\"}]}<\/script>\n<!-- \/ Yoast SEO plugin. -->","yoast_head_json":{"title":"Atenci\u00f3n! Convocatoria abierta Campamento Explora Va!","description":"Nuevo plazo hasta el 27 de diciembre de 2021 se recibir\u00e1n las postulaciones para ser parte del Campamento Explora Va! Territorio y Ciudad.","robots":{"index":"index","follow":"follow","max-snippet":"max-snippet:-1","max-image-preview":"max-image-preview:large","max-video-preview":"max-video-preview:-1"},"canonical":"https:\/\/dev.explora.cl\/rmsuroriente\/atencion-ya-esta-abierta-la-convocatoria-para-participar-del-campamento-explora-va-territorio-y-ciudad\/","og_locale":"es_ES","og_type":"article","og_title":"Atenci\u00f3n! Convocatoria abierta Campamento Explora Va!","og_description":"Nuevo plazo hasta el 27 de diciembre de 2021 se recibir\u00e1n las postulaciones para ser parte del Campamento Explora Va! Territorio y Ciudad.","og_url":"https:\/\/dev.explora.cl\/rmsuroriente\/atencion-ya-esta-abierta-la-convocatoria-para-participar-del-campamento-explora-va-territorio-y-ciudad\/","og_site_name":"RM Sur Oriente","article_published_time":"2021-11-17T20:25:00+00:00","article_modified_time":"2022-01-19T17:54:30+00:00","og_image":[{"width":725,"height":405,"url":"https:\/\/dev.explora.cl\/rmsuroriente\/wp-content\/uploads\/sites\/12\/2021\/11\/Ext-Campamento-con-2021-WEB-Explora-RMSO.png","type":"image\/png"}],"author":"RMSO PUC","twitter_card":"summary_large_image","twitter_misc":{"Escrito por":"RMSO PUC","Tiempo estimado de lectura":"4 minutos"},"schema":{"@context":"https:\/\/schema.org","@graph":[{"@type":"Article","@id":"https:\/\/dev.explora.cl\/rmsuroriente\/atencion-ya-esta-abierta-la-convocatoria-para-participar-del-campamento-explora-va-territorio-y-ciudad\/#article","isPartOf":{"@id":"https:\/\/dev.explora.cl\/rmsuroriente\/atencion-ya-esta-abierta-la-convocatoria-para-participar-del-campamento-explora-va-territorio-y-ciudad\/"},"author":{"name":"RMSO PUC","@id":"https:\/\/dev.explora.cl\/rmsuroriente\/#\/schema\/person\/164f0bfb03507b3d5dd75257d8e71697"},"headline":"Atenci\u00f3n! Ya est\u00e1 abierta la convocatoria para participar del Campamento Explora Va!: Territorio y Ciudad","datePublished":"2021-11-17T20:25:00+00:00","dateModified":"2022-01-19T17:54:30+00:00","mainEntityOfPage":{"@id":"https:\/\/dev.explora.cl\/rmsuroriente\/atencion-ya-esta-abierta-la-convocatoria-para-participar-del-campamento-explora-va-territorio-y-ciudad\/"},"wordCount":799,"commentCount":0,"publisher":{"@id":"https:\/\/dev.explora.cl\/rmsuroriente\/#organization"},"image":{"@id":"https:\/\/dev.explora.cl\/rmsuroriente\/atencion-ya-esta-abierta-la-convocatoria-para-participar-del-campamento-explora-va-territorio-y-ciudad\/#primaryimage"},"thumbnailUrl":"https:\/\/dev.explora.cl\/rmsuroriente\/wp-content\/uploads\/sites\/12\/2021\/11\/Ext-Campamento-con-2021-WEB-Explora-RMSO.png","articleSection":["Iniciativas","Lugar 3","Noticias","Para Comunidad Escolar"],"inLanguage":"es-CL","potentialAction":[{"@type":"CommentAction","name":"Comment","target":["https:\/\/dev.explora.cl\/rmsuroriente\/atencion-ya-esta-abierta-la-convocatoria-para-participar-del-campamento-explora-va-territorio-y-ciudad\/#respond"]}]},{"@type":"WebPage","@id":"https:\/\/dev.explora.cl\/rmsuroriente\/atencion-ya-esta-abierta-la-convocatoria-para-participar-del-campamento-explora-va-territorio-y-ciudad\/","url":"https:\/\/dev.explora.cl\/rmsuroriente\/atencion-ya-esta-abierta-la-convocatoria-para-participar-del-campamento-explora-va-territorio-y-ciudad\/","name":"Atenci\u00f3n! Convocatoria abierta Campamento Explora Va!","isPartOf":{"@id":"https:\/\/dev.explora.cl\/rmsuroriente\/#website"},"primaryImageOfPage":{"@id":"https:\/\/dev.explora.cl\/rmsuroriente\/atencion-ya-esta-abierta-la-convocatoria-para-participar-del-campamento-explora-va-territorio-y-ciudad\/#primaryimage"},"image":{"@id":"https:\/\/dev.explora.cl\/rmsuroriente\/atencion-ya-esta-abierta-la-convocatoria-para-participar-del-campamento-explora-va-territorio-y-ciudad\/#primaryimage"},"thumbnailUrl":"https:\/\/dev.explora.cl\/rmsuroriente\/wp-content\/uploads\/sites\/12\/2021\/11\/Ext-Campamento-con-2021-WEB-Explora-RMSO.png","datePublished":"2021-11-17T20:25:00+00:00","dateModified":"2022-01-19T17:54:30+00:00","description":"Nuevo plazo hasta el 27 de diciembre de 2021 se recibir\u00e1n las postulaciones para ser parte del Campamento Explora Va! Territorio y Ciudad.","breadcrumb":{"@id":"https:\/\/dev.explora.cl\/rmsuroriente\/atencion-ya-esta-abierta-la-convocatoria-para-participar-del-campamento-explora-va-territorio-y-ciudad\/#breadcrumb"},"inLanguage":"es-CL","potentialAction":[{"@type":"ReadAction","target":["https:\/\/dev.explora.cl\/rmsuroriente\/atencion-ya-esta-abierta-la-convocatoria-para-participar-del-campamento-explora-va-territorio-y-ciudad\/"]}]},{"@type":"ImageObject","inLanguage":"es-CL","@id":"https:\/\/dev.explora.cl\/rmsuroriente\/atencion-ya-esta-abierta-la-convocatoria-para-participar-del-campamento-explora-va-territorio-y-ciudad\/#primaryimage","url":"https:\/\/dev.explora.cl\/rmsuroriente\/wp-content\/uploads\/sites\/12\/2021\/11\/Ext-Campamento-con-2021-WEB-Explora-RMSO.png","contentUrl":"https:\/\/dev.explora.cl\/rmsuroriente\/wp-content\/uploads\/sites\/12\/2021\/11\/Ext-Campamento-con-2021-WEB-Explora-RMSO.png","width":725,"height":405},{"@type":"BreadcrumbList","@id":"https:\/\/dev.explora.cl\/rmsuroriente\/atencion-ya-esta-abierta-la-convocatoria-para-participar-del-campamento-explora-va-territorio-y-ciudad\/#breadcrumb","itemListElement":[{"@type":"ListItem","position":1,"name":"Portada","item":"https:\/\/dev.explora.cl\/rmsuroriente\/"},{"@type":"ListItem","position":2,"name":"Atenci\u00f3n! Ya est\u00e1 abierta la convocatoria para participar del Campamento Explora Va!: Territorio y Ciudad"}]},{"@type":"WebSite","@id":"https:\/\/dev.explora.cl\/rmsuroriente\/#website","url":"https:\/\/dev.explora.cl\/rmsuroriente\/","name":"RM Sur Oriente","description":"Otro sitio m\u00e1s de dev.explora.cl","publisher":{"@id":"https:\/\/dev.explora.cl\/rmsuroriente\/#organization"},"potentialAction":[{"@type":"SearchAction","target":{"@type":"EntryPoint","urlTemplate":"https:\/\/dev.explora.cl\/rmsuroriente\/?s={search_term_string}"},"query-input":{"@type":"PropertyValueSpecification","valueRequired":true,"valueName":"search_term_string"}}],"inLanguage":"es-CL"},{"@type":"Organization","@id":"https:\/\/dev.explora.cl\/rmsuroriente\/#organization","name":"RM Sur Oriente","url":"https:\/\/dev.explora.cl\/rmsuroriente\/","logo":{"@type":"ImageObject","inLanguage":"es-CL","@id":"https:\/\/dev.explora.cl\/rmsuroriente\/#\/schema\/logo\/image\/","url":"https:\/\/dev.explora.cl\/rmsuroriente\/wp-content\/uploads\/sites\/12\/2025\/04\/cropped-LogoPAR_RMSO-Azul-UC.png","contentUrl":"https:\/\/dev.explora.cl\/rmsuroriente\/wp-content\/uploads\/sites\/12\/2025\/04\/cropped-LogoPAR_RMSO-Azul-UC.png","width":411,"height":409,"caption":"RM Sur Oriente"},"image":{"@id":"https:\/\/dev.explora.cl\/rmsuroriente\/#\/schema\/logo\/image\/"}},{"@type":"Person","@id":"https:\/\/dev.explora.cl\/rmsuroriente\/#\/schema\/person\/164f0bfb03507b3d5dd75257d8e71697","name":"RMSO PUC","image":{"@type":"ImageObject","inLanguage":"es-CL","@id":"https:\/\/dev.explora.cl\/rmsuroriente\/#\/schema\/person\/image\/","url":"https:\/\/secure.gravatar.com\/avatar\/16f7131f033ed433ea432d3fc2b04af9756004afdb5a6b61c705d795f6425ea0?s=96&d=mm&r=g","contentUrl":"https:\/\/secure.gravatar.com\/avatar\/16f7131f033ed433ea432d3fc2b04af9756004afdb5a6b61c705d795f6425ea0?s=96&d=mm&r=g","caption":"RMSO PUC"},"url":"https:\/\/dev.explora.cl\/rmsuroriente\/author\/myanez\/"}]}},"_links":{"self":[{"href":"https:\/\/dev.explora.cl\/rmsuroriente\/wp-json\/wp\/v2\/posts\/40412","targetHints":{"allow":["GET"]}}],"collection":[{"href":"https:\/\/dev.explora.cl\/rmsuroriente\/wp-json\/wp\/v2\/posts"}],"about":[{"href":"https:\/\/dev.explora.cl\/rmsuroriente\/wp-json\/wp\/v2\/types\/post"}],"author":[{"embeddable":true,"href":"https:\/\/dev.explora.cl\/rmsuroriente\/wp-json\/wp\/v2\/users\/27"}],"replies":[{"embeddable":true,"href":"https:\/\/dev.explora.cl\/rmsuroriente\/wp-json\/wp\/v2\/comments?post=40412"}],"version-history":[{"count":12,"href":"https:\/\/dev.explora.cl\/rmsuroriente\/wp-json\/wp\/v2\/posts\/40412\/revisions"}],"predecessor-version":[{"id":40445,"href":"https:\/\/dev.explora.cl\/rmsuroriente\/wp-json\/wp\/v2\/posts\/40412\/revisions\/40445"}],"wp:featuredmedia":[{"embeddable":true,"href":"https:\/\/dev.explora.cl\/rmsuroriente\/wp-json\/wp\/v2\/media\/40443"}],"wp:attachment":[{"href":"https:\/\/dev.explora.cl\/rmsuroriente\/wp-json\/wp\/v2\/media?parent=40412"}],"wp:term":[{"taxonomy":"category","embeddable":true,"href":"https:\/\/dev.explora.cl\/rmsuroriente\/wp-json\/wp\/v2\/categories?post=40412"},{"taxonomy":"post_tag","embeddable":true,"href":"https:\/\/dev.explora.cl\/rmsuroriente\/wp-json\/wp\/v2\/tags?post=40412"}],"curies":[{"name":"wp","href":"https:\/\/api.w.org\/{rel}","templated":true}]}}