{"id":40366,"date":"2021-10-29T12:43:27","date_gmt":"2021-10-29T15:43:27","guid":{"rendered":"https:\/\/dev.explora.cl\/rmsuroriente\/?p=40366"},"modified":"2022-01-19T14:54:08","modified_gmt":"2022-01-19T17:54:08","slug":"revive-las-actividades-del-festival-de-la-ciencia-2021","status":"publish","type":"post","link":"https:\/\/dev.explora.cl\/rmsuroriente\/revive-las-actividades-del-festival-de-la-ciencia-2021\/","title":{"rendered":"Revive las actividades del Festival de la Ciencia 2021"},"content":{"rendered":"<p>[vc_row][vc_column][vc_column_text]<b>Durante cinco d\u00edas el Proyecto Explora RM Sur Oriente celebr\u00f3 la ciencia con una serie de cortometrajes, conversatorios y talleres de diversas \u00e1reas del conocimiento, los que reunieron a m\u00e1s 60 instituciones y representantes del mundo cient\u00edfico.<\/b><\/p>\n<p><span style=\"font-weight: 400\">El Proyecto Explora Regi\u00f3n Metropolitana Sur Oriente celebr\u00f3 el Festival de la Ciencia con exposiciones, actividades virtuales y una serie de documentales que tuvieron por objetivo acercar el conocimiento a la ciudadan\u00eda y destacar el aporte que cient\u00edficas y cient\u00edficos chilenos han realizado a la ciencia mundial.<\/span><\/p>\n<p><b>Muralismo y talleres virtuales.<\/b><\/p>\n<p><span style=\"font-weight: 400\">El arte y la ciencia fueron los protagonistas en cinco estaciones de Metro de Santiago (Pedrero, Macul, Vicu\u00f1a Mackenna, Santa Rosa y Plaza de Puente Alto), en las que se exhibieron gr\u00e1ficas y animaciones que recordaron el trabajo realizado por el Proyecto entre los a\u00f1os 2015 y 2019 en torno a la creaci\u00f3n de cinco Murales Cient\u00edficos, los cuales crearon en el espacio p\u00fablico un punto de encuentro entre el arte, la ciencia y la ciudadan\u00eda.<\/span><\/p>\n<p><span style=\"font-weight: 400\">Esta actividad fue complementada con talleres y conversatorios virtuales orientados al p\u00fablico infantil, juvenil y adulto, y contaron con la colaboraci\u00f3n del Instituto Milenio de Oceanograf\u00eda (IMO), Museo Artequin, Parque Metropolitano de Santiago, Instituto de Ecolog\u00eda y Biodiversidad (IEB), Centro de Estudios Interculturales e Ind\u00edgenas (CIIR) y el Centro de Gerociencia, Salud Mental y Metabolismo (GERO), quienes desde sus respectivas \u00e1reas abordaron temas de cultura, historia e identidad de los territorios y su relaci\u00f3n con el ecosistema, destacando la tradici\u00f3n precolombina del muralismo.<\/span><\/p>\n<p><b>Cortos documentales.<\/b><\/p>\n<p><span style=\"font-weight: 400\">Para conmemorar a las y los protagonistas de los avances y descubrimientos de la ciencia en Chile, el Proyecto Explora RM Sur Oriente estren\u00f3 la serie de documentales \u201cEn Corto: exploremos nuestra ciencia\u201d, cuyo primer cap\u00edtulo destaca la historia del proyecto Cal\u00e1n-Tololo, liderado por los Premios Nacionales de Ciencias Jos\u00e9 Maza y Mario Hamuy, y como sus datos aportaron al descubrimiento de la expansi\u00f3n acelerada del universo.\u00a0<\/span><\/p>\n<p><span style=\"font-weight: 400\">El cap\u00edtulo dos hace un barrido prehist\u00f3rico de nuestro territorio, desde los dinosaurios que merodeaban estas tierras hasta los grandes mam\u00edferos que posiblemente convivieron con los primeros habitantes del continente. Adem\u00e1s, destaca el descubrimiento del Chilesaurio, Atacamatitan y los yacimientos de Monte Verde.<\/span><\/p>\n<p><span style=\"font-weight: 400\">El tercer cap\u00edtulo cuenta la historia de los inicios de la neurociencia chilena con Joaqu\u00edn Luco, y los importantes descubrimientos de Mario Luxoro y el Laboratorio de Montemar. Tambi\u00e9n se centra en los herederos de este laboratorio, como los Premios Nacionales de Ciencias Cecilia Hidalgo y Ram\u00f3n Latorre, entre otros, quienes hicieron aportes notables en el estudio del funcionamiento de nuestro cerebro y, m\u00e1s espec\u00edfico, en los canales i\u00f3nicos.<\/span><\/p>\n<p><span style=\"font-weight: 400\">El cuarto cap\u00edtulo se adentra en las investigaciones y avances realizados en nuestro pa\u00eds para la enfermedad de Alzheimer, se abordan sus causas, agravantes y posibles curas o tratamientos, junto a especialistas como Mar\u00eda Isabel Behrens y Nibaldo Inestrosa, Premio Nacional de Ciencias Naturales 2008.<\/span><\/p>\n<p><span style=\"font-weight: 400\">La serie finaliza con el trabajo de astr\u00f3nomas y astr\u00f3nomos chilenos y extranjeros en la b\u00fasqueda de exoplanetas en los observatorios ubicados en el norte de nuestro pa\u00eds. En este cap\u00edtulo se destaca el trabajo de James Jenkins, Amelia Bayo, Maximiliano Amen\u00e1bar, Nicola Astudillo y Teresa Paneque, quienes han contribuido al estudio y divulgaci\u00f3n de estas investigaciones.<\/span><\/p>\n<p><b>Conversaciones sobre el territorio<\/b><\/p>\n<p><span style=\"font-weight: 400\">La celebraci\u00f3n cont\u00f3 adem\u00e1s con la participaci\u00f3n de diversos especialistas de distintas y variadas \u00e1reas del conocimiento. Cine, m\u00fasica, cultura, sociedad, efectos post pandemia, fen\u00f3menos de la naturaleza y de nuestro entendimiento del mundo, fueron algunos de los temas expuestos en encuentros virtuales realizados en modalidad de conversatorios, los que contaron con la participaci\u00f3n de destacadas instituciones y centros de investigaci\u00f3n del pa\u00eds.<\/span><\/p>\n<p><span style=\"font-weight: 400\">Te invitamos a revivir cada uno de los encuentros virtuales, talleres y documentales a trav\u00e9s del canal de <a href=\"https:\/\/www.youtube.com\/channel\/UCnohAMDg-x4gSI4hzCllg4A\" target=\"_blank\" rel=\"noopener noreferrer\">YouTube del PAR Explora RM Sur Oriente<\/a>.<\/span><\/p>\n<p><span style=\"font-weight: 400\">Muchas gracias a todas y todos quienes se conectaron y participaron de nuestras actividades, y a todas las instituciones, cient\u00edficos y cient\u00edficas que colaboraron para hacer posible esta celebraci\u00f3n. \u00a1Nos vemos el pr\u00f3ximo a\u00f1o en FECI 2022!<\/span>[\/vc_column_text][\/vc_column][\/vc_row][vc_row][vc_column width=&#8221;1\/2&#8243;][vc_gallery interval=&#8221;3&#8243; images=&#8221;40367,40368,40369&#8243; img_size=&#8221;medium&#8221;][\/vc_column][vc_column width=&#8221;1\/2&#8243;][vc_gallery interval=&#8221;3&#8243; images=&#8221;40376,40377,40378,40379,40380,40381,40384,40385,40375,40383&#8243; img_size=&#8221;medium&#8221;][\/vc_column][\/vc_row][vc_row][vc_column width=&#8221;1\/2&#8243;][vc_video link=&#8221;https:\/\/www.youtube.com\/watch?v=-0tLyVqGS9M&amp;list=PLhatzRgNMznOWAIsF-Bf7IaPNTPIAlW0a&amp;ab_channel=ExploraRMSurOriente&#8221;][\/vc_column][vc_column width=&#8221;1\/2&#8243;][vc_video link=&#8221;https:\/\/www.youtube.com\/watch?v=Dov1lWurPiQ&amp;list=PLhatzRgNMznPxFUok2fAZVvpepoOd9LSy&amp;ab_channel=ExploraRMSurOriente&#8221;][\/vc_column][\/vc_row]<\/p>\n","protected":false},"excerpt":{"rendered":"<p>Durante cinco d\u00edas el Proyecto Explora RM Sur Oriente celebr\u00f3 la ciencia con una serie de cortometrajes, conversatorios y talleres de diversas \u00e1reas del conocimiento, los que reunieron a m\u00e1s 60 instituciones y representantes del mundo cient\u00edfico.<\/p>\n","protected":false},"author":27,"featured_media":40371,"comment_status":"open","ping_status":"open","sticky":false,"template":"","format":"standard","meta":{"_acf_changed":false,"_exactmetrics_skip_tracking":false,"_exactmetrics_sitenote_active":false,"_exactmetrics_sitenote_note":"","_exactmetrics_sitenote_category":0,"footnotes":"","_links_to":"","_links_to_target":""},"categories":[128,140,4,126,1],"tags":[],"class_list":["post-40366","post","type-post","status-publish","format-standard","has-post-thumbnail","hentry","category-eventos_publ_grl","category-lugar-5","category-noticias","category-para-publico-general","category-sin-categoria"],"acf":[],"yoast_head":"<!-- This site is optimized with the Yoast SEO plugin v26.7 - https:\/\/yoast.com\/wordpress\/plugins\/seo\/ -->\n<title>Revive las actividades del Festival de la Ciencia 2021 - RM Sur Oriente<\/title>\n<meta name=\"description\" content=\"Durante 5 d\u00edas Explora RM Sur Oriente celebr\u00f3 la ciencia con una serie de cortometrajes, conversatorios y talleres de diversas \u00e1reas del conocimiento.\" class=\"yoast-seo-meta-tag\" \/>\n<meta name=\"robots\" content=\"index, follow, max-snippet:-1, max-image-preview:large, max-video-preview:-1\" \/>\n<link rel=\"canonical\" href=\"https:\/\/dev.explora.cl\/rmsuroriente\/revive-las-actividades-del-festival-de-la-ciencia-2021\/\" class=\"yoast-seo-meta-tag\" \/>\n<meta property=\"og:locale\" content=\"es_ES\" class=\"yoast-seo-meta-tag\" \/>\n<meta property=\"og:type\" content=\"article\" class=\"yoast-seo-meta-tag\" \/>\n<meta property=\"og:title\" content=\"Revive las actividades del Festival de la Ciencia 2021 - RM Sur Oriente\" class=\"yoast-seo-meta-tag\" \/>\n<meta property=\"og:description\" content=\"Durante 5 d\u00edas Explora RM Sur Oriente celebr\u00f3 la ciencia con una serie de cortometrajes, conversatorios y talleres de diversas \u00e1reas del conocimiento.\" class=\"yoast-seo-meta-tag\" \/>\n<meta property=\"og:url\" content=\"https:\/\/dev.explora.cl\/rmsuroriente\/revive-las-actividades-del-festival-de-la-ciencia-2021\/\" class=\"yoast-seo-meta-tag\" \/>\n<meta property=\"og:site_name\" content=\"RM Sur Oriente\" class=\"yoast-seo-meta-tag\" \/>\n<meta property=\"article:published_time\" content=\"2021-10-29T15:43:27+00:00\" class=\"yoast-seo-meta-tag\" \/>\n<meta property=\"article:modified_time\" content=\"2022-01-19T17:54:08+00:00\" class=\"yoast-seo-meta-tag\" \/>\n<meta property=\"og:image\" content=\"https:\/\/dev.explora.cl\/rmsuroriente\/wp-content\/uploads\/sites\/12\/2021\/10\/Nota-FECI-web-Explora-RMSO.png\" class=\"yoast-seo-meta-tag\" \/>\n\t<meta property=\"og:image:width\" content=\"725\" class=\"yoast-seo-meta-tag\" \/>\n\t<meta property=\"og:image:height\" content=\"405\" class=\"yoast-seo-meta-tag\" \/>\n\t<meta property=\"og:image:type\" content=\"image\/png\" class=\"yoast-seo-meta-tag\" \/>\n<meta name=\"author\" content=\"RMSO PUC\" class=\"yoast-seo-meta-tag\" \/>\n<meta name=\"twitter:card\" content=\"summary_large_image\" class=\"yoast-seo-meta-tag\" \/>\n<meta name=\"twitter:label1\" content=\"Escrito por\" class=\"yoast-seo-meta-tag\" \/>\n\t<meta name=\"twitter:data1\" content=\"RMSO PUC\" class=\"yoast-seo-meta-tag\" \/>\n\t<meta name=\"twitter:label2\" content=\"Tiempo estimado de lectura\" class=\"yoast-seo-meta-tag\" \/>\n\t<meta name=\"twitter:data2\" content=\"4 minutos\" class=\"yoast-seo-meta-tag\" \/>\n<script type=\"application\/ld+json\" class=\"yoast-schema-graph\">{\"@context\":\"https:\/\/schema.org\",\"@graph\":[{\"@type\":\"Article\",\"@id\":\"https:\/\/dev.explora.cl\/rmsuroriente\/revive-las-actividades-del-festival-de-la-ciencia-2021\/#article\",\"isPartOf\":{\"@id\":\"https:\/\/dev.explora.cl\/rmsuroriente\/revive-las-actividades-del-festival-de-la-ciencia-2021\/\"},\"author\":{\"name\":\"RMSO PUC\",\"@id\":\"https:\/\/dev.explora.cl\/rmsuroriente\/#\/schema\/person\/164f0bfb03507b3d5dd75257d8e71697\"},\"headline\":\"Revive las actividades del Festival de la Ciencia 2021\",\"datePublished\":\"2021-10-29T15:43:27+00:00\",\"dateModified\":\"2022-01-19T17:54:08+00:00\",\"mainEntityOfPage\":{\"@id\":\"https:\/\/dev.explora.cl\/rmsuroriente\/revive-las-actividades-del-festival-de-la-ciencia-2021\/\"},\"wordCount\":818,\"commentCount\":0,\"publisher\":{\"@id\":\"https:\/\/dev.explora.cl\/rmsuroriente\/#organization\"},\"image\":{\"@id\":\"https:\/\/dev.explora.cl\/rmsuroriente\/revive-las-actividades-del-festival-de-la-ciencia-2021\/#primaryimage\"},\"thumbnailUrl\":\"https:\/\/dev.explora.cl\/rmsuroriente\/wp-content\/uploads\/sites\/12\/2021\/10\/Nota-FECI-web-Explora-RMSO.png\",\"articleSection\":[\"Eventos\",\"Lugar 5\",\"Noticias\",\"Para P\u00fablico General\"],\"inLanguage\":\"es-CL\",\"potentialAction\":[{\"@type\":\"CommentAction\",\"name\":\"Comment\",\"target\":[\"https:\/\/dev.explora.cl\/rmsuroriente\/revive-las-actividades-del-festival-de-la-ciencia-2021\/#respond\"]}]},{\"@type\":\"WebPage\",\"@id\":\"https:\/\/dev.explora.cl\/rmsuroriente\/revive-las-actividades-del-festival-de-la-ciencia-2021\/\",\"url\":\"https:\/\/dev.explora.cl\/rmsuroriente\/revive-las-actividades-del-festival-de-la-ciencia-2021\/\",\"name\":\"Revive las actividades del Festival de la Ciencia 2021 - RM Sur Oriente\",\"isPartOf\":{\"@id\":\"https:\/\/dev.explora.cl\/rmsuroriente\/#website\"},\"primaryImageOfPage\":{\"@id\":\"https:\/\/dev.explora.cl\/rmsuroriente\/revive-las-actividades-del-festival-de-la-ciencia-2021\/#primaryimage\"},\"image\":{\"@id\":\"https:\/\/dev.explora.cl\/rmsuroriente\/revive-las-actividades-del-festival-de-la-ciencia-2021\/#primaryimage\"},\"thumbnailUrl\":\"https:\/\/dev.explora.cl\/rmsuroriente\/wp-content\/uploads\/sites\/12\/2021\/10\/Nota-FECI-web-Explora-RMSO.png\",\"datePublished\":\"2021-10-29T15:43:27+00:00\",\"dateModified\":\"2022-01-19T17:54:08+00:00\",\"description\":\"Durante 5 d\u00edas Explora RM Sur Oriente celebr\u00f3 la ciencia con una serie de cortometrajes, conversatorios y talleres de diversas \u00e1reas del conocimiento.\",\"breadcrumb\":{\"@id\":\"https:\/\/dev.explora.cl\/rmsuroriente\/revive-las-actividades-del-festival-de-la-ciencia-2021\/#breadcrumb\"},\"inLanguage\":\"es-CL\",\"potentialAction\":[{\"@type\":\"ReadAction\",\"target\":[\"https:\/\/dev.explora.cl\/rmsuroriente\/revive-las-actividades-del-festival-de-la-ciencia-2021\/\"]}]},{\"@type\":\"ImageObject\",\"inLanguage\":\"es-CL\",\"@id\":\"https:\/\/dev.explora.cl\/rmsuroriente\/revive-las-actividades-del-festival-de-la-ciencia-2021\/#primaryimage\",\"url\":\"https:\/\/dev.explora.cl\/rmsuroriente\/wp-content\/uploads\/sites\/12\/2021\/10\/Nota-FECI-web-Explora-RMSO.png\",\"contentUrl\":\"https:\/\/dev.explora.cl\/rmsuroriente\/wp-content\/uploads\/sites\/12\/2021\/10\/Nota-FECI-web-Explora-RMSO.png\",\"width\":725,\"height\":405},{\"@type\":\"BreadcrumbList\",\"@id\":\"https:\/\/dev.explora.cl\/rmsuroriente\/revive-las-actividades-del-festival-de-la-ciencia-2021\/#breadcrumb\",\"itemListElement\":[{\"@type\":\"ListItem\",\"position\":1,\"name\":\"Portada\",\"item\":\"https:\/\/dev.explora.cl\/rmsuroriente\/\"},{\"@type\":\"ListItem\",\"position\":2,\"name\":\"Revive las actividades del Festival de la Ciencia 2021\"}]},{\"@type\":\"WebSite\",\"@id\":\"https:\/\/dev.explora.cl\/rmsuroriente\/#website\",\"url\":\"https:\/\/dev.explora.cl\/rmsuroriente\/\",\"name\":\"RM Sur Oriente\",\"description\":\"Otro sitio m\u00e1s de dev.explora.cl\",\"publisher\":{\"@id\":\"https:\/\/dev.explora.cl\/rmsuroriente\/#organization\"},\"potentialAction\":[{\"@type\":\"SearchAction\",\"target\":{\"@type\":\"EntryPoint\",\"urlTemplate\":\"https:\/\/dev.explora.cl\/rmsuroriente\/?s={search_term_string}\"},\"query-input\":{\"@type\":\"PropertyValueSpecification\",\"valueRequired\":true,\"valueName\":\"search_term_string\"}}],\"inLanguage\":\"es-CL\"},{\"@type\":\"Organization\",\"@id\":\"https:\/\/dev.explora.cl\/rmsuroriente\/#organization\",\"name\":\"RM Sur Oriente\",\"url\":\"https:\/\/dev.explora.cl\/rmsuroriente\/\",\"logo\":{\"@type\":\"ImageObject\",\"inLanguage\":\"es-CL\",\"@id\":\"https:\/\/dev.explora.cl\/rmsuroriente\/#\/schema\/logo\/image\/\",\"url\":\"https:\/\/dev.explora.cl\/rmsuroriente\/wp-content\/uploads\/sites\/12\/2025\/04\/cropped-LogoPAR_RMSO-Azul-UC.png\",\"contentUrl\":\"https:\/\/dev.explora.cl\/rmsuroriente\/wp-content\/uploads\/sites\/12\/2025\/04\/cropped-LogoPAR_RMSO-Azul-UC.png\",\"width\":411,\"height\":409,\"caption\":\"RM Sur Oriente\"},\"image\":{\"@id\":\"https:\/\/dev.explora.cl\/rmsuroriente\/#\/schema\/logo\/image\/\"}},{\"@type\":\"Person\",\"@id\":\"https:\/\/dev.explora.cl\/rmsuroriente\/#\/schema\/person\/164f0bfb03507b3d5dd75257d8e71697\",\"name\":\"RMSO PUC\",\"image\":{\"@type\":\"ImageObject\",\"inLanguage\":\"es-CL\",\"@id\":\"https:\/\/dev.explora.cl\/rmsuroriente\/#\/schema\/person\/image\/\",\"url\":\"https:\/\/secure.gravatar.com\/avatar\/16f7131f033ed433ea432d3fc2b04af9756004afdb5a6b61c705d795f6425ea0?s=96&d=mm&r=g\",\"contentUrl\":\"https:\/\/secure.gravatar.com\/avatar\/16f7131f033ed433ea432d3fc2b04af9756004afdb5a6b61c705d795f6425ea0?s=96&d=mm&r=g\",\"caption\":\"RMSO PUC\"},\"url\":\"https:\/\/dev.explora.cl\/rmsuroriente\/author\/myanez\/\"}]}<\/script>\n<!-- \/ Yoast SEO plugin. -->","yoast_head_json":{"title":"Revive las actividades del Festival de la Ciencia 2021 - RM Sur Oriente","description":"Durante 5 d\u00edas Explora RM Sur Oriente celebr\u00f3 la ciencia con una serie de cortometrajes, conversatorios y talleres de diversas \u00e1reas del conocimiento.","robots":{"index":"index","follow":"follow","max-snippet":"max-snippet:-1","max-image-preview":"max-image-preview:large","max-video-preview":"max-video-preview:-1"},"canonical":"https:\/\/dev.explora.cl\/rmsuroriente\/revive-las-actividades-del-festival-de-la-ciencia-2021\/","og_locale":"es_ES","og_type":"article","og_title":"Revive las actividades del Festival de la Ciencia 2021 - RM Sur Oriente","og_description":"Durante 5 d\u00edas Explora RM Sur Oriente celebr\u00f3 la ciencia con una serie de cortometrajes, conversatorios y talleres de diversas \u00e1reas del conocimiento.","og_url":"https:\/\/dev.explora.cl\/rmsuroriente\/revive-las-actividades-del-festival-de-la-ciencia-2021\/","og_site_name":"RM Sur Oriente","article_published_time":"2021-10-29T15:43:27+00:00","article_modified_time":"2022-01-19T17:54:08+00:00","og_image":[{"width":725,"height":405,"url":"https:\/\/dev.explora.cl\/rmsuroriente\/wp-content\/uploads\/sites\/12\/2021\/10\/Nota-FECI-web-Explora-RMSO.png","type":"image\/png"}],"author":"RMSO PUC","twitter_card":"summary_large_image","twitter_misc":{"Escrito por":"RMSO PUC","Tiempo estimado de lectura":"4 minutos"},"schema":{"@context":"https:\/\/schema.org","@graph":[{"@type":"Article","@id":"https:\/\/dev.explora.cl\/rmsuroriente\/revive-las-actividades-del-festival-de-la-ciencia-2021\/#article","isPartOf":{"@id":"https:\/\/dev.explora.cl\/rmsuroriente\/revive-las-actividades-del-festival-de-la-ciencia-2021\/"},"author":{"name":"RMSO PUC","@id":"https:\/\/dev.explora.cl\/rmsuroriente\/#\/schema\/person\/164f0bfb03507b3d5dd75257d8e71697"},"headline":"Revive las actividades del Festival de la Ciencia 2021","datePublished":"2021-10-29T15:43:27+00:00","dateModified":"2022-01-19T17:54:08+00:00","mainEntityOfPage":{"@id":"https:\/\/dev.explora.cl\/rmsuroriente\/revive-las-actividades-del-festival-de-la-ciencia-2021\/"},"wordCount":818,"commentCount":0,"publisher":{"@id":"https:\/\/dev.explora.cl\/rmsuroriente\/#organization"},"image":{"@id":"https:\/\/dev.explora.cl\/rmsuroriente\/revive-las-actividades-del-festival-de-la-ciencia-2021\/#primaryimage"},"thumbnailUrl":"https:\/\/dev.explora.cl\/rmsuroriente\/wp-content\/uploads\/sites\/12\/2021\/10\/Nota-FECI-web-Explora-RMSO.png","articleSection":["Eventos","Lugar 5","Noticias","Para P\u00fablico General"],"inLanguage":"es-CL","potentialAction":[{"@type":"CommentAction","name":"Comment","target":["https:\/\/dev.explora.cl\/rmsuroriente\/revive-las-actividades-del-festival-de-la-ciencia-2021\/#respond"]}]},{"@type":"WebPage","@id":"https:\/\/dev.explora.cl\/rmsuroriente\/revive-las-actividades-del-festival-de-la-ciencia-2021\/","url":"https:\/\/dev.explora.cl\/rmsuroriente\/revive-las-actividades-del-festival-de-la-ciencia-2021\/","name":"Revive las actividades del Festival de la Ciencia 2021 - RM Sur Oriente","isPartOf":{"@id":"https:\/\/dev.explora.cl\/rmsuroriente\/#website"},"primaryImageOfPage":{"@id":"https:\/\/dev.explora.cl\/rmsuroriente\/revive-las-actividades-del-festival-de-la-ciencia-2021\/#primaryimage"},"image":{"@id":"https:\/\/dev.explora.cl\/rmsuroriente\/revive-las-actividades-del-festival-de-la-ciencia-2021\/#primaryimage"},"thumbnailUrl":"https:\/\/dev.explora.cl\/rmsuroriente\/wp-content\/uploads\/sites\/12\/2021\/10\/Nota-FECI-web-Explora-RMSO.png","datePublished":"2021-10-29T15:43:27+00:00","dateModified":"2022-01-19T17:54:08+00:00","description":"Durante 5 d\u00edas Explora RM Sur Oriente celebr\u00f3 la ciencia con una serie de cortometrajes, conversatorios y talleres de diversas \u00e1reas del conocimiento.","breadcrumb":{"@id":"https:\/\/dev.explora.cl\/rmsuroriente\/revive-las-actividades-del-festival-de-la-ciencia-2021\/#breadcrumb"},"inLanguage":"es-CL","potentialAction":[{"@type":"ReadAction","target":["https:\/\/dev.explora.cl\/rmsuroriente\/revive-las-actividades-del-festival-de-la-ciencia-2021\/"]}]},{"@type":"ImageObject","inLanguage":"es-CL","@id":"https:\/\/dev.explora.cl\/rmsuroriente\/revive-las-actividades-del-festival-de-la-ciencia-2021\/#primaryimage","url":"https:\/\/dev.explora.cl\/rmsuroriente\/wp-content\/uploads\/sites\/12\/2021\/10\/Nota-FECI-web-Explora-RMSO.png","contentUrl":"https:\/\/dev.explora.cl\/rmsuroriente\/wp-content\/uploads\/sites\/12\/2021\/10\/Nota-FECI-web-Explora-RMSO.png","width":725,"height":405},{"@type":"BreadcrumbList","@id":"https:\/\/dev.explora.cl\/rmsuroriente\/revive-las-actividades-del-festival-de-la-ciencia-2021\/#breadcrumb","itemListElement":[{"@type":"ListItem","position":1,"name":"Portada","item":"https:\/\/dev.explora.cl\/rmsuroriente\/"},{"@type":"ListItem","position":2,"name":"Revive las actividades del Festival de la Ciencia 2021"}]},{"@type":"WebSite","@id":"https:\/\/dev.explora.cl\/rmsuroriente\/#website","url":"https:\/\/dev.explora.cl\/rmsuroriente\/","name":"RM Sur Oriente","description":"Otro sitio m\u00e1s de dev.explora.cl","publisher":{"@id":"https:\/\/dev.explora.cl\/rmsuroriente\/#organization"},"potentialAction":[{"@type":"SearchAction","target":{"@type":"EntryPoint","urlTemplate":"https:\/\/dev.explora.cl\/rmsuroriente\/?s={search_term_string}"},"query-input":{"@type":"PropertyValueSpecification","valueRequired":true,"valueName":"search_term_string"}}],"inLanguage":"es-CL"},{"@type":"Organization","@id":"https:\/\/dev.explora.cl\/rmsuroriente\/#organization","name":"RM Sur Oriente","url":"https:\/\/dev.explora.cl\/rmsuroriente\/","logo":{"@type":"ImageObject","inLanguage":"es-CL","@id":"https:\/\/dev.explora.cl\/rmsuroriente\/#\/schema\/logo\/image\/","url":"https:\/\/dev.explora.cl\/rmsuroriente\/wp-content\/uploads\/sites\/12\/2025\/04\/cropped-LogoPAR_RMSO-Azul-UC.png","contentUrl":"https:\/\/dev.explora.cl\/rmsuroriente\/wp-content\/uploads\/sites\/12\/2025\/04\/cropped-LogoPAR_RMSO-Azul-UC.png","width":411,"height":409,"caption":"RM Sur Oriente"},"image":{"@id":"https:\/\/dev.explora.cl\/rmsuroriente\/#\/schema\/logo\/image\/"}},{"@type":"Person","@id":"https:\/\/dev.explora.cl\/rmsuroriente\/#\/schema\/person\/164f0bfb03507b3d5dd75257d8e71697","name":"RMSO PUC","image":{"@type":"ImageObject","inLanguage":"es-CL","@id":"https:\/\/dev.explora.cl\/rmsuroriente\/#\/schema\/person\/image\/","url":"https:\/\/secure.gravatar.com\/avatar\/16f7131f033ed433ea432d3fc2b04af9756004afdb5a6b61c705d795f6425ea0?s=96&d=mm&r=g","contentUrl":"https:\/\/secure.gravatar.com\/avatar\/16f7131f033ed433ea432d3fc2b04af9756004afdb5a6b61c705d795f6425ea0?s=96&d=mm&r=g","caption":"RMSO PUC"},"url":"https:\/\/dev.explora.cl\/rmsuroriente\/author\/myanez\/"}]}},"_links":{"self":[{"href":"https:\/\/dev.explora.cl\/rmsuroriente\/wp-json\/wp\/v2\/posts\/40366","targetHints":{"allow":["GET"]}}],"collection":[{"href":"https:\/\/dev.explora.cl\/rmsuroriente\/wp-json\/wp\/v2\/posts"}],"about":[{"href":"https:\/\/dev.explora.cl\/rmsuroriente\/wp-json\/wp\/v2\/types\/post"}],"author":[{"embeddable":true,"href":"https:\/\/dev.explora.cl\/rmsuroriente\/wp-json\/wp\/v2\/users\/27"}],"replies":[{"embeddable":true,"href":"https:\/\/dev.explora.cl\/rmsuroriente\/wp-json\/wp\/v2\/comments?post=40366"}],"version-history":[{"count":8,"href":"https:\/\/dev.explora.cl\/rmsuroriente\/wp-json\/wp\/v2\/posts\/40366\/revisions"}],"predecessor-version":[{"id":40390,"href":"https:\/\/dev.explora.cl\/rmsuroriente\/wp-json\/wp\/v2\/posts\/40366\/revisions\/40390"}],"wp:featuredmedia":[{"embeddable":true,"href":"https:\/\/dev.explora.cl\/rmsuroriente\/wp-json\/wp\/v2\/media\/40371"}],"wp:attachment":[{"href":"https:\/\/dev.explora.cl\/rmsuroriente\/wp-json\/wp\/v2\/media?parent=40366"}],"wp:term":[{"taxonomy":"category","embeddable":true,"href":"https:\/\/dev.explora.cl\/rmsuroriente\/wp-json\/wp\/v2\/categories?post=40366"},{"taxonomy":"post_tag","embeddable":true,"href":"https:\/\/dev.explora.cl\/rmsuroriente\/wp-json\/wp\/v2\/tags?post=40366"}],"curies":[{"name":"wp","href":"https:\/\/api.w.org\/{rel}","templated":true}]}}