{"id":40346,"date":"2021-10-18T15:03:31","date_gmt":"2021-10-18T18:03:31","guid":{"rendered":"https:\/\/dev.explora.cl\/rmsuroriente\/?p=40346"},"modified":"2022-01-19T14:53:54","modified_gmt":"2022-01-19T17:53:54","slug":"analisis-y-reflexion-los-conversatorios-del-territorio-tomaran-protagonismo-en-el-feci-2021","status":"publish","type":"post","link":"https:\/\/dev.explora.cl\/rmsuroriente\/analisis-y-reflexion-los-conversatorios-del-territorio-tomaran-protagonismo-en-el-feci-2021\/","title":{"rendered":"An\u00e1lisis y reflexi\u00f3n: los conversatorios del territorio tomar\u00e1n protagonismo en el FECI 2021"},"content":{"rendered":"<p><strong>\u00a1Celebremos la curiosidad! Desde el 20 hasta el 24 de octubre se realizar\u00e1n una serie de conversatorios que vinculan el saber cient\u00edfico con las pr\u00e1cticas cotidianas y nuestro entorno.<\/strong><\/p>\n<p><span style=\"font-weight: 400\">Como parte de la celebraci\u00f3n del <strong>Festival de las Ciencias (FECI)<\/strong> 2021, el\u00a0 PAR Explora RM Sur Oriente llevar\u00e1 a cabo \u201c<strong>C<\/strong><\/span><span style=\"font-weight: 400\"><strong>onversemos de Ciencia en el Territorio<\/strong>\u201d,<\/span><span style=\"font-weight: 400\"> una ronda de encuentros virtuales diarios con investigadores\/as y especialistas que abordar\u00e1n tem\u00e1ticas que repercutan en la zona.<\/span><\/p>\n<p><span style=\"font-weight: 400\">Desde el covid-19 hasta las energ\u00edas renovables, hay una gran variedad de tem\u00e1ticas que podr\u00e1s disfrutar a trav\u00e9s de la cuenta oficial de <\/span><a href=\"https:\/\/www.youtube.com\/channel\/UCnohAMDg-x4gSI4hzCllg4A\"><span style=\"font-weight: 400\">YouTube<\/span><\/a><span style=\"font-weight: 400\"> y que buscan vincular el pensamiento cr\u00edtico y reflexivo con nuestro d\u00eda a d\u00eda.<\/span><\/p>\n<p><span style=\"font-weight: 400\">Puedes encontrar m\u00e1s informaci\u00f3n de cada conversatorio a continuaci\u00f3n:<\/span><\/p>\n<p>&nbsp;<\/p>\n<p><span style=\"font-weight: 400\">Conversemos de ciencia en el territorio:<\/span><\/p>\n<p><a href=\"https:\/\/www.youtube.com\/watch?v=sMLlmkRtDhE&amp;ab_channel=ExploraRMSurOriente\"><b>&#8220;M\u00c1S ALL\u00c1 DE PERROS Y GATOS: LA FAUNA URBANA QUE NOS RODEA&#8221;.<\/b><\/a><\/p>\n<p><span style=\"font-weight: 400\">20 de octubre a las 16:00 hrs.<\/span><\/p>\n<p><span style=\"font-weight: 400\">Existe una enorme diversidad de fauna m\u00e1s all\u00e1 de perros y gatos, donde podemos encontrar muchas especies en nuestros arbustos o sobre nuestras casas.<\/span><\/p>\n<p><b>Macarena Torres:<\/b><span style=\"font-weight: 400\"> Soci\u00f3loga, Presidenta de Fundaci\u00f3n Planificable.\u00a0<\/span><\/p>\n<p><b>Andr\u00e9s Escobar:<\/b><span style=\"font-weight: 400\"> Educador Ambiental, Fundaci\u00f3n Planificable.<\/span><\/p>\n<p>&nbsp;<\/p>\n<p><span style=\"font-weight: 400\">Conversemos de ciencias en el territorio:<\/span><\/p>\n<p><a href=\"https:\/\/www.youtube.com\/watch?v=kmvHmvw1ds8&amp;ab_channel=ExploraRMSurOriente\"><b>&#8220;ENERG\u00cdAS RENOVABLES: \u00bfCU\u00c1NDO ESTAR\u00c1N EN MI CASA?\u201d.<\/b><\/a><\/p>\n<p><span style=\"font-weight: 400\">21 de octubre a las 11:00 hrs.<\/span><\/p>\n<p><span style=\"font-weight: 400\">Actualmente es de suma importancia en inter\u00e9s por las energ\u00edas renovables y su uso dom\u00e9stico, \u00bfqu\u00e9 son y c\u00f3mo funcionan?<\/span><\/p>\n<p><b>Francisca Jalil<\/b><span style=\"font-weight: 400\">: Dra. en Ing. Qu\u00edmica, Investigadora del ISCI y Acad\u00e9mica de la U. Adolfo Iba\u00f1ez.<\/span><\/p>\n<p><b>Nathalie Almonacid:<\/b><span style=\"font-weight: 400\"> Geof\u00edsica y Ms. en Energ\u00eda y Sustentabilidad, Coordinadora I+D de Marine Energy Research and Innovation Center<\/span><\/p>\n<p><b>Julio Urz\u00faa:<\/b><span style=\"font-weight: 400\"> Dr. en Ciencia y Tecnolog\u00eda Qu\u00edmica, Investigador de la Comisi\u00f3n Chilena de Energ\u00eda Nuclear.<\/span><\/p>\n<p>&nbsp;<\/p>\n<p><span style=\"font-weight: 400\">Conversemos de ciencias en el territorio:<\/span><\/p>\n<p><a href=\"https:\/\/www.youtube.com\/watch?v=cGpVkMxfCac&amp;ab_channel=ExploraRMSurOriente\"><b>&#8220;CUID\u00c9MONOS: LOS RIESGOS NATURALES EN NUESTRO TERRITORIO&#8221;.<\/b><\/a><\/p>\n<p><span style=\"font-weight: 400\">22 de octubre a las 11:00 hrs.<\/span><\/p>\n<p><span style=\"font-weight: 400\">\u00bfLas zonas m\u00e1s peligrosas de la Regi\u00f3n Metropolitana? Todo lo que necesitas saber frente a desastres naturales, los cuidados y prevenciones.<\/span><\/p>\n<p><b>Diego Rivera:<\/b><span style=\"font-weight: 400\"> Ingeniero Civil y Doctor en Ingenier\u00eda Agr\u00edcola, Centro de Recursos H\u00eddricos para la Agricultura y la Miner\u00eda (CHRIAM).<\/span><\/p>\n<p><b>Francisca Rold\u00e1n:<\/b><span style=\"font-weight: 400\"> Ge\u00f3loga y candidata a Doctora en Geolog\u00eda e investigadora del Centro de Investigaci\u00f3n para la Gesti\u00f3n Integrada del Riesgo de Desastres (CIGIDEN).<\/span><\/p>\n<p>&nbsp;<\/p>\n<p><span style=\"font-weight: 400\">Conversemos de ciencias en el territorio:<\/span><\/p>\n<p><a href=\"https:\/\/www.youtube.com\/watch?v=QCANtd6yCYg&amp;ab_channel=ExploraRMSurOriente\"><b>&#8220;ENTENDIENDO NUESTRA CULTURA DE LOS A\u00d1OS 60&#8217;S&#8221;.<\/b><\/a><\/p>\n<p><span style=\"font-weight: 400\">23 de octubre a las 11:00 hrs.<\/span><\/p>\n<p><span style=\"font-weight: 400\">\u00bfCu\u00e1les son los principales hitos de los a\u00f1os 60\u2019s y c\u00f3mo es que marcaron \u2212y cambiaron\u2212 a la sociedad chilena de la \u00e9poca?<\/span><\/p>\n<p><b>Boris Cofr\u00e9:<\/b><span style=\"font-weight: 400\"> Historiador y Doctor en Historia, Jefe del Programa de Formaci\u00f3n Pedag\u00f3gica, Universidad Academia Humanismo Cristiano.<\/span><\/p>\n<p><b>Felipe Godoy:<\/b><span style=\"font-weight: 400\"> Soci\u00f3logo y Mag\u00edster en Pol\u00edticas P\u00fablicas, Autor de &#8220;200 Discos de Rock Chileno\u201d.<\/span><\/p>\n<p>&nbsp;<\/p>\n<p><span style=\"font-weight: 400\">Conversemos de ciencias en el territorio:<\/span><\/p>\n<p><a href=\"https:\/\/www.youtube.com\/watch?v=7wK7XJBck6I&amp;ab_channel=ExploraRMSurOriente\"><b>&#8220;CHILE DESPU\u00c9S DEL COVID19: LOS CAMBIOS EN LA SOCIEDAD POST PANDEMIA&#8221;.<\/b><\/a><\/p>\n<p><span style=\"font-weight: 400\">24 de octubre a las 11:00 hrs.<\/span><\/p>\n<p><span style=\"font-weight: 400\">Descripci\u00f3n: A m\u00e1s de un a\u00f1o de la pandemia, \u00bfcu\u00e1les ser\u00e1n sus efectos en el comportamiento, salud mental y relaciones en la sociedad actual?<\/span><\/p>\n<p><b>Denise Oyarz\u00fan:<\/b><span style=\"font-weight: 400\"> Psic\u00f3loga y Doctora en Psicolog\u00eda Salud y Calidad de Vida del Instituto de Investigaci\u00f3n y Postgrado de la Facultad de Ciencias de la Salud de la Universidad Central.<\/span><\/p>\n<p><b>Carlos Hinrichsen:<\/b><span style=\"font-weight: 400\"> Dise\u00f1ador Industrial y Mg. en Ingenier\u00eda, Decano de la Facultad de Dise\u00f1o Digital e Industrias Creativas de la Universidad San Sebasti\u00e1n.<\/span><\/p>\n<p>&nbsp;<\/p>\n<div id='gallery-1' class='gallery galleryid-40346 gallery-columns-5 gallery-size-thumbnail'><figure class='gallery-item'>\n\t\t\t<div class='gallery-icon landscape'>\n\t\t\t\t<a href='https:\/\/dev.explora.cl\/rmsuroriente\/wp-content\/uploads\/sites\/12\/2021\/10\/1_MASALLADEPERROSYGATOS.png'><img loading=\"lazy\" decoding=\"async\" width=\"150\" height=\"150\" src=\"https:\/\/dev.explora.cl\/rmsuroriente\/wp-content\/uploads\/sites\/12\/2021\/10\/1_MASALLADEPERROSYGATOS-150x150.png\" class=\"attachment-thumbnail size-thumbnail\" alt=\"\" srcset=\"https:\/\/dev.explora.cl\/rmsuroriente\/wp-content\/uploads\/sites\/12\/2021\/10\/1_MASALLADEPERROSYGATOS-150x150.png 150w, https:\/\/dev.explora.cl\/rmsuroriente\/wp-content\/uploads\/sites\/12\/2021\/10\/1_MASALLADEPERROSYGATOS-300x300.png 300w, https:\/\/dev.explora.cl\/rmsuroriente\/wp-content\/uploads\/sites\/12\/2021\/10\/1_MASALLADEPERROSYGATOS-768x768.png 768w, https:\/\/dev.explora.cl\/rmsuroriente\/wp-content\/uploads\/sites\/12\/2021\/10\/1_MASALLADEPERROSYGATOS-1024x1024.png 1024w, https:\/\/dev.explora.cl\/rmsuroriente\/wp-content\/uploads\/sites\/12\/2021\/10\/1_MASALLADEPERROSYGATOS-60x60.png 60w, https:\/\/dev.explora.cl\/rmsuroriente\/wp-content\/uploads\/sites\/12\/2021\/10\/1_MASALLADEPERROSYGATOS.png 1080w\" sizes=\"auto, (max-width: 150px) 100vw, 150px\" \/><\/a>\n\t\t\t<\/div><\/figure><figure class='gallery-item'>\n\t\t\t<div class='gallery-icon landscape'>\n\t\t\t\t<a href='https:\/\/dev.explora.cl\/rmsuroriente\/wp-content\/uploads\/sites\/12\/2021\/10\/2_ENERGIASRENOVABLES.png'><img loading=\"lazy\" decoding=\"async\" width=\"150\" height=\"150\" src=\"https:\/\/dev.explora.cl\/rmsuroriente\/wp-content\/uploads\/sites\/12\/2021\/10\/2_ENERGIASRENOVABLES-150x150.png\" class=\"attachment-thumbnail size-thumbnail\" alt=\"\" srcset=\"https:\/\/dev.explora.cl\/rmsuroriente\/wp-content\/uploads\/sites\/12\/2021\/10\/2_ENERGIASRENOVABLES-150x150.png 150w, https:\/\/dev.explora.cl\/rmsuroriente\/wp-content\/uploads\/sites\/12\/2021\/10\/2_ENERGIASRENOVABLES-300x300.png 300w, https:\/\/dev.explora.cl\/rmsuroriente\/wp-content\/uploads\/sites\/12\/2021\/10\/2_ENERGIASRENOVABLES-768x768.png 768w, https:\/\/dev.explora.cl\/rmsuroriente\/wp-content\/uploads\/sites\/12\/2021\/10\/2_ENERGIASRENOVABLES-1024x1024.png 1024w, https:\/\/dev.explora.cl\/rmsuroriente\/wp-content\/uploads\/sites\/12\/2021\/10\/2_ENERGIASRENOVABLES-60x60.png 60w, https:\/\/dev.explora.cl\/rmsuroriente\/wp-content\/uploads\/sites\/12\/2021\/10\/2_ENERGIASRENOVABLES.png 1080w\" sizes=\"auto, (max-width: 150px) 100vw, 150px\" \/><\/a>\n\t\t\t<\/div><\/figure><figure class='gallery-item'>\n\t\t\t<div class='gallery-icon landscape'>\n\t\t\t\t<a href='https:\/\/dev.explora.cl\/rmsuroriente\/wp-content\/uploads\/sites\/12\/2021\/10\/3_CUID\u00c9MONOS.png'><img loading=\"lazy\" decoding=\"async\" width=\"150\" height=\"150\" src=\"https:\/\/dev.explora.cl\/rmsuroriente\/wp-content\/uploads\/sites\/12\/2021\/10\/3_CUID\u00c9MONOS-150x150.png\" class=\"attachment-thumbnail size-thumbnail\" alt=\"\" srcset=\"https:\/\/dev.explora.cl\/rmsuroriente\/wp-content\/uploads\/sites\/12\/2021\/10\/3_CUID\u00c9MONOS-150x150.png 150w, https:\/\/dev.explora.cl\/rmsuroriente\/wp-content\/uploads\/sites\/12\/2021\/10\/3_CUID\u00c9MONOS-300x300.png 300w, https:\/\/dev.explora.cl\/rmsuroriente\/wp-content\/uploads\/sites\/12\/2021\/10\/3_CUID\u00c9MONOS-768x768.png 768w, https:\/\/dev.explora.cl\/rmsuroriente\/wp-content\/uploads\/sites\/12\/2021\/10\/3_CUID\u00c9MONOS-1024x1024.png 1024w, https:\/\/dev.explora.cl\/rmsuroriente\/wp-content\/uploads\/sites\/12\/2021\/10\/3_CUID\u00c9MONOS-60x60.png 60w, https:\/\/dev.explora.cl\/rmsuroriente\/wp-content\/uploads\/sites\/12\/2021\/10\/3_CUID\u00c9MONOS.png 1080w\" sizes=\"auto, (max-width: 150px) 100vw, 150px\" \/><\/a>\n\t\t\t<\/div><\/figure><figure class='gallery-item'>\n\t\t\t<div class='gallery-icon landscape'>\n\t\t\t\t<a href='https:\/\/dev.explora.cl\/rmsuroriente\/wp-content\/uploads\/sites\/12\/2021\/10\/4_CULTURA_A\u00d1OS_60S.png'><img loading=\"lazy\" decoding=\"async\" width=\"150\" height=\"150\" src=\"https:\/\/dev.explora.cl\/rmsuroriente\/wp-content\/uploads\/sites\/12\/2021\/10\/4_CULTURA_A\u00d1OS_60S-150x150.png\" class=\"attachment-thumbnail size-thumbnail\" alt=\"\" srcset=\"https:\/\/dev.explora.cl\/rmsuroriente\/wp-content\/uploads\/sites\/12\/2021\/10\/4_CULTURA_A\u00d1OS_60S-150x150.png 150w, https:\/\/dev.explora.cl\/rmsuroriente\/wp-content\/uploads\/sites\/12\/2021\/10\/4_CULTURA_A\u00d1OS_60S-300x300.png 300w, https:\/\/dev.explora.cl\/rmsuroriente\/wp-content\/uploads\/sites\/12\/2021\/10\/4_CULTURA_A\u00d1OS_60S-768x768.png 768w, https:\/\/dev.explora.cl\/rmsuroriente\/wp-content\/uploads\/sites\/12\/2021\/10\/4_CULTURA_A\u00d1OS_60S-1024x1024.png 1024w, https:\/\/dev.explora.cl\/rmsuroriente\/wp-content\/uploads\/sites\/12\/2021\/10\/4_CULTURA_A\u00d1OS_60S-60x60.png 60w, https:\/\/dev.explora.cl\/rmsuroriente\/wp-content\/uploads\/sites\/12\/2021\/10\/4_CULTURA_A\u00d1OS_60S.png 1080w\" sizes=\"auto, (max-width: 150px) 100vw, 150px\" \/><\/a>\n\t\t\t<\/div><\/figure><figure class='gallery-item'>\n\t\t\t<div class='gallery-icon landscape'>\n\t\t\t\t<a href='https:\/\/dev.explora.cl\/rmsuroriente\/wp-content\/uploads\/sites\/12\/2021\/10\/5_SOCIEDADYPANDEMIA.png'><img loading=\"lazy\" decoding=\"async\" width=\"150\" height=\"150\" src=\"https:\/\/dev.explora.cl\/rmsuroriente\/wp-content\/uploads\/sites\/12\/2021\/10\/5_SOCIEDADYPANDEMIA-150x150.png\" class=\"attachment-thumbnail size-thumbnail\" alt=\"\" srcset=\"https:\/\/dev.explora.cl\/rmsuroriente\/wp-content\/uploads\/sites\/12\/2021\/10\/5_SOCIEDADYPANDEMIA-150x150.png 150w, https:\/\/dev.explora.cl\/rmsuroriente\/wp-content\/uploads\/sites\/12\/2021\/10\/5_SOCIEDADYPANDEMIA-300x300.png 300w, https:\/\/dev.explora.cl\/rmsuroriente\/wp-content\/uploads\/sites\/12\/2021\/10\/5_SOCIEDADYPANDEMIA-768x768.png 768w, https:\/\/dev.explora.cl\/rmsuroriente\/wp-content\/uploads\/sites\/12\/2021\/10\/5_SOCIEDADYPANDEMIA-1024x1024.png 1024w, https:\/\/dev.explora.cl\/rmsuroriente\/wp-content\/uploads\/sites\/12\/2021\/10\/5_SOCIEDADYPANDEMIA-60x60.png 60w, https:\/\/dev.explora.cl\/rmsuroriente\/wp-content\/uploads\/sites\/12\/2021\/10\/5_SOCIEDADYPANDEMIA.png 1080w\" sizes=\"auto, (max-width: 150px) 100vw, 150px\" \/><\/a>\n\t\t\t<\/div><\/figure>\n\t\t<\/div>\n\n<p>&nbsp;<\/p>\n","protected":false},"excerpt":{"rendered":"<p>\u00a1Celebremos la curiosidad! Desde el 20 hasta el 24 de octubre se realizar\u00e1n una serie de conversatorios que vinculan el saber cient\u00edfico con las pr\u00e1cticas cotidianas y nuestro entorno.<\/p>\n","protected":false},"author":27,"featured_media":40347,"comment_status":"open","ping_status":"open","sticky":false,"template":"","format":"standard","meta":{"_acf_changed":false,"_exactmetrics_skip_tracking":false,"_exactmetrics_sitenote_active":false,"_exactmetrics_sitenote_note":"","_exactmetrics_sitenote_category":0,"footnotes":"","_links_to":"","_links_to_target":""},"categories":[128,265,4,126],"tags":[107,270,23,182,266,269,267,268,271],"class_list":["post-40346","post","type-post","status-publish","format-standard","has-post-thumbnail","hentry","category-eventos_publ_grl","category-feci-2021","category-noticias","category-para-publico-general","tag-ciencia","tag-conversatorios","tag-explora","tag-explora-sur-oriente","tag-feci","tag-festival-de-la-ciencia","tag-rm","tag-sur-oriente","tag-territorio"],"acf":[],"yoast_head":"<!-- This site is optimized with the Yoast SEO plugin v26.7 - https:\/\/yoast.com\/wordpress\/plugins\/seo\/ -->\n<title>An\u00e1lisis y reflexi\u00f3n: los conversatorios del territorio tomar\u00e1n protagonismo en el FECI 2021 - RM Sur Oriente<\/title>\n<meta name=\"robots\" content=\"index, follow, max-snippet:-1, max-image-preview:large, max-video-preview:-1\" \/>\n<link rel=\"canonical\" href=\"https:\/\/dev.explora.cl\/rmsuroriente\/analisis-y-reflexion-los-conversatorios-del-territorio-tomaran-protagonismo-en-el-feci-2021\/\" class=\"yoast-seo-meta-tag\" \/>\n<meta property=\"og:locale\" content=\"es_ES\" class=\"yoast-seo-meta-tag\" \/>\n<meta property=\"og:type\" content=\"article\" class=\"yoast-seo-meta-tag\" \/>\n<meta property=\"og:title\" content=\"An\u00e1lisis y reflexi\u00f3n: los conversatorios del territorio tomar\u00e1n protagonismo en el FECI 2021 - RM Sur Oriente\" class=\"yoast-seo-meta-tag\" \/>\n<meta property=\"og:description\" content=\"\u00a1Celebremos la curiosidad! Desde el 20 hasta el 24 de octubre se realizar\u00e1n una serie de conversatorios que vinculan el saber cient\u00edfico con las pr\u00e1cticas cotidianas y nuestro entorno.\" class=\"yoast-seo-meta-tag\" \/>\n<meta property=\"og:url\" content=\"https:\/\/dev.explora.cl\/rmsuroriente\/analisis-y-reflexion-los-conversatorios-del-territorio-tomaran-protagonismo-en-el-feci-2021\/\" class=\"yoast-seo-meta-tag\" \/>\n<meta property=\"og:site_name\" content=\"RM Sur Oriente\" class=\"yoast-seo-meta-tag\" \/>\n<meta property=\"article:published_time\" content=\"2021-10-18T18:03:31+00:00\" class=\"yoast-seo-meta-tag\" \/>\n<meta property=\"article:modified_time\" content=\"2022-01-19T17:53:54+00:00\" class=\"yoast-seo-meta-tag\" \/>\n<meta property=\"og:image\" content=\"https:\/\/dev.explora.cl\/rmsuroriente\/wp-content\/uploads\/sites\/12\/2021\/10\/web-Conversemos-de-ciencias-en-el-territorio-FECI-Explora-RMSO.png\" class=\"yoast-seo-meta-tag\" \/>\n\t<meta property=\"og:image:width\" content=\"725\" class=\"yoast-seo-meta-tag\" \/>\n\t<meta property=\"og:image:height\" content=\"405\" class=\"yoast-seo-meta-tag\" \/>\n\t<meta property=\"og:image:type\" content=\"image\/png\" class=\"yoast-seo-meta-tag\" \/>\n<meta name=\"author\" content=\"RMSO PUC\" class=\"yoast-seo-meta-tag\" \/>\n<meta name=\"twitter:card\" content=\"summary_large_image\" class=\"yoast-seo-meta-tag\" \/>\n<meta name=\"twitter:label1\" content=\"Escrito por\" class=\"yoast-seo-meta-tag\" \/>\n\t<meta name=\"twitter:data1\" content=\"RMSO PUC\" class=\"yoast-seo-meta-tag\" \/>\n\t<meta name=\"twitter:label2\" content=\"Tiempo estimado de lectura\" class=\"yoast-seo-meta-tag\" \/>\n\t<meta name=\"twitter:data2\" content=\"3 minutos\" class=\"yoast-seo-meta-tag\" \/>\n<script type=\"application\/ld+json\" class=\"yoast-schema-graph\">{\"@context\":\"https:\/\/schema.org\",\"@graph\":[{\"@type\":\"Article\",\"@id\":\"https:\/\/dev.explora.cl\/rmsuroriente\/analisis-y-reflexion-los-conversatorios-del-territorio-tomaran-protagonismo-en-el-feci-2021\/#article\",\"isPartOf\":{\"@id\":\"https:\/\/dev.explora.cl\/rmsuroriente\/analisis-y-reflexion-los-conversatorios-del-territorio-tomaran-protagonismo-en-el-feci-2021\/\"},\"author\":{\"name\":\"RMSO PUC\",\"@id\":\"https:\/\/dev.explora.cl\/rmsuroriente\/#\/schema\/person\/164f0bfb03507b3d5dd75257d8e71697\"},\"headline\":\"An\u00e1lisis y reflexi\u00f3n: los conversatorios del territorio tomar\u00e1n protagonismo en el FECI 2021\",\"datePublished\":\"2021-10-18T18:03:31+00:00\",\"dateModified\":\"2022-01-19T17:53:54+00:00\",\"mainEntityOfPage\":{\"@id\":\"https:\/\/dev.explora.cl\/rmsuroriente\/analisis-y-reflexion-los-conversatorios-del-territorio-tomaran-protagonismo-en-el-feci-2021\/\"},\"wordCount\":625,\"commentCount\":0,\"publisher\":{\"@id\":\"https:\/\/dev.explora.cl\/rmsuroriente\/#organization\"},\"image\":{\"@id\":\"https:\/\/dev.explora.cl\/rmsuroriente\/analisis-y-reflexion-los-conversatorios-del-territorio-tomaran-protagonismo-en-el-feci-2021\/#primaryimage\"},\"thumbnailUrl\":\"https:\/\/dev.explora.cl\/rmsuroriente\/wp-content\/uploads\/sites\/12\/2021\/10\/web-Conversemos-de-ciencias-en-el-territorio-FECI-Explora-RMSO.png\",\"keywords\":[\"ciencia\",\"Conversatorios\",\"EXPLORA\",\"EXPLORA Sur Oriente\",\"FECI\",\"Festival de la Ciencia\",\"RM\",\"Sur Oriente\",\"Territorio\"],\"articleSection\":[\"Eventos\",\"Festival de la Ciencia\",\"Noticias\",\"Para P\u00fablico General\"],\"inLanguage\":\"es-CL\",\"potentialAction\":[{\"@type\":\"CommentAction\",\"name\":\"Comment\",\"target\":[\"https:\/\/dev.explora.cl\/rmsuroriente\/analisis-y-reflexion-los-conversatorios-del-territorio-tomaran-protagonismo-en-el-feci-2021\/#respond\"]}]},{\"@type\":\"WebPage\",\"@id\":\"https:\/\/dev.explora.cl\/rmsuroriente\/analisis-y-reflexion-los-conversatorios-del-territorio-tomaran-protagonismo-en-el-feci-2021\/\",\"url\":\"https:\/\/dev.explora.cl\/rmsuroriente\/analisis-y-reflexion-los-conversatorios-del-territorio-tomaran-protagonismo-en-el-feci-2021\/\",\"name\":\"An\u00e1lisis y reflexi\u00f3n: los conversatorios del territorio tomar\u00e1n protagonismo en el FECI 2021 - RM Sur Oriente\",\"isPartOf\":{\"@id\":\"https:\/\/dev.explora.cl\/rmsuroriente\/#website\"},\"primaryImageOfPage\":{\"@id\":\"https:\/\/dev.explora.cl\/rmsuroriente\/analisis-y-reflexion-los-conversatorios-del-territorio-tomaran-protagonismo-en-el-feci-2021\/#primaryimage\"},\"image\":{\"@id\":\"https:\/\/dev.explora.cl\/rmsuroriente\/analisis-y-reflexion-los-conversatorios-del-territorio-tomaran-protagonismo-en-el-feci-2021\/#primaryimage\"},\"thumbnailUrl\":\"https:\/\/dev.explora.cl\/rmsuroriente\/wp-content\/uploads\/sites\/12\/2021\/10\/web-Conversemos-de-ciencias-en-el-territorio-FECI-Explora-RMSO.png\",\"datePublished\":\"2021-10-18T18:03:31+00:00\",\"dateModified\":\"2022-01-19T17:53:54+00:00\",\"breadcrumb\":{\"@id\":\"https:\/\/dev.explora.cl\/rmsuroriente\/analisis-y-reflexion-los-conversatorios-del-territorio-tomaran-protagonismo-en-el-feci-2021\/#breadcrumb\"},\"inLanguage\":\"es-CL\",\"potentialAction\":[{\"@type\":\"ReadAction\",\"target\":[\"https:\/\/dev.explora.cl\/rmsuroriente\/analisis-y-reflexion-los-conversatorios-del-territorio-tomaran-protagonismo-en-el-feci-2021\/\"]}]},{\"@type\":\"ImageObject\",\"inLanguage\":\"es-CL\",\"@id\":\"https:\/\/dev.explora.cl\/rmsuroriente\/analisis-y-reflexion-los-conversatorios-del-territorio-tomaran-protagonismo-en-el-feci-2021\/#primaryimage\",\"url\":\"https:\/\/dev.explora.cl\/rmsuroriente\/wp-content\/uploads\/sites\/12\/2021\/10\/web-Conversemos-de-ciencias-en-el-territorio-FECI-Explora-RMSO.png\",\"contentUrl\":\"https:\/\/dev.explora.cl\/rmsuroriente\/wp-content\/uploads\/sites\/12\/2021\/10\/web-Conversemos-de-ciencias-en-el-territorio-FECI-Explora-RMSO.png\",\"width\":725,\"height\":405,\"caption\":\"Festival de las Ciencias 2021 PAR Explora RM Sur Oriente.\"},{\"@type\":\"BreadcrumbList\",\"@id\":\"https:\/\/dev.explora.cl\/rmsuroriente\/analisis-y-reflexion-los-conversatorios-del-territorio-tomaran-protagonismo-en-el-feci-2021\/#breadcrumb\",\"itemListElement\":[{\"@type\":\"ListItem\",\"position\":1,\"name\":\"Portada\",\"item\":\"https:\/\/dev.explora.cl\/rmsuroriente\/\"},{\"@type\":\"ListItem\",\"position\":2,\"name\":\"An\u00e1lisis y reflexi\u00f3n: los conversatorios del territorio tomar\u00e1n protagonismo en el FECI 2021\"}]},{\"@type\":\"WebSite\",\"@id\":\"https:\/\/dev.explora.cl\/rmsuroriente\/#website\",\"url\":\"https:\/\/dev.explora.cl\/rmsuroriente\/\",\"name\":\"RM Sur Oriente\",\"description\":\"Otro sitio m\u00e1s de dev.explora.cl\",\"publisher\":{\"@id\":\"https:\/\/dev.explora.cl\/rmsuroriente\/#organization\"},\"potentialAction\":[{\"@type\":\"SearchAction\",\"target\":{\"@type\":\"EntryPoint\",\"urlTemplate\":\"https:\/\/dev.explora.cl\/rmsuroriente\/?s={search_term_string}\"},\"query-input\":{\"@type\":\"PropertyValueSpecification\",\"valueRequired\":true,\"valueName\":\"search_term_string\"}}],\"inLanguage\":\"es-CL\"},{\"@type\":\"Organization\",\"@id\":\"https:\/\/dev.explora.cl\/rmsuroriente\/#organization\",\"name\":\"RM Sur Oriente\",\"url\":\"https:\/\/dev.explora.cl\/rmsuroriente\/\",\"logo\":{\"@type\":\"ImageObject\",\"inLanguage\":\"es-CL\",\"@id\":\"https:\/\/dev.explora.cl\/rmsuroriente\/#\/schema\/logo\/image\/\",\"url\":\"https:\/\/dev.explora.cl\/rmsuroriente\/wp-content\/uploads\/sites\/12\/2025\/04\/cropped-LogoPAR_RMSO-Azul-UC.png\",\"contentUrl\":\"https:\/\/dev.explora.cl\/rmsuroriente\/wp-content\/uploads\/sites\/12\/2025\/04\/cropped-LogoPAR_RMSO-Azul-UC.png\",\"width\":411,\"height\":409,\"caption\":\"RM Sur Oriente\"},\"image\":{\"@id\":\"https:\/\/dev.explora.cl\/rmsuroriente\/#\/schema\/logo\/image\/\"}},{\"@type\":\"Person\",\"@id\":\"https:\/\/dev.explora.cl\/rmsuroriente\/#\/schema\/person\/164f0bfb03507b3d5dd75257d8e71697\",\"name\":\"RMSO PUC\",\"image\":{\"@type\":\"ImageObject\",\"inLanguage\":\"es-CL\",\"@id\":\"https:\/\/dev.explora.cl\/rmsuroriente\/#\/schema\/person\/image\/\",\"url\":\"https:\/\/secure.gravatar.com\/avatar\/16f7131f033ed433ea432d3fc2b04af9756004afdb5a6b61c705d795f6425ea0?s=96&d=mm&r=g\",\"contentUrl\":\"https:\/\/secure.gravatar.com\/avatar\/16f7131f033ed433ea432d3fc2b04af9756004afdb5a6b61c705d795f6425ea0?s=96&d=mm&r=g\",\"caption\":\"RMSO PUC\"},\"url\":\"https:\/\/dev.explora.cl\/rmsuroriente\/author\/myanez\/\"}]}<\/script>\n<!-- \/ Yoast SEO plugin. -->","yoast_head_json":{"title":"An\u00e1lisis y reflexi\u00f3n: los conversatorios del territorio tomar\u00e1n protagonismo en el FECI 2021 - RM Sur Oriente","robots":{"index":"index","follow":"follow","max-snippet":"max-snippet:-1","max-image-preview":"max-image-preview:large","max-video-preview":"max-video-preview:-1"},"canonical":"https:\/\/dev.explora.cl\/rmsuroriente\/analisis-y-reflexion-los-conversatorios-del-territorio-tomaran-protagonismo-en-el-feci-2021\/","og_locale":"es_ES","og_type":"article","og_title":"An\u00e1lisis y reflexi\u00f3n: los conversatorios del territorio tomar\u00e1n protagonismo en el FECI 2021 - RM Sur Oriente","og_description":"\u00a1Celebremos la curiosidad! Desde el 20 hasta el 24 de octubre se realizar\u00e1n una serie de conversatorios que vinculan el saber cient\u00edfico con las pr\u00e1cticas cotidianas y nuestro entorno.","og_url":"https:\/\/dev.explora.cl\/rmsuroriente\/analisis-y-reflexion-los-conversatorios-del-territorio-tomaran-protagonismo-en-el-feci-2021\/","og_site_name":"RM Sur Oriente","article_published_time":"2021-10-18T18:03:31+00:00","article_modified_time":"2022-01-19T17:53:54+00:00","og_image":[{"width":725,"height":405,"url":"https:\/\/dev.explora.cl\/rmsuroriente\/wp-content\/uploads\/sites\/12\/2021\/10\/web-Conversemos-de-ciencias-en-el-territorio-FECI-Explora-RMSO.png","type":"image\/png"}],"author":"RMSO PUC","twitter_card":"summary_large_image","twitter_misc":{"Escrito por":"RMSO PUC","Tiempo estimado de lectura":"3 minutos"},"schema":{"@context":"https:\/\/schema.org","@graph":[{"@type":"Article","@id":"https:\/\/dev.explora.cl\/rmsuroriente\/analisis-y-reflexion-los-conversatorios-del-territorio-tomaran-protagonismo-en-el-feci-2021\/#article","isPartOf":{"@id":"https:\/\/dev.explora.cl\/rmsuroriente\/analisis-y-reflexion-los-conversatorios-del-territorio-tomaran-protagonismo-en-el-feci-2021\/"},"author":{"name":"RMSO PUC","@id":"https:\/\/dev.explora.cl\/rmsuroriente\/#\/schema\/person\/164f0bfb03507b3d5dd75257d8e71697"},"headline":"An\u00e1lisis y reflexi\u00f3n: los conversatorios del territorio tomar\u00e1n protagonismo en el FECI 2021","datePublished":"2021-10-18T18:03:31+00:00","dateModified":"2022-01-19T17:53:54+00:00","mainEntityOfPage":{"@id":"https:\/\/dev.explora.cl\/rmsuroriente\/analisis-y-reflexion-los-conversatorios-del-territorio-tomaran-protagonismo-en-el-feci-2021\/"},"wordCount":625,"commentCount":0,"publisher":{"@id":"https:\/\/dev.explora.cl\/rmsuroriente\/#organization"},"image":{"@id":"https:\/\/dev.explora.cl\/rmsuroriente\/analisis-y-reflexion-los-conversatorios-del-territorio-tomaran-protagonismo-en-el-feci-2021\/#primaryimage"},"thumbnailUrl":"https:\/\/dev.explora.cl\/rmsuroriente\/wp-content\/uploads\/sites\/12\/2021\/10\/web-Conversemos-de-ciencias-en-el-territorio-FECI-Explora-RMSO.png","keywords":["ciencia","Conversatorios","EXPLORA","EXPLORA Sur Oriente","FECI","Festival de la Ciencia","RM","Sur Oriente","Territorio"],"articleSection":["Eventos","Festival de la Ciencia","Noticias","Para P\u00fablico General"],"inLanguage":"es-CL","potentialAction":[{"@type":"CommentAction","name":"Comment","target":["https:\/\/dev.explora.cl\/rmsuroriente\/analisis-y-reflexion-los-conversatorios-del-territorio-tomaran-protagonismo-en-el-feci-2021\/#respond"]}]},{"@type":"WebPage","@id":"https:\/\/dev.explora.cl\/rmsuroriente\/analisis-y-reflexion-los-conversatorios-del-territorio-tomaran-protagonismo-en-el-feci-2021\/","url":"https:\/\/dev.explora.cl\/rmsuroriente\/analisis-y-reflexion-los-conversatorios-del-territorio-tomaran-protagonismo-en-el-feci-2021\/","name":"An\u00e1lisis y reflexi\u00f3n: los conversatorios del territorio tomar\u00e1n protagonismo en el FECI 2021 - RM Sur Oriente","isPartOf":{"@id":"https:\/\/dev.explora.cl\/rmsuroriente\/#website"},"primaryImageOfPage":{"@id":"https:\/\/dev.explora.cl\/rmsuroriente\/analisis-y-reflexion-los-conversatorios-del-territorio-tomaran-protagonismo-en-el-feci-2021\/#primaryimage"},"image":{"@id":"https:\/\/dev.explora.cl\/rmsuroriente\/analisis-y-reflexion-los-conversatorios-del-territorio-tomaran-protagonismo-en-el-feci-2021\/#primaryimage"},"thumbnailUrl":"https:\/\/dev.explora.cl\/rmsuroriente\/wp-content\/uploads\/sites\/12\/2021\/10\/web-Conversemos-de-ciencias-en-el-territorio-FECI-Explora-RMSO.png","datePublished":"2021-10-18T18:03:31+00:00","dateModified":"2022-01-19T17:53:54+00:00","breadcrumb":{"@id":"https:\/\/dev.explora.cl\/rmsuroriente\/analisis-y-reflexion-los-conversatorios-del-territorio-tomaran-protagonismo-en-el-feci-2021\/#breadcrumb"},"inLanguage":"es-CL","potentialAction":[{"@type":"ReadAction","target":["https:\/\/dev.explora.cl\/rmsuroriente\/analisis-y-reflexion-los-conversatorios-del-territorio-tomaran-protagonismo-en-el-feci-2021\/"]}]},{"@type":"ImageObject","inLanguage":"es-CL","@id":"https:\/\/dev.explora.cl\/rmsuroriente\/analisis-y-reflexion-los-conversatorios-del-territorio-tomaran-protagonismo-en-el-feci-2021\/#primaryimage","url":"https:\/\/dev.explora.cl\/rmsuroriente\/wp-content\/uploads\/sites\/12\/2021\/10\/web-Conversemos-de-ciencias-en-el-territorio-FECI-Explora-RMSO.png","contentUrl":"https:\/\/dev.explora.cl\/rmsuroriente\/wp-content\/uploads\/sites\/12\/2021\/10\/web-Conversemos-de-ciencias-en-el-territorio-FECI-Explora-RMSO.png","width":725,"height":405,"caption":"Festival de las Ciencias 2021 PAR Explora RM Sur Oriente."},{"@type":"BreadcrumbList","@id":"https:\/\/dev.explora.cl\/rmsuroriente\/analisis-y-reflexion-los-conversatorios-del-territorio-tomaran-protagonismo-en-el-feci-2021\/#breadcrumb","itemListElement":[{"@type":"ListItem","position":1,"name":"Portada","item":"https:\/\/dev.explora.cl\/rmsuroriente\/"},{"@type":"ListItem","position":2,"name":"An\u00e1lisis y reflexi\u00f3n: los conversatorios del territorio tomar\u00e1n protagonismo en el FECI 2021"}]},{"@type":"WebSite","@id":"https:\/\/dev.explora.cl\/rmsuroriente\/#website","url":"https:\/\/dev.explora.cl\/rmsuroriente\/","name":"RM Sur Oriente","description":"Otro sitio m\u00e1s de dev.explora.cl","publisher":{"@id":"https:\/\/dev.explora.cl\/rmsuroriente\/#organization"},"potentialAction":[{"@type":"SearchAction","target":{"@type":"EntryPoint","urlTemplate":"https:\/\/dev.explora.cl\/rmsuroriente\/?s={search_term_string}"},"query-input":{"@type":"PropertyValueSpecification","valueRequired":true,"valueName":"search_term_string"}}],"inLanguage":"es-CL"},{"@type":"Organization","@id":"https:\/\/dev.explora.cl\/rmsuroriente\/#organization","name":"RM Sur Oriente","url":"https:\/\/dev.explora.cl\/rmsuroriente\/","logo":{"@type":"ImageObject","inLanguage":"es-CL","@id":"https:\/\/dev.explora.cl\/rmsuroriente\/#\/schema\/logo\/image\/","url":"https:\/\/dev.explora.cl\/rmsuroriente\/wp-content\/uploads\/sites\/12\/2025\/04\/cropped-LogoPAR_RMSO-Azul-UC.png","contentUrl":"https:\/\/dev.explora.cl\/rmsuroriente\/wp-content\/uploads\/sites\/12\/2025\/04\/cropped-LogoPAR_RMSO-Azul-UC.png","width":411,"height":409,"caption":"RM Sur Oriente"},"image":{"@id":"https:\/\/dev.explora.cl\/rmsuroriente\/#\/schema\/logo\/image\/"}},{"@type":"Person","@id":"https:\/\/dev.explora.cl\/rmsuroriente\/#\/schema\/person\/164f0bfb03507b3d5dd75257d8e71697","name":"RMSO PUC","image":{"@type":"ImageObject","inLanguage":"es-CL","@id":"https:\/\/dev.explora.cl\/rmsuroriente\/#\/schema\/person\/image\/","url":"https:\/\/secure.gravatar.com\/avatar\/16f7131f033ed433ea432d3fc2b04af9756004afdb5a6b61c705d795f6425ea0?s=96&d=mm&r=g","contentUrl":"https:\/\/secure.gravatar.com\/avatar\/16f7131f033ed433ea432d3fc2b04af9756004afdb5a6b61c705d795f6425ea0?s=96&d=mm&r=g","caption":"RMSO PUC"},"url":"https:\/\/dev.explora.cl\/rmsuroriente\/author\/myanez\/"}]}},"_links":{"self":[{"href":"https:\/\/dev.explora.cl\/rmsuroriente\/wp-json\/wp\/v2\/posts\/40346","targetHints":{"allow":["GET"]}}],"collection":[{"href":"https:\/\/dev.explora.cl\/rmsuroriente\/wp-json\/wp\/v2\/posts"}],"about":[{"href":"https:\/\/dev.explora.cl\/rmsuroriente\/wp-json\/wp\/v2\/types\/post"}],"author":[{"embeddable":true,"href":"https:\/\/dev.explora.cl\/rmsuroriente\/wp-json\/wp\/v2\/users\/27"}],"replies":[{"embeddable":true,"href":"https:\/\/dev.explora.cl\/rmsuroriente\/wp-json\/wp\/v2\/comments?post=40346"}],"version-history":[{"count":3,"href":"https:\/\/dev.explora.cl\/rmsuroriente\/wp-json\/wp\/v2\/posts\/40346\/revisions"}],"predecessor-version":[{"id":40355,"href":"https:\/\/dev.explora.cl\/rmsuroriente\/wp-json\/wp\/v2\/posts\/40346\/revisions\/40355"}],"wp:featuredmedia":[{"embeddable":true,"href":"https:\/\/dev.explora.cl\/rmsuroriente\/wp-json\/wp\/v2\/media\/40347"}],"wp:attachment":[{"href":"https:\/\/dev.explora.cl\/rmsuroriente\/wp-json\/wp\/v2\/media?parent=40346"}],"wp:term":[{"taxonomy":"category","embeddable":true,"href":"https:\/\/dev.explora.cl\/rmsuroriente\/wp-json\/wp\/v2\/categories?post=40346"},{"taxonomy":"post_tag","embeddable":true,"href":"https:\/\/dev.explora.cl\/rmsuroriente\/wp-json\/wp\/v2\/tags?post=40346"}],"curies":[{"name":"wp","href":"https:\/\/api.w.org\/{rel}","templated":true}]}}