{"id":40332,"date":"2021-10-14T12:49:25","date_gmt":"2021-10-14T15:49:25","guid":{"rendered":"https:\/\/dev.explora.cl\/rmsuroriente\/?p=40332"},"modified":"2022-01-19T14:53:34","modified_gmt":"2022-01-19T17:53:34","slug":"en-corto-serie-documental-sobre-la-investigacion-cientifica-nacional","status":"publish","type":"post","link":"https:\/\/dev.explora.cl\/rmsuroriente\/en-corto-serie-documental-sobre-la-investigacion-cientifica-nacional\/","title":{"rendered":"\u201cEn Corto\u201d: Serie documental sobre la Investigaci\u00f3n Cient\u00edfica Nacional"},"content":{"rendered":"<p>[vc_row][vc_column][vc_column_text]<b>M\u00e1s de 35 expertos participan de una in\u00e9dita serie de cortometrajes documentales, los cuales ser\u00e1n lanzados durante el mes de octubre y abordar\u00e1n tem\u00e1ticas desde la expansi\u00f3n del universo hasta la prehistoria en nuestro <\/b><b>territorio<\/b><b>. Suscr\u00edbete al canal de YouTube de Explora RM Sur Oriente para enterarte de los eventos de FECI 2021.<\/b><\/p>\n<p><span style=\"font-weight: 400\">Se trata de \u201cEn Corto\u201d, una secuencia de registros audiovisuales (compuesto de 5 episodios) que buscan dar visibilidad a la investigaci\u00f3n en nuestro pa\u00eds a trav\u00e9s de un formato compacto e informativo para la comunidad.<\/span><\/p>\n<p><span style=\"font-weight: 400\">Esta iniciativa, desarrollada por el equipo del PAR Explora RM Sur Oriente en el marco del Festival de la Ciencia 2021 (FECI), tiene como objetivo dar a conocer la historia detr\u00e1s de importantes hallazgos de la ciencia chilena de la mano de sus protagonistas<\/span><span style=\"font-weight: 400\">, <\/span><span style=\"font-weight: 400\">siendo uno de los hitos que marcar\u00e1n la celebraci\u00f3n de este mes.<\/span><\/p>\n<p><span style=\"font-weight: 400\">El lanzamiento del contenido se realizar\u00e1 a trav\u00e9s de<\/span> <a href=\"https:\/\/www.youtube.com\/watch?v=Dov1lWurPiQ&amp;ab_channel=ExploraRMSurOriente\"><span style=\"font-weight: 400\">YouTube<\/span><\/a><span style=\"font-weight: 400\"> con el nombre de <\/span><b><i>\u201cLa ciencia a un clic\u201d<\/i><\/b><span style=\"font-weight: 400\">, cuya fecha de estreno es el mi\u00e9rcoles 20 de octubre a las 11:00 horas y contar\u00e1 con la participaci\u00f3n de la Mag\u00edster en Astronom\u00eda en la European Southern Observatory (ESO), <\/span><b>Teresa Paneque.<\/b><\/p>\n<p><span style=\"font-weight: 400\">M\u00e1s informaci\u00f3n de cada episodio y su fecha de estreno a continuaci\u00f3n:<\/span><\/p>\n<p><span style=\"font-weight: 400\">Primer cap\u00edtulo:<\/span><\/p>\n<p><b>LA EXPANSI\u00d3N ACELERADA DEL UNIVERSO.<\/b><\/p>\n<p><span style=\"font-weight: 400\">Mi\u00e9rcoles 20 de octubre, 11:00 hrs.<\/span><\/p>\n<p><span style=\"font-weight: 400\">Sinopsis: El a\u00f1o 2011, le dieron el Premio Nobel de F\u00edsica a los investigadores estadounidenses Saul Perlmutter, Brian P. Schmidt y Adam G. Riess <\/span><i><span style=\"font-weight: 400\">\u201cpor sus trabajos sobre la expansi\u00f3n acelerada del universo a trav\u00e9s de observaciones de supernovas distantes\u201d<\/span><\/i><span style=\"font-weight: 400\">. Sin embargo, ellos mismos agradecen a un grupo de cient\u00edficos que, desde Chile, permitieron que este descubrimiento pudiese ser realizado. Y son esos cient\u00edficos los protagonistas de este cap\u00edtulo, quienes contar\u00e1n los pormenores de esta investigaci\u00f3n.<\/span><\/p>\n<p><span style=\"font-weight: 400\">Participan: <\/span><i><span style=\"font-weight: 400\">Jos\u00e9 Maza, Mario Hamuy, Paulina Lira, Carla Hern\u00e1ndez, Bernardita Ried y Norman Cruz.<\/span><\/i><\/p>\n<p>&nbsp;<\/p>\n<p><span style=\"font-weight: 400\">Segundo cap\u00edtulo:<\/span><\/p>\n<p><b>LA PREHISTORIA DE NUESTRO TERRITORIO.<\/b><\/p>\n<p><span style=\"font-weight: 400\">Jueves 21 de octubre, 10:00 hrs.<\/span><\/p>\n<p><span style=\"font-weight: 400\">Sinopsis: Chile ha sido territorio de varios descubrimientos asociados a los tiempos en que a\u00fan no exist\u00edamos como pa\u00eds. Dentro de los vestigios de la prehistoria chilena encontramos a una amplia variedad de dinosaurios que habitaron a lo largo del territorio, el yacimiento arqueol\u00f3gico de Monte Verde, que posiblemente sea uno de los m\u00e1s antiguos de Am\u00e9rica y la convivencia humana con la megafauna extinta de nuestro territorio son solo algunas de las sorpresas que nos ha dejado el estudio de los restos de la prehistoria.\u00a0<\/span><\/p>\n<p><span style=\"font-weight: 400\">Participan: <\/span><i><span style=\"font-weight: 400\">David Rubilar, Alexander Vargas, Manuel Suarez, Diego Suarez, Bruno Grossi, Karina Buldrini y Luis Cornejo.<\/span><\/i><\/p>\n<p>&nbsp;<\/p>\n<p><span style=\"font-weight: 400\">Tercer cap\u00edtulo:<\/span><\/p>\n<p><b>LA CUNA DE LA NEUROCIENCIA.<\/b><\/p>\n<p><span style=\"font-weight: 400\">Viernes 22 de octubre, 10:00 hrs.<\/span><\/p>\n<p><span style=\"font-weight: 400\">Sinopsis: El Nobel Eric Kandel reconoce en Chile a la persona que permiti\u00f3 lograr sus descubrimientos sobre la plasticidad sin\u00e1ptica del cerebro, gracias a los estudios realizados por Joaqu\u00edn Luco, primer neurocient\u00edfico chileno. M\u00e1s adelante, el uso de las neuronas de jibia para el estudio de conducci\u00f3n nerviosa sit\u00faan a Chile como uno de los motores de la biof\u00edsica y la neurociencia en el mundo.<\/span><\/p>\n<p><span style=\"font-weight: 400\">Participan: <\/span><i><span style=\"font-weight: 400\">Ram\u00f3n Latorre, Juan Bacigalupo, Cecilia Hidalgo, Cecilia Vergara, Oscar Cerda y Ver\u00f3nica Nassar.<\/span><\/i><\/p>\n<p>&nbsp;<\/p>\n<p><span style=\"font-weight: 400\">Cuarto cap\u00edtulo:<\/span><\/p>\n<p><b>LA LUCHA CONTRA EL ALZHEIMER.<\/b><\/p>\n<p><span style=\"font-weight: 400\">S\u00e1bado 23 de octubre, 10:00 hrs.<\/span><\/p>\n<p><span style=\"font-weight: 400\">Sinopsis: Diversos han sido los aportes de la ciencia chilena en el entendimiento del desarrollo de la enfermedad de Alzheimer. La relaci\u00f3n de esta enfermedad con el correcto metabolismo de az\u00facares en el cerebro, y el uso de una vacuna para el c\u00e1ncer y la terapia g\u00e9nica como posibles tratamientos de la enfermedad, son solo algunos de los descubrimientos que han surgido desde Chile para el mundo.<\/span><\/p>\n<p><span style=\"font-weight: 400\">Participan: <\/span><i><span style=\"font-weight: 400\">Nibaldo Inestrosa, Andrea Paula Lima, Carol San Mart\u00edn, Brigitte van Zundert y Mar\u00eda Isabel Behrens.<\/span><\/i><\/p>\n<p>&nbsp;<\/p>\n<p><span style=\"font-weight: 400\">Quinto cap\u00edtulo:<\/span><\/p>\n<p><b>LA B\u00daSQUEDA DE EXOPLANETAS.<\/b><\/p>\n<p><span style=\"font-weight: 400\">Domingo 24 de octubre, 10:00 hrs.<\/span><\/p>\n<p><span style=\"font-weight: 400\">Sinopsis: En el a\u00f1o 1995 comienza la incesante b\u00fasqueda de planetas que habiten el espacio m\u00e1s all\u00e1 de nuestro sistema solar, y Chile se transforma en uno de los puntos m\u00e1s relevantes para quienes se dedican a esta labor. El inter\u00e9s de investigadores extranjeros por ocupar los cielos del pa\u00eds y el reconocido trabajo de chilenas y chilenos en la astronom\u00eda nos ha llevado a ser protagonistas en el descubrimiento de planetas que, incluso, comparten caracter\u00edsticas con nuestro hogar, la Tierra.<\/span><\/p>\n<p><span style=\"font-weight: 400\">Participan:<\/span><i><span style=\"font-weight: 400\"> Teresa Paneque, James Jenkins, Maximiliano Amen\u00e1bar, Xavier Barcons, Leonardo Blanco, Amelia Bayo y Nicola Astudillo.<\/span><\/i>[\/vc_column_text][\/vc_column][\/vc_row][vc_row][vc_column][vc_images_carousel images=&#8221;40324,40325,40326,40327,40328&#8243;][\/vc_column][\/vc_row]<\/p>\n","protected":false},"excerpt":{"rendered":"<p>M\u00e1s de 35 expertos participan de una in\u00e9dita serie de cortometrajes documentales, los cuales ser\u00e1n lanzados durante el mes de octubre y abordar\u00e1n tem\u00e1ticas desde la expansi\u00f3n del universo hasta la prehistoria en nuestro territorio.<\/p>\n","protected":false},"author":27,"featured_media":40333,"comment_status":"open","ping_status":"open","sticky":false,"template":"","format":"standard","meta":{"_acf_changed":false,"_exactmetrics_skip_tracking":false,"_exactmetrics_sitenote_active":false,"_exactmetrics_sitenote_note":"","_exactmetrics_sitenote_category":0,"footnotes":"","_links_to":"","_links_to_target":""},"categories":[128,139,4,126],"tags":[],"class_list":["post-40332","post","type-post","status-publish","format-standard","has-post-thumbnail","hentry","category-eventos_publ_grl","category-lugar-4","category-noticias","category-para-publico-general"],"acf":[],"yoast_head":"<!-- This site is optimized with the Yoast SEO plugin v26.7 - https:\/\/yoast.com\/wordpress\/plugins\/seo\/ -->\n<title>\u201cEn Corto\u201d: Serie documental sobre la Investigaci\u00f3n Cient\u00edfica Nacional - RM Sur Oriente<\/title>\n<meta name=\"description\" content=\"Sorprendete con historias de ciencia chilena en nuestro canal de YouTube, estrenos desde el 20 al 24 de octubre en FECI 2021\" class=\"yoast-seo-meta-tag\" \/>\n<meta name=\"robots\" content=\"index, follow, max-snippet:-1, max-image-preview:large, max-video-preview:-1\" \/>\n<link rel=\"canonical\" href=\"https:\/\/dev.explora.cl\/rmsuroriente\/en-corto-serie-documental-sobre-la-investigacion-cientifica-nacional\/\" class=\"yoast-seo-meta-tag\" \/>\n<meta property=\"og:locale\" content=\"es_ES\" class=\"yoast-seo-meta-tag\" \/>\n<meta property=\"og:type\" content=\"article\" class=\"yoast-seo-meta-tag\" \/>\n<meta property=\"og:title\" content=\"\u201cEn Corto\u201d: Serie documental sobre la Investigaci\u00f3n Cient\u00edfica Nacional - RM Sur Oriente\" class=\"yoast-seo-meta-tag\" \/>\n<meta property=\"og:description\" content=\"Sorprendete con historias de ciencia chilena en nuestro canal de YouTube, estrenos desde el 20 al 24 de octubre en FECI 2021\" class=\"yoast-seo-meta-tag\" \/>\n<meta property=\"og:url\" content=\"https:\/\/dev.explora.cl\/rmsuroriente\/en-corto-serie-documental-sobre-la-investigacion-cientifica-nacional\/\" class=\"yoast-seo-meta-tag\" \/>\n<meta property=\"og:site_name\" content=\"RM Sur Oriente\" class=\"yoast-seo-meta-tag\" \/>\n<meta property=\"article:published_time\" content=\"2021-10-14T15:49:25+00:00\" class=\"yoast-seo-meta-tag\" \/>\n<meta property=\"article:modified_time\" content=\"2022-01-19T17:53:34+00:00\" class=\"yoast-seo-meta-tag\" \/>\n<meta property=\"og:image\" content=\"https:\/\/dev.explora.cl\/rmsuroriente\/wp-content\/uploads\/sites\/12\/2021\/10\/web-En-Corto-exploremos-nuestra-ciencia-FECI-Explora-RMSO.png\" class=\"yoast-seo-meta-tag\" \/>\n\t<meta property=\"og:image:width\" content=\"725\" class=\"yoast-seo-meta-tag\" \/>\n\t<meta property=\"og:image:height\" content=\"405\" class=\"yoast-seo-meta-tag\" \/>\n\t<meta property=\"og:image:type\" content=\"image\/png\" class=\"yoast-seo-meta-tag\" \/>\n<meta name=\"author\" content=\"RMSO PUC\" class=\"yoast-seo-meta-tag\" \/>\n<meta name=\"twitter:card\" content=\"summary_large_image\" class=\"yoast-seo-meta-tag\" \/>\n<meta name=\"twitter:label1\" content=\"Escrito por\" class=\"yoast-seo-meta-tag\" \/>\n\t<meta name=\"twitter:data1\" content=\"RMSO PUC\" class=\"yoast-seo-meta-tag\" \/>\n\t<meta name=\"twitter:label2\" content=\"Tiempo estimado de lectura\" class=\"yoast-seo-meta-tag\" \/>\n\t<meta name=\"twitter:data2\" content=\"4 minutos\" class=\"yoast-seo-meta-tag\" \/>\n<script type=\"application\/ld+json\" class=\"yoast-schema-graph\">{\"@context\":\"https:\/\/schema.org\",\"@graph\":[{\"@type\":\"Article\",\"@id\":\"https:\/\/dev.explora.cl\/rmsuroriente\/en-corto-serie-documental-sobre-la-investigacion-cientifica-nacional\/#article\",\"isPartOf\":{\"@id\":\"https:\/\/dev.explora.cl\/rmsuroriente\/en-corto-serie-documental-sobre-la-investigacion-cientifica-nacional\/\"},\"author\":{\"name\":\"RMSO PUC\",\"@id\":\"https:\/\/dev.explora.cl\/rmsuroriente\/#\/schema\/person\/164f0bfb03507b3d5dd75257d8e71697\"},\"headline\":\"\u201cEn Corto\u201d: Serie documental sobre la Investigaci\u00f3n Cient\u00edfica Nacional\",\"datePublished\":\"2021-10-14T15:49:25+00:00\",\"dateModified\":\"2022-01-19T17:53:34+00:00\",\"mainEntityOfPage\":{\"@id\":\"https:\/\/dev.explora.cl\/rmsuroriente\/en-corto-serie-documental-sobre-la-investigacion-cientifica-nacional\/\"},\"wordCount\":815,\"commentCount\":0,\"publisher\":{\"@id\":\"https:\/\/dev.explora.cl\/rmsuroriente\/#organization\"},\"image\":{\"@id\":\"https:\/\/dev.explora.cl\/rmsuroriente\/en-corto-serie-documental-sobre-la-investigacion-cientifica-nacional\/#primaryimage\"},\"thumbnailUrl\":\"https:\/\/dev.explora.cl\/rmsuroriente\/wp-content\/uploads\/sites\/12\/2021\/10\/web-En-Corto-exploremos-nuestra-ciencia-FECI-Explora-RMSO.png\",\"articleSection\":[\"Eventos\",\"Lugar 4\",\"Noticias\",\"Para P\u00fablico General\"],\"inLanguage\":\"es-CL\",\"potentialAction\":[{\"@type\":\"CommentAction\",\"name\":\"Comment\",\"target\":[\"https:\/\/dev.explora.cl\/rmsuroriente\/en-corto-serie-documental-sobre-la-investigacion-cientifica-nacional\/#respond\"]}]},{\"@type\":\"WebPage\",\"@id\":\"https:\/\/dev.explora.cl\/rmsuroriente\/en-corto-serie-documental-sobre-la-investigacion-cientifica-nacional\/\",\"url\":\"https:\/\/dev.explora.cl\/rmsuroriente\/en-corto-serie-documental-sobre-la-investigacion-cientifica-nacional\/\",\"name\":\"\u201cEn Corto\u201d: Serie documental sobre la Investigaci\u00f3n Cient\u00edfica Nacional - RM Sur Oriente\",\"isPartOf\":{\"@id\":\"https:\/\/dev.explora.cl\/rmsuroriente\/#website\"},\"primaryImageOfPage\":{\"@id\":\"https:\/\/dev.explora.cl\/rmsuroriente\/en-corto-serie-documental-sobre-la-investigacion-cientifica-nacional\/#primaryimage\"},\"image\":{\"@id\":\"https:\/\/dev.explora.cl\/rmsuroriente\/en-corto-serie-documental-sobre-la-investigacion-cientifica-nacional\/#primaryimage\"},\"thumbnailUrl\":\"https:\/\/dev.explora.cl\/rmsuroriente\/wp-content\/uploads\/sites\/12\/2021\/10\/web-En-Corto-exploremos-nuestra-ciencia-FECI-Explora-RMSO.png\",\"datePublished\":\"2021-10-14T15:49:25+00:00\",\"dateModified\":\"2022-01-19T17:53:34+00:00\",\"description\":\"Sorprendete con historias de ciencia chilena en nuestro canal de YouTube, estrenos desde el 20 al 24 de octubre en FECI 2021\",\"breadcrumb\":{\"@id\":\"https:\/\/dev.explora.cl\/rmsuroriente\/en-corto-serie-documental-sobre-la-investigacion-cientifica-nacional\/#breadcrumb\"},\"inLanguage\":\"es-CL\",\"potentialAction\":[{\"@type\":\"ReadAction\",\"target\":[\"https:\/\/dev.explora.cl\/rmsuroriente\/en-corto-serie-documental-sobre-la-investigacion-cientifica-nacional\/\"]}]},{\"@type\":\"ImageObject\",\"inLanguage\":\"es-CL\",\"@id\":\"https:\/\/dev.explora.cl\/rmsuroriente\/en-corto-serie-documental-sobre-la-investigacion-cientifica-nacional\/#primaryimage\",\"url\":\"https:\/\/dev.explora.cl\/rmsuroriente\/wp-content\/uploads\/sites\/12\/2021\/10\/web-En-Corto-exploremos-nuestra-ciencia-FECI-Explora-RMSO.png\",\"contentUrl\":\"https:\/\/dev.explora.cl\/rmsuroriente\/wp-content\/uploads\/sites\/12\/2021\/10\/web-En-Corto-exploremos-nuestra-ciencia-FECI-Explora-RMSO.png\",\"width\":725,\"height\":405},{\"@type\":\"BreadcrumbList\",\"@id\":\"https:\/\/dev.explora.cl\/rmsuroriente\/en-corto-serie-documental-sobre-la-investigacion-cientifica-nacional\/#breadcrumb\",\"itemListElement\":[{\"@type\":\"ListItem\",\"position\":1,\"name\":\"Portada\",\"item\":\"https:\/\/dev.explora.cl\/rmsuroriente\/\"},{\"@type\":\"ListItem\",\"position\":2,\"name\":\"\u201cEn Corto\u201d: Serie documental sobre la Investigaci\u00f3n Cient\u00edfica Nacional\"}]},{\"@type\":\"WebSite\",\"@id\":\"https:\/\/dev.explora.cl\/rmsuroriente\/#website\",\"url\":\"https:\/\/dev.explora.cl\/rmsuroriente\/\",\"name\":\"RM Sur Oriente\",\"description\":\"Otro sitio m\u00e1s de dev.explora.cl\",\"publisher\":{\"@id\":\"https:\/\/dev.explora.cl\/rmsuroriente\/#organization\"},\"potentialAction\":[{\"@type\":\"SearchAction\",\"target\":{\"@type\":\"EntryPoint\",\"urlTemplate\":\"https:\/\/dev.explora.cl\/rmsuroriente\/?s={search_term_string}\"},\"query-input\":{\"@type\":\"PropertyValueSpecification\",\"valueRequired\":true,\"valueName\":\"search_term_string\"}}],\"inLanguage\":\"es-CL\"},{\"@type\":\"Organization\",\"@id\":\"https:\/\/dev.explora.cl\/rmsuroriente\/#organization\",\"name\":\"RM Sur Oriente\",\"url\":\"https:\/\/dev.explora.cl\/rmsuroriente\/\",\"logo\":{\"@type\":\"ImageObject\",\"inLanguage\":\"es-CL\",\"@id\":\"https:\/\/dev.explora.cl\/rmsuroriente\/#\/schema\/logo\/image\/\",\"url\":\"https:\/\/dev.explora.cl\/rmsuroriente\/wp-content\/uploads\/sites\/12\/2025\/04\/cropped-LogoPAR_RMSO-Azul-UC.png\",\"contentUrl\":\"https:\/\/dev.explora.cl\/rmsuroriente\/wp-content\/uploads\/sites\/12\/2025\/04\/cropped-LogoPAR_RMSO-Azul-UC.png\",\"width\":411,\"height\":409,\"caption\":\"RM Sur Oriente\"},\"image\":{\"@id\":\"https:\/\/dev.explora.cl\/rmsuroriente\/#\/schema\/logo\/image\/\"}},{\"@type\":\"Person\",\"@id\":\"https:\/\/dev.explora.cl\/rmsuroriente\/#\/schema\/person\/164f0bfb03507b3d5dd75257d8e71697\",\"name\":\"RMSO PUC\",\"image\":{\"@type\":\"ImageObject\",\"inLanguage\":\"es-CL\",\"@id\":\"https:\/\/dev.explora.cl\/rmsuroriente\/#\/schema\/person\/image\/\",\"url\":\"https:\/\/secure.gravatar.com\/avatar\/16f7131f033ed433ea432d3fc2b04af9756004afdb5a6b61c705d795f6425ea0?s=96&d=mm&r=g\",\"contentUrl\":\"https:\/\/secure.gravatar.com\/avatar\/16f7131f033ed433ea432d3fc2b04af9756004afdb5a6b61c705d795f6425ea0?s=96&d=mm&r=g\",\"caption\":\"RMSO PUC\"},\"url\":\"https:\/\/dev.explora.cl\/rmsuroriente\/author\/myanez\/\"}]}<\/script>\n<!-- \/ Yoast SEO plugin. -->","yoast_head_json":{"title":"\u201cEn Corto\u201d: Serie documental sobre la Investigaci\u00f3n Cient\u00edfica Nacional - RM Sur Oriente","description":"Sorprendete con historias de ciencia chilena en nuestro canal de YouTube, estrenos desde el 20 al 24 de octubre en FECI 2021","robots":{"index":"index","follow":"follow","max-snippet":"max-snippet:-1","max-image-preview":"max-image-preview:large","max-video-preview":"max-video-preview:-1"},"canonical":"https:\/\/dev.explora.cl\/rmsuroriente\/en-corto-serie-documental-sobre-la-investigacion-cientifica-nacional\/","og_locale":"es_ES","og_type":"article","og_title":"\u201cEn Corto\u201d: Serie documental sobre la Investigaci\u00f3n Cient\u00edfica Nacional - RM Sur Oriente","og_description":"Sorprendete con historias de ciencia chilena en nuestro canal de YouTube, estrenos desde el 20 al 24 de octubre en FECI 2021","og_url":"https:\/\/dev.explora.cl\/rmsuroriente\/en-corto-serie-documental-sobre-la-investigacion-cientifica-nacional\/","og_site_name":"RM Sur Oriente","article_published_time":"2021-10-14T15:49:25+00:00","article_modified_time":"2022-01-19T17:53:34+00:00","og_image":[{"width":725,"height":405,"url":"https:\/\/dev.explora.cl\/rmsuroriente\/wp-content\/uploads\/sites\/12\/2021\/10\/web-En-Corto-exploremos-nuestra-ciencia-FECI-Explora-RMSO.png","type":"image\/png"}],"author":"RMSO PUC","twitter_card":"summary_large_image","twitter_misc":{"Escrito por":"RMSO PUC","Tiempo estimado de lectura":"4 minutos"},"schema":{"@context":"https:\/\/schema.org","@graph":[{"@type":"Article","@id":"https:\/\/dev.explora.cl\/rmsuroriente\/en-corto-serie-documental-sobre-la-investigacion-cientifica-nacional\/#article","isPartOf":{"@id":"https:\/\/dev.explora.cl\/rmsuroriente\/en-corto-serie-documental-sobre-la-investigacion-cientifica-nacional\/"},"author":{"name":"RMSO PUC","@id":"https:\/\/dev.explora.cl\/rmsuroriente\/#\/schema\/person\/164f0bfb03507b3d5dd75257d8e71697"},"headline":"\u201cEn Corto\u201d: Serie documental sobre la Investigaci\u00f3n Cient\u00edfica Nacional","datePublished":"2021-10-14T15:49:25+00:00","dateModified":"2022-01-19T17:53:34+00:00","mainEntityOfPage":{"@id":"https:\/\/dev.explora.cl\/rmsuroriente\/en-corto-serie-documental-sobre-la-investigacion-cientifica-nacional\/"},"wordCount":815,"commentCount":0,"publisher":{"@id":"https:\/\/dev.explora.cl\/rmsuroriente\/#organization"},"image":{"@id":"https:\/\/dev.explora.cl\/rmsuroriente\/en-corto-serie-documental-sobre-la-investigacion-cientifica-nacional\/#primaryimage"},"thumbnailUrl":"https:\/\/dev.explora.cl\/rmsuroriente\/wp-content\/uploads\/sites\/12\/2021\/10\/web-En-Corto-exploremos-nuestra-ciencia-FECI-Explora-RMSO.png","articleSection":["Eventos","Lugar 4","Noticias","Para P\u00fablico General"],"inLanguage":"es-CL","potentialAction":[{"@type":"CommentAction","name":"Comment","target":["https:\/\/dev.explora.cl\/rmsuroriente\/en-corto-serie-documental-sobre-la-investigacion-cientifica-nacional\/#respond"]}]},{"@type":"WebPage","@id":"https:\/\/dev.explora.cl\/rmsuroriente\/en-corto-serie-documental-sobre-la-investigacion-cientifica-nacional\/","url":"https:\/\/dev.explora.cl\/rmsuroriente\/en-corto-serie-documental-sobre-la-investigacion-cientifica-nacional\/","name":"\u201cEn Corto\u201d: Serie documental sobre la Investigaci\u00f3n Cient\u00edfica Nacional - RM Sur Oriente","isPartOf":{"@id":"https:\/\/dev.explora.cl\/rmsuroriente\/#website"},"primaryImageOfPage":{"@id":"https:\/\/dev.explora.cl\/rmsuroriente\/en-corto-serie-documental-sobre-la-investigacion-cientifica-nacional\/#primaryimage"},"image":{"@id":"https:\/\/dev.explora.cl\/rmsuroriente\/en-corto-serie-documental-sobre-la-investigacion-cientifica-nacional\/#primaryimage"},"thumbnailUrl":"https:\/\/dev.explora.cl\/rmsuroriente\/wp-content\/uploads\/sites\/12\/2021\/10\/web-En-Corto-exploremos-nuestra-ciencia-FECI-Explora-RMSO.png","datePublished":"2021-10-14T15:49:25+00:00","dateModified":"2022-01-19T17:53:34+00:00","description":"Sorprendete con historias de ciencia chilena en nuestro canal de YouTube, estrenos desde el 20 al 24 de octubre en FECI 2021","breadcrumb":{"@id":"https:\/\/dev.explora.cl\/rmsuroriente\/en-corto-serie-documental-sobre-la-investigacion-cientifica-nacional\/#breadcrumb"},"inLanguage":"es-CL","potentialAction":[{"@type":"ReadAction","target":["https:\/\/dev.explora.cl\/rmsuroriente\/en-corto-serie-documental-sobre-la-investigacion-cientifica-nacional\/"]}]},{"@type":"ImageObject","inLanguage":"es-CL","@id":"https:\/\/dev.explora.cl\/rmsuroriente\/en-corto-serie-documental-sobre-la-investigacion-cientifica-nacional\/#primaryimage","url":"https:\/\/dev.explora.cl\/rmsuroriente\/wp-content\/uploads\/sites\/12\/2021\/10\/web-En-Corto-exploremos-nuestra-ciencia-FECI-Explora-RMSO.png","contentUrl":"https:\/\/dev.explora.cl\/rmsuroriente\/wp-content\/uploads\/sites\/12\/2021\/10\/web-En-Corto-exploremos-nuestra-ciencia-FECI-Explora-RMSO.png","width":725,"height":405},{"@type":"BreadcrumbList","@id":"https:\/\/dev.explora.cl\/rmsuroriente\/en-corto-serie-documental-sobre-la-investigacion-cientifica-nacional\/#breadcrumb","itemListElement":[{"@type":"ListItem","position":1,"name":"Portada","item":"https:\/\/dev.explora.cl\/rmsuroriente\/"},{"@type":"ListItem","position":2,"name":"\u201cEn Corto\u201d: Serie documental sobre la Investigaci\u00f3n Cient\u00edfica Nacional"}]},{"@type":"WebSite","@id":"https:\/\/dev.explora.cl\/rmsuroriente\/#website","url":"https:\/\/dev.explora.cl\/rmsuroriente\/","name":"RM Sur Oriente","description":"Otro sitio m\u00e1s de dev.explora.cl","publisher":{"@id":"https:\/\/dev.explora.cl\/rmsuroriente\/#organization"},"potentialAction":[{"@type":"SearchAction","target":{"@type":"EntryPoint","urlTemplate":"https:\/\/dev.explora.cl\/rmsuroriente\/?s={search_term_string}"},"query-input":{"@type":"PropertyValueSpecification","valueRequired":true,"valueName":"search_term_string"}}],"inLanguage":"es-CL"},{"@type":"Organization","@id":"https:\/\/dev.explora.cl\/rmsuroriente\/#organization","name":"RM Sur Oriente","url":"https:\/\/dev.explora.cl\/rmsuroriente\/","logo":{"@type":"ImageObject","inLanguage":"es-CL","@id":"https:\/\/dev.explora.cl\/rmsuroriente\/#\/schema\/logo\/image\/","url":"https:\/\/dev.explora.cl\/rmsuroriente\/wp-content\/uploads\/sites\/12\/2025\/04\/cropped-LogoPAR_RMSO-Azul-UC.png","contentUrl":"https:\/\/dev.explora.cl\/rmsuroriente\/wp-content\/uploads\/sites\/12\/2025\/04\/cropped-LogoPAR_RMSO-Azul-UC.png","width":411,"height":409,"caption":"RM Sur Oriente"},"image":{"@id":"https:\/\/dev.explora.cl\/rmsuroriente\/#\/schema\/logo\/image\/"}},{"@type":"Person","@id":"https:\/\/dev.explora.cl\/rmsuroriente\/#\/schema\/person\/164f0bfb03507b3d5dd75257d8e71697","name":"RMSO PUC","image":{"@type":"ImageObject","inLanguage":"es-CL","@id":"https:\/\/dev.explora.cl\/rmsuroriente\/#\/schema\/person\/image\/","url":"https:\/\/secure.gravatar.com\/avatar\/16f7131f033ed433ea432d3fc2b04af9756004afdb5a6b61c705d795f6425ea0?s=96&d=mm&r=g","contentUrl":"https:\/\/secure.gravatar.com\/avatar\/16f7131f033ed433ea432d3fc2b04af9756004afdb5a6b61c705d795f6425ea0?s=96&d=mm&r=g","caption":"RMSO PUC"},"url":"https:\/\/dev.explora.cl\/rmsuroriente\/author\/myanez\/"}]}},"_links":{"self":[{"href":"https:\/\/dev.explora.cl\/rmsuroriente\/wp-json\/wp\/v2\/posts\/40332","targetHints":{"allow":["GET"]}}],"collection":[{"href":"https:\/\/dev.explora.cl\/rmsuroriente\/wp-json\/wp\/v2\/posts"}],"about":[{"href":"https:\/\/dev.explora.cl\/rmsuroriente\/wp-json\/wp\/v2\/types\/post"}],"author":[{"embeddable":true,"href":"https:\/\/dev.explora.cl\/rmsuroriente\/wp-json\/wp\/v2\/users\/27"}],"replies":[{"embeddable":true,"href":"https:\/\/dev.explora.cl\/rmsuroriente\/wp-json\/wp\/v2\/comments?post=40332"}],"version-history":[{"count":4,"href":"https:\/\/dev.explora.cl\/rmsuroriente\/wp-json\/wp\/v2\/posts\/40332\/revisions"}],"predecessor-version":[{"id":40548,"href":"https:\/\/dev.explora.cl\/rmsuroriente\/wp-json\/wp\/v2\/posts\/40332\/revisions\/40548"}],"wp:featuredmedia":[{"embeddable":true,"href":"https:\/\/dev.explora.cl\/rmsuroriente\/wp-json\/wp\/v2\/media\/40333"}],"wp:attachment":[{"href":"https:\/\/dev.explora.cl\/rmsuroriente\/wp-json\/wp\/v2\/media?parent=40332"}],"wp:term":[{"taxonomy":"category","embeddable":true,"href":"https:\/\/dev.explora.cl\/rmsuroriente\/wp-json\/wp\/v2\/categories?post=40332"},{"taxonomy":"post_tag","embeddable":true,"href":"https:\/\/dev.explora.cl\/rmsuroriente\/wp-json\/wp\/v2\/tags?post=40332"}],"curies":[{"name":"wp","href":"https:\/\/api.w.org\/{rel}","templated":true}]}}