{"id":40311,"date":"2021-10-13T18:00:32","date_gmt":"2021-10-13T21:00:32","guid":{"rendered":"https:\/\/dev.explora.cl\/rmsuroriente\/?p=40311"},"modified":"2022-01-19T14:53:18","modified_gmt":"2022-01-19T17:53:18","slug":"cortos-documentales-conversatorios-y-una-intervencion-urbana-marcaran-la-celebracion-de-feci-2021","status":"publish","type":"post","link":"https:\/\/dev.explora.cl\/rmsuroriente\/cortos-documentales-conversatorios-y-una-intervencion-urbana-marcaran-la-celebracion-de-feci-2021\/","title":{"rendered":"Cortos documentales, conversatorios y una intervenci\u00f3n urbana marcar\u00e1n la celebraci\u00f3n de FECI 2021"},"content":{"rendered":"<p><b>El Proyecto Explora RM Sur Oriente te invita a participar de las actividades que celebrar\u00e1n las ciencias entre el 20 y 24 de octubre. A trav\u00e9s de sus plataformas digitales y canal de YouTube, se realizar\u00e1 el estreno de la serie de documentales \u201cEn Corto: Exploremos nuestra Ciencia\u201d y los conversatorios que abordar\u00e1n tem\u00e1ticas propias del territorio. Mientras que algunas estaciones de Metro, ser\u00e1n las encargadas de acercar el arte y la ciencia a la comunidad.<\/b><\/p>\n<p><span style=\"font-weight: 400\">La celebraci\u00f3n comenzar\u00e1 el d\u00eda <a href=\"https:\/\/dev.explora.cl\/rmsuroriente\/events\/la-ciencia-a-un-clic-con-teresa-paneque\/\">mi\u00e9rcoles 20 de octubre a las 11.00 horas <\/a>con el estreno de la serie de documentales \u201cEn Corto: exploremos nuestra Ciencia\u201d, para lo cual se invitar\u00e1 a una de sus protagonistas, la astr\u00f3noma e investigadora del Observatorio Europeo Austral (ESO), Teresa Paneque, quien conversar\u00e1 sobre el desarrollo de la ciencia chilena a nivel mundial y c\u00f3mo en la actualidad acercamos el conocimiento a la ciudadan\u00eda.<\/span><\/p>\n<p><span style=\"font-weight: 400\">A partir de este encuentro, se realizar\u00e1 el lanzamiento del primero de cinco cap\u00edtulos de la serie, los cuales abordar\u00e1n descubrimientos e investigaciones de alcance nacional y mundial, y ser\u00e1n transmitidos diariamente a trav\u00e9s del canal de YouTube RM Sur Oriente. Dentro de ellos, podr\u00e1s conocer sobre el descubrimiento de los dinosaurios, megafauna y primeros poblamientos humanos en nuestro territorio, sobre los avances cient\u00edficos en Neurociencia y en Alzheimer, y sobre c\u00f3mo miramos las estrellas y los planetas. Dentro de sus protagonistas se destacan los Premios Nacionales de Ciencias Jos\u00e9 Maza, Cecilia Hidalgo, Ram\u00f3n Latorre, Nibaldo Inestroza y Mario Hamuy.\u00a0<\/span><\/p>\n<p><span style=\"font-weight: 400\">Como parte de esta gran celebraci\u00f3n, cada d\u00eda a las 11.00 horas, se realizar\u00e1n encuentros virtuales llamados \u201cConversemos de ciencias en el territorio\u201d, los que invitar\u00e1n a diversos especialistas a dialogar sobre tem\u00e1ticas que repercuten en la realidad de la zona sur oriente de la RM, como los riesgos de desastres naturales, el uso de energ\u00edas renovables, los cambios de nuestra sociedad postpandemia, cultura y fauna urbana.<\/span><\/p>\n<p><span style=\"font-weight: 400\">El arte tambi\u00e9n estar\u00e1 presente en la versi\u00f3n 2021 de este Festival, a trav\u00e9s de gigantograf\u00edas instaladas en las estaciones de Metro Macul, Pedrero, Vicu\u00f1a Mackenna, Santa Rosa y Plaza de Puente Alto, las que exhibir\u00e1n 5 murales cient\u00edficos realizados por el Proyecto Explora RM Sur Oriente entre los a\u00f1os 2015 y 2019. Esta \u201cintervenci\u00f3n urbana\u201d ser\u00e1 complementada con la realizaci\u00f3n de conversatorios y talleres que abordar\u00e1n la cultura, historia e identidad de los territorios y su relaci\u00f3n con el ecosistema.<\/span><\/p>\n<p><span style=\"font-weight: 400\">Para m\u00e1s detalles de \u00e9stas y otras actividades visita nuestro sitio web<\/span><a href=\"https:\/\/dev.explora.cl\/rmsuroriente\"> <span style=\"font-weight: 400\">dev.explora.cl\/rmsuroriente<\/span><\/a><a href=\"https:\/\/dev.explora.cl\/rmsuroriente\/\"><span style=\"font-weight: 400\">\/<\/span><\/a><span style=\"font-weight: 400\"> y s\u00edguenos en nuestras redes sociales en <a href=\"https:\/\/www.instagram.com\/explorarmso\/?hl=es-la\" target=\"_blank\" rel=\"noopener noreferrer\">Instagram<\/a>, <a href=\"https:\/\/www.youtube.com\/channel\/UCnohAMDg-x4gSI4hzCllg4A\" target=\"_blank\" rel=\"noopener noreferrer\">Facebook<\/a>, <a href=\"https:\/\/twitter.com\/explorarmso\" target=\"_blank\" rel=\"noopener noreferrer\">Twitter<\/a> y <a href=\"https:\/\/www.youtube.com\/channel\/UCnohAMDg-x4gSI4hzCllg4A\">YouTube<\/a><\/span><\/p>\n","protected":false},"excerpt":{"rendered":"<p>El Proyecto Explora RM Sur Oriente te invita a participar de las actividades que celebrar\u00e1n las ciencias entre el 20 y 24 de octubre. A trav\u00e9s de sus plataformas digitales y canal de YouTube, se realizar\u00e1 el estreno de la serie de documentales \u201cEn Corto: Exploremos nuestra Ciencia\u201d y los conversatorios que abordar\u00e1n tem\u00e1ticas propias del territorio. <\/p>\n","protected":false},"author":27,"featured_media":40312,"comment_status":"open","ping_status":"open","sticky":false,"template":"","format":"standard","meta":{"_acf_changed":false,"_exactmetrics_skip_tracking":false,"_exactmetrics_sitenote_active":false,"_exactmetrics_sitenote_note":"","_exactmetrics_sitenote_category":0,"footnotes":"","_links_to":"","_links_to_target":""},"categories":[128,127,137,4,126],"tags":[],"class_list":["post-40311","post","type-post","status-publish","format-standard","has-post-thumbnail","hentry","category-eventos_publ_grl","category-iniciativas_publ_grl","category-lugar-2","category-noticias","category-para-publico-general"],"acf":[],"yoast_head":"<!-- This site is optimized with the Yoast SEO plugin v26.7 - https:\/\/yoast.com\/wordpress\/plugins\/seo\/ -->\n<title>Cortos documentales, conversatorios y una intervenci\u00f3n urbana marcar\u00e1n la celebraci\u00f3n de FECI 2021 - RM Sur Oriente<\/title>\n<meta name=\"description\" content=\"El Proyecto Explora RM Sur Oriente te invita a participar de las actividades que celebrar\u00e1n las ciencias entre el 20 y 24 de octubre.\" class=\"yoast-seo-meta-tag\" \/>\n<meta name=\"robots\" content=\"index, follow, max-snippet:-1, max-image-preview:large, max-video-preview:-1\" \/>\n<link rel=\"canonical\" href=\"https:\/\/dev.explora.cl\/rmsuroriente\/cortos-documentales-conversatorios-y-una-intervencion-urbana-marcaran-la-celebracion-de-feci-2021\/\" class=\"yoast-seo-meta-tag\" \/>\n<meta property=\"og:locale\" content=\"es_ES\" class=\"yoast-seo-meta-tag\" \/>\n<meta property=\"og:type\" content=\"article\" class=\"yoast-seo-meta-tag\" \/>\n<meta property=\"og:title\" content=\"Cortos documentales, conversatorios y una intervenci\u00f3n urbana marcar\u00e1n la celebraci\u00f3n de FECI 2021 - RM Sur Oriente\" class=\"yoast-seo-meta-tag\" \/>\n<meta property=\"og:description\" content=\"El Proyecto Explora RM Sur Oriente te invita a participar de las actividades que celebrar\u00e1n las ciencias entre el 20 y 24 de octubre.\" class=\"yoast-seo-meta-tag\" \/>\n<meta property=\"og:url\" content=\"https:\/\/dev.explora.cl\/rmsuroriente\/cortos-documentales-conversatorios-y-una-intervencion-urbana-marcaran-la-celebracion-de-feci-2021\/\" class=\"yoast-seo-meta-tag\" \/>\n<meta property=\"og:site_name\" content=\"RM Sur Oriente\" class=\"yoast-seo-meta-tag\" \/>\n<meta property=\"article:published_time\" content=\"2021-10-13T21:00:32+00:00\" class=\"yoast-seo-meta-tag\" \/>\n<meta property=\"article:modified_time\" content=\"2022-01-19T17:53:18+00:00\" class=\"yoast-seo-meta-tag\" \/>\n<meta property=\"og:image\" content=\"https:\/\/dev.explora.cl\/rmsuroriente\/wp-content\/uploads\/sites\/12\/2021\/10\/Participa-en-FECI-web-Explora-RMSO.png\" class=\"yoast-seo-meta-tag\" \/>\n\t<meta property=\"og:image:width\" content=\"725\" class=\"yoast-seo-meta-tag\" \/>\n\t<meta property=\"og:image:height\" content=\"405\" class=\"yoast-seo-meta-tag\" \/>\n\t<meta property=\"og:image:type\" content=\"image\/png\" class=\"yoast-seo-meta-tag\" \/>\n<meta name=\"author\" content=\"RMSO PUC\" class=\"yoast-seo-meta-tag\" \/>\n<meta name=\"twitter:card\" content=\"summary_large_image\" class=\"yoast-seo-meta-tag\" \/>\n<meta name=\"twitter:label1\" content=\"Escrito por\" class=\"yoast-seo-meta-tag\" \/>\n\t<meta name=\"twitter:data1\" content=\"RMSO PUC\" class=\"yoast-seo-meta-tag\" \/>\n\t<meta name=\"twitter:label2\" content=\"Tiempo estimado de lectura\" class=\"yoast-seo-meta-tag\" \/>\n\t<meta name=\"twitter:data2\" content=\"2 minutos\" class=\"yoast-seo-meta-tag\" \/>\n<script type=\"application\/ld+json\" class=\"yoast-schema-graph\">{\"@context\":\"https:\/\/schema.org\",\"@graph\":[{\"@type\":\"Article\",\"@id\":\"https:\/\/dev.explora.cl\/rmsuroriente\/cortos-documentales-conversatorios-y-una-intervencion-urbana-marcaran-la-celebracion-de-feci-2021\/#article\",\"isPartOf\":{\"@id\":\"https:\/\/dev.explora.cl\/rmsuroriente\/cortos-documentales-conversatorios-y-una-intervencion-urbana-marcaran-la-celebracion-de-feci-2021\/\"},\"author\":{\"name\":\"RMSO PUC\",\"@id\":\"https:\/\/dev.explora.cl\/rmsuroriente\/#\/schema\/person\/164f0bfb03507b3d5dd75257d8e71697\"},\"headline\":\"Cortos documentales, conversatorios y una intervenci\u00f3n urbana marcar\u00e1n la celebraci\u00f3n de FECI 2021\",\"datePublished\":\"2021-10-13T21:00:32+00:00\",\"dateModified\":\"2022-01-19T17:53:18+00:00\",\"mainEntityOfPage\":{\"@id\":\"https:\/\/dev.explora.cl\/rmsuroriente\/cortos-documentales-conversatorios-y-una-intervencion-urbana-marcaran-la-celebracion-de-feci-2021\/\"},\"wordCount\":467,\"commentCount\":0,\"publisher\":{\"@id\":\"https:\/\/dev.explora.cl\/rmsuroriente\/#organization\"},\"image\":{\"@id\":\"https:\/\/dev.explora.cl\/rmsuroriente\/cortos-documentales-conversatorios-y-una-intervencion-urbana-marcaran-la-celebracion-de-feci-2021\/#primaryimage\"},\"thumbnailUrl\":\"https:\/\/dev.explora.cl\/rmsuroriente\/wp-content\/uploads\/sites\/12\/2021\/10\/Participa-en-FECI-web-Explora-RMSO.png\",\"articleSection\":[\"Eventos\",\"Iniciativas\",\"Lugar 2\",\"Noticias\",\"Para P\u00fablico General\"],\"inLanguage\":\"es-CL\",\"potentialAction\":[{\"@type\":\"CommentAction\",\"name\":\"Comment\",\"target\":[\"https:\/\/dev.explora.cl\/rmsuroriente\/cortos-documentales-conversatorios-y-una-intervencion-urbana-marcaran-la-celebracion-de-feci-2021\/#respond\"]}]},{\"@type\":\"WebPage\",\"@id\":\"https:\/\/dev.explora.cl\/rmsuroriente\/cortos-documentales-conversatorios-y-una-intervencion-urbana-marcaran-la-celebracion-de-feci-2021\/\",\"url\":\"https:\/\/dev.explora.cl\/rmsuroriente\/cortos-documentales-conversatorios-y-una-intervencion-urbana-marcaran-la-celebracion-de-feci-2021\/\",\"name\":\"Cortos documentales, conversatorios y una intervenci\u00f3n urbana marcar\u00e1n la celebraci\u00f3n de FECI 2021 - RM Sur Oriente\",\"isPartOf\":{\"@id\":\"https:\/\/dev.explora.cl\/rmsuroriente\/#website\"},\"primaryImageOfPage\":{\"@id\":\"https:\/\/dev.explora.cl\/rmsuroriente\/cortos-documentales-conversatorios-y-una-intervencion-urbana-marcaran-la-celebracion-de-feci-2021\/#primaryimage\"},\"image\":{\"@id\":\"https:\/\/dev.explora.cl\/rmsuroriente\/cortos-documentales-conversatorios-y-una-intervencion-urbana-marcaran-la-celebracion-de-feci-2021\/#primaryimage\"},\"thumbnailUrl\":\"https:\/\/dev.explora.cl\/rmsuroriente\/wp-content\/uploads\/sites\/12\/2021\/10\/Participa-en-FECI-web-Explora-RMSO.png\",\"datePublished\":\"2021-10-13T21:00:32+00:00\",\"dateModified\":\"2022-01-19T17:53:18+00:00\",\"description\":\"El Proyecto Explora RM Sur Oriente te invita a participar de las actividades que celebrar\u00e1n las ciencias entre el 20 y 24 de octubre.\",\"breadcrumb\":{\"@id\":\"https:\/\/dev.explora.cl\/rmsuroriente\/cortos-documentales-conversatorios-y-una-intervencion-urbana-marcaran-la-celebracion-de-feci-2021\/#breadcrumb\"},\"inLanguage\":\"es-CL\",\"potentialAction\":[{\"@type\":\"ReadAction\",\"target\":[\"https:\/\/dev.explora.cl\/rmsuroriente\/cortos-documentales-conversatorios-y-una-intervencion-urbana-marcaran-la-celebracion-de-feci-2021\/\"]}]},{\"@type\":\"ImageObject\",\"inLanguage\":\"es-CL\",\"@id\":\"https:\/\/dev.explora.cl\/rmsuroriente\/cortos-documentales-conversatorios-y-una-intervencion-urbana-marcaran-la-celebracion-de-feci-2021\/#primaryimage\",\"url\":\"https:\/\/dev.explora.cl\/rmsuroriente\/wp-content\/uploads\/sites\/12\/2021\/10\/Participa-en-FECI-web-Explora-RMSO.png\",\"contentUrl\":\"https:\/\/dev.explora.cl\/rmsuroriente\/wp-content\/uploads\/sites\/12\/2021\/10\/Participa-en-FECI-web-Explora-RMSO.png\",\"width\":725,\"height\":405},{\"@type\":\"BreadcrumbList\",\"@id\":\"https:\/\/dev.explora.cl\/rmsuroriente\/cortos-documentales-conversatorios-y-una-intervencion-urbana-marcaran-la-celebracion-de-feci-2021\/#breadcrumb\",\"itemListElement\":[{\"@type\":\"ListItem\",\"position\":1,\"name\":\"Portada\",\"item\":\"https:\/\/dev.explora.cl\/rmsuroriente\/\"},{\"@type\":\"ListItem\",\"position\":2,\"name\":\"Cortos documentales, conversatorios y una intervenci\u00f3n urbana marcar\u00e1n la celebraci\u00f3n de FECI 2021\"}]},{\"@type\":\"WebSite\",\"@id\":\"https:\/\/dev.explora.cl\/rmsuroriente\/#website\",\"url\":\"https:\/\/dev.explora.cl\/rmsuroriente\/\",\"name\":\"RM Sur Oriente\",\"description\":\"Otro sitio m\u00e1s de dev.explora.cl\",\"publisher\":{\"@id\":\"https:\/\/dev.explora.cl\/rmsuroriente\/#organization\"},\"potentialAction\":[{\"@type\":\"SearchAction\",\"target\":{\"@type\":\"EntryPoint\",\"urlTemplate\":\"https:\/\/dev.explora.cl\/rmsuroriente\/?s={search_term_string}\"},\"query-input\":{\"@type\":\"PropertyValueSpecification\",\"valueRequired\":true,\"valueName\":\"search_term_string\"}}],\"inLanguage\":\"es-CL\"},{\"@type\":\"Organization\",\"@id\":\"https:\/\/dev.explora.cl\/rmsuroriente\/#organization\",\"name\":\"RM Sur Oriente\",\"url\":\"https:\/\/dev.explora.cl\/rmsuroriente\/\",\"logo\":{\"@type\":\"ImageObject\",\"inLanguage\":\"es-CL\",\"@id\":\"https:\/\/dev.explora.cl\/rmsuroriente\/#\/schema\/logo\/image\/\",\"url\":\"https:\/\/dev.explora.cl\/rmsuroriente\/wp-content\/uploads\/sites\/12\/2025\/04\/cropped-LogoPAR_RMSO-Azul-UC.png\",\"contentUrl\":\"https:\/\/dev.explora.cl\/rmsuroriente\/wp-content\/uploads\/sites\/12\/2025\/04\/cropped-LogoPAR_RMSO-Azul-UC.png\",\"width\":411,\"height\":409,\"caption\":\"RM Sur Oriente\"},\"image\":{\"@id\":\"https:\/\/dev.explora.cl\/rmsuroriente\/#\/schema\/logo\/image\/\"}},{\"@type\":\"Person\",\"@id\":\"https:\/\/dev.explora.cl\/rmsuroriente\/#\/schema\/person\/164f0bfb03507b3d5dd75257d8e71697\",\"name\":\"RMSO PUC\",\"image\":{\"@type\":\"ImageObject\",\"inLanguage\":\"es-CL\",\"@id\":\"https:\/\/dev.explora.cl\/rmsuroriente\/#\/schema\/person\/image\/\",\"url\":\"https:\/\/secure.gravatar.com\/avatar\/16f7131f033ed433ea432d3fc2b04af9756004afdb5a6b61c705d795f6425ea0?s=96&d=mm&r=g\",\"contentUrl\":\"https:\/\/secure.gravatar.com\/avatar\/16f7131f033ed433ea432d3fc2b04af9756004afdb5a6b61c705d795f6425ea0?s=96&d=mm&r=g\",\"caption\":\"RMSO PUC\"},\"url\":\"https:\/\/dev.explora.cl\/rmsuroriente\/author\/myanez\/\"}]}<\/script>\n<!-- \/ Yoast SEO plugin. -->","yoast_head_json":{"title":"Cortos documentales, conversatorios y una intervenci\u00f3n urbana marcar\u00e1n la celebraci\u00f3n de FECI 2021 - RM Sur Oriente","description":"El Proyecto Explora RM Sur Oriente te invita a participar de las actividades que celebrar\u00e1n las ciencias entre el 20 y 24 de octubre.","robots":{"index":"index","follow":"follow","max-snippet":"max-snippet:-1","max-image-preview":"max-image-preview:large","max-video-preview":"max-video-preview:-1"},"canonical":"https:\/\/dev.explora.cl\/rmsuroriente\/cortos-documentales-conversatorios-y-una-intervencion-urbana-marcaran-la-celebracion-de-feci-2021\/","og_locale":"es_ES","og_type":"article","og_title":"Cortos documentales, conversatorios y una intervenci\u00f3n urbana marcar\u00e1n la celebraci\u00f3n de FECI 2021 - RM Sur Oriente","og_description":"El Proyecto Explora RM Sur Oriente te invita a participar de las actividades que celebrar\u00e1n las ciencias entre el 20 y 24 de octubre.","og_url":"https:\/\/dev.explora.cl\/rmsuroriente\/cortos-documentales-conversatorios-y-una-intervencion-urbana-marcaran-la-celebracion-de-feci-2021\/","og_site_name":"RM Sur Oriente","article_published_time":"2021-10-13T21:00:32+00:00","article_modified_time":"2022-01-19T17:53:18+00:00","og_image":[{"width":725,"height":405,"url":"https:\/\/dev.explora.cl\/rmsuroriente\/wp-content\/uploads\/sites\/12\/2021\/10\/Participa-en-FECI-web-Explora-RMSO.png","type":"image\/png"}],"author":"RMSO PUC","twitter_card":"summary_large_image","twitter_misc":{"Escrito por":"RMSO PUC","Tiempo estimado de lectura":"2 minutos"},"schema":{"@context":"https:\/\/schema.org","@graph":[{"@type":"Article","@id":"https:\/\/dev.explora.cl\/rmsuroriente\/cortos-documentales-conversatorios-y-una-intervencion-urbana-marcaran-la-celebracion-de-feci-2021\/#article","isPartOf":{"@id":"https:\/\/dev.explora.cl\/rmsuroriente\/cortos-documentales-conversatorios-y-una-intervencion-urbana-marcaran-la-celebracion-de-feci-2021\/"},"author":{"name":"RMSO PUC","@id":"https:\/\/dev.explora.cl\/rmsuroriente\/#\/schema\/person\/164f0bfb03507b3d5dd75257d8e71697"},"headline":"Cortos documentales, conversatorios y una intervenci\u00f3n urbana marcar\u00e1n la celebraci\u00f3n de FECI 2021","datePublished":"2021-10-13T21:00:32+00:00","dateModified":"2022-01-19T17:53:18+00:00","mainEntityOfPage":{"@id":"https:\/\/dev.explora.cl\/rmsuroriente\/cortos-documentales-conversatorios-y-una-intervencion-urbana-marcaran-la-celebracion-de-feci-2021\/"},"wordCount":467,"commentCount":0,"publisher":{"@id":"https:\/\/dev.explora.cl\/rmsuroriente\/#organization"},"image":{"@id":"https:\/\/dev.explora.cl\/rmsuroriente\/cortos-documentales-conversatorios-y-una-intervencion-urbana-marcaran-la-celebracion-de-feci-2021\/#primaryimage"},"thumbnailUrl":"https:\/\/dev.explora.cl\/rmsuroriente\/wp-content\/uploads\/sites\/12\/2021\/10\/Participa-en-FECI-web-Explora-RMSO.png","articleSection":["Eventos","Iniciativas","Lugar 2","Noticias","Para P\u00fablico General"],"inLanguage":"es-CL","potentialAction":[{"@type":"CommentAction","name":"Comment","target":["https:\/\/dev.explora.cl\/rmsuroriente\/cortos-documentales-conversatorios-y-una-intervencion-urbana-marcaran-la-celebracion-de-feci-2021\/#respond"]}]},{"@type":"WebPage","@id":"https:\/\/dev.explora.cl\/rmsuroriente\/cortos-documentales-conversatorios-y-una-intervencion-urbana-marcaran-la-celebracion-de-feci-2021\/","url":"https:\/\/dev.explora.cl\/rmsuroriente\/cortos-documentales-conversatorios-y-una-intervencion-urbana-marcaran-la-celebracion-de-feci-2021\/","name":"Cortos documentales, conversatorios y una intervenci\u00f3n urbana marcar\u00e1n la celebraci\u00f3n de FECI 2021 - RM Sur Oriente","isPartOf":{"@id":"https:\/\/dev.explora.cl\/rmsuroriente\/#website"},"primaryImageOfPage":{"@id":"https:\/\/dev.explora.cl\/rmsuroriente\/cortos-documentales-conversatorios-y-una-intervencion-urbana-marcaran-la-celebracion-de-feci-2021\/#primaryimage"},"image":{"@id":"https:\/\/dev.explora.cl\/rmsuroriente\/cortos-documentales-conversatorios-y-una-intervencion-urbana-marcaran-la-celebracion-de-feci-2021\/#primaryimage"},"thumbnailUrl":"https:\/\/dev.explora.cl\/rmsuroriente\/wp-content\/uploads\/sites\/12\/2021\/10\/Participa-en-FECI-web-Explora-RMSO.png","datePublished":"2021-10-13T21:00:32+00:00","dateModified":"2022-01-19T17:53:18+00:00","description":"El Proyecto Explora RM Sur Oriente te invita a participar de las actividades que celebrar\u00e1n las ciencias entre el 20 y 24 de octubre.","breadcrumb":{"@id":"https:\/\/dev.explora.cl\/rmsuroriente\/cortos-documentales-conversatorios-y-una-intervencion-urbana-marcaran-la-celebracion-de-feci-2021\/#breadcrumb"},"inLanguage":"es-CL","potentialAction":[{"@type":"ReadAction","target":["https:\/\/dev.explora.cl\/rmsuroriente\/cortos-documentales-conversatorios-y-una-intervencion-urbana-marcaran-la-celebracion-de-feci-2021\/"]}]},{"@type":"ImageObject","inLanguage":"es-CL","@id":"https:\/\/dev.explora.cl\/rmsuroriente\/cortos-documentales-conversatorios-y-una-intervencion-urbana-marcaran-la-celebracion-de-feci-2021\/#primaryimage","url":"https:\/\/dev.explora.cl\/rmsuroriente\/wp-content\/uploads\/sites\/12\/2021\/10\/Participa-en-FECI-web-Explora-RMSO.png","contentUrl":"https:\/\/dev.explora.cl\/rmsuroriente\/wp-content\/uploads\/sites\/12\/2021\/10\/Participa-en-FECI-web-Explora-RMSO.png","width":725,"height":405},{"@type":"BreadcrumbList","@id":"https:\/\/dev.explora.cl\/rmsuroriente\/cortos-documentales-conversatorios-y-una-intervencion-urbana-marcaran-la-celebracion-de-feci-2021\/#breadcrumb","itemListElement":[{"@type":"ListItem","position":1,"name":"Portada","item":"https:\/\/dev.explora.cl\/rmsuroriente\/"},{"@type":"ListItem","position":2,"name":"Cortos documentales, conversatorios y una intervenci\u00f3n urbana marcar\u00e1n la celebraci\u00f3n de FECI 2021"}]},{"@type":"WebSite","@id":"https:\/\/dev.explora.cl\/rmsuroriente\/#website","url":"https:\/\/dev.explora.cl\/rmsuroriente\/","name":"RM Sur Oriente","description":"Otro sitio m\u00e1s de dev.explora.cl","publisher":{"@id":"https:\/\/dev.explora.cl\/rmsuroriente\/#organization"},"potentialAction":[{"@type":"SearchAction","target":{"@type":"EntryPoint","urlTemplate":"https:\/\/dev.explora.cl\/rmsuroriente\/?s={search_term_string}"},"query-input":{"@type":"PropertyValueSpecification","valueRequired":true,"valueName":"search_term_string"}}],"inLanguage":"es-CL"},{"@type":"Organization","@id":"https:\/\/dev.explora.cl\/rmsuroriente\/#organization","name":"RM Sur Oriente","url":"https:\/\/dev.explora.cl\/rmsuroriente\/","logo":{"@type":"ImageObject","inLanguage":"es-CL","@id":"https:\/\/dev.explora.cl\/rmsuroriente\/#\/schema\/logo\/image\/","url":"https:\/\/dev.explora.cl\/rmsuroriente\/wp-content\/uploads\/sites\/12\/2025\/04\/cropped-LogoPAR_RMSO-Azul-UC.png","contentUrl":"https:\/\/dev.explora.cl\/rmsuroriente\/wp-content\/uploads\/sites\/12\/2025\/04\/cropped-LogoPAR_RMSO-Azul-UC.png","width":411,"height":409,"caption":"RM Sur Oriente"},"image":{"@id":"https:\/\/dev.explora.cl\/rmsuroriente\/#\/schema\/logo\/image\/"}},{"@type":"Person","@id":"https:\/\/dev.explora.cl\/rmsuroriente\/#\/schema\/person\/164f0bfb03507b3d5dd75257d8e71697","name":"RMSO PUC","image":{"@type":"ImageObject","inLanguage":"es-CL","@id":"https:\/\/dev.explora.cl\/rmsuroriente\/#\/schema\/person\/image\/","url":"https:\/\/secure.gravatar.com\/avatar\/16f7131f033ed433ea432d3fc2b04af9756004afdb5a6b61c705d795f6425ea0?s=96&d=mm&r=g","contentUrl":"https:\/\/secure.gravatar.com\/avatar\/16f7131f033ed433ea432d3fc2b04af9756004afdb5a6b61c705d795f6425ea0?s=96&d=mm&r=g","caption":"RMSO PUC"},"url":"https:\/\/dev.explora.cl\/rmsuroriente\/author\/myanez\/"}]}},"_links":{"self":[{"href":"https:\/\/dev.explora.cl\/rmsuroriente\/wp-json\/wp\/v2\/posts\/40311","targetHints":{"allow":["GET"]}}],"collection":[{"href":"https:\/\/dev.explora.cl\/rmsuroriente\/wp-json\/wp\/v2\/posts"}],"about":[{"href":"https:\/\/dev.explora.cl\/rmsuroriente\/wp-json\/wp\/v2\/types\/post"}],"author":[{"embeddable":true,"href":"https:\/\/dev.explora.cl\/rmsuroriente\/wp-json\/wp\/v2\/users\/27"}],"replies":[{"embeddable":true,"href":"https:\/\/dev.explora.cl\/rmsuroriente\/wp-json\/wp\/v2\/comments?post=40311"}],"version-history":[{"count":3,"href":"https:\/\/dev.explora.cl\/rmsuroriente\/wp-json\/wp\/v2\/posts\/40311\/revisions"}],"predecessor-version":[{"id":40322,"href":"https:\/\/dev.explora.cl\/rmsuroriente\/wp-json\/wp\/v2\/posts\/40311\/revisions\/40322"}],"wp:featuredmedia":[{"embeddable":true,"href":"https:\/\/dev.explora.cl\/rmsuroriente\/wp-json\/wp\/v2\/media\/40312"}],"wp:attachment":[{"href":"https:\/\/dev.explora.cl\/rmsuroriente\/wp-json\/wp\/v2\/media?parent=40311"}],"wp:term":[{"taxonomy":"category","embeddable":true,"href":"https:\/\/dev.explora.cl\/rmsuroriente\/wp-json\/wp\/v2\/categories?post=40311"},{"taxonomy":"post_tag","embeddable":true,"href":"https:\/\/dev.explora.cl\/rmsuroriente\/wp-json\/wp\/v2\/tags?post=40311"}],"curies":[{"name":"wp","href":"https:\/\/api.w.org\/{rel}","templated":true}]}}