{"id":40294,"date":"2021-10-01T15:40:17","date_gmt":"2021-10-01T18:40:17","guid":{"rendered":"https:\/\/dev.explora.cl\/rmsuroriente\/?p=40294"},"modified":"2022-01-19T14:53:12","modified_gmt":"2022-01-19T17:53:12","slug":"a-traves-de-las-camaras-estudiantes-se-preparan-para-los-debates-escolares-en-ciencias-y-tecnologia","status":"publish","type":"post","link":"https:\/\/dev.explora.cl\/rmsuroriente\/a-traves-de-las-camaras-estudiantes-se-preparan-para-los-debates-escolares-en-ciencias-y-tecnologia\/","title":{"rendered":"A trav\u00e9s de las c\u00e1maras: Estudiantes se preparan para los Debates Escolares en Ciencias y Tecnolog\u00eda"},"content":{"rendered":"<p><strong>Desde la salud mental, hasta la utilizaci\u00f3n de hongos para combatir la contaminaci\u00f3n de la industria textil, la jornada de debates escolares ha regresado a trav\u00e9s de la modalidad online buscando impulsar el razonamiento cient\u00edfico. <\/strong><\/p>\n<p>La convocatoria reuni\u00f3 a estudiantes de 6\u00b0 b\u00e1sico a 4 medio, que asistieron a varias instancias de capacitaci\u00f3n personalizada en debates, las cuales fueron dirigidas por Gricel Gonz\u00e1lez, Coordinadora de la iniciativa Debates Escolares en Ciencias y Tecnolog\u00eda del <a href=\"https:\/\/dev.explora.cl\/rmsuroriente\/quienes-somos\/\"><strong>PAR Explora RM Sur Oriente<\/strong><\/a>.<\/p>\n<p>En una actividad altamente participativa y colaborativa, los j\u00f3venes practicaron el modo de funcionamiento de los debates junto a la elaboraci\u00f3n de discursos argumentativos, adem\u00e1s de comprender la importancia de la <strong>evidencia cient\u00edfica<\/strong> como respaldo.<\/p>\n<p>\u201cFue una experiencia \u00fanica que yo nunca pens\u00e9 que iba a realizar, me gust\u00f3 mucho\u201d, nos relata Renato Mu\u00f1oz, estudiante de b\u00e1sica que forma parte de la actividad, quien adem\u00e1s mostr\u00f3 mucho entusiasmo por la modalidad de <strong>debates cr\u00edticos<\/strong>, refiri\u00e9ndose a estos como una instancia que fomenta \u201cel respeto mutuo\u201d.<\/p>\n<p>Para esta tarea cuentan con el respaldo de docentes que los acompa\u00f1ar\u00e1n durante todo el proceso. Entre ellas encontramos a Constanza Sutto, profesora del Colegio La Concepci\u00f3n de La Florida, que destaca este tipo de iniciativas al ser un \u201cincentivo que se les da a las y los j\u00f3venes a expresarse de manera oral, lo cual se ha perdido en tiempos de pandemia, haci\u00e9ndolos saber y sentir que es un espacio en el que se pueden expresar libremente\u201d.<\/p>\n<p>Adem\u00e1s, nos agrega que esta actividad consolid\u00f3 la confianza entre profesores y estudiantes, logrando en estos \u00faltimos una \u201cmejora en su autoestima y autovaloraci\u00f3n, lo que ha hecho que su inter\u00e9s por participar sea cada vez mayor y se sientan m\u00e1s seguros para realizar actividades extraescolares\u201d.<\/p>\n<p>Las jornadas tambi\u00e9n ser\u00e1n acompa\u00f1adas con una simulaci\u00f3n de debate que buscar\u00e1 generar un proceso de formaci\u00f3n de las y los estudiantes como ciudadanas\/os, dando relevancia al conocimiento cient\u00edfico y racional, ejerciendo el modelo de educaci\u00f3n para la paz.<\/p>\n<p>Los diversos t\u00f3picos a debatir son parte de las tem\u00e1ticas transversales que se han discutido en el espacio p\u00fablico durante los \u00faltimos meses y que fueron definidos por m\u00e1s de 25 representantes de la comunidad acad\u00e9mica y cient\u00edfica.<\/p>\n","protected":false},"excerpt":{"rendered":"<p>Desde la salud mental, hasta la utilizaci\u00f3n de hongos para combatir la contaminaci\u00f3n de la industria textil, la jornada de debates escolares ha regresado a trav\u00e9s de la modalidad online buscando impulsar el razonamiento cient\u00edfico.<\/p>\n","protected":false},"author":27,"featured_media":40302,"comment_status":"open","ping_status":"open","sticky":false,"template":"","format":"standard","meta":{"_acf_changed":false,"_exactmetrics_skip_tracking":false,"_exactmetrics_sitenote_active":false,"_exactmetrics_sitenote_note":"","_exactmetrics_sitenote_category":0,"footnotes":"","_links_to":"","_links_to_target":""},"categories":[127,140,4,116],"tags":[],"class_list":["post-40294","post","type-post","status-publish","format-standard","has-post-thumbnail","hentry","category-iniciativas_publ_grl","category-lugar-5","category-noticias","category-para-comunidad-escolar"],"acf":[],"yoast_head":"<!-- This site is optimized with the Yoast SEO plugin v26.7 - https:\/\/yoast.com\/wordpress\/plugins\/seo\/ -->\n<title>A trav\u00e9s de las c\u00e1maras: Estudiantes se preparan para los Debates Escolares en Ciencias y Tecnolog\u00eda - RM Sur Oriente<\/title>\n<meta name=\"robots\" content=\"index, follow, max-snippet:-1, max-image-preview:large, max-video-preview:-1\" \/>\n<link rel=\"canonical\" href=\"https:\/\/dev.explora.cl\/rmsuroriente\/a-traves-de-las-camaras-estudiantes-se-preparan-para-los-debates-escolares-en-ciencias-y-tecnologia\/\" class=\"yoast-seo-meta-tag\" \/>\n<meta property=\"og:locale\" content=\"es_ES\" class=\"yoast-seo-meta-tag\" \/>\n<meta property=\"og:type\" content=\"article\" class=\"yoast-seo-meta-tag\" \/>\n<meta property=\"og:title\" content=\"A trav\u00e9s de las c\u00e1maras: Estudiantes se preparan para los Debates Escolares en Ciencias y Tecnolog\u00eda - RM Sur Oriente\" class=\"yoast-seo-meta-tag\" \/>\n<meta property=\"og:description\" content=\"Desde la salud mental, hasta la utilizaci\u00f3n de hongos para combatir la contaminaci\u00f3n de la industria textil, la jornada de debates escolares ha regresado a trav\u00e9s de la modalidad online buscando impulsar el razonamiento cient\u00edfico.\" class=\"yoast-seo-meta-tag\" \/>\n<meta property=\"og:url\" content=\"https:\/\/dev.explora.cl\/rmsuroriente\/a-traves-de-las-camaras-estudiantes-se-preparan-para-los-debates-escolares-en-ciencias-y-tecnologia\/\" class=\"yoast-seo-meta-tag\" \/>\n<meta property=\"og:site_name\" content=\"RM Sur Oriente\" class=\"yoast-seo-meta-tag\" \/>\n<meta property=\"article:published_time\" content=\"2021-10-01T18:40:17+00:00\" class=\"yoast-seo-meta-tag\" \/>\n<meta property=\"article:modified_time\" content=\"2022-01-19T17:53:12+00:00\" class=\"yoast-seo-meta-tag\" \/>\n<meta property=\"og:image\" content=\"https:\/\/dev.explora.cl\/rmsuroriente\/wp-content\/uploads\/sites\/12\/2021\/09\/Debates-WEB-Explora-RMSO2.png\" class=\"yoast-seo-meta-tag\" \/>\n\t<meta property=\"og:image:width\" content=\"725\" class=\"yoast-seo-meta-tag\" \/>\n\t<meta property=\"og:image:height\" content=\"405\" class=\"yoast-seo-meta-tag\" \/>\n\t<meta property=\"og:image:type\" content=\"image\/png\" class=\"yoast-seo-meta-tag\" \/>\n<meta name=\"author\" content=\"RMSO PUC\" class=\"yoast-seo-meta-tag\" \/>\n<meta name=\"twitter:card\" content=\"summary_large_image\" class=\"yoast-seo-meta-tag\" \/>\n<meta name=\"twitter:label1\" content=\"Escrito por\" class=\"yoast-seo-meta-tag\" \/>\n\t<meta name=\"twitter:data1\" content=\"RMSO PUC\" class=\"yoast-seo-meta-tag\" \/>\n\t<meta name=\"twitter:label2\" content=\"Tiempo estimado de lectura\" class=\"yoast-seo-meta-tag\" \/>\n\t<meta name=\"twitter:data2\" content=\"2 minutos\" class=\"yoast-seo-meta-tag\" \/>\n<script type=\"application\/ld+json\" class=\"yoast-schema-graph\">{\"@context\":\"https:\/\/schema.org\",\"@graph\":[{\"@type\":\"Article\",\"@id\":\"https:\/\/dev.explora.cl\/rmsuroriente\/a-traves-de-las-camaras-estudiantes-se-preparan-para-los-debates-escolares-en-ciencias-y-tecnologia\/#article\",\"isPartOf\":{\"@id\":\"https:\/\/dev.explora.cl\/rmsuroriente\/a-traves-de-las-camaras-estudiantes-se-preparan-para-los-debates-escolares-en-ciencias-y-tecnologia\/\"},\"author\":{\"name\":\"RMSO PUC\",\"@id\":\"https:\/\/dev.explora.cl\/rmsuroriente\/#\/schema\/person\/164f0bfb03507b3d5dd75257d8e71697\"},\"headline\":\"A trav\u00e9s de las c\u00e1maras: Estudiantes se preparan para los Debates Escolares en Ciencias y Tecnolog\u00eda\",\"datePublished\":\"2021-10-01T18:40:17+00:00\",\"dateModified\":\"2022-01-19T17:53:12+00:00\",\"mainEntityOfPage\":{\"@id\":\"https:\/\/dev.explora.cl\/rmsuroriente\/a-traves-de-las-camaras-estudiantes-se-preparan-para-los-debates-escolares-en-ciencias-y-tecnologia\/\"},\"wordCount\":421,\"commentCount\":0,\"publisher\":{\"@id\":\"https:\/\/dev.explora.cl\/rmsuroriente\/#organization\"},\"image\":{\"@id\":\"https:\/\/dev.explora.cl\/rmsuroriente\/a-traves-de-las-camaras-estudiantes-se-preparan-para-los-debates-escolares-en-ciencias-y-tecnologia\/#primaryimage\"},\"thumbnailUrl\":\"https:\/\/dev.explora.cl\/rmsuroriente\/wp-content\/uploads\/sites\/12\/2021\/09\/Debates-WEB-Explora-RMSO2.png\",\"articleSection\":[\"Iniciativas\",\"Lugar 5\",\"Noticias\",\"Para Comunidad Escolar\"],\"inLanguage\":\"es-CL\",\"potentialAction\":[{\"@type\":\"CommentAction\",\"name\":\"Comment\",\"target\":[\"https:\/\/dev.explora.cl\/rmsuroriente\/a-traves-de-las-camaras-estudiantes-se-preparan-para-los-debates-escolares-en-ciencias-y-tecnologia\/#respond\"]}]},{\"@type\":\"WebPage\",\"@id\":\"https:\/\/dev.explora.cl\/rmsuroriente\/a-traves-de-las-camaras-estudiantes-se-preparan-para-los-debates-escolares-en-ciencias-y-tecnologia\/\",\"url\":\"https:\/\/dev.explora.cl\/rmsuroriente\/a-traves-de-las-camaras-estudiantes-se-preparan-para-los-debates-escolares-en-ciencias-y-tecnologia\/\",\"name\":\"A trav\u00e9s de las c\u00e1maras: Estudiantes se preparan para los Debates Escolares en Ciencias y Tecnolog\u00eda - RM Sur Oriente\",\"isPartOf\":{\"@id\":\"https:\/\/dev.explora.cl\/rmsuroriente\/#website\"},\"primaryImageOfPage\":{\"@id\":\"https:\/\/dev.explora.cl\/rmsuroriente\/a-traves-de-las-camaras-estudiantes-se-preparan-para-los-debates-escolares-en-ciencias-y-tecnologia\/#primaryimage\"},\"image\":{\"@id\":\"https:\/\/dev.explora.cl\/rmsuroriente\/a-traves-de-las-camaras-estudiantes-se-preparan-para-los-debates-escolares-en-ciencias-y-tecnologia\/#primaryimage\"},\"thumbnailUrl\":\"https:\/\/dev.explora.cl\/rmsuroriente\/wp-content\/uploads\/sites\/12\/2021\/09\/Debates-WEB-Explora-RMSO2.png\",\"datePublished\":\"2021-10-01T18:40:17+00:00\",\"dateModified\":\"2022-01-19T17:53:12+00:00\",\"breadcrumb\":{\"@id\":\"https:\/\/dev.explora.cl\/rmsuroriente\/a-traves-de-las-camaras-estudiantes-se-preparan-para-los-debates-escolares-en-ciencias-y-tecnologia\/#breadcrumb\"},\"inLanguage\":\"es-CL\",\"potentialAction\":[{\"@type\":\"ReadAction\",\"target\":[\"https:\/\/dev.explora.cl\/rmsuroriente\/a-traves-de-las-camaras-estudiantes-se-preparan-para-los-debates-escolares-en-ciencias-y-tecnologia\/\"]}]},{\"@type\":\"ImageObject\",\"inLanguage\":\"es-CL\",\"@id\":\"https:\/\/dev.explora.cl\/rmsuroriente\/a-traves-de-las-camaras-estudiantes-se-preparan-para-los-debates-escolares-en-ciencias-y-tecnologia\/#primaryimage\",\"url\":\"https:\/\/dev.explora.cl\/rmsuroriente\/wp-content\/uploads\/sites\/12\/2021\/09\/Debates-WEB-Explora-RMSO2.png\",\"contentUrl\":\"https:\/\/dev.explora.cl\/rmsuroriente\/wp-content\/uploads\/sites\/12\/2021\/09\/Debates-WEB-Explora-RMSO2.png\",\"width\":725,\"height\":405},{\"@type\":\"BreadcrumbList\",\"@id\":\"https:\/\/dev.explora.cl\/rmsuroriente\/a-traves-de-las-camaras-estudiantes-se-preparan-para-los-debates-escolares-en-ciencias-y-tecnologia\/#breadcrumb\",\"itemListElement\":[{\"@type\":\"ListItem\",\"position\":1,\"name\":\"Portada\",\"item\":\"https:\/\/dev.explora.cl\/rmsuroriente\/\"},{\"@type\":\"ListItem\",\"position\":2,\"name\":\"A trav\u00e9s de las c\u00e1maras: Estudiantes se preparan para los Debates Escolares en Ciencias y Tecnolog\u00eda\"}]},{\"@type\":\"WebSite\",\"@id\":\"https:\/\/dev.explora.cl\/rmsuroriente\/#website\",\"url\":\"https:\/\/dev.explora.cl\/rmsuroriente\/\",\"name\":\"RM Sur Oriente\",\"description\":\"Otro sitio m\u00e1s de dev.explora.cl\",\"publisher\":{\"@id\":\"https:\/\/dev.explora.cl\/rmsuroriente\/#organization\"},\"potentialAction\":[{\"@type\":\"SearchAction\",\"target\":{\"@type\":\"EntryPoint\",\"urlTemplate\":\"https:\/\/dev.explora.cl\/rmsuroriente\/?s={search_term_string}\"},\"query-input\":{\"@type\":\"PropertyValueSpecification\",\"valueRequired\":true,\"valueName\":\"search_term_string\"}}],\"inLanguage\":\"es-CL\"},{\"@type\":\"Organization\",\"@id\":\"https:\/\/dev.explora.cl\/rmsuroriente\/#organization\",\"name\":\"RM Sur Oriente\",\"url\":\"https:\/\/dev.explora.cl\/rmsuroriente\/\",\"logo\":{\"@type\":\"ImageObject\",\"inLanguage\":\"es-CL\",\"@id\":\"https:\/\/dev.explora.cl\/rmsuroriente\/#\/schema\/logo\/image\/\",\"url\":\"https:\/\/dev.explora.cl\/rmsuroriente\/wp-content\/uploads\/sites\/12\/2025\/04\/cropped-LogoPAR_RMSO-Azul-UC.png\",\"contentUrl\":\"https:\/\/dev.explora.cl\/rmsuroriente\/wp-content\/uploads\/sites\/12\/2025\/04\/cropped-LogoPAR_RMSO-Azul-UC.png\",\"width\":411,\"height\":409,\"caption\":\"RM Sur Oriente\"},\"image\":{\"@id\":\"https:\/\/dev.explora.cl\/rmsuroriente\/#\/schema\/logo\/image\/\"}},{\"@type\":\"Person\",\"@id\":\"https:\/\/dev.explora.cl\/rmsuroriente\/#\/schema\/person\/164f0bfb03507b3d5dd75257d8e71697\",\"name\":\"RMSO PUC\",\"image\":{\"@type\":\"ImageObject\",\"inLanguage\":\"es-CL\",\"@id\":\"https:\/\/dev.explora.cl\/rmsuroriente\/#\/schema\/person\/image\/\",\"url\":\"https:\/\/secure.gravatar.com\/avatar\/16f7131f033ed433ea432d3fc2b04af9756004afdb5a6b61c705d795f6425ea0?s=96&d=mm&r=g\",\"contentUrl\":\"https:\/\/secure.gravatar.com\/avatar\/16f7131f033ed433ea432d3fc2b04af9756004afdb5a6b61c705d795f6425ea0?s=96&d=mm&r=g\",\"caption\":\"RMSO PUC\"},\"url\":\"https:\/\/dev.explora.cl\/rmsuroriente\/author\/myanez\/\"}]}<\/script>\n<!-- \/ Yoast SEO plugin. -->","yoast_head_json":{"title":"A trav\u00e9s de las c\u00e1maras: Estudiantes se preparan para los Debates Escolares en Ciencias y Tecnolog\u00eda - RM Sur Oriente","robots":{"index":"index","follow":"follow","max-snippet":"max-snippet:-1","max-image-preview":"max-image-preview:large","max-video-preview":"max-video-preview:-1"},"canonical":"https:\/\/dev.explora.cl\/rmsuroriente\/a-traves-de-las-camaras-estudiantes-se-preparan-para-los-debates-escolares-en-ciencias-y-tecnologia\/","og_locale":"es_ES","og_type":"article","og_title":"A trav\u00e9s de las c\u00e1maras: Estudiantes se preparan para los Debates Escolares en Ciencias y Tecnolog\u00eda - RM Sur Oriente","og_description":"Desde la salud mental, hasta la utilizaci\u00f3n de hongos para combatir la contaminaci\u00f3n de la industria textil, la jornada de debates escolares ha regresado a trav\u00e9s de la modalidad online buscando impulsar el razonamiento cient\u00edfico.","og_url":"https:\/\/dev.explora.cl\/rmsuroriente\/a-traves-de-las-camaras-estudiantes-se-preparan-para-los-debates-escolares-en-ciencias-y-tecnologia\/","og_site_name":"RM Sur Oriente","article_published_time":"2021-10-01T18:40:17+00:00","article_modified_time":"2022-01-19T17:53:12+00:00","og_image":[{"width":725,"height":405,"url":"https:\/\/dev.explora.cl\/rmsuroriente\/wp-content\/uploads\/sites\/12\/2021\/09\/Debates-WEB-Explora-RMSO2.png","type":"image\/png"}],"author":"RMSO PUC","twitter_card":"summary_large_image","twitter_misc":{"Escrito por":"RMSO PUC","Tiempo estimado de lectura":"2 minutos"},"schema":{"@context":"https:\/\/schema.org","@graph":[{"@type":"Article","@id":"https:\/\/dev.explora.cl\/rmsuroriente\/a-traves-de-las-camaras-estudiantes-se-preparan-para-los-debates-escolares-en-ciencias-y-tecnologia\/#article","isPartOf":{"@id":"https:\/\/dev.explora.cl\/rmsuroriente\/a-traves-de-las-camaras-estudiantes-se-preparan-para-los-debates-escolares-en-ciencias-y-tecnologia\/"},"author":{"name":"RMSO PUC","@id":"https:\/\/dev.explora.cl\/rmsuroriente\/#\/schema\/person\/164f0bfb03507b3d5dd75257d8e71697"},"headline":"A trav\u00e9s de las c\u00e1maras: Estudiantes se preparan para los Debates Escolares en Ciencias y Tecnolog\u00eda","datePublished":"2021-10-01T18:40:17+00:00","dateModified":"2022-01-19T17:53:12+00:00","mainEntityOfPage":{"@id":"https:\/\/dev.explora.cl\/rmsuroriente\/a-traves-de-las-camaras-estudiantes-se-preparan-para-los-debates-escolares-en-ciencias-y-tecnologia\/"},"wordCount":421,"commentCount":0,"publisher":{"@id":"https:\/\/dev.explora.cl\/rmsuroriente\/#organization"},"image":{"@id":"https:\/\/dev.explora.cl\/rmsuroriente\/a-traves-de-las-camaras-estudiantes-se-preparan-para-los-debates-escolares-en-ciencias-y-tecnologia\/#primaryimage"},"thumbnailUrl":"https:\/\/dev.explora.cl\/rmsuroriente\/wp-content\/uploads\/sites\/12\/2021\/09\/Debates-WEB-Explora-RMSO2.png","articleSection":["Iniciativas","Lugar 5","Noticias","Para Comunidad Escolar"],"inLanguage":"es-CL","potentialAction":[{"@type":"CommentAction","name":"Comment","target":["https:\/\/dev.explora.cl\/rmsuroriente\/a-traves-de-las-camaras-estudiantes-se-preparan-para-los-debates-escolares-en-ciencias-y-tecnologia\/#respond"]}]},{"@type":"WebPage","@id":"https:\/\/dev.explora.cl\/rmsuroriente\/a-traves-de-las-camaras-estudiantes-se-preparan-para-los-debates-escolares-en-ciencias-y-tecnologia\/","url":"https:\/\/dev.explora.cl\/rmsuroriente\/a-traves-de-las-camaras-estudiantes-se-preparan-para-los-debates-escolares-en-ciencias-y-tecnologia\/","name":"A trav\u00e9s de las c\u00e1maras: Estudiantes se preparan para los Debates Escolares en Ciencias y Tecnolog\u00eda - RM Sur Oriente","isPartOf":{"@id":"https:\/\/dev.explora.cl\/rmsuroriente\/#website"},"primaryImageOfPage":{"@id":"https:\/\/dev.explora.cl\/rmsuroriente\/a-traves-de-las-camaras-estudiantes-se-preparan-para-los-debates-escolares-en-ciencias-y-tecnologia\/#primaryimage"},"image":{"@id":"https:\/\/dev.explora.cl\/rmsuroriente\/a-traves-de-las-camaras-estudiantes-se-preparan-para-los-debates-escolares-en-ciencias-y-tecnologia\/#primaryimage"},"thumbnailUrl":"https:\/\/dev.explora.cl\/rmsuroriente\/wp-content\/uploads\/sites\/12\/2021\/09\/Debates-WEB-Explora-RMSO2.png","datePublished":"2021-10-01T18:40:17+00:00","dateModified":"2022-01-19T17:53:12+00:00","breadcrumb":{"@id":"https:\/\/dev.explora.cl\/rmsuroriente\/a-traves-de-las-camaras-estudiantes-se-preparan-para-los-debates-escolares-en-ciencias-y-tecnologia\/#breadcrumb"},"inLanguage":"es-CL","potentialAction":[{"@type":"ReadAction","target":["https:\/\/dev.explora.cl\/rmsuroriente\/a-traves-de-las-camaras-estudiantes-se-preparan-para-los-debates-escolares-en-ciencias-y-tecnologia\/"]}]},{"@type":"ImageObject","inLanguage":"es-CL","@id":"https:\/\/dev.explora.cl\/rmsuroriente\/a-traves-de-las-camaras-estudiantes-se-preparan-para-los-debates-escolares-en-ciencias-y-tecnologia\/#primaryimage","url":"https:\/\/dev.explora.cl\/rmsuroriente\/wp-content\/uploads\/sites\/12\/2021\/09\/Debates-WEB-Explora-RMSO2.png","contentUrl":"https:\/\/dev.explora.cl\/rmsuroriente\/wp-content\/uploads\/sites\/12\/2021\/09\/Debates-WEB-Explora-RMSO2.png","width":725,"height":405},{"@type":"BreadcrumbList","@id":"https:\/\/dev.explora.cl\/rmsuroriente\/a-traves-de-las-camaras-estudiantes-se-preparan-para-los-debates-escolares-en-ciencias-y-tecnologia\/#breadcrumb","itemListElement":[{"@type":"ListItem","position":1,"name":"Portada","item":"https:\/\/dev.explora.cl\/rmsuroriente\/"},{"@type":"ListItem","position":2,"name":"A trav\u00e9s de las c\u00e1maras: Estudiantes se preparan para los Debates Escolares en Ciencias y Tecnolog\u00eda"}]},{"@type":"WebSite","@id":"https:\/\/dev.explora.cl\/rmsuroriente\/#website","url":"https:\/\/dev.explora.cl\/rmsuroriente\/","name":"RM Sur Oriente","description":"Otro sitio m\u00e1s de dev.explora.cl","publisher":{"@id":"https:\/\/dev.explora.cl\/rmsuroriente\/#organization"},"potentialAction":[{"@type":"SearchAction","target":{"@type":"EntryPoint","urlTemplate":"https:\/\/dev.explora.cl\/rmsuroriente\/?s={search_term_string}"},"query-input":{"@type":"PropertyValueSpecification","valueRequired":true,"valueName":"search_term_string"}}],"inLanguage":"es-CL"},{"@type":"Organization","@id":"https:\/\/dev.explora.cl\/rmsuroriente\/#organization","name":"RM Sur Oriente","url":"https:\/\/dev.explora.cl\/rmsuroriente\/","logo":{"@type":"ImageObject","inLanguage":"es-CL","@id":"https:\/\/dev.explora.cl\/rmsuroriente\/#\/schema\/logo\/image\/","url":"https:\/\/dev.explora.cl\/rmsuroriente\/wp-content\/uploads\/sites\/12\/2025\/04\/cropped-LogoPAR_RMSO-Azul-UC.png","contentUrl":"https:\/\/dev.explora.cl\/rmsuroriente\/wp-content\/uploads\/sites\/12\/2025\/04\/cropped-LogoPAR_RMSO-Azul-UC.png","width":411,"height":409,"caption":"RM Sur Oriente"},"image":{"@id":"https:\/\/dev.explora.cl\/rmsuroriente\/#\/schema\/logo\/image\/"}},{"@type":"Person","@id":"https:\/\/dev.explora.cl\/rmsuroriente\/#\/schema\/person\/164f0bfb03507b3d5dd75257d8e71697","name":"RMSO PUC","image":{"@type":"ImageObject","inLanguage":"es-CL","@id":"https:\/\/dev.explora.cl\/rmsuroriente\/#\/schema\/person\/image\/","url":"https:\/\/secure.gravatar.com\/avatar\/16f7131f033ed433ea432d3fc2b04af9756004afdb5a6b61c705d795f6425ea0?s=96&d=mm&r=g","contentUrl":"https:\/\/secure.gravatar.com\/avatar\/16f7131f033ed433ea432d3fc2b04af9756004afdb5a6b61c705d795f6425ea0?s=96&d=mm&r=g","caption":"RMSO PUC"},"url":"https:\/\/dev.explora.cl\/rmsuroriente\/author\/myanez\/"}]}},"_links":{"self":[{"href":"https:\/\/dev.explora.cl\/rmsuroriente\/wp-json\/wp\/v2\/posts\/40294","targetHints":{"allow":["GET"]}}],"collection":[{"href":"https:\/\/dev.explora.cl\/rmsuroriente\/wp-json\/wp\/v2\/posts"}],"about":[{"href":"https:\/\/dev.explora.cl\/rmsuroriente\/wp-json\/wp\/v2\/types\/post"}],"author":[{"embeddable":true,"href":"https:\/\/dev.explora.cl\/rmsuroriente\/wp-json\/wp\/v2\/users\/27"}],"replies":[{"embeddable":true,"href":"https:\/\/dev.explora.cl\/rmsuroriente\/wp-json\/wp\/v2\/comments?post=40294"}],"version-history":[{"count":6,"href":"https:\/\/dev.explora.cl\/rmsuroriente\/wp-json\/wp\/v2\/posts\/40294\/revisions"}],"predecessor-version":[{"id":40309,"href":"https:\/\/dev.explora.cl\/rmsuroriente\/wp-json\/wp\/v2\/posts\/40294\/revisions\/40309"}],"wp:featuredmedia":[{"embeddable":true,"href":"https:\/\/dev.explora.cl\/rmsuroriente\/wp-json\/wp\/v2\/media\/40302"}],"wp:attachment":[{"href":"https:\/\/dev.explora.cl\/rmsuroriente\/wp-json\/wp\/v2\/media?parent=40294"}],"wp:term":[{"taxonomy":"category","embeddable":true,"href":"https:\/\/dev.explora.cl\/rmsuroriente\/wp-json\/wp\/v2\/categories?post=40294"},{"taxonomy":"post_tag","embeddable":true,"href":"https:\/\/dev.explora.cl\/rmsuroriente\/wp-json\/wp\/v2\/tags?post=40294"}],"curies":[{"name":"wp","href":"https:\/\/api.w.org\/{rel}","templated":true}]}}