{"id":40229,"date":"2021-09-14T13:47:09","date_gmt":"2021-09-14T16:47:09","guid":{"rendered":"https:\/\/dev.explora.cl\/rmsuroriente\/?p=40229"},"modified":"2022-01-19T14:52:56","modified_gmt":"2022-01-19T17:52:56","slug":"revisa-nuestro-calendario-de-septiembre-de-ciencia-abierta","status":"publish","type":"post","link":"https:\/\/dev.explora.cl\/rmsuroriente\/revisa-nuestro-calendario-de-septiembre-de-ciencia-abierta\/","title":{"rendered":"Revisa nuestro calendario de septiembre de Ciencia Abierta"},"content":{"rendered":"<p>[vc_row][vc_column][vc_column_text]<strong>No te pierdas las charlas y conversaciones del mes de Septiembre, hablaremos sobre mujeres en la ciencia, las artes en la primera infancia, medios y pandemia, inclusi\u00f3n y sordera, flora nativa y qu\u00edmica en nuestros hogares. Suscr\u00edbete a nuestro <a href=\"https:\/\/www.youtube.com\/channel\/UCnohAMDg-x4gSI4hzCllg4A\">canal de YouTube<\/a> y s\u00edguenos en <a href=\"https:\/\/www.facebook.com\/ExploraRM\">Facebook<\/a> para ver las charlas y conversaciones de Ciencia Abierta.<\/strong><\/p>\n<p>Adem\u00e1s, nos encontramos en <a href=\"https:\/\/open.spotify.com\/show\/3bGbAiMR9AWcOGD2UjFUXW?si=9IYl3KV7QImRwIh-Rq8Mow&amp;dl_branch=1\">Spotify<\/a>, donde puedes escuchar nuestras conversaciones de los jueves. No te pierdas el valioso material que tenemos disponible en nuestras redes.<\/p>\n<p>Martes 14 de septiembre &#8211; 17:00<br \/>\n&#8221; Chilenas en ciencias: atravesando el campo minado &#8221;<\/p>\n<ul>\n<li>Vania Figueroa: Dra. en Ciencias menci\u00f3n Neurociencias y Vice Presidenta de la Red de Investigadoras<\/li>\n<\/ul>\n<p>Jueves 16 de septiembre &#8211; 17:00<br \/>\n&#8221; La importancia de las artes en la infancia &#8221;<\/p>\n<ul>\n<li>Carolina Aroca: Dra. en Educaci\u00f3n y Mg. en Arte menci\u00f3n Patrimonio<\/li>\n<\/ul>\n<p>Mi\u00e9rcoles 22 de septiembre &#8211; 17:00<br \/>\n&#8221; \u00bfC\u00f3mo se ha manejado la pandemia en los medios de comunicaci\u00f3n? &#8221;<\/p>\n<ul>\n<li>Claudia Mellado: Dra. en Comunicaci\u00f3n y Jefa de Investigaci\u00f3n de la Escuela de Periodismo de la PUCV<\/li>\n<li>Luis C\u00e1rcamo: Dr. en Percepci\u00f3n, Comunicaci\u00f3n y Tiempos; y Director del Instituto de Comunicaci\u00f3n Social de la UACh.<\/li>\n<\/ul>\n<p>Jueves 23 de septiembre \u2013 17:00<br \/>\n\u201cLas personas Sordas y su patrimonio Ling\u00fc\u00edstico- Cultural\u201d<\/p>\n<ul>\n<li>Christian Mu\u00f1oz: Trabajador Social y Presidente de la Fundaci\u00f3n Sordos Chilenos<\/li>\n<\/ul>\n<p>Martes 28 de septiembre &#8211; 19:00<br \/>\n\u201cConocer y plantar: acortando la distancia con la flora nativa de mi entorno\u201d<\/p>\n<ul>\n<li>Fabiola Orrego: Dra. en Ciencias de la Agricultura y divulgadora en SOS Planta<\/li>\n<\/ul>\n<p>Jueves 30 de septiembre &#8211; 17:00<br \/>\n\u201cLa qu\u00edmica presente en nuestros hogares\u201d<\/p>\n<ul>\n<li>\u00c1ngel Olgu\u00edn: Dr. En Qu\u00edmica y Coordinador de la Feria Cient\u00edfica USACH<\/li>\n<\/ul>\n<p>El PAR Explora Regi\u00f3n Metropolitana Sur Oriente depende del Ministerio de Ciencias, Tecnolog\u00eda, Conocimiento e Innovaci\u00f3n es ejecutado por la Universidad de Chile a trav\u00e9s de la Facultad de Ciencias Veterinarias y Pecuarias. Beneficia con sus iniciativas a las comunas Pedro Aguirre Cerda, San Miguel, San Joaqu\u00edn, Macul, Pe\u00f1alol\u00e9n, La Cisterna, San Ram\u00f3n, La Granja, La Florida, San Jos\u00e9 de Maipo, La Pintana, Puente Alto y Pirque.[\/vc_column_text][\/vc_column][\/vc_row][vc_row][vc_column][vc_gallery interval=&#8221;3&#8243; images=&#8221;40231,40232,40234,40235,40236,40263&#8243; img_size=&#8221;700&#215;700&#8243;][\/vc_column][\/vc_row][vc_row][vc_column][vc_raw_html]JTNDcCUzRSUzQ2JyJTJGJTNFJTNDaWZyYW1lJTIwc3JjJTNEJTIyaHR0cHMlM0ElMkYlMkZvcGVuLnNwb3RpZnkuY29tJTJGZW1iZWQlMkZzaG93JTJGM2JHYkFpTVI5QVdjT0dEMlVqRlVYVyUyMiUyMHdpZHRoJTNEJTIyMTAwJTI1JTIyJTIwaGVpZ2h0JTNEJTIyMjMyJTIyJTIwZnJhbWVCb3JkZXIlM0QlMjIwJTIyJTIwYWxsb3d0cmFuc3BhcmVuY3klM0QlMjJ0cnVlJTIyJTIwYWxsb3clM0QlMjJlbmNyeXB0ZWQtbWVkaWElMjIlM0UlM0MlMkZpZnJhbWUlM0UlM0MlMkZwJTNF[\/vc_raw_html][\/vc_column][\/vc_row][vc_row][vc_column][vc_video link=&#8221;https:\/\/www.youtube.com\/watch?v=3ADIJiKR3jM&amp;list=PLhatzRgNMznOTm8-CYtZwVHoeoI4zOPyH&amp;index=2&amp;ab_channel=ExploraRMSurOriente&#8221;][\/vc_column][\/vc_row]<\/p>\n","protected":false},"excerpt":{"rendered":"<p>No te pierdas las charlas y conversaciones del mes de Septiembre, hablaremos sobre mujeres en la ciencia, las artes en la primera infancia, medios y pandemia, inclusi\u00f3n y sordera, flora nativa y qu\u00edmica en nuestros hogares.<\/p>\n","protected":false},"author":27,"featured_media":40230,"comment_status":"open","ping_status":"open","sticky":false,"template":"","format":"standard","meta":{"_acf_changed":false,"_exactmetrics_skip_tracking":false,"_exactmetrics_sitenote_active":false,"_exactmetrics_sitenote_note":"","_exactmetrics_sitenote_category":0,"footnotes":"","_links_to":"","_links_to_target":""},"categories":[127,4,126,1],"tags":[],"class_list":["post-40229","post","type-post","status-publish","format-standard","has-post-thumbnail","hentry","category-iniciativas_publ_grl","category-noticias","category-para-publico-general","category-sin-categoria"],"acf":[],"yoast_head":"<!-- This site is optimized with the Yoast SEO plugin v26.7 - https:\/\/yoast.com\/wordpress\/plugins\/seo\/ -->\n<title>Revisa nuestro calendario de septiembre de Ciencia Abierta - RM Sur Oriente<\/title>\n<meta name=\"description\" content=\"No te pierdas las charlas y conversaciones del mes de Septiembre, hablaremos sobre mujeres en la ciencia, las artes en la primera infancia, y mucho m\u00e1s\" class=\"yoast-seo-meta-tag\" \/>\n<meta name=\"robots\" content=\"index, follow, max-snippet:-1, max-image-preview:large, max-video-preview:-1\" \/>\n<link rel=\"canonical\" href=\"https:\/\/dev.explora.cl\/rmsuroriente\/revisa-nuestro-calendario-de-septiembre-de-ciencia-abierta\/\" class=\"yoast-seo-meta-tag\" \/>\n<meta property=\"og:locale\" content=\"es_ES\" class=\"yoast-seo-meta-tag\" \/>\n<meta property=\"og:type\" content=\"article\" class=\"yoast-seo-meta-tag\" \/>\n<meta property=\"og:title\" content=\"Revisa nuestro calendario de septiembre de Ciencia Abierta - RM Sur Oriente\" class=\"yoast-seo-meta-tag\" \/>\n<meta property=\"og:description\" content=\"No te pierdas las charlas y conversaciones del mes de Septiembre, hablaremos sobre mujeres en la ciencia, las artes en la primera infancia, y mucho m\u00e1s\" class=\"yoast-seo-meta-tag\" \/>\n<meta property=\"og:url\" content=\"https:\/\/dev.explora.cl\/rmsuroriente\/revisa-nuestro-calendario-de-septiembre-de-ciencia-abierta\/\" class=\"yoast-seo-meta-tag\" \/>\n<meta property=\"og:site_name\" content=\"RM Sur Oriente\" class=\"yoast-seo-meta-tag\" \/>\n<meta property=\"article:published_time\" content=\"2021-09-14T16:47:09+00:00\" class=\"yoast-seo-meta-tag\" \/>\n<meta property=\"article:modified_time\" content=\"2022-01-19T17:52:56+00:00\" class=\"yoast-seo-meta-tag\" \/>\n<meta property=\"og:image\" content=\"https:\/\/dev.explora.cl\/rmsuroriente\/wp-content\/uploads\/sites\/12\/2021\/09\/CIENCIA-ABIERTA-sept-web-Explora-RMSO.png\" class=\"yoast-seo-meta-tag\" \/>\n\t<meta property=\"og:image:width\" content=\"725\" class=\"yoast-seo-meta-tag\" \/>\n\t<meta property=\"og:image:height\" content=\"405\" class=\"yoast-seo-meta-tag\" \/>\n\t<meta property=\"og:image:type\" content=\"image\/png\" class=\"yoast-seo-meta-tag\" \/>\n<meta name=\"author\" content=\"RMSO PUC\" class=\"yoast-seo-meta-tag\" \/>\n<meta name=\"twitter:card\" content=\"summary_large_image\" class=\"yoast-seo-meta-tag\" \/>\n<meta name=\"twitter:label1\" content=\"Escrito por\" class=\"yoast-seo-meta-tag\" \/>\n\t<meta name=\"twitter:data1\" content=\"RMSO PUC\" class=\"yoast-seo-meta-tag\" \/>\n\t<meta name=\"twitter:label2\" content=\"Tiempo estimado de lectura\" class=\"yoast-seo-meta-tag\" \/>\n\t<meta name=\"twitter:data2\" content=\"2 minutos\" class=\"yoast-seo-meta-tag\" \/>\n<script type=\"application\/ld+json\" class=\"yoast-schema-graph\">{\"@context\":\"https:\/\/schema.org\",\"@graph\":[{\"@type\":\"Article\",\"@id\":\"https:\/\/dev.explora.cl\/rmsuroriente\/revisa-nuestro-calendario-de-septiembre-de-ciencia-abierta\/#article\",\"isPartOf\":{\"@id\":\"https:\/\/dev.explora.cl\/rmsuroriente\/revisa-nuestro-calendario-de-septiembre-de-ciencia-abierta\/\"},\"author\":{\"name\":\"RMSO PUC\",\"@id\":\"https:\/\/dev.explora.cl\/rmsuroriente\/#\/schema\/person\/164f0bfb03507b3d5dd75257d8e71697\"},\"headline\":\"Revisa nuestro calendario de septiembre de Ciencia Abierta\",\"datePublished\":\"2021-09-14T16:47:09+00:00\",\"dateModified\":\"2022-01-19T17:52:56+00:00\",\"mainEntityOfPage\":{\"@id\":\"https:\/\/dev.explora.cl\/rmsuroriente\/revisa-nuestro-calendario-de-septiembre-de-ciencia-abierta\/\"},\"wordCount\":464,\"commentCount\":0,\"publisher\":{\"@id\":\"https:\/\/dev.explora.cl\/rmsuroriente\/#organization\"},\"image\":{\"@id\":\"https:\/\/dev.explora.cl\/rmsuroriente\/revisa-nuestro-calendario-de-septiembre-de-ciencia-abierta\/#primaryimage\"},\"thumbnailUrl\":\"https:\/\/dev.explora.cl\/rmsuroriente\/wp-content\/uploads\/sites\/12\/2021\/09\/CIENCIA-ABIERTA-sept-web-Explora-RMSO.png\",\"articleSection\":[\"Iniciativas\",\"Noticias\",\"Para P\u00fablico General\"],\"inLanguage\":\"es-CL\",\"potentialAction\":[{\"@type\":\"CommentAction\",\"name\":\"Comment\",\"target\":[\"https:\/\/dev.explora.cl\/rmsuroriente\/revisa-nuestro-calendario-de-septiembre-de-ciencia-abierta\/#respond\"]}]},{\"@type\":\"WebPage\",\"@id\":\"https:\/\/dev.explora.cl\/rmsuroriente\/revisa-nuestro-calendario-de-septiembre-de-ciencia-abierta\/\",\"url\":\"https:\/\/dev.explora.cl\/rmsuroriente\/revisa-nuestro-calendario-de-septiembre-de-ciencia-abierta\/\",\"name\":\"Revisa nuestro calendario de septiembre de Ciencia Abierta - RM Sur Oriente\",\"isPartOf\":{\"@id\":\"https:\/\/dev.explora.cl\/rmsuroriente\/#website\"},\"primaryImageOfPage\":{\"@id\":\"https:\/\/dev.explora.cl\/rmsuroriente\/revisa-nuestro-calendario-de-septiembre-de-ciencia-abierta\/#primaryimage\"},\"image\":{\"@id\":\"https:\/\/dev.explora.cl\/rmsuroriente\/revisa-nuestro-calendario-de-septiembre-de-ciencia-abierta\/#primaryimage\"},\"thumbnailUrl\":\"https:\/\/dev.explora.cl\/rmsuroriente\/wp-content\/uploads\/sites\/12\/2021\/09\/CIENCIA-ABIERTA-sept-web-Explora-RMSO.png\",\"datePublished\":\"2021-09-14T16:47:09+00:00\",\"dateModified\":\"2022-01-19T17:52:56+00:00\",\"description\":\"No te pierdas las charlas y conversaciones del mes de Septiembre, hablaremos sobre mujeres en la ciencia, las artes en la primera infancia, y mucho m\u00e1s\",\"breadcrumb\":{\"@id\":\"https:\/\/dev.explora.cl\/rmsuroriente\/revisa-nuestro-calendario-de-septiembre-de-ciencia-abierta\/#breadcrumb\"},\"inLanguage\":\"es-CL\",\"potentialAction\":[{\"@type\":\"ReadAction\",\"target\":[\"https:\/\/dev.explora.cl\/rmsuroriente\/revisa-nuestro-calendario-de-septiembre-de-ciencia-abierta\/\"]}]},{\"@type\":\"ImageObject\",\"inLanguage\":\"es-CL\",\"@id\":\"https:\/\/dev.explora.cl\/rmsuroriente\/revisa-nuestro-calendario-de-septiembre-de-ciencia-abierta\/#primaryimage\",\"url\":\"https:\/\/dev.explora.cl\/rmsuroriente\/wp-content\/uploads\/sites\/12\/2021\/09\/CIENCIA-ABIERTA-sept-web-Explora-RMSO.png\",\"contentUrl\":\"https:\/\/dev.explora.cl\/rmsuroriente\/wp-content\/uploads\/sites\/12\/2021\/09\/CIENCIA-ABIERTA-sept-web-Explora-RMSO.png\",\"width\":725,\"height\":405},{\"@type\":\"BreadcrumbList\",\"@id\":\"https:\/\/dev.explora.cl\/rmsuroriente\/revisa-nuestro-calendario-de-septiembre-de-ciencia-abierta\/#breadcrumb\",\"itemListElement\":[{\"@type\":\"ListItem\",\"position\":1,\"name\":\"Portada\",\"item\":\"https:\/\/dev.explora.cl\/rmsuroriente\/\"},{\"@type\":\"ListItem\",\"position\":2,\"name\":\"Revisa nuestro calendario de septiembre de Ciencia Abierta\"}]},{\"@type\":\"WebSite\",\"@id\":\"https:\/\/dev.explora.cl\/rmsuroriente\/#website\",\"url\":\"https:\/\/dev.explora.cl\/rmsuroriente\/\",\"name\":\"RM Sur Oriente\",\"description\":\"Otro sitio m\u00e1s de dev.explora.cl\",\"publisher\":{\"@id\":\"https:\/\/dev.explora.cl\/rmsuroriente\/#organization\"},\"potentialAction\":[{\"@type\":\"SearchAction\",\"target\":{\"@type\":\"EntryPoint\",\"urlTemplate\":\"https:\/\/dev.explora.cl\/rmsuroriente\/?s={search_term_string}\"},\"query-input\":{\"@type\":\"PropertyValueSpecification\",\"valueRequired\":true,\"valueName\":\"search_term_string\"}}],\"inLanguage\":\"es-CL\"},{\"@type\":\"Organization\",\"@id\":\"https:\/\/dev.explora.cl\/rmsuroriente\/#organization\",\"name\":\"RM Sur Oriente\",\"url\":\"https:\/\/dev.explora.cl\/rmsuroriente\/\",\"logo\":{\"@type\":\"ImageObject\",\"inLanguage\":\"es-CL\",\"@id\":\"https:\/\/dev.explora.cl\/rmsuroriente\/#\/schema\/logo\/image\/\",\"url\":\"https:\/\/dev.explora.cl\/rmsuroriente\/wp-content\/uploads\/sites\/12\/2025\/04\/cropped-LogoPAR_RMSO-Azul-UC.png\",\"contentUrl\":\"https:\/\/dev.explora.cl\/rmsuroriente\/wp-content\/uploads\/sites\/12\/2025\/04\/cropped-LogoPAR_RMSO-Azul-UC.png\",\"width\":411,\"height\":409,\"caption\":\"RM Sur Oriente\"},\"image\":{\"@id\":\"https:\/\/dev.explora.cl\/rmsuroriente\/#\/schema\/logo\/image\/\"}},{\"@type\":\"Person\",\"@id\":\"https:\/\/dev.explora.cl\/rmsuroriente\/#\/schema\/person\/164f0bfb03507b3d5dd75257d8e71697\",\"name\":\"RMSO PUC\",\"image\":{\"@type\":\"ImageObject\",\"inLanguage\":\"es-CL\",\"@id\":\"https:\/\/dev.explora.cl\/rmsuroriente\/#\/schema\/person\/image\/\",\"url\":\"https:\/\/secure.gravatar.com\/avatar\/16f7131f033ed433ea432d3fc2b04af9756004afdb5a6b61c705d795f6425ea0?s=96&d=mm&r=g\",\"contentUrl\":\"https:\/\/secure.gravatar.com\/avatar\/16f7131f033ed433ea432d3fc2b04af9756004afdb5a6b61c705d795f6425ea0?s=96&d=mm&r=g\",\"caption\":\"RMSO PUC\"},\"url\":\"https:\/\/dev.explora.cl\/rmsuroriente\/author\/myanez\/\"}]}<\/script>\n<!-- \/ Yoast SEO plugin. -->","yoast_head_json":{"title":"Revisa nuestro calendario de septiembre de Ciencia Abierta - RM Sur Oriente","description":"No te pierdas las charlas y conversaciones del mes de Septiembre, hablaremos sobre mujeres en la ciencia, las artes en la primera infancia, y mucho m\u00e1s","robots":{"index":"index","follow":"follow","max-snippet":"max-snippet:-1","max-image-preview":"max-image-preview:large","max-video-preview":"max-video-preview:-1"},"canonical":"https:\/\/dev.explora.cl\/rmsuroriente\/revisa-nuestro-calendario-de-septiembre-de-ciencia-abierta\/","og_locale":"es_ES","og_type":"article","og_title":"Revisa nuestro calendario de septiembre de Ciencia Abierta - RM Sur Oriente","og_description":"No te pierdas las charlas y conversaciones del mes de Septiembre, hablaremos sobre mujeres en la ciencia, las artes en la primera infancia, y mucho m\u00e1s","og_url":"https:\/\/dev.explora.cl\/rmsuroriente\/revisa-nuestro-calendario-de-septiembre-de-ciencia-abierta\/","og_site_name":"RM Sur Oriente","article_published_time":"2021-09-14T16:47:09+00:00","article_modified_time":"2022-01-19T17:52:56+00:00","og_image":[{"width":725,"height":405,"url":"https:\/\/dev.explora.cl\/rmsuroriente\/wp-content\/uploads\/sites\/12\/2021\/09\/CIENCIA-ABIERTA-sept-web-Explora-RMSO.png","type":"image\/png"}],"author":"RMSO PUC","twitter_card":"summary_large_image","twitter_misc":{"Escrito por":"RMSO PUC","Tiempo estimado de lectura":"2 minutos"},"schema":{"@context":"https:\/\/schema.org","@graph":[{"@type":"Article","@id":"https:\/\/dev.explora.cl\/rmsuroriente\/revisa-nuestro-calendario-de-septiembre-de-ciencia-abierta\/#article","isPartOf":{"@id":"https:\/\/dev.explora.cl\/rmsuroriente\/revisa-nuestro-calendario-de-septiembre-de-ciencia-abierta\/"},"author":{"name":"RMSO PUC","@id":"https:\/\/dev.explora.cl\/rmsuroriente\/#\/schema\/person\/164f0bfb03507b3d5dd75257d8e71697"},"headline":"Revisa nuestro calendario de septiembre de Ciencia Abierta","datePublished":"2021-09-14T16:47:09+00:00","dateModified":"2022-01-19T17:52:56+00:00","mainEntityOfPage":{"@id":"https:\/\/dev.explora.cl\/rmsuroriente\/revisa-nuestro-calendario-de-septiembre-de-ciencia-abierta\/"},"wordCount":464,"commentCount":0,"publisher":{"@id":"https:\/\/dev.explora.cl\/rmsuroriente\/#organization"},"image":{"@id":"https:\/\/dev.explora.cl\/rmsuroriente\/revisa-nuestro-calendario-de-septiembre-de-ciencia-abierta\/#primaryimage"},"thumbnailUrl":"https:\/\/dev.explora.cl\/rmsuroriente\/wp-content\/uploads\/sites\/12\/2021\/09\/CIENCIA-ABIERTA-sept-web-Explora-RMSO.png","articleSection":["Iniciativas","Noticias","Para P\u00fablico General"],"inLanguage":"es-CL","potentialAction":[{"@type":"CommentAction","name":"Comment","target":["https:\/\/dev.explora.cl\/rmsuroriente\/revisa-nuestro-calendario-de-septiembre-de-ciencia-abierta\/#respond"]}]},{"@type":"WebPage","@id":"https:\/\/dev.explora.cl\/rmsuroriente\/revisa-nuestro-calendario-de-septiembre-de-ciencia-abierta\/","url":"https:\/\/dev.explora.cl\/rmsuroriente\/revisa-nuestro-calendario-de-septiembre-de-ciencia-abierta\/","name":"Revisa nuestro calendario de septiembre de Ciencia Abierta - RM Sur Oriente","isPartOf":{"@id":"https:\/\/dev.explora.cl\/rmsuroriente\/#website"},"primaryImageOfPage":{"@id":"https:\/\/dev.explora.cl\/rmsuroriente\/revisa-nuestro-calendario-de-septiembre-de-ciencia-abierta\/#primaryimage"},"image":{"@id":"https:\/\/dev.explora.cl\/rmsuroriente\/revisa-nuestro-calendario-de-septiembre-de-ciencia-abierta\/#primaryimage"},"thumbnailUrl":"https:\/\/dev.explora.cl\/rmsuroriente\/wp-content\/uploads\/sites\/12\/2021\/09\/CIENCIA-ABIERTA-sept-web-Explora-RMSO.png","datePublished":"2021-09-14T16:47:09+00:00","dateModified":"2022-01-19T17:52:56+00:00","description":"No te pierdas las charlas y conversaciones del mes de Septiembre, hablaremos sobre mujeres en la ciencia, las artes en la primera infancia, y mucho m\u00e1s","breadcrumb":{"@id":"https:\/\/dev.explora.cl\/rmsuroriente\/revisa-nuestro-calendario-de-septiembre-de-ciencia-abierta\/#breadcrumb"},"inLanguage":"es-CL","potentialAction":[{"@type":"ReadAction","target":["https:\/\/dev.explora.cl\/rmsuroriente\/revisa-nuestro-calendario-de-septiembre-de-ciencia-abierta\/"]}]},{"@type":"ImageObject","inLanguage":"es-CL","@id":"https:\/\/dev.explora.cl\/rmsuroriente\/revisa-nuestro-calendario-de-septiembre-de-ciencia-abierta\/#primaryimage","url":"https:\/\/dev.explora.cl\/rmsuroriente\/wp-content\/uploads\/sites\/12\/2021\/09\/CIENCIA-ABIERTA-sept-web-Explora-RMSO.png","contentUrl":"https:\/\/dev.explora.cl\/rmsuroriente\/wp-content\/uploads\/sites\/12\/2021\/09\/CIENCIA-ABIERTA-sept-web-Explora-RMSO.png","width":725,"height":405},{"@type":"BreadcrumbList","@id":"https:\/\/dev.explora.cl\/rmsuroriente\/revisa-nuestro-calendario-de-septiembre-de-ciencia-abierta\/#breadcrumb","itemListElement":[{"@type":"ListItem","position":1,"name":"Portada","item":"https:\/\/dev.explora.cl\/rmsuroriente\/"},{"@type":"ListItem","position":2,"name":"Revisa nuestro calendario de septiembre de Ciencia Abierta"}]},{"@type":"WebSite","@id":"https:\/\/dev.explora.cl\/rmsuroriente\/#website","url":"https:\/\/dev.explora.cl\/rmsuroriente\/","name":"RM Sur Oriente","description":"Otro sitio m\u00e1s de dev.explora.cl","publisher":{"@id":"https:\/\/dev.explora.cl\/rmsuroriente\/#organization"},"potentialAction":[{"@type":"SearchAction","target":{"@type":"EntryPoint","urlTemplate":"https:\/\/dev.explora.cl\/rmsuroriente\/?s={search_term_string}"},"query-input":{"@type":"PropertyValueSpecification","valueRequired":true,"valueName":"search_term_string"}}],"inLanguage":"es-CL"},{"@type":"Organization","@id":"https:\/\/dev.explora.cl\/rmsuroriente\/#organization","name":"RM Sur Oriente","url":"https:\/\/dev.explora.cl\/rmsuroriente\/","logo":{"@type":"ImageObject","inLanguage":"es-CL","@id":"https:\/\/dev.explora.cl\/rmsuroriente\/#\/schema\/logo\/image\/","url":"https:\/\/dev.explora.cl\/rmsuroriente\/wp-content\/uploads\/sites\/12\/2025\/04\/cropped-LogoPAR_RMSO-Azul-UC.png","contentUrl":"https:\/\/dev.explora.cl\/rmsuroriente\/wp-content\/uploads\/sites\/12\/2025\/04\/cropped-LogoPAR_RMSO-Azul-UC.png","width":411,"height":409,"caption":"RM Sur Oriente"},"image":{"@id":"https:\/\/dev.explora.cl\/rmsuroriente\/#\/schema\/logo\/image\/"}},{"@type":"Person","@id":"https:\/\/dev.explora.cl\/rmsuroriente\/#\/schema\/person\/164f0bfb03507b3d5dd75257d8e71697","name":"RMSO PUC","image":{"@type":"ImageObject","inLanguage":"es-CL","@id":"https:\/\/dev.explora.cl\/rmsuroriente\/#\/schema\/person\/image\/","url":"https:\/\/secure.gravatar.com\/avatar\/16f7131f033ed433ea432d3fc2b04af9756004afdb5a6b61c705d795f6425ea0?s=96&d=mm&r=g","contentUrl":"https:\/\/secure.gravatar.com\/avatar\/16f7131f033ed433ea432d3fc2b04af9756004afdb5a6b61c705d795f6425ea0?s=96&d=mm&r=g","caption":"RMSO PUC"},"url":"https:\/\/dev.explora.cl\/rmsuroriente\/author\/myanez\/"}]}},"_links":{"self":[{"href":"https:\/\/dev.explora.cl\/rmsuroriente\/wp-json\/wp\/v2\/posts\/40229","targetHints":{"allow":["GET"]}}],"collection":[{"href":"https:\/\/dev.explora.cl\/rmsuroriente\/wp-json\/wp\/v2\/posts"}],"about":[{"href":"https:\/\/dev.explora.cl\/rmsuroriente\/wp-json\/wp\/v2\/types\/post"}],"author":[{"embeddable":true,"href":"https:\/\/dev.explora.cl\/rmsuroriente\/wp-json\/wp\/v2\/users\/27"}],"replies":[{"embeddable":true,"href":"https:\/\/dev.explora.cl\/rmsuroriente\/wp-json\/wp\/v2\/comments?post=40229"}],"version-history":[{"count":18,"href":"https:\/\/dev.explora.cl\/rmsuroriente\/wp-json\/wp\/v2\/posts\/40229\/revisions"}],"predecessor-version":[{"id":40267,"href":"https:\/\/dev.explora.cl\/rmsuroriente\/wp-json\/wp\/v2\/posts\/40229\/revisions\/40267"}],"wp:featuredmedia":[{"embeddable":true,"href":"https:\/\/dev.explora.cl\/rmsuroriente\/wp-json\/wp\/v2\/media\/40230"}],"wp:attachment":[{"href":"https:\/\/dev.explora.cl\/rmsuroriente\/wp-json\/wp\/v2\/media?parent=40229"}],"wp:term":[{"taxonomy":"category","embeddable":true,"href":"https:\/\/dev.explora.cl\/rmsuroriente\/wp-json\/wp\/v2\/categories?post=40229"},{"taxonomy":"post_tag","embeddable":true,"href":"https:\/\/dev.explora.cl\/rmsuroriente\/wp-json\/wp\/v2\/tags?post=40229"}],"curies":[{"name":"wp","href":"https:\/\/api.w.org\/{rel}","templated":true}]}}