{"id":39729,"date":"2020-12-09T18:28:29","date_gmt":"2020-12-09T21:28:29","guid":{"rendered":"https:\/\/dev.explora.cl\/rmsuroriente\/?p=39729"},"modified":"2020-12-10T10:30:38","modified_gmt":"2020-12-10T13:30:38","slug":"con-exito-finaliza-el-programa-de-debates-escolares-en-ciencias-y-tecnologia-2020","status":"publish","type":"post","link":"https:\/\/dev.explora.cl\/rmsuroriente\/con-exito-finaliza-el-programa-de-debates-escolares-en-ciencias-y-tecnologia-2020\/","title":{"rendered":"Con \u00e9xito finaliza el Programa de Debates Escolares en Ciencias y Tecnolog\u00eda 2020"},"content":{"rendered":"<p><span style=\"font-weight: 400\">Luego de tres meses de ejecuci\u00f3n, el Programa de Debates Escolares en Ciencias y Tecnolog\u00eda del Proyecto Explora RM Sur Oriente, finaliz\u00f3 el pasado 28 de noviembre con una sesi\u00f3n en l\u00ednea que permiti\u00f3 a docentes y a estudiantes compartir sus experiencias en este nuevo formato de capacitaci\u00f3n.<\/span><\/p>\n<p><span style=\"font-weight: 400\">A lo largo de este programa, liderado por Gricel Gonz\u00e1lez, las y los docentes participantes accedieron a diversos recursos y materiales educativos dispuestos en 4 m\u00f3dulos de aprendizajes implementados en un aula virtual. En cada uno de ellos, se abordaron diferentes contenidos, entre los que destacan el debate como estrategia did\u00e1ctica, los modelos de debates existentes y las estrategias para abordar los t\u00f3picos y para desarrollar las argumentaciones dentro del modelo de debate cr\u00edtico.<\/span><\/p>\n<p><span style=\"font-weight: 400\">Muchas de las y los docentes que participaron del Programa de Debates 2020 lo hicieron con la finalidad de adquirir los conocimientos y estrategias necesarias para implementar a futuro, y en un nuevo formato, los debates con sus estudiantes. Sin embargo, Irania Droguett, docente del Colegio Pumahue de Pe\u00f1alol\u00e9n, tom\u00f3 la opci\u00f3n de ponerlo en pr\u00e1ctica durante el programa de capacitaci\u00f3n junto a algunos de sus estudiantes. Fue as\u00ed que la profesora junto a los alumnos de 3ro y 4to medio realizaron un debate en l\u00ednea en torno al t\u00f3pico \u201cLas influencias puramente biol\u00f3gicas hormonales en la pulsi\u00f3n sexual no se pueden controlar desde lo biol\u00f3gico aunque desde las normas culturales s\u00ed se puede\u201d.<\/span><\/p>\n<p><span style=\"font-weight: 400\">Sobre esta experiencia, Irania Droguett, coment\u00f3 \u201cten\u00edamos miedo porque no sab\u00edamos si iba a resultar el debate online, pero en el taller que realizamos en el colegio se inscribieron 30 estudiantes y estuvieron siempre motivados\u201d. Adem\u00e1s, asegura que, junto a la buena recepci\u00f3n, sus estudiantes tuvieron grandes aprendizajes. \u201cLo mejor de todo esto es que ellos se dan cuenta de c\u00f3mo avanzan en argumentaci\u00f3n, en la oralidad, en perder el miedo a hablar delante de sus compa\u00f1eros y en dar a conocer su punto de vista\u201d.<\/span><\/p>\n<p><span style=\"font-weight: 400\">Esta experiencia fue compartida en la sesi\u00f3n de cierre del Programa de Debates, en la cual las y los 39 docentes participantes pudieron conversar con sus protagonistas y conocer de primera fuente los beneficios de este tipo de actividades, m\u00e1s all\u00e1 de su formato.<\/span><\/p>\n<p><span style=\"font-weight: 400\">\u00c1ngel Batalla, profesor de matem\u00e1ticas y f\u00edsica que particip\u00f3 en las capacitaciones del Programa de Debates, coment\u00f3 la experiencia presentada por la profesora Droguett \u201cfue muy interesante y emotiva, sobre todo por la participaci\u00f3n de los j\u00f3venes. Hay un desplante y crecimiento personal en ellos que llama la atenci\u00f3n\u201d. Adem\u00e1s, se\u00f1ala que \u201cno solamente pienso replicar, sino que invitar a otros profesores para que puedan participar de estas instancias. Me di cuenta de que es una actividad que puedo hacer en l\u00ednea y que es muy beneficiosa para mis estudiantes\u201d.<\/span><\/p>\n<p><span style=\"font-weight: 400\">La sesi\u00f3n de cierre finaliz\u00f3 con los agradecimientos de las y los docentes participantes de esta versi\u00f3n online del Programa de Debates, quienes mostraron inter\u00e9s en llevar a la pr\u00e1ctica lo aprendido y en atreverse a romper las barreras de conexi\u00f3n a trav\u00e9s de la implementaci\u00f3n de torneos remotos durante el 2021.<\/span><\/p>\n","protected":false},"excerpt":{"rendered":"<p>Luego de tres meses de ejecuci\u00f3n, el Programa de Debates Escolares en Ciencias y Tecnolog\u00eda del Proyecto Explora RM Sur Oriente, finaliz\u00f3 el pasado 28 de noviembre con una sesi\u00f3n en l\u00ednea que permiti\u00f3 a docentes y a estudiantes compartir sus experiencias en este nuevo formato de capacitaci\u00f3n.<\/p>\n","protected":false},"author":27,"featured_media":39730,"comment_status":"open","ping_status":"open","sticky":false,"template":"","format":"standard","meta":{"_acf_changed":false,"_exactmetrics_skip_tracking":false,"_exactmetrics_sitenote_active":false,"_exactmetrics_sitenote_note":"","_exactmetrics_sitenote_category":0,"footnotes":"","_links_to":"","_links_to_target":""},"categories":[151,138,140],"tags":[],"class_list":["post-39729","post","type-post","status-publish","format-standard","has-post-thumbnail","hentry","category-banner","category-lugar-3","category-lugar-5"],"acf":[],"yoast_head":"<!-- This site is optimized with the Yoast SEO plugin v26.7 - https:\/\/yoast.com\/wordpress\/plugins\/seo\/ -->\n<title>Con \u00e9xito finaliza el Programa de Debates Escolares en Ciencias y Tecnolog\u00eda 2020 - RM Sur Oriente<\/title>\n<meta name=\"robots\" content=\"index, follow, max-snippet:-1, max-image-preview:large, max-video-preview:-1\" \/>\n<link rel=\"canonical\" href=\"https:\/\/dev.explora.cl\/rmsuroriente\/con-exito-finaliza-el-programa-de-debates-escolares-en-ciencias-y-tecnologia-2020\/\" class=\"yoast-seo-meta-tag\" \/>\n<meta property=\"og:locale\" content=\"es_ES\" class=\"yoast-seo-meta-tag\" \/>\n<meta property=\"og:type\" content=\"article\" class=\"yoast-seo-meta-tag\" \/>\n<meta property=\"og:title\" content=\"Con \u00e9xito finaliza el Programa de Debates Escolares en Ciencias y Tecnolog\u00eda 2020 - RM Sur Oriente\" class=\"yoast-seo-meta-tag\" \/>\n<meta property=\"og:description\" content=\"Luego de tres meses de ejecuci\u00f3n, el Programa de Debates Escolares en Ciencias y Tecnolog\u00eda del Proyecto Explora RM Sur Oriente, finaliz\u00f3 el pasado 28 de noviembre con una sesi\u00f3n en l\u00ednea que permiti\u00f3 a docentes y a estudiantes compartir sus experiencias en este nuevo formato de capacitaci\u00f3n.\" class=\"yoast-seo-meta-tag\" \/>\n<meta property=\"og:url\" content=\"https:\/\/dev.explora.cl\/rmsuroriente\/con-exito-finaliza-el-programa-de-debates-escolares-en-ciencias-y-tecnologia-2020\/\" class=\"yoast-seo-meta-tag\" \/>\n<meta property=\"og:site_name\" content=\"RM Sur Oriente\" class=\"yoast-seo-meta-tag\" \/>\n<meta property=\"article:published_time\" content=\"2020-12-09T21:28:29+00:00\" class=\"yoast-seo-meta-tag\" \/>\n<meta property=\"article:modified_time\" content=\"2020-12-10T13:30:38+00:00\" class=\"yoast-seo-meta-tag\" \/>\n<meta property=\"og:image\" content=\"https:\/\/dev.explora.cl\/rmsuroriente\/wp-content\/uploads\/sites\/12\/2020\/12\/debates-final-5-1.jpg\" class=\"yoast-seo-meta-tag\" \/>\n\t<meta property=\"og:image:width\" content=\"1363\" class=\"yoast-seo-meta-tag\" \/>\n\t<meta property=\"og:image:height\" content=\"593\" class=\"yoast-seo-meta-tag\" \/>\n\t<meta property=\"og:image:type\" content=\"image\/jpeg\" class=\"yoast-seo-meta-tag\" \/>\n<meta name=\"author\" content=\"RMSO PUC\" class=\"yoast-seo-meta-tag\" \/>\n<meta name=\"twitter:card\" content=\"summary_large_image\" class=\"yoast-seo-meta-tag\" \/>\n<meta name=\"twitter:label1\" content=\"Escrito por\" class=\"yoast-seo-meta-tag\" \/>\n\t<meta name=\"twitter:data1\" content=\"RMSO PUC\" class=\"yoast-seo-meta-tag\" \/>\n\t<meta name=\"twitter:label2\" content=\"Tiempo estimado de lectura\" class=\"yoast-seo-meta-tag\" \/>\n\t<meta name=\"twitter:data2\" content=\"3 minutos\" class=\"yoast-seo-meta-tag\" \/>\n<script type=\"application\/ld+json\" class=\"yoast-schema-graph\">{\"@context\":\"https:\/\/schema.org\",\"@graph\":[{\"@type\":\"Article\",\"@id\":\"https:\/\/dev.explora.cl\/rmsuroriente\/con-exito-finaliza-el-programa-de-debates-escolares-en-ciencias-y-tecnologia-2020\/#article\",\"isPartOf\":{\"@id\":\"https:\/\/dev.explora.cl\/rmsuroriente\/con-exito-finaliza-el-programa-de-debates-escolares-en-ciencias-y-tecnologia-2020\/\"},\"author\":{\"name\":\"RMSO PUC\",\"@id\":\"https:\/\/dev.explora.cl\/rmsuroriente\/#\/schema\/person\/164f0bfb03507b3d5dd75257d8e71697\"},\"headline\":\"Con \u00e9xito finaliza el Programa de Debates Escolares en Ciencias y Tecnolog\u00eda 2020\",\"datePublished\":\"2020-12-09T21:28:29+00:00\",\"dateModified\":\"2020-12-10T13:30:38+00:00\",\"mainEntityOfPage\":{\"@id\":\"https:\/\/dev.explora.cl\/rmsuroriente\/con-exito-finaliza-el-programa-de-debates-escolares-en-ciencias-y-tecnologia-2020\/\"},\"wordCount\":559,\"commentCount\":0,\"publisher\":{\"@id\":\"https:\/\/dev.explora.cl\/rmsuroriente\/#organization\"},\"image\":{\"@id\":\"https:\/\/dev.explora.cl\/rmsuroriente\/con-exito-finaliza-el-programa-de-debates-escolares-en-ciencias-y-tecnologia-2020\/#primaryimage\"},\"thumbnailUrl\":\"https:\/\/dev.explora.cl\/rmsuroriente\/wp-content\/uploads\/sites\/12\/2020\/12\/debates-final-5-1.jpg\",\"articleSection\":[\"Banner\",\"Lugar 3\",\"Lugar 5\"],\"inLanguage\":\"es-CL\",\"potentialAction\":[{\"@type\":\"CommentAction\",\"name\":\"Comment\",\"target\":[\"https:\/\/dev.explora.cl\/rmsuroriente\/con-exito-finaliza-el-programa-de-debates-escolares-en-ciencias-y-tecnologia-2020\/#respond\"]}]},{\"@type\":\"WebPage\",\"@id\":\"https:\/\/dev.explora.cl\/rmsuroriente\/con-exito-finaliza-el-programa-de-debates-escolares-en-ciencias-y-tecnologia-2020\/\",\"url\":\"https:\/\/dev.explora.cl\/rmsuroriente\/con-exito-finaliza-el-programa-de-debates-escolares-en-ciencias-y-tecnologia-2020\/\",\"name\":\"Con \u00e9xito finaliza el Programa de Debates Escolares en Ciencias y Tecnolog\u00eda 2020 - RM Sur Oriente\",\"isPartOf\":{\"@id\":\"https:\/\/dev.explora.cl\/rmsuroriente\/#website\"},\"primaryImageOfPage\":{\"@id\":\"https:\/\/dev.explora.cl\/rmsuroriente\/con-exito-finaliza-el-programa-de-debates-escolares-en-ciencias-y-tecnologia-2020\/#primaryimage\"},\"image\":{\"@id\":\"https:\/\/dev.explora.cl\/rmsuroriente\/con-exito-finaliza-el-programa-de-debates-escolares-en-ciencias-y-tecnologia-2020\/#primaryimage\"},\"thumbnailUrl\":\"https:\/\/dev.explora.cl\/rmsuroriente\/wp-content\/uploads\/sites\/12\/2020\/12\/debates-final-5-1.jpg\",\"datePublished\":\"2020-12-09T21:28:29+00:00\",\"dateModified\":\"2020-12-10T13:30:38+00:00\",\"breadcrumb\":{\"@id\":\"https:\/\/dev.explora.cl\/rmsuroriente\/con-exito-finaliza-el-programa-de-debates-escolares-en-ciencias-y-tecnologia-2020\/#breadcrumb\"},\"inLanguage\":\"es-CL\",\"potentialAction\":[{\"@type\":\"ReadAction\",\"target\":[\"https:\/\/dev.explora.cl\/rmsuroriente\/con-exito-finaliza-el-programa-de-debates-escolares-en-ciencias-y-tecnologia-2020\/\"]}]},{\"@type\":\"ImageObject\",\"inLanguage\":\"es-CL\",\"@id\":\"https:\/\/dev.explora.cl\/rmsuroriente\/con-exito-finaliza-el-programa-de-debates-escolares-en-ciencias-y-tecnologia-2020\/#primaryimage\",\"url\":\"https:\/\/dev.explora.cl\/rmsuroriente\/wp-content\/uploads\/sites\/12\/2020\/12\/debates-final-5-1.jpg\",\"contentUrl\":\"https:\/\/dev.explora.cl\/rmsuroriente\/wp-content\/uploads\/sites\/12\/2020\/12\/debates-final-5-1.jpg\",\"width\":1363,\"height\":593},{\"@type\":\"BreadcrumbList\",\"@id\":\"https:\/\/dev.explora.cl\/rmsuroriente\/con-exito-finaliza-el-programa-de-debates-escolares-en-ciencias-y-tecnologia-2020\/#breadcrumb\",\"itemListElement\":[{\"@type\":\"ListItem\",\"position\":1,\"name\":\"Portada\",\"item\":\"https:\/\/dev.explora.cl\/rmsuroriente\/\"},{\"@type\":\"ListItem\",\"position\":2,\"name\":\"Con \u00e9xito finaliza el Programa de Debates Escolares en Ciencias y Tecnolog\u00eda 2020\"}]},{\"@type\":\"WebSite\",\"@id\":\"https:\/\/dev.explora.cl\/rmsuroriente\/#website\",\"url\":\"https:\/\/dev.explora.cl\/rmsuroriente\/\",\"name\":\"RM Sur Oriente\",\"description\":\"Otro sitio m\u00e1s de dev.explora.cl\",\"publisher\":{\"@id\":\"https:\/\/dev.explora.cl\/rmsuroriente\/#organization\"},\"potentialAction\":[{\"@type\":\"SearchAction\",\"target\":{\"@type\":\"EntryPoint\",\"urlTemplate\":\"https:\/\/dev.explora.cl\/rmsuroriente\/?s={search_term_string}\"},\"query-input\":{\"@type\":\"PropertyValueSpecification\",\"valueRequired\":true,\"valueName\":\"search_term_string\"}}],\"inLanguage\":\"es-CL\"},{\"@type\":\"Organization\",\"@id\":\"https:\/\/dev.explora.cl\/rmsuroriente\/#organization\",\"name\":\"RM Sur Oriente\",\"url\":\"https:\/\/dev.explora.cl\/rmsuroriente\/\",\"logo\":{\"@type\":\"ImageObject\",\"inLanguage\":\"es-CL\",\"@id\":\"https:\/\/dev.explora.cl\/rmsuroriente\/#\/schema\/logo\/image\/\",\"url\":\"https:\/\/dev.explora.cl\/rmsuroriente\/wp-content\/uploads\/sites\/12\/2025\/04\/cropped-LogoPAR_RMSO-Azul-UC.png\",\"contentUrl\":\"https:\/\/dev.explora.cl\/rmsuroriente\/wp-content\/uploads\/sites\/12\/2025\/04\/cropped-LogoPAR_RMSO-Azul-UC.png\",\"width\":411,\"height\":409,\"caption\":\"RM Sur Oriente\"},\"image\":{\"@id\":\"https:\/\/dev.explora.cl\/rmsuroriente\/#\/schema\/logo\/image\/\"}},{\"@type\":\"Person\",\"@id\":\"https:\/\/dev.explora.cl\/rmsuroriente\/#\/schema\/person\/164f0bfb03507b3d5dd75257d8e71697\",\"name\":\"RMSO PUC\",\"image\":{\"@type\":\"ImageObject\",\"inLanguage\":\"es-CL\",\"@id\":\"https:\/\/dev.explora.cl\/rmsuroriente\/#\/schema\/person\/image\/\",\"url\":\"https:\/\/secure.gravatar.com\/avatar\/16f7131f033ed433ea432d3fc2b04af9756004afdb5a6b61c705d795f6425ea0?s=96&d=mm&r=g\",\"contentUrl\":\"https:\/\/secure.gravatar.com\/avatar\/16f7131f033ed433ea432d3fc2b04af9756004afdb5a6b61c705d795f6425ea0?s=96&d=mm&r=g\",\"caption\":\"RMSO PUC\"},\"url\":\"https:\/\/dev.explora.cl\/rmsuroriente\/author\/myanez\/\"}]}<\/script>\n<!-- \/ Yoast SEO plugin. -->","yoast_head_json":{"title":"Con \u00e9xito finaliza el Programa de Debates Escolares en Ciencias y Tecnolog\u00eda 2020 - RM Sur Oriente","robots":{"index":"index","follow":"follow","max-snippet":"max-snippet:-1","max-image-preview":"max-image-preview:large","max-video-preview":"max-video-preview:-1"},"canonical":"https:\/\/dev.explora.cl\/rmsuroriente\/con-exito-finaliza-el-programa-de-debates-escolares-en-ciencias-y-tecnologia-2020\/","og_locale":"es_ES","og_type":"article","og_title":"Con \u00e9xito finaliza el Programa de Debates Escolares en Ciencias y Tecnolog\u00eda 2020 - RM Sur Oriente","og_description":"Luego de tres meses de ejecuci\u00f3n, el Programa de Debates Escolares en Ciencias y Tecnolog\u00eda del Proyecto Explora RM Sur Oriente, finaliz\u00f3 el pasado 28 de noviembre con una sesi\u00f3n en l\u00ednea que permiti\u00f3 a docentes y a estudiantes compartir sus experiencias en este nuevo formato de capacitaci\u00f3n.","og_url":"https:\/\/dev.explora.cl\/rmsuroriente\/con-exito-finaliza-el-programa-de-debates-escolares-en-ciencias-y-tecnologia-2020\/","og_site_name":"RM Sur Oriente","article_published_time":"2020-12-09T21:28:29+00:00","article_modified_time":"2020-12-10T13:30:38+00:00","og_image":[{"width":1363,"height":593,"url":"https:\/\/dev.explora.cl\/rmsuroriente\/wp-content\/uploads\/sites\/12\/2020\/12\/debates-final-5-1.jpg","type":"image\/jpeg"}],"author":"RMSO PUC","twitter_card":"summary_large_image","twitter_misc":{"Escrito por":"RMSO PUC","Tiempo estimado de lectura":"3 minutos"},"schema":{"@context":"https:\/\/schema.org","@graph":[{"@type":"Article","@id":"https:\/\/dev.explora.cl\/rmsuroriente\/con-exito-finaliza-el-programa-de-debates-escolares-en-ciencias-y-tecnologia-2020\/#article","isPartOf":{"@id":"https:\/\/dev.explora.cl\/rmsuroriente\/con-exito-finaliza-el-programa-de-debates-escolares-en-ciencias-y-tecnologia-2020\/"},"author":{"name":"RMSO PUC","@id":"https:\/\/dev.explora.cl\/rmsuroriente\/#\/schema\/person\/164f0bfb03507b3d5dd75257d8e71697"},"headline":"Con \u00e9xito finaliza el Programa de Debates Escolares en Ciencias y Tecnolog\u00eda 2020","datePublished":"2020-12-09T21:28:29+00:00","dateModified":"2020-12-10T13:30:38+00:00","mainEntityOfPage":{"@id":"https:\/\/dev.explora.cl\/rmsuroriente\/con-exito-finaliza-el-programa-de-debates-escolares-en-ciencias-y-tecnologia-2020\/"},"wordCount":559,"commentCount":0,"publisher":{"@id":"https:\/\/dev.explora.cl\/rmsuroriente\/#organization"},"image":{"@id":"https:\/\/dev.explora.cl\/rmsuroriente\/con-exito-finaliza-el-programa-de-debates-escolares-en-ciencias-y-tecnologia-2020\/#primaryimage"},"thumbnailUrl":"https:\/\/dev.explora.cl\/rmsuroriente\/wp-content\/uploads\/sites\/12\/2020\/12\/debates-final-5-1.jpg","articleSection":["Banner","Lugar 3","Lugar 5"],"inLanguage":"es-CL","potentialAction":[{"@type":"CommentAction","name":"Comment","target":["https:\/\/dev.explora.cl\/rmsuroriente\/con-exito-finaliza-el-programa-de-debates-escolares-en-ciencias-y-tecnologia-2020\/#respond"]}]},{"@type":"WebPage","@id":"https:\/\/dev.explora.cl\/rmsuroriente\/con-exito-finaliza-el-programa-de-debates-escolares-en-ciencias-y-tecnologia-2020\/","url":"https:\/\/dev.explora.cl\/rmsuroriente\/con-exito-finaliza-el-programa-de-debates-escolares-en-ciencias-y-tecnologia-2020\/","name":"Con \u00e9xito finaliza el Programa de Debates Escolares en Ciencias y Tecnolog\u00eda 2020 - RM Sur Oriente","isPartOf":{"@id":"https:\/\/dev.explora.cl\/rmsuroriente\/#website"},"primaryImageOfPage":{"@id":"https:\/\/dev.explora.cl\/rmsuroriente\/con-exito-finaliza-el-programa-de-debates-escolares-en-ciencias-y-tecnologia-2020\/#primaryimage"},"image":{"@id":"https:\/\/dev.explora.cl\/rmsuroriente\/con-exito-finaliza-el-programa-de-debates-escolares-en-ciencias-y-tecnologia-2020\/#primaryimage"},"thumbnailUrl":"https:\/\/dev.explora.cl\/rmsuroriente\/wp-content\/uploads\/sites\/12\/2020\/12\/debates-final-5-1.jpg","datePublished":"2020-12-09T21:28:29+00:00","dateModified":"2020-12-10T13:30:38+00:00","breadcrumb":{"@id":"https:\/\/dev.explora.cl\/rmsuroriente\/con-exito-finaliza-el-programa-de-debates-escolares-en-ciencias-y-tecnologia-2020\/#breadcrumb"},"inLanguage":"es-CL","potentialAction":[{"@type":"ReadAction","target":["https:\/\/dev.explora.cl\/rmsuroriente\/con-exito-finaliza-el-programa-de-debates-escolares-en-ciencias-y-tecnologia-2020\/"]}]},{"@type":"ImageObject","inLanguage":"es-CL","@id":"https:\/\/dev.explora.cl\/rmsuroriente\/con-exito-finaliza-el-programa-de-debates-escolares-en-ciencias-y-tecnologia-2020\/#primaryimage","url":"https:\/\/dev.explora.cl\/rmsuroriente\/wp-content\/uploads\/sites\/12\/2020\/12\/debates-final-5-1.jpg","contentUrl":"https:\/\/dev.explora.cl\/rmsuroriente\/wp-content\/uploads\/sites\/12\/2020\/12\/debates-final-5-1.jpg","width":1363,"height":593},{"@type":"BreadcrumbList","@id":"https:\/\/dev.explora.cl\/rmsuroriente\/con-exito-finaliza-el-programa-de-debates-escolares-en-ciencias-y-tecnologia-2020\/#breadcrumb","itemListElement":[{"@type":"ListItem","position":1,"name":"Portada","item":"https:\/\/dev.explora.cl\/rmsuroriente\/"},{"@type":"ListItem","position":2,"name":"Con \u00e9xito finaliza el Programa de Debates Escolares en Ciencias y Tecnolog\u00eda 2020"}]},{"@type":"WebSite","@id":"https:\/\/dev.explora.cl\/rmsuroriente\/#website","url":"https:\/\/dev.explora.cl\/rmsuroriente\/","name":"RM Sur Oriente","description":"Otro sitio m\u00e1s de dev.explora.cl","publisher":{"@id":"https:\/\/dev.explora.cl\/rmsuroriente\/#organization"},"potentialAction":[{"@type":"SearchAction","target":{"@type":"EntryPoint","urlTemplate":"https:\/\/dev.explora.cl\/rmsuroriente\/?s={search_term_string}"},"query-input":{"@type":"PropertyValueSpecification","valueRequired":true,"valueName":"search_term_string"}}],"inLanguage":"es-CL"},{"@type":"Organization","@id":"https:\/\/dev.explora.cl\/rmsuroriente\/#organization","name":"RM Sur Oriente","url":"https:\/\/dev.explora.cl\/rmsuroriente\/","logo":{"@type":"ImageObject","inLanguage":"es-CL","@id":"https:\/\/dev.explora.cl\/rmsuroriente\/#\/schema\/logo\/image\/","url":"https:\/\/dev.explora.cl\/rmsuroriente\/wp-content\/uploads\/sites\/12\/2025\/04\/cropped-LogoPAR_RMSO-Azul-UC.png","contentUrl":"https:\/\/dev.explora.cl\/rmsuroriente\/wp-content\/uploads\/sites\/12\/2025\/04\/cropped-LogoPAR_RMSO-Azul-UC.png","width":411,"height":409,"caption":"RM Sur Oriente"},"image":{"@id":"https:\/\/dev.explora.cl\/rmsuroriente\/#\/schema\/logo\/image\/"}},{"@type":"Person","@id":"https:\/\/dev.explora.cl\/rmsuroriente\/#\/schema\/person\/164f0bfb03507b3d5dd75257d8e71697","name":"RMSO PUC","image":{"@type":"ImageObject","inLanguage":"es-CL","@id":"https:\/\/dev.explora.cl\/rmsuroriente\/#\/schema\/person\/image\/","url":"https:\/\/secure.gravatar.com\/avatar\/16f7131f033ed433ea432d3fc2b04af9756004afdb5a6b61c705d795f6425ea0?s=96&d=mm&r=g","contentUrl":"https:\/\/secure.gravatar.com\/avatar\/16f7131f033ed433ea432d3fc2b04af9756004afdb5a6b61c705d795f6425ea0?s=96&d=mm&r=g","caption":"RMSO PUC"},"url":"https:\/\/dev.explora.cl\/rmsuroriente\/author\/myanez\/"}]}},"_links":{"self":[{"href":"https:\/\/dev.explora.cl\/rmsuroriente\/wp-json\/wp\/v2\/posts\/39729","targetHints":{"allow":["GET"]}}],"collection":[{"href":"https:\/\/dev.explora.cl\/rmsuroriente\/wp-json\/wp\/v2\/posts"}],"about":[{"href":"https:\/\/dev.explora.cl\/rmsuroriente\/wp-json\/wp\/v2\/types\/post"}],"author":[{"embeddable":true,"href":"https:\/\/dev.explora.cl\/rmsuroriente\/wp-json\/wp\/v2\/users\/27"}],"replies":[{"embeddable":true,"href":"https:\/\/dev.explora.cl\/rmsuroriente\/wp-json\/wp\/v2\/comments?post=39729"}],"version-history":[{"count":1,"href":"https:\/\/dev.explora.cl\/rmsuroriente\/wp-json\/wp\/v2\/posts\/39729\/revisions"}],"predecessor-version":[{"id":39731,"href":"https:\/\/dev.explora.cl\/rmsuroriente\/wp-json\/wp\/v2\/posts\/39729\/revisions\/39731"}],"wp:featuredmedia":[{"embeddable":true,"href":"https:\/\/dev.explora.cl\/rmsuroriente\/wp-json\/wp\/v2\/media\/39730"}],"wp:attachment":[{"href":"https:\/\/dev.explora.cl\/rmsuroriente\/wp-json\/wp\/v2\/media?parent=39729"}],"wp:term":[{"taxonomy":"category","embeddable":true,"href":"https:\/\/dev.explora.cl\/rmsuroriente\/wp-json\/wp\/v2\/categories?post=39729"},{"taxonomy":"post_tag","embeddable":true,"href":"https:\/\/dev.explora.cl\/rmsuroriente\/wp-json\/wp\/v2\/tags?post=39729"}],"curies":[{"name":"wp","href":"https:\/\/api.w.org\/{rel}","templated":true}]}}