{"id":39299,"date":"2020-05-29T18:51:52","date_gmt":"2020-05-29T22:51:52","guid":{"rendered":"https:\/\/dev.explora.cl\/rmsuroriente\/?p=39299"},"modified":"2020-06-02T23:26:18","modified_gmt":"2020-06-03T03:26:18","slug":"celebramos-el-dia-del-patrimonio-cultural-con-un-ciclo-de-charlas-de-exploraencasa","status":"publish","type":"post","link":"https:\/\/dev.explora.cl\/rmsuroriente\/celebramos-el-dia-del-patrimonio-cultural-con-un-ciclo-de-charlas-de-exploraencasa\/","title":{"rendered":"Celebramos el D\u00eda del Patrimonio Cultural con un ciclo de charlas de #ExploraenCasa"},"content":{"rendered":"<p><strong>En el marco de la celebraci\u00f3n del D\u00eda del Patrimonio Cultural, los diferentes Proyectos Asociativos Regionales Explora de diferentes lugares de Chile, nos unimos para realizar un ciclo de charlas llamado #ExploraenCasa para destacar el Patrimonio Cient\u00edfico.<\/strong><!--more--><\/p>\n<p><span style=\"font-weight: 400\">Desde las 14:30 horas de este 29 de mayo cada PAR Explora, a trav\u00e9s de su cuenta de Facebook, destacar\u00e1 el Patrimonio Cient\u00edfico chileno mediante un ciclo de once charlas, donde se tratar\u00e1n interesantes temas en Paleontolog\u00eda, Arqueolog\u00eda, Historia, Literatura, M\u00fasica y Agricultura.<\/span><\/p>\n<p><span style=\"font-weight: 400\">El PAR Explora Sur Oriente se suma a esta celebraci\u00f3n con la charla \u201cEl Patrimonio Cultural de la agricultura familiar campesina en Paine\u201d, dictada por De\u00edn Portela Valenzuela, que se transmitir\u00e1 a las 19:15 a trav\u00e9s de nuestra p\u00e1gina de Facebook.<\/span><span style=\"font-weight: 400\">\u00a0Esta charla busca dar cuenta de c\u00f3mo el patrimonio cultural inmaterial, entendido como una serie de saberes y pr\u00e1cticas que se transmiten de generaci\u00f3n en generaci\u00f3n, contribuyen al sentido de pertenencia e identidad en las comunidades, en particular en la de Paine.<\/span><\/p>\n<p><span style=\"font-weight: 400\">Puedes encontrar \u00e9sta y m\u00e1s charlas en nuestra cuenta de <a href=\"https:\/\/bit.ly\/2AABlhk\" target=\"_blank\" rel=\"noopener noreferrer\">Facebook.<\/a>\u00a0<\/span><\/p>\n","protected":false},"excerpt":{"rendered":"<p>En el marco de la celebraci\u00f3n del D\u00eda del Patrimonio Cultural, los diferentes Proyectos Asociativos Regionales Explora de diferentes lugares de Chile, nos unimos para realizar un ciclo de charlas llamado #ExploraenCasa para destacar el Patrimonio Cient\u00edfico.<\/p>\n","protected":false},"author":27,"featured_media":39296,"comment_status":"open","ping_status":"open","sticky":false,"template":"","format":"standard","meta":{"_acf_changed":false,"_exactmetrics_skip_tracking":false,"_exactmetrics_sitenote_active":false,"_exactmetrics_sitenote_note":"","_exactmetrics_sitenote_category":0,"footnotes":"","_links_to":"","_links_to_target":""},"categories":[151,136,4],"tags":[],"class_list":["post-39299","post","type-post","status-publish","format-standard","has-post-thumbnail","hentry","category-banner","category-lugar-1","category-noticias"],"acf":[],"yoast_head":"<!-- This site is optimized with the Yoast SEO plugin v26.7 - https:\/\/yoast.com\/wordpress\/plugins\/seo\/ -->\n<title>Celebramos el D\u00eda del Patrimonio Cultural con un ciclo de charlas de #ExploraenCasa - RM Sur Oriente<\/title>\n<meta name=\"robots\" content=\"index, follow, max-snippet:-1, max-image-preview:large, max-video-preview:-1\" \/>\n<link rel=\"canonical\" href=\"https:\/\/dev.explora.cl\/rmsuroriente\/celebramos-el-dia-del-patrimonio-cultural-con-un-ciclo-de-charlas-de-exploraencasa\/\" class=\"yoast-seo-meta-tag\" \/>\n<meta property=\"og:locale\" content=\"es_ES\" class=\"yoast-seo-meta-tag\" \/>\n<meta property=\"og:type\" content=\"article\" class=\"yoast-seo-meta-tag\" \/>\n<meta property=\"og:title\" content=\"Celebramos el D\u00eda del Patrimonio Cultural con un ciclo de charlas de #ExploraenCasa - RM Sur Oriente\" class=\"yoast-seo-meta-tag\" \/>\n<meta property=\"og:description\" content=\"En el marco de la celebraci\u00f3n del D\u00eda del Patrimonio Cultural, los diferentes Proyectos Asociativos Regionales Explora de diferentes lugares de Chile, nos unimos para realizar un ciclo de charlas llamado #ExploraenCasa para destacar el Patrimonio Cient\u00edfico.\" class=\"yoast-seo-meta-tag\" \/>\n<meta property=\"og:url\" content=\"https:\/\/dev.explora.cl\/rmsuroriente\/celebramos-el-dia-del-patrimonio-cultural-con-un-ciclo-de-charlas-de-exploraencasa\/\" class=\"yoast-seo-meta-tag\" \/>\n<meta property=\"og:site_name\" content=\"RM Sur Oriente\" class=\"yoast-seo-meta-tag\" \/>\n<meta property=\"article:published_time\" content=\"2020-05-29T22:51:52+00:00\" class=\"yoast-seo-meta-tag\" \/>\n<meta property=\"article:modified_time\" content=\"2020-06-03T03:26:18+00:00\" class=\"yoast-seo-meta-tag\" \/>\n<meta property=\"og:image\" content=\"https:\/\/dev.explora.cl\/rmsuroriente\/wp-content\/uploads\/sites\/12\/2020\/05\/Explora_en_casa_RMSurOriente-WEB.jpg\" class=\"yoast-seo-meta-tag\" \/>\n\t<meta property=\"og:image:width\" content=\"775\" class=\"yoast-seo-meta-tag\" \/>\n\t<meta property=\"og:image:height\" content=\"443\" class=\"yoast-seo-meta-tag\" \/>\n\t<meta property=\"og:image:type\" content=\"image\/jpeg\" class=\"yoast-seo-meta-tag\" \/>\n<meta name=\"author\" content=\"RMSO PUC\" class=\"yoast-seo-meta-tag\" \/>\n<meta name=\"twitter:card\" content=\"summary_large_image\" class=\"yoast-seo-meta-tag\" \/>\n<meta name=\"twitter:label1\" content=\"Escrito por\" class=\"yoast-seo-meta-tag\" \/>\n\t<meta name=\"twitter:data1\" content=\"RMSO PUC\" class=\"yoast-seo-meta-tag\" \/>\n\t<meta name=\"twitter:label2\" content=\"Tiempo estimado de lectura\" class=\"yoast-seo-meta-tag\" \/>\n\t<meta name=\"twitter:data2\" content=\"1 minuto\" class=\"yoast-seo-meta-tag\" \/>\n<script type=\"application\/ld+json\" class=\"yoast-schema-graph\">{\"@context\":\"https:\/\/schema.org\",\"@graph\":[{\"@type\":\"Article\",\"@id\":\"https:\/\/dev.explora.cl\/rmsuroriente\/celebramos-el-dia-del-patrimonio-cultural-con-un-ciclo-de-charlas-de-exploraencasa\/#article\",\"isPartOf\":{\"@id\":\"https:\/\/dev.explora.cl\/rmsuroriente\/celebramos-el-dia-del-patrimonio-cultural-con-un-ciclo-de-charlas-de-exploraencasa\/\"},\"author\":{\"name\":\"RMSO PUC\",\"@id\":\"https:\/\/dev.explora.cl\/rmsuroriente\/#\/schema\/person\/164f0bfb03507b3d5dd75257d8e71697\"},\"headline\":\"Celebramos el D\u00eda del Patrimonio Cultural con un ciclo de charlas de #ExploraenCasa\",\"datePublished\":\"2020-05-29T22:51:52+00:00\",\"dateModified\":\"2020-06-03T03:26:18+00:00\",\"mainEntityOfPage\":{\"@id\":\"https:\/\/dev.explora.cl\/rmsuroriente\/celebramos-el-dia-del-patrimonio-cultural-con-un-ciclo-de-charlas-de-exploraencasa\/\"},\"wordCount\":203,\"commentCount\":0,\"publisher\":{\"@id\":\"https:\/\/dev.explora.cl\/rmsuroriente\/#organization\"},\"image\":{\"@id\":\"https:\/\/dev.explora.cl\/rmsuroriente\/celebramos-el-dia-del-patrimonio-cultural-con-un-ciclo-de-charlas-de-exploraencasa\/#primaryimage\"},\"thumbnailUrl\":\"https:\/\/dev.explora.cl\/rmsuroriente\/wp-content\/uploads\/sites\/12\/2020\/05\/Explora_en_casa_RMSurOriente-WEB.jpg\",\"articleSection\":[\"Banner\",\"Lugar 1\",\"Noticias\"],\"inLanguage\":\"es-CL\",\"potentialAction\":[{\"@type\":\"CommentAction\",\"name\":\"Comment\",\"target\":[\"https:\/\/dev.explora.cl\/rmsuroriente\/celebramos-el-dia-del-patrimonio-cultural-con-un-ciclo-de-charlas-de-exploraencasa\/#respond\"]}]},{\"@type\":\"WebPage\",\"@id\":\"https:\/\/dev.explora.cl\/rmsuroriente\/celebramos-el-dia-del-patrimonio-cultural-con-un-ciclo-de-charlas-de-exploraencasa\/\",\"url\":\"https:\/\/dev.explora.cl\/rmsuroriente\/celebramos-el-dia-del-patrimonio-cultural-con-un-ciclo-de-charlas-de-exploraencasa\/\",\"name\":\"Celebramos el D\u00eda del Patrimonio Cultural con un ciclo de charlas de #ExploraenCasa - RM Sur Oriente\",\"isPartOf\":{\"@id\":\"https:\/\/dev.explora.cl\/rmsuroriente\/#website\"},\"primaryImageOfPage\":{\"@id\":\"https:\/\/dev.explora.cl\/rmsuroriente\/celebramos-el-dia-del-patrimonio-cultural-con-un-ciclo-de-charlas-de-exploraencasa\/#primaryimage\"},\"image\":{\"@id\":\"https:\/\/dev.explora.cl\/rmsuroriente\/celebramos-el-dia-del-patrimonio-cultural-con-un-ciclo-de-charlas-de-exploraencasa\/#primaryimage\"},\"thumbnailUrl\":\"https:\/\/dev.explora.cl\/rmsuroriente\/wp-content\/uploads\/sites\/12\/2020\/05\/Explora_en_casa_RMSurOriente-WEB.jpg\",\"datePublished\":\"2020-05-29T22:51:52+00:00\",\"dateModified\":\"2020-06-03T03:26:18+00:00\",\"breadcrumb\":{\"@id\":\"https:\/\/dev.explora.cl\/rmsuroriente\/celebramos-el-dia-del-patrimonio-cultural-con-un-ciclo-de-charlas-de-exploraencasa\/#breadcrumb\"},\"inLanguage\":\"es-CL\",\"potentialAction\":[{\"@type\":\"ReadAction\",\"target\":[\"https:\/\/dev.explora.cl\/rmsuroriente\/celebramos-el-dia-del-patrimonio-cultural-con-un-ciclo-de-charlas-de-exploraencasa\/\"]}]},{\"@type\":\"ImageObject\",\"inLanguage\":\"es-CL\",\"@id\":\"https:\/\/dev.explora.cl\/rmsuroriente\/celebramos-el-dia-del-patrimonio-cultural-con-un-ciclo-de-charlas-de-exploraencasa\/#primaryimage\",\"url\":\"https:\/\/dev.explora.cl\/rmsuroriente\/wp-content\/uploads\/sites\/12\/2020\/05\/Explora_en_casa_RMSurOriente-WEB.jpg\",\"contentUrl\":\"https:\/\/dev.explora.cl\/rmsuroriente\/wp-content\/uploads\/sites\/12\/2020\/05\/Explora_en_casa_RMSurOriente-WEB.jpg\",\"width\":775,\"height\":443},{\"@type\":\"BreadcrumbList\",\"@id\":\"https:\/\/dev.explora.cl\/rmsuroriente\/celebramos-el-dia-del-patrimonio-cultural-con-un-ciclo-de-charlas-de-exploraencasa\/#breadcrumb\",\"itemListElement\":[{\"@type\":\"ListItem\",\"position\":1,\"name\":\"Portada\",\"item\":\"https:\/\/dev.explora.cl\/rmsuroriente\/\"},{\"@type\":\"ListItem\",\"position\":2,\"name\":\"Celebramos el D\u00eda del Patrimonio Cultural con un ciclo de charlas de #ExploraenCasa\"}]},{\"@type\":\"WebSite\",\"@id\":\"https:\/\/dev.explora.cl\/rmsuroriente\/#website\",\"url\":\"https:\/\/dev.explora.cl\/rmsuroriente\/\",\"name\":\"RM Sur Oriente\",\"description\":\"Otro sitio m\u00e1s de dev.explora.cl\",\"publisher\":{\"@id\":\"https:\/\/dev.explora.cl\/rmsuroriente\/#organization\"},\"potentialAction\":[{\"@type\":\"SearchAction\",\"target\":{\"@type\":\"EntryPoint\",\"urlTemplate\":\"https:\/\/dev.explora.cl\/rmsuroriente\/?s={search_term_string}\"},\"query-input\":{\"@type\":\"PropertyValueSpecification\",\"valueRequired\":true,\"valueName\":\"search_term_string\"}}],\"inLanguage\":\"es-CL\"},{\"@type\":\"Organization\",\"@id\":\"https:\/\/dev.explora.cl\/rmsuroriente\/#organization\",\"name\":\"RM Sur Oriente\",\"url\":\"https:\/\/dev.explora.cl\/rmsuroriente\/\",\"logo\":{\"@type\":\"ImageObject\",\"inLanguage\":\"es-CL\",\"@id\":\"https:\/\/dev.explora.cl\/rmsuroriente\/#\/schema\/logo\/image\/\",\"url\":\"https:\/\/dev.explora.cl\/rmsuroriente\/wp-content\/uploads\/sites\/12\/2025\/04\/cropped-LogoPAR_RMSO-Azul-UC.png\",\"contentUrl\":\"https:\/\/dev.explora.cl\/rmsuroriente\/wp-content\/uploads\/sites\/12\/2025\/04\/cropped-LogoPAR_RMSO-Azul-UC.png\",\"width\":411,\"height\":409,\"caption\":\"RM Sur Oriente\"},\"image\":{\"@id\":\"https:\/\/dev.explora.cl\/rmsuroriente\/#\/schema\/logo\/image\/\"}},{\"@type\":\"Person\",\"@id\":\"https:\/\/dev.explora.cl\/rmsuroriente\/#\/schema\/person\/164f0bfb03507b3d5dd75257d8e71697\",\"name\":\"RMSO PUC\",\"image\":{\"@type\":\"ImageObject\",\"inLanguage\":\"es-CL\",\"@id\":\"https:\/\/dev.explora.cl\/rmsuroriente\/#\/schema\/person\/image\/\",\"url\":\"https:\/\/secure.gravatar.com\/avatar\/16f7131f033ed433ea432d3fc2b04af9756004afdb5a6b61c705d795f6425ea0?s=96&d=mm&r=g\",\"contentUrl\":\"https:\/\/secure.gravatar.com\/avatar\/16f7131f033ed433ea432d3fc2b04af9756004afdb5a6b61c705d795f6425ea0?s=96&d=mm&r=g\",\"caption\":\"RMSO PUC\"},\"url\":\"https:\/\/dev.explora.cl\/rmsuroriente\/author\/myanez\/\"}]}<\/script>\n<!-- \/ Yoast SEO plugin. -->","yoast_head_json":{"title":"Celebramos el D\u00eda del Patrimonio Cultural con un ciclo de charlas de #ExploraenCasa - RM Sur Oriente","robots":{"index":"index","follow":"follow","max-snippet":"max-snippet:-1","max-image-preview":"max-image-preview:large","max-video-preview":"max-video-preview:-1"},"canonical":"https:\/\/dev.explora.cl\/rmsuroriente\/celebramos-el-dia-del-patrimonio-cultural-con-un-ciclo-de-charlas-de-exploraencasa\/","og_locale":"es_ES","og_type":"article","og_title":"Celebramos el D\u00eda del Patrimonio Cultural con un ciclo de charlas de #ExploraenCasa - RM Sur Oriente","og_description":"En el marco de la celebraci\u00f3n del D\u00eda del Patrimonio Cultural, los diferentes Proyectos Asociativos Regionales Explora de diferentes lugares de Chile, nos unimos para realizar un ciclo de charlas llamado #ExploraenCasa para destacar el Patrimonio Cient\u00edfico.","og_url":"https:\/\/dev.explora.cl\/rmsuroriente\/celebramos-el-dia-del-patrimonio-cultural-con-un-ciclo-de-charlas-de-exploraencasa\/","og_site_name":"RM Sur Oriente","article_published_time":"2020-05-29T22:51:52+00:00","article_modified_time":"2020-06-03T03:26:18+00:00","og_image":[{"width":775,"height":443,"url":"https:\/\/dev.explora.cl\/rmsuroriente\/wp-content\/uploads\/sites\/12\/2020\/05\/Explora_en_casa_RMSurOriente-WEB.jpg","type":"image\/jpeg"}],"author":"RMSO PUC","twitter_card":"summary_large_image","twitter_misc":{"Escrito por":"RMSO PUC","Tiempo estimado de lectura":"1 minuto"},"schema":{"@context":"https:\/\/schema.org","@graph":[{"@type":"Article","@id":"https:\/\/dev.explora.cl\/rmsuroriente\/celebramos-el-dia-del-patrimonio-cultural-con-un-ciclo-de-charlas-de-exploraencasa\/#article","isPartOf":{"@id":"https:\/\/dev.explora.cl\/rmsuroriente\/celebramos-el-dia-del-patrimonio-cultural-con-un-ciclo-de-charlas-de-exploraencasa\/"},"author":{"name":"RMSO PUC","@id":"https:\/\/dev.explora.cl\/rmsuroriente\/#\/schema\/person\/164f0bfb03507b3d5dd75257d8e71697"},"headline":"Celebramos el D\u00eda del Patrimonio Cultural con un ciclo de charlas de #ExploraenCasa","datePublished":"2020-05-29T22:51:52+00:00","dateModified":"2020-06-03T03:26:18+00:00","mainEntityOfPage":{"@id":"https:\/\/dev.explora.cl\/rmsuroriente\/celebramos-el-dia-del-patrimonio-cultural-con-un-ciclo-de-charlas-de-exploraencasa\/"},"wordCount":203,"commentCount":0,"publisher":{"@id":"https:\/\/dev.explora.cl\/rmsuroriente\/#organization"},"image":{"@id":"https:\/\/dev.explora.cl\/rmsuroriente\/celebramos-el-dia-del-patrimonio-cultural-con-un-ciclo-de-charlas-de-exploraencasa\/#primaryimage"},"thumbnailUrl":"https:\/\/dev.explora.cl\/rmsuroriente\/wp-content\/uploads\/sites\/12\/2020\/05\/Explora_en_casa_RMSurOriente-WEB.jpg","articleSection":["Banner","Lugar 1","Noticias"],"inLanguage":"es-CL","potentialAction":[{"@type":"CommentAction","name":"Comment","target":["https:\/\/dev.explora.cl\/rmsuroriente\/celebramos-el-dia-del-patrimonio-cultural-con-un-ciclo-de-charlas-de-exploraencasa\/#respond"]}]},{"@type":"WebPage","@id":"https:\/\/dev.explora.cl\/rmsuroriente\/celebramos-el-dia-del-patrimonio-cultural-con-un-ciclo-de-charlas-de-exploraencasa\/","url":"https:\/\/dev.explora.cl\/rmsuroriente\/celebramos-el-dia-del-patrimonio-cultural-con-un-ciclo-de-charlas-de-exploraencasa\/","name":"Celebramos el D\u00eda del Patrimonio Cultural con un ciclo de charlas de #ExploraenCasa - RM Sur Oriente","isPartOf":{"@id":"https:\/\/dev.explora.cl\/rmsuroriente\/#website"},"primaryImageOfPage":{"@id":"https:\/\/dev.explora.cl\/rmsuroriente\/celebramos-el-dia-del-patrimonio-cultural-con-un-ciclo-de-charlas-de-exploraencasa\/#primaryimage"},"image":{"@id":"https:\/\/dev.explora.cl\/rmsuroriente\/celebramos-el-dia-del-patrimonio-cultural-con-un-ciclo-de-charlas-de-exploraencasa\/#primaryimage"},"thumbnailUrl":"https:\/\/dev.explora.cl\/rmsuroriente\/wp-content\/uploads\/sites\/12\/2020\/05\/Explora_en_casa_RMSurOriente-WEB.jpg","datePublished":"2020-05-29T22:51:52+00:00","dateModified":"2020-06-03T03:26:18+00:00","breadcrumb":{"@id":"https:\/\/dev.explora.cl\/rmsuroriente\/celebramos-el-dia-del-patrimonio-cultural-con-un-ciclo-de-charlas-de-exploraencasa\/#breadcrumb"},"inLanguage":"es-CL","potentialAction":[{"@type":"ReadAction","target":["https:\/\/dev.explora.cl\/rmsuroriente\/celebramos-el-dia-del-patrimonio-cultural-con-un-ciclo-de-charlas-de-exploraencasa\/"]}]},{"@type":"ImageObject","inLanguage":"es-CL","@id":"https:\/\/dev.explora.cl\/rmsuroriente\/celebramos-el-dia-del-patrimonio-cultural-con-un-ciclo-de-charlas-de-exploraencasa\/#primaryimage","url":"https:\/\/dev.explora.cl\/rmsuroriente\/wp-content\/uploads\/sites\/12\/2020\/05\/Explora_en_casa_RMSurOriente-WEB.jpg","contentUrl":"https:\/\/dev.explora.cl\/rmsuroriente\/wp-content\/uploads\/sites\/12\/2020\/05\/Explora_en_casa_RMSurOriente-WEB.jpg","width":775,"height":443},{"@type":"BreadcrumbList","@id":"https:\/\/dev.explora.cl\/rmsuroriente\/celebramos-el-dia-del-patrimonio-cultural-con-un-ciclo-de-charlas-de-exploraencasa\/#breadcrumb","itemListElement":[{"@type":"ListItem","position":1,"name":"Portada","item":"https:\/\/dev.explora.cl\/rmsuroriente\/"},{"@type":"ListItem","position":2,"name":"Celebramos el D\u00eda del Patrimonio Cultural con un ciclo de charlas de #ExploraenCasa"}]},{"@type":"WebSite","@id":"https:\/\/dev.explora.cl\/rmsuroriente\/#website","url":"https:\/\/dev.explora.cl\/rmsuroriente\/","name":"RM Sur Oriente","description":"Otro sitio m\u00e1s de dev.explora.cl","publisher":{"@id":"https:\/\/dev.explora.cl\/rmsuroriente\/#organization"},"potentialAction":[{"@type":"SearchAction","target":{"@type":"EntryPoint","urlTemplate":"https:\/\/dev.explora.cl\/rmsuroriente\/?s={search_term_string}"},"query-input":{"@type":"PropertyValueSpecification","valueRequired":true,"valueName":"search_term_string"}}],"inLanguage":"es-CL"},{"@type":"Organization","@id":"https:\/\/dev.explora.cl\/rmsuroriente\/#organization","name":"RM Sur Oriente","url":"https:\/\/dev.explora.cl\/rmsuroriente\/","logo":{"@type":"ImageObject","inLanguage":"es-CL","@id":"https:\/\/dev.explora.cl\/rmsuroriente\/#\/schema\/logo\/image\/","url":"https:\/\/dev.explora.cl\/rmsuroriente\/wp-content\/uploads\/sites\/12\/2025\/04\/cropped-LogoPAR_RMSO-Azul-UC.png","contentUrl":"https:\/\/dev.explora.cl\/rmsuroriente\/wp-content\/uploads\/sites\/12\/2025\/04\/cropped-LogoPAR_RMSO-Azul-UC.png","width":411,"height":409,"caption":"RM Sur Oriente"},"image":{"@id":"https:\/\/dev.explora.cl\/rmsuroriente\/#\/schema\/logo\/image\/"}},{"@type":"Person","@id":"https:\/\/dev.explora.cl\/rmsuroriente\/#\/schema\/person\/164f0bfb03507b3d5dd75257d8e71697","name":"RMSO PUC","image":{"@type":"ImageObject","inLanguage":"es-CL","@id":"https:\/\/dev.explora.cl\/rmsuroriente\/#\/schema\/person\/image\/","url":"https:\/\/secure.gravatar.com\/avatar\/16f7131f033ed433ea432d3fc2b04af9756004afdb5a6b61c705d795f6425ea0?s=96&d=mm&r=g","contentUrl":"https:\/\/secure.gravatar.com\/avatar\/16f7131f033ed433ea432d3fc2b04af9756004afdb5a6b61c705d795f6425ea0?s=96&d=mm&r=g","caption":"RMSO PUC"},"url":"https:\/\/dev.explora.cl\/rmsuroriente\/author\/myanez\/"}]}},"_links":{"self":[{"href":"https:\/\/dev.explora.cl\/rmsuroriente\/wp-json\/wp\/v2\/posts\/39299","targetHints":{"allow":["GET"]}}],"collection":[{"href":"https:\/\/dev.explora.cl\/rmsuroriente\/wp-json\/wp\/v2\/posts"}],"about":[{"href":"https:\/\/dev.explora.cl\/rmsuroriente\/wp-json\/wp\/v2\/types\/post"}],"author":[{"embeddable":true,"href":"https:\/\/dev.explora.cl\/rmsuroriente\/wp-json\/wp\/v2\/users\/27"}],"replies":[{"embeddable":true,"href":"https:\/\/dev.explora.cl\/rmsuroriente\/wp-json\/wp\/v2\/comments?post=39299"}],"version-history":[{"count":7,"href":"https:\/\/dev.explora.cl\/rmsuroriente\/wp-json\/wp\/v2\/posts\/39299\/revisions"}],"predecessor-version":[{"id":39310,"href":"https:\/\/dev.explora.cl\/rmsuroriente\/wp-json\/wp\/v2\/posts\/39299\/revisions\/39310"}],"wp:featuredmedia":[{"embeddable":true,"href":"https:\/\/dev.explora.cl\/rmsuroriente\/wp-json\/wp\/v2\/media\/39296"}],"wp:attachment":[{"href":"https:\/\/dev.explora.cl\/rmsuroriente\/wp-json\/wp\/v2\/media?parent=39299"}],"wp:term":[{"taxonomy":"category","embeddable":true,"href":"https:\/\/dev.explora.cl\/rmsuroriente\/wp-json\/wp\/v2\/categories?post=39299"},{"taxonomy":"post_tag","embeddable":true,"href":"https:\/\/dev.explora.cl\/rmsuroriente\/wp-json\/wp\/v2\/tags?post=39299"}],"curies":[{"name":"wp","href":"https:\/\/api.w.org\/{rel}","templated":true}]}}