{"id":38895,"date":"2019-09-27T15:18:32","date_gmt":"2019-09-27T18:18:32","guid":{"rendered":"https:\/\/dev.explora.cl\/rmsuroriente\/?p=38895"},"modified":"2019-10-09T15:46:07","modified_gmt":"2019-10-09T18:46:07","slug":"fiesta-de-la-ciencia-y-la-tecnologia-2019","status":"publish","type":"post","link":"https:\/\/dev.explora.cl\/rmsuroriente\/fiesta-de-la-ciencia-y-la-tecnologia-2019\/","title":{"rendered":"Fiesta de la Ciencia y la Tecnolog\u00eda 2019"},"content":{"rendered":"<p><i><span style=\"font-weight: 400\">Un evento al aire libre y gratuito que invita a toda la comunidad a encontrarse con la ciencia, la tecnolog\u00eda, el conocimiento y la innovaci\u00f3n, enmarcados en el tema del a\u00f1o: el Sol. <\/span><\/i><i><span style=\"font-weight: 400\">La actividad se realizar\u00e1 los d\u00edas s\u00e1bado 12 y domingo 13 de octubre en el Parque Metropolitano de Santiago, acceso Pedro de Valdivia Norte.\u00a0<\/span><\/i><\/p>\n<p><span style=\"font-weight: 400\">Con el Sol como eje principal, la Fiesta de la Ciencia y la Tecnolog\u00eda ofrecer\u00e1 varias actividades para promover temas cient\u00edficos y tecnol\u00f3gicos entre la comunidad, adem\u00e1s de generar espacios para reflexionar sobre el conocimiento y la innovaci\u00f3n y su impacto en el entorno y la vida diaria.<\/span><\/p>\n<p><span style=\"font-weight: 400\">El evento contar\u00e1 con m\u00e1s de 30 stands interactivos de distintas fundaciones y organizaciones, todos inspirados en el Sol y sus ejes: El Sol como estrella, Energ\u00eda Solar, El Sol y la Vida, Pueblos originarios y el Sol y su eje Transversal: Eclipses.\u00a0<\/span><\/p>\n<p><span style=\"font-weight: 400\">Ser\u00e1 un fin de semana especial para aprender y disfrutar en familia o con amigos, donde podr\u00e1n encontrar food trucks, juegos,\u00a0 y m\u00e1s en un solo lugar. Adem\u00e1s, habr\u00e1n talleres en el escenario central como el de Renata y las Matem\u00e1ticas y recorridos por el parque, a cargo de distintas instituciones como el Zool\u00f3gico Nacional, Fundaci\u00f3n Planificable o el Observatorio del Juego.<\/span><\/p>\n<p><span style=\"font-weight: 400\">La pasada versi\u00f3n de la Fiesta de la Ciencia y la Tecnolog\u00eda congreg\u00f3 a cerca de 13 mil asistentes entre ambos d\u00edas, que visitaron los stands, aprendieron y se maravillaron respondiendo sus dudas respecto a \u201cEl A\u00f1o de los \u00bfPor qu\u00e9?\u201d.<\/span><\/p>\n<p>La Fiesta de la Ciencia y la Tecnolog\u00eda se celebrar\u00e1 el s\u00e1bado 12 y domingo 13 de octubre, desde las 10:000 hasta las 19:00 horas, en el Parque Metropolitano de Santiago, acceso Pedro de Valdivia Norte. Es una actividad organizada en conjunto por el PAR Explora RM Norte y El PAR Explora RM Sur Oriente y es gratuita y abierta a la comunidad.<\/p>\n<h3><strong>Esta fiesta se enmarca en la celebraci\u00f3n de la Semana Explora, ex Semana Nacional de la Ciencia y la Tecnolog\u00eda, que desde el 6 al 13 de octubre contar\u00e1 con actividades a lo largo del pa\u00eds.<\/strong><\/h3>\n<p><span style=\"font-weight: 400\">Las instituciones participantes en la fiesta son: V\u00f6gel Shenu, N\u00facleo Milenio de Enfermedades Asociadas a Canales I\u00f3nicos, N\u00facleo Milenio Trazadores de Metales, Centro de Estudios Interculturales e Ind\u00edgenas, Comunidad InGenio del Instituto Sistemas Complejos de Ingenier\u00eda, N\u00facleo Milenio para Mejorar la Salud Mental de Adolescentes y J\u00f3venes (Imhay), CIGIDEN, ESO \/ ALMA, Laboratorio Patog\u00e9nesis Microbiana UC, Fundaci\u00f3n Planificable, Instituto Milenio de Astrof\u00edsica MAS, Centro de Investigaci\u00f3n Austral Biotech Universidad Santo Tom\u00e1s, Instituto de Astrof\u00edsica UC, Pizza Mec\u00e1nica Rob\u00f3tica, N\u00facleo Milenio de Formaci\u00f3n Planetaria, Facultad de Ciencias Forestales y de la Conservaci\u00f3n de la Naturaleza Universidad de Chile , Fundaci\u00f3n Arte + Ciencia, Iniciativa Cient\u00edfica Milenio, Instituto Milenio de Neurociencia Biom\u00e9dica, Instituto Milenio en Inmunolog\u00eda e Inmunoterapia, Instituto Milenio Centro Interdisciplinario de Neurociencia Valpara\u00edso, N\u00facleo Milenio Modelos Estoc\u00e1sticos de Sistemas Complejos y Desordenados, N\u00facleo Milenio en Enfoque Interdisciplinario de la Resistencia Antimicrobiana, N\u00facleo Milenio Arte, Performatividad y Activismo, Programa Universidad en Verano Escuela De Biotecnolog\u00eda UST, GERO Chile, Centro de Investigaci\u00f3n e Innovaci\u00f3n para el Cambio Clim\u00e1tico Universidad Santo Tom\u00e1s, Centro de Educaci\u00f3n Ambiental Bosque Santiago PARQUEMET, Parque Zool\u00f3gico Buin Zoo, Biblioteca Viva, FAVET Universidad de Chile, Escuela de Verano Universidad de Chile Centro de Comunicaci\u00f3n de las Ciencias Universidad Aut\u00f3noma, Facultad de Ciencias Agron\u00f3micas Universidad de Chile, Universidad de Las Am\u00e9ricas y Fundaci\u00f3n Flores.<\/span><\/p>\n","protected":false},"excerpt":{"rendered":"<p>Revisa aqu\u00ed los detalles de la Fiesta de la Ciencia y la Tecnolog\u00eda 2019<\/p>\n","protected":false},"author":27,"featured_media":38894,"comment_status":"open","ping_status":"open","sticky":false,"template":"","format":"standard","meta":{"_acf_changed":false,"_exactmetrics_skip_tracking":false,"_exactmetrics_sitenote_active":false,"_exactmetrics_sitenote_note":"","_exactmetrics_sitenote_category":0,"footnotes":"","_links_to":"","_links_to_target":""},"categories":[151,136],"tags":[],"class_list":["post-38895","post","type-post","status-publish","format-standard","has-post-thumbnail","hentry","category-banner","category-lugar-1"],"acf":[],"yoast_head":"<!-- This site is optimized with the Yoast SEO plugin v26.7 - https:\/\/yoast.com\/wordpress\/plugins\/seo\/ -->\n<title>Fiesta de la Ciencia y la Tecnolog\u00eda 2019 - RM Sur Oriente<\/title>\n<meta name=\"robots\" content=\"index, follow, max-snippet:-1, max-image-preview:large, max-video-preview:-1\" \/>\n<link rel=\"canonical\" href=\"https:\/\/dev.explora.cl\/rmsuroriente\/fiesta-de-la-ciencia-y-la-tecnologia-2019\/\" class=\"yoast-seo-meta-tag\" \/>\n<meta property=\"og:locale\" content=\"es_ES\" class=\"yoast-seo-meta-tag\" \/>\n<meta property=\"og:type\" content=\"article\" class=\"yoast-seo-meta-tag\" \/>\n<meta property=\"og:title\" content=\"Fiesta de la Ciencia y la Tecnolog\u00eda 2019 - RM Sur Oriente\" class=\"yoast-seo-meta-tag\" \/>\n<meta property=\"og:description\" content=\"Revisa aqu\u00ed los detalles de la Fiesta de la Ciencia y la Tecnolog\u00eda 2019\" class=\"yoast-seo-meta-tag\" \/>\n<meta property=\"og:url\" content=\"https:\/\/dev.explora.cl\/rmsuroriente\/fiesta-de-la-ciencia-y-la-tecnologia-2019\/\" class=\"yoast-seo-meta-tag\" \/>\n<meta property=\"og:site_name\" content=\"RM Sur Oriente\" class=\"yoast-seo-meta-tag\" \/>\n<meta property=\"article:published_time\" content=\"2019-09-27T18:18:32+00:00\" class=\"yoast-seo-meta-tag\" \/>\n<meta property=\"article:modified_time\" content=\"2019-10-09T18:46:07+00:00\" class=\"yoast-seo-meta-tag\" \/>\n<meta property=\"og:image\" content=\"https:\/\/dev.explora.cl\/rmsuroriente\/wp-content\/uploads\/sites\/12\/2019\/09\/Banner-web-Fiesta-de-la-Ciencia-2019-01.jpg\" class=\"yoast-seo-meta-tag\" \/>\n\t<meta property=\"og:image:width\" content=\"725\" class=\"yoast-seo-meta-tag\" \/>\n\t<meta property=\"og:image:height\" content=\"415\" class=\"yoast-seo-meta-tag\" \/>\n\t<meta property=\"og:image:type\" content=\"image\/jpeg\" class=\"yoast-seo-meta-tag\" \/>\n<meta name=\"author\" content=\"RMSO PUC\" class=\"yoast-seo-meta-tag\" \/>\n<meta name=\"twitter:card\" content=\"summary_large_image\" class=\"yoast-seo-meta-tag\" \/>\n<meta name=\"twitter:label1\" content=\"Escrito por\" class=\"yoast-seo-meta-tag\" \/>\n\t<meta name=\"twitter:data1\" content=\"RMSO PUC\" class=\"yoast-seo-meta-tag\" \/>\n\t<meta name=\"twitter:label2\" content=\"Tiempo estimado de lectura\" class=\"yoast-seo-meta-tag\" \/>\n\t<meta name=\"twitter:data2\" content=\"3 minutos\" class=\"yoast-seo-meta-tag\" \/>\n<script type=\"application\/ld+json\" class=\"yoast-schema-graph\">{\"@context\":\"https:\/\/schema.org\",\"@graph\":[{\"@type\":\"Article\",\"@id\":\"https:\/\/dev.explora.cl\/rmsuroriente\/fiesta-de-la-ciencia-y-la-tecnologia-2019\/#article\",\"isPartOf\":{\"@id\":\"https:\/\/dev.explora.cl\/rmsuroriente\/fiesta-de-la-ciencia-y-la-tecnologia-2019\/\"},\"author\":{\"name\":\"RMSO PUC\",\"@id\":\"https:\/\/dev.explora.cl\/rmsuroriente\/#\/schema\/person\/164f0bfb03507b3d5dd75257d8e71697\"},\"headline\":\"Fiesta de la Ciencia y la Tecnolog\u00eda 2019\",\"datePublished\":\"2019-09-27T18:18:32+00:00\",\"dateModified\":\"2019-10-09T18:46:07+00:00\",\"mainEntityOfPage\":{\"@id\":\"https:\/\/dev.explora.cl\/rmsuroriente\/fiesta-de-la-ciencia-y-la-tecnologia-2019\/\"},\"wordCount\":627,\"commentCount\":0,\"publisher\":{\"@id\":\"https:\/\/dev.explora.cl\/rmsuroriente\/#organization\"},\"image\":{\"@id\":\"https:\/\/dev.explora.cl\/rmsuroriente\/fiesta-de-la-ciencia-y-la-tecnologia-2019\/#primaryimage\"},\"thumbnailUrl\":\"https:\/\/dev.explora.cl\/rmsuroriente\/wp-content\/uploads\/sites\/12\/2019\/09\/Banner-web-Fiesta-de-la-Ciencia-2019-01.jpg\",\"articleSection\":[\"Banner\",\"Lugar 1\"],\"inLanguage\":\"es-CL\",\"potentialAction\":[{\"@type\":\"CommentAction\",\"name\":\"Comment\",\"target\":[\"https:\/\/dev.explora.cl\/rmsuroriente\/fiesta-de-la-ciencia-y-la-tecnologia-2019\/#respond\"]}]},{\"@type\":\"WebPage\",\"@id\":\"https:\/\/dev.explora.cl\/rmsuroriente\/fiesta-de-la-ciencia-y-la-tecnologia-2019\/\",\"url\":\"https:\/\/dev.explora.cl\/rmsuroriente\/fiesta-de-la-ciencia-y-la-tecnologia-2019\/\",\"name\":\"Fiesta de la Ciencia y la Tecnolog\u00eda 2019 - RM Sur Oriente\",\"isPartOf\":{\"@id\":\"https:\/\/dev.explora.cl\/rmsuroriente\/#website\"},\"primaryImageOfPage\":{\"@id\":\"https:\/\/dev.explora.cl\/rmsuroriente\/fiesta-de-la-ciencia-y-la-tecnologia-2019\/#primaryimage\"},\"image\":{\"@id\":\"https:\/\/dev.explora.cl\/rmsuroriente\/fiesta-de-la-ciencia-y-la-tecnologia-2019\/#primaryimage\"},\"thumbnailUrl\":\"https:\/\/dev.explora.cl\/rmsuroriente\/wp-content\/uploads\/sites\/12\/2019\/09\/Banner-web-Fiesta-de-la-Ciencia-2019-01.jpg\",\"datePublished\":\"2019-09-27T18:18:32+00:00\",\"dateModified\":\"2019-10-09T18:46:07+00:00\",\"breadcrumb\":{\"@id\":\"https:\/\/dev.explora.cl\/rmsuroriente\/fiesta-de-la-ciencia-y-la-tecnologia-2019\/#breadcrumb\"},\"inLanguage\":\"es-CL\",\"potentialAction\":[{\"@type\":\"ReadAction\",\"target\":[\"https:\/\/dev.explora.cl\/rmsuroriente\/fiesta-de-la-ciencia-y-la-tecnologia-2019\/\"]}]},{\"@type\":\"ImageObject\",\"inLanguage\":\"es-CL\",\"@id\":\"https:\/\/dev.explora.cl\/rmsuroriente\/fiesta-de-la-ciencia-y-la-tecnologia-2019\/#primaryimage\",\"url\":\"https:\/\/dev.explora.cl\/rmsuroriente\/wp-content\/uploads\/sites\/12\/2019\/09\/Banner-web-Fiesta-de-la-Ciencia-2019-01.jpg\",\"contentUrl\":\"https:\/\/dev.explora.cl\/rmsuroriente\/wp-content\/uploads\/sites\/12\/2019\/09\/Banner-web-Fiesta-de-la-Ciencia-2019-01.jpg\",\"width\":725,\"height\":415},{\"@type\":\"BreadcrumbList\",\"@id\":\"https:\/\/dev.explora.cl\/rmsuroriente\/fiesta-de-la-ciencia-y-la-tecnologia-2019\/#breadcrumb\",\"itemListElement\":[{\"@type\":\"ListItem\",\"position\":1,\"name\":\"Portada\",\"item\":\"https:\/\/dev.explora.cl\/rmsuroriente\/\"},{\"@type\":\"ListItem\",\"position\":2,\"name\":\"Fiesta de la Ciencia y la Tecnolog\u00eda 2019\"}]},{\"@type\":\"WebSite\",\"@id\":\"https:\/\/dev.explora.cl\/rmsuroriente\/#website\",\"url\":\"https:\/\/dev.explora.cl\/rmsuroriente\/\",\"name\":\"RM Sur Oriente\",\"description\":\"Otro sitio m\u00e1s de dev.explora.cl\",\"publisher\":{\"@id\":\"https:\/\/dev.explora.cl\/rmsuroriente\/#organization\"},\"potentialAction\":[{\"@type\":\"SearchAction\",\"target\":{\"@type\":\"EntryPoint\",\"urlTemplate\":\"https:\/\/dev.explora.cl\/rmsuroriente\/?s={search_term_string}\"},\"query-input\":{\"@type\":\"PropertyValueSpecification\",\"valueRequired\":true,\"valueName\":\"search_term_string\"}}],\"inLanguage\":\"es-CL\"},{\"@type\":\"Organization\",\"@id\":\"https:\/\/dev.explora.cl\/rmsuroriente\/#organization\",\"name\":\"RM Sur Oriente\",\"url\":\"https:\/\/dev.explora.cl\/rmsuroriente\/\",\"logo\":{\"@type\":\"ImageObject\",\"inLanguage\":\"es-CL\",\"@id\":\"https:\/\/dev.explora.cl\/rmsuroriente\/#\/schema\/logo\/image\/\",\"url\":\"https:\/\/dev.explora.cl\/rmsuroriente\/wp-content\/uploads\/sites\/12\/2025\/04\/cropped-LogoPAR_RMSO-Azul-UC.png\",\"contentUrl\":\"https:\/\/dev.explora.cl\/rmsuroriente\/wp-content\/uploads\/sites\/12\/2025\/04\/cropped-LogoPAR_RMSO-Azul-UC.png\",\"width\":411,\"height\":409,\"caption\":\"RM Sur Oriente\"},\"image\":{\"@id\":\"https:\/\/dev.explora.cl\/rmsuroriente\/#\/schema\/logo\/image\/\"}},{\"@type\":\"Person\",\"@id\":\"https:\/\/dev.explora.cl\/rmsuroriente\/#\/schema\/person\/164f0bfb03507b3d5dd75257d8e71697\",\"name\":\"RMSO PUC\",\"image\":{\"@type\":\"ImageObject\",\"inLanguage\":\"es-CL\",\"@id\":\"https:\/\/dev.explora.cl\/rmsuroriente\/#\/schema\/person\/image\/\",\"url\":\"https:\/\/secure.gravatar.com\/avatar\/16f7131f033ed433ea432d3fc2b04af9756004afdb5a6b61c705d795f6425ea0?s=96&d=mm&r=g\",\"contentUrl\":\"https:\/\/secure.gravatar.com\/avatar\/16f7131f033ed433ea432d3fc2b04af9756004afdb5a6b61c705d795f6425ea0?s=96&d=mm&r=g\",\"caption\":\"RMSO PUC\"},\"url\":\"https:\/\/dev.explora.cl\/rmsuroriente\/author\/myanez\/\"}]}<\/script>\n<!-- \/ Yoast SEO plugin. -->","yoast_head_json":{"title":"Fiesta de la Ciencia y la Tecnolog\u00eda 2019 - RM Sur Oriente","robots":{"index":"index","follow":"follow","max-snippet":"max-snippet:-1","max-image-preview":"max-image-preview:large","max-video-preview":"max-video-preview:-1"},"canonical":"https:\/\/dev.explora.cl\/rmsuroriente\/fiesta-de-la-ciencia-y-la-tecnologia-2019\/","og_locale":"es_ES","og_type":"article","og_title":"Fiesta de la Ciencia y la Tecnolog\u00eda 2019 - RM Sur Oriente","og_description":"Revisa aqu\u00ed los detalles de la Fiesta de la Ciencia y la Tecnolog\u00eda 2019","og_url":"https:\/\/dev.explora.cl\/rmsuroriente\/fiesta-de-la-ciencia-y-la-tecnologia-2019\/","og_site_name":"RM Sur Oriente","article_published_time":"2019-09-27T18:18:32+00:00","article_modified_time":"2019-10-09T18:46:07+00:00","og_image":[{"width":725,"height":415,"url":"https:\/\/dev.explora.cl\/rmsuroriente\/wp-content\/uploads\/sites\/12\/2019\/09\/Banner-web-Fiesta-de-la-Ciencia-2019-01.jpg","type":"image\/jpeg"}],"author":"RMSO PUC","twitter_card":"summary_large_image","twitter_misc":{"Escrito por":"RMSO PUC","Tiempo estimado de lectura":"3 minutos"},"schema":{"@context":"https:\/\/schema.org","@graph":[{"@type":"Article","@id":"https:\/\/dev.explora.cl\/rmsuroriente\/fiesta-de-la-ciencia-y-la-tecnologia-2019\/#article","isPartOf":{"@id":"https:\/\/dev.explora.cl\/rmsuroriente\/fiesta-de-la-ciencia-y-la-tecnologia-2019\/"},"author":{"name":"RMSO PUC","@id":"https:\/\/dev.explora.cl\/rmsuroriente\/#\/schema\/person\/164f0bfb03507b3d5dd75257d8e71697"},"headline":"Fiesta de la Ciencia y la Tecnolog\u00eda 2019","datePublished":"2019-09-27T18:18:32+00:00","dateModified":"2019-10-09T18:46:07+00:00","mainEntityOfPage":{"@id":"https:\/\/dev.explora.cl\/rmsuroriente\/fiesta-de-la-ciencia-y-la-tecnologia-2019\/"},"wordCount":627,"commentCount":0,"publisher":{"@id":"https:\/\/dev.explora.cl\/rmsuroriente\/#organization"},"image":{"@id":"https:\/\/dev.explora.cl\/rmsuroriente\/fiesta-de-la-ciencia-y-la-tecnologia-2019\/#primaryimage"},"thumbnailUrl":"https:\/\/dev.explora.cl\/rmsuroriente\/wp-content\/uploads\/sites\/12\/2019\/09\/Banner-web-Fiesta-de-la-Ciencia-2019-01.jpg","articleSection":["Banner","Lugar 1"],"inLanguage":"es-CL","potentialAction":[{"@type":"CommentAction","name":"Comment","target":["https:\/\/dev.explora.cl\/rmsuroriente\/fiesta-de-la-ciencia-y-la-tecnologia-2019\/#respond"]}]},{"@type":"WebPage","@id":"https:\/\/dev.explora.cl\/rmsuroriente\/fiesta-de-la-ciencia-y-la-tecnologia-2019\/","url":"https:\/\/dev.explora.cl\/rmsuroriente\/fiesta-de-la-ciencia-y-la-tecnologia-2019\/","name":"Fiesta de la Ciencia y la Tecnolog\u00eda 2019 - RM Sur Oriente","isPartOf":{"@id":"https:\/\/dev.explora.cl\/rmsuroriente\/#website"},"primaryImageOfPage":{"@id":"https:\/\/dev.explora.cl\/rmsuroriente\/fiesta-de-la-ciencia-y-la-tecnologia-2019\/#primaryimage"},"image":{"@id":"https:\/\/dev.explora.cl\/rmsuroriente\/fiesta-de-la-ciencia-y-la-tecnologia-2019\/#primaryimage"},"thumbnailUrl":"https:\/\/dev.explora.cl\/rmsuroriente\/wp-content\/uploads\/sites\/12\/2019\/09\/Banner-web-Fiesta-de-la-Ciencia-2019-01.jpg","datePublished":"2019-09-27T18:18:32+00:00","dateModified":"2019-10-09T18:46:07+00:00","breadcrumb":{"@id":"https:\/\/dev.explora.cl\/rmsuroriente\/fiesta-de-la-ciencia-y-la-tecnologia-2019\/#breadcrumb"},"inLanguage":"es-CL","potentialAction":[{"@type":"ReadAction","target":["https:\/\/dev.explora.cl\/rmsuroriente\/fiesta-de-la-ciencia-y-la-tecnologia-2019\/"]}]},{"@type":"ImageObject","inLanguage":"es-CL","@id":"https:\/\/dev.explora.cl\/rmsuroriente\/fiesta-de-la-ciencia-y-la-tecnologia-2019\/#primaryimage","url":"https:\/\/dev.explora.cl\/rmsuroriente\/wp-content\/uploads\/sites\/12\/2019\/09\/Banner-web-Fiesta-de-la-Ciencia-2019-01.jpg","contentUrl":"https:\/\/dev.explora.cl\/rmsuroriente\/wp-content\/uploads\/sites\/12\/2019\/09\/Banner-web-Fiesta-de-la-Ciencia-2019-01.jpg","width":725,"height":415},{"@type":"BreadcrumbList","@id":"https:\/\/dev.explora.cl\/rmsuroriente\/fiesta-de-la-ciencia-y-la-tecnologia-2019\/#breadcrumb","itemListElement":[{"@type":"ListItem","position":1,"name":"Portada","item":"https:\/\/dev.explora.cl\/rmsuroriente\/"},{"@type":"ListItem","position":2,"name":"Fiesta de la Ciencia y la Tecnolog\u00eda 2019"}]},{"@type":"WebSite","@id":"https:\/\/dev.explora.cl\/rmsuroriente\/#website","url":"https:\/\/dev.explora.cl\/rmsuroriente\/","name":"RM Sur Oriente","description":"Otro sitio m\u00e1s de dev.explora.cl","publisher":{"@id":"https:\/\/dev.explora.cl\/rmsuroriente\/#organization"},"potentialAction":[{"@type":"SearchAction","target":{"@type":"EntryPoint","urlTemplate":"https:\/\/dev.explora.cl\/rmsuroriente\/?s={search_term_string}"},"query-input":{"@type":"PropertyValueSpecification","valueRequired":true,"valueName":"search_term_string"}}],"inLanguage":"es-CL"},{"@type":"Organization","@id":"https:\/\/dev.explora.cl\/rmsuroriente\/#organization","name":"RM Sur Oriente","url":"https:\/\/dev.explora.cl\/rmsuroriente\/","logo":{"@type":"ImageObject","inLanguage":"es-CL","@id":"https:\/\/dev.explora.cl\/rmsuroriente\/#\/schema\/logo\/image\/","url":"https:\/\/dev.explora.cl\/rmsuroriente\/wp-content\/uploads\/sites\/12\/2025\/04\/cropped-LogoPAR_RMSO-Azul-UC.png","contentUrl":"https:\/\/dev.explora.cl\/rmsuroriente\/wp-content\/uploads\/sites\/12\/2025\/04\/cropped-LogoPAR_RMSO-Azul-UC.png","width":411,"height":409,"caption":"RM Sur Oriente"},"image":{"@id":"https:\/\/dev.explora.cl\/rmsuroriente\/#\/schema\/logo\/image\/"}},{"@type":"Person","@id":"https:\/\/dev.explora.cl\/rmsuroriente\/#\/schema\/person\/164f0bfb03507b3d5dd75257d8e71697","name":"RMSO PUC","image":{"@type":"ImageObject","inLanguage":"es-CL","@id":"https:\/\/dev.explora.cl\/rmsuroriente\/#\/schema\/person\/image\/","url":"https:\/\/secure.gravatar.com\/avatar\/16f7131f033ed433ea432d3fc2b04af9756004afdb5a6b61c705d795f6425ea0?s=96&d=mm&r=g","contentUrl":"https:\/\/secure.gravatar.com\/avatar\/16f7131f033ed433ea432d3fc2b04af9756004afdb5a6b61c705d795f6425ea0?s=96&d=mm&r=g","caption":"RMSO PUC"},"url":"https:\/\/dev.explora.cl\/rmsuroriente\/author\/myanez\/"}]}},"_links":{"self":[{"href":"https:\/\/dev.explora.cl\/rmsuroriente\/wp-json\/wp\/v2\/posts\/38895","targetHints":{"allow":["GET"]}}],"collection":[{"href":"https:\/\/dev.explora.cl\/rmsuroriente\/wp-json\/wp\/v2\/posts"}],"about":[{"href":"https:\/\/dev.explora.cl\/rmsuroriente\/wp-json\/wp\/v2\/types\/post"}],"author":[{"embeddable":true,"href":"https:\/\/dev.explora.cl\/rmsuroriente\/wp-json\/wp\/v2\/users\/27"}],"replies":[{"embeddable":true,"href":"https:\/\/dev.explora.cl\/rmsuroriente\/wp-json\/wp\/v2\/comments?post=38895"}],"version-history":[{"count":9,"href":"https:\/\/dev.explora.cl\/rmsuroriente\/wp-json\/wp\/v2\/posts\/38895\/revisions"}],"predecessor-version":[{"id":38932,"href":"https:\/\/dev.explora.cl\/rmsuroriente\/wp-json\/wp\/v2\/posts\/38895\/revisions\/38932"}],"wp:featuredmedia":[{"embeddable":true,"href":"https:\/\/dev.explora.cl\/rmsuroriente\/wp-json\/wp\/v2\/media\/38894"}],"wp:attachment":[{"href":"https:\/\/dev.explora.cl\/rmsuroriente\/wp-json\/wp\/v2\/media?parent=38895"}],"wp:term":[{"taxonomy":"category","embeddable":true,"href":"https:\/\/dev.explora.cl\/rmsuroriente\/wp-json\/wp\/v2\/categories?post=38895"},{"taxonomy":"post_tag","embeddable":true,"href":"https:\/\/dev.explora.cl\/rmsuroriente\/wp-json\/wp\/v2\/tags?post=38895"}],"curies":[{"name":"wp","href":"https:\/\/api.w.org\/{rel}","templated":true}]}}