{"id":1508,"date":"2014-05-20T19:38:25","date_gmt":"2014-05-20T19:38:25","guid":{"rendered":"https:\/\/dev.explora.cl\/rmsuroriente\/blog\/2014\/05\/20\/plantilla-noticias-regionales-magallanes-4\/"},"modified":"2019-05-20T17:39:36","modified_gmt":"2019-05-20T17:39:36","slug":"plantilla-noticias-regionales-magallanes-4","status":"publish","type":"post","link":"https:\/\/dev.explora.cl\/rmsuroriente\/plantilla-noticias-regionales-magallanes-4\/","title":{"rendered":"Charlar para aprender"},"content":{"rendered":"<table style=\"height: 269px;width: 540px\" border=\"0\">\n<tbody>\n<tr>\n<td valign=\"top\"><img loading=\"lazy\" decoding=\"async\" class=\" size-full wp-image-2460\" src=\"http:\/\/ec2-34-218-253-251.us-west-2.compute.amazonaws.com\/wp-content\/uploads\/2014\/05\/charla_2.jpg\" alt=\"charla 2\" width=\"150\" height=\"84\" \/><\/td>\n<td>\n<p style=\"margin-top: 10px;margin-bottom: 5px;color: #444444;font-family: 'Trebuchet MS', sans-serif;font-size: 12px;line-height: 16px\"><span style=\"color: #444444;font-family: 'Trebuchet MS', sans-serif;font-size: 12px;line-height: 16px;text-align: justify\">El auditorio Ernesto Livacic de la Universidad de Magallanes (Umag) se hizo chico para acoger a los 185 estudiantes de la escuela Pedro Pablo Lemaitre y del liceo Sara Braun que asistieron a la primera jornada de Charla q\u00b4 te Charla, un ciclo de conferencias acerca de arte, ciencias sociales y conocimiento ant\u00e1rtico. La actividad estuvo organizada por EXPLORA CONICYT en conjunto con el Convenio Identidad del Fin del Mundo y el Programa Gaia Ant\u00e1rtica, ambos de la Universidad de Magallanes.<\/span><\/p>\n<\/td>\n<\/tr>\n<tr>\n<td colspan=\"2\">&nbsp; <\/p>\n<p style=\"margin-top: 10px;margin-bottom: 5px;color: #444444;font-family: 'Trebuchet MS', sans-serif;font-size: 12px;line-height: 16px;text-align: justify\">En la inauguraci\u00f3n intervino Margarita Garrido, directora del Proyecto Asociativo Regional del Programa Explora en Magallanes. Adem\u00e1s, en representaci\u00f3n de la casa de estudios se dirigieron al joven p\u00fablico Flavia Morello, coordinadora de investigaci\u00f3n del programa Identidad del Fin del Mundo y Carlos C\u00e1rdenas, director alterno de Gaia Ant\u00e1rtica.<\/p>\n<p style=\"margin-top: 10px;margin-bottom: 5px;color: #444444;font-family: 'Trebuchet MS', sans-serif;font-size: 12px;line-height: 16px;text-align: justify\">Posteriormente expusieron dos conferencistas que abordaron temas relacionados con la Ant\u00e1rtica. La primera de las charlas estuvo a cargo de Alfredo Soto, docente de la Umag, y especialista en educaci\u00f3n al aire libre y zonas remotas. Bajo el t\u00edtulo Una visi\u00f3n hol\u00edstica de las zonas polares, Soto demostr\u00f3 la trascendencia que tienen las zonas polares para la subsistencia del planeta y cont\u00f3 vivencias recogidas en sus seis viajes al continente blanco.<\/p>\n<p style=\"margin-top: 10px;margin-bottom: 5px;color: #444444;font-family: 'Trebuchet MS', sans-serif;font-size: 12px;line-height: 16px;text-align: justify\">Despu\u00e9s le toc\u00f3 el turno a Cristian Aldea, bi\u00f3logo marino y acad\u00e9mico de dicha instituci\u00f3n. Su exposici\u00f3n se titul\u00f3 La maravillosa fauna marina ant\u00e1rtica. La misma trat\u00f3 acerca de la diversa fauna que habita las fr\u00edas aguas que rodean el extremo sur de la Tierra. Asimismo, los presentes conocieron c\u00f3mo se estudian estos fondos marinos.<\/p>\n<p style=\"margin-top: 10px;margin-bottom: 5px;color: #444444;font-family: 'Trebuchet MS', sans-serif;font-size: 12px;line-height: 16px;text-align: justify\">Este ciclo de conferencias se extender\u00e1 hasta noviembre, en el auditorio Ernesto Livacic, de la universidad p\u00fablica regional. Todos los viernes, a partir de las 11:00 horas, estudiantes de 7\u00b0 y 8\u00b0 b\u00e1sico, y de 1\u00b0 a 4\u00b0 medio, podr\u00e1n&nbsp;<img loading=\"lazy\" decoding=\"async\" style=\"margin: 5px;float: right\" src=\"https:\/\/dev.explora.cl\/images_new\/SitiosRegionales-XIIRegion\/charla_3.jpg\" alt=\"charla_3\" width=\"150\" height=\"84\" \/>aprender a trav\u00e9s de las experiencias de especialistas en arte, ciencias sociales y conocimiento ant\u00e1rtico. Cada conferencia tendr\u00e1 una duraci\u00f3n de 20 minutos, y se dedicar\u00e1n otros 10 minutos a las preguntas que quieran formular los asistentes.<\/p>\n<p style=\"margin-top: 10px;margin-bottom: 5px;color: #444444;font-family: 'Trebuchet MS', sans-serif;font-size: 12px;line-height: 16px;text-align: justify\">Las pr\u00f3ximas presentaciones, el viernes 23 de junio, estar\u00e1n dedicadas a la identidad regional. Los ponentes de ese d\u00eda ser\u00e1n el escritor, folclorista e investigador costumbrista Mario Moreno y la artista visual Andrea Araneda.<\/p>\n<p style=\"margin-top: 10px;margin-bottom: 5px;color: #444444;font-family: 'Trebuchet MS', sans-serif;font-size: 12px;line-height: 16px;text-align: justify\">Todas las charlas son grabadas por el canal Umag TV, y ser\u00e1n emitidas posteriormente por esta se\u00f1al televisiva.<\/p>\n<p style=\"margin-top: 10px;margin-bottom: 5px;color: #444444;font-family: 'Trebuchet MS', sans-serif;font-size: 12px;line-height: 16px;text-align: justify\">Los colegios interesados en asistir a este ciclo de conferencias pueden contactarse al correo electr\u00f3nico<a style=\"color: #007399\" href=\"mailto:magallanes.explora@gmail.com\">magallanes.explora@gmail.com<\/a>.<\/p>\n<\/td>\n<\/tr>\n<\/tbody>\n<\/table>\n","protected":false},"excerpt":{"rendered":"<p>El auditorio Ernesto Livacic de la Universidad de Magallanes (Umag) se hizo chico para acoger a los 185 estudiantes de la escuela Pedro Pablo Lemaitre y del liceo Sara Braun que asistieron a la primera jornada de Charla q\u00b4 te Charla, un ciclo de conferencias acerca de arte, ciencias sociales y conocimiento ant\u00e1rtico. La actividad [&hellip;]<\/p>\n","protected":false},"author":2,"featured_media":2460,"comment_status":"closed","ping_status":"open","sticky":false,"template":"","format":"standard","meta":{"_acf_changed":false,"_exactmetrics_skip_tracking":false,"_exactmetrics_sitenote_active":false,"_exactmetrics_sitenote_note":"","_exactmetrics_sitenote_category":0,"footnotes":"","_links_to":"","_links_to_target":""},"categories":[4],"tags":[],"class_list":["post-1508","post","type-post","status-publish","format-standard","has-post-thumbnail","hentry","category-noticias"],"acf":[],"yoast_head":"<!-- This site is optimized with the Yoast SEO plugin v26.7 - https:\/\/yoast.com\/wordpress\/plugins\/seo\/ -->\n<title>Charlar para aprender - RM Sur Oriente<\/title>\n<meta name=\"robots\" content=\"index, follow, max-snippet:-1, max-image-preview:large, max-video-preview:-1\" \/>\n<link rel=\"canonical\" href=\"https:\/\/dev.explora.cl\/rmsuroriente\/plantilla-noticias-regionales-magallanes-4\/\" class=\"yoast-seo-meta-tag\" \/>\n<meta property=\"og:locale\" content=\"es_ES\" class=\"yoast-seo-meta-tag\" \/>\n<meta property=\"og:type\" content=\"article\" class=\"yoast-seo-meta-tag\" \/>\n<meta property=\"og:title\" content=\"Charlar para aprender - RM Sur Oriente\" class=\"yoast-seo-meta-tag\" \/>\n<meta property=\"og:description\" content=\"El auditorio Ernesto Livacic de la Universidad de Magallanes (Umag) se hizo chico para acoger a los 185 estudiantes de la escuela Pedro Pablo Lemaitre y del liceo Sara Braun que asistieron a la primera jornada de Charla q\u00b4 te Charla, un ciclo de conferencias acerca de arte, ciencias sociales y conocimiento ant\u00e1rtico. La actividad [&hellip;]\" class=\"yoast-seo-meta-tag\" \/>\n<meta property=\"og:url\" content=\"https:\/\/dev.explora.cl\/rmsuroriente\/plantilla-noticias-regionales-magallanes-4\/\" class=\"yoast-seo-meta-tag\" \/>\n<meta property=\"og:site_name\" content=\"RM Sur Oriente\" class=\"yoast-seo-meta-tag\" \/>\n<meta property=\"article:published_time\" content=\"2014-05-20T19:38:25+00:00\" class=\"yoast-seo-meta-tag\" \/>\n<meta property=\"article:modified_time\" content=\"2019-05-20T17:39:36+00:00\" class=\"yoast-seo-meta-tag\" \/>\n<meta name=\"author\" content=\"webman\" class=\"yoast-seo-meta-tag\" \/>\n<meta name=\"twitter:card\" content=\"summary_large_image\" class=\"yoast-seo-meta-tag\" \/>\n<meta name=\"twitter:label1\" content=\"Escrito por\" class=\"yoast-seo-meta-tag\" \/>\n\t<meta name=\"twitter:data1\" content=\"webman\" class=\"yoast-seo-meta-tag\" \/>\n\t<meta name=\"twitter:label2\" content=\"Tiempo estimado de lectura\" class=\"yoast-seo-meta-tag\" \/>\n\t<meta name=\"twitter:data2\" content=\"2 minutos\" class=\"yoast-seo-meta-tag\" \/>\n<script type=\"application\/ld+json\" class=\"yoast-schema-graph\">{\"@context\":\"https:\/\/schema.org\",\"@graph\":[{\"@type\":\"Article\",\"@id\":\"https:\/\/dev.explora.cl\/rmsuroriente\/plantilla-noticias-regionales-magallanes-4\/#article\",\"isPartOf\":{\"@id\":\"https:\/\/dev.explora.cl\/rmsuroriente\/plantilla-noticias-regionales-magallanes-4\/\"},\"author\":{\"name\":\"webman\",\"@id\":\"https:\/\/dev.explora.cl\/rmsuroriente\/#\/schema\/person\/cb8349c13ea2d324080adf8480d7ba5d\"},\"headline\":\"Charlar para aprender\",\"datePublished\":\"2014-05-20T19:38:25+00:00\",\"dateModified\":\"2019-05-20T17:39:36+00:00\",\"mainEntityOfPage\":{\"@id\":\"https:\/\/dev.explora.cl\/rmsuroriente\/plantilla-noticias-regionales-magallanes-4\/\"},\"wordCount\":435,\"publisher\":{\"@id\":\"https:\/\/dev.explora.cl\/rmsuroriente\/#organization\"},\"image\":{\"@id\":\"https:\/\/dev.explora.cl\/rmsuroriente\/plantilla-noticias-regionales-magallanes-4\/#primaryimage\"},\"thumbnailUrl\":\"\",\"articleSection\":[\"Noticias\"],\"inLanguage\":\"es-CL\"},{\"@type\":\"WebPage\",\"@id\":\"https:\/\/dev.explora.cl\/rmsuroriente\/plantilla-noticias-regionales-magallanes-4\/\",\"url\":\"https:\/\/dev.explora.cl\/rmsuroriente\/plantilla-noticias-regionales-magallanes-4\/\",\"name\":\"Charlar para aprender - RM Sur Oriente\",\"isPartOf\":{\"@id\":\"https:\/\/dev.explora.cl\/rmsuroriente\/#website\"},\"primaryImageOfPage\":{\"@id\":\"https:\/\/dev.explora.cl\/rmsuroriente\/plantilla-noticias-regionales-magallanes-4\/#primaryimage\"},\"image\":{\"@id\":\"https:\/\/dev.explora.cl\/rmsuroriente\/plantilla-noticias-regionales-magallanes-4\/#primaryimage\"},\"thumbnailUrl\":\"\",\"datePublished\":\"2014-05-20T19:38:25+00:00\",\"dateModified\":\"2019-05-20T17:39:36+00:00\",\"breadcrumb\":{\"@id\":\"https:\/\/dev.explora.cl\/rmsuroriente\/plantilla-noticias-regionales-magallanes-4\/#breadcrumb\"},\"inLanguage\":\"es-CL\",\"potentialAction\":[{\"@type\":\"ReadAction\",\"target\":[\"https:\/\/dev.explora.cl\/rmsuroriente\/plantilla-noticias-regionales-magallanes-4\/\"]}]},{\"@type\":\"ImageObject\",\"inLanguage\":\"es-CL\",\"@id\":\"https:\/\/dev.explora.cl\/rmsuroriente\/plantilla-noticias-regionales-magallanes-4\/#primaryimage\",\"url\":\"\",\"contentUrl\":\"\"},{\"@type\":\"BreadcrumbList\",\"@id\":\"https:\/\/dev.explora.cl\/rmsuroriente\/plantilla-noticias-regionales-magallanes-4\/#breadcrumb\",\"itemListElement\":[{\"@type\":\"ListItem\",\"position\":1,\"name\":\"Portada\",\"item\":\"https:\/\/dev.explora.cl\/rmsuroriente\/\"},{\"@type\":\"ListItem\",\"position\":2,\"name\":\"Charlar para aprender\"}]},{\"@type\":\"WebSite\",\"@id\":\"https:\/\/dev.explora.cl\/rmsuroriente\/#website\",\"url\":\"https:\/\/dev.explora.cl\/rmsuroriente\/\",\"name\":\"RM Sur Oriente\",\"description\":\"Otro sitio m\u00e1s de dev.explora.cl\",\"publisher\":{\"@id\":\"https:\/\/dev.explora.cl\/rmsuroriente\/#organization\"},\"potentialAction\":[{\"@type\":\"SearchAction\",\"target\":{\"@type\":\"EntryPoint\",\"urlTemplate\":\"https:\/\/dev.explora.cl\/rmsuroriente\/?s={search_term_string}\"},\"query-input\":{\"@type\":\"PropertyValueSpecification\",\"valueRequired\":true,\"valueName\":\"search_term_string\"}}],\"inLanguage\":\"es-CL\"},{\"@type\":\"Organization\",\"@id\":\"https:\/\/dev.explora.cl\/rmsuroriente\/#organization\",\"name\":\"RM Sur Oriente\",\"url\":\"https:\/\/dev.explora.cl\/rmsuroriente\/\",\"logo\":{\"@type\":\"ImageObject\",\"inLanguage\":\"es-CL\",\"@id\":\"https:\/\/dev.explora.cl\/rmsuroriente\/#\/schema\/logo\/image\/\",\"url\":\"https:\/\/dev.explora.cl\/rmsuroriente\/wp-content\/uploads\/sites\/12\/2025\/04\/cropped-LogoPAR_RMSO-Azul-UC.png\",\"contentUrl\":\"https:\/\/dev.explora.cl\/rmsuroriente\/wp-content\/uploads\/sites\/12\/2025\/04\/cropped-LogoPAR_RMSO-Azul-UC.png\",\"width\":411,\"height\":409,\"caption\":\"RM Sur Oriente\"},\"image\":{\"@id\":\"https:\/\/dev.explora.cl\/rmsuroriente\/#\/schema\/logo\/image\/\"}},{\"@type\":\"Person\",\"@id\":\"https:\/\/dev.explora.cl\/rmsuroriente\/#\/schema\/person\/cb8349c13ea2d324080adf8480d7ba5d\",\"name\":\"webman\",\"image\":{\"@type\":\"ImageObject\",\"inLanguage\":\"es-CL\",\"@id\":\"https:\/\/dev.explora.cl\/rmsuroriente\/#\/schema\/person\/image\/\",\"url\":\"https:\/\/secure.gravatar.com\/avatar\/eeff3c82f2c02f7177d13663b7e6f890e9a6a0647ce9bb29cae02dcb094c7312?s=96&d=mm&r=g\",\"contentUrl\":\"https:\/\/secure.gravatar.com\/avatar\/eeff3c82f2c02f7177d13663b7e6f890e9a6a0647ce9bb29cae02dcb094c7312?s=96&d=mm&r=g\",\"caption\":\"webman\"},\"url\":\"https:\/\/dev.explora.cl\/rmsuroriente\/author\/webman\/\"}]}<\/script>\n<!-- \/ Yoast SEO plugin. -->","yoast_head_json":{"title":"Charlar para aprender - RM Sur Oriente","robots":{"index":"index","follow":"follow","max-snippet":"max-snippet:-1","max-image-preview":"max-image-preview:large","max-video-preview":"max-video-preview:-1"},"canonical":"https:\/\/dev.explora.cl\/rmsuroriente\/plantilla-noticias-regionales-magallanes-4\/","og_locale":"es_ES","og_type":"article","og_title":"Charlar para aprender - RM Sur Oriente","og_description":"El auditorio Ernesto Livacic de la Universidad de Magallanes (Umag) se hizo chico para acoger a los 185 estudiantes de la escuela Pedro Pablo Lemaitre y del liceo Sara Braun que asistieron a la primera jornada de Charla q\u00b4 te Charla, un ciclo de conferencias acerca de arte, ciencias sociales y conocimiento ant\u00e1rtico. La actividad [&hellip;]","og_url":"https:\/\/dev.explora.cl\/rmsuroriente\/plantilla-noticias-regionales-magallanes-4\/","og_site_name":"RM Sur Oriente","article_published_time":"2014-05-20T19:38:25+00:00","article_modified_time":"2019-05-20T17:39:36+00:00","author":"webman","twitter_card":"summary_large_image","twitter_misc":{"Escrito por":"webman","Tiempo estimado de lectura":"2 minutos"},"schema":{"@context":"https:\/\/schema.org","@graph":[{"@type":"Article","@id":"https:\/\/dev.explora.cl\/rmsuroriente\/plantilla-noticias-regionales-magallanes-4\/#article","isPartOf":{"@id":"https:\/\/dev.explora.cl\/rmsuroriente\/plantilla-noticias-regionales-magallanes-4\/"},"author":{"name":"webman","@id":"https:\/\/dev.explora.cl\/rmsuroriente\/#\/schema\/person\/cb8349c13ea2d324080adf8480d7ba5d"},"headline":"Charlar para aprender","datePublished":"2014-05-20T19:38:25+00:00","dateModified":"2019-05-20T17:39:36+00:00","mainEntityOfPage":{"@id":"https:\/\/dev.explora.cl\/rmsuroriente\/plantilla-noticias-regionales-magallanes-4\/"},"wordCount":435,"publisher":{"@id":"https:\/\/dev.explora.cl\/rmsuroriente\/#organization"},"image":{"@id":"https:\/\/dev.explora.cl\/rmsuroriente\/plantilla-noticias-regionales-magallanes-4\/#primaryimage"},"thumbnailUrl":"","articleSection":["Noticias"],"inLanguage":"es-CL"},{"@type":"WebPage","@id":"https:\/\/dev.explora.cl\/rmsuroriente\/plantilla-noticias-regionales-magallanes-4\/","url":"https:\/\/dev.explora.cl\/rmsuroriente\/plantilla-noticias-regionales-magallanes-4\/","name":"Charlar para aprender - RM Sur Oriente","isPartOf":{"@id":"https:\/\/dev.explora.cl\/rmsuroriente\/#website"},"primaryImageOfPage":{"@id":"https:\/\/dev.explora.cl\/rmsuroriente\/plantilla-noticias-regionales-magallanes-4\/#primaryimage"},"image":{"@id":"https:\/\/dev.explora.cl\/rmsuroriente\/plantilla-noticias-regionales-magallanes-4\/#primaryimage"},"thumbnailUrl":"","datePublished":"2014-05-20T19:38:25+00:00","dateModified":"2019-05-20T17:39:36+00:00","breadcrumb":{"@id":"https:\/\/dev.explora.cl\/rmsuroriente\/plantilla-noticias-regionales-magallanes-4\/#breadcrumb"},"inLanguage":"es-CL","potentialAction":[{"@type":"ReadAction","target":["https:\/\/dev.explora.cl\/rmsuroriente\/plantilla-noticias-regionales-magallanes-4\/"]}]},{"@type":"ImageObject","inLanguage":"es-CL","@id":"https:\/\/dev.explora.cl\/rmsuroriente\/plantilla-noticias-regionales-magallanes-4\/#primaryimage","url":"","contentUrl":""},{"@type":"BreadcrumbList","@id":"https:\/\/dev.explora.cl\/rmsuroriente\/plantilla-noticias-regionales-magallanes-4\/#breadcrumb","itemListElement":[{"@type":"ListItem","position":1,"name":"Portada","item":"https:\/\/dev.explora.cl\/rmsuroriente\/"},{"@type":"ListItem","position":2,"name":"Charlar para aprender"}]},{"@type":"WebSite","@id":"https:\/\/dev.explora.cl\/rmsuroriente\/#website","url":"https:\/\/dev.explora.cl\/rmsuroriente\/","name":"RM Sur Oriente","description":"Otro sitio m\u00e1s de dev.explora.cl","publisher":{"@id":"https:\/\/dev.explora.cl\/rmsuroriente\/#organization"},"potentialAction":[{"@type":"SearchAction","target":{"@type":"EntryPoint","urlTemplate":"https:\/\/dev.explora.cl\/rmsuroriente\/?s={search_term_string}"},"query-input":{"@type":"PropertyValueSpecification","valueRequired":true,"valueName":"search_term_string"}}],"inLanguage":"es-CL"},{"@type":"Organization","@id":"https:\/\/dev.explora.cl\/rmsuroriente\/#organization","name":"RM Sur Oriente","url":"https:\/\/dev.explora.cl\/rmsuroriente\/","logo":{"@type":"ImageObject","inLanguage":"es-CL","@id":"https:\/\/dev.explora.cl\/rmsuroriente\/#\/schema\/logo\/image\/","url":"https:\/\/dev.explora.cl\/rmsuroriente\/wp-content\/uploads\/sites\/12\/2025\/04\/cropped-LogoPAR_RMSO-Azul-UC.png","contentUrl":"https:\/\/dev.explora.cl\/rmsuroriente\/wp-content\/uploads\/sites\/12\/2025\/04\/cropped-LogoPAR_RMSO-Azul-UC.png","width":411,"height":409,"caption":"RM Sur Oriente"},"image":{"@id":"https:\/\/dev.explora.cl\/rmsuroriente\/#\/schema\/logo\/image\/"}},{"@type":"Person","@id":"https:\/\/dev.explora.cl\/rmsuroriente\/#\/schema\/person\/cb8349c13ea2d324080adf8480d7ba5d","name":"webman","image":{"@type":"ImageObject","inLanguage":"es-CL","@id":"https:\/\/dev.explora.cl\/rmsuroriente\/#\/schema\/person\/image\/","url":"https:\/\/secure.gravatar.com\/avatar\/eeff3c82f2c02f7177d13663b7e6f890e9a6a0647ce9bb29cae02dcb094c7312?s=96&d=mm&r=g","contentUrl":"https:\/\/secure.gravatar.com\/avatar\/eeff3c82f2c02f7177d13663b7e6f890e9a6a0647ce9bb29cae02dcb094c7312?s=96&d=mm&r=g","caption":"webman"},"url":"https:\/\/dev.explora.cl\/rmsuroriente\/author\/webman\/"}]}},"_links":{"self":[{"href":"https:\/\/dev.explora.cl\/rmsuroriente\/wp-json\/wp\/v2\/posts\/1508","targetHints":{"allow":["GET"]}}],"collection":[{"href":"https:\/\/dev.explora.cl\/rmsuroriente\/wp-json\/wp\/v2\/posts"}],"about":[{"href":"https:\/\/dev.explora.cl\/rmsuroriente\/wp-json\/wp\/v2\/types\/post"}],"author":[{"embeddable":true,"href":"https:\/\/dev.explora.cl\/rmsuroriente\/wp-json\/wp\/v2\/users\/2"}],"replies":[{"embeddable":true,"href":"https:\/\/dev.explora.cl\/rmsuroriente\/wp-json\/wp\/v2\/comments?post=1508"}],"version-history":[{"count":1,"href":"https:\/\/dev.explora.cl\/rmsuroriente\/wp-json\/wp\/v2\/posts\/1508\/revisions"}],"predecessor-version":[{"id":38341,"href":"https:\/\/dev.explora.cl\/rmsuroriente\/wp-json\/wp\/v2\/posts\/1508\/revisions\/38341"}],"wp:featuredmedia":[{"embeddable":true,"href":"https:\/\/dev.explora.cl\/rmsuroriente\/wp-json\/"}],"wp:attachment":[{"href":"https:\/\/dev.explora.cl\/rmsuroriente\/wp-json\/wp\/v2\/media?parent=1508"}],"wp:term":[{"taxonomy":"category","embeddable":true,"href":"https:\/\/dev.explora.cl\/rmsuroriente\/wp-json\/wp\/v2\/categories?post=1508"},{"taxonomy":"post_tag","embeddable":true,"href":"https:\/\/dev.explora.cl\/rmsuroriente\/wp-json\/wp\/v2\/tags?post=1508"}],"curies":[{"name":"wp","href":"https:\/\/api.w.org\/{rel}","templated":true}]}}