{"id":1504,"date":"2014-05-20T19:40:53","date_gmt":"2014-05-20T19:40:53","guid":{"rendered":"https:\/\/dev.explora.cl\/rmsuroriente\/blog\/2014\/05\/20\/plantilla-noticias-regionales-magallanes-6\/"},"modified":"2019-05-20T17:39:35","modified_gmt":"2019-05-20T17:39:35","slug":"plantilla-noticias-regionales-magallanes-6","status":"publish","type":"post","link":"https:\/\/dev.explora.cl\/rmsuroriente\/plantilla-noticias-regionales-magallanes-6\/","title":{"rendered":"La fascinaci\u00f3n por lo verde"},"content":{"rendered":"<table style=\"height: 269px;width: 540px\" border=\"0\">\n<tbody>\n<tr>\n<td valign=\"top\"><img loading=\"lazy\" decoding=\"async\" class=\" size-full wp-image-2463\" src=\"http:\/\/ec2-34-218-253-251.us-west-2.compute.amazonaws.com\/wp-content\/uploads\/2014\/05\/Plantas_2.jpg\" alt=\"Plantas 2\" width=\"150\" height=\"112\" \/><\/td>\n<td>\n<p style=\"margin-top: 10px;margin-bottom: 5px;color: #444444;font-family: 'Trebuchet MS', sans-serif;font-size: 12px;line-height: 16px;text-align: justify\"><span style=\"color: #444444;font-family: 'Trebuchet MS', sans-serif;font-size: 12px;line-height: 16px;text-align: justify\">Grandes, muy verdes, con espinas, con hermosas flores, con ricos frutos\u2026 las plantas son diversas y las encontramos a cada paso de nuestras vidas. Es por ello que el 18 de mayo, se les dedic\u00f3 una conmemoraci\u00f3n: el D\u00eda Internacional de la Fascinaci\u00f3n por las Plantas.<\/span><\/p>\n<\/td>\n<\/tr>\n<tr>\n<td colspan=\"2\">&nbsp; <\/p>\n<p style=\"margin-top: 10px;margin-bottom: 5px;color: #444444;font-family: 'Trebuchet MS', sans-serif;font-size: 12px;line-height: 16px;text-align: justify\">EXPLORA se sum\u00f3 a esta celebraci\u00f3n, en conjunto con la Universidad de Magallanes (Umag) y con el apoyo del Servicio Agr\u00edcola Ganadero (Sag), del Instituto Ant\u00e1rtico Chileno (Inach) y de la Corporaci\u00f3n Nacional Forestal (Conaf), invitaron a los escolares de Punta Arenas a conocer y a asombrarse con estos seres vivos, el pasado viernes 16 de mayo.<\/p>\n<p style=\"margin-top: 10px;margin-bottom: 5px;color: #444444;font-family: 'Trebuchet MS', sans-serif;font-size: 12px;line-height: 16px;text-align: justify\">La jornada comenz\u00f3 con una conferencia acerca de la vegetaci\u00f3n de Chile, destacando las principales plantas que se encuentran a lo largo de nuestro pa\u00eds. La misma se efectu\u00f3 en la sala Terra Australis de la universidad p\u00fablica regional, con la presencia de alumnos del Liceo Experimental (Leumag) y del Colegio Alem\u00e1n. En palabras del expositor, Rodrigo Villa, investigador de la Universidad de Magallanes, durante su exposici\u00f3n \u00e9l quiso trasmitirle a los presentes que las plantas \u201clas usamos todos los d\u00edas, y por eso tienen una gran relevancia, sin darnos cuenta, ya sea en la alimentaci\u00f3n o en la medicina popular o formal, y lo que tenemos en cuanto a diversidad de plantas en nuestro pa\u00eds no lo encontramos en cualquier lado&#8221;.<\/p>\n<p style=\"margin-top: 10px;margin-bottom: 5px;color: #444444;font-family: 'Trebuchet MS', sans-serif;font-size: 12px;line-height: 16px;text-align: justify\">Despu\u00e9s, 120 estudiantes de 5 colegios de Punta Arenas, desde k\u00ednder hasta 4\u00b0 medio, llegaron al Centro Hort\u00edcola de la Umag. Los establecimientos educacionales que participaron fueron el Cruz del Sur, Charles Darwin, Leumag, Colegio Alem\u00e1n, y Escuela Villa las Nieves. Esta \u00faltima asisti\u00f3 con los integrantes del grupo Forjadores Ambientales, quienes no se quisieron perder la actividad, a pesar de que no ten\u00edan clases ese d\u00eda.<\/p>\n<p style=\"margin-top: 10px;margin-bottom: 5px;color: #444444;font-family: 'Trebuchet MS', sans-serif;font-size: 12px;line-height: 16px;text-align: justify\">Durante la estad\u00eda en este recinto pudieron visitar diferentes m\u00f3dulos, donde aprendieron las bases del cultivo in<img loading=\"lazy\" decoding=\"async\" style=\"margin: 5px;float: right\" src=\"https:\/\/dev.explora.cl\/images_new\/SitiosRegionales-XIIRegion\/Plantas_3.jpg\" alt=\"Plantas_3\" width=\"150\" height=\"112\" \/>vitro, el reconocimiento de semillas, observaron f\u00f3siles en los microscopios, aprendieron un poco de horticultura y de la labor del Laboratorio de Gen\u00e9tica Vegetal que all\u00ed se ubica; los m\u00e1s chiquititos dibujaron su experiencia con las plantas.<\/p>\n<p style=\"margin-top: 10px;margin-bottom: 5px;color: #444444;font-family: 'Trebuchet MS', sans-serif;font-size: 12px;line-height: 16px;text-align: justify\">Antonia Aliaga, estudiante de 7\u00b0 b\u00e1sico del Colegio Alem\u00e1n, fue una de las asistentes. Ella plant\u00f3 frutillas, una labor que, seg\u00fan cont\u00f3, era la primera vez que realizaba. Ahora espera poder replicar lo aprendido en casa porque &#8220;a mi mam\u00e1 le gustan harto las plantas, as\u00ed que voy a intentar hacerlo&#8221;, confidenci\u00f3.<\/p>\n<p style=\"margin-top: 10px;margin-bottom: 5px;color: #444444;font-family: 'Trebuchet MS', sans-serif;font-size: 12px;line-height: 16px;text-align: justify\">Los profesores que asistieron tambi\u00e9n valoraron positivamente esta instancia. Paul Villegas, profesor de Qu\u00edmica, fue uno de los que lleg\u00f3 a esta celebraci\u00f3n con sus estudiantes de 4\u00b0 medio del Leumag. Seg\u00fan explic\u00f3, esta actividad &#8220;calza con una unidad de trabajo que est\u00e1n haciendo ellos con respecto a lo que es plantas, fitoterapia&#8230; y est\u00e1n tremendamente motivados, entretenidos&#8221;.<\/p>\n<p style=\"margin-top: 10px;margin-bottom: 5px;color: #444444;font-family: 'Trebuchet MS', sans-serif;font-size: 12px;line-height: 16px;text-align: justify\">Ahora habr\u00e1 que esperar otro a\u00f1o para esta conmemoraci\u00f3n, pero seguro nos seguiremos fascinando con las plantas que llenan de verde nuestros espacios, que nos alimentan con ricos nutrientes o que nos sanan, porque ellas estar\u00e1n all\u00ed, compartiendo este maravilloso espacio que es nuestra Tierra.<\/p>\n<p style=\"margin-top: 10px;margin-bottom: 5px;color: #444444;font-family: 'Trebuchet MS', sans-serif;font-size: 12px;line-height: 16px;text-align: justify\">La conmemoraci\u00f3n del D\u00eda Internacional de la Fascinaci\u00f3n por las Plantas, es una iniciativa que nace en 2012, promovida por la European Plant Science Organization, EPSO, para recordar la importancia que tienen las plantas en la subsistencia de otros seres vivos y en la conservaci\u00f3n del ambiente. Adem\u00e1s, para resaltar la trascendencia de la investigaci\u00f3n en este campo. A la celebraci\u00f3n ya se han sumado m\u00e1s de 30 pa\u00edses, incluido Chile.<\/p>\n<\/td>\n<\/tr>\n<\/tbody>\n<\/table>\n","protected":false},"excerpt":{"rendered":"<p>Grandes, muy verdes, con espinas, con hermosas flores, con ricos frutos\u2026 las plantas son diversas y las encontramos a cada paso de nuestras vidas. Es por ello que el 18 de mayo, se les dedic\u00f3 una conmemoraci\u00f3n: el D\u00eda Internacional de la Fascinaci\u00f3n por las Plantas. &nbsp; EXPLORA se sum\u00f3 a esta celebraci\u00f3n, en conjunto [&hellip;]<\/p>\n","protected":false},"author":2,"featured_media":2463,"comment_status":"closed","ping_status":"open","sticky":false,"template":"","format":"standard","meta":{"_acf_changed":false,"_exactmetrics_skip_tracking":false,"_exactmetrics_sitenote_active":false,"_exactmetrics_sitenote_note":"","_exactmetrics_sitenote_category":0,"footnotes":"","_links_to":"","_links_to_target":""},"categories":[4],"tags":[],"class_list":["post-1504","post","type-post","status-publish","format-standard","has-post-thumbnail","hentry","category-noticias"],"acf":[],"yoast_head":"<!-- This site is optimized with the Yoast SEO plugin v26.7 - https:\/\/yoast.com\/wordpress\/plugins\/seo\/ -->\n<title>La fascinaci\u00f3n por lo verde - RM Sur Oriente<\/title>\n<meta name=\"robots\" content=\"index, follow, max-snippet:-1, max-image-preview:large, max-video-preview:-1\" \/>\n<link rel=\"canonical\" href=\"https:\/\/dev.explora.cl\/rmsuroriente\/plantilla-noticias-regionales-magallanes-6\/\" class=\"yoast-seo-meta-tag\" \/>\n<meta property=\"og:locale\" content=\"es_ES\" class=\"yoast-seo-meta-tag\" \/>\n<meta property=\"og:type\" content=\"article\" class=\"yoast-seo-meta-tag\" \/>\n<meta property=\"og:title\" content=\"La fascinaci\u00f3n por lo verde - RM Sur Oriente\" class=\"yoast-seo-meta-tag\" \/>\n<meta property=\"og:description\" content=\"Grandes, muy verdes, con espinas, con hermosas flores, con ricos frutos\u2026 las plantas son diversas y las encontramos a cada paso de nuestras vidas. Es por ello que el 18 de mayo, se les dedic\u00f3 una conmemoraci\u00f3n: el D\u00eda Internacional de la Fascinaci\u00f3n por las Plantas. &nbsp; EXPLORA se sum\u00f3 a esta celebraci\u00f3n, en conjunto [&hellip;]\" class=\"yoast-seo-meta-tag\" \/>\n<meta property=\"og:url\" content=\"https:\/\/dev.explora.cl\/rmsuroriente\/plantilla-noticias-regionales-magallanes-6\/\" class=\"yoast-seo-meta-tag\" \/>\n<meta property=\"og:site_name\" content=\"RM Sur Oriente\" class=\"yoast-seo-meta-tag\" \/>\n<meta property=\"article:published_time\" content=\"2014-05-20T19:40:53+00:00\" class=\"yoast-seo-meta-tag\" \/>\n<meta property=\"article:modified_time\" content=\"2019-05-20T17:39:35+00:00\" class=\"yoast-seo-meta-tag\" \/>\n<meta name=\"author\" content=\"webman\" class=\"yoast-seo-meta-tag\" \/>\n<meta name=\"twitter:card\" content=\"summary_large_image\" class=\"yoast-seo-meta-tag\" \/>\n<meta name=\"twitter:label1\" content=\"Escrito por\" class=\"yoast-seo-meta-tag\" \/>\n\t<meta name=\"twitter:data1\" content=\"webman\" class=\"yoast-seo-meta-tag\" \/>\n\t<meta name=\"twitter:label2\" content=\"Tiempo estimado de lectura\" class=\"yoast-seo-meta-tag\" \/>\n\t<meta name=\"twitter:data2\" content=\"3 minutos\" class=\"yoast-seo-meta-tag\" \/>\n<script type=\"application\/ld+json\" class=\"yoast-schema-graph\">{\"@context\":\"https:\/\/schema.org\",\"@graph\":[{\"@type\":\"Article\",\"@id\":\"https:\/\/dev.explora.cl\/rmsuroriente\/plantilla-noticias-regionales-magallanes-6\/#article\",\"isPartOf\":{\"@id\":\"https:\/\/dev.explora.cl\/rmsuroriente\/plantilla-noticias-regionales-magallanes-6\/\"},\"author\":{\"name\":\"webman\",\"@id\":\"https:\/\/dev.explora.cl\/rmsuroriente\/#\/schema\/person\/cb8349c13ea2d324080adf8480d7ba5d\"},\"headline\":\"La fascinaci\u00f3n por lo verde\",\"datePublished\":\"2014-05-20T19:40:53+00:00\",\"dateModified\":\"2019-05-20T17:39:35+00:00\",\"mainEntityOfPage\":{\"@id\":\"https:\/\/dev.explora.cl\/rmsuroriente\/plantilla-noticias-regionales-magallanes-6\/\"},\"wordCount\":616,\"publisher\":{\"@id\":\"https:\/\/dev.explora.cl\/rmsuroriente\/#organization\"},\"image\":{\"@id\":\"https:\/\/dev.explora.cl\/rmsuroriente\/plantilla-noticias-regionales-magallanes-6\/#primaryimage\"},\"thumbnailUrl\":\"\",\"articleSection\":[\"Noticias\"],\"inLanguage\":\"es-CL\"},{\"@type\":\"WebPage\",\"@id\":\"https:\/\/dev.explora.cl\/rmsuroriente\/plantilla-noticias-regionales-magallanes-6\/\",\"url\":\"https:\/\/dev.explora.cl\/rmsuroriente\/plantilla-noticias-regionales-magallanes-6\/\",\"name\":\"La fascinaci\u00f3n por lo verde - RM Sur Oriente\",\"isPartOf\":{\"@id\":\"https:\/\/dev.explora.cl\/rmsuroriente\/#website\"},\"primaryImageOfPage\":{\"@id\":\"https:\/\/dev.explora.cl\/rmsuroriente\/plantilla-noticias-regionales-magallanes-6\/#primaryimage\"},\"image\":{\"@id\":\"https:\/\/dev.explora.cl\/rmsuroriente\/plantilla-noticias-regionales-magallanes-6\/#primaryimage\"},\"thumbnailUrl\":\"\",\"datePublished\":\"2014-05-20T19:40:53+00:00\",\"dateModified\":\"2019-05-20T17:39:35+00:00\",\"breadcrumb\":{\"@id\":\"https:\/\/dev.explora.cl\/rmsuroriente\/plantilla-noticias-regionales-magallanes-6\/#breadcrumb\"},\"inLanguage\":\"es-CL\",\"potentialAction\":[{\"@type\":\"ReadAction\",\"target\":[\"https:\/\/dev.explora.cl\/rmsuroriente\/plantilla-noticias-regionales-magallanes-6\/\"]}]},{\"@type\":\"ImageObject\",\"inLanguage\":\"es-CL\",\"@id\":\"https:\/\/dev.explora.cl\/rmsuroriente\/plantilla-noticias-regionales-magallanes-6\/#primaryimage\",\"url\":\"\",\"contentUrl\":\"\"},{\"@type\":\"BreadcrumbList\",\"@id\":\"https:\/\/dev.explora.cl\/rmsuroriente\/plantilla-noticias-regionales-magallanes-6\/#breadcrumb\",\"itemListElement\":[{\"@type\":\"ListItem\",\"position\":1,\"name\":\"Portada\",\"item\":\"https:\/\/dev.explora.cl\/rmsuroriente\/\"},{\"@type\":\"ListItem\",\"position\":2,\"name\":\"La fascinaci\u00f3n por lo verde\"}]},{\"@type\":\"WebSite\",\"@id\":\"https:\/\/dev.explora.cl\/rmsuroriente\/#website\",\"url\":\"https:\/\/dev.explora.cl\/rmsuroriente\/\",\"name\":\"RM Sur Oriente\",\"description\":\"Otro sitio m\u00e1s de dev.explora.cl\",\"publisher\":{\"@id\":\"https:\/\/dev.explora.cl\/rmsuroriente\/#organization\"},\"potentialAction\":[{\"@type\":\"SearchAction\",\"target\":{\"@type\":\"EntryPoint\",\"urlTemplate\":\"https:\/\/dev.explora.cl\/rmsuroriente\/?s={search_term_string}\"},\"query-input\":{\"@type\":\"PropertyValueSpecification\",\"valueRequired\":true,\"valueName\":\"search_term_string\"}}],\"inLanguage\":\"es-CL\"},{\"@type\":\"Organization\",\"@id\":\"https:\/\/dev.explora.cl\/rmsuroriente\/#organization\",\"name\":\"RM Sur Oriente\",\"url\":\"https:\/\/dev.explora.cl\/rmsuroriente\/\",\"logo\":{\"@type\":\"ImageObject\",\"inLanguage\":\"es-CL\",\"@id\":\"https:\/\/dev.explora.cl\/rmsuroriente\/#\/schema\/logo\/image\/\",\"url\":\"https:\/\/dev.explora.cl\/rmsuroriente\/wp-content\/uploads\/sites\/12\/2025\/04\/cropped-LogoPAR_RMSO-Azul-UC.png\",\"contentUrl\":\"https:\/\/dev.explora.cl\/rmsuroriente\/wp-content\/uploads\/sites\/12\/2025\/04\/cropped-LogoPAR_RMSO-Azul-UC.png\",\"width\":411,\"height\":409,\"caption\":\"RM Sur Oriente\"},\"image\":{\"@id\":\"https:\/\/dev.explora.cl\/rmsuroriente\/#\/schema\/logo\/image\/\"}},{\"@type\":\"Person\",\"@id\":\"https:\/\/dev.explora.cl\/rmsuroriente\/#\/schema\/person\/cb8349c13ea2d324080adf8480d7ba5d\",\"name\":\"webman\",\"image\":{\"@type\":\"ImageObject\",\"inLanguage\":\"es-CL\",\"@id\":\"https:\/\/dev.explora.cl\/rmsuroriente\/#\/schema\/person\/image\/\",\"url\":\"https:\/\/secure.gravatar.com\/avatar\/eeff3c82f2c02f7177d13663b7e6f890e9a6a0647ce9bb29cae02dcb094c7312?s=96&d=mm&r=g\",\"contentUrl\":\"https:\/\/secure.gravatar.com\/avatar\/eeff3c82f2c02f7177d13663b7e6f890e9a6a0647ce9bb29cae02dcb094c7312?s=96&d=mm&r=g\",\"caption\":\"webman\"},\"url\":\"https:\/\/dev.explora.cl\/rmsuroriente\/author\/webman\/\"}]}<\/script>\n<!-- \/ Yoast SEO plugin. -->","yoast_head_json":{"title":"La fascinaci\u00f3n por lo verde - RM Sur Oriente","robots":{"index":"index","follow":"follow","max-snippet":"max-snippet:-1","max-image-preview":"max-image-preview:large","max-video-preview":"max-video-preview:-1"},"canonical":"https:\/\/dev.explora.cl\/rmsuroriente\/plantilla-noticias-regionales-magallanes-6\/","og_locale":"es_ES","og_type":"article","og_title":"La fascinaci\u00f3n por lo verde - RM Sur Oriente","og_description":"Grandes, muy verdes, con espinas, con hermosas flores, con ricos frutos\u2026 las plantas son diversas y las encontramos a cada paso de nuestras vidas. Es por ello que el 18 de mayo, se les dedic\u00f3 una conmemoraci\u00f3n: el D\u00eda Internacional de la Fascinaci\u00f3n por las Plantas. &nbsp; EXPLORA se sum\u00f3 a esta celebraci\u00f3n, en conjunto [&hellip;]","og_url":"https:\/\/dev.explora.cl\/rmsuroriente\/plantilla-noticias-regionales-magallanes-6\/","og_site_name":"RM Sur Oriente","article_published_time":"2014-05-20T19:40:53+00:00","article_modified_time":"2019-05-20T17:39:35+00:00","author":"webman","twitter_card":"summary_large_image","twitter_misc":{"Escrito por":"webman","Tiempo estimado de lectura":"3 minutos"},"schema":{"@context":"https:\/\/schema.org","@graph":[{"@type":"Article","@id":"https:\/\/dev.explora.cl\/rmsuroriente\/plantilla-noticias-regionales-magallanes-6\/#article","isPartOf":{"@id":"https:\/\/dev.explora.cl\/rmsuroriente\/plantilla-noticias-regionales-magallanes-6\/"},"author":{"name":"webman","@id":"https:\/\/dev.explora.cl\/rmsuroriente\/#\/schema\/person\/cb8349c13ea2d324080adf8480d7ba5d"},"headline":"La fascinaci\u00f3n por lo verde","datePublished":"2014-05-20T19:40:53+00:00","dateModified":"2019-05-20T17:39:35+00:00","mainEntityOfPage":{"@id":"https:\/\/dev.explora.cl\/rmsuroriente\/plantilla-noticias-regionales-magallanes-6\/"},"wordCount":616,"publisher":{"@id":"https:\/\/dev.explora.cl\/rmsuroriente\/#organization"},"image":{"@id":"https:\/\/dev.explora.cl\/rmsuroriente\/plantilla-noticias-regionales-magallanes-6\/#primaryimage"},"thumbnailUrl":"","articleSection":["Noticias"],"inLanguage":"es-CL"},{"@type":"WebPage","@id":"https:\/\/dev.explora.cl\/rmsuroriente\/plantilla-noticias-regionales-magallanes-6\/","url":"https:\/\/dev.explora.cl\/rmsuroriente\/plantilla-noticias-regionales-magallanes-6\/","name":"La fascinaci\u00f3n por lo verde - RM Sur Oriente","isPartOf":{"@id":"https:\/\/dev.explora.cl\/rmsuroriente\/#website"},"primaryImageOfPage":{"@id":"https:\/\/dev.explora.cl\/rmsuroriente\/plantilla-noticias-regionales-magallanes-6\/#primaryimage"},"image":{"@id":"https:\/\/dev.explora.cl\/rmsuroriente\/plantilla-noticias-regionales-magallanes-6\/#primaryimage"},"thumbnailUrl":"","datePublished":"2014-05-20T19:40:53+00:00","dateModified":"2019-05-20T17:39:35+00:00","breadcrumb":{"@id":"https:\/\/dev.explora.cl\/rmsuroriente\/plantilla-noticias-regionales-magallanes-6\/#breadcrumb"},"inLanguage":"es-CL","potentialAction":[{"@type":"ReadAction","target":["https:\/\/dev.explora.cl\/rmsuroriente\/plantilla-noticias-regionales-magallanes-6\/"]}]},{"@type":"ImageObject","inLanguage":"es-CL","@id":"https:\/\/dev.explora.cl\/rmsuroriente\/plantilla-noticias-regionales-magallanes-6\/#primaryimage","url":"","contentUrl":""},{"@type":"BreadcrumbList","@id":"https:\/\/dev.explora.cl\/rmsuroriente\/plantilla-noticias-regionales-magallanes-6\/#breadcrumb","itemListElement":[{"@type":"ListItem","position":1,"name":"Portada","item":"https:\/\/dev.explora.cl\/rmsuroriente\/"},{"@type":"ListItem","position":2,"name":"La fascinaci\u00f3n por lo verde"}]},{"@type":"WebSite","@id":"https:\/\/dev.explora.cl\/rmsuroriente\/#website","url":"https:\/\/dev.explora.cl\/rmsuroriente\/","name":"RM Sur Oriente","description":"Otro sitio m\u00e1s de dev.explora.cl","publisher":{"@id":"https:\/\/dev.explora.cl\/rmsuroriente\/#organization"},"potentialAction":[{"@type":"SearchAction","target":{"@type":"EntryPoint","urlTemplate":"https:\/\/dev.explora.cl\/rmsuroriente\/?s={search_term_string}"},"query-input":{"@type":"PropertyValueSpecification","valueRequired":true,"valueName":"search_term_string"}}],"inLanguage":"es-CL"},{"@type":"Organization","@id":"https:\/\/dev.explora.cl\/rmsuroriente\/#organization","name":"RM Sur Oriente","url":"https:\/\/dev.explora.cl\/rmsuroriente\/","logo":{"@type":"ImageObject","inLanguage":"es-CL","@id":"https:\/\/dev.explora.cl\/rmsuroriente\/#\/schema\/logo\/image\/","url":"https:\/\/dev.explora.cl\/rmsuroriente\/wp-content\/uploads\/sites\/12\/2025\/04\/cropped-LogoPAR_RMSO-Azul-UC.png","contentUrl":"https:\/\/dev.explora.cl\/rmsuroriente\/wp-content\/uploads\/sites\/12\/2025\/04\/cropped-LogoPAR_RMSO-Azul-UC.png","width":411,"height":409,"caption":"RM Sur Oriente"},"image":{"@id":"https:\/\/dev.explora.cl\/rmsuroriente\/#\/schema\/logo\/image\/"}},{"@type":"Person","@id":"https:\/\/dev.explora.cl\/rmsuroriente\/#\/schema\/person\/cb8349c13ea2d324080adf8480d7ba5d","name":"webman","image":{"@type":"ImageObject","inLanguage":"es-CL","@id":"https:\/\/dev.explora.cl\/rmsuroriente\/#\/schema\/person\/image\/","url":"https:\/\/secure.gravatar.com\/avatar\/eeff3c82f2c02f7177d13663b7e6f890e9a6a0647ce9bb29cae02dcb094c7312?s=96&d=mm&r=g","contentUrl":"https:\/\/secure.gravatar.com\/avatar\/eeff3c82f2c02f7177d13663b7e6f890e9a6a0647ce9bb29cae02dcb094c7312?s=96&d=mm&r=g","caption":"webman"},"url":"https:\/\/dev.explora.cl\/rmsuroriente\/author\/webman\/"}]}},"_links":{"self":[{"href":"https:\/\/dev.explora.cl\/rmsuroriente\/wp-json\/wp\/v2\/posts\/1504","targetHints":{"allow":["GET"]}}],"collection":[{"href":"https:\/\/dev.explora.cl\/rmsuroriente\/wp-json\/wp\/v2\/posts"}],"about":[{"href":"https:\/\/dev.explora.cl\/rmsuroriente\/wp-json\/wp\/v2\/types\/post"}],"author":[{"embeddable":true,"href":"https:\/\/dev.explora.cl\/rmsuroriente\/wp-json\/wp\/v2\/users\/2"}],"replies":[{"embeddable":true,"href":"https:\/\/dev.explora.cl\/rmsuroriente\/wp-json\/wp\/v2\/comments?post=1504"}],"version-history":[{"count":1,"href":"https:\/\/dev.explora.cl\/rmsuroriente\/wp-json\/wp\/v2\/posts\/1504\/revisions"}],"predecessor-version":[{"id":38339,"href":"https:\/\/dev.explora.cl\/rmsuroriente\/wp-json\/wp\/v2\/posts\/1504\/revisions\/38339"}],"wp:featuredmedia":[{"embeddable":true,"href":"https:\/\/dev.explora.cl\/rmsuroriente\/wp-json\/"}],"wp:attachment":[{"href":"https:\/\/dev.explora.cl\/rmsuroriente\/wp-json\/wp\/v2\/media?parent=1504"}],"wp:term":[{"taxonomy":"category","embeddable":true,"href":"https:\/\/dev.explora.cl\/rmsuroriente\/wp-json\/wp\/v2\/categories?post=1504"},{"taxonomy":"post_tag","embeddable":true,"href":"https:\/\/dev.explora.cl\/rmsuroriente\/wp-json\/wp\/v2\/tags?post=1504"}],"curies":[{"name":"wp","href":"https:\/\/api.w.org\/{rel}","templated":true}]}}