{"id":1500,"date":"2014-05-23T19:36:19","date_gmt":"2014-05-23T19:36:19","guid":{"rendered":"https:\/\/dev.explora.cl\/rmsuroriente\/blog\/2014\/05\/23\/noticias-regional-metropolitana-sur-oriente-1\/"},"modified":"2019-05-20T17:39:34","modified_gmt":"2019-05-20T17:39:34","slug":"noticias-regional-metropolitana-sur-oriente-1","status":"publish","type":"post","link":"https:\/\/dev.explora.cl\/rmsuroriente\/noticias-regional-metropolitana-sur-oriente-1\/","title":{"rendered":"Taller para futuros profesores: \u201cEl modelamiento y la matem\u00e1tica escolar\u201d"},"content":{"rendered":"<table style=\"height: 269px;width: 540px\" border=\"0\">\n<tbody>\n<tr>\n<td valign=\"top\"><img loading=\"lazy\" decoding=\"async\" class=\" size-full wp-image-2583\" src=\"http:\/\/ec2-34-218-253-251.us-west-2.compute.amazonaws.com\/wp-content\/uploads\/2014\/05\/ciae.jpg\" alt=\"ciae\" width=\"300\" height=\"242\" \/><\/td>\n<td>\n<p style=\"margin-top: 10px;margin-bottom: 5px;color: #444444;font-family: 'Trebuchet MS', sans-serif;font-size: 12px;line-height: 16px;text-align: justify\"><span style=\"color: #888888;font-family: 'Trebuchet MS', Arial, Helvetica, Verdana, Tahoma, sans-serif;font-size: 12px;line-height: 26px;text-align: justify\">Dirigido a estudiantes de pedagog\u00eda en ense\u00f1anza b\u00e1sica -con o sin menci\u00f3n en matem\u00e1ticas- y pedagog\u00eda en matem\u00e1tica de ense\u00f1anza media.<\/span><\/p>\n<\/td>\n<\/tr>\n<tr>\n<td colspan=\"2\">&nbsp; <\/p>\n<p style=\"font-family: 'Trebuchet MS', Arial, Helvetica, Verdana, Tahoma, sans-serif;padding: 0px;margin: 15px 0px 0px;border: 0px;vertical-align: baseline;line-height: 2.2em;font-size: 12px;color: #888888;text-align: justify\"><span style=\"color: #888888;font-family: 'Trebuchet MS', Arial, Helvetica, Verdana, Tahoma, sans-serif;font-size: 12px;line-height: 26px;text-align: justify\">Con el objetivo de generar una instancia de experiencia pr\u00e1ctica y de discusi\u00f3n acerca de la importancia del modelamiento matem\u00e1tico en la ense\u00f1anza de la matem\u00e1tica escolar y en la formaci\u00f3n docente, el CIAE y el CMM de la Universidad de Chile, realizar\u00e1n un taller dirigido a futuros profesores.<\/span><\/p>\n<p style=\"font-family: 'Trebuchet MS', Arial, Helvetica, Verdana, Tahoma, sans-serif;padding: 0px;margin: 15px 0px 0px;border: 0px;vertical-align: baseline;line-height: 2.2em;font-size: 12px;color: #888888;text-align: justify\">La actividad est\u00e1 orientada a abordar la habilidad de modelar que se presenta en las nuevas bases curriculares.<\/p>\n<p style=\"font-family: 'Trebuchet MS', Arial, Helvetica, Verdana, Tahoma, sans-serif;padding: 0px;margin: 15px 0px 0px;border: 0px;vertical-align: baseline;line-height: 2.2em;font-size: 12px;color: #888888;text-align: justify\">El taller est\u00e1 dirigido a estudiantes de pedagog\u00eda en ense\u00f1anza b\u00e1sica -con o sin menci\u00f3n en matem\u00e1ticas- y pedagog\u00eda en matem\u00e1tica de ense\u00f1anza media.<\/p>\n<p style=\"font-family: 'Trebuchet MS', Arial, Helvetica, Verdana, Tahoma, sans-serif;padding: 0px;margin: 15px 0px 0px;border: 0px;vertical-align: baseline;line-height: 2.2em;font-size: 12px;color: #888888;text-align: justify\">El equipo docente estar\u00e1 compuesto por cinco expertos:<br style=\"padding: 0px;margin: 0px;border: 0px;vertical-align: baseline;line-height: 1.2em\" \/><strong style=\"padding: 0px;margin: 0px;border: 0px;vertical-align: baseline;line-height: 1.2em\">Patricio Felmer<\/strong>, Doctor en Matem\u00e1ticas y Premio Nacional de Ciencias Exactas;<br style=\"padding: 0px;margin: 0px;border: 0px;vertical-align: baseline;line-height: 1.2em\" \/><strong style=\"padding: 0px;margin: 0px;border: 0px;vertical-align: baseline;line-height: 1.2em\">Josefa Perdomo-D\u00edaz<\/strong>, Dra. en Matem\u00e1ticas con especialidad en Educaci\u00f3n Matem\u00e1tica;<br style=\"padding: 0px;margin: 0px;border: 0px;vertical-align: baseline;line-height: 1.2em\" \/><strong style=\"padding: 0px;margin: 0px;border: 0px;vertical-align: baseline;line-height: 1.2em\">Natalia Ruiz<\/strong>, Profesora de Matem\u00e1ticas de Ense\u00f1anza media y Mag\u00edster en Educaci\u00f3n Matem\u00e1tica;<br style=\"padding: 0px;margin: 0px;border: 0px;vertical-align: baseline;line-height: 1.2em\" \/><strong style=\"padding: 0px;margin: 0px;border: 0px;vertical-align: baseline;line-height: 1.2em\">Carmen Gloria Espinoza<\/strong>, Profesora de Matem\u00e1ticas de Ense\u00f1anza Media;<br style=\"padding: 0px;margin: 0px;border: 0px;vertical-align: baseline;line-height: 1.2em\" \/><strong style=\"padding: 0px;margin: 0px;border: 0px;vertical-align: baseline;line-height: 1.2em\">Armando Peri<\/strong>, Profesor de Matem\u00e1ticas de Ense\u00f1anza Media.<\/p>\n<p style=\"font-family: 'Trebuchet MS', Arial, Helvetica, Verdana, Tahoma, sans-serif;padding: 0px;margin: 15px 0px 0px;border: 0px;vertical-align: baseline;line-height: 2.2em;font-size: 12px;color: #888888;text-align: justify\">El seminario tendr\u00e1 tres secciones de estudio:<br style=\"padding: 0px;margin: 0px;border: 0px;vertical-align: baseline;line-height: 1.2em\" \/>Estudiantes de pedagog\u00eda en matem\u00e1tica de ense\u00f1anza media;<br style=\"padding: 0px;margin: 0px;border: 0px;vertical-align: baseline;line-height: 1.2em\" \/>Estudiantes de pedagog\u00eda en educaci\u00f3n b\u00e1sica con menci\u00f3n matem\u00e1tica;<br style=\"padding: 0px;margin: 0px;border: 0px;vertical-align: baseline;line-height: 1.2em\" \/>Estudiantes de pedagog\u00eda en educaci\u00f3n b\u00e1sica sin menci\u00f3n.<br style=\"padding: 0px;margin: 0px;border: 0px;vertical-align: baseline;line-height: 1.2em\" \/><\/p>\n<p style=\"font-family: 'Trebuchet MS', Arial, Helvetica, Verdana, Tahoma, sans-serif;padding: 0px;margin: 15px 0px 0px;border: 0px;vertical-align: baseline;line-height: 2.2em;font-size: 12px;color: #888888;text-align: justify\"><strong style=\"padding: 0px;margin: 0px;border: 0px;vertical-align: baseline;line-height: 1.2em\">Programa<\/strong><br style=\"padding: 0px;margin: 0px;border: 0px;vertical-align: baseline;line-height: 1.2em\" \/>Viernes 30 de Mayo de 14:30 a 19:00 horas.&nbsp;<br style=\"padding: 0px;margin: 0px;border: 0px;vertical-align: baseline;line-height: 1.2em\" \/>S\u00e1bado 31 de Mayo de 09:30 a 18:00 horas (Receso almuerzo 90 minutos)<br style=\"padding: 0px;margin: 0px;border: 0px;vertical-align: baseline;line-height: 1.2em\" \/>Los cupos son limitados y la inscripci\u00f3n permanecer\u00e1 abierta hasta el mi\u00e9rcoles 21 de Mayo hasta las 23:59 horas.<\/p>\n<p style=\"font-family: 'Trebuchet MS', Arial, Helvetica, Verdana, Tahoma, sans-serif;padding: 0px;margin: 15px 0px 0px;border: 0px;vertical-align: baseline;line-height: 2.2em;font-size: 12px;color: #888888;text-align: justify\"><strong style=\"padding: 0px;margin: 0px;border: 0px;vertical-align: baseline;line-height: 1.2em\">Fecha:<\/strong>&nbsp;30 y 31 de mayo.&nbsp;<br style=\"padding: 0px;margin: 0px;border: 0px;vertical-align: baseline;line-height: 1.2em\" \/><strong style=\"padding: 0px;margin: 0px;border: 0px;vertical-align: baseline;line-height: 1.2em\">Lugar:<\/strong>&nbsp;Por definir.<br style=\"padding: 0px;margin: 0px;border: 0px;vertical-align: baseline;line-height: 1.2em\" \/>Inscripciones: S\u00f3lo 21 cupos cada secci\u00f3n, previa inscripci\u00f3n ac\u00e1.<\/p>\n<p style=\"font-family: 'Trebuchet MS', Arial, Helvetica, Verdana, Tahoma, sans-serif;padding: 0px;margin: 15px 0px 0px;border: 0px;vertical-align: baseline;line-height: 2.2em;font-size: 12px;color: #888888;text-align: justify\">Los estudiantes seleccionados ser\u00e1n confirmados por email durante el fin de semana del 24 de mayo.&nbsp;<br style=\"padding: 0px;margin: 0px;border: 0px;vertical-align: baseline;line-height: 1.2em\" \/>Contacto: <a href=\"mailto:capacitaciones@ciae.uchile.cl\">capacitaciones@ciae.uchile.cl<\/a>&nbsp;<br style=\"padding: 0px;margin: 0px;border: 0px;vertical-align: baseline;line-height: 1.2em\" \/>Se entregar\u00e1 Diploma de Participaci\u00f3n<\/p>\n<p style=\"font-family: 'Trebuchet MS', Arial, Helvetica, Verdana, Tahoma, sans-serif;padding: 0px;margin: 15px 0px 0px;border: 0px;vertical-align: baseline;line-height: 2.2em;font-size: 12px;color: #888888;text-align: justify\">Texto: Comunicaciones CIAE<\/p>\n<\/td>\n<\/tr>\n<\/tbody>\n<\/table>\n","protected":false},"excerpt":{"rendered":"<p>Dirigido a estudiantes de pedagog\u00eda en ense\u00f1anza b\u00e1sica -con o sin menci\u00f3n en matem\u00e1ticas- y pedagog\u00eda en matem\u00e1tica de ense\u00f1anza media. &nbsp; Con el objetivo de generar una instancia de experiencia pr\u00e1ctica y de discusi\u00f3n acerca de la importancia del modelamiento matem\u00e1tico en la ense\u00f1anza de la matem\u00e1tica escolar y en la formaci\u00f3n docente, el [&hellip;]<\/p>\n","protected":false},"author":2,"featured_media":2583,"comment_status":"closed","ping_status":"open","sticky":false,"template":"","format":"standard","meta":{"_acf_changed":false,"_exactmetrics_skip_tracking":false,"_exactmetrics_sitenote_active":false,"_exactmetrics_sitenote_note":"","_exactmetrics_sitenote_category":0,"footnotes":"","_links_to":"","_links_to_target":""},"categories":[4],"tags":[],"class_list":["post-1500","post","type-post","status-publish","format-standard","has-post-thumbnail","hentry","category-noticias"],"acf":[],"yoast_head":"<!-- This site is optimized with the Yoast SEO plugin v26.7 - https:\/\/yoast.com\/wordpress\/plugins\/seo\/ -->\n<title>Taller para futuros profesores: \u201cEl modelamiento y la matem\u00e1tica escolar\u201d - RM Sur Oriente<\/title>\n<meta name=\"robots\" content=\"index, follow, max-snippet:-1, max-image-preview:large, max-video-preview:-1\" \/>\n<link rel=\"canonical\" href=\"https:\/\/dev.explora.cl\/rmsuroriente\/noticias-regional-metropolitana-sur-oriente-1\/\" class=\"yoast-seo-meta-tag\" \/>\n<meta property=\"og:locale\" content=\"es_ES\" class=\"yoast-seo-meta-tag\" \/>\n<meta property=\"og:type\" content=\"article\" class=\"yoast-seo-meta-tag\" \/>\n<meta property=\"og:title\" content=\"Taller para futuros profesores: \u201cEl modelamiento y la matem\u00e1tica escolar\u201d - RM Sur Oriente\" class=\"yoast-seo-meta-tag\" \/>\n<meta property=\"og:description\" content=\"Dirigido a estudiantes de pedagog\u00eda en ense\u00f1anza b\u00e1sica -con o sin menci\u00f3n en matem\u00e1ticas- y pedagog\u00eda en matem\u00e1tica de ense\u00f1anza media. &nbsp; Con el objetivo de generar una instancia de experiencia pr\u00e1ctica y de discusi\u00f3n acerca de la importancia del modelamiento matem\u00e1tico en la ense\u00f1anza de la matem\u00e1tica escolar y en la formaci\u00f3n docente, el [&hellip;]\" class=\"yoast-seo-meta-tag\" \/>\n<meta property=\"og:url\" content=\"https:\/\/dev.explora.cl\/rmsuroriente\/noticias-regional-metropolitana-sur-oriente-1\/\" class=\"yoast-seo-meta-tag\" \/>\n<meta property=\"og:site_name\" content=\"RM Sur Oriente\" class=\"yoast-seo-meta-tag\" \/>\n<meta property=\"article:published_time\" content=\"2014-05-23T19:36:19+00:00\" class=\"yoast-seo-meta-tag\" \/>\n<meta property=\"article:modified_time\" content=\"2019-05-20T17:39:34+00:00\" class=\"yoast-seo-meta-tag\" \/>\n<meta name=\"author\" content=\"webman\" class=\"yoast-seo-meta-tag\" \/>\n<meta name=\"twitter:card\" content=\"summary_large_image\" class=\"yoast-seo-meta-tag\" \/>\n<meta name=\"twitter:label1\" content=\"Escrito por\" class=\"yoast-seo-meta-tag\" \/>\n\t<meta name=\"twitter:data1\" content=\"webman\" class=\"yoast-seo-meta-tag\" \/>\n\t<meta name=\"twitter:label2\" content=\"Tiempo estimado de lectura\" class=\"yoast-seo-meta-tag\" \/>\n\t<meta name=\"twitter:data2\" content=\"2 minutos\" class=\"yoast-seo-meta-tag\" \/>\n<script type=\"application\/ld+json\" class=\"yoast-schema-graph\">{\"@context\":\"https:\/\/schema.org\",\"@graph\":[{\"@type\":\"Article\",\"@id\":\"https:\/\/dev.explora.cl\/rmsuroriente\/noticias-regional-metropolitana-sur-oriente-1\/#article\",\"isPartOf\":{\"@id\":\"https:\/\/dev.explora.cl\/rmsuroriente\/noticias-regional-metropolitana-sur-oriente-1\/\"},\"author\":{\"name\":\"webman\",\"@id\":\"https:\/\/dev.explora.cl\/rmsuroriente\/#\/schema\/person\/cb8349c13ea2d324080adf8480d7ba5d\"},\"headline\":\"Taller para futuros profesores: \u201cEl modelamiento y la matem\u00e1tica escolar\u201d\",\"datePublished\":\"2014-05-23T19:36:19+00:00\",\"dateModified\":\"2019-05-20T17:39:34+00:00\",\"mainEntityOfPage\":{\"@id\":\"https:\/\/dev.explora.cl\/rmsuroriente\/noticias-regional-metropolitana-sur-oriente-1\/\"},\"wordCount\":354,\"publisher\":{\"@id\":\"https:\/\/dev.explora.cl\/rmsuroriente\/#organization\"},\"image\":{\"@id\":\"https:\/\/dev.explora.cl\/rmsuroriente\/noticias-regional-metropolitana-sur-oriente-1\/#primaryimage\"},\"thumbnailUrl\":\"\",\"articleSection\":[\"Noticias\"],\"inLanguage\":\"es-CL\"},{\"@type\":\"WebPage\",\"@id\":\"https:\/\/dev.explora.cl\/rmsuroriente\/noticias-regional-metropolitana-sur-oriente-1\/\",\"url\":\"https:\/\/dev.explora.cl\/rmsuroriente\/noticias-regional-metropolitana-sur-oriente-1\/\",\"name\":\"Taller para futuros profesores: \u201cEl modelamiento y la matem\u00e1tica escolar\u201d - RM Sur Oriente\",\"isPartOf\":{\"@id\":\"https:\/\/dev.explora.cl\/rmsuroriente\/#website\"},\"primaryImageOfPage\":{\"@id\":\"https:\/\/dev.explora.cl\/rmsuroriente\/noticias-regional-metropolitana-sur-oriente-1\/#primaryimage\"},\"image\":{\"@id\":\"https:\/\/dev.explora.cl\/rmsuroriente\/noticias-regional-metropolitana-sur-oriente-1\/#primaryimage\"},\"thumbnailUrl\":\"\",\"datePublished\":\"2014-05-23T19:36:19+00:00\",\"dateModified\":\"2019-05-20T17:39:34+00:00\",\"breadcrumb\":{\"@id\":\"https:\/\/dev.explora.cl\/rmsuroriente\/noticias-regional-metropolitana-sur-oriente-1\/#breadcrumb\"},\"inLanguage\":\"es-CL\",\"potentialAction\":[{\"@type\":\"ReadAction\",\"target\":[\"https:\/\/dev.explora.cl\/rmsuroriente\/noticias-regional-metropolitana-sur-oriente-1\/\"]}]},{\"@type\":\"ImageObject\",\"inLanguage\":\"es-CL\",\"@id\":\"https:\/\/dev.explora.cl\/rmsuroriente\/noticias-regional-metropolitana-sur-oriente-1\/#primaryimage\",\"url\":\"\",\"contentUrl\":\"\"},{\"@type\":\"BreadcrumbList\",\"@id\":\"https:\/\/dev.explora.cl\/rmsuroriente\/noticias-regional-metropolitana-sur-oriente-1\/#breadcrumb\",\"itemListElement\":[{\"@type\":\"ListItem\",\"position\":1,\"name\":\"Portada\",\"item\":\"https:\/\/dev.explora.cl\/rmsuroriente\/\"},{\"@type\":\"ListItem\",\"position\":2,\"name\":\"Taller para futuros profesores: \u201cEl modelamiento y la matem\u00e1tica escolar\u201d\"}]},{\"@type\":\"WebSite\",\"@id\":\"https:\/\/dev.explora.cl\/rmsuroriente\/#website\",\"url\":\"https:\/\/dev.explora.cl\/rmsuroriente\/\",\"name\":\"RM Sur Oriente\",\"description\":\"Otro sitio m\u00e1s de dev.explora.cl\",\"publisher\":{\"@id\":\"https:\/\/dev.explora.cl\/rmsuroriente\/#organization\"},\"potentialAction\":[{\"@type\":\"SearchAction\",\"target\":{\"@type\":\"EntryPoint\",\"urlTemplate\":\"https:\/\/dev.explora.cl\/rmsuroriente\/?s={search_term_string}\"},\"query-input\":{\"@type\":\"PropertyValueSpecification\",\"valueRequired\":true,\"valueName\":\"search_term_string\"}}],\"inLanguage\":\"es-CL\"},{\"@type\":\"Organization\",\"@id\":\"https:\/\/dev.explora.cl\/rmsuroriente\/#organization\",\"name\":\"RM Sur Oriente\",\"url\":\"https:\/\/dev.explora.cl\/rmsuroriente\/\",\"logo\":{\"@type\":\"ImageObject\",\"inLanguage\":\"es-CL\",\"@id\":\"https:\/\/dev.explora.cl\/rmsuroriente\/#\/schema\/logo\/image\/\",\"url\":\"https:\/\/dev.explora.cl\/rmsuroriente\/wp-content\/uploads\/sites\/12\/2025\/04\/cropped-LogoPAR_RMSO-Azul-UC.png\",\"contentUrl\":\"https:\/\/dev.explora.cl\/rmsuroriente\/wp-content\/uploads\/sites\/12\/2025\/04\/cropped-LogoPAR_RMSO-Azul-UC.png\",\"width\":411,\"height\":409,\"caption\":\"RM Sur Oriente\"},\"image\":{\"@id\":\"https:\/\/dev.explora.cl\/rmsuroriente\/#\/schema\/logo\/image\/\"}},{\"@type\":\"Person\",\"@id\":\"https:\/\/dev.explora.cl\/rmsuroriente\/#\/schema\/person\/cb8349c13ea2d324080adf8480d7ba5d\",\"name\":\"webman\",\"image\":{\"@type\":\"ImageObject\",\"inLanguage\":\"es-CL\",\"@id\":\"https:\/\/dev.explora.cl\/rmsuroriente\/#\/schema\/person\/image\/\",\"url\":\"https:\/\/secure.gravatar.com\/avatar\/eeff3c82f2c02f7177d13663b7e6f890e9a6a0647ce9bb29cae02dcb094c7312?s=96&d=mm&r=g\",\"contentUrl\":\"https:\/\/secure.gravatar.com\/avatar\/eeff3c82f2c02f7177d13663b7e6f890e9a6a0647ce9bb29cae02dcb094c7312?s=96&d=mm&r=g\",\"caption\":\"webman\"},\"url\":\"https:\/\/dev.explora.cl\/rmsuroriente\/author\/webman\/\"}]}<\/script>\n<!-- \/ Yoast SEO plugin. -->","yoast_head_json":{"title":"Taller para futuros profesores: \u201cEl modelamiento y la matem\u00e1tica escolar\u201d - RM Sur Oriente","robots":{"index":"index","follow":"follow","max-snippet":"max-snippet:-1","max-image-preview":"max-image-preview:large","max-video-preview":"max-video-preview:-1"},"canonical":"https:\/\/dev.explora.cl\/rmsuroriente\/noticias-regional-metropolitana-sur-oriente-1\/","og_locale":"es_ES","og_type":"article","og_title":"Taller para futuros profesores: \u201cEl modelamiento y la matem\u00e1tica escolar\u201d - RM Sur Oriente","og_description":"Dirigido a estudiantes de pedagog\u00eda en ense\u00f1anza b\u00e1sica -con o sin menci\u00f3n en matem\u00e1ticas- y pedagog\u00eda en matem\u00e1tica de ense\u00f1anza media. &nbsp; Con el objetivo de generar una instancia de experiencia pr\u00e1ctica y de discusi\u00f3n acerca de la importancia del modelamiento matem\u00e1tico en la ense\u00f1anza de la matem\u00e1tica escolar y en la formaci\u00f3n docente, el [&hellip;]","og_url":"https:\/\/dev.explora.cl\/rmsuroriente\/noticias-regional-metropolitana-sur-oriente-1\/","og_site_name":"RM Sur Oriente","article_published_time":"2014-05-23T19:36:19+00:00","article_modified_time":"2019-05-20T17:39:34+00:00","author":"webman","twitter_card":"summary_large_image","twitter_misc":{"Escrito por":"webman","Tiempo estimado de lectura":"2 minutos"},"schema":{"@context":"https:\/\/schema.org","@graph":[{"@type":"Article","@id":"https:\/\/dev.explora.cl\/rmsuroriente\/noticias-regional-metropolitana-sur-oriente-1\/#article","isPartOf":{"@id":"https:\/\/dev.explora.cl\/rmsuroriente\/noticias-regional-metropolitana-sur-oriente-1\/"},"author":{"name":"webman","@id":"https:\/\/dev.explora.cl\/rmsuroriente\/#\/schema\/person\/cb8349c13ea2d324080adf8480d7ba5d"},"headline":"Taller para futuros profesores: \u201cEl modelamiento y la matem\u00e1tica escolar\u201d","datePublished":"2014-05-23T19:36:19+00:00","dateModified":"2019-05-20T17:39:34+00:00","mainEntityOfPage":{"@id":"https:\/\/dev.explora.cl\/rmsuroriente\/noticias-regional-metropolitana-sur-oriente-1\/"},"wordCount":354,"publisher":{"@id":"https:\/\/dev.explora.cl\/rmsuroriente\/#organization"},"image":{"@id":"https:\/\/dev.explora.cl\/rmsuroriente\/noticias-regional-metropolitana-sur-oriente-1\/#primaryimage"},"thumbnailUrl":"","articleSection":["Noticias"],"inLanguage":"es-CL"},{"@type":"WebPage","@id":"https:\/\/dev.explora.cl\/rmsuroriente\/noticias-regional-metropolitana-sur-oriente-1\/","url":"https:\/\/dev.explora.cl\/rmsuroriente\/noticias-regional-metropolitana-sur-oriente-1\/","name":"Taller para futuros profesores: \u201cEl modelamiento y la matem\u00e1tica escolar\u201d - RM Sur Oriente","isPartOf":{"@id":"https:\/\/dev.explora.cl\/rmsuroriente\/#website"},"primaryImageOfPage":{"@id":"https:\/\/dev.explora.cl\/rmsuroriente\/noticias-regional-metropolitana-sur-oriente-1\/#primaryimage"},"image":{"@id":"https:\/\/dev.explora.cl\/rmsuroriente\/noticias-regional-metropolitana-sur-oriente-1\/#primaryimage"},"thumbnailUrl":"","datePublished":"2014-05-23T19:36:19+00:00","dateModified":"2019-05-20T17:39:34+00:00","breadcrumb":{"@id":"https:\/\/dev.explora.cl\/rmsuroriente\/noticias-regional-metropolitana-sur-oriente-1\/#breadcrumb"},"inLanguage":"es-CL","potentialAction":[{"@type":"ReadAction","target":["https:\/\/dev.explora.cl\/rmsuroriente\/noticias-regional-metropolitana-sur-oriente-1\/"]}]},{"@type":"ImageObject","inLanguage":"es-CL","@id":"https:\/\/dev.explora.cl\/rmsuroriente\/noticias-regional-metropolitana-sur-oriente-1\/#primaryimage","url":"","contentUrl":""},{"@type":"BreadcrumbList","@id":"https:\/\/dev.explora.cl\/rmsuroriente\/noticias-regional-metropolitana-sur-oriente-1\/#breadcrumb","itemListElement":[{"@type":"ListItem","position":1,"name":"Portada","item":"https:\/\/dev.explora.cl\/rmsuroriente\/"},{"@type":"ListItem","position":2,"name":"Taller para futuros profesores: \u201cEl modelamiento y la matem\u00e1tica escolar\u201d"}]},{"@type":"WebSite","@id":"https:\/\/dev.explora.cl\/rmsuroriente\/#website","url":"https:\/\/dev.explora.cl\/rmsuroriente\/","name":"RM Sur Oriente","description":"Otro sitio m\u00e1s de dev.explora.cl","publisher":{"@id":"https:\/\/dev.explora.cl\/rmsuroriente\/#organization"},"potentialAction":[{"@type":"SearchAction","target":{"@type":"EntryPoint","urlTemplate":"https:\/\/dev.explora.cl\/rmsuroriente\/?s={search_term_string}"},"query-input":{"@type":"PropertyValueSpecification","valueRequired":true,"valueName":"search_term_string"}}],"inLanguage":"es-CL"},{"@type":"Organization","@id":"https:\/\/dev.explora.cl\/rmsuroriente\/#organization","name":"RM Sur Oriente","url":"https:\/\/dev.explora.cl\/rmsuroriente\/","logo":{"@type":"ImageObject","inLanguage":"es-CL","@id":"https:\/\/dev.explora.cl\/rmsuroriente\/#\/schema\/logo\/image\/","url":"https:\/\/dev.explora.cl\/rmsuroriente\/wp-content\/uploads\/sites\/12\/2025\/04\/cropped-LogoPAR_RMSO-Azul-UC.png","contentUrl":"https:\/\/dev.explora.cl\/rmsuroriente\/wp-content\/uploads\/sites\/12\/2025\/04\/cropped-LogoPAR_RMSO-Azul-UC.png","width":411,"height":409,"caption":"RM Sur Oriente"},"image":{"@id":"https:\/\/dev.explora.cl\/rmsuroriente\/#\/schema\/logo\/image\/"}},{"@type":"Person","@id":"https:\/\/dev.explora.cl\/rmsuroriente\/#\/schema\/person\/cb8349c13ea2d324080adf8480d7ba5d","name":"webman","image":{"@type":"ImageObject","inLanguage":"es-CL","@id":"https:\/\/dev.explora.cl\/rmsuroriente\/#\/schema\/person\/image\/","url":"https:\/\/secure.gravatar.com\/avatar\/eeff3c82f2c02f7177d13663b7e6f890e9a6a0647ce9bb29cae02dcb094c7312?s=96&d=mm&r=g","contentUrl":"https:\/\/secure.gravatar.com\/avatar\/eeff3c82f2c02f7177d13663b7e6f890e9a6a0647ce9bb29cae02dcb094c7312?s=96&d=mm&r=g","caption":"webman"},"url":"https:\/\/dev.explora.cl\/rmsuroriente\/author\/webman\/"}]}},"_links":{"self":[{"href":"https:\/\/dev.explora.cl\/rmsuroriente\/wp-json\/wp\/v2\/posts\/1500","targetHints":{"allow":["GET"]}}],"collection":[{"href":"https:\/\/dev.explora.cl\/rmsuroriente\/wp-json\/wp\/v2\/posts"}],"about":[{"href":"https:\/\/dev.explora.cl\/rmsuroriente\/wp-json\/wp\/v2\/types\/post"}],"author":[{"embeddable":true,"href":"https:\/\/dev.explora.cl\/rmsuroriente\/wp-json\/wp\/v2\/users\/2"}],"replies":[{"embeddable":true,"href":"https:\/\/dev.explora.cl\/rmsuroriente\/wp-json\/wp\/v2\/comments?post=1500"}],"version-history":[{"count":1,"href":"https:\/\/dev.explora.cl\/rmsuroriente\/wp-json\/wp\/v2\/posts\/1500\/revisions"}],"predecessor-version":[{"id":38337,"href":"https:\/\/dev.explora.cl\/rmsuroriente\/wp-json\/wp\/v2\/posts\/1500\/revisions\/38337"}],"wp:featuredmedia":[{"embeddable":true,"href":"https:\/\/dev.explora.cl\/rmsuroriente\/wp-json\/"}],"wp:attachment":[{"href":"https:\/\/dev.explora.cl\/rmsuroriente\/wp-json\/wp\/v2\/media?parent=1500"}],"wp:term":[{"taxonomy":"category","embeddable":true,"href":"https:\/\/dev.explora.cl\/rmsuroriente\/wp-json\/wp\/v2\/categories?post=1500"},{"taxonomy":"post_tag","embeddable":true,"href":"https:\/\/dev.explora.cl\/rmsuroriente\/wp-json\/wp\/v2\/tags?post=1500"}],"curies":[{"name":"wp","href":"https:\/\/api.w.org\/{rel}","templated":true}]}}