{"id":1492,"date":"2014-05-23T20:06:00","date_gmt":"2014-05-23T20:06:00","guid":{"rendered":"https:\/\/dev.explora.cl\/rmsuroriente\/blog\/2014\/05\/23\/noticias-regional-metropolitana-sur-oriente-6\/"},"modified":"2019-05-20T17:39:33","modified_gmt":"2019-05-20T17:39:33","slug":"noticias-regional-metropolitana-sur-oriente-6","status":"publish","type":"post","link":"https:\/\/dev.explora.cl\/rmsuroriente\/noticias-regional-metropolitana-sur-oriente-6\/","title":{"rendered":"\u00a1Participa en la XI Feria Ant\u00e1rtica Escolar!"},"content":{"rendered":"<table style=\"height: 269px;width: 540px\" border=\"0\">\n<tbody>\n<tr>\n<td valign=\"top\"><img loading=\"lazy\" decoding=\"async\" class=\" size-full wp-image-2592\" src=\"http:\/\/ec2-34-218-253-251.us-west-2.compute.amazonaws.com\/wp-content\/uploads\/2014\/05\/FAE2014.jpg\" alt=\"FAE2014\" width=\"200\" height=\"116\" \/><\/td>\n<td>\n<p style=\"margin-top: 10px;margin-bottom: 5px;color: #444444;font-family: 'Trebuchet MS', sans-serif;font-size: 12px;line-height: 16px;text-align: justify\"><span style=\"color: #888888;font-family: 'Trebuchet MS', Arial, Helvetica, Verdana, Tahoma, sans-serif;font-size: 12px;line-height: 26px\">Participa junto a tu equipo escolar en&nbsp;la XI Feria Ant\u00e1rtica Escolar.<\/span><\/p>\n<\/td>\n<\/tr>\n<tr>\n<td colspan=\"2\">&nbsp; <\/p>\n<p style=\"font-family: 'Trebuchet MS', Arial, Helvetica, Verdana, Tahoma, sans-serif;padding: 0px;margin: 15px 0px 0px;border: 0px;vertical-align: baseline;line-height: 2.2em;font-size: 12px;color: #888888\"><a style=\"padding: 0px;margin: 0px;border: 0px;vertical-align: baseline;line-height: 1.2em;color: #007399\" href=\"https:\/\/picasaweb.google.com\/agendaexplorarm\/Banner201302#6016352889927014690\"><img loading=\"lazy\" decoding=\"async\" class=\"alignright\" style=\"padding: 3px;margin: 3px 0px 10px 10px;border: 1px solid #eeeeee;vertical-align: baseline;line-height: 1.2em;float: right\" src=\"http:\/\/lh4.ggpht.com\/-suKwwkE9JRo\/U35hE89-mSI\/AAAAAAAATjU\/b6fn5TFCtd0\/s800\/FAE2014.jpg\" alt=\"FAE2014.jpg\" width=\"337\" height=\"199\" \/><\/a>Esta actividad, dirigida a estudiantes de 1er a 3er a\u00f1o de ense\u00f1anza media de los establecimientos educacionales human\u00edstico-cient\u00edfico de la Regi\u00f3n Metropolitana, como tambi\u00e9n a estudiantes de 1ero a 4to a\u00f1o medio de Liceos T\u00e9cnico Profesionales, tiene como objetivo principal la b\u00fasqueda de espacios hacia la instalaci\u00f3n y proyecci\u00f3n de la investigaci\u00f3n cient\u00edfica, desde la escuela, en temas ant\u00e1rticos.<\/p>\n<p style=\"font-family: 'Trebuchet MS', Arial, Helvetica, Verdana, Tahoma, sans-serif;padding: 0px;margin: 15px 0px 0px;border: 0px;vertical-align: baseline;line-height: 2.2em;font-size: 12px;color: #888888\">La actividad se apoyar\u00e1 con:<\/p>\n<ul style=\"font-family: 'Trebuchet MS', Arial, Helvetica, Verdana, Tahoma, sans-serif;padding: 0px;margin: 15px 0px 0px;border: 0px;vertical-align: baseline;line-height: 14px;font-size: 12px;list-style-type: none;color: #888888\">\n<li style=\"padding-top: 5px;padding-right: 0px;padding-bottom: 5px;margin-top: 0px;margin-right: 0px;margin-bottom: 0px;border-width: 0px 0px 1px;border-bottom-style: dotted;border-bottom-color: #eeeeee;vertical-align: baseline;line-height: 18px\">Capacitaci\u00f3n de Metodolog\u00eda de Investigaci\u00f3n Cient\u00edfica Escolar, basada en las metodolog\u00edas de aprender haciendo, dirigida tanto a los docentes gu\u00eda de la investigaci\u00f3n como a los estudiantes que desarrollan el proyecto.<\/li>\n<li style=\"padding-top: 5px;padding-right: 0px;padding-bottom: 5px;margin-top: 0px;margin-right: 0px;margin-bottom: 0px;border-width: 0px 0px 1px;border-bottom-style: dotted;border-bottom-color: #eeeeee;vertical-align: baseline;line-height: 18px\">Apoyo sistem\u00e1tico de cient\u00edficos sobre los temas tratados.<\/li>\n<li style=\"padding-top: 5px;padding-right: 0px;padding-bottom: 5px;margin-top: 0px;margin-right: 0px;margin-bottom: 0px;border-width: 0px 0px 1px;border-bottom-style: dotted;border-bottom-color: #eeeeee;vertical-align: baseline;line-height: 18px\">Apoyo permanente por parte del equipo organizador de la Feria Ant\u00e1rtica Escolar.<\/li>\n<\/ul>\n<p style=\"font-family: 'Trebuchet MS', Arial, Helvetica, Verdana, Tahoma, sans-serif;padding: 0px;margin: 15px 0px 0px;border: 0px;vertical-align: baseline;line-height: 2.2em;font-size: 12px;color: #888888\">Los equipos escolares podr\u00e1n realizar su trabajo en torno a una amplia gama de temas, tomando como marco las siguientes l\u00edneas de investigaci\u00f3n cient\u00edfica:<\/p>\n<ul style=\"font-family: 'Trebuchet MS', Arial, Helvetica, Verdana, Tahoma, sans-serif;padding: 0px;margin: 15px 0px 0px;border: 0px;vertical-align: baseline;line-height: 14px;font-size: 12px;list-style-type: none;color: #888888\">\n<li style=\"padding-top: 5px;padding-right: 0px;padding-bottom: 5px;margin-top: 0px;margin-right: 0px;margin-bottom: 0px;border-width: 0px 0px 1px;border-bottom-style: dotted;border-bottom-color: #eeeeee;vertical-align: baseline;line-height: 18px\">Relaci\u00f3n entre Sudam\u00e9rica y Ant\u00e1rtica.<\/li>\n<li style=\"padding-top: 5px;padding-right: 0px;padding-bottom: 5px;margin-top: 0px;margin-right: 0px;margin-bottom: 0px;border-width: 0px 0px 1px;border-bottom-style: dotted;border-bottom-color: #eeeeee;vertical-align: baseline;line-height: 18px\">Adaptaciones al medio ant\u00e1rtico y sus biorrecursos.<\/li>\n<li style=\"padding-top: 5px;padding-right: 0px;padding-bottom: 5px;margin-top: 0px;margin-right: 0px;margin-bottom: 0px;border-width: 0px 0px 1px;border-bottom-style: dotted;border-bottom-color: #eeeeee;vertical-align: baseline;line-height: 18px\">Abundancia y Diversidad de organismos ant\u00e1rticos.<\/li>\n<li style=\"padding-top: 5px;padding-right: 0px;padding-bottom: 5px;margin-top: 0px;margin-right: 0px;margin-bottom: 0px;border-width: 0px 0px 1px;border-bottom-style: dotted;border-bottom-color: #eeeeee;vertical-align: baseline;line-height: 18px\">Calentamiento Global y evoluci\u00f3n del clima.<\/li>\n<li style=\"padding-top: 5px;padding-right: 0px;padding-bottom: 5px;margin-top: 0px;margin-right: 0px;margin-bottom: 0px;border-width: 0px 0px 1px;border-bottom-style: dotted;border-bottom-color: #eeeeee;vertical-align: baseline;line-height: 18px\">Medio Ambiente Ant\u00e1rtico.<\/li>\n<li style=\"padding-top: 5px;padding-right: 0px;padding-bottom: 5px;margin-top: 0px;margin-right: 0px;margin-bottom: 0px;border-width: 0px 0px 1px;border-bottom-style: dotted;border-bottom-color: #eeeeee;vertical-align: baseline;line-height: 18px\">Astronom\u00eda y Astrof\u00edsica de la Ant\u00e1rtica.<\/li>\n<\/ul>\n<p style=\"font-family: 'Trebuchet MS', Arial, Helvetica, Verdana, Tahoma, sans-serif;padding: 0px;margin: 15px 0px 0px;border: 0px;vertical-align: baseline;line-height: 2.2em;font-size: 12px;color: #888888\">Para m\u00e1s informaci\u00f3n sobre el funcionamiento y desarrollo de la XI Feria Ant\u00e1rtica Escolar, puede contactarnos al correo electr\u00f3nico<a style=\"padding: 0px;margin: 0px;border: 0px;vertical-align: baseline;line-height: 1.2em;color: #007399\" href=\"mailto:faemetropolitana2014@gmail.com\">faemetropolitana2014@gmail.com<\/a><\/p>\n<p style=\"font-family: 'Trebuchet MS', Arial, Helvetica, Verdana, Tahoma, sans-serif;padding: 0px;margin: 15px 0px 0px;border: 0px;vertical-align: baseline;line-height: 2.2em;font-size: 12px;color: #888888\">Las bases del concurso est\u00e1n disponibles en el sitio web&nbsp;<a style=\"padding: 0px;margin: 0px;border: 0px;vertical-align: baseline;line-height: 1.2em;color: #007399\" href=\"http:\/\/www.inach.cl\/fae\">www.inach.cl\/fae<\/a><\/p>\n<\/td>\n<\/tr>\n<\/tbody>\n<\/table>\n","protected":false},"excerpt":{"rendered":"<p>Participa junto a tu equipo escolar en&nbsp;la XI Feria Ant\u00e1rtica Escolar. &nbsp; Esta actividad, dirigida a estudiantes de 1er a 3er a\u00f1o de ense\u00f1anza media de los establecimientos educacionales human\u00edstico-cient\u00edfico de la Regi\u00f3n Metropolitana, como tambi\u00e9n a estudiantes de 1ero a 4to a\u00f1o medio de Liceos T\u00e9cnico Profesionales, tiene como objetivo principal la b\u00fasqueda de [&hellip;]<\/p>\n","protected":false},"author":2,"featured_media":2592,"comment_status":"closed","ping_status":"open","sticky":false,"template":"","format":"standard","meta":{"_acf_changed":false,"_exactmetrics_skip_tracking":false,"_exactmetrics_sitenote_active":false,"_exactmetrics_sitenote_note":"","_exactmetrics_sitenote_category":0,"footnotes":"","_links_to":"","_links_to_target":""},"categories":[4],"tags":[],"class_list":["post-1492","post","type-post","status-publish","format-standard","has-post-thumbnail","hentry","category-noticias"],"acf":[],"yoast_head":"<!-- This site is optimized with the Yoast SEO plugin v26.7 - https:\/\/yoast.com\/wordpress\/plugins\/seo\/ -->\n<title>\u00a1Participa en la XI Feria Ant\u00e1rtica Escolar! - RM Sur Oriente<\/title>\n<meta name=\"robots\" content=\"index, follow, max-snippet:-1, max-image-preview:large, max-video-preview:-1\" \/>\n<link rel=\"canonical\" href=\"https:\/\/dev.explora.cl\/rmsuroriente\/noticias-regional-metropolitana-sur-oriente-6\/\" class=\"yoast-seo-meta-tag\" \/>\n<meta property=\"og:locale\" content=\"es_ES\" class=\"yoast-seo-meta-tag\" \/>\n<meta property=\"og:type\" content=\"article\" class=\"yoast-seo-meta-tag\" \/>\n<meta property=\"og:title\" content=\"\u00a1Participa en la XI Feria Ant\u00e1rtica Escolar! - RM Sur Oriente\" class=\"yoast-seo-meta-tag\" \/>\n<meta property=\"og:description\" content=\"Participa junto a tu equipo escolar en&nbsp;la XI Feria Ant\u00e1rtica Escolar. &nbsp; Esta actividad, dirigida a estudiantes de 1er a 3er a\u00f1o de ense\u00f1anza media de los establecimientos educacionales human\u00edstico-cient\u00edfico de la Regi\u00f3n Metropolitana, como tambi\u00e9n a estudiantes de 1ero a 4to a\u00f1o medio de Liceos T\u00e9cnico Profesionales, tiene como objetivo principal la b\u00fasqueda de [&hellip;]\" class=\"yoast-seo-meta-tag\" \/>\n<meta property=\"og:url\" content=\"https:\/\/dev.explora.cl\/rmsuroriente\/noticias-regional-metropolitana-sur-oriente-6\/\" class=\"yoast-seo-meta-tag\" \/>\n<meta property=\"og:site_name\" content=\"RM Sur Oriente\" class=\"yoast-seo-meta-tag\" \/>\n<meta property=\"article:published_time\" content=\"2014-05-23T20:06:00+00:00\" class=\"yoast-seo-meta-tag\" \/>\n<meta property=\"article:modified_time\" content=\"2019-05-20T17:39:33+00:00\" class=\"yoast-seo-meta-tag\" \/>\n<meta name=\"author\" content=\"webman\" class=\"yoast-seo-meta-tag\" \/>\n<meta name=\"twitter:card\" content=\"summary_large_image\" class=\"yoast-seo-meta-tag\" \/>\n<meta name=\"twitter:label1\" content=\"Escrito por\" class=\"yoast-seo-meta-tag\" \/>\n\t<meta name=\"twitter:data1\" content=\"webman\" class=\"yoast-seo-meta-tag\" \/>\n\t<meta name=\"twitter:label2\" content=\"Tiempo estimado de lectura\" class=\"yoast-seo-meta-tag\" \/>\n\t<meta name=\"twitter:data2\" content=\"1 minuto\" class=\"yoast-seo-meta-tag\" \/>\n<script type=\"application\/ld+json\" class=\"yoast-schema-graph\">{\"@context\":\"https:\/\/schema.org\",\"@graph\":[{\"@type\":\"Article\",\"@id\":\"https:\/\/dev.explora.cl\/rmsuroriente\/noticias-regional-metropolitana-sur-oriente-6\/#article\",\"isPartOf\":{\"@id\":\"https:\/\/dev.explora.cl\/rmsuroriente\/noticias-regional-metropolitana-sur-oriente-6\/\"},\"author\":{\"name\":\"webman\",\"@id\":\"https:\/\/dev.explora.cl\/rmsuroriente\/#\/schema\/person\/cb8349c13ea2d324080adf8480d7ba5d\"},\"headline\":\"\u00a1Participa en la XI Feria Ant\u00e1rtica Escolar!\",\"datePublished\":\"2014-05-23T20:06:00+00:00\",\"dateModified\":\"2019-05-20T17:39:33+00:00\",\"mainEntityOfPage\":{\"@id\":\"https:\/\/dev.explora.cl\/rmsuroriente\/noticias-regional-metropolitana-sur-oriente-6\/\"},\"wordCount\":274,\"publisher\":{\"@id\":\"https:\/\/dev.explora.cl\/rmsuroriente\/#organization\"},\"image\":{\"@id\":\"https:\/\/dev.explora.cl\/rmsuroriente\/noticias-regional-metropolitana-sur-oriente-6\/#primaryimage\"},\"thumbnailUrl\":\"\",\"articleSection\":[\"Noticias\"],\"inLanguage\":\"es-CL\"},{\"@type\":\"WebPage\",\"@id\":\"https:\/\/dev.explora.cl\/rmsuroriente\/noticias-regional-metropolitana-sur-oriente-6\/\",\"url\":\"https:\/\/dev.explora.cl\/rmsuroriente\/noticias-regional-metropolitana-sur-oriente-6\/\",\"name\":\"\u00a1Participa en la XI Feria Ant\u00e1rtica Escolar! - RM Sur Oriente\",\"isPartOf\":{\"@id\":\"https:\/\/dev.explora.cl\/rmsuroriente\/#website\"},\"primaryImageOfPage\":{\"@id\":\"https:\/\/dev.explora.cl\/rmsuroriente\/noticias-regional-metropolitana-sur-oriente-6\/#primaryimage\"},\"image\":{\"@id\":\"https:\/\/dev.explora.cl\/rmsuroriente\/noticias-regional-metropolitana-sur-oriente-6\/#primaryimage\"},\"thumbnailUrl\":\"\",\"datePublished\":\"2014-05-23T20:06:00+00:00\",\"dateModified\":\"2019-05-20T17:39:33+00:00\",\"breadcrumb\":{\"@id\":\"https:\/\/dev.explora.cl\/rmsuroriente\/noticias-regional-metropolitana-sur-oriente-6\/#breadcrumb\"},\"inLanguage\":\"es-CL\",\"potentialAction\":[{\"@type\":\"ReadAction\",\"target\":[\"https:\/\/dev.explora.cl\/rmsuroriente\/noticias-regional-metropolitana-sur-oriente-6\/\"]}]},{\"@type\":\"ImageObject\",\"inLanguage\":\"es-CL\",\"@id\":\"https:\/\/dev.explora.cl\/rmsuroriente\/noticias-regional-metropolitana-sur-oriente-6\/#primaryimage\",\"url\":\"\",\"contentUrl\":\"\"},{\"@type\":\"BreadcrumbList\",\"@id\":\"https:\/\/dev.explora.cl\/rmsuroriente\/noticias-regional-metropolitana-sur-oriente-6\/#breadcrumb\",\"itemListElement\":[{\"@type\":\"ListItem\",\"position\":1,\"name\":\"Portada\",\"item\":\"https:\/\/dev.explora.cl\/rmsuroriente\/\"},{\"@type\":\"ListItem\",\"position\":2,\"name\":\"\u00a1Participa en la XI Feria Ant\u00e1rtica Escolar!\"}]},{\"@type\":\"WebSite\",\"@id\":\"https:\/\/dev.explora.cl\/rmsuroriente\/#website\",\"url\":\"https:\/\/dev.explora.cl\/rmsuroriente\/\",\"name\":\"RM Sur Oriente\",\"description\":\"Otro sitio m\u00e1s de dev.explora.cl\",\"publisher\":{\"@id\":\"https:\/\/dev.explora.cl\/rmsuroriente\/#organization\"},\"potentialAction\":[{\"@type\":\"SearchAction\",\"target\":{\"@type\":\"EntryPoint\",\"urlTemplate\":\"https:\/\/dev.explora.cl\/rmsuroriente\/?s={search_term_string}\"},\"query-input\":{\"@type\":\"PropertyValueSpecification\",\"valueRequired\":true,\"valueName\":\"search_term_string\"}}],\"inLanguage\":\"es-CL\"},{\"@type\":\"Organization\",\"@id\":\"https:\/\/dev.explora.cl\/rmsuroriente\/#organization\",\"name\":\"RM Sur Oriente\",\"url\":\"https:\/\/dev.explora.cl\/rmsuroriente\/\",\"logo\":{\"@type\":\"ImageObject\",\"inLanguage\":\"es-CL\",\"@id\":\"https:\/\/dev.explora.cl\/rmsuroriente\/#\/schema\/logo\/image\/\",\"url\":\"https:\/\/dev.explora.cl\/rmsuroriente\/wp-content\/uploads\/sites\/12\/2025\/04\/cropped-LogoPAR_RMSO-Azul-UC.png\",\"contentUrl\":\"https:\/\/dev.explora.cl\/rmsuroriente\/wp-content\/uploads\/sites\/12\/2025\/04\/cropped-LogoPAR_RMSO-Azul-UC.png\",\"width\":411,\"height\":409,\"caption\":\"RM Sur Oriente\"},\"image\":{\"@id\":\"https:\/\/dev.explora.cl\/rmsuroriente\/#\/schema\/logo\/image\/\"}},{\"@type\":\"Person\",\"@id\":\"https:\/\/dev.explora.cl\/rmsuroriente\/#\/schema\/person\/cb8349c13ea2d324080adf8480d7ba5d\",\"name\":\"webman\",\"image\":{\"@type\":\"ImageObject\",\"inLanguage\":\"es-CL\",\"@id\":\"https:\/\/dev.explora.cl\/rmsuroriente\/#\/schema\/person\/image\/\",\"url\":\"https:\/\/secure.gravatar.com\/avatar\/eeff3c82f2c02f7177d13663b7e6f890e9a6a0647ce9bb29cae02dcb094c7312?s=96&d=mm&r=g\",\"contentUrl\":\"https:\/\/secure.gravatar.com\/avatar\/eeff3c82f2c02f7177d13663b7e6f890e9a6a0647ce9bb29cae02dcb094c7312?s=96&d=mm&r=g\",\"caption\":\"webman\"},\"url\":\"https:\/\/dev.explora.cl\/rmsuroriente\/author\/webman\/\"}]}<\/script>\n<!-- \/ Yoast SEO plugin. -->","yoast_head_json":{"title":"\u00a1Participa en la XI Feria Ant\u00e1rtica Escolar! - RM Sur Oriente","robots":{"index":"index","follow":"follow","max-snippet":"max-snippet:-1","max-image-preview":"max-image-preview:large","max-video-preview":"max-video-preview:-1"},"canonical":"https:\/\/dev.explora.cl\/rmsuroriente\/noticias-regional-metropolitana-sur-oriente-6\/","og_locale":"es_ES","og_type":"article","og_title":"\u00a1Participa en la XI Feria Ant\u00e1rtica Escolar! - RM Sur Oriente","og_description":"Participa junto a tu equipo escolar en&nbsp;la XI Feria Ant\u00e1rtica Escolar. &nbsp; Esta actividad, dirigida a estudiantes de 1er a 3er a\u00f1o de ense\u00f1anza media de los establecimientos educacionales human\u00edstico-cient\u00edfico de la Regi\u00f3n Metropolitana, como tambi\u00e9n a estudiantes de 1ero a 4to a\u00f1o medio de Liceos T\u00e9cnico Profesionales, tiene como objetivo principal la b\u00fasqueda de [&hellip;]","og_url":"https:\/\/dev.explora.cl\/rmsuroriente\/noticias-regional-metropolitana-sur-oriente-6\/","og_site_name":"RM Sur Oriente","article_published_time":"2014-05-23T20:06:00+00:00","article_modified_time":"2019-05-20T17:39:33+00:00","author":"webman","twitter_card":"summary_large_image","twitter_misc":{"Escrito por":"webman","Tiempo estimado de lectura":"1 minuto"},"schema":{"@context":"https:\/\/schema.org","@graph":[{"@type":"Article","@id":"https:\/\/dev.explora.cl\/rmsuroriente\/noticias-regional-metropolitana-sur-oriente-6\/#article","isPartOf":{"@id":"https:\/\/dev.explora.cl\/rmsuroriente\/noticias-regional-metropolitana-sur-oriente-6\/"},"author":{"name":"webman","@id":"https:\/\/dev.explora.cl\/rmsuroriente\/#\/schema\/person\/cb8349c13ea2d324080adf8480d7ba5d"},"headline":"\u00a1Participa en la XI Feria Ant\u00e1rtica Escolar!","datePublished":"2014-05-23T20:06:00+00:00","dateModified":"2019-05-20T17:39:33+00:00","mainEntityOfPage":{"@id":"https:\/\/dev.explora.cl\/rmsuroriente\/noticias-regional-metropolitana-sur-oriente-6\/"},"wordCount":274,"publisher":{"@id":"https:\/\/dev.explora.cl\/rmsuroriente\/#organization"},"image":{"@id":"https:\/\/dev.explora.cl\/rmsuroriente\/noticias-regional-metropolitana-sur-oriente-6\/#primaryimage"},"thumbnailUrl":"","articleSection":["Noticias"],"inLanguage":"es-CL"},{"@type":"WebPage","@id":"https:\/\/dev.explora.cl\/rmsuroriente\/noticias-regional-metropolitana-sur-oriente-6\/","url":"https:\/\/dev.explora.cl\/rmsuroriente\/noticias-regional-metropolitana-sur-oriente-6\/","name":"\u00a1Participa en la XI Feria Ant\u00e1rtica Escolar! - RM Sur Oriente","isPartOf":{"@id":"https:\/\/dev.explora.cl\/rmsuroriente\/#website"},"primaryImageOfPage":{"@id":"https:\/\/dev.explora.cl\/rmsuroriente\/noticias-regional-metropolitana-sur-oriente-6\/#primaryimage"},"image":{"@id":"https:\/\/dev.explora.cl\/rmsuroriente\/noticias-regional-metropolitana-sur-oriente-6\/#primaryimage"},"thumbnailUrl":"","datePublished":"2014-05-23T20:06:00+00:00","dateModified":"2019-05-20T17:39:33+00:00","breadcrumb":{"@id":"https:\/\/dev.explora.cl\/rmsuroriente\/noticias-regional-metropolitana-sur-oriente-6\/#breadcrumb"},"inLanguage":"es-CL","potentialAction":[{"@type":"ReadAction","target":["https:\/\/dev.explora.cl\/rmsuroriente\/noticias-regional-metropolitana-sur-oriente-6\/"]}]},{"@type":"ImageObject","inLanguage":"es-CL","@id":"https:\/\/dev.explora.cl\/rmsuroriente\/noticias-regional-metropolitana-sur-oriente-6\/#primaryimage","url":"","contentUrl":""},{"@type":"BreadcrumbList","@id":"https:\/\/dev.explora.cl\/rmsuroriente\/noticias-regional-metropolitana-sur-oriente-6\/#breadcrumb","itemListElement":[{"@type":"ListItem","position":1,"name":"Portada","item":"https:\/\/dev.explora.cl\/rmsuroriente\/"},{"@type":"ListItem","position":2,"name":"\u00a1Participa en la XI Feria Ant\u00e1rtica Escolar!"}]},{"@type":"WebSite","@id":"https:\/\/dev.explora.cl\/rmsuroriente\/#website","url":"https:\/\/dev.explora.cl\/rmsuroriente\/","name":"RM Sur Oriente","description":"Otro sitio m\u00e1s de dev.explora.cl","publisher":{"@id":"https:\/\/dev.explora.cl\/rmsuroriente\/#organization"},"potentialAction":[{"@type":"SearchAction","target":{"@type":"EntryPoint","urlTemplate":"https:\/\/dev.explora.cl\/rmsuroriente\/?s={search_term_string}"},"query-input":{"@type":"PropertyValueSpecification","valueRequired":true,"valueName":"search_term_string"}}],"inLanguage":"es-CL"},{"@type":"Organization","@id":"https:\/\/dev.explora.cl\/rmsuroriente\/#organization","name":"RM Sur Oriente","url":"https:\/\/dev.explora.cl\/rmsuroriente\/","logo":{"@type":"ImageObject","inLanguage":"es-CL","@id":"https:\/\/dev.explora.cl\/rmsuroriente\/#\/schema\/logo\/image\/","url":"https:\/\/dev.explora.cl\/rmsuroriente\/wp-content\/uploads\/sites\/12\/2025\/04\/cropped-LogoPAR_RMSO-Azul-UC.png","contentUrl":"https:\/\/dev.explora.cl\/rmsuroriente\/wp-content\/uploads\/sites\/12\/2025\/04\/cropped-LogoPAR_RMSO-Azul-UC.png","width":411,"height":409,"caption":"RM Sur Oriente"},"image":{"@id":"https:\/\/dev.explora.cl\/rmsuroriente\/#\/schema\/logo\/image\/"}},{"@type":"Person","@id":"https:\/\/dev.explora.cl\/rmsuroriente\/#\/schema\/person\/cb8349c13ea2d324080adf8480d7ba5d","name":"webman","image":{"@type":"ImageObject","inLanguage":"es-CL","@id":"https:\/\/dev.explora.cl\/rmsuroriente\/#\/schema\/person\/image\/","url":"https:\/\/secure.gravatar.com\/avatar\/eeff3c82f2c02f7177d13663b7e6f890e9a6a0647ce9bb29cae02dcb094c7312?s=96&d=mm&r=g","contentUrl":"https:\/\/secure.gravatar.com\/avatar\/eeff3c82f2c02f7177d13663b7e6f890e9a6a0647ce9bb29cae02dcb094c7312?s=96&d=mm&r=g","caption":"webman"},"url":"https:\/\/dev.explora.cl\/rmsuroriente\/author\/webman\/"}]}},"_links":{"self":[{"href":"https:\/\/dev.explora.cl\/rmsuroriente\/wp-json\/wp\/v2\/posts\/1492","targetHints":{"allow":["GET"]}}],"collection":[{"href":"https:\/\/dev.explora.cl\/rmsuroriente\/wp-json\/wp\/v2\/posts"}],"about":[{"href":"https:\/\/dev.explora.cl\/rmsuroriente\/wp-json\/wp\/v2\/types\/post"}],"author":[{"embeddable":true,"href":"https:\/\/dev.explora.cl\/rmsuroriente\/wp-json\/wp\/v2\/users\/2"}],"replies":[{"embeddable":true,"href":"https:\/\/dev.explora.cl\/rmsuroriente\/wp-json\/wp\/v2\/comments?post=1492"}],"version-history":[{"count":1,"href":"https:\/\/dev.explora.cl\/rmsuroriente\/wp-json\/wp\/v2\/posts\/1492\/revisions"}],"predecessor-version":[{"id":38333,"href":"https:\/\/dev.explora.cl\/rmsuroriente\/wp-json\/wp\/v2\/posts\/1492\/revisions\/38333"}],"wp:featuredmedia":[{"embeddable":true,"href":"https:\/\/dev.explora.cl\/rmsuroriente\/wp-json\/"}],"wp:attachment":[{"href":"https:\/\/dev.explora.cl\/rmsuroriente\/wp-json\/wp\/v2\/media?parent=1492"}],"wp:term":[{"taxonomy":"category","embeddable":true,"href":"https:\/\/dev.explora.cl\/rmsuroriente\/wp-json\/wp\/v2\/categories?post=1492"},{"taxonomy":"post_tag","embeddable":true,"href":"https:\/\/dev.explora.cl\/rmsuroriente\/wp-json\/wp\/v2\/tags?post=1492"}],"curies":[{"name":"wp","href":"https:\/\/api.w.org\/{rel}","templated":true}]}}