{"id":1490,"date":"2014-06-11T21:42:24","date_gmt":"2014-06-11T21:42:24","guid":{"rendered":"https:\/\/dev.explora.cl\/rmsuroriente\/blog\/2014\/06\/11\/1er-concurso-de-desarrollo-de-productos-tecnologicos\/"},"modified":"2019-05-20T17:39:32","modified_gmt":"2019-05-20T17:39:32","slug":"1er-concurso-de-desarrollo-de-productos-tecnologicos","status":"publish","type":"post","link":"https:\/\/dev.explora.cl\/rmsuroriente\/1er-concurso-de-desarrollo-de-productos-tecnologicos\/","title":{"rendered":"1er Concurso de Desarrollo de Productos Tecnol\u00f3gicos"},"content":{"rendered":"<p><img loading=\"lazy\" decoding=\"async\" class=\" size-full wp-image-2968\" src=\"http:\/\/ec2-34-218-253-251.us-west-2.compute.amazonaws.com\/wp-content\/uploads\/2014\/06\/ee9bc87b420b756ad4171d9571626ba4.jpg\" alt=\"\" width=\"800\" height=\"464\" \/><\/p>\n<div style=\"color: #555555;font-family: Arial, sans-serif;font-size: 14px;line-height: 23px\">\n<div class=\"entry\" style=\"padding: 0px;margin: 0px;border: 0px none;line-height: 1.5;font-family: Raleway;font-size: 12px\">\n<p style=\"padding: 1em 0px;margin: 0px;border: 0px none\">\u00a0<\/p>\n<p style=\"font-family: 'Trebuchet MS', Arial, Helvetica, Verdana, Tahoma, sans-serif;padding: 0px;margin: 15px 0px 0px;border: 0px;vertical-align: baseline;line-height: 2.2em;font-size: 12px;color: #888888\">Participa en el\u00a0<strong style=\"padding: 0px;margin: 0px;border: 0px;vertical-align: baseline;line-height: 1.2em\">1er Concurso de Productos de Innovaci\u00f3n, Dise\u00f1o Universal y Calidad de Vida<\/strong>, organizado por la Fundaci\u00f3n RedApoyos, Divesitat y Explora CONICYT RM (zona sur oriente).<\/p>\n<p style=\"font-family: 'Trebuchet MS', Arial, Helvetica, Verdana, Tahoma, sans-serif;padding: 0px;margin: 15px 0px 0px;border: 0px;vertical-align: baseline;line-height: 2.2em;font-size: 12px;color: #888888\">Hasta el pr\u00f3ximo 312 de julio recibiremos las trabajos que, bajo el marco del dise\u00f1o universal, contribuyan a minimizar las barreras que experimentan personas con disCAPACIDAD.<\/p>\n<p style=\"font-family: 'Trebuchet MS', Arial, Helvetica, Verdana, Tahoma, sans-serif;padding: 0px;margin: 15px 0px 0px;border: 0px;vertical-align: baseline;line-height: 2.2em;font-size: 12px;color: #888888\">Pueden presentarse propuestas de TODO \u00c1MBITO: que favorezcan un tipo de dise\u00f1o arquitect\u00f3nico accesible, el uso eficiente de las nuevas tecnolog\u00edas, del transporte, el acceso a las comunicaciones, que propicien logros de aprendizajes y el cumplimiento exitoso y lo m\u00e1s aut\u00f3nomo posible de las m\u00faltiples actividades cotidianas, entre muchos otros aspectos que coadyuvan al mejoramiento de la calidad de vida.<\/p>\n<p style=\"font-family: 'Trebuchet MS', Arial, Helvetica, Verdana, Tahoma, sans-serif;padding: 0px;margin: 15px 0px 0px;border: 0px;vertical-align: baseline;line-height: 2.2em;font-size: 12px;color: #888888\">El concurso est\u00e1 dirigido a ni\u00f1os y ni\u00f1as desde primero b\u00e1sico en adelante, a j\u00f3venes de ense\u00f1anza media, a aquellos que cursen alguna carrera de educaci\u00f3n superior (t\u00e9cnica o profesional) y a p\u00fablico general que resida en la Regi\u00f3n Metropolitana, presenten o no disCAPACIDAD.<\/p>\n<p style=\"font-family: 'Trebuchet MS', Arial, Helvetica, Verdana, Tahoma, sans-serif;padding: 0px;margin: 15px 0px 0px;border: 0px;vertical-align: baseline;line-height: 2.2em;font-size: 12px;color: #888888\">Los mejores 20 trabajos ser\u00e1n exhibidos en la 1era Feria de Innovaci\u00f3n, Dise\u00f1o Universal y Calidad de Vida, que se realizar\u00e1 los d\u00edas 21 y 22 de noviembre, instancia en la que un jurado premiar\u00e1 los mejores trabajos.<\/p>\n<p style=\"font-family: 'Trebuchet MS', Arial, Helvetica, Verdana, Tahoma, sans-serif;padding: 0px;margin: 15px 0px 0px;border: 0px;vertical-align: baseline;line-height: 2.2em;font-size: 12px;color: #888888\">Las propuestas deben enviarse ocupando el formulario de postulaci\u00f3n adjunto, al correo\u00a0<a href=\"mailto:feriascientificas@gmail.com\" style=\"padding: 0px;margin: 0px;border: 0px;vertical-align: baseline;line-height: 1.2em;color: #007399\">feriascientificas@gmail.com<\/a><\/p>\n<p class=\"titulograndeazul\" style=\"font-family: 'Trebuchet MS', Arial, Helvetica, Verdana, sans-serif;padding: 0px;margin: 15px 0px 0px;border: 0px;vertical-align: baseline;line-height: 2.2em;font-size: 1.5em;color: #007399;font-weight: bold\"><strong style=\"font-family: 'Trebuchet MS', Arial, Helvetica, Verdana, Tahoma, sans-serif;padding: 0px;margin: 0px;border: 0px;vertical-align: baseline;line-height: 1.2em;font-size: 18px\"><span style=\"padding: 0px;margin: 0px;border: 0px;vertical-align: baseline;line-height: 1.2em;font-size: medium\">DESCARGA LAS BASES AQU\u00cd \/ PLAZO DE POSTULACI\u00d3N: 31 DE JULIO<\/span><\/strong><\/p>\n<p class=\"enlacedescarga\" style=\"font-family: 'Trebuchet MS', Arial, Helvetica, Verdana, Tahoma, sans-serif;padding: 0px 0px 0px 22px;margin: 15px 0px 0px;border: 0px;vertical-align: baseline;line-height: 2.2em;font-size: 12px;color: #007399\"><a href=\"http:\/\/explorarm.com\/wp-content\/uploads\/2014\/05\/Bases-Concurso-DPT-IDU-y-CV-Sur-Oriente.doc\" target=\"_blank\" style=\"padding: 0px;margin: 0px;border: 0px;vertical-align: baseline;line-height: 1.2em;color: #007399\" rel=\"noopener noreferrer\">Bases del Concurso<\/a><\/p>\n<p class=\"enlacedescarga\" style=\"font-family: 'Trebuchet MS', Arial, Helvetica, Verdana, Tahoma, sans-serif;padding: 0px 0px 0px 22px;margin: 15px 0px 0px;border: 0px;vertical-align: baseline;line-height: 2.2em;font-size: 12px;color: #007399\"><a href=\"http:\/\/explorarm.com\/wp-content\/uploads\/2014\/05\/Formulario-Postulacion-Sur-Oriente.docx\" target=\"_blank\" style=\"padding: 0px;margin: 0px;border: 0px;vertical-align: baseline;line-height: 1.2em;color: #007399\" rel=\"noopener noreferrer\">Formulario Postulaci\u00f3n<\/a><\/p>\n<p class=\"enlacedescarga\" style=\"font-family: 'Trebuchet MS', Arial, Helvetica, Verdana, Tahoma, sans-serif;padding: 0px 0px 0px 22px;margin: 15px 0px 0px;border: 0px;vertical-align: baseline;line-height: 2.2em;font-size: 12px;color: #007399\"><a href=\"http:\/\/explorarm.com\/wp-content\/uploads\/2014\/05\/Pauta-de-Evaluaci%C3%B3n-Escrita-Sur-Oriente.doc\" target=\"_blank\" style=\"padding: 0px;margin: 0px;border: 0px;vertical-align: baseline;line-height: 1.2em;color: #007399\" rel=\"noopener noreferrer\">Pauta Evaluaci\u00f3n Trabajo Escrito<\/a><\/p>\n<p class=\"enlacedescarga\" style=\"font-family: 'Trebuchet MS', Arial, Helvetica, Verdana, Tahoma, sans-serif;padding: 0px 0px 0px 22px;margin: 15px 0px 0px;border: 0px;vertical-align: baseline;line-height: 2.2em;font-size: 12px;color: #007399\"><a href=\"http:\/\/explorarm.com\/wp-content\/uploads\/2014\/05\/Pauta-Evaluacion-Stand-Sur-Oriente.doc\" target=\"_blank\" style=\"padding: 0px;margin: 0px;border: 0px;vertical-align: baseline;line-height: 1.2em;color: #007399\" rel=\"noopener noreferrer\">Pauta Evaluaci\u00f3n Stand<\/a><\/p>\n<\/p><\/div>\n<\/p><\/div>\n","protected":false},"excerpt":{"rendered":"<p>\u00a0 Participa en el\u00a01er Concurso de Productos de Innovaci\u00f3n, Dise\u00f1o Universal y Calidad de Vida, organizado por la Fundaci\u00f3n RedApoyos, Divesitat y Explora CONICYT RM (zona sur oriente). Hasta el pr\u00f3ximo 312 de julio recibiremos las trabajos que, bajo el marco del dise\u00f1o universal, contribuyan a minimizar las barreras que experimentan personas con disCAPACIDAD. Pueden [&hellip;]<\/p>\n","protected":false},"author":2,"featured_media":2968,"comment_status":"closed","ping_status":"open","sticky":false,"template":"","format":"standard","meta":{"_acf_changed":false,"_exactmetrics_skip_tracking":false,"_exactmetrics_sitenote_active":false,"_exactmetrics_sitenote_note":"","_exactmetrics_sitenote_category":0,"footnotes":"","_links_to":"","_links_to_target":""},"categories":[4],"tags":[],"class_list":["post-1490","post","type-post","status-publish","format-standard","has-post-thumbnail","hentry","category-noticias"],"acf":[],"yoast_head":"<!-- This site is optimized with the Yoast SEO plugin v26.7 - https:\/\/yoast.com\/wordpress\/plugins\/seo\/ -->\n<title>1er Concurso de Desarrollo de Productos Tecnol\u00f3gicos - RM Sur Oriente<\/title>\n<meta name=\"robots\" content=\"index, follow, max-snippet:-1, max-image-preview:large, max-video-preview:-1\" \/>\n<link rel=\"canonical\" href=\"https:\/\/dev.explora.cl\/rmsuroriente\/1er-concurso-de-desarrollo-de-productos-tecnologicos\/\" class=\"yoast-seo-meta-tag\" \/>\n<meta property=\"og:locale\" content=\"es_ES\" class=\"yoast-seo-meta-tag\" \/>\n<meta property=\"og:type\" content=\"article\" class=\"yoast-seo-meta-tag\" \/>\n<meta property=\"og:title\" content=\"1er Concurso de Desarrollo de Productos Tecnol\u00f3gicos - RM Sur Oriente\" class=\"yoast-seo-meta-tag\" \/>\n<meta property=\"og:description\" content=\"\u00a0 Participa en el\u00a01er Concurso de Productos de Innovaci\u00f3n, Dise\u00f1o Universal y Calidad de Vida, organizado por la Fundaci\u00f3n RedApoyos, Divesitat y Explora CONICYT RM (zona sur oriente). Hasta el pr\u00f3ximo 312 de julio recibiremos las trabajos que, bajo el marco del dise\u00f1o universal, contribuyan a minimizar las barreras que experimentan personas con disCAPACIDAD. Pueden [&hellip;]\" class=\"yoast-seo-meta-tag\" \/>\n<meta property=\"og:url\" content=\"https:\/\/dev.explora.cl\/rmsuroriente\/1er-concurso-de-desarrollo-de-productos-tecnologicos\/\" class=\"yoast-seo-meta-tag\" \/>\n<meta property=\"og:site_name\" content=\"RM Sur Oriente\" class=\"yoast-seo-meta-tag\" \/>\n<meta property=\"article:published_time\" content=\"2014-06-11T21:42:24+00:00\" class=\"yoast-seo-meta-tag\" \/>\n<meta property=\"article:modified_time\" content=\"2019-05-20T17:39:32+00:00\" class=\"yoast-seo-meta-tag\" \/>\n<meta name=\"author\" content=\"webman\" class=\"yoast-seo-meta-tag\" \/>\n<meta name=\"twitter:card\" content=\"summary_large_image\" class=\"yoast-seo-meta-tag\" \/>\n<meta name=\"twitter:label1\" content=\"Escrito por\" class=\"yoast-seo-meta-tag\" \/>\n\t<meta name=\"twitter:data1\" content=\"webman\" class=\"yoast-seo-meta-tag\" \/>\n\t<meta name=\"twitter:label2\" content=\"Tiempo estimado de lectura\" class=\"yoast-seo-meta-tag\" \/>\n\t<meta name=\"twitter:data2\" content=\"1 minuto\" class=\"yoast-seo-meta-tag\" \/>\n<script type=\"application\/ld+json\" class=\"yoast-schema-graph\">{\"@context\":\"https:\/\/schema.org\",\"@graph\":[{\"@type\":\"Article\",\"@id\":\"https:\/\/dev.explora.cl\/rmsuroriente\/1er-concurso-de-desarrollo-de-productos-tecnologicos\/#article\",\"isPartOf\":{\"@id\":\"https:\/\/dev.explora.cl\/rmsuroriente\/1er-concurso-de-desarrollo-de-productos-tecnologicos\/\"},\"author\":{\"name\":\"webman\",\"@id\":\"https:\/\/dev.explora.cl\/rmsuroriente\/#\/schema\/person\/cb8349c13ea2d324080adf8480d7ba5d\"},\"headline\":\"1er Concurso de Desarrollo de Productos Tecnol\u00f3gicos\",\"datePublished\":\"2014-06-11T21:42:24+00:00\",\"dateModified\":\"2019-05-20T17:39:32+00:00\",\"mainEntityOfPage\":{\"@id\":\"https:\/\/dev.explora.cl\/rmsuroriente\/1er-concurso-de-desarrollo-de-productos-tecnologicos\/\"},\"wordCount\":265,\"publisher\":{\"@id\":\"https:\/\/dev.explora.cl\/rmsuroriente\/#organization\"},\"image\":{\"@id\":\"https:\/\/dev.explora.cl\/rmsuroriente\/1er-concurso-de-desarrollo-de-productos-tecnologicos\/#primaryimage\"},\"thumbnailUrl\":\"\",\"articleSection\":[\"Noticias\"],\"inLanguage\":\"es-CL\"},{\"@type\":\"WebPage\",\"@id\":\"https:\/\/dev.explora.cl\/rmsuroriente\/1er-concurso-de-desarrollo-de-productos-tecnologicos\/\",\"url\":\"https:\/\/dev.explora.cl\/rmsuroriente\/1er-concurso-de-desarrollo-de-productos-tecnologicos\/\",\"name\":\"1er Concurso de Desarrollo de Productos Tecnol\u00f3gicos - RM Sur Oriente\",\"isPartOf\":{\"@id\":\"https:\/\/dev.explora.cl\/rmsuroriente\/#website\"},\"primaryImageOfPage\":{\"@id\":\"https:\/\/dev.explora.cl\/rmsuroriente\/1er-concurso-de-desarrollo-de-productos-tecnologicos\/#primaryimage\"},\"image\":{\"@id\":\"https:\/\/dev.explora.cl\/rmsuroriente\/1er-concurso-de-desarrollo-de-productos-tecnologicos\/#primaryimage\"},\"thumbnailUrl\":\"\",\"datePublished\":\"2014-06-11T21:42:24+00:00\",\"dateModified\":\"2019-05-20T17:39:32+00:00\",\"breadcrumb\":{\"@id\":\"https:\/\/dev.explora.cl\/rmsuroriente\/1er-concurso-de-desarrollo-de-productos-tecnologicos\/#breadcrumb\"},\"inLanguage\":\"es-CL\",\"potentialAction\":[{\"@type\":\"ReadAction\",\"target\":[\"https:\/\/dev.explora.cl\/rmsuroriente\/1er-concurso-de-desarrollo-de-productos-tecnologicos\/\"]}]},{\"@type\":\"ImageObject\",\"inLanguage\":\"es-CL\",\"@id\":\"https:\/\/dev.explora.cl\/rmsuroriente\/1er-concurso-de-desarrollo-de-productos-tecnologicos\/#primaryimage\",\"url\":\"\",\"contentUrl\":\"\"},{\"@type\":\"BreadcrumbList\",\"@id\":\"https:\/\/dev.explora.cl\/rmsuroriente\/1er-concurso-de-desarrollo-de-productos-tecnologicos\/#breadcrumb\",\"itemListElement\":[{\"@type\":\"ListItem\",\"position\":1,\"name\":\"Portada\",\"item\":\"https:\/\/dev.explora.cl\/rmsuroriente\/\"},{\"@type\":\"ListItem\",\"position\":2,\"name\":\"1er Concurso de Desarrollo de Productos Tecnol\u00f3gicos\"}]},{\"@type\":\"WebSite\",\"@id\":\"https:\/\/dev.explora.cl\/rmsuroriente\/#website\",\"url\":\"https:\/\/dev.explora.cl\/rmsuroriente\/\",\"name\":\"RM Sur Oriente\",\"description\":\"Otro sitio m\u00e1s de dev.explora.cl\",\"publisher\":{\"@id\":\"https:\/\/dev.explora.cl\/rmsuroriente\/#organization\"},\"potentialAction\":[{\"@type\":\"SearchAction\",\"target\":{\"@type\":\"EntryPoint\",\"urlTemplate\":\"https:\/\/dev.explora.cl\/rmsuroriente\/?s={search_term_string}\"},\"query-input\":{\"@type\":\"PropertyValueSpecification\",\"valueRequired\":true,\"valueName\":\"search_term_string\"}}],\"inLanguage\":\"es-CL\"},{\"@type\":\"Organization\",\"@id\":\"https:\/\/dev.explora.cl\/rmsuroriente\/#organization\",\"name\":\"RM Sur Oriente\",\"url\":\"https:\/\/dev.explora.cl\/rmsuroriente\/\",\"logo\":{\"@type\":\"ImageObject\",\"inLanguage\":\"es-CL\",\"@id\":\"https:\/\/dev.explora.cl\/rmsuroriente\/#\/schema\/logo\/image\/\",\"url\":\"https:\/\/dev.explora.cl\/rmsuroriente\/wp-content\/uploads\/sites\/12\/2025\/04\/cropped-LogoPAR_RMSO-Azul-UC.png\",\"contentUrl\":\"https:\/\/dev.explora.cl\/rmsuroriente\/wp-content\/uploads\/sites\/12\/2025\/04\/cropped-LogoPAR_RMSO-Azul-UC.png\",\"width\":411,\"height\":409,\"caption\":\"RM Sur Oriente\"},\"image\":{\"@id\":\"https:\/\/dev.explora.cl\/rmsuroriente\/#\/schema\/logo\/image\/\"}},{\"@type\":\"Person\",\"@id\":\"https:\/\/dev.explora.cl\/rmsuroriente\/#\/schema\/person\/cb8349c13ea2d324080adf8480d7ba5d\",\"name\":\"webman\",\"image\":{\"@type\":\"ImageObject\",\"inLanguage\":\"es-CL\",\"@id\":\"https:\/\/dev.explora.cl\/rmsuroriente\/#\/schema\/person\/image\/\",\"url\":\"https:\/\/secure.gravatar.com\/avatar\/eeff3c82f2c02f7177d13663b7e6f890e9a6a0647ce9bb29cae02dcb094c7312?s=96&d=mm&r=g\",\"contentUrl\":\"https:\/\/secure.gravatar.com\/avatar\/eeff3c82f2c02f7177d13663b7e6f890e9a6a0647ce9bb29cae02dcb094c7312?s=96&d=mm&r=g\",\"caption\":\"webman\"},\"url\":\"https:\/\/dev.explora.cl\/rmsuroriente\/author\/webman\/\"}]}<\/script>\n<!-- \/ Yoast SEO plugin. -->","yoast_head_json":{"title":"1er Concurso de Desarrollo de Productos Tecnol\u00f3gicos - RM Sur Oriente","robots":{"index":"index","follow":"follow","max-snippet":"max-snippet:-1","max-image-preview":"max-image-preview:large","max-video-preview":"max-video-preview:-1"},"canonical":"https:\/\/dev.explora.cl\/rmsuroriente\/1er-concurso-de-desarrollo-de-productos-tecnologicos\/","og_locale":"es_ES","og_type":"article","og_title":"1er Concurso de Desarrollo de Productos Tecnol\u00f3gicos - RM Sur Oriente","og_description":"\u00a0 Participa en el\u00a01er Concurso de Productos de Innovaci\u00f3n, Dise\u00f1o Universal y Calidad de Vida, organizado por la Fundaci\u00f3n RedApoyos, Divesitat y Explora CONICYT RM (zona sur oriente). Hasta el pr\u00f3ximo 312 de julio recibiremos las trabajos que, bajo el marco del dise\u00f1o universal, contribuyan a minimizar las barreras que experimentan personas con disCAPACIDAD. Pueden [&hellip;]","og_url":"https:\/\/dev.explora.cl\/rmsuroriente\/1er-concurso-de-desarrollo-de-productos-tecnologicos\/","og_site_name":"RM Sur Oriente","article_published_time":"2014-06-11T21:42:24+00:00","article_modified_time":"2019-05-20T17:39:32+00:00","author":"webman","twitter_card":"summary_large_image","twitter_misc":{"Escrito por":"webman","Tiempo estimado de lectura":"1 minuto"},"schema":{"@context":"https:\/\/schema.org","@graph":[{"@type":"Article","@id":"https:\/\/dev.explora.cl\/rmsuroriente\/1er-concurso-de-desarrollo-de-productos-tecnologicos\/#article","isPartOf":{"@id":"https:\/\/dev.explora.cl\/rmsuroriente\/1er-concurso-de-desarrollo-de-productos-tecnologicos\/"},"author":{"name":"webman","@id":"https:\/\/dev.explora.cl\/rmsuroriente\/#\/schema\/person\/cb8349c13ea2d324080adf8480d7ba5d"},"headline":"1er Concurso de Desarrollo de Productos Tecnol\u00f3gicos","datePublished":"2014-06-11T21:42:24+00:00","dateModified":"2019-05-20T17:39:32+00:00","mainEntityOfPage":{"@id":"https:\/\/dev.explora.cl\/rmsuroriente\/1er-concurso-de-desarrollo-de-productos-tecnologicos\/"},"wordCount":265,"publisher":{"@id":"https:\/\/dev.explora.cl\/rmsuroriente\/#organization"},"image":{"@id":"https:\/\/dev.explora.cl\/rmsuroriente\/1er-concurso-de-desarrollo-de-productos-tecnologicos\/#primaryimage"},"thumbnailUrl":"","articleSection":["Noticias"],"inLanguage":"es-CL"},{"@type":"WebPage","@id":"https:\/\/dev.explora.cl\/rmsuroriente\/1er-concurso-de-desarrollo-de-productos-tecnologicos\/","url":"https:\/\/dev.explora.cl\/rmsuroriente\/1er-concurso-de-desarrollo-de-productos-tecnologicos\/","name":"1er Concurso de Desarrollo de Productos Tecnol\u00f3gicos - RM Sur Oriente","isPartOf":{"@id":"https:\/\/dev.explora.cl\/rmsuroriente\/#website"},"primaryImageOfPage":{"@id":"https:\/\/dev.explora.cl\/rmsuroriente\/1er-concurso-de-desarrollo-de-productos-tecnologicos\/#primaryimage"},"image":{"@id":"https:\/\/dev.explora.cl\/rmsuroriente\/1er-concurso-de-desarrollo-de-productos-tecnologicos\/#primaryimage"},"thumbnailUrl":"","datePublished":"2014-06-11T21:42:24+00:00","dateModified":"2019-05-20T17:39:32+00:00","breadcrumb":{"@id":"https:\/\/dev.explora.cl\/rmsuroriente\/1er-concurso-de-desarrollo-de-productos-tecnologicos\/#breadcrumb"},"inLanguage":"es-CL","potentialAction":[{"@type":"ReadAction","target":["https:\/\/dev.explora.cl\/rmsuroriente\/1er-concurso-de-desarrollo-de-productos-tecnologicos\/"]}]},{"@type":"ImageObject","inLanguage":"es-CL","@id":"https:\/\/dev.explora.cl\/rmsuroriente\/1er-concurso-de-desarrollo-de-productos-tecnologicos\/#primaryimage","url":"","contentUrl":""},{"@type":"BreadcrumbList","@id":"https:\/\/dev.explora.cl\/rmsuroriente\/1er-concurso-de-desarrollo-de-productos-tecnologicos\/#breadcrumb","itemListElement":[{"@type":"ListItem","position":1,"name":"Portada","item":"https:\/\/dev.explora.cl\/rmsuroriente\/"},{"@type":"ListItem","position":2,"name":"1er Concurso de Desarrollo de Productos Tecnol\u00f3gicos"}]},{"@type":"WebSite","@id":"https:\/\/dev.explora.cl\/rmsuroriente\/#website","url":"https:\/\/dev.explora.cl\/rmsuroriente\/","name":"RM Sur Oriente","description":"Otro sitio m\u00e1s de dev.explora.cl","publisher":{"@id":"https:\/\/dev.explora.cl\/rmsuroriente\/#organization"},"potentialAction":[{"@type":"SearchAction","target":{"@type":"EntryPoint","urlTemplate":"https:\/\/dev.explora.cl\/rmsuroriente\/?s={search_term_string}"},"query-input":{"@type":"PropertyValueSpecification","valueRequired":true,"valueName":"search_term_string"}}],"inLanguage":"es-CL"},{"@type":"Organization","@id":"https:\/\/dev.explora.cl\/rmsuroriente\/#organization","name":"RM Sur Oriente","url":"https:\/\/dev.explora.cl\/rmsuroriente\/","logo":{"@type":"ImageObject","inLanguage":"es-CL","@id":"https:\/\/dev.explora.cl\/rmsuroriente\/#\/schema\/logo\/image\/","url":"https:\/\/dev.explora.cl\/rmsuroriente\/wp-content\/uploads\/sites\/12\/2025\/04\/cropped-LogoPAR_RMSO-Azul-UC.png","contentUrl":"https:\/\/dev.explora.cl\/rmsuroriente\/wp-content\/uploads\/sites\/12\/2025\/04\/cropped-LogoPAR_RMSO-Azul-UC.png","width":411,"height":409,"caption":"RM Sur Oriente"},"image":{"@id":"https:\/\/dev.explora.cl\/rmsuroriente\/#\/schema\/logo\/image\/"}},{"@type":"Person","@id":"https:\/\/dev.explora.cl\/rmsuroriente\/#\/schema\/person\/cb8349c13ea2d324080adf8480d7ba5d","name":"webman","image":{"@type":"ImageObject","inLanguage":"es-CL","@id":"https:\/\/dev.explora.cl\/rmsuroriente\/#\/schema\/person\/image\/","url":"https:\/\/secure.gravatar.com\/avatar\/eeff3c82f2c02f7177d13663b7e6f890e9a6a0647ce9bb29cae02dcb094c7312?s=96&d=mm&r=g","contentUrl":"https:\/\/secure.gravatar.com\/avatar\/eeff3c82f2c02f7177d13663b7e6f890e9a6a0647ce9bb29cae02dcb094c7312?s=96&d=mm&r=g","caption":"webman"},"url":"https:\/\/dev.explora.cl\/rmsuroriente\/author\/webman\/"}]}},"_links":{"self":[{"href":"https:\/\/dev.explora.cl\/rmsuroriente\/wp-json\/wp\/v2\/posts\/1490","targetHints":{"allow":["GET"]}}],"collection":[{"href":"https:\/\/dev.explora.cl\/rmsuroriente\/wp-json\/wp\/v2\/posts"}],"about":[{"href":"https:\/\/dev.explora.cl\/rmsuroriente\/wp-json\/wp\/v2\/types\/post"}],"author":[{"embeddable":true,"href":"https:\/\/dev.explora.cl\/rmsuroriente\/wp-json\/wp\/v2\/users\/2"}],"replies":[{"embeddable":true,"href":"https:\/\/dev.explora.cl\/rmsuroriente\/wp-json\/wp\/v2\/comments?post=1490"}],"version-history":[{"count":1,"href":"https:\/\/dev.explora.cl\/rmsuroriente\/wp-json\/wp\/v2\/posts\/1490\/revisions"}],"predecessor-version":[{"id":38332,"href":"https:\/\/dev.explora.cl\/rmsuroriente\/wp-json\/wp\/v2\/posts\/1490\/revisions\/38332"}],"wp:featuredmedia":[{"embeddable":true,"href":"https:\/\/dev.explora.cl\/rmsuroriente\/wp-json\/"}],"wp:attachment":[{"href":"https:\/\/dev.explora.cl\/rmsuroriente\/wp-json\/wp\/v2\/media?parent=1490"}],"wp:term":[{"taxonomy":"category","embeddable":true,"href":"https:\/\/dev.explora.cl\/rmsuroriente\/wp-json\/wp\/v2\/categories?post=1490"},{"taxonomy":"post_tag","embeddable":true,"href":"https:\/\/dev.explora.cl\/rmsuroriente\/wp-json\/wp\/v2\/tags?post=1490"}],"curies":[{"name":"wp","href":"https:\/\/api.w.org\/{rel}","templated":true}]}}